{"id":75568,"date":"2024-11-21T12:00:49","date_gmt":"2024-11-21T11:00:49","guid":{"rendered":"https:\/\/vosgesinfo.fr\/remiremontinfo\/?p=75568"},"modified":"2024-11-19T14:57:08","modified_gmt":"2024-11-19T13:57:08","slug":"agenda-que-faire-ce-week-end-dans-le-bassin-de-remiremont-11","status":"publish","type":"post","link":"https:\/\/vosgesinfo.fr\/remiremontinfo\/2024\/11\/agenda-que-faire-ce-week-end-dans-le-bassin-de-remiremont-11\/","title":{"rendered":"Agenda \u2013 Que faire ce week-end dans le bassin de Remiremont ?"},"content":{"rendered":"<div id=\"attachment_8399\" style=\"width: 1034px\" class=\"wp-caption aligncenter\"><a href=\"https:\/\/vosgesinfo.fr\/app\/uploads\/sites\/5\/2024\/08\/agenda-du-week-end-scaled.jpg\"><img decoding=\"async\" aria-describedby=\"caption-attachment-8399\" class=\"size-large wp-image-8399\" src=\"https:\/\/vosgesinfo.fr\/app\/uploads\/sites\/5\/2024\/08\/agenda-du-week-end-1024x683.jpg\" alt=\"\" width=\"1024\" height=\"683\" srcset=\"https:\/\/vosgesinfo.fr\/app\/uploads\/sites\/5\/2024\/08\/agenda-du-week-end-1024x683.jpg 1024w, https:\/\/vosgesinfo.fr\/app\/uploads\/sites\/5\/2024\/08\/agenda-du-week-end-300x200.jpg 300w, https:\/\/vosgesinfo.fr\/app\/uploads\/sites\/5\/2024\/08\/agenda-du-week-end-768x512.jpg 768w, https:\/\/vosgesinfo.fr\/app\/uploads\/sites\/5\/2024\/08\/agenda-du-week-end-1536x1024.jpg 1536w, https:\/\/vosgesinfo.fr\/app\/uploads\/sites\/5\/2024\/08\/agenda-du-week-end-2048x1365.jpg 2048w\" sizes=\"(max-width: 1024px) 100vw, 1024px\" \/><\/a><p id=\"caption-attachment-8399\" class=\"wp-caption-text\">Image : Freepik<\/p><\/div>\n<p><strong>O\u00f9 sortir ce week-end dans le bassin de Remiremont ? Du vendredi 22 au dimanche 24 novembre, plusieurs \u00e9v\u00e8nements sont organis\u00e9s, nous avons dress\u00e9 une liste pour vous :<\/strong><\/p>\n<p>&nbsp;<\/p>\n<ul>\n<li><strong>Vendredi 22 :\u00a0<\/strong><\/li>\n<li>Remiremont : Visite guid\u00e9e des belles demeures de Remiremont &#8211; Office de tourisme &#8211; 14 h 30 \u00e0 16 h<\/li>\n<li>Remiremont : Masterclass du r\u00e9alisateur Jean-Jacques Annaud &#8211; M\u00e9diath\u00e8que &#8211; 15 h \u00e0 17 h<\/li>\n<li>Remiremont : Projection <em>Le Nom de la Rose<\/em> en pr\u00e9sence de Jean-Jacques Annaud &#8211; Cin\u00e9ma Le Majestic &#8211; 20 h 30<\/li>\n<li>Vagney : Conf\u00e9rence Le Secret des Momies &#8211; M\u00e9diath\u00e8que &#8211; Horaires non renseign\u00e9s<\/li>\n<li>Eloyes : Th\u00e9\u00e2tre \u00ab\u00a0La Grange aux Fauves\u00a0\u00bb &#8211; Espace culturel &#8211; 20 h 30<\/li>\n<li>Cornimont : Soir\u00e9e Beaujolais Nouveau &#8211; Salle des f\u00eates &#8211; 18 h<\/li>\n<\/ul>\n<p>&nbsp;<\/p>\n<ul>\n<li><strong>Samedi 23 :\u00a0<\/strong><\/li>\n<li>Remiremont : Salon Antiquit\u00e9s Brocante &#8211; Palais des congr\u00e8s &#8211; 9 h \u00e0 19 h<\/li>\n<li>Remiremont : Vente et d\u00e9dicaces des livres de Jean-Jacques Annaud &#8211; Cin\u00e9ma Le Majestic &#8211; 14 h \u00e0 15 h<\/li>\n<li>Remiremont : Sainte Barbe &#8211; Place Christian Poncelet &#8211; 15 h<\/li>\n<li>Remiremont : Projection de <em>L&rsquo;Ours<\/em> en pr\u00e9sence de Jean-Jacques Annaud &#8211; Cin\u00e9ma Le Majestic &#8211; 15 h<\/li>\n<li>Remiremont : Projection de <em>L&rsquo;Amant<\/em> en pr\u00e9sence de Jean-Jacques Annaud &#8211; Cin\u00e9ma Le Majestic &#8211; 20 h 30<\/li>\n<li>Saint-Etienne-l\u00e8s-Remiremont : March\u00e9 d&rsquo;avant l&rsquo;Avent &#8211; Salle multi activit\u00e9s &#8211; 11 h \u00e0 20 h<\/li>\n<li>Saint-Etienne-l\u00e8s-Remiremont : March\u00e9 de No\u00ebl solidaire de l&rsquo;Abri &#8211; Recyclerie Annie Thiebaut &#8211; 9 h \u00e0 12 h et 14 h \u00e0 17 h<\/li>\n<li>Bains-les-Bains : Karaoclette du Fromage et du Son &#8211; Salle Marie Besnoit &#8211; 14 h \u00e0 1 h 30<\/li>\n<li>Le Val d&rsquo;Ajol : Atelier bien \u00eatre &#8211; Salle mutualis\u00e9e &#8211; 14 h \u00e0 16 h<\/li>\n<li>Cornimont : Bourse aux jouets et articles de pu\u00e9riculture &#8211; Centre de polyactivit\u00e9 &#8211; 14 h \u00e0 16 h 30<\/li>\n<li>Rochesson : Sotr\u00e9&rsquo;N Roll Concert &#8211; Centre municipal &#8211; 18 h<\/li>\n<li>Eloyes : Th\u00e9\u00e2tre \u00ab\u00a0La Grange aux Fauves\u00a0\u00bb &#8211; Espace culturel &#8211; 20 h 30<\/li>\n<li>Le Thillot : Concert d&rsquo;Automne &#8211; M\u00e9diath\u00e8que &#8211; 20 h 30<\/li>\n<\/ul>\n<p>&nbsp;<\/p>\n<ul>\n<li><strong>Dimanche 24 :\u00a0<\/strong><\/li>\n<li>Remiremont : Salon Antiquit\u00e9s Brocante &#8211; Palais des congr\u00e8s &#8211; 9 h \u00e0 19 h<\/li>\n<li>Remiremont : Concert de la Sainte C\u00e9cile &#8211; Eglise abbatiale &#8211; 10 h<\/li>\n<li>Remiremont : Projection de <em>Notre Dame Br\u00fble<\/em> en pr\u00e9sence de Jean-Jacques Annaud &#8211; Cin\u00e9ma Le Majestic 15 h<\/li>\n<li>Remiremont : Projection <em>Le Dernier Loup<\/em> \/ intervention de Jean-Jacques Annaud en d\u00e9but de film &#8211; Cin\u00e9ma Le Majestic &#8211; 17 h 45<\/li>\n<li>Saint-Etienne-l\u00e8s-Remiremont : March\u00e9 d&rsquo;avant l&rsquo;Avent &#8211; Salle multi activit\u00e9s &#8211; 11 h \u00e0 18 h<\/li>\n<\/ul>\n","protected":false},"excerpt":{"rendered":"<p>O\u00f9 sortir ce week-end dans le bassin de Remiremont ? Du vendredi 22 au dimanche 24 novembre, plusieurs \u00e9v\u00e8nements sont [&hellip;]<\/p>\n","protected":false},"author":418,"featured_media":8399,"comment_status":"open","ping_status":"open","sticky":false,"template":"","format":"standard","meta":{"footnotes":""},"categories":[26,594,64,25,37,82,35],"tags":[6329,1376],"class_list":["post-75568","post","type-post","status-publish","format-standard","has-post-thumbnail","hentry","category-a-la-une","category-agenda","category-evenements","category-la-bresse-son-canton","category-le-thillot-son-canton","category-le-val-dajol-son-canton","category-remiremont-son-canton","tag-agenda-du-week-end","tag-evenements"],"acf":[],"yoast_head":"<!-- This site is optimized with the Yoast SEO plugin v22.5 - https:\/\/yoast.com\/wordpress\/plugins\/seo\/ -->\n<title>Agenda \u2013 Que faire ce week-end dans le bassin de Remiremont ? - Remiremont Info<\/title>\n<meta name=\"robots\" content=\"index, follow, max-snippet:-1, max-image-preview:large, max-video-preview:-1\" \/>\n<link rel=\"canonical\" href=\"https:\/\/vosgesinfo.fr\/remiremontinfo\/?p=75568\" \/>\n<meta name=\"twitter:card\" content=\"summary_large_image\" \/>\n<meta name=\"twitter:title\" content=\"Agenda \u2013 Que faire ce week-end dans le bassin de Remiremont ? - Remiremont Info\" \/>\n<meta name=\"twitter:description\" content=\"O\u00f9 sortir ce week-end dans le bassin de Remiremont ? Du vendredi 22 au dimanche 24 novembre, plusieurs \u00e9v\u00e8nements sont [&hellip;]\" \/>\n<meta name=\"twitter:image\" content=\"https:\/\/vosgesinfo.fr\/app\/uploads\/sites\/5\/2024\/08\/agenda-du-week-end-scaled.jpg\" \/>\n<meta name=\"twitter:creator\" content=\"@VosgesInfo88\" \/>\n<meta name=\"twitter:site\" content=\"@VosgesInfo88\" \/>\n<meta name=\"twitter:label1\" content=\"\u00c9crit par\" \/>\n\t<meta name=\"twitter:data1\" content=\"C.M\" \/>\n\t<meta name=\"twitter:label2\" content=\"Dur\u00e9e de lecture estim\u00e9e\" \/>\n\t<meta name=\"twitter:data2\" content=\"3 minutes\" \/>\n<script type=\"application\/ld+json\" class=\"yoast-schema-graph\">{\"@context\":\"https:\/\/schema.org\",\"@graph\":[{\"@type\":\"Article\",\"@id\":\"https:\/\/vosgesinfo.fr\/remiremontinfo\/?p=75568#article\",\"isPartOf\":{\"@id\":\"https:\/\/vosgesinfo.fr\/remiremontinfo\/?p=75568\"},\"author\":{\"name\":\"C.M\",\"@id\":\"https:\/\/vosgesinfo.fr\/remiremontinfo\/#\/schema\/person\/4f38cd3068e342935b7304695c797d08\"},\"headline\":\"Agenda \u2013 Que faire ce week-end dans le bassin de Remiremont ?\",\"datePublished\":\"2024-11-21T11:00:49+00:00\",\"dateModified\":\"2024-11-19T13:57:08+00:00\",\"mainEntityOfPage\":{\"@id\":\"https:\/\/vosgesinfo.fr\/remiremontinfo\/?p=75568\"},\"wordCount\":410,\"commentCount\":0,\"publisher\":{\"@id\":\"https:\/\/vosgesinfo.fr\/remiremontinfo\/#organization\"},\"image\":{\"@id\":\"https:\/\/vosgesinfo.fr\/remiremontinfo\/?p=75568#primaryimage\"},\"thumbnailUrl\":\"https:\/\/vosgesinfo.fr\/app\/uploads\/sites\/5\/2024\/08\/agenda-du-week-end-scaled.jpg\",\"keywords\":[\"agenda du week-end\",\"\u00e9v\u00e8nements\"],\"articleSection\":[\"A la Une\",\"Agenda\",\"Ev\u00e8nements\",\"La Bresse &amp; son canton\",\"Le Thillot &amp; son canton\",\"Le Val-d'Ajol &amp; son canton\",\"Remiremont &amp; son canton\"],\"inLanguage\":\"fr-FR\",\"potentialAction\":[{\"@type\":\"CommentAction\",\"name\":\"Comment\",\"target\":[\"https:\/\/vosgesinfo.fr\/remiremontinfo\/?p=75568#respond\"]}]},{\"@type\":\"WebPage\",\"@id\":\"https:\/\/vosgesinfo.fr\/remiremontinfo\/?p=75568\",\"url\":\"https:\/\/vosgesinfo.fr\/remiremontinfo\/?p=75568\",\"name\":\"Agenda \u2013 Que faire ce week-end dans le bassin de Remiremont ? - Remiremont Info\",\"isPartOf\":{\"@id\":\"https:\/\/vosgesinfo.fr\/remiremontinfo\/#website\"},\"primaryImageOfPage\":{\"@id\":\"https:\/\/vosgesinfo.fr\/remiremontinfo\/?p=75568#primaryimage\"},\"image\":{\"@id\":\"https:\/\/vosgesinfo.fr\/remiremontinfo\/?p=75568#primaryimage\"},\"thumbnailUrl\":\"https:\/\/vosgesinfo.fr\/app\/uploads\/sites\/5\/2024\/08\/agenda-du-week-end-scaled.jpg\",\"datePublished\":\"2024-11-21T11:00:49+00:00\",\"dateModified\":\"2024-11-19T13:57:08+00:00\",\"breadcrumb\":{\"@id\":\"https:\/\/vosgesinfo.fr\/remiremontinfo\/?p=75568#breadcrumb\"},\"inLanguage\":\"fr-FR\",\"potentialAction\":[{\"@type\":\"ReadAction\",\"target\":[\"https:\/\/vosgesinfo.fr\/remiremontinfo\/?p=75568\"]}]},{\"@type\":\"ImageObject\",\"inLanguage\":\"fr-FR\",\"@id\":\"https:\/\/vosgesinfo.fr\/remiremontinfo\/?p=75568#primaryimage\",\"url\":\"https:\/\/vosgesinfo.fr\/app\/uploads\/sites\/5\/2024\/08\/agenda-du-week-end-scaled.jpg\",\"contentUrl\":\"https:\/\/vosgesinfo.fr\/app\/uploads\/sites\/5\/2024\/08\/agenda-du-week-end-scaled.jpg\",\"width\":2560,\"height\":1707,\"caption\":\"Image : Freepik\"},{\"@type\":\"BreadcrumbList\",\"@id\":\"https:\/\/vosgesinfo.fr\/remiremontinfo\/?p=75568#breadcrumb\",\"itemListElement\":[{\"@type\":\"ListItem\",\"position\":1,\"name\":\"Home\",\"item\":\"https:\/\/vosgesinfo.fr\/remiremontinfo\/\"},{\"@type\":\"ListItem\",\"position\":2,\"name\":\"Agenda \u2013 Que faire ce week-end dans le bassin de Remiremont ?\"}]},{\"@type\":\"WebSite\",\"@id\":\"https:\/\/vosgesinfo.fr\/remiremontinfo\/#website\",\"url\":\"https:\/\/vosgesinfo.fr\/remiremontinfo\/\",\"name\":\"Remiremont Info\",\"description\":\"Toute l&#039;actualit\u00e9 de Remiremont\",\"publisher\":{\"@id\":\"https:\/\/vosgesinfo.fr\/remiremontinfo\/#organization\"},\"alternateName\":\"Toute l'actualit\u00e9 de Remiremont\",\"potentialAction\":[{\"@type\":\"SearchAction\",\"target\":{\"@type\":\"EntryPoint\",\"urlTemplate\":\"https:\/\/vosgesinfo.fr\/remiremontinfo\/?s={search_term_string}\"},\"query-input\":\"required name=search_term_string\"}],\"inLanguage\":\"fr-FR\"},{\"@type\":\"Organization\",\"@id\":\"https:\/\/vosgesinfo.fr\/remiremontinfo\/#organization\",\"name\":\"Remiremont Info\",\"url\":\"https:\/\/vosgesinfo.fr\/remiremontinfo\/\",\"logo\":{\"@type\":\"ImageObject\",\"inLanguage\":\"fr-FR\",\"@id\":\"https:\/\/vosgesinfo.fr\/remiremontinfo\/#\/schema\/logo\/image\/\",\"url\":\"https:\/\/vosgesinfo.fr\/app\/uploads\/sites\/5\/2023\/08\/favicon-remiremontinfo.png\",\"contentUrl\":\"https:\/\/vosgesinfo.fr\/app\/uploads\/sites\/5\/2023\/08\/favicon-remiremontinfo.png\",\"width\":512,\"height\":512,\"caption\":\"Remiremont Info\"},\"image\":{\"@id\":\"https:\/\/vosgesinfo.fr\/remiremontinfo\/#\/schema\/logo\/image\/\"},\"sameAs\":[\"https:\/\/www.facebook.com\/remiremontinfo\",\"https:\/\/x.com\/VosgesInfo88\",\"https:\/\/www.youtube.com\/@vosgesinfo\"]},{\"@type\":\"Person\",\"@id\":\"https:\/\/vosgesinfo.fr\/remiremontinfo\/#\/schema\/person\/4f38cd3068e342935b7304695c797d08\",\"name\":\"C.M\",\"image\":{\"@type\":\"ImageObject\",\"inLanguage\":\"fr-FR\",\"@id\":\"https:\/\/vosgesinfo.fr\/remiremontinfo\/#\/schema\/person\/image\/\",\"url\":\"https:\/\/secure.gravatar.com\/avatar\/fe9daaef0164d920717484172682f3c5c9bcf7d42aa8c7048c76c34f0eb6c8da?s=96&d=mm&r=g\",\"contentUrl\":\"https:\/\/secure.gravatar.com\/avatar\/fe9daaef0164d920717484172682f3c5c9bcf7d42aa8c7048c76c34f0eb6c8da?s=96&d=mm&r=g\",\"caption\":\"C.M\"},\"url\":\"https:\/\/vosgesinfo.fr\/remiremontinfo\/author\/cm88200\/\"}]}<\/script>\n<!-- \/ Yoast SEO plugin. -->","yoast_head_json":{"title":"Agenda \u2013 Que faire ce week-end dans le bassin de Remiremont ? - Remiremont Info","robots":{"index":"index","follow":"follow","max-snippet":"max-snippet:-1","max-image-preview":"max-image-preview:large","max-video-preview":"max-video-preview:-1"},"canonical":"https:\/\/vosgesinfo.fr\/remiremontinfo\/?p=75568","twitter_card":"summary_large_image","twitter_title":"Agenda \u2013 Que faire ce week-end dans le bassin de Remiremont ? - Remiremont Info","twitter_description":"O\u00f9 sortir ce week-end dans le bassin de Remiremont ? Du vendredi 22 au dimanche 24 novembre, plusieurs \u00e9v\u00e8nements sont [&hellip;]","twitter_image":"https:\/\/vosgesinfo.fr\/app\/uploads\/sites\/5\/2024\/08\/agenda-du-week-end-scaled.jpg","twitter_creator":"@VosgesInfo88","twitter_site":"@VosgesInfo88","twitter_misc":{"\u00c9crit par":"C.M","Dur\u00e9e de lecture estim\u00e9e":"3 minutes"},"schema":{"@context":"https:\/\/schema.org","@graph":[{"@type":"Article","@id":"https:\/\/vosgesinfo.fr\/remiremontinfo\/?p=75568#article","isPartOf":{"@id":"https:\/\/vosgesinfo.fr\/remiremontinfo\/?p=75568"},"author":{"name":"C.M","@id":"https:\/\/vosgesinfo.fr\/remiremontinfo\/#\/schema\/person\/4f38cd3068e342935b7304695c797d08"},"headline":"Agenda \u2013 Que faire ce week-end dans le bassin de Remiremont ?","datePublished":"2024-11-21T11:00:49+00:00","dateModified":"2024-11-19T13:57:08+00:00","mainEntityOfPage":{"@id":"https:\/\/vosgesinfo.fr\/remiremontinfo\/?p=75568"},"wordCount":410,"commentCount":0,"publisher":{"@id":"https:\/\/vosgesinfo.fr\/remiremontinfo\/#organization"},"image":{"@id":"https:\/\/vosgesinfo.fr\/remiremontinfo\/?p=75568#primaryimage"},"thumbnailUrl":"https:\/\/vosgesinfo.fr\/app\/uploads\/sites\/5\/2024\/08\/agenda-du-week-end-scaled.jpg","keywords":["agenda du week-end","\u00e9v\u00e8nements"],"articleSection":["A la Une","Agenda","Ev\u00e8nements","La Bresse &amp; son canton","Le Thillot &amp; son canton","Le Val-d'Ajol &amp; son canton","Remiremont &amp; son canton"],"inLanguage":"fr-FR","potentialAction":[{"@type":"CommentAction","name":"Comment","target":["https:\/\/vosgesinfo.fr\/remiremontinfo\/?p=75568#respond"]}]},{"@type":"WebPage","@id":"https:\/\/vosgesinfo.fr\/remiremontinfo\/?p=75568","url":"https:\/\/vosgesinfo.fr\/remiremontinfo\/?p=75568","name":"Agenda \u2013 Que faire ce week-end dans le bassin de Remiremont ? - Remiremont Info","isPartOf":{"@id":"https:\/\/vosgesinfo.fr\/remiremontinfo\/#website"},"primaryImageOfPage":{"@id":"https:\/\/vosgesinfo.fr\/remiremontinfo\/?p=75568#primaryimage"},"image":{"@id":"https:\/\/vosgesinfo.fr\/remiremontinfo\/?p=75568#primaryimage"},"thumbnailUrl":"https:\/\/vosgesinfo.fr\/app\/uploads\/sites\/5\/2024\/08\/agenda-du-week-end-scaled.jpg","datePublished":"2024-11-21T11:00:49+00:00","dateModified":"2024-11-19T13:57:08+00:00","breadcrumb":{"@id":"https:\/\/vosgesinfo.fr\/remiremontinfo\/?p=75568#breadcrumb"},"inLanguage":"fr-FR","potentialAction":[{"@type":"ReadAction","target":["https:\/\/vosgesinfo.fr\/remiremontinfo\/?p=75568"]}]},{"@type":"ImageObject","inLanguage":"fr-FR","@id":"https:\/\/vosgesinfo.fr\/remiremontinfo\/?p=75568#primaryimage","url":"https:\/\/vosgesinfo.fr\/app\/uploads\/sites\/5\/2024\/08\/agenda-du-week-end-scaled.jpg","contentUrl":"https:\/\/vosgesinfo.fr\/app\/uploads\/sites\/5\/2024\/08\/agenda-du-week-end-scaled.jpg","width":2560,"height":1707,"caption":"Image : Freepik"},{"@type":"BreadcrumbList","@id":"https:\/\/vosgesinfo.fr\/remiremontinfo\/?p=75568#breadcrumb","itemListElement":[{"@type":"ListItem","position":1,"name":"Home","item":"https:\/\/vosgesinfo.fr\/remiremontinfo\/"},{"@type":"ListItem","position":2,"name":"Agenda \u2013 Que faire ce week-end dans le bassin de Remiremont ?"}]},{"@type":"WebSite","@id":"https:\/\/vosgesinfo.fr\/remiremontinfo\/#website","url":"https:\/\/vosgesinfo.fr\/remiremontinfo\/","name":"Remiremont Info","description":"Toute l&#039;actualit\u00e9 de Remiremont","publisher":{"@id":"https:\/\/vosgesinfo.fr\/remiremontinfo\/#organization"},"alternateName":"Toute l'actualit\u00e9 de Remiremont","potentialAction":[{"@type":"SearchAction","target":{"@type":"EntryPoint","urlTemplate":"https:\/\/vosgesinfo.fr\/remiremontinfo\/?s={search_term_string}"},"query-input":"required name=search_term_string"}],"inLanguage":"fr-FR"},{"@type":"Organization","@id":"https:\/\/vosgesinfo.fr\/remiremontinfo\/#organization","name":"Remiremont Info","url":"https:\/\/vosgesinfo.fr\/remiremontinfo\/","logo":{"@type":"ImageObject","inLanguage":"fr-FR","@id":"https:\/\/vosgesinfo.fr\/remiremontinfo\/#\/schema\/logo\/image\/","url":"https:\/\/vosgesinfo.fr\/app\/uploads\/sites\/5\/2023\/08\/favicon-remiremontinfo.png","contentUrl":"https:\/\/vosgesinfo.fr\/app\/uploads\/sites\/5\/2023\/08\/favicon-remiremontinfo.png","width":512,"height":512,"caption":"Remiremont Info"},"image":{"@id":"https:\/\/vosgesinfo.fr\/remiremontinfo\/#\/schema\/logo\/image\/"},"sameAs":["https:\/\/www.facebook.com\/remiremontinfo","https:\/\/x.com\/VosgesInfo88","https:\/\/www.youtube.com\/@vosgesinfo"]},{"@type":"Person","@id":"https:\/\/vosgesinfo.fr\/remiremontinfo\/#\/schema\/person\/4f38cd3068e342935b7304695c797d08","name":"C.M","image":{"@type":"ImageObject","inLanguage":"fr-FR","@id":"https:\/\/vosgesinfo.fr\/remiremontinfo\/#\/schema\/person\/image\/","url":"https:\/\/secure.gravatar.com\/avatar\/fe9daaef0164d920717484172682f3c5c9bcf7d42aa8c7048c76c34f0eb6c8da?s=96&d=mm&r=g","contentUrl":"https:\/\/secure.gravatar.com\/avatar\/fe9daaef0164d920717484172682f3c5c9bcf7d42aa8c7048c76c34f0eb6c8da?s=96&d=mm&r=g","caption":"C.M"},"url":"https:\/\/vosgesinfo.fr\/remiremontinfo\/author\/cm88200\/"}]}},"_links":{"self":[{"href":"https:\/\/vosgesinfo.fr\/remiremontinfo\/wp-json\/wp\/v2\/posts\/75568","targetHints":{"allow":["GET"]}}],"collection":[{"href":"https:\/\/vosgesinfo.fr\/remiremontinfo\/wp-json\/wp\/v2\/posts"}],"about":[{"href":"https:\/\/vosgesinfo.fr\/remiremontinfo\/wp-json\/wp\/v2\/types\/post"}],"author":[{"embeddable":true,"href":"https:\/\/vosgesinfo.fr\/remiremontinfo\/wp-json\/wp\/v2\/users\/418"}],"replies":[{"embeddable":true,"href":"https:\/\/vosgesinfo.fr\/remiremontinfo\/wp-json\/wp\/v2\/comments?post=75568"}],"version-history":[{"count":2,"href":"https:\/\/vosgesinfo.fr\/remiremontinfo\/wp-json\/wp\/v2\/posts\/75568\/revisions"}],"predecessor-version":[{"id":75570,"href":"https:\/\/vosgesinfo.fr\/remiremontinfo\/wp-json\/wp\/v2\/posts\/75568\/revisions\/75570"}],"wp:featuredmedia":[{"embeddable":true,"href":"https:\/\/vosgesinfo.fr\/remiremontinfo\/wp-json\/wp\/v2\/media\/8399"}],"wp:attachment":[{"href":"https:\/\/vosgesinfo.fr\/remiremontinfo\/wp-json\/wp\/v2\/media?parent=75568"}],"wp:term":[{"taxonomy":"category","embeddable":true,"href":"https:\/\/vosgesinfo.fr\/remiremontinfo\/wp-json\/wp\/v2\/categories?post=75568"},{"taxonomy":"post_tag","embeddable":true,"href":"https:\/\/vosgesinfo.fr\/remiremontinfo\/wp-json\/wp\/v2\/tags?post=75568"}],"curies":[{"name":"wp","href":"https:\/\/api.w.org\/{rel}","templated":true}]}}