{"id":75581,"date":"2024-11-18T17:26:16","date_gmt":"2024-11-18T16:26:16","guid":{"rendered":"https:\/\/vosgesinfo.fr\/remiremontinfo\/2024\/11\/violences-conjugales-pars-vite-va-loin-et-ne-reviens-pas\/"},"modified":"2024-11-18T17:26:16","modified_gmt":"2024-11-18T16:26:16","slug":"violences-conjugales-pars-vite-va-loin-et-ne-reviens-pas","status":"publish","type":"post","link":"https:\/\/vosgesinfo.fr\/remiremontinfo\/2024\/11\/violences-conjugales-pars-vite-va-loin-et-ne-reviens-pas\/","title":{"rendered":"Violences conjugales : pars vite, va loin et ne reviens pas !"},"content":{"rendered":"<h2><a href=\"https:\/\/vosgesinfo.fr\/app\/uploads\/sites\/3\/2024\/11\/thumbnail-format-carre.png\"><img decoding=\"async\" class=\"aligncenter size-large wp-image-124435\" src=\"https:\/\/vosgesinfo.fr\/app\/uploads\/sites\/3\/2024\/11\/thumbnail-format-carre-1024x1024.png\" alt=\"\" width=\"1024\" height=\"1024\" \/><\/a>Le 25 novembre, c&rsquo;est la <strong>Journ\u00e9e internationale de lutte contre les violences faites aux femmes. <\/strong>A cette occasion, vous pourrez r\u00e9cup\u00e9rer dans nos 5 agences, du 25 au 29 novembre, un porte-cl\u00e9 marqu\u00e9 au \u00ab\u00a03919\u00a0\u00bb.<\/h2>\n<p>C\u2019est l\u2019occasion pour Vosgelis de rappeler que<strong> l\u2019attribution d&rsquo;un logement social est facilit\u00e9e pour les personnes victimes de violences conjugales.<\/strong> Renseignez-vous aupr\u00e8s de nos agences :<\/p>\n<p><a href=\"https:\/\/www.vosgelis.fr\/contact\/\">Contact<\/a><\/p>\n<p>Alors, si vous \u00eates vous-m\u00eame victime de violences, n&rsquo;attendez plus : partez ! De nombreux dispositifs peuvent vous aider. Et si vous connaissez une personne victime de ce fl\u00e9au, si vous soup\u00e7onnez des violences conjugales dans votre entourage, ne fermez pas les yeux : agissez !<\/p>\n<p>Voici quelques adresses de dispositifs locaux qui peuvent vous accueillir, vous conseiller et vous aider.<\/p>\n<p><strong>Les num\u00e9ros d&rsquo;urgence :<\/strong><\/p>\n<ul>\n<li><strong>3919 :<\/strong> C&rsquo;est le num\u00e9ro national de r\u00e9f\u00e9rence pour les victimes de violences conjugales. <strong>Gratuit<\/strong> et <strong>anonyme<\/strong>, ce num\u00e9ro de t\u00e9l\u00e9phone qui a un r\u00f4le d&rsquo;\u00e9coute, d&rsquo;information et d&rsquo;orientation, est accessible 7 jours sur 7 (de 9h \u00e0 22h du lundi au vendredi et de 9h \u00e0 18h les samedis, dimanches et jours f\u00e9ri\u00e9s).<br \/>\n<strong>Bon \u00e0 savoir : ce num\u00e9ro n&rsquo;appara\u00eet pas sur vos factures t\u00e9l\u00e9phoniques.<\/strong><\/li>\n<li><strong>17 <\/strong>ou<strong> 112 <\/strong>(<strong>114<\/strong> pour les malentendants ou pour envoyer un SMS si vous \u00eates dans l&rsquo;impossibilit\u00e9 d&rsquo;appeler)<\/li>\n<li><strong>115 :<\/strong> h\u00e9bergement d&rsquo;urgence<\/li>\n<li>Ecoute violences femmes handicap\u00e9es :<strong><br \/>\n01 40 47 06 06<\/strong><\/li>\n<li>SOS viols femmes :<strong><br \/>\n0800 05 95 95<\/strong><\/li>\n<\/ul>\n<p><strong>Les plateformes en ligne :<\/strong><\/p>\n<p><strong>Plateforme de signalement en ligne des violences sexuelles et sexistes :<br \/>\n<\/strong><a href=\"https:\/\/www.service-public.fr\/cmi\">Signaler une violence conjugale<\/a><\/p>\n<p>Ce portail de signalement gratuit, anonyme et disponible 24h\/24 et 7 jours sur 7, assure un accueil personnalis\u00e9 et adapt\u00e9 par un policier ou un gendarme sp\u00e9cifiquement form\u00e9 \u00e0 la prise en charge des victimes de violences sexuelles et sexistes. Il est accessible depuis un ordinateur, une tablette ou un smartphone, sous la forme d\u2019un tchat.<\/p>\n<p>L\u2019acc\u00e8s \u00e0 ce service est <strong>gratuit et sans obligation de d\u00e9clarer son identit\u00e9<\/strong>. Il permet \u00e0 la personne d\u2019\u00eatre accompagn\u00e9e vers le d\u00e9p\u00f4t d\u2019une plainte ou orient\u00e9e vers le r\u00e9seau de professionnels pour une prise en charge sociale et\/ou psychologique.<\/p>\n<p>Le portail peut \u00e9galement \u00eatre utilis\u00e9 par des t\u00e9moins de violences sexuelles et sexistes pour signaler des faits \u00e0 la gendarmerie ou \u00e0 la police.<\/p>\n<p><strong>Tchat En avant toute(s) :<br \/>\n<\/strong><a href=\"https:\/\/commentonsaime.fr\/\">Commentonsaime.fr<\/a><\/p>\n<p>Tchat gratuit, anonyme, s\u00e9curis\u00e9 et bienveillant. Il permet d\u2019\u00eatre mise en relation avec des professionnelles qui \u00e9coutent, conseillent, et redirigent vers les structures souhait\u00e9es. <strong><br \/>\nOuvert du lundi au samedi de 10h \u00e0 21h<\/strong> et disponible sur ordinateur, tablette et t\u00e9l\u00e9phone portable.<\/p>\n<p><strong>Sur l&rsquo;ensemble du d\u00e9partement des Vosges :<\/strong><\/p>\n<p><strong>CIDFF<\/strong> (Centre d&rsquo;Information sur les Droits des Femmes et des Familles)<br \/>\n<strong>T\u00e9l 03.29.35.49.15<\/strong><br \/>\nPermanences assur\u00e9es dans tout le d\u00e9partement : renseignez-vous !<\/p>\n<p><a href=\"https:\/\/vosges.cidff.info\/\">https:\/\/vosges.cidff.info\/<\/a><\/p>\n<p><strong>Les MSVS (Maisons de la Solidarit\u00e9 et de la vie sociale) : 10 adresses dans les Vosges<\/strong><\/p>\n<p><a href=\"https:\/\/www.vosgelis.fr\/wp-content\/uploads\/2023\/11\/10-MSVS-dep_Vosges.pdf\">Liste des MSVS<\/a><\/p>\n<p><strong>Du c\u00f4t\u00e9 d&rsquo;Epinal\u00a0:<\/strong><\/p>\n<p><strong>Bureau d&rsquo;aide aux victimes au tribunal judiciaire d&rsquo;Epinal<br \/>\n<\/strong>T\u00e9l. 03 29 34 53 53<\/p>\n<p><strong>Du c\u00f4t\u00e9 de Saint-Di\u00e9-des-Vosges\u00a0:<\/strong><\/p>\n<p><strong>Association SELIA<\/strong><br \/>\n981 route Foresti\u00e8re du Paradis, 88100 Saint-Di\u00e9 &#8211; T\u00e9l 03.29.58.91.10<\/p>\n<p><strong>France Victime 88<br \/>\n<\/strong>13 rue Marcel Roger, 88100 Saint-Di\u00e9-des-Vosges \u2013 T\u00e9l : 03.29.50.15.76<\/p>\n<p><strong>Le Renouveau<\/strong><br \/>\nB\u00e2t. 41 sous la T\u00eate de Saint-Roch, logt 385<br \/>\n32 Rue Ohl des Marais, 88100 Saint-Di\u00e9-des-Vosges<\/p>\n<p><strong>#nerienlaisserpasser &#8211; Plus d&rsquo;infos sur le site officiel du Gouvernement :<br \/>\n<\/strong><a href=\"https:\/\/arretonslesviolences.gouv.fr\/\">Arr\u00eatons les violences<\/a><\/p>\n<p>&nbsp;<\/p>\n","protected":false},"excerpt":{"rendered":"<p>Le 25 novembre, c&rsquo;est la Journ\u00e9e internationale de lutte contre les violences faites aux femmes. A cette occasion, vous pourrez [&hellip;]<\/p>\n","protected":false},"author":52,"featured_media":75582,"comment_status":"open","ping_status":"open","sticky":false,"template":"","format":"standard","meta":{"footnotes":""},"categories":[26,108,62,845,11,43,362],"tags":[],"class_list":["post-75581","post","type-post","status-publish","format-standard","has-post-thumbnail","hentry","category-a-la-une","category-epinal","category-gerardmer","category-la-plaine-des-vosges","category-publi-reportage","category-remiremont-remiremont-son-canton","category-saint-die"],"acf":[],"yoast_head":"<!-- This site is optimized with the Yoast SEO plugin v22.5 - https:\/\/yoast.com\/wordpress\/plugins\/seo\/ -->\n<title>Violences conjugales : pars vite, va loin et ne reviens pas ! - Remiremont Info<\/title>\n<meta name=\"robots\" content=\"index, follow, max-snippet:-1, max-image-preview:large, max-video-preview:-1\" \/>\n<link rel=\"canonical\" href=\"https:\/\/vosgesinfo.fr\/remiremontinfo\/2024\/11\/violences-conjugales-pars-vite-va-loin-et-ne-reviens-pas\/\" \/>\n<meta name=\"twitter:card\" content=\"summary_large_image\" \/>\n<meta name=\"twitter:title\" content=\"Violences conjugales : pars vite, va loin et ne reviens pas ! - Remiremont Info\" \/>\n<meta name=\"twitter:description\" content=\"Le 25 novembre, c&rsquo;est la Journ\u00e9e internationale de lutte contre les violences faites aux femmes. A cette occasion, vous pourrez [&hellip;]\" \/>\n<meta name=\"twitter:image\" content=\"https:\/\/vosgesinfo.fr\/app\/uploads\/sites\/5\/2024\/11\/thumbnail-format-carre.png\" \/>\n<meta name=\"twitter:creator\" content=\"@VosgesInfo88\" \/>\n<meta name=\"twitter:site\" content=\"@VosgesInfo88\" \/>\n<meta name=\"twitter:label1\" content=\"\u00c9crit par\" \/>\n\t<meta name=\"twitter:data1\" content=\"C.K.\" \/>\n\t<meta name=\"twitter:label2\" content=\"Dur\u00e9e de lecture estim\u00e9e\" \/>\n\t<meta name=\"twitter:data2\" content=\"3 minutes\" \/>\n<script type=\"application\/ld+json\" class=\"yoast-schema-graph\">{\"@context\":\"https:\/\/schema.org\",\"@graph\":[{\"@type\":\"Article\",\"@id\":\"https:\/\/vosgesinfo.fr\/remiremontinfo\/2024\/11\/violences-conjugales-pars-vite-va-loin-et-ne-reviens-pas\/#article\",\"isPartOf\":{\"@id\":\"https:\/\/vosgesinfo.fr\/remiremontinfo\/2024\/11\/violences-conjugales-pars-vite-va-loin-et-ne-reviens-pas\/\"},\"author\":{\"name\":\"C.K.\",\"@id\":\"https:\/\/vosgesinfo.fr\/remiremontinfo\/#\/schema\/person\/6f9a650eeea99d969b6c4ab78fccbe81\"},\"headline\":\"Violences conjugales : pars vite, va loin et ne reviens pas !\",\"datePublished\":\"2024-11-18T16:26:16+00:00\",\"dateModified\":\"2024-11-18T16:26:16+00:00\",\"mainEntityOfPage\":{\"@id\":\"https:\/\/vosgesinfo.fr\/remiremontinfo\/2024\/11\/violences-conjugales-pars-vite-va-loin-et-ne-reviens-pas\/\"},\"wordCount\":574,\"commentCount\":0,\"publisher\":{\"@id\":\"https:\/\/vosgesinfo.fr\/remiremontinfo\/#organization\"},\"image\":{\"@id\":\"https:\/\/vosgesinfo.fr\/remiremontinfo\/2024\/11\/violences-conjugales-pars-vite-va-loin-et-ne-reviens-pas\/#primaryimage\"},\"thumbnailUrl\":\"https:\/\/vosgesinfo.fr\/app\/uploads\/sites\/5\/2024\/11\/thumbnail-format-carre.png\",\"articleSection\":[\"A la Une\",\"Epinal\",\"G\u00e9rardmer\",\"La plaine des vosges\",\"Publi-reportage\",\"Remiremont\",\"Saint-di\u00e9\"],\"inLanguage\":\"fr-FR\",\"potentialAction\":[{\"@type\":\"CommentAction\",\"name\":\"Comment\",\"target\":[\"https:\/\/vosgesinfo.fr\/remiremontinfo\/2024\/11\/violences-conjugales-pars-vite-va-loin-et-ne-reviens-pas\/#respond\"]}]},{\"@type\":\"WebPage\",\"@id\":\"https:\/\/vosgesinfo.fr\/remiremontinfo\/2024\/11\/violences-conjugales-pars-vite-va-loin-et-ne-reviens-pas\/\",\"url\":\"https:\/\/vosgesinfo.fr\/remiremontinfo\/2024\/11\/violences-conjugales-pars-vite-va-loin-et-ne-reviens-pas\/\",\"name\":\"Violences conjugales : pars vite, va loin et ne reviens pas ! - Remiremont Info\",\"isPartOf\":{\"@id\":\"https:\/\/vosgesinfo.fr\/remiremontinfo\/#website\"},\"primaryImageOfPage\":{\"@id\":\"https:\/\/vosgesinfo.fr\/remiremontinfo\/2024\/11\/violences-conjugales-pars-vite-va-loin-et-ne-reviens-pas\/#primaryimage\"},\"image\":{\"@id\":\"https:\/\/vosgesinfo.fr\/remiremontinfo\/2024\/11\/violences-conjugales-pars-vite-va-loin-et-ne-reviens-pas\/#primaryimage\"},\"thumbnailUrl\":\"https:\/\/vosgesinfo.fr\/app\/uploads\/sites\/5\/2024\/11\/thumbnail-format-carre.png\",\"datePublished\":\"2024-11-18T16:26:16+00:00\",\"dateModified\":\"2024-11-18T16:26:16+00:00\",\"breadcrumb\":{\"@id\":\"https:\/\/vosgesinfo.fr\/remiremontinfo\/2024\/11\/violences-conjugales-pars-vite-va-loin-et-ne-reviens-pas\/#breadcrumb\"},\"inLanguage\":\"fr-FR\",\"potentialAction\":[{\"@type\":\"ReadAction\",\"target\":[\"https:\/\/vosgesinfo.fr\/remiremontinfo\/2024\/11\/violences-conjugales-pars-vite-va-loin-et-ne-reviens-pas\/\"]}]},{\"@type\":\"ImageObject\",\"inLanguage\":\"fr-FR\",\"@id\":\"https:\/\/vosgesinfo.fr\/remiremontinfo\/2024\/11\/violences-conjugales-pars-vite-va-loin-et-ne-reviens-pas\/#primaryimage\",\"url\":\"https:\/\/vosgesinfo.fr\/app\/uploads\/sites\/5\/2024\/11\/thumbnail-format-carre.png\",\"contentUrl\":\"https:\/\/vosgesinfo.fr\/app\/uploads\/sites\/5\/2024\/11\/thumbnail-format-carre.png\",\"width\":1920,\"height\":1920},{\"@type\":\"BreadcrumbList\",\"@id\":\"https:\/\/vosgesinfo.fr\/remiremontinfo\/2024\/11\/violences-conjugales-pars-vite-va-loin-et-ne-reviens-pas\/#breadcrumb\",\"itemListElement\":[{\"@type\":\"ListItem\",\"position\":1,\"name\":\"Home\",\"item\":\"https:\/\/vosgesinfo.fr\/remiremontinfo\/\"},{\"@type\":\"ListItem\",\"position\":2,\"name\":\"Violences conjugales : pars vite, va loin et ne reviens pas !\"}]},{\"@type\":\"WebSite\",\"@id\":\"https:\/\/vosgesinfo.fr\/remiremontinfo\/#website\",\"url\":\"https:\/\/vosgesinfo.fr\/remiremontinfo\/\",\"name\":\"Remiremont Info\",\"description\":\"Toute l&#039;actualit\u00e9 de Remiremont\",\"publisher\":{\"@id\":\"https:\/\/vosgesinfo.fr\/remiremontinfo\/#organization\"},\"alternateName\":\"Toute l'actualit\u00e9 de Remiremont\",\"potentialAction\":[{\"@type\":\"SearchAction\",\"target\":{\"@type\":\"EntryPoint\",\"urlTemplate\":\"https:\/\/vosgesinfo.fr\/remiremontinfo\/?s={search_term_string}\"},\"query-input\":\"required name=search_term_string\"}],\"inLanguage\":\"fr-FR\"},{\"@type\":\"Organization\",\"@id\":\"https:\/\/vosgesinfo.fr\/remiremontinfo\/#organization\",\"name\":\"Remiremont Info\",\"url\":\"https:\/\/vosgesinfo.fr\/remiremontinfo\/\",\"logo\":{\"@type\":\"ImageObject\",\"inLanguage\":\"fr-FR\",\"@id\":\"https:\/\/vosgesinfo.fr\/remiremontinfo\/#\/schema\/logo\/image\/\",\"url\":\"https:\/\/vosgesinfo.fr\/app\/uploads\/sites\/5\/2023\/08\/favicon-remiremontinfo.png\",\"contentUrl\":\"https:\/\/vosgesinfo.fr\/app\/uploads\/sites\/5\/2023\/08\/favicon-remiremontinfo.png\",\"width\":512,\"height\":512,\"caption\":\"Remiremont Info\"},\"image\":{\"@id\":\"https:\/\/vosgesinfo.fr\/remiremontinfo\/#\/schema\/logo\/image\/\"},\"sameAs\":[\"https:\/\/www.facebook.com\/remiremontinfo\",\"https:\/\/x.com\/VosgesInfo88\",\"https:\/\/www.youtube.com\/@vosgesinfo\"]},{\"@type\":\"Person\",\"@id\":\"https:\/\/vosgesinfo.fr\/remiremontinfo\/#\/schema\/person\/6f9a650eeea99d969b6c4ab78fccbe81\",\"name\":\"C.K.\",\"image\":{\"@type\":\"ImageObject\",\"inLanguage\":\"fr-FR\",\"@id\":\"https:\/\/vosgesinfo.fr\/remiremontinfo\/#\/schema\/person\/image\/\",\"url\":\"https:\/\/secure.gravatar.com\/avatar\/48e3fc7f8421ba8942be6b74a2b7f014ca39bc00dece156b7a8e098ae7dc87bf?s=96&d=mm&r=g\",\"contentUrl\":\"https:\/\/secure.gravatar.com\/avatar\/48e3fc7f8421ba8942be6b74a2b7f014ca39bc00dece156b7a8e098ae7dc87bf?s=96&d=mm&r=g\",\"caption\":\"C.K.\"},\"url\":\"https:\/\/vosgesinfo.fr\/remiremontinfo\/author\/celia-k-n\/\"}]}<\/script>\n<!-- \/ Yoast SEO plugin. -->","yoast_head_json":{"title":"Violences conjugales : pars vite, va loin et ne reviens pas ! - Remiremont Info","robots":{"index":"index","follow":"follow","max-snippet":"max-snippet:-1","max-image-preview":"max-image-preview:large","max-video-preview":"max-video-preview:-1"},"canonical":"https:\/\/vosgesinfo.fr\/remiremontinfo\/2024\/11\/violences-conjugales-pars-vite-va-loin-et-ne-reviens-pas\/","twitter_card":"summary_large_image","twitter_title":"Violences conjugales : pars vite, va loin et ne reviens pas ! - Remiremont Info","twitter_description":"Le 25 novembre, c&rsquo;est la Journ\u00e9e internationale de lutte contre les violences faites aux femmes. A cette occasion, vous pourrez [&hellip;]","twitter_image":"https:\/\/vosgesinfo.fr\/app\/uploads\/sites\/5\/2024\/11\/thumbnail-format-carre.png","twitter_creator":"@VosgesInfo88","twitter_site":"@VosgesInfo88","twitter_misc":{"\u00c9crit par":"C.K.","Dur\u00e9e de lecture estim\u00e9e":"3 minutes"},"schema":{"@context":"https:\/\/schema.org","@graph":[{"@type":"Article","@id":"https:\/\/vosgesinfo.fr\/remiremontinfo\/2024\/11\/violences-conjugales-pars-vite-va-loin-et-ne-reviens-pas\/#article","isPartOf":{"@id":"https:\/\/vosgesinfo.fr\/remiremontinfo\/2024\/11\/violences-conjugales-pars-vite-va-loin-et-ne-reviens-pas\/"},"author":{"name":"C.K.","@id":"https:\/\/vosgesinfo.fr\/remiremontinfo\/#\/schema\/person\/6f9a650eeea99d969b6c4ab78fccbe81"},"headline":"Violences conjugales : pars vite, va loin et ne reviens pas !","datePublished":"2024-11-18T16:26:16+00:00","dateModified":"2024-11-18T16:26:16+00:00","mainEntityOfPage":{"@id":"https:\/\/vosgesinfo.fr\/remiremontinfo\/2024\/11\/violences-conjugales-pars-vite-va-loin-et-ne-reviens-pas\/"},"wordCount":574,"commentCount":0,"publisher":{"@id":"https:\/\/vosgesinfo.fr\/remiremontinfo\/#organization"},"image":{"@id":"https:\/\/vosgesinfo.fr\/remiremontinfo\/2024\/11\/violences-conjugales-pars-vite-va-loin-et-ne-reviens-pas\/#primaryimage"},"thumbnailUrl":"https:\/\/vosgesinfo.fr\/app\/uploads\/sites\/5\/2024\/11\/thumbnail-format-carre.png","articleSection":["A la Une","Epinal","G\u00e9rardmer","La plaine des vosges","Publi-reportage","Remiremont","Saint-di\u00e9"],"inLanguage":"fr-FR","potentialAction":[{"@type":"CommentAction","name":"Comment","target":["https:\/\/vosgesinfo.fr\/remiremontinfo\/2024\/11\/violences-conjugales-pars-vite-va-loin-et-ne-reviens-pas\/#respond"]}]},{"@type":"WebPage","@id":"https:\/\/vosgesinfo.fr\/remiremontinfo\/2024\/11\/violences-conjugales-pars-vite-va-loin-et-ne-reviens-pas\/","url":"https:\/\/vosgesinfo.fr\/remiremontinfo\/2024\/11\/violences-conjugales-pars-vite-va-loin-et-ne-reviens-pas\/","name":"Violences conjugales : pars vite, va loin et ne reviens pas ! - Remiremont Info","isPartOf":{"@id":"https:\/\/vosgesinfo.fr\/remiremontinfo\/#website"},"primaryImageOfPage":{"@id":"https:\/\/vosgesinfo.fr\/remiremontinfo\/2024\/11\/violences-conjugales-pars-vite-va-loin-et-ne-reviens-pas\/#primaryimage"},"image":{"@id":"https:\/\/vosgesinfo.fr\/remiremontinfo\/2024\/11\/violences-conjugales-pars-vite-va-loin-et-ne-reviens-pas\/#primaryimage"},"thumbnailUrl":"https:\/\/vosgesinfo.fr\/app\/uploads\/sites\/5\/2024\/11\/thumbnail-format-carre.png","datePublished":"2024-11-18T16:26:16+00:00","dateModified":"2024-11-18T16:26:16+00:00","breadcrumb":{"@id":"https:\/\/vosgesinfo.fr\/remiremontinfo\/2024\/11\/violences-conjugales-pars-vite-va-loin-et-ne-reviens-pas\/#breadcrumb"},"inLanguage":"fr-FR","potentialAction":[{"@type":"ReadAction","target":["https:\/\/vosgesinfo.fr\/remiremontinfo\/2024\/11\/violences-conjugales-pars-vite-va-loin-et-ne-reviens-pas\/"]}]},{"@type":"ImageObject","inLanguage":"fr-FR","@id":"https:\/\/vosgesinfo.fr\/remiremontinfo\/2024\/11\/violences-conjugales-pars-vite-va-loin-et-ne-reviens-pas\/#primaryimage","url":"https:\/\/vosgesinfo.fr\/app\/uploads\/sites\/5\/2024\/11\/thumbnail-format-carre.png","contentUrl":"https:\/\/vosgesinfo.fr\/app\/uploads\/sites\/5\/2024\/11\/thumbnail-format-carre.png","width":1920,"height":1920},{"@type":"BreadcrumbList","@id":"https:\/\/vosgesinfo.fr\/remiremontinfo\/2024\/11\/violences-conjugales-pars-vite-va-loin-et-ne-reviens-pas\/#breadcrumb","itemListElement":[{"@type":"ListItem","position":1,"name":"Home","item":"https:\/\/vosgesinfo.fr\/remiremontinfo\/"},{"@type":"ListItem","position":2,"name":"Violences conjugales : pars vite, va loin et ne reviens pas !"}]},{"@type":"WebSite","@id":"https:\/\/vosgesinfo.fr\/remiremontinfo\/#website","url":"https:\/\/vosgesinfo.fr\/remiremontinfo\/","name":"Remiremont Info","description":"Toute l&#039;actualit\u00e9 de Remiremont","publisher":{"@id":"https:\/\/vosgesinfo.fr\/remiremontinfo\/#organization"},"alternateName":"Toute l'actualit\u00e9 de Remiremont","potentialAction":[{"@type":"SearchAction","target":{"@type":"EntryPoint","urlTemplate":"https:\/\/vosgesinfo.fr\/remiremontinfo\/?s={search_term_string}"},"query-input":"required name=search_term_string"}],"inLanguage":"fr-FR"},{"@type":"Organization","@id":"https:\/\/vosgesinfo.fr\/remiremontinfo\/#organization","name":"Remiremont Info","url":"https:\/\/vosgesinfo.fr\/remiremontinfo\/","logo":{"@type":"ImageObject","inLanguage":"fr-FR","@id":"https:\/\/vosgesinfo.fr\/remiremontinfo\/#\/schema\/logo\/image\/","url":"https:\/\/vosgesinfo.fr\/app\/uploads\/sites\/5\/2023\/08\/favicon-remiremontinfo.png","contentUrl":"https:\/\/vosgesinfo.fr\/app\/uploads\/sites\/5\/2023\/08\/favicon-remiremontinfo.png","width":512,"height":512,"caption":"Remiremont Info"},"image":{"@id":"https:\/\/vosgesinfo.fr\/remiremontinfo\/#\/schema\/logo\/image\/"},"sameAs":["https:\/\/www.facebook.com\/remiremontinfo","https:\/\/x.com\/VosgesInfo88","https:\/\/www.youtube.com\/@vosgesinfo"]},{"@type":"Person","@id":"https:\/\/vosgesinfo.fr\/remiremontinfo\/#\/schema\/person\/6f9a650eeea99d969b6c4ab78fccbe81","name":"C.K.","image":{"@type":"ImageObject","inLanguage":"fr-FR","@id":"https:\/\/vosgesinfo.fr\/remiremontinfo\/#\/schema\/person\/image\/","url":"https:\/\/secure.gravatar.com\/avatar\/48e3fc7f8421ba8942be6b74a2b7f014ca39bc00dece156b7a8e098ae7dc87bf?s=96&d=mm&r=g","contentUrl":"https:\/\/secure.gravatar.com\/avatar\/48e3fc7f8421ba8942be6b74a2b7f014ca39bc00dece156b7a8e098ae7dc87bf?s=96&d=mm&r=g","caption":"C.K."},"url":"https:\/\/vosgesinfo.fr\/remiremontinfo\/author\/celia-k-n\/"}]}},"_links":{"self":[{"href":"https:\/\/vosgesinfo.fr\/remiremontinfo\/wp-json\/wp\/v2\/posts\/75581","targetHints":{"allow":["GET"]}}],"collection":[{"href":"https:\/\/vosgesinfo.fr\/remiremontinfo\/wp-json\/wp\/v2\/posts"}],"about":[{"href":"https:\/\/vosgesinfo.fr\/remiremontinfo\/wp-json\/wp\/v2\/types\/post"}],"author":[{"embeddable":true,"href":"https:\/\/vosgesinfo.fr\/remiremontinfo\/wp-json\/wp\/v2\/users\/52"}],"replies":[{"embeddable":true,"href":"https:\/\/vosgesinfo.fr\/remiremontinfo\/wp-json\/wp\/v2\/comments?post=75581"}],"version-history":[{"count":0,"href":"https:\/\/vosgesinfo.fr\/remiremontinfo\/wp-json\/wp\/v2\/posts\/75581\/revisions"}],"wp:featuredmedia":[{"embeddable":true,"href":"https:\/\/vosgesinfo.fr\/remiremontinfo\/wp-json\/wp\/v2\/media\/75582"}],"wp:attachment":[{"href":"https:\/\/vosgesinfo.fr\/remiremontinfo\/wp-json\/wp\/v2\/media?parent=75581"}],"wp:term":[{"taxonomy":"category","embeddable":true,"href":"https:\/\/vosgesinfo.fr\/remiremontinfo\/wp-json\/wp\/v2\/categories?post=75581"},{"taxonomy":"post_tag","embeddable":true,"href":"https:\/\/vosgesinfo.fr\/remiremontinfo\/wp-json\/wp\/v2\/tags?post=75581"}],"curies":[{"name":"wp","href":"https:\/\/api.w.org\/{rel}","templated":true}]}}