{"id":75585,"date":"2024-11-18T17:39:37","date_gmt":"2024-11-18T16:39:37","guid":{"rendered":"https:\/\/vosgesinfo.fr\/remiremontinfo\/2024\/11\/les-reines-de-la-seconde-main-evodia-lance-les-inscriptions-pour-le-tournage-de-la-3eme-saison\/"},"modified":"2024-11-18T17:39:37","modified_gmt":"2024-11-18T16:39:37","slug":"les-reines-de-la-seconde-main-evodia-lance-les-inscriptions-pour-le-tournage-de-la-3eme-saison","status":"publish","type":"post","link":"https:\/\/vosgesinfo.fr\/remiremontinfo\/2024\/11\/les-reines-de-la-seconde-main-evodia-lance-les-inscriptions-pour-le-tournage-de-la-3eme-saison\/","title":{"rendered":"Les reines de la seconde main : Evodia lance les inscriptions pour le tournage de la 3\u00e8me saison"},"content":{"rendered":"<h2><a href=\"https:\/\/vosgesinfo.fr\/app\/uploads\/sites\/3\/2024\/11\/les-reines-de-la-seconde-main.jpg\"><img decoding=\"async\" class=\"aligncenter size-large wp-image-124448\" src=\"https:\/\/vosgesinfo.fr\/app\/uploads\/sites\/3\/2024\/11\/les-reines-de-la-seconde-main-1024x1024.jpg\" alt=\"\" width=\"1024\" height=\"1024\" \/><\/a>\u00c9vodia et Vosges TLC, lancent ce lundi 18 novembre 2024, les inscriptions pour la troisi\u00e8me \u00e9dition des \u00ab Reines de la seconde main \u00bb qui se d\u00e9roulera le 12 d\u00e9cembre en soir\u00e9e dans la friperie Vosges TLC \u00ab Frip &amp; Styles \u00bb de Neufch\u00e2teau. C\u2019est un th\u00e8me hivernal qui sera cette fois-ci propos\u00e9 aux Vosgiennes qui pourront candidater jusqu\u2019au 29 novembre mai via un formulaire d\u2019inscription sur le site d\u2019Evodia (www.evodia.org)<\/h2>\n<h3>Un concept qui valorise la seconde main et les friperies Vosges TLC<\/h3>\n<p>Instaur\u00e9e par Evodia, et en collaboration avec Vosges TLC, la webs\u00e9rie \u00ab Les reines de la seconde main \u00bb a pour objectif de valoriser les textiles de seconde main et les friperies du r\u00e9seau Vosges TLC.<br \/>\n6 friperies r\u00e9parties sur l\u2019ensemble du territoire vosgien (Epinal, Remiremont, Neufch\u00e2teau, Girmont et Saint Di\u00e9-des-Vosges) et une nouvelle \u00e0 Nancy, permettent d\u2019offrir une seconde vie aux textiles, en bon \u00e9tat et au go\u00fbt du jour, d\u00e9pos\u00e9s par les Vosgiens dans les bornes textiles. Le premier \u00e9pisode sur le th\u00e8me de la St-Valentin et le deuxi\u00e8me sur l\u2019\u00e9t\u00e9 ont a \u00e9t\u00e9 un franc succ\u00e8s car ce sont pr\u00e8s de 100 candidatures qui ont \u00e9t\u00e9 re\u00e7ues. Le salon de coiffure \u00ab Dessange \u00bb \u00e0 Epinal s\u2019\u00e9tait d\u2019ailleurs joint \u00e0 l\u2019\u00e9v\u00e9nement afin d\u2019offrir une mise en beaut\u00e9 compl\u00e8te aux 5 participantes retenues.<\/p>\n<h3>Belle et au chaud : th\u00e8me et budget impos\u00e9s<\/h3>\n<p>Les 5 heureuses candidates devront cette fois-ci trouver une tenue compl\u00e8te sur le th\u00e8me \u00ab Belle et au chaud \u00bb avec un budget et temps impos\u00e9s dans la friperie \u00ab Frip &amp; Styles \u00bb de Neufch\u00e2teau. Mathilde Lorrain, alias Ga.hia, l\u2019ambassadrice de la fili\u00e8re textile d\u2019Evodia et de Vosges TLC, sera \u00e9galement pr\u00e9sente afin de prodiguer des conseils mode aux participantes.<\/p>\n<h3>Les conditions pour candidater sont simples :<br \/>\n&#8211; \u00catre majeure et Vosgienne<br \/>\n&#8211; Accepter d\u2019\u00eatre film\u00e9e pour les r\u00e9seaux sociaux<br \/>\n&#8211; \u00catre disponible le 12 d\u00e9cembre de 18h30 \u00e0 20h30 \u00e0 Neufch\u00e2teau<br \/>\nLes candidatures se font via ce formulaire jusqu\u2019au vendredi 29 novembre : <a href=\"https:\/\/swll.to\/RDLSM3\">https:\/\/swll.to\/RDLSM3<\/a><\/h3>\n","protected":false},"excerpt":{"rendered":"<p>\u00c9vodia et Vosges TLC, lancent ce lundi 18 novembre 2024, les inscriptions pour la troisi\u00e8me \u00e9dition des \u00ab Reines de [&hellip;]<\/p>\n","protected":false},"author":52,"featured_media":75586,"comment_status":"open","ping_status":"open","sticky":false,"template":"","format":"standard","meta":{"footnotes":""},"categories":[26,108,62,845,43,362,18],"tags":[],"class_list":["post-75585","post","type-post","status-publish","format-standard","has-post-thumbnail","hentry","category-a-la-une","category-epinal","category-gerardmer","category-la-plaine-des-vosges","category-remiremont-remiremont-son-canton","category-saint-die","category-vosges"],"acf":[],"yoast_head":"<!-- This site is optimized with the Yoast SEO plugin v22.5 - https:\/\/yoast.com\/wordpress\/plugins\/seo\/ -->\n<title>Les reines de la seconde main : Evodia lance les inscriptions pour le tournage de la 3\u00e8me saison - Remiremont Info<\/title>\n<meta name=\"robots\" content=\"index, follow, max-snippet:-1, max-image-preview:large, max-video-preview:-1\" \/>\n<link rel=\"canonical\" href=\"https:\/\/vosgesinfo.fr\/remiremontinfo\/2024\/11\/les-reines-de-la-seconde-main-evodia-lance-les-inscriptions-pour-le-tournage-de-la-3eme-saison\/\" \/>\n<meta name=\"twitter:card\" content=\"summary_large_image\" \/>\n<meta name=\"twitter:title\" content=\"Les reines de la seconde main : Evodia lance les inscriptions pour le tournage de la 3\u00e8me saison - Remiremont Info\" \/>\n<meta name=\"twitter:description\" content=\"\u00c9vodia et Vosges TLC, lancent ce lundi 18 novembre 2024, les inscriptions pour la troisi\u00e8me \u00e9dition des \u00ab Reines de [&hellip;]\" \/>\n<meta name=\"twitter:image\" content=\"https:\/\/vosgesinfo.fr\/app\/uploads\/sites\/5\/2024\/11\/les-reines-de-la-seconde-main.jpg\" \/>\n<meta name=\"twitter:creator\" content=\"@VosgesInfo88\" \/>\n<meta name=\"twitter:site\" content=\"@VosgesInfo88\" \/>\n<meta name=\"twitter:label1\" content=\"\u00c9crit par\" \/>\n\t<meta name=\"twitter:data1\" content=\"C.K.\" \/>\n\t<meta name=\"twitter:label2\" content=\"Dur\u00e9e de lecture estim\u00e9e\" \/>\n\t<meta name=\"twitter:data2\" content=\"2 minutes\" \/>\n<script type=\"application\/ld+json\" class=\"yoast-schema-graph\">{\"@context\":\"https:\/\/schema.org\",\"@graph\":[{\"@type\":\"Article\",\"@id\":\"https:\/\/vosgesinfo.fr\/remiremontinfo\/2024\/11\/les-reines-de-la-seconde-main-evodia-lance-les-inscriptions-pour-le-tournage-de-la-3eme-saison\/#article\",\"isPartOf\":{\"@id\":\"https:\/\/vosgesinfo.fr\/remiremontinfo\/2024\/11\/les-reines-de-la-seconde-main-evodia-lance-les-inscriptions-pour-le-tournage-de-la-3eme-saison\/\"},\"author\":{\"name\":\"C.K.\",\"@id\":\"https:\/\/vosgesinfo.fr\/remiremontinfo\/#\/schema\/person\/6f9a650eeea99d969b6c4ab78fccbe81\"},\"headline\":\"Les reines de la seconde main : Evodia lance les inscriptions pour le tournage de la 3\u00e8me saison\",\"datePublished\":\"2024-11-18T16:39:37+00:00\",\"dateModified\":\"2024-11-18T16:39:37+00:00\",\"mainEntityOfPage\":{\"@id\":\"https:\/\/vosgesinfo.fr\/remiremontinfo\/2024\/11\/les-reines-de-la-seconde-main-evodia-lance-les-inscriptions-pour-le-tournage-de-la-3eme-saison\/\"},\"wordCount\":375,\"commentCount\":0,\"publisher\":{\"@id\":\"https:\/\/vosgesinfo.fr\/remiremontinfo\/#organization\"},\"image\":{\"@id\":\"https:\/\/vosgesinfo.fr\/remiremontinfo\/2024\/11\/les-reines-de-la-seconde-main-evodia-lance-les-inscriptions-pour-le-tournage-de-la-3eme-saison\/#primaryimage\"},\"thumbnailUrl\":\"https:\/\/vosgesinfo.fr\/app\/uploads\/sites\/5\/2024\/11\/les-reines-de-la-seconde-main.jpg\",\"articleSection\":[\"A la Une\",\"Epinal\",\"G\u00e9rardmer\",\"La plaine des vosges\",\"Remiremont\",\"Saint-di\u00e9\",\"Vosges\"],\"inLanguage\":\"fr-FR\",\"potentialAction\":[{\"@type\":\"CommentAction\",\"name\":\"Comment\",\"target\":[\"https:\/\/vosgesinfo.fr\/remiremontinfo\/2024\/11\/les-reines-de-la-seconde-main-evodia-lance-les-inscriptions-pour-le-tournage-de-la-3eme-saison\/#respond\"]}]},{\"@type\":\"WebPage\",\"@id\":\"https:\/\/vosgesinfo.fr\/remiremontinfo\/2024\/11\/les-reines-de-la-seconde-main-evodia-lance-les-inscriptions-pour-le-tournage-de-la-3eme-saison\/\",\"url\":\"https:\/\/vosgesinfo.fr\/remiremontinfo\/2024\/11\/les-reines-de-la-seconde-main-evodia-lance-les-inscriptions-pour-le-tournage-de-la-3eme-saison\/\",\"name\":\"Les reines de la seconde main : Evodia lance les inscriptions pour le tournage de la 3\u00e8me saison - Remiremont Info\",\"isPartOf\":{\"@id\":\"https:\/\/vosgesinfo.fr\/remiremontinfo\/#website\"},\"primaryImageOfPage\":{\"@id\":\"https:\/\/vosgesinfo.fr\/remiremontinfo\/2024\/11\/les-reines-de-la-seconde-main-evodia-lance-les-inscriptions-pour-le-tournage-de-la-3eme-saison\/#primaryimage\"},\"image\":{\"@id\":\"https:\/\/vosgesinfo.fr\/remiremontinfo\/2024\/11\/les-reines-de-la-seconde-main-evodia-lance-les-inscriptions-pour-le-tournage-de-la-3eme-saison\/#primaryimage\"},\"thumbnailUrl\":\"https:\/\/vosgesinfo.fr\/app\/uploads\/sites\/5\/2024\/11\/les-reines-de-la-seconde-main.jpg\",\"datePublished\":\"2024-11-18T16:39:37+00:00\",\"dateModified\":\"2024-11-18T16:39:37+00:00\",\"breadcrumb\":{\"@id\":\"https:\/\/vosgesinfo.fr\/remiremontinfo\/2024\/11\/les-reines-de-la-seconde-main-evodia-lance-les-inscriptions-pour-le-tournage-de-la-3eme-saison\/#breadcrumb\"},\"inLanguage\":\"fr-FR\",\"potentialAction\":[{\"@type\":\"ReadAction\",\"target\":[\"https:\/\/vosgesinfo.fr\/remiremontinfo\/2024\/11\/les-reines-de-la-seconde-main-evodia-lance-les-inscriptions-pour-le-tournage-de-la-3eme-saison\/\"]}]},{\"@type\":\"ImageObject\",\"inLanguage\":\"fr-FR\",\"@id\":\"https:\/\/vosgesinfo.fr\/remiremontinfo\/2024\/11\/les-reines-de-la-seconde-main-evodia-lance-les-inscriptions-pour-le-tournage-de-la-3eme-saison\/#primaryimage\",\"url\":\"https:\/\/vosgesinfo.fr\/app\/uploads\/sites\/5\/2024\/11\/les-reines-de-la-seconde-main.jpg\",\"contentUrl\":\"https:\/\/vosgesinfo.fr\/app\/uploads\/sites\/5\/2024\/11\/les-reines-de-la-seconde-main.jpg\",\"width\":1080,\"height\":1080},{\"@type\":\"BreadcrumbList\",\"@id\":\"https:\/\/vosgesinfo.fr\/remiremontinfo\/2024\/11\/les-reines-de-la-seconde-main-evodia-lance-les-inscriptions-pour-le-tournage-de-la-3eme-saison\/#breadcrumb\",\"itemListElement\":[{\"@type\":\"ListItem\",\"position\":1,\"name\":\"Home\",\"item\":\"https:\/\/vosgesinfo.fr\/remiremontinfo\/\"},{\"@type\":\"ListItem\",\"position\":2,\"name\":\"Les reines de la seconde main : Evodia lance les inscriptions pour le tournage de la 3\u00e8me saison\"}]},{\"@type\":\"WebSite\",\"@id\":\"https:\/\/vosgesinfo.fr\/remiremontinfo\/#website\",\"url\":\"https:\/\/vosgesinfo.fr\/remiremontinfo\/\",\"name\":\"Remiremont Info\",\"description\":\"Toute l&#039;actualit\u00e9 de Remiremont\",\"publisher\":{\"@id\":\"https:\/\/vosgesinfo.fr\/remiremontinfo\/#organization\"},\"alternateName\":\"Toute l'actualit\u00e9 de Remiremont\",\"potentialAction\":[{\"@type\":\"SearchAction\",\"target\":{\"@type\":\"EntryPoint\",\"urlTemplate\":\"https:\/\/vosgesinfo.fr\/remiremontinfo\/?s={search_term_string}\"},\"query-input\":\"required name=search_term_string\"}],\"inLanguage\":\"fr-FR\"},{\"@type\":\"Organization\",\"@id\":\"https:\/\/vosgesinfo.fr\/remiremontinfo\/#organization\",\"name\":\"Remiremont Info\",\"url\":\"https:\/\/vosgesinfo.fr\/remiremontinfo\/\",\"logo\":{\"@type\":\"ImageObject\",\"inLanguage\":\"fr-FR\",\"@id\":\"https:\/\/vosgesinfo.fr\/remiremontinfo\/#\/schema\/logo\/image\/\",\"url\":\"https:\/\/vosgesinfo.fr\/app\/uploads\/sites\/5\/2023\/08\/favicon-remiremontinfo.png\",\"contentUrl\":\"https:\/\/vosgesinfo.fr\/app\/uploads\/sites\/5\/2023\/08\/favicon-remiremontinfo.png\",\"width\":512,\"height\":512,\"caption\":\"Remiremont Info\"},\"image\":{\"@id\":\"https:\/\/vosgesinfo.fr\/remiremontinfo\/#\/schema\/logo\/image\/\"},\"sameAs\":[\"https:\/\/www.facebook.com\/remiremontinfo\",\"https:\/\/x.com\/VosgesInfo88\",\"https:\/\/www.youtube.com\/@vosgesinfo\"]},{\"@type\":\"Person\",\"@id\":\"https:\/\/vosgesinfo.fr\/remiremontinfo\/#\/schema\/person\/6f9a650eeea99d969b6c4ab78fccbe81\",\"name\":\"C.K.\",\"image\":{\"@type\":\"ImageObject\",\"inLanguage\":\"fr-FR\",\"@id\":\"https:\/\/vosgesinfo.fr\/remiremontinfo\/#\/schema\/person\/image\/\",\"url\":\"https:\/\/secure.gravatar.com\/avatar\/48e3fc7f8421ba8942be6b74a2b7f014ca39bc00dece156b7a8e098ae7dc87bf?s=96&d=mm&r=g\",\"contentUrl\":\"https:\/\/secure.gravatar.com\/avatar\/48e3fc7f8421ba8942be6b74a2b7f014ca39bc00dece156b7a8e098ae7dc87bf?s=96&d=mm&r=g\",\"caption\":\"C.K.\"},\"url\":\"https:\/\/vosgesinfo.fr\/remiremontinfo\/author\/celia-k-n\/\"}]}<\/script>\n<!-- \/ Yoast SEO plugin. -->","yoast_head_json":{"title":"Les reines de la seconde main : Evodia lance les inscriptions pour le tournage de la 3\u00e8me saison - Remiremont Info","robots":{"index":"index","follow":"follow","max-snippet":"max-snippet:-1","max-image-preview":"max-image-preview:large","max-video-preview":"max-video-preview:-1"},"canonical":"https:\/\/vosgesinfo.fr\/remiremontinfo\/2024\/11\/les-reines-de-la-seconde-main-evodia-lance-les-inscriptions-pour-le-tournage-de-la-3eme-saison\/","twitter_card":"summary_large_image","twitter_title":"Les reines de la seconde main : Evodia lance les inscriptions pour le tournage de la 3\u00e8me saison - Remiremont Info","twitter_description":"\u00c9vodia et Vosges TLC, lancent ce lundi 18 novembre 2024, les inscriptions pour la troisi\u00e8me \u00e9dition des \u00ab Reines de [&hellip;]","twitter_image":"https:\/\/vosgesinfo.fr\/app\/uploads\/sites\/5\/2024\/11\/les-reines-de-la-seconde-main.jpg","twitter_creator":"@VosgesInfo88","twitter_site":"@VosgesInfo88","twitter_misc":{"\u00c9crit par":"C.K.","Dur\u00e9e de lecture estim\u00e9e":"2 minutes"},"schema":{"@context":"https:\/\/schema.org","@graph":[{"@type":"Article","@id":"https:\/\/vosgesinfo.fr\/remiremontinfo\/2024\/11\/les-reines-de-la-seconde-main-evodia-lance-les-inscriptions-pour-le-tournage-de-la-3eme-saison\/#article","isPartOf":{"@id":"https:\/\/vosgesinfo.fr\/remiremontinfo\/2024\/11\/les-reines-de-la-seconde-main-evodia-lance-les-inscriptions-pour-le-tournage-de-la-3eme-saison\/"},"author":{"name":"C.K.","@id":"https:\/\/vosgesinfo.fr\/remiremontinfo\/#\/schema\/person\/6f9a650eeea99d969b6c4ab78fccbe81"},"headline":"Les reines de la seconde main : Evodia lance les inscriptions pour le tournage de la 3\u00e8me saison","datePublished":"2024-11-18T16:39:37+00:00","dateModified":"2024-11-18T16:39:37+00:00","mainEntityOfPage":{"@id":"https:\/\/vosgesinfo.fr\/remiremontinfo\/2024\/11\/les-reines-de-la-seconde-main-evodia-lance-les-inscriptions-pour-le-tournage-de-la-3eme-saison\/"},"wordCount":375,"commentCount":0,"publisher":{"@id":"https:\/\/vosgesinfo.fr\/remiremontinfo\/#organization"},"image":{"@id":"https:\/\/vosgesinfo.fr\/remiremontinfo\/2024\/11\/les-reines-de-la-seconde-main-evodia-lance-les-inscriptions-pour-le-tournage-de-la-3eme-saison\/#primaryimage"},"thumbnailUrl":"https:\/\/vosgesinfo.fr\/app\/uploads\/sites\/5\/2024\/11\/les-reines-de-la-seconde-main.jpg","articleSection":["A la Une","Epinal","G\u00e9rardmer","La plaine des vosges","Remiremont","Saint-di\u00e9","Vosges"],"inLanguage":"fr-FR","potentialAction":[{"@type":"CommentAction","name":"Comment","target":["https:\/\/vosgesinfo.fr\/remiremontinfo\/2024\/11\/les-reines-de-la-seconde-main-evodia-lance-les-inscriptions-pour-le-tournage-de-la-3eme-saison\/#respond"]}]},{"@type":"WebPage","@id":"https:\/\/vosgesinfo.fr\/remiremontinfo\/2024\/11\/les-reines-de-la-seconde-main-evodia-lance-les-inscriptions-pour-le-tournage-de-la-3eme-saison\/","url":"https:\/\/vosgesinfo.fr\/remiremontinfo\/2024\/11\/les-reines-de-la-seconde-main-evodia-lance-les-inscriptions-pour-le-tournage-de-la-3eme-saison\/","name":"Les reines de la seconde main : Evodia lance les inscriptions pour le tournage de la 3\u00e8me saison - Remiremont Info","isPartOf":{"@id":"https:\/\/vosgesinfo.fr\/remiremontinfo\/#website"},"primaryImageOfPage":{"@id":"https:\/\/vosgesinfo.fr\/remiremontinfo\/2024\/11\/les-reines-de-la-seconde-main-evodia-lance-les-inscriptions-pour-le-tournage-de-la-3eme-saison\/#primaryimage"},"image":{"@id":"https:\/\/vosgesinfo.fr\/remiremontinfo\/2024\/11\/les-reines-de-la-seconde-main-evodia-lance-les-inscriptions-pour-le-tournage-de-la-3eme-saison\/#primaryimage"},"thumbnailUrl":"https:\/\/vosgesinfo.fr\/app\/uploads\/sites\/5\/2024\/11\/les-reines-de-la-seconde-main.jpg","datePublished":"2024-11-18T16:39:37+00:00","dateModified":"2024-11-18T16:39:37+00:00","breadcrumb":{"@id":"https:\/\/vosgesinfo.fr\/remiremontinfo\/2024\/11\/les-reines-de-la-seconde-main-evodia-lance-les-inscriptions-pour-le-tournage-de-la-3eme-saison\/#breadcrumb"},"inLanguage":"fr-FR","potentialAction":[{"@type":"ReadAction","target":["https:\/\/vosgesinfo.fr\/remiremontinfo\/2024\/11\/les-reines-de-la-seconde-main-evodia-lance-les-inscriptions-pour-le-tournage-de-la-3eme-saison\/"]}]},{"@type":"ImageObject","inLanguage":"fr-FR","@id":"https:\/\/vosgesinfo.fr\/remiremontinfo\/2024\/11\/les-reines-de-la-seconde-main-evodia-lance-les-inscriptions-pour-le-tournage-de-la-3eme-saison\/#primaryimage","url":"https:\/\/vosgesinfo.fr\/app\/uploads\/sites\/5\/2024\/11\/les-reines-de-la-seconde-main.jpg","contentUrl":"https:\/\/vosgesinfo.fr\/app\/uploads\/sites\/5\/2024\/11\/les-reines-de-la-seconde-main.jpg","width":1080,"height":1080},{"@type":"BreadcrumbList","@id":"https:\/\/vosgesinfo.fr\/remiremontinfo\/2024\/11\/les-reines-de-la-seconde-main-evodia-lance-les-inscriptions-pour-le-tournage-de-la-3eme-saison\/#breadcrumb","itemListElement":[{"@type":"ListItem","position":1,"name":"Home","item":"https:\/\/vosgesinfo.fr\/remiremontinfo\/"},{"@type":"ListItem","position":2,"name":"Les reines de la seconde main : Evodia lance les inscriptions pour le tournage de la 3\u00e8me saison"}]},{"@type":"WebSite","@id":"https:\/\/vosgesinfo.fr\/remiremontinfo\/#website","url":"https:\/\/vosgesinfo.fr\/remiremontinfo\/","name":"Remiremont Info","description":"Toute l&#039;actualit\u00e9 de Remiremont","publisher":{"@id":"https:\/\/vosgesinfo.fr\/remiremontinfo\/#organization"},"alternateName":"Toute l'actualit\u00e9 de Remiremont","potentialAction":[{"@type":"SearchAction","target":{"@type":"EntryPoint","urlTemplate":"https:\/\/vosgesinfo.fr\/remiremontinfo\/?s={search_term_string}"},"query-input":"required name=search_term_string"}],"inLanguage":"fr-FR"},{"@type":"Organization","@id":"https:\/\/vosgesinfo.fr\/remiremontinfo\/#organization","name":"Remiremont Info","url":"https:\/\/vosgesinfo.fr\/remiremontinfo\/","logo":{"@type":"ImageObject","inLanguage":"fr-FR","@id":"https:\/\/vosgesinfo.fr\/remiremontinfo\/#\/schema\/logo\/image\/","url":"https:\/\/vosgesinfo.fr\/app\/uploads\/sites\/5\/2023\/08\/favicon-remiremontinfo.png","contentUrl":"https:\/\/vosgesinfo.fr\/app\/uploads\/sites\/5\/2023\/08\/favicon-remiremontinfo.png","width":512,"height":512,"caption":"Remiremont Info"},"image":{"@id":"https:\/\/vosgesinfo.fr\/remiremontinfo\/#\/schema\/logo\/image\/"},"sameAs":["https:\/\/www.facebook.com\/remiremontinfo","https:\/\/x.com\/VosgesInfo88","https:\/\/www.youtube.com\/@vosgesinfo"]},{"@type":"Person","@id":"https:\/\/vosgesinfo.fr\/remiremontinfo\/#\/schema\/person\/6f9a650eeea99d969b6c4ab78fccbe81","name":"C.K.","image":{"@type":"ImageObject","inLanguage":"fr-FR","@id":"https:\/\/vosgesinfo.fr\/remiremontinfo\/#\/schema\/person\/image\/","url":"https:\/\/secure.gravatar.com\/avatar\/48e3fc7f8421ba8942be6b74a2b7f014ca39bc00dece156b7a8e098ae7dc87bf?s=96&d=mm&r=g","contentUrl":"https:\/\/secure.gravatar.com\/avatar\/48e3fc7f8421ba8942be6b74a2b7f014ca39bc00dece156b7a8e098ae7dc87bf?s=96&d=mm&r=g","caption":"C.K."},"url":"https:\/\/vosgesinfo.fr\/remiremontinfo\/author\/celia-k-n\/"}]}},"_links":{"self":[{"href":"https:\/\/vosgesinfo.fr\/remiremontinfo\/wp-json\/wp\/v2\/posts\/75585","targetHints":{"allow":["GET"]}}],"collection":[{"href":"https:\/\/vosgesinfo.fr\/remiremontinfo\/wp-json\/wp\/v2\/posts"}],"about":[{"href":"https:\/\/vosgesinfo.fr\/remiremontinfo\/wp-json\/wp\/v2\/types\/post"}],"author":[{"embeddable":true,"href":"https:\/\/vosgesinfo.fr\/remiremontinfo\/wp-json\/wp\/v2\/users\/52"}],"replies":[{"embeddable":true,"href":"https:\/\/vosgesinfo.fr\/remiremontinfo\/wp-json\/wp\/v2\/comments?post=75585"}],"version-history":[{"count":0,"href":"https:\/\/vosgesinfo.fr\/remiremontinfo\/wp-json\/wp\/v2\/posts\/75585\/revisions"}],"wp:featuredmedia":[{"embeddable":true,"href":"https:\/\/vosgesinfo.fr\/remiremontinfo\/wp-json\/wp\/v2\/media\/75586"}],"wp:attachment":[{"href":"https:\/\/vosgesinfo.fr\/remiremontinfo\/wp-json\/wp\/v2\/media?parent=75585"}],"wp:term":[{"taxonomy":"category","embeddable":true,"href":"https:\/\/vosgesinfo.fr\/remiremontinfo\/wp-json\/wp\/v2\/categories?post=75585"},{"taxonomy":"post_tag","embeddable":true,"href":"https:\/\/vosgesinfo.fr\/remiremontinfo\/wp-json\/wp\/v2\/tags?post=75585"}],"curies":[{"name":"wp","href":"https:\/\/api.w.org\/{rel}","templated":true}]}}