{"id":7562,"date":"2024-07-03T13:36:15","date_gmt":"2024-07-03T11:36:15","guid":{"rendered":"https:\/\/vosgesinfo.fr\/remiremontinfo\/2024\/07\/granes-aumontzey-jean-raymond-meunier-expose-a-la-petite-galerie\/"},"modified":"2024-07-03T13:36:15","modified_gmt":"2024-07-03T11:36:15","slug":"granes-aumontzey-jean-raymond-meunier-expose-a-la-petite-galerie","status":"publish","type":"post","link":"https:\/\/vosgesinfo.fr\/remiremontinfo\/2024\/07\/granes-aumontzey-jean-raymond-meunier-expose-a-la-petite-galerie\/","title":{"rendered":"Granes-Aumontzey \u2013 Jean-Raymond Meunier expose \u00e0 la Petite Galerie"},"content":{"rendered":"<h2>Cet \u00e9t\u00e9, la Petite Galerie accueille l&rsquo;artiste Jean-Raymond Meunier, qui pr\u00e9sentera du samedi 13 juillet au dimanche 18 ao\u00fbt l&rsquo;exposition \u00ab\u00a0Tranches de vie\u00a0\u00bb. L&rsquo;exposition sera visible les samedis et dimanches, de 14h30 \u00e0 18h30. Entr\u00e9e libre, avec un acc\u00e8s aux personnes \u00e0 mobilit\u00e9 r\u00e9duite. Vernissage le samedi 13 juillet \u00e0 18h.<\/h2>\n<p><!--more--><\/p>\n<h3>La Petite Galerie<\/h3>\n<p>5, rue Ancel-Seitz 88640 Granges-Aumontzey<\/p>\n<p><img decoding=\"async\" class=\"alignnone size-large wp-image-35601\" src=\"https:\/\/vosgesinfo.fr\/app\/uploads\/sites\/4\/2024\/07\/granges-sur-vologne-exposition-la-petite-galerie-717x1024.jpg\" alt=\"\" width=\"717\" height=\"1024\" \/><\/p>\n","protected":false},"excerpt":{"rendered":"<p>Cet \u00e9t\u00e9, la Petite Galerie accueille l&rsquo;artiste Jean-Raymond Meunier, qui pr\u00e9sentera du samedi 13 juillet au dimanche 18 ao\u00fbt l&rsquo;exposition [&hellip;]<\/p>\n","protected":false},"author":46,"featured_media":7563,"comment_status":"open","ping_status":"open","sticky":false,"template":"","format":"standard","meta":{"footnotes":""},"categories":[3,62,43,18],"tags":[1215,1216,1217,967],"class_list":["post-7562","post","type-post","status-publish","format-standard","has-post-thumbnail","hentry","category-breves","category-gerardmer","category-remiremont-remiremont-son-canton","category-vosges","tag-exposition-de-peintures","tag-granges-aumontzey","tag-jean-raymond-meunier","tag-la-petite-galerie"],"acf":[],"yoast_head":"<!-- This site is optimized with the Yoast SEO plugin v22.5 - https:\/\/yoast.com\/wordpress\/plugins\/seo\/ -->\n<title>Granes-Aumontzey \u2013 Jean-Raymond Meunier expose \u00e0 la Petite Galerie - Remiremont Info<\/title>\n<meta name=\"robots\" content=\"index, follow, max-snippet:-1, max-image-preview:large, max-video-preview:-1\" \/>\n<link rel=\"canonical\" href=\"https:\/\/vosgesinfo.fr\/remiremontinfo\/2024\/07\/granes-aumontzey-jean-raymond-meunier-expose-a-la-petite-galerie\/\" \/>\n<meta name=\"twitter:card\" content=\"summary_large_image\" \/>\n<meta name=\"twitter:title\" content=\"Granes-Aumontzey \u2013 Jean-Raymond Meunier expose \u00e0 la Petite Galerie - Remiremont Info\" \/>\n<meta name=\"twitter:description\" content=\"Cet \u00e9t\u00e9, la Petite Galerie accueille l&rsquo;artiste Jean-Raymond Meunier, qui pr\u00e9sentera du samedi 13 juillet au dimanche 18 ao\u00fbt l&rsquo;exposition [&hellip;]\" \/>\n<meta name=\"twitter:image\" content=\"https:\/\/vosgesinfo.fr\/app\/uploads\/sites\/5\/2024\/07\/granges-sur-vologne-exposition-la-petite-galerie.jpg\" \/>\n<meta name=\"twitter:creator\" content=\"@VosgesInfo88\" \/>\n<meta name=\"twitter:site\" content=\"@VosgesInfo88\" \/>\n<meta name=\"twitter:label1\" content=\"\u00c9crit par\" \/>\n\t<meta name=\"twitter:data1\" content=\"J.J.\" \/>\n<script type=\"application\/ld+json\" class=\"yoast-schema-graph\">{\"@context\":\"https:\/\/schema.org\",\"@graph\":[{\"@type\":\"Article\",\"@id\":\"https:\/\/vosgesinfo.fr\/remiremontinfo\/2024\/07\/granes-aumontzey-jean-raymond-meunier-expose-a-la-petite-galerie\/#article\",\"isPartOf\":{\"@id\":\"https:\/\/vosgesinfo.fr\/remiremontinfo\/2024\/07\/granes-aumontzey-jean-raymond-meunier-expose-a-la-petite-galerie\/\"},\"author\":{\"name\":\"J.J.\",\"@id\":\"https:\/\/vosgesinfo.fr\/remiremontinfo\/#\/schema\/person\/fa73e9f726d67bb88f46d5b7943cb572\"},\"headline\":\"Granes-Aumontzey \u2013 Jean-Raymond Meunier expose \u00e0 la Petite Galerie\",\"datePublished\":\"2024-07-03T11:36:15+00:00\",\"dateModified\":\"2024-07-03T11:36:15+00:00\",\"mainEntityOfPage\":{\"@id\":\"https:\/\/vosgesinfo.fr\/remiremontinfo\/2024\/07\/granes-aumontzey-jean-raymond-meunier-expose-a-la-petite-galerie\/\"},\"wordCount\":66,\"commentCount\":0,\"publisher\":{\"@id\":\"https:\/\/vosgesinfo.fr\/remiremontinfo\/#organization\"},\"image\":{\"@id\":\"https:\/\/vosgesinfo.fr\/remiremontinfo\/2024\/07\/granes-aumontzey-jean-raymond-meunier-expose-a-la-petite-galerie\/#primaryimage\"},\"thumbnailUrl\":\"https:\/\/vosgesinfo.fr\/app\/uploads\/sites\/5\/2024\/07\/granges-sur-vologne-exposition-la-petite-galerie.jpg\",\"keywords\":[\"Exposition de peintures\",\"Granges-Aumontzey\",\"Jean-Raymond Meunier\",\"La Petite Galerie\"],\"articleSection\":[\"Br\u00e8ves\",\"G\u00e9rardmer\",\"Remiremont\",\"Vosges\"],\"inLanguage\":\"fr-FR\",\"potentialAction\":[{\"@type\":\"CommentAction\",\"name\":\"Comment\",\"target\":[\"https:\/\/vosgesinfo.fr\/remiremontinfo\/2024\/07\/granes-aumontzey-jean-raymond-meunier-expose-a-la-petite-galerie\/#respond\"]}]},{\"@type\":\"WebPage\",\"@id\":\"https:\/\/vosgesinfo.fr\/remiremontinfo\/2024\/07\/granes-aumontzey-jean-raymond-meunier-expose-a-la-petite-galerie\/\",\"url\":\"https:\/\/vosgesinfo.fr\/remiremontinfo\/2024\/07\/granes-aumontzey-jean-raymond-meunier-expose-a-la-petite-galerie\/\",\"name\":\"Granes-Aumontzey \u2013 Jean-Raymond Meunier expose \u00e0 la Petite Galerie - Remiremont Info\",\"isPartOf\":{\"@id\":\"https:\/\/vosgesinfo.fr\/remiremontinfo\/#website\"},\"primaryImageOfPage\":{\"@id\":\"https:\/\/vosgesinfo.fr\/remiremontinfo\/2024\/07\/granes-aumontzey-jean-raymond-meunier-expose-a-la-petite-galerie\/#primaryimage\"},\"image\":{\"@id\":\"https:\/\/vosgesinfo.fr\/remiremontinfo\/2024\/07\/granes-aumontzey-jean-raymond-meunier-expose-a-la-petite-galerie\/#primaryimage\"},\"thumbnailUrl\":\"https:\/\/vosgesinfo.fr\/app\/uploads\/sites\/5\/2024\/07\/granges-sur-vologne-exposition-la-petite-galerie.jpg\",\"datePublished\":\"2024-07-03T11:36:15+00:00\",\"dateModified\":\"2024-07-03T11:36:15+00:00\",\"breadcrumb\":{\"@id\":\"https:\/\/vosgesinfo.fr\/remiremontinfo\/2024\/07\/granes-aumontzey-jean-raymond-meunier-expose-a-la-petite-galerie\/#breadcrumb\"},\"inLanguage\":\"fr-FR\",\"potentialAction\":[{\"@type\":\"ReadAction\",\"target\":[\"https:\/\/vosgesinfo.fr\/remiremontinfo\/2024\/07\/granes-aumontzey-jean-raymond-meunier-expose-a-la-petite-galerie\/\"]}]},{\"@type\":\"ImageObject\",\"inLanguage\":\"fr-FR\",\"@id\":\"https:\/\/vosgesinfo.fr\/remiremontinfo\/2024\/07\/granes-aumontzey-jean-raymond-meunier-expose-a-la-petite-galerie\/#primaryimage\",\"url\":\"https:\/\/vosgesinfo.fr\/app\/uploads\/sites\/5\/2024\/07\/granges-sur-vologne-exposition-la-petite-galerie.jpg\",\"contentUrl\":\"https:\/\/vosgesinfo.fr\/app\/uploads\/sites\/5\/2024\/07\/granges-sur-vologne-exposition-la-petite-galerie.jpg\",\"width\":840,\"height\":1200},{\"@type\":\"BreadcrumbList\",\"@id\":\"https:\/\/vosgesinfo.fr\/remiremontinfo\/2024\/07\/granes-aumontzey-jean-raymond-meunier-expose-a-la-petite-galerie\/#breadcrumb\",\"itemListElement\":[{\"@type\":\"ListItem\",\"position\":1,\"name\":\"Home\",\"item\":\"https:\/\/vosgesinfo.fr\/remiremontinfo\/\"},{\"@type\":\"ListItem\",\"position\":2,\"name\":\"Granes-Aumontzey \u2013 Jean-Raymond Meunier expose \u00e0 la Petite Galerie\"}]},{\"@type\":\"WebSite\",\"@id\":\"https:\/\/vosgesinfo.fr\/remiremontinfo\/#website\",\"url\":\"https:\/\/vosgesinfo.fr\/remiremontinfo\/\",\"name\":\"Remiremont Info\",\"description\":\"Toute l&#039;actualit\u00e9 de Remiremont\",\"publisher\":{\"@id\":\"https:\/\/vosgesinfo.fr\/remiremontinfo\/#organization\"},\"alternateName\":\"Toute l'actualit\u00e9 de Remiremont\",\"potentialAction\":[{\"@type\":\"SearchAction\",\"target\":{\"@type\":\"EntryPoint\",\"urlTemplate\":\"https:\/\/vosgesinfo.fr\/remiremontinfo\/?s={search_term_string}\"},\"query-input\":\"required name=search_term_string\"}],\"inLanguage\":\"fr-FR\"},{\"@type\":\"Organization\",\"@id\":\"https:\/\/vosgesinfo.fr\/remiremontinfo\/#organization\",\"name\":\"Remiremont Info\",\"url\":\"https:\/\/vosgesinfo.fr\/remiremontinfo\/\",\"logo\":{\"@type\":\"ImageObject\",\"inLanguage\":\"fr-FR\",\"@id\":\"https:\/\/vosgesinfo.fr\/remiremontinfo\/#\/schema\/logo\/image\/\",\"url\":\"https:\/\/vosgesinfo.fr\/app\/uploads\/sites\/5\/2023\/08\/favicon-remiremontinfo.png\",\"contentUrl\":\"https:\/\/vosgesinfo.fr\/app\/uploads\/sites\/5\/2023\/08\/favicon-remiremontinfo.png\",\"width\":512,\"height\":512,\"caption\":\"Remiremont Info\"},\"image\":{\"@id\":\"https:\/\/vosgesinfo.fr\/remiremontinfo\/#\/schema\/logo\/image\/\"},\"sameAs\":[\"https:\/\/www.facebook.com\/remiremontinfo\",\"https:\/\/x.com\/VosgesInfo88\",\"https:\/\/www.youtube.com\/@vosgesinfo\"]},{\"@type\":\"Person\",\"@id\":\"https:\/\/vosgesinfo.fr\/remiremontinfo\/#\/schema\/person\/fa73e9f726d67bb88f46d5b7943cb572\",\"name\":\"J.J.\",\"image\":{\"@type\":\"ImageObject\",\"inLanguage\":\"fr-FR\",\"@id\":\"https:\/\/vosgesinfo.fr\/remiremontinfo\/#\/schema\/person\/image\/\",\"url\":\"https:\/\/secure.gravatar.com\/avatar\/219e749e47ffbcca018a360ae4add7d4cdf1cdaaf8bc7676b27efade3fe65615?s=96&d=mm&r=g\",\"contentUrl\":\"https:\/\/secure.gravatar.com\/avatar\/219e749e47ffbcca018a360ae4add7d4cdf1cdaaf8bc7676b27efade3fe65615?s=96&d=mm&r=g\",\"caption\":\"J.J.\"},\"url\":\"https:\/\/vosgesinfo.fr\/remiremontinfo\/author\/j-j\/\"}]}<\/script>\n<!-- \/ Yoast SEO plugin. -->","yoast_head_json":{"title":"Granes-Aumontzey \u2013 Jean-Raymond Meunier expose \u00e0 la Petite Galerie - Remiremont Info","robots":{"index":"index","follow":"follow","max-snippet":"max-snippet:-1","max-image-preview":"max-image-preview:large","max-video-preview":"max-video-preview:-1"},"canonical":"https:\/\/vosgesinfo.fr\/remiremontinfo\/2024\/07\/granes-aumontzey-jean-raymond-meunier-expose-a-la-petite-galerie\/","twitter_card":"summary_large_image","twitter_title":"Granes-Aumontzey \u2013 Jean-Raymond Meunier expose \u00e0 la Petite Galerie - Remiremont Info","twitter_description":"Cet \u00e9t\u00e9, la Petite Galerie accueille l&rsquo;artiste Jean-Raymond Meunier, qui pr\u00e9sentera du samedi 13 juillet au dimanche 18 ao\u00fbt l&rsquo;exposition [&hellip;]","twitter_image":"https:\/\/vosgesinfo.fr\/app\/uploads\/sites\/5\/2024\/07\/granges-sur-vologne-exposition-la-petite-galerie.jpg","twitter_creator":"@VosgesInfo88","twitter_site":"@VosgesInfo88","twitter_misc":{"\u00c9crit par":"J.J."},"schema":{"@context":"https:\/\/schema.org","@graph":[{"@type":"Article","@id":"https:\/\/vosgesinfo.fr\/remiremontinfo\/2024\/07\/granes-aumontzey-jean-raymond-meunier-expose-a-la-petite-galerie\/#article","isPartOf":{"@id":"https:\/\/vosgesinfo.fr\/remiremontinfo\/2024\/07\/granes-aumontzey-jean-raymond-meunier-expose-a-la-petite-galerie\/"},"author":{"name":"J.J.","@id":"https:\/\/vosgesinfo.fr\/remiremontinfo\/#\/schema\/person\/fa73e9f726d67bb88f46d5b7943cb572"},"headline":"Granes-Aumontzey \u2013 Jean-Raymond Meunier expose \u00e0 la Petite Galerie","datePublished":"2024-07-03T11:36:15+00:00","dateModified":"2024-07-03T11:36:15+00:00","mainEntityOfPage":{"@id":"https:\/\/vosgesinfo.fr\/remiremontinfo\/2024\/07\/granes-aumontzey-jean-raymond-meunier-expose-a-la-petite-galerie\/"},"wordCount":66,"commentCount":0,"publisher":{"@id":"https:\/\/vosgesinfo.fr\/remiremontinfo\/#organization"},"image":{"@id":"https:\/\/vosgesinfo.fr\/remiremontinfo\/2024\/07\/granes-aumontzey-jean-raymond-meunier-expose-a-la-petite-galerie\/#primaryimage"},"thumbnailUrl":"https:\/\/vosgesinfo.fr\/app\/uploads\/sites\/5\/2024\/07\/granges-sur-vologne-exposition-la-petite-galerie.jpg","keywords":["Exposition de peintures","Granges-Aumontzey","Jean-Raymond Meunier","La Petite Galerie"],"articleSection":["Br\u00e8ves","G\u00e9rardmer","Remiremont","Vosges"],"inLanguage":"fr-FR","potentialAction":[{"@type":"CommentAction","name":"Comment","target":["https:\/\/vosgesinfo.fr\/remiremontinfo\/2024\/07\/granes-aumontzey-jean-raymond-meunier-expose-a-la-petite-galerie\/#respond"]}]},{"@type":"WebPage","@id":"https:\/\/vosgesinfo.fr\/remiremontinfo\/2024\/07\/granes-aumontzey-jean-raymond-meunier-expose-a-la-petite-galerie\/","url":"https:\/\/vosgesinfo.fr\/remiremontinfo\/2024\/07\/granes-aumontzey-jean-raymond-meunier-expose-a-la-petite-galerie\/","name":"Granes-Aumontzey \u2013 Jean-Raymond Meunier expose \u00e0 la Petite Galerie - Remiremont Info","isPartOf":{"@id":"https:\/\/vosgesinfo.fr\/remiremontinfo\/#website"},"primaryImageOfPage":{"@id":"https:\/\/vosgesinfo.fr\/remiremontinfo\/2024\/07\/granes-aumontzey-jean-raymond-meunier-expose-a-la-petite-galerie\/#primaryimage"},"image":{"@id":"https:\/\/vosgesinfo.fr\/remiremontinfo\/2024\/07\/granes-aumontzey-jean-raymond-meunier-expose-a-la-petite-galerie\/#primaryimage"},"thumbnailUrl":"https:\/\/vosgesinfo.fr\/app\/uploads\/sites\/5\/2024\/07\/granges-sur-vologne-exposition-la-petite-galerie.jpg","datePublished":"2024-07-03T11:36:15+00:00","dateModified":"2024-07-03T11:36:15+00:00","breadcrumb":{"@id":"https:\/\/vosgesinfo.fr\/remiremontinfo\/2024\/07\/granes-aumontzey-jean-raymond-meunier-expose-a-la-petite-galerie\/#breadcrumb"},"inLanguage":"fr-FR","potentialAction":[{"@type":"ReadAction","target":["https:\/\/vosgesinfo.fr\/remiremontinfo\/2024\/07\/granes-aumontzey-jean-raymond-meunier-expose-a-la-petite-galerie\/"]}]},{"@type":"ImageObject","inLanguage":"fr-FR","@id":"https:\/\/vosgesinfo.fr\/remiremontinfo\/2024\/07\/granes-aumontzey-jean-raymond-meunier-expose-a-la-petite-galerie\/#primaryimage","url":"https:\/\/vosgesinfo.fr\/app\/uploads\/sites\/5\/2024\/07\/granges-sur-vologne-exposition-la-petite-galerie.jpg","contentUrl":"https:\/\/vosgesinfo.fr\/app\/uploads\/sites\/5\/2024\/07\/granges-sur-vologne-exposition-la-petite-galerie.jpg","width":840,"height":1200},{"@type":"BreadcrumbList","@id":"https:\/\/vosgesinfo.fr\/remiremontinfo\/2024\/07\/granes-aumontzey-jean-raymond-meunier-expose-a-la-petite-galerie\/#breadcrumb","itemListElement":[{"@type":"ListItem","position":1,"name":"Home","item":"https:\/\/vosgesinfo.fr\/remiremontinfo\/"},{"@type":"ListItem","position":2,"name":"Granes-Aumontzey \u2013 Jean-Raymond Meunier expose \u00e0 la Petite Galerie"}]},{"@type":"WebSite","@id":"https:\/\/vosgesinfo.fr\/remiremontinfo\/#website","url":"https:\/\/vosgesinfo.fr\/remiremontinfo\/","name":"Remiremont Info","description":"Toute l&#039;actualit\u00e9 de Remiremont","publisher":{"@id":"https:\/\/vosgesinfo.fr\/remiremontinfo\/#organization"},"alternateName":"Toute l'actualit\u00e9 de Remiremont","potentialAction":[{"@type":"SearchAction","target":{"@type":"EntryPoint","urlTemplate":"https:\/\/vosgesinfo.fr\/remiremontinfo\/?s={search_term_string}"},"query-input":"required name=search_term_string"}],"inLanguage":"fr-FR"},{"@type":"Organization","@id":"https:\/\/vosgesinfo.fr\/remiremontinfo\/#organization","name":"Remiremont Info","url":"https:\/\/vosgesinfo.fr\/remiremontinfo\/","logo":{"@type":"ImageObject","inLanguage":"fr-FR","@id":"https:\/\/vosgesinfo.fr\/remiremontinfo\/#\/schema\/logo\/image\/","url":"https:\/\/vosgesinfo.fr\/app\/uploads\/sites\/5\/2023\/08\/favicon-remiremontinfo.png","contentUrl":"https:\/\/vosgesinfo.fr\/app\/uploads\/sites\/5\/2023\/08\/favicon-remiremontinfo.png","width":512,"height":512,"caption":"Remiremont Info"},"image":{"@id":"https:\/\/vosgesinfo.fr\/remiremontinfo\/#\/schema\/logo\/image\/"},"sameAs":["https:\/\/www.facebook.com\/remiremontinfo","https:\/\/x.com\/VosgesInfo88","https:\/\/www.youtube.com\/@vosgesinfo"]},{"@type":"Person","@id":"https:\/\/vosgesinfo.fr\/remiremontinfo\/#\/schema\/person\/fa73e9f726d67bb88f46d5b7943cb572","name":"J.J.","image":{"@type":"ImageObject","inLanguage":"fr-FR","@id":"https:\/\/vosgesinfo.fr\/remiremontinfo\/#\/schema\/person\/image\/","url":"https:\/\/secure.gravatar.com\/avatar\/219e749e47ffbcca018a360ae4add7d4cdf1cdaaf8bc7676b27efade3fe65615?s=96&d=mm&r=g","contentUrl":"https:\/\/secure.gravatar.com\/avatar\/219e749e47ffbcca018a360ae4add7d4cdf1cdaaf8bc7676b27efade3fe65615?s=96&d=mm&r=g","caption":"J.J."},"url":"https:\/\/vosgesinfo.fr\/remiremontinfo\/author\/j-j\/"}]}},"_links":{"self":[{"href":"https:\/\/vosgesinfo.fr\/remiremontinfo\/wp-json\/wp\/v2\/posts\/7562","targetHints":{"allow":["GET"]}}],"collection":[{"href":"https:\/\/vosgesinfo.fr\/remiremontinfo\/wp-json\/wp\/v2\/posts"}],"about":[{"href":"https:\/\/vosgesinfo.fr\/remiremontinfo\/wp-json\/wp\/v2\/types\/post"}],"author":[{"embeddable":true,"href":"https:\/\/vosgesinfo.fr\/remiremontinfo\/wp-json\/wp\/v2\/users\/46"}],"replies":[{"embeddable":true,"href":"https:\/\/vosgesinfo.fr\/remiremontinfo\/wp-json\/wp\/v2\/comments?post=7562"}],"version-history":[{"count":0,"href":"https:\/\/vosgesinfo.fr\/remiremontinfo\/wp-json\/wp\/v2\/posts\/7562\/revisions"}],"wp:featuredmedia":[{"embeddable":true,"href":"https:\/\/vosgesinfo.fr\/remiremontinfo\/wp-json\/wp\/v2\/media\/7563"}],"wp:attachment":[{"href":"https:\/\/vosgesinfo.fr\/remiremontinfo\/wp-json\/wp\/v2\/media?parent=7562"}],"wp:term":[{"taxonomy":"category","embeddable":true,"href":"https:\/\/vosgesinfo.fr\/remiremontinfo\/wp-json\/wp\/v2\/categories?post=7562"},{"taxonomy":"post_tag","embeddable":true,"href":"https:\/\/vosgesinfo.fr\/remiremontinfo\/wp-json\/wp\/v2\/tags?post=7562"}],"curies":[{"name":"wp","href":"https:\/\/api.w.org\/{rel}","templated":true}]}}