{"id":75742,"date":"2024-11-22T14:26:40","date_gmt":"2024-11-22T13:26:40","guid":{"rendered":"https:\/\/vosgesinfo.fr\/remiremontinfo\/2024\/11\/cap-orientation-2024-nuit-de-lorientation-et-salon-des-metiers-et-de-lorientation-dans-le-metavers-vendredi-29-novembre-2024\/"},"modified":"2024-11-22T14:26:40","modified_gmt":"2024-11-22T13:26:40","slug":"cap-orientation-2024-nuit-de-lorientation-et-salon-des-metiers-et-de-lorientation-dans-le-metavers-vendredi-29-novembre-2024","status":"publish","type":"post","link":"https:\/\/vosgesinfo.fr\/remiremontinfo\/2024\/11\/cap-orientation-2024-nuit-de-lorientation-et-salon-des-metiers-et-de-lorientation-dans-le-metavers-vendredi-29-novembre-2024\/","title":{"rendered":"Cap Orientation 2024 : Nuit de l\u2019Orientation et Salon des m\u00e9tiers et de l\u2019orientation dans le M\u00e9tavers, vendredi 29 novembre 2024"},"content":{"rendered":"<h2><a href=\"https:\/\/vosgesinfo.fr\/app\/uploads\/sites\/3\/2024\/11\/thumbnail-vosges-infos--ndo024-690x350-1.jpg\"><img decoding=\"async\" class=\"aligncenter size-large wp-image-124703\" src=\"https:\/\/vosgesinfo.fr\/app\/uploads\/sites\/3\/2024\/11\/thumbnail-vosges-infos--ndo024-690x350-1-1024x519.jpg\" alt=\"\" width=\"1024\" height=\"519\" \/><\/a>Deux \u00e9v\u00e9nements au service l\u2019orientation ! L\u2019un accessible \u00e0 distance, l\u2019autre en pr\u00e9sentiel, pour permettre au plus grand nombre (coll\u00e9giens, lyc\u00e9ens, \u00e9tudiants, parents, salari\u00e9s, demandeurs d\u2019emplois\u2026) de d\u00e9couvrir des m\u00e9tiers, des formations et de rencontrer des professionnels ainsi que des experts de l\u2019orientation :<\/h2>\n<ul>\n<li><strong>Le Salon des m\u00e9tiers et de l\u2019orientation dans le M\u00e9tavers, de 13h30 \u00e0 17h<\/strong><\/li>\n<li><strong>La Nuit de l\u2019Orientation, de 17h30 \u00e0 21h au Centre des Congr\u00e8s d\u2019Epinal.<\/strong><\/li>\n<\/ul>\n<p>Une double occasion unique pour le plus grand nombre de vosgiens, \u00e0 distance ou en pr\u00e9sentiel, de r\u00e9pondre \u00e0 toutes ses questions en termes d\u2019orientation, de confronter son projet professionnel \u00e0 la r\u00e9alit\u00e9 du terrain, et de rencontrer les experts de l\u2019orientation et de la formation\u00a0!<\/p>\n<p>Avec cette ann\u00e9e \u00e0 la Nuit de l\u2019Orientation, un espace d\u2019animation d\u00e9di\u00e9 aux m\u00e9tiers agricoles et ruraux\u00a0! Avec des organismes de formation, des \u00e9tablissements de l\u2019enseignement agricole vosgien, des professionnels, et de nombreuses animations telles que des simulateurs d\u2019engins, des animations culinaires, des maquettes, des jeux, un atelier floral et m\u00eame\u2026 des promenades en poney !<\/p>\n<p><strong>Le Salon des m\u00e9tiers et de l\u2019orientation dans le M\u00e9tavers,en ligne de 13h30 \u00e0 17h et la Nuit de l\u2019Orientation, de 17h30 \u00e0 21h en pr\u00e9sentiel, au Centre des Congr\u00e8s d\u2019Epinal. Entr\u00e9e libre et gratuite. <\/strong><\/p>\n<p><strong>Toutes les infos\u00a0sur <\/strong><a href=\"http:\/\/www.ndo2024.fr\"><strong>www.ndo2024.fr<\/strong><\/a><\/p>\n<p>&nbsp;<\/p>\n","protected":false},"excerpt":{"rendered":"<p>Deux \u00e9v\u00e9nements au service l\u2019orientation ! L\u2019un accessible \u00e0 distance, l\u2019autre en pr\u00e9sentiel, pour permettre au plus grand nombre (coll\u00e9giens, [&hellip;]<\/p>\n","protected":false},"author":52,"featured_media":75743,"comment_status":"open","ping_status":"open","sticky":false,"template":"","format":"standard","meta":{"footnotes":""},"categories":[26,108,62,845,11,43,362],"tags":[],"class_list":["post-75742","post","type-post","status-publish","format-standard","has-post-thumbnail","hentry","category-a-la-une","category-epinal","category-gerardmer","category-la-plaine-des-vosges","category-publi-reportage","category-remiremont-remiremont-son-canton","category-saint-die"],"acf":[],"yoast_head":"<!-- This site is optimized with the Yoast SEO plugin v22.5 - https:\/\/yoast.com\/wordpress\/plugins\/seo\/ -->\n<title>Cap Orientation 2024 : Nuit de l\u2019Orientation et Salon des m\u00e9tiers et de l\u2019orientation dans le M\u00e9tavers, vendredi 29 novembre 2024 - Remiremont Info<\/title>\n<meta name=\"robots\" content=\"index, follow, max-snippet:-1, max-image-preview:large, max-video-preview:-1\" \/>\n<link rel=\"canonical\" href=\"https:\/\/vosgesinfo.fr\/remiremontinfo\/2024\/11\/cap-orientation-2024-nuit-de-lorientation-et-salon-des-metiers-et-de-lorientation-dans-le-metavers-vendredi-29-novembre-2024\/\" \/>\n<meta name=\"twitter:card\" content=\"summary_large_image\" \/>\n<meta name=\"twitter:title\" content=\"Cap Orientation 2024 : Nuit de l\u2019Orientation et Salon des m\u00e9tiers et de l\u2019orientation dans le M\u00e9tavers, vendredi 29 novembre 2024 - Remiremont Info\" \/>\n<meta name=\"twitter:description\" content=\"Deux \u00e9v\u00e9nements au service l\u2019orientation ! L\u2019un accessible \u00e0 distance, l\u2019autre en pr\u00e9sentiel, pour permettre au plus grand nombre (coll\u00e9giens, [&hellip;]\" \/>\n<meta name=\"twitter:image\" content=\"https:\/\/vosgesinfo.fr\/app\/uploads\/sites\/5\/2024\/11\/thumbnail-vosges-infos-ndo024-690x350-1.jpg\" \/>\n<meta name=\"twitter:creator\" content=\"@VosgesInfo88\" \/>\n<meta name=\"twitter:site\" content=\"@VosgesInfo88\" \/>\n<meta name=\"twitter:label1\" content=\"\u00c9crit par\" \/>\n\t<meta name=\"twitter:data1\" content=\"C.K.\" \/>\n\t<meta name=\"twitter:label2\" content=\"Dur\u00e9e de lecture estim\u00e9e\" \/>\n\t<meta name=\"twitter:data2\" content=\"1 minute\" \/>\n<script type=\"application\/ld+json\" class=\"yoast-schema-graph\">{\"@context\":\"https:\/\/schema.org\",\"@graph\":[{\"@type\":\"Article\",\"@id\":\"https:\/\/vosgesinfo.fr\/remiremontinfo\/2024\/11\/cap-orientation-2024-nuit-de-lorientation-et-salon-des-metiers-et-de-lorientation-dans-le-metavers-vendredi-29-novembre-2024\/#article\",\"isPartOf\":{\"@id\":\"https:\/\/vosgesinfo.fr\/remiremontinfo\/2024\/11\/cap-orientation-2024-nuit-de-lorientation-et-salon-des-metiers-et-de-lorientation-dans-le-metavers-vendredi-29-novembre-2024\/\"},\"author\":{\"name\":\"C.K.\",\"@id\":\"https:\/\/vosgesinfo.fr\/remiremontinfo\/#\/schema\/person\/6f9a650eeea99d969b6c4ab78fccbe81\"},\"headline\":\"Cap Orientation 2024 : Nuit de l\u2019Orientation et Salon des m\u00e9tiers et de l\u2019orientation dans le M\u00e9tavers, vendredi 29 novembre 2024\",\"datePublished\":\"2024-11-22T13:26:40+00:00\",\"dateModified\":\"2024-11-22T13:26:40+00:00\",\"mainEntityOfPage\":{\"@id\":\"https:\/\/vosgesinfo.fr\/remiremontinfo\/2024\/11\/cap-orientation-2024-nuit-de-lorientation-et-salon-des-metiers-et-de-lorientation-dans-le-metavers-vendredi-29-novembre-2024\/\"},\"wordCount\":265,\"commentCount\":0,\"publisher\":{\"@id\":\"https:\/\/vosgesinfo.fr\/remiremontinfo\/#organization\"},\"image\":{\"@id\":\"https:\/\/vosgesinfo.fr\/remiremontinfo\/2024\/11\/cap-orientation-2024-nuit-de-lorientation-et-salon-des-metiers-et-de-lorientation-dans-le-metavers-vendredi-29-novembre-2024\/#primaryimage\"},\"thumbnailUrl\":\"https:\/\/vosgesinfo.fr\/app\/uploads\/sites\/5\/2024\/11\/thumbnail-vosges-infos-ndo024-690x350-1.jpg\",\"articleSection\":[\"A la Une\",\"Epinal\",\"G\u00e9rardmer\",\"La plaine des vosges\",\"Publi-reportage\",\"Remiremont\",\"Saint-di\u00e9\"],\"inLanguage\":\"fr-FR\",\"potentialAction\":[{\"@type\":\"CommentAction\",\"name\":\"Comment\",\"target\":[\"https:\/\/vosgesinfo.fr\/remiremontinfo\/2024\/11\/cap-orientation-2024-nuit-de-lorientation-et-salon-des-metiers-et-de-lorientation-dans-le-metavers-vendredi-29-novembre-2024\/#respond\"]}]},{\"@type\":\"WebPage\",\"@id\":\"https:\/\/vosgesinfo.fr\/remiremontinfo\/2024\/11\/cap-orientation-2024-nuit-de-lorientation-et-salon-des-metiers-et-de-lorientation-dans-le-metavers-vendredi-29-novembre-2024\/\",\"url\":\"https:\/\/vosgesinfo.fr\/remiremontinfo\/2024\/11\/cap-orientation-2024-nuit-de-lorientation-et-salon-des-metiers-et-de-lorientation-dans-le-metavers-vendredi-29-novembre-2024\/\",\"name\":\"Cap Orientation 2024 : Nuit de l\u2019Orientation et Salon des m\u00e9tiers et de l\u2019orientation dans le M\u00e9tavers, vendredi 29 novembre 2024 - Remiremont Info\",\"isPartOf\":{\"@id\":\"https:\/\/vosgesinfo.fr\/remiremontinfo\/#website\"},\"primaryImageOfPage\":{\"@id\":\"https:\/\/vosgesinfo.fr\/remiremontinfo\/2024\/11\/cap-orientation-2024-nuit-de-lorientation-et-salon-des-metiers-et-de-lorientation-dans-le-metavers-vendredi-29-novembre-2024\/#primaryimage\"},\"image\":{\"@id\":\"https:\/\/vosgesinfo.fr\/remiremontinfo\/2024\/11\/cap-orientation-2024-nuit-de-lorientation-et-salon-des-metiers-et-de-lorientation-dans-le-metavers-vendredi-29-novembre-2024\/#primaryimage\"},\"thumbnailUrl\":\"https:\/\/vosgesinfo.fr\/app\/uploads\/sites\/5\/2024\/11\/thumbnail-vosges-infos-ndo024-690x350-1.jpg\",\"datePublished\":\"2024-11-22T13:26:40+00:00\",\"dateModified\":\"2024-11-22T13:26:40+00:00\",\"breadcrumb\":{\"@id\":\"https:\/\/vosgesinfo.fr\/remiremontinfo\/2024\/11\/cap-orientation-2024-nuit-de-lorientation-et-salon-des-metiers-et-de-lorientation-dans-le-metavers-vendredi-29-novembre-2024\/#breadcrumb\"},\"inLanguage\":\"fr-FR\",\"potentialAction\":[{\"@type\":\"ReadAction\",\"target\":[\"https:\/\/vosgesinfo.fr\/remiremontinfo\/2024\/11\/cap-orientation-2024-nuit-de-lorientation-et-salon-des-metiers-et-de-lorientation-dans-le-metavers-vendredi-29-novembre-2024\/\"]}]},{\"@type\":\"ImageObject\",\"inLanguage\":\"fr-FR\",\"@id\":\"https:\/\/vosgesinfo.fr\/remiremontinfo\/2024\/11\/cap-orientation-2024-nuit-de-lorientation-et-salon-des-metiers-et-de-lorientation-dans-le-metavers-vendredi-29-novembre-2024\/#primaryimage\",\"url\":\"https:\/\/vosgesinfo.fr\/app\/uploads\/sites\/5\/2024\/11\/thumbnail-vosges-infos-ndo024-690x350-1.jpg\",\"contentUrl\":\"https:\/\/vosgesinfo.fr\/app\/uploads\/sites\/5\/2024\/11\/thumbnail-vosges-infos-ndo024-690x350-1.jpg\",\"width\":1920,\"height\":973},{\"@type\":\"BreadcrumbList\",\"@id\":\"https:\/\/vosgesinfo.fr\/remiremontinfo\/2024\/11\/cap-orientation-2024-nuit-de-lorientation-et-salon-des-metiers-et-de-lorientation-dans-le-metavers-vendredi-29-novembre-2024\/#breadcrumb\",\"itemListElement\":[{\"@type\":\"ListItem\",\"position\":1,\"name\":\"Home\",\"item\":\"https:\/\/vosgesinfo.fr\/remiremontinfo\/\"},{\"@type\":\"ListItem\",\"position\":2,\"name\":\"Cap Orientation 2024 : Nuit de l\u2019Orientation et Salon des m\u00e9tiers et de l\u2019orientation dans le M\u00e9tavers, vendredi 29 novembre 2024\"}]},{\"@type\":\"WebSite\",\"@id\":\"https:\/\/vosgesinfo.fr\/remiremontinfo\/#website\",\"url\":\"https:\/\/vosgesinfo.fr\/remiremontinfo\/\",\"name\":\"Remiremont Info\",\"description\":\"Toute l&#039;actualit\u00e9 de Remiremont\",\"publisher\":{\"@id\":\"https:\/\/vosgesinfo.fr\/remiremontinfo\/#organization\"},\"alternateName\":\"Toute l'actualit\u00e9 de Remiremont\",\"potentialAction\":[{\"@type\":\"SearchAction\",\"target\":{\"@type\":\"EntryPoint\",\"urlTemplate\":\"https:\/\/vosgesinfo.fr\/remiremontinfo\/?s={search_term_string}\"},\"query-input\":\"required name=search_term_string\"}],\"inLanguage\":\"fr-FR\"},{\"@type\":\"Organization\",\"@id\":\"https:\/\/vosgesinfo.fr\/remiremontinfo\/#organization\",\"name\":\"Remiremont Info\",\"url\":\"https:\/\/vosgesinfo.fr\/remiremontinfo\/\",\"logo\":{\"@type\":\"ImageObject\",\"inLanguage\":\"fr-FR\",\"@id\":\"https:\/\/vosgesinfo.fr\/remiremontinfo\/#\/schema\/logo\/image\/\",\"url\":\"https:\/\/vosgesinfo.fr\/app\/uploads\/sites\/5\/2023\/08\/favicon-remiremontinfo.png\",\"contentUrl\":\"https:\/\/vosgesinfo.fr\/app\/uploads\/sites\/5\/2023\/08\/favicon-remiremontinfo.png\",\"width\":512,\"height\":512,\"caption\":\"Remiremont Info\"},\"image\":{\"@id\":\"https:\/\/vosgesinfo.fr\/remiremontinfo\/#\/schema\/logo\/image\/\"},\"sameAs\":[\"https:\/\/www.facebook.com\/remiremontinfo\",\"https:\/\/x.com\/VosgesInfo88\",\"https:\/\/www.youtube.com\/@vosgesinfo\"]},{\"@type\":\"Person\",\"@id\":\"https:\/\/vosgesinfo.fr\/remiremontinfo\/#\/schema\/person\/6f9a650eeea99d969b6c4ab78fccbe81\",\"name\":\"C.K.\",\"image\":{\"@type\":\"ImageObject\",\"inLanguage\":\"fr-FR\",\"@id\":\"https:\/\/vosgesinfo.fr\/remiremontinfo\/#\/schema\/person\/image\/\",\"url\":\"https:\/\/secure.gravatar.com\/avatar\/48e3fc7f8421ba8942be6b74a2b7f014ca39bc00dece156b7a8e098ae7dc87bf?s=96&d=mm&r=g\",\"contentUrl\":\"https:\/\/secure.gravatar.com\/avatar\/48e3fc7f8421ba8942be6b74a2b7f014ca39bc00dece156b7a8e098ae7dc87bf?s=96&d=mm&r=g\",\"caption\":\"C.K.\"},\"url\":\"https:\/\/vosgesinfo.fr\/remiremontinfo\/author\/celia-k-n\/\"}]}<\/script>\n<!-- \/ Yoast SEO plugin. -->","yoast_head_json":{"title":"Cap Orientation 2024 : Nuit de l\u2019Orientation et Salon des m\u00e9tiers et de l\u2019orientation dans le M\u00e9tavers, vendredi 29 novembre 2024 - Remiremont Info","robots":{"index":"index","follow":"follow","max-snippet":"max-snippet:-1","max-image-preview":"max-image-preview:large","max-video-preview":"max-video-preview:-1"},"canonical":"https:\/\/vosgesinfo.fr\/remiremontinfo\/2024\/11\/cap-orientation-2024-nuit-de-lorientation-et-salon-des-metiers-et-de-lorientation-dans-le-metavers-vendredi-29-novembre-2024\/","twitter_card":"summary_large_image","twitter_title":"Cap Orientation 2024 : Nuit de l\u2019Orientation et Salon des m\u00e9tiers et de l\u2019orientation dans le M\u00e9tavers, vendredi 29 novembre 2024 - Remiremont Info","twitter_description":"Deux \u00e9v\u00e9nements au service l\u2019orientation ! L\u2019un accessible \u00e0 distance, l\u2019autre en pr\u00e9sentiel, pour permettre au plus grand nombre (coll\u00e9giens, [&hellip;]","twitter_image":"https:\/\/vosgesinfo.fr\/app\/uploads\/sites\/5\/2024\/11\/thumbnail-vosges-infos-ndo024-690x350-1.jpg","twitter_creator":"@VosgesInfo88","twitter_site":"@VosgesInfo88","twitter_misc":{"\u00c9crit par":"C.K.","Dur\u00e9e de lecture estim\u00e9e":"1 minute"},"schema":{"@context":"https:\/\/schema.org","@graph":[{"@type":"Article","@id":"https:\/\/vosgesinfo.fr\/remiremontinfo\/2024\/11\/cap-orientation-2024-nuit-de-lorientation-et-salon-des-metiers-et-de-lorientation-dans-le-metavers-vendredi-29-novembre-2024\/#article","isPartOf":{"@id":"https:\/\/vosgesinfo.fr\/remiremontinfo\/2024\/11\/cap-orientation-2024-nuit-de-lorientation-et-salon-des-metiers-et-de-lorientation-dans-le-metavers-vendredi-29-novembre-2024\/"},"author":{"name":"C.K.","@id":"https:\/\/vosgesinfo.fr\/remiremontinfo\/#\/schema\/person\/6f9a650eeea99d969b6c4ab78fccbe81"},"headline":"Cap Orientation 2024 : Nuit de l\u2019Orientation et Salon des m\u00e9tiers et de l\u2019orientation dans le M\u00e9tavers, vendredi 29 novembre 2024","datePublished":"2024-11-22T13:26:40+00:00","dateModified":"2024-11-22T13:26:40+00:00","mainEntityOfPage":{"@id":"https:\/\/vosgesinfo.fr\/remiremontinfo\/2024\/11\/cap-orientation-2024-nuit-de-lorientation-et-salon-des-metiers-et-de-lorientation-dans-le-metavers-vendredi-29-novembre-2024\/"},"wordCount":265,"commentCount":0,"publisher":{"@id":"https:\/\/vosgesinfo.fr\/remiremontinfo\/#organization"},"image":{"@id":"https:\/\/vosgesinfo.fr\/remiremontinfo\/2024\/11\/cap-orientation-2024-nuit-de-lorientation-et-salon-des-metiers-et-de-lorientation-dans-le-metavers-vendredi-29-novembre-2024\/#primaryimage"},"thumbnailUrl":"https:\/\/vosgesinfo.fr\/app\/uploads\/sites\/5\/2024\/11\/thumbnail-vosges-infos-ndo024-690x350-1.jpg","articleSection":["A la Une","Epinal","G\u00e9rardmer","La plaine des vosges","Publi-reportage","Remiremont","Saint-di\u00e9"],"inLanguage":"fr-FR","potentialAction":[{"@type":"CommentAction","name":"Comment","target":["https:\/\/vosgesinfo.fr\/remiremontinfo\/2024\/11\/cap-orientation-2024-nuit-de-lorientation-et-salon-des-metiers-et-de-lorientation-dans-le-metavers-vendredi-29-novembre-2024\/#respond"]}]},{"@type":"WebPage","@id":"https:\/\/vosgesinfo.fr\/remiremontinfo\/2024\/11\/cap-orientation-2024-nuit-de-lorientation-et-salon-des-metiers-et-de-lorientation-dans-le-metavers-vendredi-29-novembre-2024\/","url":"https:\/\/vosgesinfo.fr\/remiremontinfo\/2024\/11\/cap-orientation-2024-nuit-de-lorientation-et-salon-des-metiers-et-de-lorientation-dans-le-metavers-vendredi-29-novembre-2024\/","name":"Cap Orientation 2024 : Nuit de l\u2019Orientation et Salon des m\u00e9tiers et de l\u2019orientation dans le M\u00e9tavers, vendredi 29 novembre 2024 - Remiremont Info","isPartOf":{"@id":"https:\/\/vosgesinfo.fr\/remiremontinfo\/#website"},"primaryImageOfPage":{"@id":"https:\/\/vosgesinfo.fr\/remiremontinfo\/2024\/11\/cap-orientation-2024-nuit-de-lorientation-et-salon-des-metiers-et-de-lorientation-dans-le-metavers-vendredi-29-novembre-2024\/#primaryimage"},"image":{"@id":"https:\/\/vosgesinfo.fr\/remiremontinfo\/2024\/11\/cap-orientation-2024-nuit-de-lorientation-et-salon-des-metiers-et-de-lorientation-dans-le-metavers-vendredi-29-novembre-2024\/#primaryimage"},"thumbnailUrl":"https:\/\/vosgesinfo.fr\/app\/uploads\/sites\/5\/2024\/11\/thumbnail-vosges-infos-ndo024-690x350-1.jpg","datePublished":"2024-11-22T13:26:40+00:00","dateModified":"2024-11-22T13:26:40+00:00","breadcrumb":{"@id":"https:\/\/vosgesinfo.fr\/remiremontinfo\/2024\/11\/cap-orientation-2024-nuit-de-lorientation-et-salon-des-metiers-et-de-lorientation-dans-le-metavers-vendredi-29-novembre-2024\/#breadcrumb"},"inLanguage":"fr-FR","potentialAction":[{"@type":"ReadAction","target":["https:\/\/vosgesinfo.fr\/remiremontinfo\/2024\/11\/cap-orientation-2024-nuit-de-lorientation-et-salon-des-metiers-et-de-lorientation-dans-le-metavers-vendredi-29-novembre-2024\/"]}]},{"@type":"ImageObject","inLanguage":"fr-FR","@id":"https:\/\/vosgesinfo.fr\/remiremontinfo\/2024\/11\/cap-orientation-2024-nuit-de-lorientation-et-salon-des-metiers-et-de-lorientation-dans-le-metavers-vendredi-29-novembre-2024\/#primaryimage","url":"https:\/\/vosgesinfo.fr\/app\/uploads\/sites\/5\/2024\/11\/thumbnail-vosges-infos-ndo024-690x350-1.jpg","contentUrl":"https:\/\/vosgesinfo.fr\/app\/uploads\/sites\/5\/2024\/11\/thumbnail-vosges-infos-ndo024-690x350-1.jpg","width":1920,"height":973},{"@type":"BreadcrumbList","@id":"https:\/\/vosgesinfo.fr\/remiremontinfo\/2024\/11\/cap-orientation-2024-nuit-de-lorientation-et-salon-des-metiers-et-de-lorientation-dans-le-metavers-vendredi-29-novembre-2024\/#breadcrumb","itemListElement":[{"@type":"ListItem","position":1,"name":"Home","item":"https:\/\/vosgesinfo.fr\/remiremontinfo\/"},{"@type":"ListItem","position":2,"name":"Cap Orientation 2024 : Nuit de l\u2019Orientation et Salon des m\u00e9tiers et de l\u2019orientation dans le M\u00e9tavers, vendredi 29 novembre 2024"}]},{"@type":"WebSite","@id":"https:\/\/vosgesinfo.fr\/remiremontinfo\/#website","url":"https:\/\/vosgesinfo.fr\/remiremontinfo\/","name":"Remiremont Info","description":"Toute l&#039;actualit\u00e9 de Remiremont","publisher":{"@id":"https:\/\/vosgesinfo.fr\/remiremontinfo\/#organization"},"alternateName":"Toute l'actualit\u00e9 de Remiremont","potentialAction":[{"@type":"SearchAction","target":{"@type":"EntryPoint","urlTemplate":"https:\/\/vosgesinfo.fr\/remiremontinfo\/?s={search_term_string}"},"query-input":"required name=search_term_string"}],"inLanguage":"fr-FR"},{"@type":"Organization","@id":"https:\/\/vosgesinfo.fr\/remiremontinfo\/#organization","name":"Remiremont Info","url":"https:\/\/vosgesinfo.fr\/remiremontinfo\/","logo":{"@type":"ImageObject","inLanguage":"fr-FR","@id":"https:\/\/vosgesinfo.fr\/remiremontinfo\/#\/schema\/logo\/image\/","url":"https:\/\/vosgesinfo.fr\/app\/uploads\/sites\/5\/2023\/08\/favicon-remiremontinfo.png","contentUrl":"https:\/\/vosgesinfo.fr\/app\/uploads\/sites\/5\/2023\/08\/favicon-remiremontinfo.png","width":512,"height":512,"caption":"Remiremont Info"},"image":{"@id":"https:\/\/vosgesinfo.fr\/remiremontinfo\/#\/schema\/logo\/image\/"},"sameAs":["https:\/\/www.facebook.com\/remiremontinfo","https:\/\/x.com\/VosgesInfo88","https:\/\/www.youtube.com\/@vosgesinfo"]},{"@type":"Person","@id":"https:\/\/vosgesinfo.fr\/remiremontinfo\/#\/schema\/person\/6f9a650eeea99d969b6c4ab78fccbe81","name":"C.K.","image":{"@type":"ImageObject","inLanguage":"fr-FR","@id":"https:\/\/vosgesinfo.fr\/remiremontinfo\/#\/schema\/person\/image\/","url":"https:\/\/secure.gravatar.com\/avatar\/48e3fc7f8421ba8942be6b74a2b7f014ca39bc00dece156b7a8e098ae7dc87bf?s=96&d=mm&r=g","contentUrl":"https:\/\/secure.gravatar.com\/avatar\/48e3fc7f8421ba8942be6b74a2b7f014ca39bc00dece156b7a8e098ae7dc87bf?s=96&d=mm&r=g","caption":"C.K."},"url":"https:\/\/vosgesinfo.fr\/remiremontinfo\/author\/celia-k-n\/"}]}},"_links":{"self":[{"href":"https:\/\/vosgesinfo.fr\/remiremontinfo\/wp-json\/wp\/v2\/posts\/75742","targetHints":{"allow":["GET"]}}],"collection":[{"href":"https:\/\/vosgesinfo.fr\/remiremontinfo\/wp-json\/wp\/v2\/posts"}],"about":[{"href":"https:\/\/vosgesinfo.fr\/remiremontinfo\/wp-json\/wp\/v2\/types\/post"}],"author":[{"embeddable":true,"href":"https:\/\/vosgesinfo.fr\/remiremontinfo\/wp-json\/wp\/v2\/users\/52"}],"replies":[{"embeddable":true,"href":"https:\/\/vosgesinfo.fr\/remiremontinfo\/wp-json\/wp\/v2\/comments?post=75742"}],"version-history":[{"count":0,"href":"https:\/\/vosgesinfo.fr\/remiremontinfo\/wp-json\/wp\/v2\/posts\/75742\/revisions"}],"wp:featuredmedia":[{"embeddable":true,"href":"https:\/\/vosgesinfo.fr\/remiremontinfo\/wp-json\/wp\/v2\/media\/75743"}],"wp:attachment":[{"href":"https:\/\/vosgesinfo.fr\/remiremontinfo\/wp-json\/wp\/v2\/media?parent=75742"}],"wp:term":[{"taxonomy":"category","embeddable":true,"href":"https:\/\/vosgesinfo.fr\/remiremontinfo\/wp-json\/wp\/v2\/categories?post=75742"},{"taxonomy":"post_tag","embeddable":true,"href":"https:\/\/vosgesinfo.fr\/remiremontinfo\/wp-json\/wp\/v2\/tags?post=75742"}],"curies":[{"name":"wp","href":"https:\/\/api.w.org\/{rel}","templated":true}]}}