{"id":75746,"date":"2024-11-23T06:00:51","date_gmt":"2024-11-23T05:00:51","guid":{"rendered":"https:\/\/vosgesinfo.fr\/remiremontinfo\/?p=75746"},"modified":"2024-11-23T06:00:51","modified_gmt":"2024-11-23T05:00:51","slug":"en-poursuivant-ma-route-le-2e-opus-de-dominique-cable-ou-quand-le-merveilleux-sinvite-a-granges-aumontzey","status":"publish","type":"post","link":"https:\/\/vosgesinfo.fr\/remiremontinfo\/2024\/11\/en-poursuivant-ma-route-le-2e-opus-de-dominique-cable-ou-quand-le-merveilleux-sinvite-a-granges-aumontzey\/","title":{"rendered":"\u00ab\u00a0En poursuivant ma route\u00a0\u00bb : le 2e opus de Dominique Cabl\u00e9, ou quand le merveilleux s&rsquo;invite \u00e0 Granges-Aumontzey"},"content":{"rendered":"<h3><a href=\"https:\/\/vosgesinfo.fr\/app\/uploads\/sites\/6\/2024\/11\/dominique-cable-livre-en-poursuivant-ma-route-scaled.jpg\"><img decoding=\"async\" class=\"aligncenter size-large wp-image-70833\" src=\"https:\/\/vosgesinfo.fr\/app\/uploads\/sites\/6\/2024\/11\/dominique-cable-livre-en-poursuivant-ma-route-1024x771.jpg\" alt=\"\" width=\"1024\" height=\"771\" \/><\/a><\/h3>\n<h3><\/h3>\n<h3>Apr\u00e8s un premier opus paru en 2021, le Gringeaud Dominique Cabl\u00e9 remet le couvert cette ann\u00e9e avec un nouveau recueil d&rsquo;une quinzaine de nouvelles baptis\u00e9 \u00ab\u00a0En poursuivant ma route\u00a0\u00bb inspir\u00e9 de contes et l\u00e9gendes de Granges et\/ou issus de sa propre imagination.<\/h3>\n<p>\u00c9b\u00e9niste \u00e0 la retraite, l&rsquo;auteur rappelle pourquoi il a commenc\u00e9 \u00e0 \u00e9crire : \u00ab\u00a0Les toubibs me disaient qu&rsquo;un jour je finirai en fauteuil roulant, alors je me suis demand\u00e9 ce que je ferai si ce jour arrivait, c&rsquo;est pour \u00e7a que je me suis mis \u00e0 l&rsquo;\u00e9criture\u00a0\u00bb. Dominique Cabl\u00e9 a tout d&rsquo;abord pris l&rsquo;habitude de rapporter modestement ce qu&rsquo;il se passait dans sa commune, les petites histoires dans la grande d&rsquo;une certaine mani\u00e8re. Puis il a d\u00e9cid\u00e9 de les imaginer, tout en y introduisant des personnages inspir\u00e9s de ses amis, de ses lecteurs, de ses connaissances afin de donner naissance \u00e0 un premier recueil.<\/p>\n<p>Cette fois, il puise plus dans les contes et l\u00e9gendes qu&rsquo;il adapte librement \u00e0 la sauce gringeaude, \u00e0 sa sauce, et notamment sur des petites histoires de No\u00ebl o\u00f9 parfois des elfes et des lutins apparaissent, o\u00f9 le merveilleux s&rsquo;invite \u00e0 la table des traditionnels r\u00e9cits de r\u00e9veillons, par exemple : \u00ab\u00a0Ces histoires imaginaires, c&rsquo;\u00e9tait un petit cadeau pour mes lecteurs \u00e0 la base. Elles se reposent sur un fond de v\u00e9rit\u00e9 pour \u00eatre encr\u00e9es dans le r\u00e9el. Et il y a aussi des personnages r\u00e9currents pour faire comme un lien entre les nouvelles. (&#8230;) \u00c9crire et envoyer ces histoires \u00e0 mes amis, \u00e7a me permet de garder un lien avec eux, et j&rsquo;\u00e9cris aussi pour promouvoir le village. Car, compar\u00e9 \u00e0 d&rsquo;autres villes du secteur, il n&rsquo;y a finalement pas beaucoup de livres sur Granges ou inspir\u00e9s de la commune et de ses personnages, qu&rsquo;ils soient r\u00e9els ou imaginaire\u00a0\u00bb poursuit l&rsquo;auteur.<\/p>\n<p>\u00ab\u00a0En poursuivant ma route\u00a0\u00bb sera donc le compagnon id\u00e9al d&rsquo;une soir\u00e9e au coin de la chemin\u00e9e. Pour vous le procurer, rendez-vous le 7 d\u00e9cembre chez La Libraire de G\u00e9rardmer pour une s\u00e9ance de d\u00e9dicaces, les 14 et 15 d\u00e9cembres sur le march\u00e9 de No\u00ebl de Xonrupt, ou encore \u00e0 la librairie de Granges-Aumontzey \u00ab\u00a0Chez Gus\u00a0\u00bb !<\/p>\n<p>Vous pouvez \u00e9galement contacter l&rsquo;auteur par mail : dominique.cable@wanadoo.fr<\/p>\n","protected":false},"excerpt":{"rendered":"<p>Apr\u00e8s un premier opus paru en 2021, le Gringeaud Dominique Cabl\u00e9 remet le couvert cette ann\u00e9e avec un nouveau recueil [&hellip;]<\/p>\n","protected":false},"author":42,"featured_media":0,"comment_status":"open","ping_status":"open","sticky":false,"template":"","format":"standard","meta":{"footnotes":""},"categories":[26,108,845,400,43,362],"tags":[6593,1216],"class_list":["post-75746","post","type-post","status-publish","format-standard","hentry","category-a-la-une","category-epinal","category-la-plaine-des-vosges","category-litterature","category-remiremont-remiremont-son-canton","category-saint-die","tag-dominique-cable","tag-granges-aumontzey"],"acf":[],"yoast_head":"<!-- This site is optimized with the Yoast SEO plugin v22.5 - https:\/\/yoast.com\/wordpress\/plugins\/seo\/ -->\n<title>&quot;En poursuivant ma route&quot; : le 2e opus de Dominique Cabl\u00e9, ou quand le merveilleux s&#039;invite \u00e0 Granges-Aumontzey - Remiremont Info<\/title>\n<meta name=\"robots\" content=\"index, follow, max-snippet:-1, max-image-preview:large, max-video-preview:-1\" \/>\n<link rel=\"canonical\" href=\"https:\/\/vosgesinfo.fr\/remiremontinfo\/2024\/11\/en-poursuivant-ma-route-le-2e-opus-de-dominique-cable-ou-quand-le-merveilleux-sinvite-a-granges-aumontzey\/\" \/>\n<meta name=\"twitter:card\" content=\"summary_large_image\" \/>\n<meta name=\"twitter:title\" content=\"&quot;En poursuivant ma route&quot; : le 2e opus de Dominique Cabl\u00e9, ou quand le merveilleux s&#039;invite \u00e0 Granges-Aumontzey - Remiremont Info\" \/>\n<meta name=\"twitter:description\" content=\"Apr\u00e8s un premier opus paru en 2021, le Gringeaud Dominique Cabl\u00e9 remet le couvert cette ann\u00e9e avec un nouveau recueil [&hellip;]\" \/>\n<meta name=\"twitter:image\" content=\"https:\/\/vosgesinfo.fr\/app\/uploads\/sites\/6\/2024\/11\/dominique-cable-livre-en-poursuivant-ma-route-1024x771.jpg\" \/>\n<meta name=\"twitter:creator\" content=\"@VosgesInfo88\" \/>\n<meta name=\"twitter:site\" content=\"@VosgesInfo88\" \/>\n<meta name=\"twitter:label1\" content=\"\u00c9crit par\" \/>\n\t<meta name=\"twitter:data1\" content=\"QG\" \/>\n\t<meta name=\"twitter:label2\" content=\"Dur\u00e9e de lecture estim\u00e9e\" \/>\n\t<meta name=\"twitter:data2\" content=\"2 minutes\" \/>\n<script type=\"application\/ld+json\" class=\"yoast-schema-graph\">{\"@context\":\"https:\/\/schema.org\",\"@graph\":[{\"@type\":\"Article\",\"@id\":\"https:\/\/vosgesinfo.fr\/remiremontinfo\/2024\/11\/en-poursuivant-ma-route-le-2e-opus-de-dominique-cable-ou-quand-le-merveilleux-sinvite-a-granges-aumontzey\/#article\",\"isPartOf\":{\"@id\":\"https:\/\/vosgesinfo.fr\/remiremontinfo\/2024\/11\/en-poursuivant-ma-route-le-2e-opus-de-dominique-cable-ou-quand-le-merveilleux-sinvite-a-granges-aumontzey\/\"},\"author\":{\"name\":\"QG\",\"@id\":\"https:\/\/vosgesinfo.fr\/remiremontinfo\/#\/schema\/person\/db5605779a843dad16b5368f3e7613a5\"},\"headline\":\"\u00ab\u00a0En poursuivant ma route\u00a0\u00bb : le 2e opus de Dominique Cabl\u00e9, ou quand le merveilleux s&rsquo;invite \u00e0 Granges-Aumontzey\",\"datePublished\":\"2024-11-23T05:00:51+00:00\",\"dateModified\":\"2024-11-23T05:00:51+00:00\",\"mainEntityOfPage\":{\"@id\":\"https:\/\/vosgesinfo.fr\/remiremontinfo\/2024\/11\/en-poursuivant-ma-route-le-2e-opus-de-dominique-cable-ou-quand-le-merveilleux-sinvite-a-granges-aumontzey\/\"},\"wordCount\":409,\"commentCount\":0,\"publisher\":{\"@id\":\"https:\/\/vosgesinfo.fr\/remiremontinfo\/#organization\"},\"image\":{\"@id\":\"https:\/\/vosgesinfo.fr\/remiremontinfo\/2024\/11\/en-poursuivant-ma-route-le-2e-opus-de-dominique-cable-ou-quand-le-merveilleux-sinvite-a-granges-aumontzey\/#primaryimage\"},\"thumbnailUrl\":\"https:\/\/vosgesinfo.fr\/app\/uploads\/sites\/6\/2024\/11\/dominique-cable-livre-en-poursuivant-ma-route-1024x771.jpg\",\"keywords\":[\"Dominique Cabl\u00e9\",\"Granges-Aumontzey\"],\"articleSection\":[\"A la Une\",\"Epinal\",\"La plaine des vosges\",\"Litt\u00e9rature\",\"Remiremont\",\"Saint-di\u00e9\"],\"inLanguage\":\"fr-FR\",\"potentialAction\":[{\"@type\":\"CommentAction\",\"name\":\"Comment\",\"target\":[\"https:\/\/vosgesinfo.fr\/remiremontinfo\/2024\/11\/en-poursuivant-ma-route-le-2e-opus-de-dominique-cable-ou-quand-le-merveilleux-sinvite-a-granges-aumontzey\/#respond\"]}]},{\"@type\":\"WebPage\",\"@id\":\"https:\/\/vosgesinfo.fr\/remiremontinfo\/2024\/11\/en-poursuivant-ma-route-le-2e-opus-de-dominique-cable-ou-quand-le-merveilleux-sinvite-a-granges-aumontzey\/\",\"url\":\"https:\/\/vosgesinfo.fr\/remiremontinfo\/2024\/11\/en-poursuivant-ma-route-le-2e-opus-de-dominique-cable-ou-quand-le-merveilleux-sinvite-a-granges-aumontzey\/\",\"name\":\"\\\"En poursuivant ma route\\\" : le 2e opus de Dominique Cabl\u00e9, ou quand le merveilleux s'invite \u00e0 Granges-Aumontzey - Remiremont Info\",\"isPartOf\":{\"@id\":\"https:\/\/vosgesinfo.fr\/remiremontinfo\/#website\"},\"primaryImageOfPage\":{\"@id\":\"https:\/\/vosgesinfo.fr\/remiremontinfo\/2024\/11\/en-poursuivant-ma-route-le-2e-opus-de-dominique-cable-ou-quand-le-merveilleux-sinvite-a-granges-aumontzey\/#primaryimage\"},\"image\":{\"@id\":\"https:\/\/vosgesinfo.fr\/remiremontinfo\/2024\/11\/en-poursuivant-ma-route-le-2e-opus-de-dominique-cable-ou-quand-le-merveilleux-sinvite-a-granges-aumontzey\/#primaryimage\"},\"thumbnailUrl\":\"https:\/\/vosgesinfo.fr\/app\/uploads\/sites\/6\/2024\/11\/dominique-cable-livre-en-poursuivant-ma-route-1024x771.jpg\",\"datePublished\":\"2024-11-23T05:00:51+00:00\",\"dateModified\":\"2024-11-23T05:00:51+00:00\",\"breadcrumb\":{\"@id\":\"https:\/\/vosgesinfo.fr\/remiremontinfo\/2024\/11\/en-poursuivant-ma-route-le-2e-opus-de-dominique-cable-ou-quand-le-merveilleux-sinvite-a-granges-aumontzey\/#breadcrumb\"},\"inLanguage\":\"fr-FR\",\"potentialAction\":[{\"@type\":\"ReadAction\",\"target\":[\"https:\/\/vosgesinfo.fr\/remiremontinfo\/2024\/11\/en-poursuivant-ma-route-le-2e-opus-de-dominique-cable-ou-quand-le-merveilleux-sinvite-a-granges-aumontzey\/\"]}]},{\"@type\":\"ImageObject\",\"inLanguage\":\"fr-FR\",\"@id\":\"https:\/\/vosgesinfo.fr\/remiremontinfo\/2024\/11\/en-poursuivant-ma-route-le-2e-opus-de-dominique-cable-ou-quand-le-merveilleux-sinvite-a-granges-aumontzey\/#primaryimage\",\"url\":\"https:\/\/vosgesinfo.fr\/app\/uploads\/sites\/6\/2024\/11\/dominique-cable-livre-en-poursuivant-ma-route-1024x771.jpg\",\"contentUrl\":\"https:\/\/vosgesinfo.fr\/app\/uploads\/sites\/6\/2024\/11\/dominique-cable-livre-en-poursuivant-ma-route-1024x771.jpg\"},{\"@type\":\"BreadcrumbList\",\"@id\":\"https:\/\/vosgesinfo.fr\/remiremontinfo\/2024\/11\/en-poursuivant-ma-route-le-2e-opus-de-dominique-cable-ou-quand-le-merveilleux-sinvite-a-granges-aumontzey\/#breadcrumb\",\"itemListElement\":[{\"@type\":\"ListItem\",\"position\":1,\"name\":\"Home\",\"item\":\"https:\/\/vosgesinfo.fr\/remiremontinfo\/\"},{\"@type\":\"ListItem\",\"position\":2,\"name\":\"\u00ab\u00a0En poursuivant ma route\u00a0\u00bb : le 2e opus de Dominique Cabl\u00e9, ou quand le merveilleux s&rsquo;invite \u00e0 Granges-Aumontzey\"}]},{\"@type\":\"WebSite\",\"@id\":\"https:\/\/vosgesinfo.fr\/remiremontinfo\/#website\",\"url\":\"https:\/\/vosgesinfo.fr\/remiremontinfo\/\",\"name\":\"Remiremont Info\",\"description\":\"Toute l&#039;actualit\u00e9 de Remiremont\",\"publisher\":{\"@id\":\"https:\/\/vosgesinfo.fr\/remiremontinfo\/#organization\"},\"alternateName\":\"Toute l'actualit\u00e9 de Remiremont\",\"potentialAction\":[{\"@type\":\"SearchAction\",\"target\":{\"@type\":\"EntryPoint\",\"urlTemplate\":\"https:\/\/vosgesinfo.fr\/remiremontinfo\/?s={search_term_string}\"},\"query-input\":\"required name=search_term_string\"}],\"inLanguage\":\"fr-FR\"},{\"@type\":\"Organization\",\"@id\":\"https:\/\/vosgesinfo.fr\/remiremontinfo\/#organization\",\"name\":\"Remiremont Info\",\"url\":\"https:\/\/vosgesinfo.fr\/remiremontinfo\/\",\"logo\":{\"@type\":\"ImageObject\",\"inLanguage\":\"fr-FR\",\"@id\":\"https:\/\/vosgesinfo.fr\/remiremontinfo\/#\/schema\/logo\/image\/\",\"url\":\"https:\/\/vosgesinfo.fr\/app\/uploads\/sites\/5\/2023\/08\/favicon-remiremontinfo.png\",\"contentUrl\":\"https:\/\/vosgesinfo.fr\/app\/uploads\/sites\/5\/2023\/08\/favicon-remiremontinfo.png\",\"width\":512,\"height\":512,\"caption\":\"Remiremont Info\"},\"image\":{\"@id\":\"https:\/\/vosgesinfo.fr\/remiremontinfo\/#\/schema\/logo\/image\/\"},\"sameAs\":[\"https:\/\/www.facebook.com\/remiremontinfo\",\"https:\/\/x.com\/VosgesInfo88\",\"https:\/\/www.youtube.com\/@vosgesinfo\"]},{\"@type\":\"Person\",\"@id\":\"https:\/\/vosgesinfo.fr\/remiremontinfo\/#\/schema\/person\/db5605779a843dad16b5368f3e7613a5\",\"name\":\"QG\",\"image\":{\"@type\":\"ImageObject\",\"inLanguage\":\"fr-FR\",\"@id\":\"https:\/\/vosgesinfo.fr\/remiremontinfo\/#\/schema\/person\/image\/\",\"url\":\"https:\/\/secure.gravatar.com\/avatar\/ea80c42c204b534408512832fde52504ecabb9706bcb6151cf6175e5b64e6793?s=96&d=mm&r=g\",\"contentUrl\":\"https:\/\/secure.gravatar.com\/avatar\/ea80c42c204b534408512832fde52504ecabb9706bcb6151cf6175e5b64e6793?s=96&d=mm&r=g\",\"caption\":\"QG\"},\"url\":\"https:\/\/vosgesinfo.fr\/remiremontinfo\/author\/quentin88\/\"}]}<\/script>\n<!-- \/ Yoast SEO plugin. -->","yoast_head_json":{"title":"\"En poursuivant ma route\" : le 2e opus de Dominique Cabl\u00e9, ou quand le merveilleux s'invite \u00e0 Granges-Aumontzey - Remiremont Info","robots":{"index":"index","follow":"follow","max-snippet":"max-snippet:-1","max-image-preview":"max-image-preview:large","max-video-preview":"max-video-preview:-1"},"canonical":"https:\/\/vosgesinfo.fr\/remiremontinfo\/2024\/11\/en-poursuivant-ma-route-le-2e-opus-de-dominique-cable-ou-quand-le-merveilleux-sinvite-a-granges-aumontzey\/","twitter_card":"summary_large_image","twitter_title":"\"En poursuivant ma route\" : le 2e opus de Dominique Cabl\u00e9, ou quand le merveilleux s'invite \u00e0 Granges-Aumontzey - Remiremont Info","twitter_description":"Apr\u00e8s un premier opus paru en 2021, le Gringeaud Dominique Cabl\u00e9 remet le couvert cette ann\u00e9e avec un nouveau recueil [&hellip;]","twitter_image":"https:\/\/vosgesinfo.fr\/app\/uploads\/sites\/6\/2024\/11\/dominique-cable-livre-en-poursuivant-ma-route-1024x771.jpg","twitter_creator":"@VosgesInfo88","twitter_site":"@VosgesInfo88","twitter_misc":{"\u00c9crit par":"QG","Dur\u00e9e de lecture estim\u00e9e":"2 minutes"},"schema":{"@context":"https:\/\/schema.org","@graph":[{"@type":"Article","@id":"https:\/\/vosgesinfo.fr\/remiremontinfo\/2024\/11\/en-poursuivant-ma-route-le-2e-opus-de-dominique-cable-ou-quand-le-merveilleux-sinvite-a-granges-aumontzey\/#article","isPartOf":{"@id":"https:\/\/vosgesinfo.fr\/remiremontinfo\/2024\/11\/en-poursuivant-ma-route-le-2e-opus-de-dominique-cable-ou-quand-le-merveilleux-sinvite-a-granges-aumontzey\/"},"author":{"name":"QG","@id":"https:\/\/vosgesinfo.fr\/remiremontinfo\/#\/schema\/person\/db5605779a843dad16b5368f3e7613a5"},"headline":"\u00ab\u00a0En poursuivant ma route\u00a0\u00bb : le 2e opus de Dominique Cabl\u00e9, ou quand le merveilleux s&rsquo;invite \u00e0 Granges-Aumontzey","datePublished":"2024-11-23T05:00:51+00:00","dateModified":"2024-11-23T05:00:51+00:00","mainEntityOfPage":{"@id":"https:\/\/vosgesinfo.fr\/remiremontinfo\/2024\/11\/en-poursuivant-ma-route-le-2e-opus-de-dominique-cable-ou-quand-le-merveilleux-sinvite-a-granges-aumontzey\/"},"wordCount":409,"commentCount":0,"publisher":{"@id":"https:\/\/vosgesinfo.fr\/remiremontinfo\/#organization"},"image":{"@id":"https:\/\/vosgesinfo.fr\/remiremontinfo\/2024\/11\/en-poursuivant-ma-route-le-2e-opus-de-dominique-cable-ou-quand-le-merveilleux-sinvite-a-granges-aumontzey\/#primaryimage"},"thumbnailUrl":"https:\/\/vosgesinfo.fr\/app\/uploads\/sites\/6\/2024\/11\/dominique-cable-livre-en-poursuivant-ma-route-1024x771.jpg","keywords":["Dominique Cabl\u00e9","Granges-Aumontzey"],"articleSection":["A la Une","Epinal","La plaine des vosges","Litt\u00e9rature","Remiremont","Saint-di\u00e9"],"inLanguage":"fr-FR","potentialAction":[{"@type":"CommentAction","name":"Comment","target":["https:\/\/vosgesinfo.fr\/remiremontinfo\/2024\/11\/en-poursuivant-ma-route-le-2e-opus-de-dominique-cable-ou-quand-le-merveilleux-sinvite-a-granges-aumontzey\/#respond"]}]},{"@type":"WebPage","@id":"https:\/\/vosgesinfo.fr\/remiremontinfo\/2024\/11\/en-poursuivant-ma-route-le-2e-opus-de-dominique-cable-ou-quand-le-merveilleux-sinvite-a-granges-aumontzey\/","url":"https:\/\/vosgesinfo.fr\/remiremontinfo\/2024\/11\/en-poursuivant-ma-route-le-2e-opus-de-dominique-cable-ou-quand-le-merveilleux-sinvite-a-granges-aumontzey\/","name":"\"En poursuivant ma route\" : le 2e opus de Dominique Cabl\u00e9, ou quand le merveilleux s'invite \u00e0 Granges-Aumontzey - Remiremont Info","isPartOf":{"@id":"https:\/\/vosgesinfo.fr\/remiremontinfo\/#website"},"primaryImageOfPage":{"@id":"https:\/\/vosgesinfo.fr\/remiremontinfo\/2024\/11\/en-poursuivant-ma-route-le-2e-opus-de-dominique-cable-ou-quand-le-merveilleux-sinvite-a-granges-aumontzey\/#primaryimage"},"image":{"@id":"https:\/\/vosgesinfo.fr\/remiremontinfo\/2024\/11\/en-poursuivant-ma-route-le-2e-opus-de-dominique-cable-ou-quand-le-merveilleux-sinvite-a-granges-aumontzey\/#primaryimage"},"thumbnailUrl":"https:\/\/vosgesinfo.fr\/app\/uploads\/sites\/6\/2024\/11\/dominique-cable-livre-en-poursuivant-ma-route-1024x771.jpg","datePublished":"2024-11-23T05:00:51+00:00","dateModified":"2024-11-23T05:00:51+00:00","breadcrumb":{"@id":"https:\/\/vosgesinfo.fr\/remiremontinfo\/2024\/11\/en-poursuivant-ma-route-le-2e-opus-de-dominique-cable-ou-quand-le-merveilleux-sinvite-a-granges-aumontzey\/#breadcrumb"},"inLanguage":"fr-FR","potentialAction":[{"@type":"ReadAction","target":["https:\/\/vosgesinfo.fr\/remiremontinfo\/2024\/11\/en-poursuivant-ma-route-le-2e-opus-de-dominique-cable-ou-quand-le-merveilleux-sinvite-a-granges-aumontzey\/"]}]},{"@type":"ImageObject","inLanguage":"fr-FR","@id":"https:\/\/vosgesinfo.fr\/remiremontinfo\/2024\/11\/en-poursuivant-ma-route-le-2e-opus-de-dominique-cable-ou-quand-le-merveilleux-sinvite-a-granges-aumontzey\/#primaryimage","url":"https:\/\/vosgesinfo.fr\/app\/uploads\/sites\/6\/2024\/11\/dominique-cable-livre-en-poursuivant-ma-route-1024x771.jpg","contentUrl":"https:\/\/vosgesinfo.fr\/app\/uploads\/sites\/6\/2024\/11\/dominique-cable-livre-en-poursuivant-ma-route-1024x771.jpg"},{"@type":"BreadcrumbList","@id":"https:\/\/vosgesinfo.fr\/remiremontinfo\/2024\/11\/en-poursuivant-ma-route-le-2e-opus-de-dominique-cable-ou-quand-le-merveilleux-sinvite-a-granges-aumontzey\/#breadcrumb","itemListElement":[{"@type":"ListItem","position":1,"name":"Home","item":"https:\/\/vosgesinfo.fr\/remiremontinfo\/"},{"@type":"ListItem","position":2,"name":"\u00ab\u00a0En poursuivant ma route\u00a0\u00bb : le 2e opus de Dominique Cabl\u00e9, ou quand le merveilleux s&rsquo;invite \u00e0 Granges-Aumontzey"}]},{"@type":"WebSite","@id":"https:\/\/vosgesinfo.fr\/remiremontinfo\/#website","url":"https:\/\/vosgesinfo.fr\/remiremontinfo\/","name":"Remiremont Info","description":"Toute l&#039;actualit\u00e9 de Remiremont","publisher":{"@id":"https:\/\/vosgesinfo.fr\/remiremontinfo\/#organization"},"alternateName":"Toute l'actualit\u00e9 de Remiremont","potentialAction":[{"@type":"SearchAction","target":{"@type":"EntryPoint","urlTemplate":"https:\/\/vosgesinfo.fr\/remiremontinfo\/?s={search_term_string}"},"query-input":"required name=search_term_string"}],"inLanguage":"fr-FR"},{"@type":"Organization","@id":"https:\/\/vosgesinfo.fr\/remiremontinfo\/#organization","name":"Remiremont Info","url":"https:\/\/vosgesinfo.fr\/remiremontinfo\/","logo":{"@type":"ImageObject","inLanguage":"fr-FR","@id":"https:\/\/vosgesinfo.fr\/remiremontinfo\/#\/schema\/logo\/image\/","url":"https:\/\/vosgesinfo.fr\/app\/uploads\/sites\/5\/2023\/08\/favicon-remiremontinfo.png","contentUrl":"https:\/\/vosgesinfo.fr\/app\/uploads\/sites\/5\/2023\/08\/favicon-remiremontinfo.png","width":512,"height":512,"caption":"Remiremont Info"},"image":{"@id":"https:\/\/vosgesinfo.fr\/remiremontinfo\/#\/schema\/logo\/image\/"},"sameAs":["https:\/\/www.facebook.com\/remiremontinfo","https:\/\/x.com\/VosgesInfo88","https:\/\/www.youtube.com\/@vosgesinfo"]},{"@type":"Person","@id":"https:\/\/vosgesinfo.fr\/remiremontinfo\/#\/schema\/person\/db5605779a843dad16b5368f3e7613a5","name":"QG","image":{"@type":"ImageObject","inLanguage":"fr-FR","@id":"https:\/\/vosgesinfo.fr\/remiremontinfo\/#\/schema\/person\/image\/","url":"https:\/\/secure.gravatar.com\/avatar\/ea80c42c204b534408512832fde52504ecabb9706bcb6151cf6175e5b64e6793?s=96&d=mm&r=g","contentUrl":"https:\/\/secure.gravatar.com\/avatar\/ea80c42c204b534408512832fde52504ecabb9706bcb6151cf6175e5b64e6793?s=96&d=mm&r=g","caption":"QG"},"url":"https:\/\/vosgesinfo.fr\/remiremontinfo\/author\/quentin88\/"}]}},"_links":{"self":[{"href":"https:\/\/vosgesinfo.fr\/remiremontinfo\/wp-json\/wp\/v2\/posts\/75746","targetHints":{"allow":["GET"]}}],"collection":[{"href":"https:\/\/vosgesinfo.fr\/remiremontinfo\/wp-json\/wp\/v2\/posts"}],"about":[{"href":"https:\/\/vosgesinfo.fr\/remiremontinfo\/wp-json\/wp\/v2\/types\/post"}],"author":[{"embeddable":true,"href":"https:\/\/vosgesinfo.fr\/remiremontinfo\/wp-json\/wp\/v2\/users\/42"}],"replies":[{"embeddable":true,"href":"https:\/\/vosgesinfo.fr\/remiremontinfo\/wp-json\/wp\/v2\/comments?post=75746"}],"version-history":[{"count":0,"href":"https:\/\/vosgesinfo.fr\/remiremontinfo\/wp-json\/wp\/v2\/posts\/75746\/revisions"}],"wp:attachment":[{"href":"https:\/\/vosgesinfo.fr\/remiremontinfo\/wp-json\/wp\/v2\/media?parent=75746"}],"wp:term":[{"taxonomy":"category","embeddable":true,"href":"https:\/\/vosgesinfo.fr\/remiremontinfo\/wp-json\/wp\/v2\/categories?post=75746"},{"taxonomy":"post_tag","embeddable":true,"href":"https:\/\/vosgesinfo.fr\/remiremontinfo\/wp-json\/wp\/v2\/tags?post=75746"}],"curies":[{"name":"wp","href":"https:\/\/api.w.org\/{rel}","templated":true}]}}