{"id":75782,"date":"2024-11-23T14:00:57","date_gmt":"2024-11-23T13:00:57","guid":{"rendered":"https:\/\/vosgesinfo.fr\/remiremontinfo\/?p=75782"},"modified":"2024-11-23T13:34:20","modified_gmt":"2024-11-23T12:34:20","slug":"toutes-les-animations-du-marche-de-noel-de-la-bresse","status":"publish","type":"post","link":"https:\/\/vosgesinfo.fr\/remiremontinfo\/2024\/11\/toutes-les-animations-du-marche-de-noel-de-la-bresse\/","title":{"rendered":"Toutes les animations du march\u00e9 de No\u00ebl de La Bresse"},"content":{"rendered":"<div class=\"page\" title=\"Page 1\">\n<div class=\"layoutArea\">\n<div class=\"column\">\n<p style=\"text-align: center;\"><strong>MARCHE\u0301 DE NOE\u0308L A\u0300 LA BRESSE<\/strong><\/p>\n<p>LES 7-8, 14-15 DE\u0301CEMBRE ET DU 21 DE\u0301CEMBRE AU 5 JANVIER<\/p>\n<p>HORAIRES D\u2019OUVERTURE : DE 10H30 A\u0300 19H (SAUF LE 31\/12 \u2013 20H)<\/p>\n<p>Au pied du sapin de la Place du Champtel, le village de Noe\u0308l vous accueille !<br \/>\nVenez de\u0301couvrir les producteurs et artisans dans les chalets et profiter de l\u2019atmosphe\u0300re conviviale et chaleureuse des torches norve\u0301giennes. Vous pourrez aussi poster votre liste de cadeaux dans la boi\u0302te aux lettres du Pe\u0300re Noe\u0308l. Un mane\u0300ge sera installe\u0301 pour le plaisir des petits, au coeur du Marche\u0301 de Noe\u0308l !<\/p>\n<\/div>\n<\/div>\n<div class=\"layoutArea\">\n<p><a href=\"https:\/\/vosgesinfo.fr\/app\/uploads\/sites\/5\/2024\/11\/affiche-a4-marche-de-noel-24-la-bresse-1.jpg\"><img decoding=\"async\" class=\"aligncenter wp-image-75784 size-medium\" src=\"https:\/\/vosgesinfo.fr\/app\/uploads\/sites\/5\/2024\/11\/affiche-a4-marche-de-noel-24-la-bresse-1-212x300.jpg\" alt=\"\" width=\"212\" height=\"300\" srcset=\"https:\/\/vosgesinfo.fr\/app\/uploads\/sites\/5\/2024\/11\/affiche-a4-marche-de-noel-24-la-bresse-1-212x300.jpg 212w, https:\/\/vosgesinfo.fr\/app\/uploads\/sites\/5\/2024\/11\/affiche-a4-marche-de-noel-24-la-bresse-1.jpg 724w\" sizes=\"(max-width: 212px) 100vw, 212px\" \/><\/a><\/p>\n<div class=\"column\">\n<p>Co\u0302te\u0301 animations<\/p>\n<p><strong>\u2022 Inauguration le 7 de\u0301cembre avec le de\u0301file\u0301 de Saint Nicolas<\/strong><\/p>\n<p>Sculptures sur ballons, cracheur de feu, la mascotte du Chat Botte\u0301, distribution de ba\u0302tons lumineux (quantite\u0301 limite\u0301e), de\u0301part du de\u0301file\u0301 a\u0300 17 h 30 (anime\u0301 par la troupe Ole\u0301ocada) et feux d\u2019artifice a\u0300 18 h 30.<\/p>\n<p><strong>\u2022 Le samedi 14 et dimanche 15 de\u0301cembre<\/strong><\/p>\n<p>De\u0301corations de l\u2019Avent le samedi 14 de 15 h a\u0300 18 h et le dimanche 15 de\u0301cembre de 10 h a\u0300 12 h, avec Arum de Fleurs.<\/p>\n<p><strong>\u2022 Samedi 21 de\u0301cembre<\/strong><\/p>\n<p>Olaf, Mickey et Minnie seront pre\u0301sents pour distribuer cadeaux et bonbons aux enfants de 17 h a\u0300 19 h.<\/p>\n<p><strong>\u2022 Lundi 23 de\u0301cembre<\/strong><\/p>\n<p>Atelier du petit pa\u0302tissier \u2013 fabrication et de\u0301gustation des bredalas dans le chalet du Pe\u0300re Noe\u0308l 11 h \u2013 17 h, avec Cook Event Services.<\/p>\n<\/div>\n<div class=\"column\">\n<p><strong>\u2022 Se\u0301ance photos avec le Pe\u0300re Noe\u0308l<\/strong><br \/>\n<strong>Le mardi 24 de\u0301cembre de 10 h a\u0300 12 h et de 14 h a\u0300 16 h dans le chalet du Pe\u0300re Noe\u0308l.<\/strong><\/p>\n<p><strong>\u2022 Les jeudis 26 de\u0301cembre et 2 janvier<\/strong><\/p>\n<p>De\u0301gustations de spe\u0301cialite\u0301s vosgiennes fume\u0301es et vins d\u2019Alsace*<\/p>\n<p><strong>\u2022 Les vendredis 27 de\u0301cembre et 3 janvier<\/strong><\/p>\n<p>Soire\u0301es musicales de\u0300s 17 h autour des torches norve\u0301giennes<br \/>\nGroupe Accord\u2019eux \u2013 Vendredi 27 de\u0301cembre Le duo Gino et Alexis Balandier \u2013 Vendredi 3 janvier<\/p>\n<p><strong>\u2022 Le lundi 30 de\u0301cembre a\u0300 18 h 30<\/strong><\/p>\n<p>Spectacle de patinage contemporain avec la troupe \u00ab Everest On Ice \u00bb<\/p>\n<p><strong>\u2022 Soire\u0301e du 31 de\u0301cembre de 17 h a\u0300 20 h avec DJ Micka<\/strong><\/p>\n<p>Distribution de lunettes fluo (quantite\u0301 limite\u0301e) Feux d\u2019artifice a\u0300 19 h 30.<\/p>\n\n\t\t<style type=\"text\/css\">\n\t\t\t#gallery-1 {\n\t\t\t\tmargin: auto;\n\t\t\t}\n\t\t\t#gallery-1 .gallery-item {\n\t\t\t\tfloat: left;\n\t\t\t\tmargin-top: 10px;\n\t\t\t\ttext-align: center;\n\t\t\t\twidth: 50%;\n\t\t\t}\n\t\t\t#gallery-1 img {\n\t\t\t\tborder: 2px solid #cfcfcf;\n\t\t\t}\n\t\t\t#gallery-1 .gallery-caption {\n\t\t\t\tmargin-left: 0;\n\t\t\t}\n\t\t\t\/* see gallery_shortcode() in wp-includes\/media.php *\/\n\t\t<\/style>\n\t\t<div id='gallery-1' class='gallery galleryid-75782 gallery-columns-2 gallery-size-full'><dl class='gallery-item'>\n\t\t\t<dt class='gallery-icon landscape'>\n\t\t\t\t<a href='https:\/\/vosgesinfo.fr\/remiremontinfo\/2024\/11\/toutes-les-animations-du-marche-de-noel-de-la-bresse\/depliant-marche-de-noel-2024_page-0001\/'><img decoding=\"async\" width=\"1763\" height=\"1241\" src=\"https:\/\/vosgesinfo.fr\/app\/uploads\/sites\/5\/2024\/11\/depliant-marche-de-noel-2024-page-0001.jpg\" class=\"attachment-full size-full\" alt=\"\" srcset=\"https:\/\/vosgesinfo.fr\/app\/uploads\/sites\/5\/2024\/11\/depliant-marche-de-noel-2024-page-0001.jpg 1763w, https:\/\/vosgesinfo.fr\/app\/uploads\/sites\/5\/2024\/11\/depliant-marche-de-noel-2024-page-0001-300x211.jpg 300w, https:\/\/vosgesinfo.fr\/app\/uploads\/sites\/5\/2024\/11\/depliant-marche-de-noel-2024-page-0001-1024x721.jpg 1024w, https:\/\/vosgesinfo.fr\/app\/uploads\/sites\/5\/2024\/11\/depliant-marche-de-noel-2024-page-0001-768x541.jpg 768w, https:\/\/vosgesinfo.fr\/app\/uploads\/sites\/5\/2024\/11\/depliant-marche-de-noel-2024-page-0001-1536x1081.jpg 1536w\" sizes=\"(max-width: 1763px) 100vw, 1763px\" \/><\/a>\n\t\t\t<\/dt><\/dl><dl class='gallery-item'>\n\t\t\t<dt class='gallery-icon landscape'>\n\t\t\t\t<a href='https:\/\/vosgesinfo.fr\/remiremontinfo\/2024\/11\/toutes-les-animations-du-marche-de-noel-de-la-bresse\/depliant-marche-de-noel-2024_page-0002\/'><img decoding=\"async\" width=\"1746\" height=\"1241\" src=\"https:\/\/vosgesinfo.fr\/app\/uploads\/sites\/5\/2024\/11\/depliant-marche-de-noel-2024-page-0002.jpg\" class=\"attachment-full size-full\" alt=\"\" srcset=\"https:\/\/vosgesinfo.fr\/app\/uploads\/sites\/5\/2024\/11\/depliant-marche-de-noel-2024-page-0002.jpg 1746w, https:\/\/vosgesinfo.fr\/app\/uploads\/sites\/5\/2024\/11\/depliant-marche-de-noel-2024-page-0002-300x213.jpg 300w, https:\/\/vosgesinfo.fr\/app\/uploads\/sites\/5\/2024\/11\/depliant-marche-de-noel-2024-page-0002-1024x728.jpg 1024w, https:\/\/vosgesinfo.fr\/app\/uploads\/sites\/5\/2024\/11\/depliant-marche-de-noel-2024-page-0002-768x546.jpg 768w, https:\/\/vosgesinfo.fr\/app\/uploads\/sites\/5\/2024\/11\/depliant-marche-de-noel-2024-page-0002-1536x1092.jpg 1536w\" sizes=\"(max-width: 1746px) 100vw, 1746px\" \/><\/a>\n\t\t\t<\/dt><\/dl><br style=\"clear: both\" \/>\n\t\t<\/div>\n\n<\/div>\n<\/div>\n<\/div>\n","protected":false},"excerpt":{"rendered":"<p>MARCHE\u0301 DE NOE\u0308L A\u0300 LA BRESSE LES 7-8, 14-15 DE\u0301CEMBRE ET DU 21 DE\u0301CEMBRE AU 5 JANVIER HORAIRES D\u2019OUVERTURE : [&hellip;]<\/p>\n","protected":false},"author":391,"featured_media":75784,"comment_status":"open","ping_status":"open","sticky":false,"template":"","format":"standard","meta":{"footnotes":""},"categories":[26,594,124,1547,104],"tags":[105,460],"class_list":["post-75782","post","type-post","status-publish","format-standard","has-post-thumbnail","hentry","category-a-la-une","category-agenda","category-fetes","category-gerardmer-2","category-la-bresse-la-bresse-son-canton","tag-la-bresse","tag-marche-de-noel"],"acf":[],"yoast_head":"<!-- This site is optimized with the Yoast SEO plugin v22.5 - https:\/\/yoast.com\/wordpress\/plugins\/seo\/ -->\n<title>Toutes les animations du march\u00e9 de No\u00ebl de La Bresse - Remiremont Info<\/title>\n<meta name=\"robots\" content=\"index, follow, max-snippet:-1, max-image-preview:large, max-video-preview:-1\" \/>\n<link rel=\"canonical\" href=\"https:\/\/vosgesinfo.fr\/remiremontinfo\/?p=75782\" \/>\n<meta name=\"twitter:card\" content=\"summary_large_image\" \/>\n<meta name=\"twitter:title\" content=\"Toutes les animations du march\u00e9 de No\u00ebl de La Bresse - Remiremont Info\" \/>\n<meta name=\"twitter:description\" content=\"MARCHE\u0301 DE NOE\u0308L A\u0300 LA BRESSE LES 7-8, 14-15 DE\u0301CEMBRE ET DU 21 DE\u0301CEMBRE AU 5 JANVIER HORAIRES D\u2019OUVERTURE : [&hellip;]\" \/>\n<meta name=\"twitter:image\" content=\"https:\/\/vosgesinfo.fr\/app\/uploads\/sites\/5\/2024\/11\/depliant-marche-de-noel-2024-page-0001.jpg\" \/>\n<meta name=\"twitter:creator\" content=\"@VosgesInfo88\" \/>\n<meta name=\"twitter:site\" content=\"@VosgesInfo88\" \/>\n<meta name=\"twitter:label1\" content=\"\u00c9crit par\" \/>\n\t<meta name=\"twitter:data1\" content=\"La redaction\" \/>\n\t<meta name=\"twitter:label2\" content=\"Dur\u00e9e de lecture estim\u00e9e\" \/>\n\t<meta name=\"twitter:data2\" content=\"2 minutes\" \/>\n<script type=\"application\/ld+json\" class=\"yoast-schema-graph\">{\"@context\":\"https:\/\/schema.org\",\"@graph\":[{\"@type\":\"Article\",\"@id\":\"https:\/\/vosgesinfo.fr\/remiremontinfo\/?p=75782#article\",\"isPartOf\":{\"@id\":\"https:\/\/vosgesinfo.fr\/remiremontinfo\/?p=75782\"},\"author\":{\"name\":\"La redaction\",\"@id\":\"https:\/\/vosgesinfo.fr\/remiremontinfo\/#\/schema\/person\/27a3695b06db98895b354c0765cdfc31\"},\"headline\":\"Toutes les animations du march\u00e9 de No\u00ebl de La Bresse\",\"datePublished\":\"2024-11-23T13:00:57+00:00\",\"dateModified\":\"2024-11-23T12:34:20+00:00\",\"mainEntityOfPage\":{\"@id\":\"https:\/\/vosgesinfo.fr\/remiremontinfo\/?p=75782\"},\"wordCount\":370,\"commentCount\":0,\"publisher\":{\"@id\":\"https:\/\/vosgesinfo.fr\/remiremontinfo\/#organization\"},\"image\":{\"@id\":\"https:\/\/vosgesinfo.fr\/remiremontinfo\/?p=75782#primaryimage\"},\"thumbnailUrl\":\"https:\/\/vosgesinfo.fr\/app\/uploads\/sites\/5\/2024\/11\/affiche-a4-marche-de-noel-24-la-bresse-1.jpg\",\"keywords\":[\"la bresse\",\"MARCHE DE NOEL\"],\"articleSection\":[\"A la Une\",\"Agenda\",\"F\u00eates\",\"Gerardmer\",\"La Bresse\"],\"inLanguage\":\"fr-FR\",\"potentialAction\":[{\"@type\":\"CommentAction\",\"name\":\"Comment\",\"target\":[\"https:\/\/vosgesinfo.fr\/remiremontinfo\/?p=75782#respond\"]}]},{\"@type\":\"WebPage\",\"@id\":\"https:\/\/vosgesinfo.fr\/remiremontinfo\/?p=75782\",\"url\":\"https:\/\/vosgesinfo.fr\/remiremontinfo\/?p=75782\",\"name\":\"Toutes les animations du march\u00e9 de No\u00ebl de La Bresse - Remiremont Info\",\"isPartOf\":{\"@id\":\"https:\/\/vosgesinfo.fr\/remiremontinfo\/#website\"},\"primaryImageOfPage\":{\"@id\":\"https:\/\/vosgesinfo.fr\/remiremontinfo\/?p=75782#primaryimage\"},\"image\":{\"@id\":\"https:\/\/vosgesinfo.fr\/remiremontinfo\/?p=75782#primaryimage\"},\"thumbnailUrl\":\"https:\/\/vosgesinfo.fr\/app\/uploads\/sites\/5\/2024\/11\/affiche-a4-marche-de-noel-24-la-bresse-1.jpg\",\"datePublished\":\"2024-11-23T13:00:57+00:00\",\"dateModified\":\"2024-11-23T12:34:20+00:00\",\"breadcrumb\":{\"@id\":\"https:\/\/vosgesinfo.fr\/remiremontinfo\/?p=75782#breadcrumb\"},\"inLanguage\":\"fr-FR\",\"potentialAction\":[{\"@type\":\"ReadAction\",\"target\":[\"https:\/\/vosgesinfo.fr\/remiremontinfo\/?p=75782\"]}]},{\"@type\":\"ImageObject\",\"inLanguage\":\"fr-FR\",\"@id\":\"https:\/\/vosgesinfo.fr\/remiremontinfo\/?p=75782#primaryimage\",\"url\":\"https:\/\/vosgesinfo.fr\/app\/uploads\/sites\/5\/2024\/11\/affiche-a4-marche-de-noel-24-la-bresse-1.jpg\",\"contentUrl\":\"https:\/\/vosgesinfo.fr\/app\/uploads\/sites\/5\/2024\/11\/affiche-a4-marche-de-noel-24-la-bresse-1.jpg\",\"width\":724,\"height\":1024},{\"@type\":\"BreadcrumbList\",\"@id\":\"https:\/\/vosgesinfo.fr\/remiremontinfo\/?p=75782#breadcrumb\",\"itemListElement\":[{\"@type\":\"ListItem\",\"position\":1,\"name\":\"Home\",\"item\":\"https:\/\/vosgesinfo.fr\/remiremontinfo\/\"},{\"@type\":\"ListItem\",\"position\":2,\"name\":\"Toutes les animations du march\u00e9 de No\u00ebl de La Bresse\"}]},{\"@type\":\"WebSite\",\"@id\":\"https:\/\/vosgesinfo.fr\/remiremontinfo\/#website\",\"url\":\"https:\/\/vosgesinfo.fr\/remiremontinfo\/\",\"name\":\"Remiremont Info\",\"description\":\"Toute l&#039;actualit\u00e9 de Remiremont\",\"publisher\":{\"@id\":\"https:\/\/vosgesinfo.fr\/remiremontinfo\/#organization\"},\"alternateName\":\"Toute l'actualit\u00e9 de Remiremont\",\"potentialAction\":[{\"@type\":\"SearchAction\",\"target\":{\"@type\":\"EntryPoint\",\"urlTemplate\":\"https:\/\/vosgesinfo.fr\/remiremontinfo\/?s={search_term_string}\"},\"query-input\":\"required name=search_term_string\"}],\"inLanguage\":\"fr-FR\"},{\"@type\":\"Organization\",\"@id\":\"https:\/\/vosgesinfo.fr\/remiremontinfo\/#organization\",\"name\":\"Remiremont Info\",\"url\":\"https:\/\/vosgesinfo.fr\/remiremontinfo\/\",\"logo\":{\"@type\":\"ImageObject\",\"inLanguage\":\"fr-FR\",\"@id\":\"https:\/\/vosgesinfo.fr\/remiremontinfo\/#\/schema\/logo\/image\/\",\"url\":\"https:\/\/vosgesinfo.fr\/app\/uploads\/sites\/5\/2023\/08\/favicon-remiremontinfo.png\",\"contentUrl\":\"https:\/\/vosgesinfo.fr\/app\/uploads\/sites\/5\/2023\/08\/favicon-remiremontinfo.png\",\"width\":512,\"height\":512,\"caption\":\"Remiremont Info\"},\"image\":{\"@id\":\"https:\/\/vosgesinfo.fr\/remiremontinfo\/#\/schema\/logo\/image\/\"},\"sameAs\":[\"https:\/\/www.facebook.com\/remiremontinfo\",\"https:\/\/x.com\/VosgesInfo88\",\"https:\/\/www.youtube.com\/@vosgesinfo\"]},{\"@type\":\"Person\",\"@id\":\"https:\/\/vosgesinfo.fr\/remiremontinfo\/#\/schema\/person\/27a3695b06db98895b354c0765cdfc31\",\"name\":\"La redaction\",\"image\":{\"@type\":\"ImageObject\",\"inLanguage\":\"fr-FR\",\"@id\":\"https:\/\/vosgesinfo.fr\/remiremontinfo\/#\/schema\/person\/image\/\",\"url\":\"https:\/\/secure.gravatar.com\/avatar\/64c76a78e501cedee55736f43f332df901e1896ae9cd8fad269ae2236dd0e8b6?s=96&d=mm&r=g\",\"contentUrl\":\"https:\/\/secure.gravatar.com\/avatar\/64c76a78e501cedee55736f43f332df901e1896ae9cd8fad269ae2236dd0e8b6?s=96&d=mm&r=g\",\"caption\":\"La redaction\"},\"url\":\"https:\/\/vosgesinfo.fr\/remiremontinfo\/author\/la-redaction\/\"}]}<\/script>\n<!-- \/ Yoast SEO plugin. -->","yoast_head_json":{"title":"Toutes les animations du march\u00e9 de No\u00ebl de La Bresse - Remiremont Info","robots":{"index":"index","follow":"follow","max-snippet":"max-snippet:-1","max-image-preview":"max-image-preview:large","max-video-preview":"max-video-preview:-1"},"canonical":"https:\/\/vosgesinfo.fr\/remiremontinfo\/?p=75782","twitter_card":"summary_large_image","twitter_title":"Toutes les animations du march\u00e9 de No\u00ebl de La Bresse - Remiremont Info","twitter_description":"MARCHE\u0301 DE NOE\u0308L A\u0300 LA BRESSE LES 7-8, 14-15 DE\u0301CEMBRE ET DU 21 DE\u0301CEMBRE AU 5 JANVIER HORAIRES D\u2019OUVERTURE : [&hellip;]","twitter_image":"https:\/\/vosgesinfo.fr\/app\/uploads\/sites\/5\/2024\/11\/depliant-marche-de-noel-2024-page-0001.jpg","twitter_creator":"@VosgesInfo88","twitter_site":"@VosgesInfo88","twitter_misc":{"\u00c9crit par":"La redaction","Dur\u00e9e de lecture estim\u00e9e":"2 minutes"},"schema":{"@context":"https:\/\/schema.org","@graph":[{"@type":"Article","@id":"https:\/\/vosgesinfo.fr\/remiremontinfo\/?p=75782#article","isPartOf":{"@id":"https:\/\/vosgesinfo.fr\/remiremontinfo\/?p=75782"},"author":{"name":"La redaction","@id":"https:\/\/vosgesinfo.fr\/remiremontinfo\/#\/schema\/person\/27a3695b06db98895b354c0765cdfc31"},"headline":"Toutes les animations du march\u00e9 de No\u00ebl de La Bresse","datePublished":"2024-11-23T13:00:57+00:00","dateModified":"2024-11-23T12:34:20+00:00","mainEntityOfPage":{"@id":"https:\/\/vosgesinfo.fr\/remiremontinfo\/?p=75782"},"wordCount":370,"commentCount":0,"publisher":{"@id":"https:\/\/vosgesinfo.fr\/remiremontinfo\/#organization"},"image":{"@id":"https:\/\/vosgesinfo.fr\/remiremontinfo\/?p=75782#primaryimage"},"thumbnailUrl":"https:\/\/vosgesinfo.fr\/app\/uploads\/sites\/5\/2024\/11\/affiche-a4-marche-de-noel-24-la-bresse-1.jpg","keywords":["la bresse","MARCHE DE NOEL"],"articleSection":["A la Une","Agenda","F\u00eates","Gerardmer","La Bresse"],"inLanguage":"fr-FR","potentialAction":[{"@type":"CommentAction","name":"Comment","target":["https:\/\/vosgesinfo.fr\/remiremontinfo\/?p=75782#respond"]}]},{"@type":"WebPage","@id":"https:\/\/vosgesinfo.fr\/remiremontinfo\/?p=75782","url":"https:\/\/vosgesinfo.fr\/remiremontinfo\/?p=75782","name":"Toutes les animations du march\u00e9 de No\u00ebl de La Bresse - Remiremont Info","isPartOf":{"@id":"https:\/\/vosgesinfo.fr\/remiremontinfo\/#website"},"primaryImageOfPage":{"@id":"https:\/\/vosgesinfo.fr\/remiremontinfo\/?p=75782#primaryimage"},"image":{"@id":"https:\/\/vosgesinfo.fr\/remiremontinfo\/?p=75782#primaryimage"},"thumbnailUrl":"https:\/\/vosgesinfo.fr\/app\/uploads\/sites\/5\/2024\/11\/affiche-a4-marche-de-noel-24-la-bresse-1.jpg","datePublished":"2024-11-23T13:00:57+00:00","dateModified":"2024-11-23T12:34:20+00:00","breadcrumb":{"@id":"https:\/\/vosgesinfo.fr\/remiremontinfo\/?p=75782#breadcrumb"},"inLanguage":"fr-FR","potentialAction":[{"@type":"ReadAction","target":["https:\/\/vosgesinfo.fr\/remiremontinfo\/?p=75782"]}]},{"@type":"ImageObject","inLanguage":"fr-FR","@id":"https:\/\/vosgesinfo.fr\/remiremontinfo\/?p=75782#primaryimage","url":"https:\/\/vosgesinfo.fr\/app\/uploads\/sites\/5\/2024\/11\/affiche-a4-marche-de-noel-24-la-bresse-1.jpg","contentUrl":"https:\/\/vosgesinfo.fr\/app\/uploads\/sites\/5\/2024\/11\/affiche-a4-marche-de-noel-24-la-bresse-1.jpg","width":724,"height":1024},{"@type":"BreadcrumbList","@id":"https:\/\/vosgesinfo.fr\/remiremontinfo\/?p=75782#breadcrumb","itemListElement":[{"@type":"ListItem","position":1,"name":"Home","item":"https:\/\/vosgesinfo.fr\/remiremontinfo\/"},{"@type":"ListItem","position":2,"name":"Toutes les animations du march\u00e9 de No\u00ebl de La Bresse"}]},{"@type":"WebSite","@id":"https:\/\/vosgesinfo.fr\/remiremontinfo\/#website","url":"https:\/\/vosgesinfo.fr\/remiremontinfo\/","name":"Remiremont Info","description":"Toute l&#039;actualit\u00e9 de Remiremont","publisher":{"@id":"https:\/\/vosgesinfo.fr\/remiremontinfo\/#organization"},"alternateName":"Toute l'actualit\u00e9 de Remiremont","potentialAction":[{"@type":"SearchAction","target":{"@type":"EntryPoint","urlTemplate":"https:\/\/vosgesinfo.fr\/remiremontinfo\/?s={search_term_string}"},"query-input":"required name=search_term_string"}],"inLanguage":"fr-FR"},{"@type":"Organization","@id":"https:\/\/vosgesinfo.fr\/remiremontinfo\/#organization","name":"Remiremont Info","url":"https:\/\/vosgesinfo.fr\/remiremontinfo\/","logo":{"@type":"ImageObject","inLanguage":"fr-FR","@id":"https:\/\/vosgesinfo.fr\/remiremontinfo\/#\/schema\/logo\/image\/","url":"https:\/\/vosgesinfo.fr\/app\/uploads\/sites\/5\/2023\/08\/favicon-remiremontinfo.png","contentUrl":"https:\/\/vosgesinfo.fr\/app\/uploads\/sites\/5\/2023\/08\/favicon-remiremontinfo.png","width":512,"height":512,"caption":"Remiremont Info"},"image":{"@id":"https:\/\/vosgesinfo.fr\/remiremontinfo\/#\/schema\/logo\/image\/"},"sameAs":["https:\/\/www.facebook.com\/remiremontinfo","https:\/\/x.com\/VosgesInfo88","https:\/\/www.youtube.com\/@vosgesinfo"]},{"@type":"Person","@id":"https:\/\/vosgesinfo.fr\/remiremontinfo\/#\/schema\/person\/27a3695b06db98895b354c0765cdfc31","name":"La redaction","image":{"@type":"ImageObject","inLanguage":"fr-FR","@id":"https:\/\/vosgesinfo.fr\/remiremontinfo\/#\/schema\/person\/image\/","url":"https:\/\/secure.gravatar.com\/avatar\/64c76a78e501cedee55736f43f332df901e1896ae9cd8fad269ae2236dd0e8b6?s=96&d=mm&r=g","contentUrl":"https:\/\/secure.gravatar.com\/avatar\/64c76a78e501cedee55736f43f332df901e1896ae9cd8fad269ae2236dd0e8b6?s=96&d=mm&r=g","caption":"La redaction"},"url":"https:\/\/vosgesinfo.fr\/remiremontinfo\/author\/la-redaction\/"}]}},"_links":{"self":[{"href":"https:\/\/vosgesinfo.fr\/remiremontinfo\/wp-json\/wp\/v2\/posts\/75782","targetHints":{"allow":["GET"]}}],"collection":[{"href":"https:\/\/vosgesinfo.fr\/remiremontinfo\/wp-json\/wp\/v2\/posts"}],"about":[{"href":"https:\/\/vosgesinfo.fr\/remiremontinfo\/wp-json\/wp\/v2\/types\/post"}],"author":[{"embeddable":true,"href":"https:\/\/vosgesinfo.fr\/remiremontinfo\/wp-json\/wp\/v2\/users\/391"}],"replies":[{"embeddable":true,"href":"https:\/\/vosgesinfo.fr\/remiremontinfo\/wp-json\/wp\/v2\/comments?post=75782"}],"version-history":[{"count":1,"href":"https:\/\/vosgesinfo.fr\/remiremontinfo\/wp-json\/wp\/v2\/posts\/75782\/revisions"}],"predecessor-version":[{"id":75786,"href":"https:\/\/vosgesinfo.fr\/remiremontinfo\/wp-json\/wp\/v2\/posts\/75782\/revisions\/75786"}],"wp:featuredmedia":[{"embeddable":true,"href":"https:\/\/vosgesinfo.fr\/remiremontinfo\/wp-json\/wp\/v2\/media\/75784"}],"wp:attachment":[{"href":"https:\/\/vosgesinfo.fr\/remiremontinfo\/wp-json\/wp\/v2\/media?parent=75782"}],"wp:term":[{"taxonomy":"category","embeddable":true,"href":"https:\/\/vosgesinfo.fr\/remiremontinfo\/wp-json\/wp\/v2\/categories?post=75782"},{"taxonomy":"post_tag","embeddable":true,"href":"https:\/\/vosgesinfo.fr\/remiremontinfo\/wp-json\/wp\/v2\/tags?post=75782"}],"curies":[{"name":"wp","href":"https:\/\/api.w.org\/{rel}","templated":true}]}}