{"id":75868,"date":"2024-11-25T16:25:17","date_gmt":"2024-11-25T15:25:17","guid":{"rendered":"https:\/\/vosgesinfo.fr\/remiremontinfo\/?p=75868"},"modified":"2024-11-25T16:25:17","modified_gmt":"2024-11-25T15:25:17","slug":"football-la-billetterie-pour-le-match-us-raon-letape-fc-metz-est-ouverte","status":"publish","type":"post","link":"https:\/\/vosgesinfo.fr\/remiremontinfo\/2024\/11\/football-la-billetterie-pour-le-match-us-raon-letape-fc-metz-est-ouverte\/","title":{"rendered":"Football \u2013 La billetterie pour le match US Raon-l&rsquo;Etape \u2013 FC Metz est ouverte"},"content":{"rendered":"<h2>En fin de semaine, ce vendredi 29 novembre, l&rsquo;US Raon-l&rsquo;Etape (N2) re\u00e7oit le club professionnel du FC Metz (L2) dans le cadre du 8e tour de la Coupe de France de football. Le coup d&rsquo;envoi du match\u00e9 sera donn\u00e9 \u00e0 19h30, sur la pelouse du stade Paul-Gasser. Ouverture des portes d\u00e8s 17h.<\/h2>\n<p><!--more--><\/p>\n<p>La billetterie pour assister \u00e0 cet \u00e9v\u00e9nement sportif est ouverte. Le tarif est de 10\u20ac \u2013 Gratuit pour les abonn\u00e9(e)s et licenci\u00e9(e)s. <a href=\"https:\/\/www.helloasso.com\/associations\/us-raon-l-etape\/evenements\/8eme-tour-de-coupe-de-france-us-raon-fc-metz\" target=\"_blank\" rel=\"noopener\">Cliquer ici pour r\u00e9server sa place.<\/a> A noter que l&rsquo;US Raon-l&rsquo;Etape recherche encore quelques b\u00e9n\u00e9voles, pour le service et pour tenir la buvette. Plus de renseignements \u00e0 ce propos par t\u00e9l\u00e9phone, au 03-29-51-05-17.<\/p>\n<p><a href=\"https:\/\/vosgesinfo.fr\/app\/uploads\/sites\/4\/2024\/11\/cdf-football-us-raon-fc-metz.jpg\"><img decoding=\"async\" class=\"alignnone size-large wp-image-70916\" src=\"https:\/\/vosgesinfo.fr\/app\/uploads\/sites\/4\/2024\/11\/cdf-football-us-raon-fc-metz-819x1024.jpg\" alt=\"\" width=\"819\" height=\"1024\" \/><\/a><\/p>\n<p>J.J.<\/p>\n","protected":false},"excerpt":{"rendered":"<p>En fin de semaine, ce vendredi 29 novembre, l&rsquo;US Raon-l&rsquo;Etape (N2) re\u00e7oit le club professionnel du FC Metz (L2) dans [&hellip;]<\/p>\n","protected":false},"author":46,"featured_media":75869,"comment_status":"open","ping_status":"open","sticky":false,"template":"","format":"standard","meta":{"footnotes":""},"categories":[26,108,62,845,43,883,18],"tags":[6608,6609,4781,6610,6611],"class_list":["post-75868","post","type-post","status-publish","format-standard","has-post-thumbnail","hentry","category-a-la-une","category-epinal","category-gerardmer","category-la-plaine-des-vosges","category-remiremont-remiremont-son-canton","category-saint-die-des-vosges","category-vosges","tag-8e-tour-de-la-coupe-de-france-de-football-2024","tag-fc-metz","tag-raon-letape","tag-stade-paul-gasser","tag-us-raon-letape"],"acf":[],"yoast_head":"<!-- This site is optimized with the Yoast SEO plugin v22.5 - https:\/\/yoast.com\/wordpress\/plugins\/seo\/ -->\n<title>Football \u2013 La billetterie pour le match US Raon-l&#039;Etape \u2013 FC Metz est ouverte - Remiremont Info<\/title>\n<meta name=\"robots\" content=\"index, follow, max-snippet:-1, max-image-preview:large, max-video-preview:-1\" \/>\n<link rel=\"canonical\" href=\"https:\/\/vosgesinfo.fr\/remiremontinfo\/2024\/11\/football-la-billetterie-pour-le-match-us-raon-letape-fc-metz-est-ouverte\/\" \/>\n<meta name=\"twitter:card\" content=\"summary_large_image\" \/>\n<meta name=\"twitter:title\" content=\"Football \u2013 La billetterie pour le match US Raon-l&#039;Etape \u2013 FC Metz est ouverte - Remiremont Info\" \/>\n<meta name=\"twitter:description\" content=\"En fin de semaine, ce vendredi 29 novembre, l&rsquo;US Raon-l&rsquo;Etape (N2) re\u00e7oit le club professionnel du FC Metz (L2) dans [&hellip;]\" \/>\n<meta name=\"twitter:image\" content=\"https:\/\/vosgesinfo.fr\/app\/uploads\/sites\/5\/2024\/11\/cdf-football-us-raon-fc-metz.jpg\" \/>\n<meta name=\"twitter:creator\" content=\"@VosgesInfo88\" \/>\n<meta name=\"twitter:site\" content=\"@VosgesInfo88\" \/>\n<meta name=\"twitter:label1\" content=\"\u00c9crit par\" \/>\n\t<meta name=\"twitter:data1\" content=\"J.J.\" \/>\n\t<meta name=\"twitter:label2\" content=\"Dur\u00e9e de lecture estim\u00e9e\" \/>\n\t<meta name=\"twitter:data2\" content=\"1 minute\" \/>\n<script type=\"application\/ld+json\" class=\"yoast-schema-graph\">{\"@context\":\"https:\/\/schema.org\",\"@graph\":[{\"@type\":\"Article\",\"@id\":\"https:\/\/vosgesinfo.fr\/remiremontinfo\/2024\/11\/football-la-billetterie-pour-le-match-us-raon-letape-fc-metz-est-ouverte\/#article\",\"isPartOf\":{\"@id\":\"https:\/\/vosgesinfo.fr\/remiremontinfo\/2024\/11\/football-la-billetterie-pour-le-match-us-raon-letape-fc-metz-est-ouverte\/\"},\"author\":{\"name\":\"J.J.\",\"@id\":\"https:\/\/vosgesinfo.fr\/remiremontinfo\/#\/schema\/person\/fa73e9f726d67bb88f46d5b7943cb572\"},\"headline\":\"Football \u2013 La billetterie pour le match US Raon-l&rsquo;Etape \u2013 FC Metz est ouverte\",\"datePublished\":\"2024-11-25T15:25:17+00:00\",\"dateModified\":\"2024-11-25T15:25:17+00:00\",\"mainEntityOfPage\":{\"@id\":\"https:\/\/vosgesinfo.fr\/remiremontinfo\/2024\/11\/football-la-billetterie-pour-le-match-us-raon-letape-fc-metz-est-ouverte\/\"},\"wordCount\":136,\"commentCount\":0,\"publisher\":{\"@id\":\"https:\/\/vosgesinfo.fr\/remiremontinfo\/#organization\"},\"image\":{\"@id\":\"https:\/\/vosgesinfo.fr\/remiremontinfo\/2024\/11\/football-la-billetterie-pour-le-match-us-raon-letape-fc-metz-est-ouverte\/#primaryimage\"},\"thumbnailUrl\":\"https:\/\/vosgesinfo.fr\/app\/uploads\/sites\/5\/2024\/11\/cdf-football-us-raon-fc-metz.jpg\",\"keywords\":[\"8e tour de la Coupe de France de football 2024\",\"FC Metz\",\"raon-l'\u00e9tape\",\"Stade Paul-Gasser\",\"US Raon-l'Etape\"],\"articleSection\":[\"A la Une\",\"Epinal\",\"G\u00e9rardmer\",\"La plaine des vosges\",\"Remiremont\",\"Saint-Di\u00e9-des-Vosges\",\"Vosges\"],\"inLanguage\":\"fr-FR\",\"potentialAction\":[{\"@type\":\"CommentAction\",\"name\":\"Comment\",\"target\":[\"https:\/\/vosgesinfo.fr\/remiremontinfo\/2024\/11\/football-la-billetterie-pour-le-match-us-raon-letape-fc-metz-est-ouverte\/#respond\"]}]},{\"@type\":\"WebPage\",\"@id\":\"https:\/\/vosgesinfo.fr\/remiremontinfo\/2024\/11\/football-la-billetterie-pour-le-match-us-raon-letape-fc-metz-est-ouverte\/\",\"url\":\"https:\/\/vosgesinfo.fr\/remiremontinfo\/2024\/11\/football-la-billetterie-pour-le-match-us-raon-letape-fc-metz-est-ouverte\/\",\"name\":\"Football \u2013 La billetterie pour le match US Raon-l'Etape \u2013 FC Metz est ouverte - Remiremont Info\",\"isPartOf\":{\"@id\":\"https:\/\/vosgesinfo.fr\/remiremontinfo\/#website\"},\"primaryImageOfPage\":{\"@id\":\"https:\/\/vosgesinfo.fr\/remiremontinfo\/2024\/11\/football-la-billetterie-pour-le-match-us-raon-letape-fc-metz-est-ouverte\/#primaryimage\"},\"image\":{\"@id\":\"https:\/\/vosgesinfo.fr\/remiremontinfo\/2024\/11\/football-la-billetterie-pour-le-match-us-raon-letape-fc-metz-est-ouverte\/#primaryimage\"},\"thumbnailUrl\":\"https:\/\/vosgesinfo.fr\/app\/uploads\/sites\/5\/2024\/11\/cdf-football-us-raon-fc-metz.jpg\",\"datePublished\":\"2024-11-25T15:25:17+00:00\",\"dateModified\":\"2024-11-25T15:25:17+00:00\",\"breadcrumb\":{\"@id\":\"https:\/\/vosgesinfo.fr\/remiremontinfo\/2024\/11\/football-la-billetterie-pour-le-match-us-raon-letape-fc-metz-est-ouverte\/#breadcrumb\"},\"inLanguage\":\"fr-FR\",\"potentialAction\":[{\"@type\":\"ReadAction\",\"target\":[\"https:\/\/vosgesinfo.fr\/remiremontinfo\/2024\/11\/football-la-billetterie-pour-le-match-us-raon-letape-fc-metz-est-ouverte\/\"]}]},{\"@type\":\"ImageObject\",\"inLanguage\":\"fr-FR\",\"@id\":\"https:\/\/vosgesinfo.fr\/remiremontinfo\/2024\/11\/football-la-billetterie-pour-le-match-us-raon-letape-fc-metz-est-ouverte\/#primaryimage\",\"url\":\"https:\/\/vosgesinfo.fr\/app\/uploads\/sites\/5\/2024\/11\/cdf-football-us-raon-fc-metz.jpg\",\"contentUrl\":\"https:\/\/vosgesinfo.fr\/app\/uploads\/sites\/5\/2024\/11\/cdf-football-us-raon-fc-metz.jpg\",\"width\":1638,\"height\":2048},{\"@type\":\"BreadcrumbList\",\"@id\":\"https:\/\/vosgesinfo.fr\/remiremontinfo\/2024\/11\/football-la-billetterie-pour-le-match-us-raon-letape-fc-metz-est-ouverte\/#breadcrumb\",\"itemListElement\":[{\"@type\":\"ListItem\",\"position\":1,\"name\":\"Home\",\"item\":\"https:\/\/vosgesinfo.fr\/remiremontinfo\/\"},{\"@type\":\"ListItem\",\"position\":2,\"name\":\"Football \u2013 La billetterie pour le match US Raon-l&rsquo;Etape \u2013 FC Metz est ouverte\"}]},{\"@type\":\"WebSite\",\"@id\":\"https:\/\/vosgesinfo.fr\/remiremontinfo\/#website\",\"url\":\"https:\/\/vosgesinfo.fr\/remiremontinfo\/\",\"name\":\"Remiremont Info\",\"description\":\"Toute l&#039;actualit\u00e9 de Remiremont\",\"publisher\":{\"@id\":\"https:\/\/vosgesinfo.fr\/remiremontinfo\/#organization\"},\"alternateName\":\"Toute l'actualit\u00e9 de Remiremont\",\"potentialAction\":[{\"@type\":\"SearchAction\",\"target\":{\"@type\":\"EntryPoint\",\"urlTemplate\":\"https:\/\/vosgesinfo.fr\/remiremontinfo\/?s={search_term_string}\"},\"query-input\":\"required name=search_term_string\"}],\"inLanguage\":\"fr-FR\"},{\"@type\":\"Organization\",\"@id\":\"https:\/\/vosgesinfo.fr\/remiremontinfo\/#organization\",\"name\":\"Remiremont Info\",\"url\":\"https:\/\/vosgesinfo.fr\/remiremontinfo\/\",\"logo\":{\"@type\":\"ImageObject\",\"inLanguage\":\"fr-FR\",\"@id\":\"https:\/\/vosgesinfo.fr\/remiremontinfo\/#\/schema\/logo\/image\/\",\"url\":\"https:\/\/vosgesinfo.fr\/app\/uploads\/sites\/5\/2023\/08\/favicon-remiremontinfo.png\",\"contentUrl\":\"https:\/\/vosgesinfo.fr\/app\/uploads\/sites\/5\/2023\/08\/favicon-remiremontinfo.png\",\"width\":512,\"height\":512,\"caption\":\"Remiremont Info\"},\"image\":{\"@id\":\"https:\/\/vosgesinfo.fr\/remiremontinfo\/#\/schema\/logo\/image\/\"},\"sameAs\":[\"https:\/\/www.facebook.com\/remiremontinfo\",\"https:\/\/x.com\/VosgesInfo88\",\"https:\/\/www.youtube.com\/@vosgesinfo\"]},{\"@type\":\"Person\",\"@id\":\"https:\/\/vosgesinfo.fr\/remiremontinfo\/#\/schema\/person\/fa73e9f726d67bb88f46d5b7943cb572\",\"name\":\"J.J.\",\"image\":{\"@type\":\"ImageObject\",\"inLanguage\":\"fr-FR\",\"@id\":\"https:\/\/vosgesinfo.fr\/remiremontinfo\/#\/schema\/person\/image\/\",\"url\":\"https:\/\/secure.gravatar.com\/avatar\/219e749e47ffbcca018a360ae4add7d4cdf1cdaaf8bc7676b27efade3fe65615?s=96&d=mm&r=g\",\"contentUrl\":\"https:\/\/secure.gravatar.com\/avatar\/219e749e47ffbcca018a360ae4add7d4cdf1cdaaf8bc7676b27efade3fe65615?s=96&d=mm&r=g\",\"caption\":\"J.J.\"},\"url\":\"https:\/\/vosgesinfo.fr\/remiremontinfo\/author\/j-j\/\"}]}<\/script>\n<!-- \/ Yoast SEO plugin. -->","yoast_head_json":{"title":"Football \u2013 La billetterie pour le match US Raon-l'Etape \u2013 FC Metz est ouverte - Remiremont Info","robots":{"index":"index","follow":"follow","max-snippet":"max-snippet:-1","max-image-preview":"max-image-preview:large","max-video-preview":"max-video-preview:-1"},"canonical":"https:\/\/vosgesinfo.fr\/remiremontinfo\/2024\/11\/football-la-billetterie-pour-le-match-us-raon-letape-fc-metz-est-ouverte\/","twitter_card":"summary_large_image","twitter_title":"Football \u2013 La billetterie pour le match US Raon-l'Etape \u2013 FC Metz est ouverte - Remiremont Info","twitter_description":"En fin de semaine, ce vendredi 29 novembre, l&rsquo;US Raon-l&rsquo;Etape (N2) re\u00e7oit le club professionnel du FC Metz (L2) dans [&hellip;]","twitter_image":"https:\/\/vosgesinfo.fr\/app\/uploads\/sites\/5\/2024\/11\/cdf-football-us-raon-fc-metz.jpg","twitter_creator":"@VosgesInfo88","twitter_site":"@VosgesInfo88","twitter_misc":{"\u00c9crit par":"J.J.","Dur\u00e9e de lecture estim\u00e9e":"1 minute"},"schema":{"@context":"https:\/\/schema.org","@graph":[{"@type":"Article","@id":"https:\/\/vosgesinfo.fr\/remiremontinfo\/2024\/11\/football-la-billetterie-pour-le-match-us-raon-letape-fc-metz-est-ouverte\/#article","isPartOf":{"@id":"https:\/\/vosgesinfo.fr\/remiremontinfo\/2024\/11\/football-la-billetterie-pour-le-match-us-raon-letape-fc-metz-est-ouverte\/"},"author":{"name":"J.J.","@id":"https:\/\/vosgesinfo.fr\/remiremontinfo\/#\/schema\/person\/fa73e9f726d67bb88f46d5b7943cb572"},"headline":"Football \u2013 La billetterie pour le match US Raon-l&rsquo;Etape \u2013 FC Metz est ouverte","datePublished":"2024-11-25T15:25:17+00:00","dateModified":"2024-11-25T15:25:17+00:00","mainEntityOfPage":{"@id":"https:\/\/vosgesinfo.fr\/remiremontinfo\/2024\/11\/football-la-billetterie-pour-le-match-us-raon-letape-fc-metz-est-ouverte\/"},"wordCount":136,"commentCount":0,"publisher":{"@id":"https:\/\/vosgesinfo.fr\/remiremontinfo\/#organization"},"image":{"@id":"https:\/\/vosgesinfo.fr\/remiremontinfo\/2024\/11\/football-la-billetterie-pour-le-match-us-raon-letape-fc-metz-est-ouverte\/#primaryimage"},"thumbnailUrl":"https:\/\/vosgesinfo.fr\/app\/uploads\/sites\/5\/2024\/11\/cdf-football-us-raon-fc-metz.jpg","keywords":["8e tour de la Coupe de France de football 2024","FC Metz","raon-l'\u00e9tape","Stade Paul-Gasser","US Raon-l'Etape"],"articleSection":["A la Une","Epinal","G\u00e9rardmer","La plaine des vosges","Remiremont","Saint-Di\u00e9-des-Vosges","Vosges"],"inLanguage":"fr-FR","potentialAction":[{"@type":"CommentAction","name":"Comment","target":["https:\/\/vosgesinfo.fr\/remiremontinfo\/2024\/11\/football-la-billetterie-pour-le-match-us-raon-letape-fc-metz-est-ouverte\/#respond"]}]},{"@type":"WebPage","@id":"https:\/\/vosgesinfo.fr\/remiremontinfo\/2024\/11\/football-la-billetterie-pour-le-match-us-raon-letape-fc-metz-est-ouverte\/","url":"https:\/\/vosgesinfo.fr\/remiremontinfo\/2024\/11\/football-la-billetterie-pour-le-match-us-raon-letape-fc-metz-est-ouverte\/","name":"Football \u2013 La billetterie pour le match US Raon-l'Etape \u2013 FC Metz est ouverte - Remiremont Info","isPartOf":{"@id":"https:\/\/vosgesinfo.fr\/remiremontinfo\/#website"},"primaryImageOfPage":{"@id":"https:\/\/vosgesinfo.fr\/remiremontinfo\/2024\/11\/football-la-billetterie-pour-le-match-us-raon-letape-fc-metz-est-ouverte\/#primaryimage"},"image":{"@id":"https:\/\/vosgesinfo.fr\/remiremontinfo\/2024\/11\/football-la-billetterie-pour-le-match-us-raon-letape-fc-metz-est-ouverte\/#primaryimage"},"thumbnailUrl":"https:\/\/vosgesinfo.fr\/app\/uploads\/sites\/5\/2024\/11\/cdf-football-us-raon-fc-metz.jpg","datePublished":"2024-11-25T15:25:17+00:00","dateModified":"2024-11-25T15:25:17+00:00","breadcrumb":{"@id":"https:\/\/vosgesinfo.fr\/remiremontinfo\/2024\/11\/football-la-billetterie-pour-le-match-us-raon-letape-fc-metz-est-ouverte\/#breadcrumb"},"inLanguage":"fr-FR","potentialAction":[{"@type":"ReadAction","target":["https:\/\/vosgesinfo.fr\/remiremontinfo\/2024\/11\/football-la-billetterie-pour-le-match-us-raon-letape-fc-metz-est-ouverte\/"]}]},{"@type":"ImageObject","inLanguage":"fr-FR","@id":"https:\/\/vosgesinfo.fr\/remiremontinfo\/2024\/11\/football-la-billetterie-pour-le-match-us-raon-letape-fc-metz-est-ouverte\/#primaryimage","url":"https:\/\/vosgesinfo.fr\/app\/uploads\/sites\/5\/2024\/11\/cdf-football-us-raon-fc-metz.jpg","contentUrl":"https:\/\/vosgesinfo.fr\/app\/uploads\/sites\/5\/2024\/11\/cdf-football-us-raon-fc-metz.jpg","width":1638,"height":2048},{"@type":"BreadcrumbList","@id":"https:\/\/vosgesinfo.fr\/remiremontinfo\/2024\/11\/football-la-billetterie-pour-le-match-us-raon-letape-fc-metz-est-ouverte\/#breadcrumb","itemListElement":[{"@type":"ListItem","position":1,"name":"Home","item":"https:\/\/vosgesinfo.fr\/remiremontinfo\/"},{"@type":"ListItem","position":2,"name":"Football \u2013 La billetterie pour le match US Raon-l&rsquo;Etape \u2013 FC Metz est ouverte"}]},{"@type":"WebSite","@id":"https:\/\/vosgesinfo.fr\/remiremontinfo\/#website","url":"https:\/\/vosgesinfo.fr\/remiremontinfo\/","name":"Remiremont Info","description":"Toute l&#039;actualit\u00e9 de Remiremont","publisher":{"@id":"https:\/\/vosgesinfo.fr\/remiremontinfo\/#organization"},"alternateName":"Toute l'actualit\u00e9 de Remiremont","potentialAction":[{"@type":"SearchAction","target":{"@type":"EntryPoint","urlTemplate":"https:\/\/vosgesinfo.fr\/remiremontinfo\/?s={search_term_string}"},"query-input":"required name=search_term_string"}],"inLanguage":"fr-FR"},{"@type":"Organization","@id":"https:\/\/vosgesinfo.fr\/remiremontinfo\/#organization","name":"Remiremont Info","url":"https:\/\/vosgesinfo.fr\/remiremontinfo\/","logo":{"@type":"ImageObject","inLanguage":"fr-FR","@id":"https:\/\/vosgesinfo.fr\/remiremontinfo\/#\/schema\/logo\/image\/","url":"https:\/\/vosgesinfo.fr\/app\/uploads\/sites\/5\/2023\/08\/favicon-remiremontinfo.png","contentUrl":"https:\/\/vosgesinfo.fr\/app\/uploads\/sites\/5\/2023\/08\/favicon-remiremontinfo.png","width":512,"height":512,"caption":"Remiremont Info"},"image":{"@id":"https:\/\/vosgesinfo.fr\/remiremontinfo\/#\/schema\/logo\/image\/"},"sameAs":["https:\/\/www.facebook.com\/remiremontinfo","https:\/\/x.com\/VosgesInfo88","https:\/\/www.youtube.com\/@vosgesinfo"]},{"@type":"Person","@id":"https:\/\/vosgesinfo.fr\/remiremontinfo\/#\/schema\/person\/fa73e9f726d67bb88f46d5b7943cb572","name":"J.J.","image":{"@type":"ImageObject","inLanguage":"fr-FR","@id":"https:\/\/vosgesinfo.fr\/remiremontinfo\/#\/schema\/person\/image\/","url":"https:\/\/secure.gravatar.com\/avatar\/219e749e47ffbcca018a360ae4add7d4cdf1cdaaf8bc7676b27efade3fe65615?s=96&d=mm&r=g","contentUrl":"https:\/\/secure.gravatar.com\/avatar\/219e749e47ffbcca018a360ae4add7d4cdf1cdaaf8bc7676b27efade3fe65615?s=96&d=mm&r=g","caption":"J.J."},"url":"https:\/\/vosgesinfo.fr\/remiremontinfo\/author\/j-j\/"}]}},"_links":{"self":[{"href":"https:\/\/vosgesinfo.fr\/remiremontinfo\/wp-json\/wp\/v2\/posts\/75868","targetHints":{"allow":["GET"]}}],"collection":[{"href":"https:\/\/vosgesinfo.fr\/remiremontinfo\/wp-json\/wp\/v2\/posts"}],"about":[{"href":"https:\/\/vosgesinfo.fr\/remiremontinfo\/wp-json\/wp\/v2\/types\/post"}],"author":[{"embeddable":true,"href":"https:\/\/vosgesinfo.fr\/remiremontinfo\/wp-json\/wp\/v2\/users\/46"}],"replies":[{"embeddable":true,"href":"https:\/\/vosgesinfo.fr\/remiremontinfo\/wp-json\/wp\/v2\/comments?post=75868"}],"version-history":[{"count":0,"href":"https:\/\/vosgesinfo.fr\/remiremontinfo\/wp-json\/wp\/v2\/posts\/75868\/revisions"}],"wp:featuredmedia":[{"embeddable":true,"href":"https:\/\/vosgesinfo.fr\/remiremontinfo\/wp-json\/wp\/v2\/media\/75869"}],"wp:attachment":[{"href":"https:\/\/vosgesinfo.fr\/remiremontinfo\/wp-json\/wp\/v2\/media?parent=75868"}],"wp:term":[{"taxonomy":"category","embeddable":true,"href":"https:\/\/vosgesinfo.fr\/remiremontinfo\/wp-json\/wp\/v2\/categories?post=75868"},{"taxonomy":"post_tag","embeddable":true,"href":"https:\/\/vosgesinfo.fr\/remiremontinfo\/wp-json\/wp\/v2\/tags?post=75868"}],"curies":[{"name":"wp","href":"https:\/\/api.w.org\/{rel}","templated":true}]}}