{"id":75870,"date":"2024-11-25T16:33:19","date_gmt":"2024-11-25T15:33:19","guid":{"rendered":"https:\/\/vosgesinfo.fr\/remiremontinfo\/?p=75870"},"modified":"2024-11-25T16:33:19","modified_gmt":"2024-11-25T15:33:19","slug":"johan-villemain-et-sarah-vieuille-remportent-la-5e-montee-de-la-madeleine","status":"publish","type":"post","link":"https:\/\/vosgesinfo.fr\/remiremontinfo\/2024\/11\/johan-villemain-et-sarah-vieuille-remportent-la-5e-montee-de-la-madeleine\/","title":{"rendered":"Johan Villemain et Sarah Vieuille remportent la 5e Mont\u00e9e de la Madeleine"},"content":{"rendered":"<div id=\"attachment_70919\" style=\"width: 1034px\" class=\"wp-caption alignnone\"><a href=\"https:\/\/vosgesinfo.fr\/app\/uploads\/sites\/4\/2024\/11\/5e-montee-madeleine.jpg\"><img decoding=\"async\" aria-describedby=\"caption-attachment-70919\" class=\"wp-image-70919 size-large\" src=\"https:\/\/vosgesinfo.fr\/app\/uploads\/sites\/4\/2024\/11\/5e-montee-madeleine-1024x583.jpg\" alt=\"\" width=\"1024\" height=\"583\" \/><\/a><p id=\"caption-attachment-70919\" class=\"wp-caption-text\">(Photographie Tr&rsquo;Ailleurs)<\/p><\/div>\n<h2>Le club d\u00e9odatien Tr&rsquo;Ailleurs organisait ce dimanche la 5e Mont\u00e9e de la Madeleine. Une course trail qui, comme son nom l&rsquo;indique, consiste \u00e0 avaler du d\u00e9nivel\u00e9 sur les sentiers du massif de la Madeline.<\/h2>\n<p><!--more--><\/p>\n<p>Et \u00e0 ce jeu, les 2 meilleurs sont Johan Villemain chez les Hommes (1h08m19s pour une allure de 4m33s\/km) et Sarah Vieuille chez les Femmes (1h22m57s pour une allure de 5m31s\/km). Le podium Hommes est compl\u00e9t\u00e9 par Kevin Amado (2e en 1h13m15) et Joseph Maurice (3e en 1h13m35s)\u00a0; chez les Femmes par Capucine Leys (2e en 1h30m37s) et Manon Charpy (3e en 1h31m11s). Au total, plus de 500 personnes \u00e9taient inscrites pour se confronter au massif de la Madeleine, en courant ou en marchant. Car plusieurs formats \u00e9taient propos\u00e9s par le club organisateur, qui remercie \u00ab\u00a0tous les b\u00e9n\u00e9voles, coureurs, marcheurs, partenaires, le Conseil D\u00e9partemental, la Ville de Saint-Di\u00e9-des-Vosges et l&rsquo;accueil \u00e0 G\u00e9oparc.\u00a0\u00bb<\/p>\n<p><a href=\"https:\/\/my.raceresult.com\/318055\/\" target=\"_blank\" rel=\"noopener\">Les r\u00e9sultats complets de cette 5e Mont\u00e9e de la Madeleine sont \u00e0 retrouver ici.<\/a><\/p>\n<p>J.J.<\/p>\n","protected":false},"excerpt":{"rendered":"<p>Le club d\u00e9odatien Tr&rsquo;Ailleurs organisait ce dimanche la 5e Mont\u00e9e de la Madeleine. Une course trail qui, comme son nom [&hellip;]<\/p>\n","protected":false},"author":46,"featured_media":75871,"comment_status":"open","ping_status":"open","sticky":false,"template":"","format":"standard","meta":{"footnotes":""},"categories":[26,108,62,845,43,891,14,18],"tags":[6612,6613,6614,6615,647],"class_list":["post-75870","post","type-post","status-publish","format-standard","has-post-thumbnail","hentry","category-a-la-une","category-epinal","category-gerardmer","category-la-plaine-des-vosges","category-remiremont-remiremont-son-canton","category-saint-die-des-vosges-et-son-agglomeration","category-sport","category-vosges","tag-5e-montee-de-la-madeleine","tag-massif-de-la-madeleine","tag-montee-de-la-madeleine","tag-trailleurs","tag-trail"],"acf":[],"yoast_head":"<!-- This site is optimized with the Yoast SEO plugin v22.5 - https:\/\/yoast.com\/wordpress\/plugins\/seo\/ -->\n<title>Johan Villemain et Sarah Vieuille remportent la 5e Mont\u00e9e de la Madeleine - Remiremont Info<\/title>\n<meta name=\"robots\" content=\"index, follow, max-snippet:-1, max-image-preview:large, max-video-preview:-1\" \/>\n<link rel=\"canonical\" href=\"https:\/\/vosgesinfo.fr\/remiremontinfo\/2024\/11\/johan-villemain-et-sarah-vieuille-remportent-la-5e-montee-de-la-madeleine\/\" \/>\n<meta name=\"twitter:card\" content=\"summary_large_image\" \/>\n<meta name=\"twitter:title\" content=\"Johan Villemain et Sarah Vieuille remportent la 5e Mont\u00e9e de la Madeleine - Remiremont Info\" \/>\n<meta name=\"twitter:description\" content=\"Le club d\u00e9odatien Tr&rsquo;Ailleurs organisait ce dimanche la 5e Mont\u00e9e de la Madeleine. Une course trail qui, comme son nom [&hellip;]\" \/>\n<meta name=\"twitter:image\" content=\"https:\/\/vosgesinfo.fr\/app\/uploads\/sites\/5\/2024\/11\/5e-montee-madeleine.jpg\" \/>\n<meta name=\"twitter:creator\" content=\"@VosgesInfo88\" \/>\n<meta name=\"twitter:site\" content=\"@VosgesInfo88\" \/>\n<meta name=\"twitter:label1\" content=\"\u00c9crit par\" \/>\n\t<meta name=\"twitter:data1\" content=\"J.J.\" \/>\n\t<meta name=\"twitter:label2\" content=\"Dur\u00e9e de lecture estim\u00e9e\" \/>\n\t<meta name=\"twitter:data2\" content=\"1 minute\" \/>\n<script type=\"application\/ld+json\" class=\"yoast-schema-graph\">{\"@context\":\"https:\/\/schema.org\",\"@graph\":[{\"@type\":\"Article\",\"@id\":\"https:\/\/vosgesinfo.fr\/remiremontinfo\/2024\/11\/johan-villemain-et-sarah-vieuille-remportent-la-5e-montee-de-la-madeleine\/#article\",\"isPartOf\":{\"@id\":\"https:\/\/vosgesinfo.fr\/remiremontinfo\/2024\/11\/johan-villemain-et-sarah-vieuille-remportent-la-5e-montee-de-la-madeleine\/\"},\"author\":{\"name\":\"J.J.\",\"@id\":\"https:\/\/vosgesinfo.fr\/remiremontinfo\/#\/schema\/person\/fa73e9f726d67bb88f46d5b7943cb572\"},\"headline\":\"Johan Villemain et Sarah Vieuille remportent la 5e Mont\u00e9e de la Madeleine\",\"datePublished\":\"2024-11-25T15:33:19+00:00\",\"dateModified\":\"2024-11-25T15:33:19+00:00\",\"mainEntityOfPage\":{\"@id\":\"https:\/\/vosgesinfo.fr\/remiremontinfo\/2024\/11\/johan-villemain-et-sarah-vieuille-remportent-la-5e-montee-de-la-madeleine\/\"},\"wordCount\":209,\"commentCount\":0,\"publisher\":{\"@id\":\"https:\/\/vosgesinfo.fr\/remiremontinfo\/#organization\"},\"image\":{\"@id\":\"https:\/\/vosgesinfo.fr\/remiremontinfo\/2024\/11\/johan-villemain-et-sarah-vieuille-remportent-la-5e-montee-de-la-madeleine\/#primaryimage\"},\"thumbnailUrl\":\"https:\/\/vosgesinfo.fr\/app\/uploads\/sites\/5\/2024\/11\/5e-montee-madeleine.jpg\",\"keywords\":[\"5e Mont\u00e9e de la Madeleine\",\"Massif de La Madeleine\",\"Mont\u00e9e de la Madeleine\",\"Tr'Ailleurs\",\"Trail\"],\"articleSection\":[\"A la Une\",\"Epinal\",\"G\u00e9rardmer\",\"La plaine des vosges\",\"Remiremont\",\"Saint-Di\u00e9-des-Vosges et son Agglom\u00e9ration\",\"Sport\",\"Vosges\"],\"inLanguage\":\"fr-FR\",\"potentialAction\":[{\"@type\":\"CommentAction\",\"name\":\"Comment\",\"target\":[\"https:\/\/vosgesinfo.fr\/remiremontinfo\/2024\/11\/johan-villemain-et-sarah-vieuille-remportent-la-5e-montee-de-la-madeleine\/#respond\"]}]},{\"@type\":\"WebPage\",\"@id\":\"https:\/\/vosgesinfo.fr\/remiremontinfo\/2024\/11\/johan-villemain-et-sarah-vieuille-remportent-la-5e-montee-de-la-madeleine\/\",\"url\":\"https:\/\/vosgesinfo.fr\/remiremontinfo\/2024\/11\/johan-villemain-et-sarah-vieuille-remportent-la-5e-montee-de-la-madeleine\/\",\"name\":\"Johan Villemain et Sarah Vieuille remportent la 5e Mont\u00e9e de la Madeleine - Remiremont Info\",\"isPartOf\":{\"@id\":\"https:\/\/vosgesinfo.fr\/remiremontinfo\/#website\"},\"primaryImageOfPage\":{\"@id\":\"https:\/\/vosgesinfo.fr\/remiremontinfo\/2024\/11\/johan-villemain-et-sarah-vieuille-remportent-la-5e-montee-de-la-madeleine\/#primaryimage\"},\"image\":{\"@id\":\"https:\/\/vosgesinfo.fr\/remiremontinfo\/2024\/11\/johan-villemain-et-sarah-vieuille-remportent-la-5e-montee-de-la-madeleine\/#primaryimage\"},\"thumbnailUrl\":\"https:\/\/vosgesinfo.fr\/app\/uploads\/sites\/5\/2024\/11\/5e-montee-madeleine.jpg\",\"datePublished\":\"2024-11-25T15:33:19+00:00\",\"dateModified\":\"2024-11-25T15:33:19+00:00\",\"breadcrumb\":{\"@id\":\"https:\/\/vosgesinfo.fr\/remiremontinfo\/2024\/11\/johan-villemain-et-sarah-vieuille-remportent-la-5e-montee-de-la-madeleine\/#breadcrumb\"},\"inLanguage\":\"fr-FR\",\"potentialAction\":[{\"@type\":\"ReadAction\",\"target\":[\"https:\/\/vosgesinfo.fr\/remiremontinfo\/2024\/11\/johan-villemain-et-sarah-vieuille-remportent-la-5e-montee-de-la-madeleine\/\"]}]},{\"@type\":\"ImageObject\",\"inLanguage\":\"fr-FR\",\"@id\":\"https:\/\/vosgesinfo.fr\/remiremontinfo\/2024\/11\/johan-villemain-et-sarah-vieuille-remportent-la-5e-montee-de-la-madeleine\/#primaryimage\",\"url\":\"https:\/\/vosgesinfo.fr\/app\/uploads\/sites\/5\/2024\/11\/5e-montee-madeleine.jpg\",\"contentUrl\":\"https:\/\/vosgesinfo.fr\/app\/uploads\/sites\/5\/2024\/11\/5e-montee-madeleine.jpg\",\"width\":1234,\"height\":703},{\"@type\":\"BreadcrumbList\",\"@id\":\"https:\/\/vosgesinfo.fr\/remiremontinfo\/2024\/11\/johan-villemain-et-sarah-vieuille-remportent-la-5e-montee-de-la-madeleine\/#breadcrumb\",\"itemListElement\":[{\"@type\":\"ListItem\",\"position\":1,\"name\":\"Home\",\"item\":\"https:\/\/vosgesinfo.fr\/remiremontinfo\/\"},{\"@type\":\"ListItem\",\"position\":2,\"name\":\"Johan Villemain et Sarah Vieuille remportent la 5e Mont\u00e9e de la Madeleine\"}]},{\"@type\":\"WebSite\",\"@id\":\"https:\/\/vosgesinfo.fr\/remiremontinfo\/#website\",\"url\":\"https:\/\/vosgesinfo.fr\/remiremontinfo\/\",\"name\":\"Remiremont Info\",\"description\":\"Toute l&#039;actualit\u00e9 de Remiremont\",\"publisher\":{\"@id\":\"https:\/\/vosgesinfo.fr\/remiremontinfo\/#organization\"},\"alternateName\":\"Toute l'actualit\u00e9 de Remiremont\",\"potentialAction\":[{\"@type\":\"SearchAction\",\"target\":{\"@type\":\"EntryPoint\",\"urlTemplate\":\"https:\/\/vosgesinfo.fr\/remiremontinfo\/?s={search_term_string}\"},\"query-input\":\"required name=search_term_string\"}],\"inLanguage\":\"fr-FR\"},{\"@type\":\"Organization\",\"@id\":\"https:\/\/vosgesinfo.fr\/remiremontinfo\/#organization\",\"name\":\"Remiremont Info\",\"url\":\"https:\/\/vosgesinfo.fr\/remiremontinfo\/\",\"logo\":{\"@type\":\"ImageObject\",\"inLanguage\":\"fr-FR\",\"@id\":\"https:\/\/vosgesinfo.fr\/remiremontinfo\/#\/schema\/logo\/image\/\",\"url\":\"https:\/\/vosgesinfo.fr\/app\/uploads\/sites\/5\/2023\/08\/favicon-remiremontinfo.png\",\"contentUrl\":\"https:\/\/vosgesinfo.fr\/app\/uploads\/sites\/5\/2023\/08\/favicon-remiremontinfo.png\",\"width\":512,\"height\":512,\"caption\":\"Remiremont Info\"},\"image\":{\"@id\":\"https:\/\/vosgesinfo.fr\/remiremontinfo\/#\/schema\/logo\/image\/\"},\"sameAs\":[\"https:\/\/www.facebook.com\/remiremontinfo\",\"https:\/\/x.com\/VosgesInfo88\",\"https:\/\/www.youtube.com\/@vosgesinfo\"]},{\"@type\":\"Person\",\"@id\":\"https:\/\/vosgesinfo.fr\/remiremontinfo\/#\/schema\/person\/fa73e9f726d67bb88f46d5b7943cb572\",\"name\":\"J.J.\",\"image\":{\"@type\":\"ImageObject\",\"inLanguage\":\"fr-FR\",\"@id\":\"https:\/\/vosgesinfo.fr\/remiremontinfo\/#\/schema\/person\/image\/\",\"url\":\"https:\/\/secure.gravatar.com\/avatar\/219e749e47ffbcca018a360ae4add7d4cdf1cdaaf8bc7676b27efade3fe65615?s=96&d=mm&r=g\",\"contentUrl\":\"https:\/\/secure.gravatar.com\/avatar\/219e749e47ffbcca018a360ae4add7d4cdf1cdaaf8bc7676b27efade3fe65615?s=96&d=mm&r=g\",\"caption\":\"J.J.\"},\"url\":\"https:\/\/vosgesinfo.fr\/remiremontinfo\/author\/j-j\/\"}]}<\/script>\n<!-- \/ Yoast SEO plugin. -->","yoast_head_json":{"title":"Johan Villemain et Sarah Vieuille remportent la 5e Mont\u00e9e de la Madeleine - Remiremont Info","robots":{"index":"index","follow":"follow","max-snippet":"max-snippet:-1","max-image-preview":"max-image-preview:large","max-video-preview":"max-video-preview:-1"},"canonical":"https:\/\/vosgesinfo.fr\/remiremontinfo\/2024\/11\/johan-villemain-et-sarah-vieuille-remportent-la-5e-montee-de-la-madeleine\/","twitter_card":"summary_large_image","twitter_title":"Johan Villemain et Sarah Vieuille remportent la 5e Mont\u00e9e de la Madeleine - Remiremont Info","twitter_description":"Le club d\u00e9odatien Tr&rsquo;Ailleurs organisait ce dimanche la 5e Mont\u00e9e de la Madeleine. Une course trail qui, comme son nom [&hellip;]","twitter_image":"https:\/\/vosgesinfo.fr\/app\/uploads\/sites\/5\/2024\/11\/5e-montee-madeleine.jpg","twitter_creator":"@VosgesInfo88","twitter_site":"@VosgesInfo88","twitter_misc":{"\u00c9crit par":"J.J.","Dur\u00e9e de lecture estim\u00e9e":"1 minute"},"schema":{"@context":"https:\/\/schema.org","@graph":[{"@type":"Article","@id":"https:\/\/vosgesinfo.fr\/remiremontinfo\/2024\/11\/johan-villemain-et-sarah-vieuille-remportent-la-5e-montee-de-la-madeleine\/#article","isPartOf":{"@id":"https:\/\/vosgesinfo.fr\/remiremontinfo\/2024\/11\/johan-villemain-et-sarah-vieuille-remportent-la-5e-montee-de-la-madeleine\/"},"author":{"name":"J.J.","@id":"https:\/\/vosgesinfo.fr\/remiremontinfo\/#\/schema\/person\/fa73e9f726d67bb88f46d5b7943cb572"},"headline":"Johan Villemain et Sarah Vieuille remportent la 5e Mont\u00e9e de la Madeleine","datePublished":"2024-11-25T15:33:19+00:00","dateModified":"2024-11-25T15:33:19+00:00","mainEntityOfPage":{"@id":"https:\/\/vosgesinfo.fr\/remiremontinfo\/2024\/11\/johan-villemain-et-sarah-vieuille-remportent-la-5e-montee-de-la-madeleine\/"},"wordCount":209,"commentCount":0,"publisher":{"@id":"https:\/\/vosgesinfo.fr\/remiremontinfo\/#organization"},"image":{"@id":"https:\/\/vosgesinfo.fr\/remiremontinfo\/2024\/11\/johan-villemain-et-sarah-vieuille-remportent-la-5e-montee-de-la-madeleine\/#primaryimage"},"thumbnailUrl":"https:\/\/vosgesinfo.fr\/app\/uploads\/sites\/5\/2024\/11\/5e-montee-madeleine.jpg","keywords":["5e Mont\u00e9e de la Madeleine","Massif de La Madeleine","Mont\u00e9e de la Madeleine","Tr'Ailleurs","Trail"],"articleSection":["A la Une","Epinal","G\u00e9rardmer","La plaine des vosges","Remiremont","Saint-Di\u00e9-des-Vosges et son Agglom\u00e9ration","Sport","Vosges"],"inLanguage":"fr-FR","potentialAction":[{"@type":"CommentAction","name":"Comment","target":["https:\/\/vosgesinfo.fr\/remiremontinfo\/2024\/11\/johan-villemain-et-sarah-vieuille-remportent-la-5e-montee-de-la-madeleine\/#respond"]}]},{"@type":"WebPage","@id":"https:\/\/vosgesinfo.fr\/remiremontinfo\/2024\/11\/johan-villemain-et-sarah-vieuille-remportent-la-5e-montee-de-la-madeleine\/","url":"https:\/\/vosgesinfo.fr\/remiremontinfo\/2024\/11\/johan-villemain-et-sarah-vieuille-remportent-la-5e-montee-de-la-madeleine\/","name":"Johan Villemain et Sarah Vieuille remportent la 5e Mont\u00e9e de la Madeleine - Remiremont Info","isPartOf":{"@id":"https:\/\/vosgesinfo.fr\/remiremontinfo\/#website"},"primaryImageOfPage":{"@id":"https:\/\/vosgesinfo.fr\/remiremontinfo\/2024\/11\/johan-villemain-et-sarah-vieuille-remportent-la-5e-montee-de-la-madeleine\/#primaryimage"},"image":{"@id":"https:\/\/vosgesinfo.fr\/remiremontinfo\/2024\/11\/johan-villemain-et-sarah-vieuille-remportent-la-5e-montee-de-la-madeleine\/#primaryimage"},"thumbnailUrl":"https:\/\/vosgesinfo.fr\/app\/uploads\/sites\/5\/2024\/11\/5e-montee-madeleine.jpg","datePublished":"2024-11-25T15:33:19+00:00","dateModified":"2024-11-25T15:33:19+00:00","breadcrumb":{"@id":"https:\/\/vosgesinfo.fr\/remiremontinfo\/2024\/11\/johan-villemain-et-sarah-vieuille-remportent-la-5e-montee-de-la-madeleine\/#breadcrumb"},"inLanguage":"fr-FR","potentialAction":[{"@type":"ReadAction","target":["https:\/\/vosgesinfo.fr\/remiremontinfo\/2024\/11\/johan-villemain-et-sarah-vieuille-remportent-la-5e-montee-de-la-madeleine\/"]}]},{"@type":"ImageObject","inLanguage":"fr-FR","@id":"https:\/\/vosgesinfo.fr\/remiremontinfo\/2024\/11\/johan-villemain-et-sarah-vieuille-remportent-la-5e-montee-de-la-madeleine\/#primaryimage","url":"https:\/\/vosgesinfo.fr\/app\/uploads\/sites\/5\/2024\/11\/5e-montee-madeleine.jpg","contentUrl":"https:\/\/vosgesinfo.fr\/app\/uploads\/sites\/5\/2024\/11\/5e-montee-madeleine.jpg","width":1234,"height":703},{"@type":"BreadcrumbList","@id":"https:\/\/vosgesinfo.fr\/remiremontinfo\/2024\/11\/johan-villemain-et-sarah-vieuille-remportent-la-5e-montee-de-la-madeleine\/#breadcrumb","itemListElement":[{"@type":"ListItem","position":1,"name":"Home","item":"https:\/\/vosgesinfo.fr\/remiremontinfo\/"},{"@type":"ListItem","position":2,"name":"Johan Villemain et Sarah Vieuille remportent la 5e Mont\u00e9e de la Madeleine"}]},{"@type":"WebSite","@id":"https:\/\/vosgesinfo.fr\/remiremontinfo\/#website","url":"https:\/\/vosgesinfo.fr\/remiremontinfo\/","name":"Remiremont Info","description":"Toute l&#039;actualit\u00e9 de Remiremont","publisher":{"@id":"https:\/\/vosgesinfo.fr\/remiremontinfo\/#organization"},"alternateName":"Toute l'actualit\u00e9 de Remiremont","potentialAction":[{"@type":"SearchAction","target":{"@type":"EntryPoint","urlTemplate":"https:\/\/vosgesinfo.fr\/remiremontinfo\/?s={search_term_string}"},"query-input":"required name=search_term_string"}],"inLanguage":"fr-FR"},{"@type":"Organization","@id":"https:\/\/vosgesinfo.fr\/remiremontinfo\/#organization","name":"Remiremont Info","url":"https:\/\/vosgesinfo.fr\/remiremontinfo\/","logo":{"@type":"ImageObject","inLanguage":"fr-FR","@id":"https:\/\/vosgesinfo.fr\/remiremontinfo\/#\/schema\/logo\/image\/","url":"https:\/\/vosgesinfo.fr\/app\/uploads\/sites\/5\/2023\/08\/favicon-remiremontinfo.png","contentUrl":"https:\/\/vosgesinfo.fr\/app\/uploads\/sites\/5\/2023\/08\/favicon-remiremontinfo.png","width":512,"height":512,"caption":"Remiremont Info"},"image":{"@id":"https:\/\/vosgesinfo.fr\/remiremontinfo\/#\/schema\/logo\/image\/"},"sameAs":["https:\/\/www.facebook.com\/remiremontinfo","https:\/\/x.com\/VosgesInfo88","https:\/\/www.youtube.com\/@vosgesinfo"]},{"@type":"Person","@id":"https:\/\/vosgesinfo.fr\/remiremontinfo\/#\/schema\/person\/fa73e9f726d67bb88f46d5b7943cb572","name":"J.J.","image":{"@type":"ImageObject","inLanguage":"fr-FR","@id":"https:\/\/vosgesinfo.fr\/remiremontinfo\/#\/schema\/person\/image\/","url":"https:\/\/secure.gravatar.com\/avatar\/219e749e47ffbcca018a360ae4add7d4cdf1cdaaf8bc7676b27efade3fe65615?s=96&d=mm&r=g","contentUrl":"https:\/\/secure.gravatar.com\/avatar\/219e749e47ffbcca018a360ae4add7d4cdf1cdaaf8bc7676b27efade3fe65615?s=96&d=mm&r=g","caption":"J.J."},"url":"https:\/\/vosgesinfo.fr\/remiremontinfo\/author\/j-j\/"}]}},"_links":{"self":[{"href":"https:\/\/vosgesinfo.fr\/remiremontinfo\/wp-json\/wp\/v2\/posts\/75870","targetHints":{"allow":["GET"]}}],"collection":[{"href":"https:\/\/vosgesinfo.fr\/remiremontinfo\/wp-json\/wp\/v2\/posts"}],"about":[{"href":"https:\/\/vosgesinfo.fr\/remiremontinfo\/wp-json\/wp\/v2\/types\/post"}],"author":[{"embeddable":true,"href":"https:\/\/vosgesinfo.fr\/remiremontinfo\/wp-json\/wp\/v2\/users\/46"}],"replies":[{"embeddable":true,"href":"https:\/\/vosgesinfo.fr\/remiremontinfo\/wp-json\/wp\/v2\/comments?post=75870"}],"version-history":[{"count":0,"href":"https:\/\/vosgesinfo.fr\/remiremontinfo\/wp-json\/wp\/v2\/posts\/75870\/revisions"}],"wp:featuredmedia":[{"embeddable":true,"href":"https:\/\/vosgesinfo.fr\/remiremontinfo\/wp-json\/wp\/v2\/media\/75871"}],"wp:attachment":[{"href":"https:\/\/vosgesinfo.fr\/remiremontinfo\/wp-json\/wp\/v2\/media?parent=75870"}],"wp:term":[{"taxonomy":"category","embeddable":true,"href":"https:\/\/vosgesinfo.fr\/remiremontinfo\/wp-json\/wp\/v2\/categories?post=75870"},{"taxonomy":"post_tag","embeddable":true,"href":"https:\/\/vosgesinfo.fr\/remiremontinfo\/wp-json\/wp\/v2\/tags?post=75870"}],"curies":[{"name":"wp","href":"https:\/\/api.w.org\/{rel}","templated":true}]}}