{"id":76143,"date":"2024-12-11T07:32:36","date_gmt":"2024-12-11T06:32:36","guid":{"rendered":"https:\/\/vosgesinfo.fr\/remiremontinfo\/?p=76143"},"modified":"2024-12-10T17:33:16","modified_gmt":"2024-12-10T16:33:16","slug":"siago-berger-allemand-vosgien-sacre-plus-beau-chien-de-france-pour-la-deuxieme-annee-consecutive","status":"publish","type":"post","link":"https:\/\/vosgesinfo.fr\/remiremontinfo\/2024\/12\/siago-berger-allemand-vosgien-sacre-plus-beau-chien-de-france-pour-la-deuxieme-annee-consecutive\/","title":{"rendered":"Siago, berger allemand vosgien, sacr\u00e9 plus beau chien de France pour la deuxi\u00e8me ann\u00e9e cons\u00e9cutive"},"content":{"rendered":"<blockquote><p><a href=\"https:\/\/vosgesinfo.fr\/app\/uploads\/sites\/5\/2024\/12\/siago-plus-beau-chien-de-france.jpg\"><img decoding=\"async\" class=\"aligncenter size-large wp-image-76144\" src=\"https:\/\/vosgesinfo.fr\/app\/uploads\/sites\/5\/2024\/12\/siago-plus-beau-chien-de-france-1024x683.jpg\" alt=\"\" width=\"1024\" height=\"683\" srcset=\"https:\/\/vosgesinfo.fr\/app\/uploads\/sites\/5\/2024\/12\/siago-plus-beau-chien-de-france-1024x683.jpg 1024w, https:\/\/vosgesinfo.fr\/app\/uploads\/sites\/5\/2024\/12\/siago-plus-beau-chien-de-france-300x200.jpg 300w, https:\/\/vosgesinfo.fr\/app\/uploads\/sites\/5\/2024\/12\/siago-plus-beau-chien-de-france-768x512.jpg 768w, https:\/\/vosgesinfo.fr\/app\/uploads\/sites\/5\/2024\/12\/siago-plus-beau-chien-de-france-1536x1024.jpg 1536w, https:\/\/vosgesinfo.fr\/app\/uploads\/sites\/5\/2024\/12\/siago-plus-beau-chien-de-france.jpg 2048w\" sizes=\"(max-width: 1024px) 100vw, 1024px\" \/><\/a><\/p>\n<p><strong>Une nouvelle cons\u00e9cration pour Siago, le berger allemand de l\u2019\u00e9levage <em>La Petite Laeticia<\/em> \u00e0 Rupt-sur-Moselle ! Lors d\u2019un prestigieux concours organis\u00e9 par la Centrale Canine \u00e0 Montlu\u00e7on, Siago a surclass\u00e9 8 000 concurrents pour \u00eatre \u00e9lu <em>plus beau chien de France<\/em> pour la deuxi\u00e8me ann\u00e9e cons\u00e9cutive.<\/strong><\/p>\n<p><strong>Une victoire au sommet<\/strong><br \/>\nDurant ce week-end de comp\u00e9tition intense, Siago a franchi toutes les \u00e9tapes avec brio, jusqu\u2019\u00e0 remporter le titre tant convoit\u00e9. Son propri\u00e9taire, Philippe Breinlen, a re\u00e7u un vase de S\u00e8vres remis par le pr\u00e9fet, cadeau prestigieux offert par le pr\u00e9sident de la R\u00e9publique, symbolisant l\u2019excellence de cette victoire.<\/p>\n<p><strong>Un \u00e9leveur d\u2019exception<\/strong><br \/>\nPhilippe Breinlen, \u00e9leveur passionn\u00e9 et habitu\u00e9 des podiums, baigne dans le milieu canin depuis son enfance. Suivant les traces de son p\u00e8re, il a su b\u00e2tir un palmar\u00e8s impressionnant. En plus des deux titres cons\u00e9cutifs de Siago, Philippe a d\u00e9j\u00e0 d\u00e9croch\u00e9 une m\u00e9daille d\u2019or et une d\u2019argent au Salon de l\u2019Agriculture dans la cat\u00e9gorie <em>meilleur champion chien \u2013 \u00e9galement<\/em>\u00a0avec Siago<em> \u2013,<\/em>\u00a0\u00e9t\u00e9 sacr\u00e9 <em>meilleur \u00e9leveur de France<\/em> \u00e0 deux reprises, et figure dans le Top 10 mondial des meilleurs \u00e9leveurs de bergers allemands.<\/p>\n<p>Siago incarne aujourd\u2019hui l\u2019excellence de l\u2019\u00e9levage vosgien, et cette double victoire confirme le talent et la passion de Philippe Breinlen pour la perfection canine. Une fiert\u00e9 pour Rupt-sur-Moselle et pour toute la r\u00e9gion.<\/p><\/blockquote>\n","protected":false},"excerpt":{"rendered":"<p>Une nouvelle cons\u00e9cration pour Siago, le berger allemand de l\u2019\u00e9levage La Petite Laeticia \u00e0 Rupt-sur-Moselle ! Lors d\u2019un prestigieux concours [&hellip;]<\/p>\n","protected":false},"author":418,"featured_media":76144,"comment_status":"open","ping_status":"open","sticky":false,"template":"","format":"standard","meta":{"footnotes":""},"categories":[26,203,108,1547,845,43,250,362],"tags":[6653,6652,6655,6654],"class_list":["post-76143","post","type-post","status-publish","format-standard","has-post-thumbnail","hentry","category-a-la-une","category-animaux","category-epinal","category-gerardmer-2","category-la-plaine-des-vosges","category-remiremont-remiremont-son-canton","category-rupt-sur-moselle","category-saint-die","tag-la-petite-laeticia","tag-philippe-breinlen","tag-plus-beau-chien-de-france","tag-siago"],"acf":[],"yoast_head":"<!-- This site is optimized with the Yoast SEO plugin v22.5 - https:\/\/yoast.com\/wordpress\/plugins\/seo\/ -->\n<title>Siago, berger allemand vosgien, sacr\u00e9 plus beau chien de France pour la deuxi\u00e8me ann\u00e9e cons\u00e9cutive - Remiremont Info<\/title>\n<meta name=\"robots\" content=\"index, follow, max-snippet:-1, max-image-preview:large, max-video-preview:-1\" \/>\n<link rel=\"canonical\" href=\"https:\/\/vosgesinfo.fr\/remiremontinfo\/2024\/12\/siago-berger-allemand-vosgien-sacre-plus-beau-chien-de-france-pour-la-deuxieme-annee-consecutive\/\" \/>\n<meta name=\"twitter:card\" content=\"summary_large_image\" \/>\n<meta name=\"twitter:title\" content=\"Siago, berger allemand vosgien, sacr\u00e9 plus beau chien de France pour la deuxi\u00e8me ann\u00e9e cons\u00e9cutive - Remiremont Info\" \/>\n<meta name=\"twitter:description\" content=\"Une nouvelle cons\u00e9cration pour Siago, le berger allemand de l\u2019\u00e9levage La Petite Laeticia \u00e0 Rupt-sur-Moselle ! Lors d\u2019un prestigieux concours [&hellip;]\" \/>\n<meta name=\"twitter:image\" content=\"https:\/\/vosgesinfo.fr\/app\/uploads\/sites\/5\/2024\/12\/siago-plus-beau-chien-de-france.jpg\" \/>\n<meta name=\"twitter:creator\" content=\"@VosgesInfo88\" \/>\n<meta name=\"twitter:site\" content=\"@VosgesInfo88\" \/>\n<meta name=\"twitter:label1\" content=\"\u00c9crit par\" \/>\n\t<meta name=\"twitter:data1\" content=\"C.M\" \/>\n\t<meta name=\"twitter:label2\" content=\"Dur\u00e9e de lecture estim\u00e9e\" \/>\n\t<meta name=\"twitter:data2\" content=\"1 minute\" \/>\n<script type=\"application\/ld+json\" class=\"yoast-schema-graph\">{\"@context\":\"https:\/\/schema.org\",\"@graph\":[{\"@type\":\"Article\",\"@id\":\"https:\/\/vosgesinfo.fr\/remiremontinfo\/2024\/12\/siago-berger-allemand-vosgien-sacre-plus-beau-chien-de-france-pour-la-deuxieme-annee-consecutive\/#article\",\"isPartOf\":{\"@id\":\"https:\/\/vosgesinfo.fr\/remiremontinfo\/2024\/12\/siago-berger-allemand-vosgien-sacre-plus-beau-chien-de-france-pour-la-deuxieme-annee-consecutive\/\"},\"author\":{\"name\":\"C.M\",\"@id\":\"https:\/\/vosgesinfo.fr\/remiremontinfo\/#\/schema\/person\/4f38cd3068e342935b7304695c797d08\"},\"headline\":\"Siago, berger allemand vosgien, sacr\u00e9 plus beau chien de France pour la deuxi\u00e8me ann\u00e9e cons\u00e9cutive\",\"datePublished\":\"2024-12-11T06:32:36+00:00\",\"dateModified\":\"2024-12-10T16:33:16+00:00\",\"mainEntityOfPage\":{\"@id\":\"https:\/\/vosgesinfo.fr\/remiremontinfo\/2024\/12\/siago-berger-allemand-vosgien-sacre-plus-beau-chien-de-france-pour-la-deuxieme-annee-consecutive\/\"},\"wordCount\":258,\"commentCount\":2,\"publisher\":{\"@id\":\"https:\/\/vosgesinfo.fr\/remiremontinfo\/#organization\"},\"image\":{\"@id\":\"https:\/\/vosgesinfo.fr\/remiremontinfo\/2024\/12\/siago-berger-allemand-vosgien-sacre-plus-beau-chien-de-france-pour-la-deuxieme-annee-consecutive\/#primaryimage\"},\"thumbnailUrl\":\"https:\/\/vosgesinfo.fr\/app\/uploads\/sites\/5\/2024\/12\/siago-plus-beau-chien-de-france.jpg\",\"keywords\":[\"La petite laeticia\",\"Philippe Breinlen\",\"Plus beau chien de France\",\"Siago\"],\"articleSection\":[\"A la Une\",\"Animaux\",\"Epinal\",\"Gerardmer\",\"La plaine des vosges\",\"Remiremont\",\"Rupt-Sur-Moselle\",\"Saint-di\u00e9\"],\"inLanguage\":\"fr-FR\",\"potentialAction\":[{\"@type\":\"CommentAction\",\"name\":\"Comment\",\"target\":[\"https:\/\/vosgesinfo.fr\/remiremontinfo\/2024\/12\/siago-berger-allemand-vosgien-sacre-plus-beau-chien-de-france-pour-la-deuxieme-annee-consecutive\/#respond\"]}]},{\"@type\":\"WebPage\",\"@id\":\"https:\/\/vosgesinfo.fr\/remiremontinfo\/2024\/12\/siago-berger-allemand-vosgien-sacre-plus-beau-chien-de-france-pour-la-deuxieme-annee-consecutive\/\",\"url\":\"https:\/\/vosgesinfo.fr\/remiremontinfo\/2024\/12\/siago-berger-allemand-vosgien-sacre-plus-beau-chien-de-france-pour-la-deuxieme-annee-consecutive\/\",\"name\":\"Siago, berger allemand vosgien, sacr\u00e9 plus beau chien de France pour la deuxi\u00e8me ann\u00e9e cons\u00e9cutive - Remiremont Info\",\"isPartOf\":{\"@id\":\"https:\/\/vosgesinfo.fr\/remiremontinfo\/#website\"},\"primaryImageOfPage\":{\"@id\":\"https:\/\/vosgesinfo.fr\/remiremontinfo\/2024\/12\/siago-berger-allemand-vosgien-sacre-plus-beau-chien-de-france-pour-la-deuxieme-annee-consecutive\/#primaryimage\"},\"image\":{\"@id\":\"https:\/\/vosgesinfo.fr\/remiremontinfo\/2024\/12\/siago-berger-allemand-vosgien-sacre-plus-beau-chien-de-france-pour-la-deuxieme-annee-consecutive\/#primaryimage\"},\"thumbnailUrl\":\"https:\/\/vosgesinfo.fr\/app\/uploads\/sites\/5\/2024\/12\/siago-plus-beau-chien-de-france.jpg\",\"datePublished\":\"2024-12-11T06:32:36+00:00\",\"dateModified\":\"2024-12-10T16:33:16+00:00\",\"breadcrumb\":{\"@id\":\"https:\/\/vosgesinfo.fr\/remiremontinfo\/2024\/12\/siago-berger-allemand-vosgien-sacre-plus-beau-chien-de-france-pour-la-deuxieme-annee-consecutive\/#breadcrumb\"},\"inLanguage\":\"fr-FR\",\"potentialAction\":[{\"@type\":\"ReadAction\",\"target\":[\"https:\/\/vosgesinfo.fr\/remiremontinfo\/2024\/12\/siago-berger-allemand-vosgien-sacre-plus-beau-chien-de-france-pour-la-deuxieme-annee-consecutive\/\"]}]},{\"@type\":\"ImageObject\",\"inLanguage\":\"fr-FR\",\"@id\":\"https:\/\/vosgesinfo.fr\/remiremontinfo\/2024\/12\/siago-berger-allemand-vosgien-sacre-plus-beau-chien-de-france-pour-la-deuxieme-annee-consecutive\/#primaryimage\",\"url\":\"https:\/\/vosgesinfo.fr\/app\/uploads\/sites\/5\/2024\/12\/siago-plus-beau-chien-de-france.jpg\",\"contentUrl\":\"https:\/\/vosgesinfo.fr\/app\/uploads\/sites\/5\/2024\/12\/siago-plus-beau-chien-de-france.jpg\",\"width\":2048,\"height\":1365},{\"@type\":\"BreadcrumbList\",\"@id\":\"https:\/\/vosgesinfo.fr\/remiremontinfo\/2024\/12\/siago-berger-allemand-vosgien-sacre-plus-beau-chien-de-france-pour-la-deuxieme-annee-consecutive\/#breadcrumb\",\"itemListElement\":[{\"@type\":\"ListItem\",\"position\":1,\"name\":\"Home\",\"item\":\"https:\/\/vosgesinfo.fr\/remiremontinfo\/\"},{\"@type\":\"ListItem\",\"position\":2,\"name\":\"Siago, berger allemand vosgien, sacr\u00e9 plus beau chien de France pour la deuxi\u00e8me ann\u00e9e cons\u00e9cutive\"}]},{\"@type\":\"WebSite\",\"@id\":\"https:\/\/vosgesinfo.fr\/remiremontinfo\/#website\",\"url\":\"https:\/\/vosgesinfo.fr\/remiremontinfo\/\",\"name\":\"Remiremont Info\",\"description\":\"Toute l&#039;actualit\u00e9 de Remiremont\",\"publisher\":{\"@id\":\"https:\/\/vosgesinfo.fr\/remiremontinfo\/#organization\"},\"alternateName\":\"Toute l'actualit\u00e9 de Remiremont\",\"potentialAction\":[{\"@type\":\"SearchAction\",\"target\":{\"@type\":\"EntryPoint\",\"urlTemplate\":\"https:\/\/vosgesinfo.fr\/remiremontinfo\/?s={search_term_string}\"},\"query-input\":\"required name=search_term_string\"}],\"inLanguage\":\"fr-FR\"},{\"@type\":\"Organization\",\"@id\":\"https:\/\/vosgesinfo.fr\/remiremontinfo\/#organization\",\"name\":\"Remiremont Info\",\"url\":\"https:\/\/vosgesinfo.fr\/remiremontinfo\/\",\"logo\":{\"@type\":\"ImageObject\",\"inLanguage\":\"fr-FR\",\"@id\":\"https:\/\/vosgesinfo.fr\/remiremontinfo\/#\/schema\/logo\/image\/\",\"url\":\"https:\/\/vosgesinfo.fr\/app\/uploads\/sites\/5\/2023\/08\/favicon-remiremontinfo.png\",\"contentUrl\":\"https:\/\/vosgesinfo.fr\/app\/uploads\/sites\/5\/2023\/08\/favicon-remiremontinfo.png\",\"width\":512,\"height\":512,\"caption\":\"Remiremont Info\"},\"image\":{\"@id\":\"https:\/\/vosgesinfo.fr\/remiremontinfo\/#\/schema\/logo\/image\/\"},\"sameAs\":[\"https:\/\/www.facebook.com\/remiremontinfo\",\"https:\/\/x.com\/VosgesInfo88\",\"https:\/\/www.youtube.com\/@vosgesinfo\"]},{\"@type\":\"Person\",\"@id\":\"https:\/\/vosgesinfo.fr\/remiremontinfo\/#\/schema\/person\/4f38cd3068e342935b7304695c797d08\",\"name\":\"C.M\",\"image\":{\"@type\":\"ImageObject\",\"inLanguage\":\"fr-FR\",\"@id\":\"https:\/\/vosgesinfo.fr\/remiremontinfo\/#\/schema\/person\/image\/\",\"url\":\"https:\/\/secure.gravatar.com\/avatar\/fe9daaef0164d920717484172682f3c5c9bcf7d42aa8c7048c76c34f0eb6c8da?s=96&d=mm&r=g\",\"contentUrl\":\"https:\/\/secure.gravatar.com\/avatar\/fe9daaef0164d920717484172682f3c5c9bcf7d42aa8c7048c76c34f0eb6c8da?s=96&d=mm&r=g\",\"caption\":\"C.M\"},\"url\":\"https:\/\/vosgesinfo.fr\/remiremontinfo\/author\/cm88200\/\"}]}<\/script>\n<!-- \/ Yoast SEO plugin. -->","yoast_head_json":{"title":"Siago, berger allemand vosgien, sacr\u00e9 plus beau chien de France pour la deuxi\u00e8me ann\u00e9e cons\u00e9cutive - Remiremont Info","robots":{"index":"index","follow":"follow","max-snippet":"max-snippet:-1","max-image-preview":"max-image-preview:large","max-video-preview":"max-video-preview:-1"},"canonical":"https:\/\/vosgesinfo.fr\/remiremontinfo\/2024\/12\/siago-berger-allemand-vosgien-sacre-plus-beau-chien-de-france-pour-la-deuxieme-annee-consecutive\/","twitter_card":"summary_large_image","twitter_title":"Siago, berger allemand vosgien, sacr\u00e9 plus beau chien de France pour la deuxi\u00e8me ann\u00e9e cons\u00e9cutive - Remiremont Info","twitter_description":"Une nouvelle cons\u00e9cration pour Siago, le berger allemand de l\u2019\u00e9levage La Petite Laeticia \u00e0 Rupt-sur-Moselle ! Lors d\u2019un prestigieux concours [&hellip;]","twitter_image":"https:\/\/vosgesinfo.fr\/app\/uploads\/sites\/5\/2024\/12\/siago-plus-beau-chien-de-france.jpg","twitter_creator":"@VosgesInfo88","twitter_site":"@VosgesInfo88","twitter_misc":{"\u00c9crit par":"C.M","Dur\u00e9e de lecture estim\u00e9e":"1 minute"},"schema":{"@context":"https:\/\/schema.org","@graph":[{"@type":"Article","@id":"https:\/\/vosgesinfo.fr\/remiremontinfo\/2024\/12\/siago-berger-allemand-vosgien-sacre-plus-beau-chien-de-france-pour-la-deuxieme-annee-consecutive\/#article","isPartOf":{"@id":"https:\/\/vosgesinfo.fr\/remiremontinfo\/2024\/12\/siago-berger-allemand-vosgien-sacre-plus-beau-chien-de-france-pour-la-deuxieme-annee-consecutive\/"},"author":{"name":"C.M","@id":"https:\/\/vosgesinfo.fr\/remiremontinfo\/#\/schema\/person\/4f38cd3068e342935b7304695c797d08"},"headline":"Siago, berger allemand vosgien, sacr\u00e9 plus beau chien de France pour la deuxi\u00e8me ann\u00e9e cons\u00e9cutive","datePublished":"2024-12-11T06:32:36+00:00","dateModified":"2024-12-10T16:33:16+00:00","mainEntityOfPage":{"@id":"https:\/\/vosgesinfo.fr\/remiremontinfo\/2024\/12\/siago-berger-allemand-vosgien-sacre-plus-beau-chien-de-france-pour-la-deuxieme-annee-consecutive\/"},"wordCount":258,"commentCount":2,"publisher":{"@id":"https:\/\/vosgesinfo.fr\/remiremontinfo\/#organization"},"image":{"@id":"https:\/\/vosgesinfo.fr\/remiremontinfo\/2024\/12\/siago-berger-allemand-vosgien-sacre-plus-beau-chien-de-france-pour-la-deuxieme-annee-consecutive\/#primaryimage"},"thumbnailUrl":"https:\/\/vosgesinfo.fr\/app\/uploads\/sites\/5\/2024\/12\/siago-plus-beau-chien-de-france.jpg","keywords":["La petite laeticia","Philippe Breinlen","Plus beau chien de France","Siago"],"articleSection":["A la Une","Animaux","Epinal","Gerardmer","La plaine des vosges","Remiremont","Rupt-Sur-Moselle","Saint-di\u00e9"],"inLanguage":"fr-FR","potentialAction":[{"@type":"CommentAction","name":"Comment","target":["https:\/\/vosgesinfo.fr\/remiremontinfo\/2024\/12\/siago-berger-allemand-vosgien-sacre-plus-beau-chien-de-france-pour-la-deuxieme-annee-consecutive\/#respond"]}]},{"@type":"WebPage","@id":"https:\/\/vosgesinfo.fr\/remiremontinfo\/2024\/12\/siago-berger-allemand-vosgien-sacre-plus-beau-chien-de-france-pour-la-deuxieme-annee-consecutive\/","url":"https:\/\/vosgesinfo.fr\/remiremontinfo\/2024\/12\/siago-berger-allemand-vosgien-sacre-plus-beau-chien-de-france-pour-la-deuxieme-annee-consecutive\/","name":"Siago, berger allemand vosgien, sacr\u00e9 plus beau chien de France pour la deuxi\u00e8me ann\u00e9e cons\u00e9cutive - Remiremont Info","isPartOf":{"@id":"https:\/\/vosgesinfo.fr\/remiremontinfo\/#website"},"primaryImageOfPage":{"@id":"https:\/\/vosgesinfo.fr\/remiremontinfo\/2024\/12\/siago-berger-allemand-vosgien-sacre-plus-beau-chien-de-france-pour-la-deuxieme-annee-consecutive\/#primaryimage"},"image":{"@id":"https:\/\/vosgesinfo.fr\/remiremontinfo\/2024\/12\/siago-berger-allemand-vosgien-sacre-plus-beau-chien-de-france-pour-la-deuxieme-annee-consecutive\/#primaryimage"},"thumbnailUrl":"https:\/\/vosgesinfo.fr\/app\/uploads\/sites\/5\/2024\/12\/siago-plus-beau-chien-de-france.jpg","datePublished":"2024-12-11T06:32:36+00:00","dateModified":"2024-12-10T16:33:16+00:00","breadcrumb":{"@id":"https:\/\/vosgesinfo.fr\/remiremontinfo\/2024\/12\/siago-berger-allemand-vosgien-sacre-plus-beau-chien-de-france-pour-la-deuxieme-annee-consecutive\/#breadcrumb"},"inLanguage":"fr-FR","potentialAction":[{"@type":"ReadAction","target":["https:\/\/vosgesinfo.fr\/remiremontinfo\/2024\/12\/siago-berger-allemand-vosgien-sacre-plus-beau-chien-de-france-pour-la-deuxieme-annee-consecutive\/"]}]},{"@type":"ImageObject","inLanguage":"fr-FR","@id":"https:\/\/vosgesinfo.fr\/remiremontinfo\/2024\/12\/siago-berger-allemand-vosgien-sacre-plus-beau-chien-de-france-pour-la-deuxieme-annee-consecutive\/#primaryimage","url":"https:\/\/vosgesinfo.fr\/app\/uploads\/sites\/5\/2024\/12\/siago-plus-beau-chien-de-france.jpg","contentUrl":"https:\/\/vosgesinfo.fr\/app\/uploads\/sites\/5\/2024\/12\/siago-plus-beau-chien-de-france.jpg","width":2048,"height":1365},{"@type":"BreadcrumbList","@id":"https:\/\/vosgesinfo.fr\/remiremontinfo\/2024\/12\/siago-berger-allemand-vosgien-sacre-plus-beau-chien-de-france-pour-la-deuxieme-annee-consecutive\/#breadcrumb","itemListElement":[{"@type":"ListItem","position":1,"name":"Home","item":"https:\/\/vosgesinfo.fr\/remiremontinfo\/"},{"@type":"ListItem","position":2,"name":"Siago, berger allemand vosgien, sacr\u00e9 plus beau chien de France pour la deuxi\u00e8me ann\u00e9e cons\u00e9cutive"}]},{"@type":"WebSite","@id":"https:\/\/vosgesinfo.fr\/remiremontinfo\/#website","url":"https:\/\/vosgesinfo.fr\/remiremontinfo\/","name":"Remiremont Info","description":"Toute l&#039;actualit\u00e9 de Remiremont","publisher":{"@id":"https:\/\/vosgesinfo.fr\/remiremontinfo\/#organization"},"alternateName":"Toute l'actualit\u00e9 de Remiremont","potentialAction":[{"@type":"SearchAction","target":{"@type":"EntryPoint","urlTemplate":"https:\/\/vosgesinfo.fr\/remiremontinfo\/?s={search_term_string}"},"query-input":"required name=search_term_string"}],"inLanguage":"fr-FR"},{"@type":"Organization","@id":"https:\/\/vosgesinfo.fr\/remiremontinfo\/#organization","name":"Remiremont Info","url":"https:\/\/vosgesinfo.fr\/remiremontinfo\/","logo":{"@type":"ImageObject","inLanguage":"fr-FR","@id":"https:\/\/vosgesinfo.fr\/remiremontinfo\/#\/schema\/logo\/image\/","url":"https:\/\/vosgesinfo.fr\/app\/uploads\/sites\/5\/2023\/08\/favicon-remiremontinfo.png","contentUrl":"https:\/\/vosgesinfo.fr\/app\/uploads\/sites\/5\/2023\/08\/favicon-remiremontinfo.png","width":512,"height":512,"caption":"Remiremont Info"},"image":{"@id":"https:\/\/vosgesinfo.fr\/remiremontinfo\/#\/schema\/logo\/image\/"},"sameAs":["https:\/\/www.facebook.com\/remiremontinfo","https:\/\/x.com\/VosgesInfo88","https:\/\/www.youtube.com\/@vosgesinfo"]},{"@type":"Person","@id":"https:\/\/vosgesinfo.fr\/remiremontinfo\/#\/schema\/person\/4f38cd3068e342935b7304695c797d08","name":"C.M","image":{"@type":"ImageObject","inLanguage":"fr-FR","@id":"https:\/\/vosgesinfo.fr\/remiremontinfo\/#\/schema\/person\/image\/","url":"https:\/\/secure.gravatar.com\/avatar\/fe9daaef0164d920717484172682f3c5c9bcf7d42aa8c7048c76c34f0eb6c8da?s=96&d=mm&r=g","contentUrl":"https:\/\/secure.gravatar.com\/avatar\/fe9daaef0164d920717484172682f3c5c9bcf7d42aa8c7048c76c34f0eb6c8da?s=96&d=mm&r=g","caption":"C.M"},"url":"https:\/\/vosgesinfo.fr\/remiremontinfo\/author\/cm88200\/"}]}},"_links":{"self":[{"href":"https:\/\/vosgesinfo.fr\/remiremontinfo\/wp-json\/wp\/v2\/posts\/76143","targetHints":{"allow":["GET"]}}],"collection":[{"href":"https:\/\/vosgesinfo.fr\/remiremontinfo\/wp-json\/wp\/v2\/posts"}],"about":[{"href":"https:\/\/vosgesinfo.fr\/remiremontinfo\/wp-json\/wp\/v2\/types\/post"}],"author":[{"embeddable":true,"href":"https:\/\/vosgesinfo.fr\/remiremontinfo\/wp-json\/wp\/v2\/users\/418"}],"replies":[{"embeddable":true,"href":"https:\/\/vosgesinfo.fr\/remiremontinfo\/wp-json\/wp\/v2\/comments?post=76143"}],"version-history":[{"count":1,"href":"https:\/\/vosgesinfo.fr\/remiremontinfo\/wp-json\/wp\/v2\/posts\/76143\/revisions"}],"predecessor-version":[{"id":76145,"href":"https:\/\/vosgesinfo.fr\/remiremontinfo\/wp-json\/wp\/v2\/posts\/76143\/revisions\/76145"}],"wp:featuredmedia":[{"embeddable":true,"href":"https:\/\/vosgesinfo.fr\/remiremontinfo\/wp-json\/wp\/v2\/media\/76144"}],"wp:attachment":[{"href":"https:\/\/vosgesinfo.fr\/remiremontinfo\/wp-json\/wp\/v2\/media?parent=76143"}],"wp:term":[{"taxonomy":"category","embeddable":true,"href":"https:\/\/vosgesinfo.fr\/remiremontinfo\/wp-json\/wp\/v2\/categories?post=76143"},{"taxonomy":"post_tag","embeddable":true,"href":"https:\/\/vosgesinfo.fr\/remiremontinfo\/wp-json\/wp\/v2\/tags?post=76143"}],"curies":[{"name":"wp","href":"https:\/\/api.w.org\/{rel}","templated":true}]}}