{"id":76147,"date":"2024-12-03T08:30:12","date_gmt":"2024-12-03T07:30:12","guid":{"rendered":"https:\/\/vosgesinfo.fr\/remiremontinfo\/?p=76147"},"modified":"2024-12-03T08:30:12","modified_gmt":"2024-12-03T07:30:12","slug":"le-departement-des-vosges-renonce-a-la-traditionnelle-ceremonie-de-voeux","status":"publish","type":"post","link":"https:\/\/vosgesinfo.fr\/remiremontinfo\/2024\/12\/le-departement-des-vosges-renonce-a-la-traditionnelle-ceremonie-de-voeux\/","title":{"rendered":"Le D\u00e9partement des Vosges renonce \u00e0 la traditionnelle c\u00e9r\u00e9monie de v\u0153ux"},"content":{"rendered":"<p><a href=\"https:\/\/vosgesinfo.fr\/app\/uploads\/sites\/4\/2023\/02\/francois-vannson.jpg\"><img decoding=\"async\" class=\"alignnone size-large wp-image-26370\" src=\"https:\/\/vosgesinfo.fr\/app\/uploads\/sites\/4\/2023\/02\/francois-vannson-1024x768.jpg\" alt=\"\" width=\"1024\" height=\"768\" \/><\/a><\/p>\n<p><strong>Communiqu\u00e9 :<\/strong><\/p>\n<h2><span style=\"font-family: Calibri, sans-serif;\">Le D\u00e9partement des Vosges ne tiendra pas la traditionnelle c\u00e9r\u00e9monie de v\u0153ux aux corps constitu\u00e9s cette ann\u00e9e. Cette d\u00e9cision a \u00e9t\u00e9 prise en raison des restrictions budg\u00e9taires actuelles qui imposent une gestion rigoureuse des ressources disponibles.<\/span><\/h2>\n<p><!--more--><\/p>\n<p><span style=\"font-family: Calibri, sans-serif;\">La c\u00e9r\u00e9monie, habituellement organis\u00e9e en collaboration avec les services de la pr\u00e9fecture des Vosges, est un moment important de convivialit\u00e9 et de reconnaissance envers les acteurs institutionnels et associatifs du d\u00e9partement. Cependant, dans le contexte \u00e9conomique actuel, il est essentiel de prioriser les d\u00e9penses et de concentrer les efforts sur les services essentiels \u00e0 la population vosgienne.<\/span><\/p>\n<p><span style=\"font-family: Calibri, sans-serif;\">Fran\u00e7ois Vannson, Pr\u00e9sident du Conseil D\u00e9partemental des Vosges, a d\u00e9clar\u00e9 : \u00ab\u00a0Nous regrettons de ne pas pouvoir organiser cette c\u00e9r\u00e9monie cette ann\u00e9e, mais le contexte actuel nous contraint \u00e0 nous concentrer sur l\u2019essentiel et il est de notre devoir de g\u00e9rer les ressources du d\u00e9partement de mani\u00e8re responsable. Nous tenons \u00e0 remercier tous les corps constitu\u00e9s pour leur engagement et leur d\u00e9vouement tout au long de l&rsquo;ann\u00e9e. Nous esp\u00e9rons pouvoir reprendre cette tradition d\u00e8s 2026 si les conditions budg\u00e9taires le permettent.\u00a0\u00bb<\/span><\/p>\n","protected":false},"excerpt":{"rendered":"<p>Communiqu\u00e9 : Le D\u00e9partement des Vosges ne tiendra pas la traditionnelle c\u00e9r\u00e9monie de v\u0153ux aux corps constitu\u00e9s cette ann\u00e9e. Cette [&hellip;]<\/p>\n","protected":false},"author":46,"featured_media":76148,"comment_status":"open","ping_status":"open","sticky":false,"template":"","format":"standard","meta":{"footnotes":""},"categories":[26,108,62,845,10,43,18],"tags":[],"class_list":["post-76147","post","type-post","status-publish","format-standard","has-post-thumbnail","hentry","category-a-la-une","category-epinal","category-gerardmer","category-la-plaine-des-vosges","category-politique","category-remiremont-remiremont-son-canton","category-vosges"],"acf":[],"yoast_head":"<!-- This site is optimized with the Yoast SEO plugin v22.5 - https:\/\/yoast.com\/wordpress\/plugins\/seo\/ -->\n<title>Le D\u00e9partement des Vosges renonce \u00e0 la traditionnelle c\u00e9r\u00e9monie de v\u0153ux - Remiremont Info<\/title>\n<meta name=\"robots\" content=\"index, follow, max-snippet:-1, max-image-preview:large, max-video-preview:-1\" \/>\n<link rel=\"canonical\" href=\"https:\/\/vosgesinfo.fr\/remiremontinfo\/2024\/12\/le-departement-des-vosges-renonce-a-la-traditionnelle-ceremonie-de-voeux\/\" \/>\n<meta name=\"twitter:card\" content=\"summary_large_image\" \/>\n<meta name=\"twitter:title\" content=\"Le D\u00e9partement des Vosges renonce \u00e0 la traditionnelle c\u00e9r\u00e9monie de v\u0153ux - Remiremont Info\" \/>\n<meta name=\"twitter:description\" content=\"Communiqu\u00e9 : Le D\u00e9partement des Vosges ne tiendra pas la traditionnelle c\u00e9r\u00e9monie de v\u0153ux aux corps constitu\u00e9s cette ann\u00e9e. Cette [&hellip;]\" \/>\n<meta name=\"twitter:image\" content=\"https:\/\/vosgesinfo.fr\/app\/uploads\/sites\/5\/2024\/12\/francois-vannson.jpg\" \/>\n<meta name=\"twitter:creator\" content=\"@VosgesInfo88\" \/>\n<meta name=\"twitter:site\" content=\"@VosgesInfo88\" \/>\n<meta name=\"twitter:label1\" content=\"\u00c9crit par\" \/>\n\t<meta name=\"twitter:data1\" content=\"J.J.\" \/>\n\t<meta name=\"twitter:label2\" content=\"Dur\u00e9e de lecture estim\u00e9e\" \/>\n\t<meta name=\"twitter:data2\" content=\"1 minute\" \/>\n<script type=\"application\/ld+json\" class=\"yoast-schema-graph\">{\"@context\":\"https:\/\/schema.org\",\"@graph\":[{\"@type\":\"Article\",\"@id\":\"https:\/\/vosgesinfo.fr\/remiremontinfo\/2024\/12\/le-departement-des-vosges-renonce-a-la-traditionnelle-ceremonie-de-voeux\/#article\",\"isPartOf\":{\"@id\":\"https:\/\/vosgesinfo.fr\/remiremontinfo\/2024\/12\/le-departement-des-vosges-renonce-a-la-traditionnelle-ceremonie-de-voeux\/\"},\"author\":{\"name\":\"J.J.\",\"@id\":\"https:\/\/vosgesinfo.fr\/remiremontinfo\/#\/schema\/person\/fa73e9f726d67bb88f46d5b7943cb572\"},\"headline\":\"Le D\u00e9partement des Vosges renonce \u00e0 la traditionnelle c\u00e9r\u00e9monie de v\u0153ux\",\"datePublished\":\"2024-12-03T07:30:12+00:00\",\"dateModified\":\"2024-12-03T07:30:12+00:00\",\"mainEntityOfPage\":{\"@id\":\"https:\/\/vosgesinfo.fr\/remiremontinfo\/2024\/12\/le-departement-des-vosges-renonce-a-la-traditionnelle-ceremonie-de-voeux\/\"},\"wordCount\":216,\"commentCount\":0,\"publisher\":{\"@id\":\"https:\/\/vosgesinfo.fr\/remiremontinfo\/#organization\"},\"image\":{\"@id\":\"https:\/\/vosgesinfo.fr\/remiremontinfo\/2024\/12\/le-departement-des-vosges-renonce-a-la-traditionnelle-ceremonie-de-voeux\/#primaryimage\"},\"thumbnailUrl\":\"https:\/\/vosgesinfo.fr\/app\/uploads\/sites\/5\/2024\/12\/francois-vannson.jpg\",\"articleSection\":[\"A la Une\",\"Epinal\",\"G\u00e9rardmer\",\"La plaine des vosges\",\"Politique\",\"Remiremont\",\"Vosges\"],\"inLanguage\":\"fr-FR\",\"potentialAction\":[{\"@type\":\"CommentAction\",\"name\":\"Comment\",\"target\":[\"https:\/\/vosgesinfo.fr\/remiremontinfo\/2024\/12\/le-departement-des-vosges-renonce-a-la-traditionnelle-ceremonie-de-voeux\/#respond\"]}]},{\"@type\":\"WebPage\",\"@id\":\"https:\/\/vosgesinfo.fr\/remiremontinfo\/2024\/12\/le-departement-des-vosges-renonce-a-la-traditionnelle-ceremonie-de-voeux\/\",\"url\":\"https:\/\/vosgesinfo.fr\/remiremontinfo\/2024\/12\/le-departement-des-vosges-renonce-a-la-traditionnelle-ceremonie-de-voeux\/\",\"name\":\"Le D\u00e9partement des Vosges renonce \u00e0 la traditionnelle c\u00e9r\u00e9monie de v\u0153ux - Remiremont Info\",\"isPartOf\":{\"@id\":\"https:\/\/vosgesinfo.fr\/remiremontinfo\/#website\"},\"primaryImageOfPage\":{\"@id\":\"https:\/\/vosgesinfo.fr\/remiremontinfo\/2024\/12\/le-departement-des-vosges-renonce-a-la-traditionnelle-ceremonie-de-voeux\/#primaryimage\"},\"image\":{\"@id\":\"https:\/\/vosgesinfo.fr\/remiremontinfo\/2024\/12\/le-departement-des-vosges-renonce-a-la-traditionnelle-ceremonie-de-voeux\/#primaryimage\"},\"thumbnailUrl\":\"https:\/\/vosgesinfo.fr\/app\/uploads\/sites\/5\/2024\/12\/francois-vannson.jpg\",\"datePublished\":\"2024-12-03T07:30:12+00:00\",\"dateModified\":\"2024-12-03T07:30:12+00:00\",\"breadcrumb\":{\"@id\":\"https:\/\/vosgesinfo.fr\/remiremontinfo\/2024\/12\/le-departement-des-vosges-renonce-a-la-traditionnelle-ceremonie-de-voeux\/#breadcrumb\"},\"inLanguage\":\"fr-FR\",\"potentialAction\":[{\"@type\":\"ReadAction\",\"target\":[\"https:\/\/vosgesinfo.fr\/remiremontinfo\/2024\/12\/le-departement-des-vosges-renonce-a-la-traditionnelle-ceremonie-de-voeux\/\"]}]},{\"@type\":\"ImageObject\",\"inLanguage\":\"fr-FR\",\"@id\":\"https:\/\/vosgesinfo.fr\/remiremontinfo\/2024\/12\/le-departement-des-vosges-renonce-a-la-traditionnelle-ceremonie-de-voeux\/#primaryimage\",\"url\":\"https:\/\/vosgesinfo.fr\/app\/uploads\/sites\/5\/2024\/12\/francois-vannson.jpg\",\"contentUrl\":\"https:\/\/vosgesinfo.fr\/app\/uploads\/sites\/5\/2024\/12\/francois-vannson.jpg\",\"width\":1280,\"height\":960},{\"@type\":\"BreadcrumbList\",\"@id\":\"https:\/\/vosgesinfo.fr\/remiremontinfo\/2024\/12\/le-departement-des-vosges-renonce-a-la-traditionnelle-ceremonie-de-voeux\/#breadcrumb\",\"itemListElement\":[{\"@type\":\"ListItem\",\"position\":1,\"name\":\"Home\",\"item\":\"https:\/\/vosgesinfo.fr\/remiremontinfo\/\"},{\"@type\":\"ListItem\",\"position\":2,\"name\":\"Le D\u00e9partement des Vosges renonce \u00e0 la traditionnelle c\u00e9r\u00e9monie de v\u0153ux\"}]},{\"@type\":\"WebSite\",\"@id\":\"https:\/\/vosgesinfo.fr\/remiremontinfo\/#website\",\"url\":\"https:\/\/vosgesinfo.fr\/remiremontinfo\/\",\"name\":\"Remiremont Info\",\"description\":\"Toute l&#039;actualit\u00e9 de Remiremont\",\"publisher\":{\"@id\":\"https:\/\/vosgesinfo.fr\/remiremontinfo\/#organization\"},\"alternateName\":\"Toute l'actualit\u00e9 de Remiremont\",\"potentialAction\":[{\"@type\":\"SearchAction\",\"target\":{\"@type\":\"EntryPoint\",\"urlTemplate\":\"https:\/\/vosgesinfo.fr\/remiremontinfo\/?s={search_term_string}\"},\"query-input\":\"required name=search_term_string\"}],\"inLanguage\":\"fr-FR\"},{\"@type\":\"Organization\",\"@id\":\"https:\/\/vosgesinfo.fr\/remiremontinfo\/#organization\",\"name\":\"Remiremont Info\",\"url\":\"https:\/\/vosgesinfo.fr\/remiremontinfo\/\",\"logo\":{\"@type\":\"ImageObject\",\"inLanguage\":\"fr-FR\",\"@id\":\"https:\/\/vosgesinfo.fr\/remiremontinfo\/#\/schema\/logo\/image\/\",\"url\":\"https:\/\/vosgesinfo.fr\/app\/uploads\/sites\/5\/2023\/08\/favicon-remiremontinfo.png\",\"contentUrl\":\"https:\/\/vosgesinfo.fr\/app\/uploads\/sites\/5\/2023\/08\/favicon-remiremontinfo.png\",\"width\":512,\"height\":512,\"caption\":\"Remiremont Info\"},\"image\":{\"@id\":\"https:\/\/vosgesinfo.fr\/remiremontinfo\/#\/schema\/logo\/image\/\"},\"sameAs\":[\"https:\/\/www.facebook.com\/remiremontinfo\",\"https:\/\/x.com\/VosgesInfo88\",\"https:\/\/www.youtube.com\/@vosgesinfo\"]},{\"@type\":\"Person\",\"@id\":\"https:\/\/vosgesinfo.fr\/remiremontinfo\/#\/schema\/person\/fa73e9f726d67bb88f46d5b7943cb572\",\"name\":\"J.J.\",\"image\":{\"@type\":\"ImageObject\",\"inLanguage\":\"fr-FR\",\"@id\":\"https:\/\/vosgesinfo.fr\/remiremontinfo\/#\/schema\/person\/image\/\",\"url\":\"https:\/\/secure.gravatar.com\/avatar\/219e749e47ffbcca018a360ae4add7d4cdf1cdaaf8bc7676b27efade3fe65615?s=96&d=mm&r=g\",\"contentUrl\":\"https:\/\/secure.gravatar.com\/avatar\/219e749e47ffbcca018a360ae4add7d4cdf1cdaaf8bc7676b27efade3fe65615?s=96&d=mm&r=g\",\"caption\":\"J.J.\"},\"url\":\"https:\/\/vosgesinfo.fr\/remiremontinfo\/author\/j-j\/\"}]}<\/script>\n<!-- \/ Yoast SEO plugin. -->","yoast_head_json":{"title":"Le D\u00e9partement des Vosges renonce \u00e0 la traditionnelle c\u00e9r\u00e9monie de v\u0153ux - Remiremont Info","robots":{"index":"index","follow":"follow","max-snippet":"max-snippet:-1","max-image-preview":"max-image-preview:large","max-video-preview":"max-video-preview:-1"},"canonical":"https:\/\/vosgesinfo.fr\/remiremontinfo\/2024\/12\/le-departement-des-vosges-renonce-a-la-traditionnelle-ceremonie-de-voeux\/","twitter_card":"summary_large_image","twitter_title":"Le D\u00e9partement des Vosges renonce \u00e0 la traditionnelle c\u00e9r\u00e9monie de v\u0153ux - Remiremont Info","twitter_description":"Communiqu\u00e9 : Le D\u00e9partement des Vosges ne tiendra pas la traditionnelle c\u00e9r\u00e9monie de v\u0153ux aux corps constitu\u00e9s cette ann\u00e9e. Cette [&hellip;]","twitter_image":"https:\/\/vosgesinfo.fr\/app\/uploads\/sites\/5\/2024\/12\/francois-vannson.jpg","twitter_creator":"@VosgesInfo88","twitter_site":"@VosgesInfo88","twitter_misc":{"\u00c9crit par":"J.J.","Dur\u00e9e de lecture estim\u00e9e":"1 minute"},"schema":{"@context":"https:\/\/schema.org","@graph":[{"@type":"Article","@id":"https:\/\/vosgesinfo.fr\/remiremontinfo\/2024\/12\/le-departement-des-vosges-renonce-a-la-traditionnelle-ceremonie-de-voeux\/#article","isPartOf":{"@id":"https:\/\/vosgesinfo.fr\/remiremontinfo\/2024\/12\/le-departement-des-vosges-renonce-a-la-traditionnelle-ceremonie-de-voeux\/"},"author":{"name":"J.J.","@id":"https:\/\/vosgesinfo.fr\/remiremontinfo\/#\/schema\/person\/fa73e9f726d67bb88f46d5b7943cb572"},"headline":"Le D\u00e9partement des Vosges renonce \u00e0 la traditionnelle c\u00e9r\u00e9monie de v\u0153ux","datePublished":"2024-12-03T07:30:12+00:00","dateModified":"2024-12-03T07:30:12+00:00","mainEntityOfPage":{"@id":"https:\/\/vosgesinfo.fr\/remiremontinfo\/2024\/12\/le-departement-des-vosges-renonce-a-la-traditionnelle-ceremonie-de-voeux\/"},"wordCount":216,"commentCount":0,"publisher":{"@id":"https:\/\/vosgesinfo.fr\/remiremontinfo\/#organization"},"image":{"@id":"https:\/\/vosgesinfo.fr\/remiremontinfo\/2024\/12\/le-departement-des-vosges-renonce-a-la-traditionnelle-ceremonie-de-voeux\/#primaryimage"},"thumbnailUrl":"https:\/\/vosgesinfo.fr\/app\/uploads\/sites\/5\/2024\/12\/francois-vannson.jpg","articleSection":["A la Une","Epinal","G\u00e9rardmer","La plaine des vosges","Politique","Remiremont","Vosges"],"inLanguage":"fr-FR","potentialAction":[{"@type":"CommentAction","name":"Comment","target":["https:\/\/vosgesinfo.fr\/remiremontinfo\/2024\/12\/le-departement-des-vosges-renonce-a-la-traditionnelle-ceremonie-de-voeux\/#respond"]}]},{"@type":"WebPage","@id":"https:\/\/vosgesinfo.fr\/remiremontinfo\/2024\/12\/le-departement-des-vosges-renonce-a-la-traditionnelle-ceremonie-de-voeux\/","url":"https:\/\/vosgesinfo.fr\/remiremontinfo\/2024\/12\/le-departement-des-vosges-renonce-a-la-traditionnelle-ceremonie-de-voeux\/","name":"Le D\u00e9partement des Vosges renonce \u00e0 la traditionnelle c\u00e9r\u00e9monie de v\u0153ux - Remiremont Info","isPartOf":{"@id":"https:\/\/vosgesinfo.fr\/remiremontinfo\/#website"},"primaryImageOfPage":{"@id":"https:\/\/vosgesinfo.fr\/remiremontinfo\/2024\/12\/le-departement-des-vosges-renonce-a-la-traditionnelle-ceremonie-de-voeux\/#primaryimage"},"image":{"@id":"https:\/\/vosgesinfo.fr\/remiremontinfo\/2024\/12\/le-departement-des-vosges-renonce-a-la-traditionnelle-ceremonie-de-voeux\/#primaryimage"},"thumbnailUrl":"https:\/\/vosgesinfo.fr\/app\/uploads\/sites\/5\/2024\/12\/francois-vannson.jpg","datePublished":"2024-12-03T07:30:12+00:00","dateModified":"2024-12-03T07:30:12+00:00","breadcrumb":{"@id":"https:\/\/vosgesinfo.fr\/remiremontinfo\/2024\/12\/le-departement-des-vosges-renonce-a-la-traditionnelle-ceremonie-de-voeux\/#breadcrumb"},"inLanguage":"fr-FR","potentialAction":[{"@type":"ReadAction","target":["https:\/\/vosgesinfo.fr\/remiremontinfo\/2024\/12\/le-departement-des-vosges-renonce-a-la-traditionnelle-ceremonie-de-voeux\/"]}]},{"@type":"ImageObject","inLanguage":"fr-FR","@id":"https:\/\/vosgesinfo.fr\/remiremontinfo\/2024\/12\/le-departement-des-vosges-renonce-a-la-traditionnelle-ceremonie-de-voeux\/#primaryimage","url":"https:\/\/vosgesinfo.fr\/app\/uploads\/sites\/5\/2024\/12\/francois-vannson.jpg","contentUrl":"https:\/\/vosgesinfo.fr\/app\/uploads\/sites\/5\/2024\/12\/francois-vannson.jpg","width":1280,"height":960},{"@type":"BreadcrumbList","@id":"https:\/\/vosgesinfo.fr\/remiremontinfo\/2024\/12\/le-departement-des-vosges-renonce-a-la-traditionnelle-ceremonie-de-voeux\/#breadcrumb","itemListElement":[{"@type":"ListItem","position":1,"name":"Home","item":"https:\/\/vosgesinfo.fr\/remiremontinfo\/"},{"@type":"ListItem","position":2,"name":"Le D\u00e9partement des Vosges renonce \u00e0 la traditionnelle c\u00e9r\u00e9monie de v\u0153ux"}]},{"@type":"WebSite","@id":"https:\/\/vosgesinfo.fr\/remiremontinfo\/#website","url":"https:\/\/vosgesinfo.fr\/remiremontinfo\/","name":"Remiremont Info","description":"Toute l&#039;actualit\u00e9 de Remiremont","publisher":{"@id":"https:\/\/vosgesinfo.fr\/remiremontinfo\/#organization"},"alternateName":"Toute l'actualit\u00e9 de Remiremont","potentialAction":[{"@type":"SearchAction","target":{"@type":"EntryPoint","urlTemplate":"https:\/\/vosgesinfo.fr\/remiremontinfo\/?s={search_term_string}"},"query-input":"required name=search_term_string"}],"inLanguage":"fr-FR"},{"@type":"Organization","@id":"https:\/\/vosgesinfo.fr\/remiremontinfo\/#organization","name":"Remiremont Info","url":"https:\/\/vosgesinfo.fr\/remiremontinfo\/","logo":{"@type":"ImageObject","inLanguage":"fr-FR","@id":"https:\/\/vosgesinfo.fr\/remiremontinfo\/#\/schema\/logo\/image\/","url":"https:\/\/vosgesinfo.fr\/app\/uploads\/sites\/5\/2023\/08\/favicon-remiremontinfo.png","contentUrl":"https:\/\/vosgesinfo.fr\/app\/uploads\/sites\/5\/2023\/08\/favicon-remiremontinfo.png","width":512,"height":512,"caption":"Remiremont Info"},"image":{"@id":"https:\/\/vosgesinfo.fr\/remiremontinfo\/#\/schema\/logo\/image\/"},"sameAs":["https:\/\/www.facebook.com\/remiremontinfo","https:\/\/x.com\/VosgesInfo88","https:\/\/www.youtube.com\/@vosgesinfo"]},{"@type":"Person","@id":"https:\/\/vosgesinfo.fr\/remiremontinfo\/#\/schema\/person\/fa73e9f726d67bb88f46d5b7943cb572","name":"J.J.","image":{"@type":"ImageObject","inLanguage":"fr-FR","@id":"https:\/\/vosgesinfo.fr\/remiremontinfo\/#\/schema\/person\/image\/","url":"https:\/\/secure.gravatar.com\/avatar\/219e749e47ffbcca018a360ae4add7d4cdf1cdaaf8bc7676b27efade3fe65615?s=96&d=mm&r=g","contentUrl":"https:\/\/secure.gravatar.com\/avatar\/219e749e47ffbcca018a360ae4add7d4cdf1cdaaf8bc7676b27efade3fe65615?s=96&d=mm&r=g","caption":"J.J."},"url":"https:\/\/vosgesinfo.fr\/remiremontinfo\/author\/j-j\/"}]}},"_links":{"self":[{"href":"https:\/\/vosgesinfo.fr\/remiremontinfo\/wp-json\/wp\/v2\/posts\/76147","targetHints":{"allow":["GET"]}}],"collection":[{"href":"https:\/\/vosgesinfo.fr\/remiremontinfo\/wp-json\/wp\/v2\/posts"}],"about":[{"href":"https:\/\/vosgesinfo.fr\/remiremontinfo\/wp-json\/wp\/v2\/types\/post"}],"author":[{"embeddable":true,"href":"https:\/\/vosgesinfo.fr\/remiremontinfo\/wp-json\/wp\/v2\/users\/46"}],"replies":[{"embeddable":true,"href":"https:\/\/vosgesinfo.fr\/remiremontinfo\/wp-json\/wp\/v2\/comments?post=76147"}],"version-history":[{"count":0,"href":"https:\/\/vosgesinfo.fr\/remiremontinfo\/wp-json\/wp\/v2\/posts\/76147\/revisions"}],"wp:featuredmedia":[{"embeddable":true,"href":"https:\/\/vosgesinfo.fr\/remiremontinfo\/wp-json\/wp\/v2\/media\/76148"}],"wp:attachment":[{"href":"https:\/\/vosgesinfo.fr\/remiremontinfo\/wp-json\/wp\/v2\/media?parent=76147"}],"wp:term":[{"taxonomy":"category","embeddable":true,"href":"https:\/\/vosgesinfo.fr\/remiremontinfo\/wp-json\/wp\/v2\/categories?post=76147"},{"taxonomy":"post_tag","embeddable":true,"href":"https:\/\/vosgesinfo.fr\/remiremontinfo\/wp-json\/wp\/v2\/tags?post=76147"}],"curies":[{"name":"wp","href":"https:\/\/api.w.org\/{rel}","templated":true}]}}