{"id":76151,"date":"2024-12-03T09:54:05","date_gmt":"2024-12-03T08:54:05","guid":{"rendered":"https:\/\/vosgesinfo.fr\/remiremontinfo\/?p=76151"},"modified":"2024-12-03T09:54:05","modified_gmt":"2024-12-03T08:54:05","slug":"decembre-festif-a-remiremont-un-mois-danimations-pour-toute-la-famille","status":"publish","type":"post","link":"https:\/\/vosgesinfo.fr\/remiremontinfo\/2024\/12\/decembre-festif-a-remiremont-un-mois-danimations-pour-toute-la-famille\/","title":{"rendered":"D\u00e9cembre festif \u00e0 Remiremont : un mois d\u2019animations pour toute la famille !"},"content":{"rendered":"<blockquote><p><strong>La ville de Remiremont et ses associations r\u00e9servent un mois de d\u00e9cembre haut en couleurs avec un programme d\u2019animations vari\u00e9 pour ravir petits et grands.<\/strong><\/p>\n<p><strong>Un lancement en musique et en lumi\u00e8re<\/strong><br \/>\nLe coup d\u2019envoi des festivit\u00e9s sera donn\u00e9 ce jeudi 5 d\u00e9cembre avec un concert de musique irlandaise au Centre culturel Gilbert Zaug. D\u00e8s le lendemain, le march\u00e9 de No\u00ebl ouvrira ses portes sur la place Christian Poncelet. Inaugur\u00e9 en grande pompe, il accueillera les visiteurs jusqu\u2019au 29 d\u00e9cembre.<\/p>\n<p><strong>Des animations pour tous les go\u00fbts<\/strong><br \/>\nL\u2019association des commer\u00e7ants <em>La Volont\u2019R<\/em> a pr\u00e9par\u00e9 une multitude d\u2019activit\u00e9s pour animer le mois de d\u00e9cembre :<\/p>\n<ul>\n<li>Des clowns d\u00e9ambuleront dans les rues pour \u00e9merveiller les enfants.<\/li>\n<li>Un concours de pulls moches invitera \u00e0 m\u00ealer humour et esprit festif.<\/li>\n<li>Des concerts et des balades en cal\u00e8che viendront rythmer les journ\u00e9es.<\/li>\n<\/ul>\n<p><strong>Spectacles de feu et magie de No\u00ebl<\/strong><br \/>\nPour couronner ces festivit\u00e9s, la municipalit\u00e9 proposera un spectacle de feu itin\u00e9rant qui illuminera les rues de la ville, mais \u00e9galement un grand spectacle pyrotechnique pour \u00e9merveiller les foules.<\/p>\n<h3><strong>Retrouvez le programme complet ci-dessous et laissez-vous emporter par la magie de No\u00ebl \u00e0 Remiremont !<\/strong><\/h3>\n<\/blockquote>\n<p>&nbsp;<\/p>\n\n\t\t<style type=\"text\/css\">\n\t\t\t#gallery-1 {\n\t\t\t\tmargin: auto;\n\t\t\t}\n\t\t\t#gallery-1 .gallery-item {\n\t\t\t\tfloat: left;\n\t\t\t\tmargin-top: 10px;\n\t\t\t\ttext-align: center;\n\t\t\t\twidth: 50%;\n\t\t\t}\n\t\t\t#gallery-1 img {\n\t\t\t\tborder: 2px solid #cfcfcf;\n\t\t\t}\n\t\t\t#gallery-1 .gallery-caption {\n\t\t\t\tmargin-left: 0;\n\t\t\t}\n\t\t\t\/* see gallery_shortcode() in wp-includes\/media.php *\/\n\t\t<\/style>\n\t\t<div id='gallery-1' class='gallery galleryid-76151 gallery-columns-2 gallery-size-full'><dl class='gallery-item'>\n\t\t\t<dt class='gallery-icon portrait'>\n\t\t\t\t<a href='https:\/\/vosgesinfo.fr\/remiremontinfo\/2024\/12\/decembre-festif-a-remiremont-un-mois-danimations-pour-toute-la-famille\/programme_noel_2024_vdef_webpdf_page-0001\/'><img decoding=\"async\" width=\"877\" height=\"1241\" src=\"https:\/\/vosgesinfo.fr\/app\/uploads\/sites\/5\/2024\/12\/programme-noel-2024-vdef-webpdf-page-0001.jpg\" class=\"attachment-full size-full\" alt=\"\" srcset=\"https:\/\/vosgesinfo.fr\/app\/uploads\/sites\/5\/2024\/12\/programme-noel-2024-vdef-webpdf-page-0001.jpg 877w, https:\/\/vosgesinfo.fr\/app\/uploads\/sites\/5\/2024\/12\/programme-noel-2024-vdef-webpdf-page-0001-212x300.jpg 212w, https:\/\/vosgesinfo.fr\/app\/uploads\/sites\/5\/2024\/12\/programme-noel-2024-vdef-webpdf-page-0001-724x1024.jpg 724w, https:\/\/vosgesinfo.fr\/app\/uploads\/sites\/5\/2024\/12\/programme-noel-2024-vdef-webpdf-page-0001-768x1087.jpg 768w\" sizes=\"(max-width: 877px) 100vw, 877px\" \/><\/a>\n\t\t\t<\/dt><\/dl><dl class='gallery-item'>\n\t\t\t<dt class='gallery-icon portrait'>\n\t\t\t\t<a href='https:\/\/vosgesinfo.fr\/remiremontinfo\/2024\/12\/decembre-festif-a-remiremont-un-mois-danimations-pour-toute-la-famille\/programme_noel_2024_vdef_webpdf_page-0002\/'><img decoding=\"async\" width=\"877\" height=\"1241\" src=\"https:\/\/vosgesinfo.fr\/app\/uploads\/sites\/5\/2024\/12\/programme-noel-2024-vdef-webpdf-page-0002.jpg\" class=\"attachment-full size-full\" alt=\"\" srcset=\"https:\/\/vosgesinfo.fr\/app\/uploads\/sites\/5\/2024\/12\/programme-noel-2024-vdef-webpdf-page-0002.jpg 877w, https:\/\/vosgesinfo.fr\/app\/uploads\/sites\/5\/2024\/12\/programme-noel-2024-vdef-webpdf-page-0002-212x300.jpg 212w, https:\/\/vosgesinfo.fr\/app\/uploads\/sites\/5\/2024\/12\/programme-noel-2024-vdef-webpdf-page-0002-724x1024.jpg 724w, https:\/\/vosgesinfo.fr\/app\/uploads\/sites\/5\/2024\/12\/programme-noel-2024-vdef-webpdf-page-0002-768x1087.jpg 768w\" sizes=\"(max-width: 877px) 100vw, 877px\" \/><\/a>\n\t\t\t<\/dt><\/dl><br style=\"clear: both\" \/><dl class='gallery-item'>\n\t\t\t<dt class='gallery-icon portrait'>\n\t\t\t\t<a href='https:\/\/vosgesinfo.fr\/remiremontinfo\/2024\/12\/decembre-festif-a-remiremont-un-mois-danimations-pour-toute-la-famille\/programme_noel_2024_vdef_webpdf_page-0003\/'><img decoding=\"async\" width=\"877\" height=\"1241\" src=\"https:\/\/vosgesinfo.fr\/app\/uploads\/sites\/5\/2024\/12\/programme-noel-2024-vdef-webpdf-page-0003.jpg\" class=\"attachment-full size-full\" alt=\"\" srcset=\"https:\/\/vosgesinfo.fr\/app\/uploads\/sites\/5\/2024\/12\/programme-noel-2024-vdef-webpdf-page-0003.jpg 877w, https:\/\/vosgesinfo.fr\/app\/uploads\/sites\/5\/2024\/12\/programme-noel-2024-vdef-webpdf-page-0003-212x300.jpg 212w, https:\/\/vosgesinfo.fr\/app\/uploads\/sites\/5\/2024\/12\/programme-noel-2024-vdef-webpdf-page-0003-724x1024.jpg 724w, https:\/\/vosgesinfo.fr\/app\/uploads\/sites\/5\/2024\/12\/programme-noel-2024-vdef-webpdf-page-0003-768x1087.jpg 768w\" sizes=\"(max-width: 877px) 100vw, 877px\" \/><\/a>\n\t\t\t<\/dt><\/dl><dl class='gallery-item'>\n\t\t\t<dt class='gallery-icon portrait'>\n\t\t\t\t<a href='https:\/\/vosgesinfo.fr\/remiremontinfo\/2024\/12\/decembre-festif-a-remiremont-un-mois-danimations-pour-toute-la-famille\/programme_noel_2024_vdef_webpdf_page-0004\/'><img decoding=\"async\" width=\"877\" height=\"1241\" src=\"https:\/\/vosgesinfo.fr\/app\/uploads\/sites\/5\/2024\/12\/programme-noel-2024-vdef-webpdf-page-0004.jpg\" class=\"attachment-full size-full\" alt=\"\" srcset=\"https:\/\/vosgesinfo.fr\/app\/uploads\/sites\/5\/2024\/12\/programme-noel-2024-vdef-webpdf-page-0004.jpg 877w, https:\/\/vosgesinfo.fr\/app\/uploads\/sites\/5\/2024\/12\/programme-noel-2024-vdef-webpdf-page-0004-212x300.jpg 212w, https:\/\/vosgesinfo.fr\/app\/uploads\/sites\/5\/2024\/12\/programme-noel-2024-vdef-webpdf-page-0004-724x1024.jpg 724w, https:\/\/vosgesinfo.fr\/app\/uploads\/sites\/5\/2024\/12\/programme-noel-2024-vdef-webpdf-page-0004-768x1087.jpg 768w\" sizes=\"(max-width: 877px) 100vw, 877px\" \/><\/a>\n\t\t\t<\/dt><\/dl><br style=\"clear: both\" \/><dl class='gallery-item'>\n\t\t\t<dt class='gallery-icon portrait'>\n\t\t\t\t<a href='https:\/\/vosgesinfo.fr\/remiremontinfo\/2024\/12\/decembre-festif-a-remiremont-un-mois-danimations-pour-toute-la-famille\/programme_noel_2024_vdef_webpdf_page-0005\/'><img decoding=\"async\" width=\"877\" height=\"1241\" src=\"https:\/\/vosgesinfo.fr\/app\/uploads\/sites\/5\/2024\/12\/programme-noel-2024-vdef-webpdf-page-0005.jpg\" class=\"attachment-full size-full\" alt=\"\" srcset=\"https:\/\/vosgesinfo.fr\/app\/uploads\/sites\/5\/2024\/12\/programme-noel-2024-vdef-webpdf-page-0005.jpg 877w, https:\/\/vosgesinfo.fr\/app\/uploads\/sites\/5\/2024\/12\/programme-noel-2024-vdef-webpdf-page-0005-212x300.jpg 212w, https:\/\/vosgesinfo.fr\/app\/uploads\/sites\/5\/2024\/12\/programme-noel-2024-vdef-webpdf-page-0005-724x1024.jpg 724w, https:\/\/vosgesinfo.fr\/app\/uploads\/sites\/5\/2024\/12\/programme-noel-2024-vdef-webpdf-page-0005-768x1087.jpg 768w\" sizes=\"(max-width: 877px) 100vw, 877px\" \/><\/a>\n\t\t\t<\/dt><\/dl><dl class='gallery-item'>\n\t\t\t<dt class='gallery-icon portrait'>\n\t\t\t\t<a href='https:\/\/vosgesinfo.fr\/remiremontinfo\/2024\/12\/decembre-festif-a-remiremont-un-mois-danimations-pour-toute-la-famille\/programme_noel_2024_vdef_webpdf_page-0006\/'><img decoding=\"async\" width=\"877\" height=\"1241\" src=\"https:\/\/vosgesinfo.fr\/app\/uploads\/sites\/5\/2024\/12\/programme-noel-2024-vdef-webpdf-page-0006.jpg\" class=\"attachment-full size-full\" alt=\"\" srcset=\"https:\/\/vosgesinfo.fr\/app\/uploads\/sites\/5\/2024\/12\/programme-noel-2024-vdef-webpdf-page-0006.jpg 877w, https:\/\/vosgesinfo.fr\/app\/uploads\/sites\/5\/2024\/12\/programme-noel-2024-vdef-webpdf-page-0006-212x300.jpg 212w, https:\/\/vosgesinfo.fr\/app\/uploads\/sites\/5\/2024\/12\/programme-noel-2024-vdef-webpdf-page-0006-724x1024.jpg 724w, https:\/\/vosgesinfo.fr\/app\/uploads\/sites\/5\/2024\/12\/programme-noel-2024-vdef-webpdf-page-0006-768x1087.jpg 768w\" sizes=\"(max-width: 877px) 100vw, 877px\" \/><\/a>\n\t\t\t<\/dt><\/dl><br style=\"clear: both\" \/><dl class='gallery-item'>\n\t\t\t<dt class='gallery-icon portrait'>\n\t\t\t\t<a href='https:\/\/vosgesinfo.fr\/remiremontinfo\/2024\/12\/decembre-festif-a-remiremont-un-mois-danimations-pour-toute-la-famille\/programme_noel_2024_vdef_webpdf_page-0007\/'><img decoding=\"async\" width=\"877\" height=\"1241\" src=\"https:\/\/vosgesinfo.fr\/app\/uploads\/sites\/5\/2024\/12\/programme-noel-2024-vdef-webpdf-page-0007.jpg\" class=\"attachment-full size-full\" alt=\"\" srcset=\"https:\/\/vosgesinfo.fr\/app\/uploads\/sites\/5\/2024\/12\/programme-noel-2024-vdef-webpdf-page-0007.jpg 877w, https:\/\/vosgesinfo.fr\/app\/uploads\/sites\/5\/2024\/12\/programme-noel-2024-vdef-webpdf-page-0007-212x300.jpg 212w, https:\/\/vosgesinfo.fr\/app\/uploads\/sites\/5\/2024\/12\/programme-noel-2024-vdef-webpdf-page-0007-724x1024.jpg 724w, https:\/\/vosgesinfo.fr\/app\/uploads\/sites\/5\/2024\/12\/programme-noel-2024-vdef-webpdf-page-0007-768x1087.jpg 768w\" sizes=\"(max-width: 877px) 100vw, 877px\" \/><\/a>\n\t\t\t<\/dt><\/dl><dl class='gallery-item'>\n\t\t\t<dt class='gallery-icon portrait'>\n\t\t\t\t<a href='https:\/\/vosgesinfo.fr\/remiremontinfo\/2024\/12\/decembre-festif-a-remiremont-un-mois-danimations-pour-toute-la-famille\/programme_noel_2024_vdef_webpdf_page-0008\/'><img decoding=\"async\" width=\"877\" height=\"1241\" src=\"https:\/\/vosgesinfo.fr\/app\/uploads\/sites\/5\/2024\/12\/programme-noel-2024-vdef-webpdf-page-0008.jpg\" class=\"attachment-full size-full\" alt=\"\" srcset=\"https:\/\/vosgesinfo.fr\/app\/uploads\/sites\/5\/2024\/12\/programme-noel-2024-vdef-webpdf-page-0008.jpg 877w, https:\/\/vosgesinfo.fr\/app\/uploads\/sites\/5\/2024\/12\/programme-noel-2024-vdef-webpdf-page-0008-212x300.jpg 212w, https:\/\/vosgesinfo.fr\/app\/uploads\/sites\/5\/2024\/12\/programme-noel-2024-vdef-webpdf-page-0008-724x1024.jpg 724w, https:\/\/vosgesinfo.fr\/app\/uploads\/sites\/5\/2024\/12\/programme-noel-2024-vdef-webpdf-page-0008-768x1087.jpg 768w\" sizes=\"(max-width: 877px) 100vw, 877px\" \/><\/a>\n\t\t\t<\/dt><\/dl><br style=\"clear: both\" \/>\n\t\t<\/div>\n\n","protected":false},"excerpt":{"rendered":"<p>La ville de Remiremont et ses associations r\u00e9servent un mois de d\u00e9cembre haut en couleurs avec un programme d\u2019animations vari\u00e9 [&hellip;]<\/p>\n","protected":false},"author":418,"featured_media":76155,"comment_status":"open","ping_status":"open","sticky":false,"template":"","format":"standard","meta":{"footnotes":""},"categories":[26,594,124,43],"tags":[3109,6656,44],"class_list":["post-76151","post","type-post","status-publish","format-standard","has-post-thumbnail","hentry","category-a-la-une","category-agenda","category-fetes","category-remiremont-remiremont-son-canton","tag-festivites","tag-programme-de-decembre","tag-remiremont"],"acf":[],"yoast_head":"<!-- This site is optimized with the Yoast SEO plugin v22.5 - https:\/\/yoast.com\/wordpress\/plugins\/seo\/ -->\n<title>D\u00e9cembre festif \u00e0 Remiremont : un mois d\u2019animations pour toute la famille ! - Remiremont Info<\/title>\n<meta name=\"robots\" content=\"index, follow, max-snippet:-1, max-image-preview:large, max-video-preview:-1\" \/>\n<link rel=\"canonical\" href=\"https:\/\/vosgesinfo.fr\/remiremontinfo\/?p=76151\" \/>\n<meta name=\"twitter:card\" content=\"summary_large_image\" \/>\n<meta name=\"twitter:title\" content=\"D\u00e9cembre festif \u00e0 Remiremont : un mois d\u2019animations pour toute la famille ! - Remiremont Info\" \/>\n<meta name=\"twitter:description\" content=\"La ville de Remiremont et ses associations r\u00e9servent un mois de d\u00e9cembre haut en couleurs avec un programme d\u2019animations vari\u00e9 [&hellip;]\" \/>\n<meta name=\"twitter:image\" content=\"https:\/\/vosgesinfo.fr\/app\/uploads\/sites\/5\/2024\/12\/programme-noel-2024-vdef-webpdf-page-0001.jpg\" \/>\n<meta name=\"twitter:creator\" content=\"@VosgesInfo88\" \/>\n<meta name=\"twitter:site\" content=\"@VosgesInfo88\" \/>\n<meta name=\"twitter:label1\" content=\"\u00c9crit par\" \/>\n\t<meta name=\"twitter:data1\" content=\"C.M\" \/>\n\t<meta name=\"twitter:label2\" content=\"Dur\u00e9e de lecture estim\u00e9e\" \/>\n\t<meta name=\"twitter:data2\" content=\"1 minute\" \/>\n<script type=\"application\/ld+json\" class=\"yoast-schema-graph\">{\"@context\":\"https:\/\/schema.org\",\"@graph\":[{\"@type\":\"Article\",\"@id\":\"https:\/\/vosgesinfo.fr\/remiremontinfo\/?p=76151#article\",\"isPartOf\":{\"@id\":\"https:\/\/vosgesinfo.fr\/remiremontinfo\/?p=76151\"},\"author\":{\"name\":\"C.M\",\"@id\":\"https:\/\/vosgesinfo.fr\/remiremontinfo\/#\/schema\/person\/4f38cd3068e342935b7304695c797d08\"},\"headline\":\"D\u00e9cembre festif \u00e0 Remiremont : un mois d\u2019animations pour toute la famille !\",\"datePublished\":\"2024-12-03T08:54:05+00:00\",\"dateModified\":\"2024-12-03T08:54:05+00:00\",\"mainEntityOfPage\":{\"@id\":\"https:\/\/vosgesinfo.fr\/remiremontinfo\/?p=76151\"},\"wordCount\":227,\"commentCount\":0,\"publisher\":{\"@id\":\"https:\/\/vosgesinfo.fr\/remiremontinfo\/#organization\"},\"image\":{\"@id\":\"https:\/\/vosgesinfo.fr\/remiremontinfo\/?p=76151#primaryimage\"},\"thumbnailUrl\":\"https:\/\/vosgesinfo.fr\/app\/uploads\/sites\/5\/2024\/12\/programme-noel-2024-vdef-webpdf-page-0001.jpg\",\"keywords\":[\"festivit\u00e9s\",\"Programme de d\u00e9cembre\",\"remiremont\"],\"articleSection\":[\"A la Une\",\"Agenda\",\"F\u00eates\",\"Remiremont\"],\"inLanguage\":\"fr-FR\",\"potentialAction\":[{\"@type\":\"CommentAction\",\"name\":\"Comment\",\"target\":[\"https:\/\/vosgesinfo.fr\/remiremontinfo\/?p=76151#respond\"]}]},{\"@type\":\"WebPage\",\"@id\":\"https:\/\/vosgesinfo.fr\/remiremontinfo\/?p=76151\",\"url\":\"https:\/\/vosgesinfo.fr\/remiremontinfo\/?p=76151\",\"name\":\"D\u00e9cembre festif \u00e0 Remiremont : un mois d\u2019animations pour toute la famille ! - Remiremont Info\",\"isPartOf\":{\"@id\":\"https:\/\/vosgesinfo.fr\/remiremontinfo\/#website\"},\"primaryImageOfPage\":{\"@id\":\"https:\/\/vosgesinfo.fr\/remiremontinfo\/?p=76151#primaryimage\"},\"image\":{\"@id\":\"https:\/\/vosgesinfo.fr\/remiremontinfo\/?p=76151#primaryimage\"},\"thumbnailUrl\":\"https:\/\/vosgesinfo.fr\/app\/uploads\/sites\/5\/2024\/12\/programme-noel-2024-vdef-webpdf-page-0001.jpg\",\"datePublished\":\"2024-12-03T08:54:05+00:00\",\"dateModified\":\"2024-12-03T08:54:05+00:00\",\"breadcrumb\":{\"@id\":\"https:\/\/vosgesinfo.fr\/remiremontinfo\/?p=76151#breadcrumb\"},\"inLanguage\":\"fr-FR\",\"potentialAction\":[{\"@type\":\"ReadAction\",\"target\":[\"https:\/\/vosgesinfo.fr\/remiremontinfo\/?p=76151\"]}]},{\"@type\":\"ImageObject\",\"inLanguage\":\"fr-FR\",\"@id\":\"https:\/\/vosgesinfo.fr\/remiremontinfo\/?p=76151#primaryimage\",\"url\":\"https:\/\/vosgesinfo.fr\/app\/uploads\/sites\/5\/2024\/12\/programme-noel-2024-vdef-webpdf-page-0001.jpg\",\"contentUrl\":\"https:\/\/vosgesinfo.fr\/app\/uploads\/sites\/5\/2024\/12\/programme-noel-2024-vdef-webpdf-page-0001.jpg\",\"width\":877,\"height\":1241},{\"@type\":\"BreadcrumbList\",\"@id\":\"https:\/\/vosgesinfo.fr\/remiremontinfo\/?p=76151#breadcrumb\",\"itemListElement\":[{\"@type\":\"ListItem\",\"position\":1,\"name\":\"Home\",\"item\":\"https:\/\/vosgesinfo.fr\/remiremontinfo\/\"},{\"@type\":\"ListItem\",\"position\":2,\"name\":\"D\u00e9cembre festif \u00e0 Remiremont : un mois d\u2019animations pour toute la famille !\"}]},{\"@type\":\"WebSite\",\"@id\":\"https:\/\/vosgesinfo.fr\/remiremontinfo\/#website\",\"url\":\"https:\/\/vosgesinfo.fr\/remiremontinfo\/\",\"name\":\"Remiremont Info\",\"description\":\"Toute l&#039;actualit\u00e9 de Remiremont\",\"publisher\":{\"@id\":\"https:\/\/vosgesinfo.fr\/remiremontinfo\/#organization\"},\"alternateName\":\"Toute l'actualit\u00e9 de Remiremont\",\"potentialAction\":[{\"@type\":\"SearchAction\",\"target\":{\"@type\":\"EntryPoint\",\"urlTemplate\":\"https:\/\/vosgesinfo.fr\/remiremontinfo\/?s={search_term_string}\"},\"query-input\":\"required name=search_term_string\"}],\"inLanguage\":\"fr-FR\"},{\"@type\":\"Organization\",\"@id\":\"https:\/\/vosgesinfo.fr\/remiremontinfo\/#organization\",\"name\":\"Remiremont Info\",\"url\":\"https:\/\/vosgesinfo.fr\/remiremontinfo\/\",\"logo\":{\"@type\":\"ImageObject\",\"inLanguage\":\"fr-FR\",\"@id\":\"https:\/\/vosgesinfo.fr\/remiremontinfo\/#\/schema\/logo\/image\/\",\"url\":\"https:\/\/vosgesinfo.fr\/app\/uploads\/sites\/5\/2023\/08\/favicon-remiremontinfo.png\",\"contentUrl\":\"https:\/\/vosgesinfo.fr\/app\/uploads\/sites\/5\/2023\/08\/favicon-remiremontinfo.png\",\"width\":512,\"height\":512,\"caption\":\"Remiremont Info\"},\"image\":{\"@id\":\"https:\/\/vosgesinfo.fr\/remiremontinfo\/#\/schema\/logo\/image\/\"},\"sameAs\":[\"https:\/\/www.facebook.com\/remiremontinfo\",\"https:\/\/x.com\/VosgesInfo88\",\"https:\/\/www.youtube.com\/@vosgesinfo\"]},{\"@type\":\"Person\",\"@id\":\"https:\/\/vosgesinfo.fr\/remiremontinfo\/#\/schema\/person\/4f38cd3068e342935b7304695c797d08\",\"name\":\"C.M\",\"image\":{\"@type\":\"ImageObject\",\"inLanguage\":\"fr-FR\",\"@id\":\"https:\/\/vosgesinfo.fr\/remiremontinfo\/#\/schema\/person\/image\/\",\"url\":\"https:\/\/secure.gravatar.com\/avatar\/fe9daaef0164d920717484172682f3c5c9bcf7d42aa8c7048c76c34f0eb6c8da?s=96&d=mm&r=g\",\"contentUrl\":\"https:\/\/secure.gravatar.com\/avatar\/fe9daaef0164d920717484172682f3c5c9bcf7d42aa8c7048c76c34f0eb6c8da?s=96&d=mm&r=g\",\"caption\":\"C.M\"},\"url\":\"https:\/\/vosgesinfo.fr\/remiremontinfo\/author\/cm88200\/\"}]}<\/script>\n<!-- \/ Yoast SEO plugin. -->","yoast_head_json":{"title":"D\u00e9cembre festif \u00e0 Remiremont : un mois d\u2019animations pour toute la famille ! - Remiremont Info","robots":{"index":"index","follow":"follow","max-snippet":"max-snippet:-1","max-image-preview":"max-image-preview:large","max-video-preview":"max-video-preview:-1"},"canonical":"https:\/\/vosgesinfo.fr\/remiremontinfo\/?p=76151","twitter_card":"summary_large_image","twitter_title":"D\u00e9cembre festif \u00e0 Remiremont : un mois d\u2019animations pour toute la famille ! - Remiremont Info","twitter_description":"La ville de Remiremont et ses associations r\u00e9servent un mois de d\u00e9cembre haut en couleurs avec un programme d\u2019animations vari\u00e9 [&hellip;]","twitter_image":"https:\/\/vosgesinfo.fr\/app\/uploads\/sites\/5\/2024\/12\/programme-noel-2024-vdef-webpdf-page-0001.jpg","twitter_creator":"@VosgesInfo88","twitter_site":"@VosgesInfo88","twitter_misc":{"\u00c9crit par":"C.M","Dur\u00e9e de lecture estim\u00e9e":"1 minute"},"schema":{"@context":"https:\/\/schema.org","@graph":[{"@type":"Article","@id":"https:\/\/vosgesinfo.fr\/remiremontinfo\/?p=76151#article","isPartOf":{"@id":"https:\/\/vosgesinfo.fr\/remiremontinfo\/?p=76151"},"author":{"name":"C.M","@id":"https:\/\/vosgesinfo.fr\/remiremontinfo\/#\/schema\/person\/4f38cd3068e342935b7304695c797d08"},"headline":"D\u00e9cembre festif \u00e0 Remiremont : un mois d\u2019animations pour toute la famille !","datePublished":"2024-12-03T08:54:05+00:00","dateModified":"2024-12-03T08:54:05+00:00","mainEntityOfPage":{"@id":"https:\/\/vosgesinfo.fr\/remiremontinfo\/?p=76151"},"wordCount":227,"commentCount":0,"publisher":{"@id":"https:\/\/vosgesinfo.fr\/remiremontinfo\/#organization"},"image":{"@id":"https:\/\/vosgesinfo.fr\/remiremontinfo\/?p=76151#primaryimage"},"thumbnailUrl":"https:\/\/vosgesinfo.fr\/app\/uploads\/sites\/5\/2024\/12\/programme-noel-2024-vdef-webpdf-page-0001.jpg","keywords":["festivit\u00e9s","Programme de d\u00e9cembre","remiremont"],"articleSection":["A la Une","Agenda","F\u00eates","Remiremont"],"inLanguage":"fr-FR","potentialAction":[{"@type":"CommentAction","name":"Comment","target":["https:\/\/vosgesinfo.fr\/remiremontinfo\/?p=76151#respond"]}]},{"@type":"WebPage","@id":"https:\/\/vosgesinfo.fr\/remiremontinfo\/?p=76151","url":"https:\/\/vosgesinfo.fr\/remiremontinfo\/?p=76151","name":"D\u00e9cembre festif \u00e0 Remiremont : un mois d\u2019animations pour toute la famille ! - Remiremont Info","isPartOf":{"@id":"https:\/\/vosgesinfo.fr\/remiremontinfo\/#website"},"primaryImageOfPage":{"@id":"https:\/\/vosgesinfo.fr\/remiremontinfo\/?p=76151#primaryimage"},"image":{"@id":"https:\/\/vosgesinfo.fr\/remiremontinfo\/?p=76151#primaryimage"},"thumbnailUrl":"https:\/\/vosgesinfo.fr\/app\/uploads\/sites\/5\/2024\/12\/programme-noel-2024-vdef-webpdf-page-0001.jpg","datePublished":"2024-12-03T08:54:05+00:00","dateModified":"2024-12-03T08:54:05+00:00","breadcrumb":{"@id":"https:\/\/vosgesinfo.fr\/remiremontinfo\/?p=76151#breadcrumb"},"inLanguage":"fr-FR","potentialAction":[{"@type":"ReadAction","target":["https:\/\/vosgesinfo.fr\/remiremontinfo\/?p=76151"]}]},{"@type":"ImageObject","inLanguage":"fr-FR","@id":"https:\/\/vosgesinfo.fr\/remiremontinfo\/?p=76151#primaryimage","url":"https:\/\/vosgesinfo.fr\/app\/uploads\/sites\/5\/2024\/12\/programme-noel-2024-vdef-webpdf-page-0001.jpg","contentUrl":"https:\/\/vosgesinfo.fr\/app\/uploads\/sites\/5\/2024\/12\/programme-noel-2024-vdef-webpdf-page-0001.jpg","width":877,"height":1241},{"@type":"BreadcrumbList","@id":"https:\/\/vosgesinfo.fr\/remiremontinfo\/?p=76151#breadcrumb","itemListElement":[{"@type":"ListItem","position":1,"name":"Home","item":"https:\/\/vosgesinfo.fr\/remiremontinfo\/"},{"@type":"ListItem","position":2,"name":"D\u00e9cembre festif \u00e0 Remiremont : un mois d\u2019animations pour toute la famille !"}]},{"@type":"WebSite","@id":"https:\/\/vosgesinfo.fr\/remiremontinfo\/#website","url":"https:\/\/vosgesinfo.fr\/remiremontinfo\/","name":"Remiremont Info","description":"Toute l&#039;actualit\u00e9 de Remiremont","publisher":{"@id":"https:\/\/vosgesinfo.fr\/remiremontinfo\/#organization"},"alternateName":"Toute l'actualit\u00e9 de Remiremont","potentialAction":[{"@type":"SearchAction","target":{"@type":"EntryPoint","urlTemplate":"https:\/\/vosgesinfo.fr\/remiremontinfo\/?s={search_term_string}"},"query-input":"required name=search_term_string"}],"inLanguage":"fr-FR"},{"@type":"Organization","@id":"https:\/\/vosgesinfo.fr\/remiremontinfo\/#organization","name":"Remiremont Info","url":"https:\/\/vosgesinfo.fr\/remiremontinfo\/","logo":{"@type":"ImageObject","inLanguage":"fr-FR","@id":"https:\/\/vosgesinfo.fr\/remiremontinfo\/#\/schema\/logo\/image\/","url":"https:\/\/vosgesinfo.fr\/app\/uploads\/sites\/5\/2023\/08\/favicon-remiremontinfo.png","contentUrl":"https:\/\/vosgesinfo.fr\/app\/uploads\/sites\/5\/2023\/08\/favicon-remiremontinfo.png","width":512,"height":512,"caption":"Remiremont Info"},"image":{"@id":"https:\/\/vosgesinfo.fr\/remiremontinfo\/#\/schema\/logo\/image\/"},"sameAs":["https:\/\/www.facebook.com\/remiremontinfo","https:\/\/x.com\/VosgesInfo88","https:\/\/www.youtube.com\/@vosgesinfo"]},{"@type":"Person","@id":"https:\/\/vosgesinfo.fr\/remiremontinfo\/#\/schema\/person\/4f38cd3068e342935b7304695c797d08","name":"C.M","image":{"@type":"ImageObject","inLanguage":"fr-FR","@id":"https:\/\/vosgesinfo.fr\/remiremontinfo\/#\/schema\/person\/image\/","url":"https:\/\/secure.gravatar.com\/avatar\/fe9daaef0164d920717484172682f3c5c9bcf7d42aa8c7048c76c34f0eb6c8da?s=96&d=mm&r=g","contentUrl":"https:\/\/secure.gravatar.com\/avatar\/fe9daaef0164d920717484172682f3c5c9bcf7d42aa8c7048c76c34f0eb6c8da?s=96&d=mm&r=g","caption":"C.M"},"url":"https:\/\/vosgesinfo.fr\/remiremontinfo\/author\/cm88200\/"}]}},"_links":{"self":[{"href":"https:\/\/vosgesinfo.fr\/remiremontinfo\/wp-json\/wp\/v2\/posts\/76151","targetHints":{"allow":["GET"]}}],"collection":[{"href":"https:\/\/vosgesinfo.fr\/remiremontinfo\/wp-json\/wp\/v2\/posts"}],"about":[{"href":"https:\/\/vosgesinfo.fr\/remiremontinfo\/wp-json\/wp\/v2\/types\/post"}],"author":[{"embeddable":true,"href":"https:\/\/vosgesinfo.fr\/remiremontinfo\/wp-json\/wp\/v2\/users\/418"}],"replies":[{"embeddable":true,"href":"https:\/\/vosgesinfo.fr\/remiremontinfo\/wp-json\/wp\/v2\/comments?post=76151"}],"version-history":[{"count":1,"href":"https:\/\/vosgesinfo.fr\/remiremontinfo\/wp-json\/wp\/v2\/posts\/76151\/revisions"}],"predecessor-version":[{"id":76160,"href":"https:\/\/vosgesinfo.fr\/remiremontinfo\/wp-json\/wp\/v2\/posts\/76151\/revisions\/76160"}],"wp:featuredmedia":[{"embeddable":true,"href":"https:\/\/vosgesinfo.fr\/remiremontinfo\/wp-json\/wp\/v2\/media\/76155"}],"wp:attachment":[{"href":"https:\/\/vosgesinfo.fr\/remiremontinfo\/wp-json\/wp\/v2\/media?parent=76151"}],"wp:term":[{"taxonomy":"category","embeddable":true,"href":"https:\/\/vosgesinfo.fr\/remiremontinfo\/wp-json\/wp\/v2\/categories?post=76151"},{"taxonomy":"post_tag","embeddable":true,"href":"https:\/\/vosgesinfo.fr\/remiremontinfo\/wp-json\/wp\/v2\/tags?post=76151"}],"curies":[{"name":"wp","href":"https:\/\/api.w.org\/{rel}","templated":true}]}}