{"id":7618,"date":"2024-07-05T09:58:17","date_gmt":"2024-07-05T07:58:17","guid":{"rendered":"https:\/\/vosgesinfo.fr\/remiremontinfo\/?p=7618"},"modified":"2024-07-05T10:00:40","modified_gmt":"2024-07-05T08:00:40","slug":"3eme-circonscription-un-ballotage-et-un-second-tour-sans-surprise","status":"publish","type":"post","link":"https:\/\/vosgesinfo.fr\/remiremontinfo\/2024\/07\/3eme-circonscription-un-ballotage-et-un-second-tour-sans-surprise\/","title":{"rendered":"3\u00e8me circonscription: un ballotage&#8230; et un second tour sans surprise!"},"content":{"rendered":"\n\t\t<style type=\"text\/css\">\n\t\t\t#gallery-1 {\n\t\t\t\tmargin: auto;\n\t\t\t}\n\t\t\t#gallery-1 .gallery-item {\n\t\t\t\tfloat: left;\n\t\t\t\tmargin-top: 10px;\n\t\t\t\ttext-align: center;\n\t\t\t\twidth: 33%;\n\t\t\t}\n\t\t\t#gallery-1 img {\n\t\t\t\tborder: 2px solid #cfcfcf;\n\t\t\t}\n\t\t\t#gallery-1 .gallery-caption {\n\t\t\t\tmargin-left: 0;\n\t\t\t}\n\t\t\t\/* see gallery_shortcode() in wp-includes\/media.php *\/\n\t\t<\/style>\n\t\t<div id='gallery-1' class='gallery galleryid-7618 gallery-columns-3 gallery-size-large'><dl class='gallery-item'>\n\t\t\t<dt class='gallery-icon portrait'>\n\t\t\t\t<a href='https:\/\/vosgesinfo.fr\/app\/uploads\/sites\/5\/2024\/07\/thumbnail-pauline-fresse-affichage.jpg'><img decoding=\"async\" width=\"449\" height=\"798\" src=\"https:\/\/vosgesinfo.fr\/app\/uploads\/sites\/5\/2024\/07\/thumbnail-pauline-fresse-affichage.jpg\" class=\"attachment-large size-large\" alt=\"\" srcset=\"https:\/\/vosgesinfo.fr\/app\/uploads\/sites\/5\/2024\/07\/thumbnail-pauline-fresse-affichage.jpg 449w, https:\/\/vosgesinfo.fr\/app\/uploads\/sites\/5\/2024\/07\/thumbnail-pauline-fresse-affichage-169x300.jpg 169w\" sizes=\"(max-width: 449px) 100vw, 449px\" \/><\/a>\n\t\t\t<\/dt><\/dl><dl class='gallery-item'>\n\t\t\t<dt class='gallery-icon portrait'>\n\t\t\t\t<a href='https:\/\/vosgesinfo.fr\/app\/uploads\/sites\/5\/2024\/07\/christ-naegelen.png'><img decoding=\"async\" width=\"1001\" height=\"1024\" src=\"https:\/\/vosgesinfo.fr\/app\/uploads\/sites\/5\/2024\/07\/christ-naegelen-1001x1024.png\" class=\"attachment-large size-large\" alt=\"\" srcset=\"https:\/\/vosgesinfo.fr\/app\/uploads\/sites\/5\/2024\/07\/christ-naegelen-1001x1024.png 1001w, https:\/\/vosgesinfo.fr\/app\/uploads\/sites\/5\/2024\/07\/christ-naegelen-293x300.png 293w, https:\/\/vosgesinfo.fr\/app\/uploads\/sites\/5\/2024\/07\/christ-naegelen-768x786.png 768w, https:\/\/vosgesinfo.fr\/app\/uploads\/sites\/5\/2024\/07\/christ-naegelen-1501x1536.png 1501w, https:\/\/vosgesinfo.fr\/app\/uploads\/sites\/5\/2024\/07\/christ-naegelen-2001x2048.png 2001w, https:\/\/vosgesinfo.fr\/app\/uploads\/sites\/5\/2024\/07\/christ-naegelen.png 2008w\" sizes=\"(max-width: 1001px) 100vw, 1001px\" \/><\/a>\n\t\t\t<\/dt><\/dl>\n\t\t\t<br style='clear: both' \/>\n\t\t<\/div>\n\n<p>Arriv\u00e9 en t\u00eate du premier tour avec 48,33% des votes exprim\u00e9s ( soit 20652 votants, 383 de moins qu&rsquo;en 2022) et devan\u00e7ant largement Pauline Fresse du Rassemblement National (33,43 % des suffrages pour 14287 votes en sa faveur \/ 7288 en 2022 pour le candidat RN Pierre Fran\u00e7ois) Christophe Naegelen rate sa seconde r\u00e9\u00e9lection au premier tour de quelques centaines de voix. Une \u00e9lection qu&rsquo;il avait pr\u00e9c\u00e9demment\u00a0 obtenue avec brio et 74,27% des suffrages exprim\u00e9s deux ans plus t\u00f4t. Mais il est vrai que le taux d&rsquo;abstention \u00e9tait de 53,52% \u00e0 l&rsquo;\u00e9poque pour 31,27% ( 19 807 inscrits qui ne se sont pas manifest\u00e9s) au 30\u00a0 juin 2024, soit une participation suppl\u00e9mentaire de pr\u00e9s de 5000 personnes . Le pronostic math\u00e9matique d&rsquo;une r\u00e9\u00e9lection au second tour de Christophe Naegelen s&rsquo;impose, quelque soit le taux d&rsquo;abstention ou l&rsquo;absence de report des voix de gauche.<\/p>\n<p><strong>Une campagne \u00e9clair<\/strong><\/p>\n<p>Les deux candidats ont bien entendu tenu \u00e0 remercier les \u00e9lecteurs pour leur confiance et leur soutien \u00e0 la lecture de leurs r\u00e9sultats, fruits d&rsquo;une campagne express handicapante par certains aspects. <em>\u00a0\u00bb Je ne suis pas parvenue \u00e0 obtenir des affiches conformes \u00e0 mes attentes, les d\u00e9lais \u00e9taient trop courts<\/em> \u00ab\u00a0confie la jeune Pauline Fresse constatant son effacement devant la taille du visuel du bin\u00f4me dominant Bardella-Le Pen. Du cot\u00e9 de Christophe Naegelen, la campagne \u00e9clair n&rsquo;a\u00a0 pas permis d&rsquo;organiser une v\u00e9ritables couverture de toute la circonscription avec les r\u00e9unions habituelles pour rappeler tout le travail effectu\u00e9 \u00e0 l&rsquo;Assembl\u00e9e Nationale et dans sa circonscription. <em>\u00a0\u00bb J\u2019effectue une derni\u00e8re r\u00e9union, jeudi 4 juillet \u00e0 la m\u00e9diath\u00e8que de Le Thillot \u00e0 20h\u00a0\u00bb<\/em> souligne t-il <em>\u00ab\u00a0m\u00eame si je ne suis pas parvenu \u00e0 en faire autant que je l&rsquo;aurai souhait\u00e9. Mais les \u00e9lecteurs connaissent mon travail acharn\u00e9 \u00e0 l&rsquo;Assembl\u00e9e Nationale pour d\u00e9fendre les probl\u00e9matiques vosgiennes et ma forte pr\u00e9sence sur ce territoire ou je suis n\u00e9. Je suis un besogneux, je fais dans le concret et le quotidien, pas dans l&rsquo;agitation\u00a0\u00bb. <\/em>Interrog\u00e9s tous deux sur la qualit\u00e9 d&rsquo;une campagne passablement urbaine et polic\u00e9e, le d\u00e9put\u00e9 sortant souligne <em>\u00a0\u00bb Je ne fais pas campagne contre quelqu&rsquo;un mais sur des id\u00e9es\u00a0\u00bb<\/em> alors que Pauline Fresse insiste sur l&rsquo;enjeu primordial qui consiste \u00e0 <em>\u00ab\u00a0donner une majorit\u00e9 absolue \u00e0 Jordan Bardella pour que la dynamique r\u00e9formatrice l&#8217;emporte et qu&rsquo;il puisse \u00eatre un premier ministre d&rsquo;Union Nationale avec des moyens correspondants\u00a0\u00bb<\/em>. Ce \u00e0 quoi, Christophe Naegelen pr\u00e9cise qu&rsquo;il ne faut pas confondre: \u00ab\u00a0<em>Le 7 juillet, c&rsquo;est une \u00e9lection l\u00e9gislative, on choisit son d\u00e9put\u00e9, pas un premier ministre ou un pr\u00e9sident. On vote pour un d\u00e9put\u00e9 qui va\u00a0 d\u00e9fendre les probl\u00e9matiques locales au sein de la repr\u00e9sentation parlementaire dans un cadre national\u00a0\u00bb<\/em>.<\/p>\n<p><strong>L&rsquo;exp\u00e9rience face \u00e0 la jeunesse<\/strong><\/p>\n<p>Capitalisant sur son travail de fond lors de sa l\u00e9gislature \u00e9court\u00e9e, Christophe Naegelen constate avec amertume que les commissions d&rsquo;enqu\u00eate ou les groupes de\u00a0 travail parlementaires dans lesquelles il \u00e9tait pr\u00e9sent et ou il souhaitait apporter un point de vue engag\u00e9 et ind\u00e9pendant, devront red\u00e9marrer de z\u00e9ro: sur la pr\u00e9sence et le maintien des services publics sur le territoire ou sur la simplification administrative, mais aussi sur les sujets de sant\u00e9 ou de s\u00e9curit\u00e9. Son appartenance au groupe LIOT (ind\u00e9pendants et centristes) au parlement en tant qu&rsquo;adh\u00e9rent de l&rsquo; UDI \u00e9tant d&rsquo;apr\u00e8s lui un avantage<em>: \u00ab\u00a0Grace \u00e0 notre groupe de 22 d\u00e9put\u00e9s, je fais parti des 15 repr\u00e9sentants\u00a0 qui ont le plus pos\u00e9 de questions au gouvernement \u00e0 l&rsquo;Assembl\u00e9e. Une opportunit\u00e9 que je n&rsquo;aurai pas eu \u00a0si j&rsquo;avais \u00e9t\u00e9 dans un groupe plus important\u00a0\u00bb<\/em>. Baisse des charges et hausse des salaires, revalorisation des retraites, diminution du cout de l&rsquo;\u00e9nergie, modification de la r\u00e9forme des retraites (p\u00e9nibilit\u00e9, carri\u00e8re des femmes), r\u00e9forme des Agences R\u00e9gionales de Sant\u00e9, des sujets pr\u00e9sent\u00e9s par le Rassemblement National en campagne mais sur lesquels\u00a0 l&rsquo;ancien d\u00e9put\u00e9 avait d\u00e9j\u00e0 ses propres id\u00e9es. <em>\u00a0\u00bb Je serai attentif sur ce qui sera propos\u00e9. Quelque soit le gouvernement qui sera install\u00e9, je ne dis pas non dans le principe. Je me positionnerai par rapport \u00e0 ce qui sera expos\u00e9 pr\u00e9cis\u00e9ment par le nouvel ex\u00e9cutif. C&rsquo;est une attitude pragmatique mais le diable est dans les d\u00e9tails. Trop souvent les m\u00e9dias occultent le travail de correction et d&rsquo;amendement rigoureux qui est fait par les parlementaires entre un projet et le texte finalement adopt\u00e9. C&rsquo;est pourquoi il faut \u00eatre prudent dans les prises de positions\u00a0\u00bb<\/em>. <em>\u00ab\u00a0La dissolution nous oblige \u00e0 renouveler\u00a0 tout un travail fastidieux et pr\u00e9cis sur les propositions et projets de lois. Mais cela me donnera l&rsquo;occasion de repr\u00e9senter celui\u00a0 sur l&rsquo;abrogation des \u00ab\u00a0taxes sur les taxes\u00a0\u00bb rejet\u00e9 par le pr\u00e9c\u00e9dent gouvernement ou celui de taxation sur les transactions financi\u00e8res intrajournali\u00e8res et d\u00e9riv\u00e9s de produit\u00a0 rejet\u00e9 par la majorit\u00e9 parlementaire d&rsquo;une dizaine de voix\u00a0\u00bb<\/em>.<\/p>\n<p>Quant \u00e0 Pauline Fresse, elle se donne pour priorit\u00e9\u00a0 de relayer les messages de port\u00e9e nationale de sa formation: <em>\u00ab\u00a0Nos bons\u00a0 r\u00e9sultats aupr\u00e8s des classes populaires et moyennes, c&rsquo;est que nos mesures, le prix de l&rsquo;essence, la valeur travail ( 10% d&rsquo;augmentation des salaires sans hausse de charges), l&rsquo; acc\u00e8s \u00e0 la sant\u00e9, la s\u00e9curit\u00e9, \u00e7a parle \u00e0 tout le monde. Le RN se veut le d\u00e9fenseur des classes populaires\u00a0 et moyennes des territoires, trop souvent oubli\u00e9es par une \u00e9lite hors sol. Il faut une majorit\u00e9 RN puissante \u00e0 l&rsquo;Assembl\u00e9e pour donner un moindre isolement de la voix des vosgiens au Parlement. Il reste des ind\u00e9cis, une r\u00e9serve de voix qu&rsquo;il faut faire venir voter pour nous au second tour. C&rsquo;est \u00e0 ces personnes que je demande de venir dimanche prochain, avec tous les \u00e9lecteurs qui ont d\u00e9j\u00e0 vot\u00e9 pour nous, pour confirmer notre belle dynamique. Et quel que soit mon r\u00e9sultat, je suis sur le terrain, c&rsquo;est mon territoire et je resterai tr\u00e8s pr\u00e9sente \u00e0 l&rsquo;\u00e9coute des Vosgiens\u00a0\u00bb.<\/em><\/p>\n","protected":false},"excerpt":{"rendered":"<p>Arriv\u00e9 en t\u00eate du premier tour avec 48,33% des votes exprim\u00e9s ( soit 20652 votants, 383 de moins qu&rsquo;en 2022) [&hellip;]<\/p>\n","protected":false},"author":391,"featured_media":7622,"comment_status":"open","ping_status":"open","sticky":false,"template":"","format":"standard","meta":{"footnotes":""},"categories":[26,10,163],"tags":[],"class_list":["post-7618","post","type-post","status-publish","format-standard","has-post-thumbnail","hentry","category-a-la-une","category-politique","category-religion"],"acf":[],"yoast_head":"<!-- This site is optimized with the Yoast SEO plugin v22.5 - https:\/\/yoast.com\/wordpress\/plugins\/seo\/ -->\n<title>3\u00e8me circonscription: un ballotage... et un second tour sans surprise! - Remiremont Info<\/title>\n<meta name=\"robots\" content=\"index, follow, max-snippet:-1, max-image-preview:large, max-video-preview:-1\" \/>\n<link rel=\"canonical\" href=\"https:\/\/vosgesinfo.fr\/remiremontinfo\/2024\/07\/3eme-circonscription-un-ballotage-et-un-second-tour-sans-surprise\/\" \/>\n<meta name=\"twitter:card\" content=\"summary_large_image\" \/>\n<meta name=\"twitter:title\" content=\"3\u00e8me circonscription: un ballotage... et un second tour sans surprise! - Remiremont Info\" \/>\n<meta name=\"twitter:description\" content=\"Arriv\u00e9 en t\u00eate du premier tour avec 48,33% des votes exprim\u00e9s ( soit 20652 votants, 383 de moins qu&rsquo;en 2022) [&hellip;]\" \/>\n<meta name=\"twitter:image\" content=\"https:\/\/vosgesinfo.fr\/app\/uploads\/sites\/5\/2024\/07\/sans-titre.jpg\" \/>\n<meta name=\"twitter:creator\" content=\"@VosgesInfo88\" \/>\n<meta name=\"twitter:site\" content=\"@VosgesInfo88\" \/>\n<meta name=\"twitter:label1\" content=\"\u00c9crit par\" \/>\n\t<meta name=\"twitter:data1\" content=\"La redaction\" \/>\n\t<meta name=\"twitter:label2\" content=\"Dur\u00e9e de lecture estim\u00e9e\" \/>\n\t<meta name=\"twitter:data2\" content=\"6 minutes\" \/>\n<script type=\"application\/ld+json\" class=\"yoast-schema-graph\">{\"@context\":\"https:\/\/schema.org\",\"@graph\":[{\"@type\":\"Article\",\"@id\":\"https:\/\/vosgesinfo.fr\/remiremontinfo\/2024\/07\/3eme-circonscription-un-ballotage-et-un-second-tour-sans-surprise\/#article\",\"isPartOf\":{\"@id\":\"https:\/\/vosgesinfo.fr\/remiremontinfo\/2024\/07\/3eme-circonscription-un-ballotage-et-un-second-tour-sans-surprise\/\"},\"author\":{\"name\":\"La redaction\",\"@id\":\"https:\/\/vosgesinfo.fr\/remiremontinfo\/#\/schema\/person\/27a3695b06db98895b354c0765cdfc31\"},\"headline\":\"3\u00e8me circonscription: un ballotage&#8230; et un second tour sans surprise!\",\"datePublished\":\"2024-07-05T07:58:17+00:00\",\"dateModified\":\"2024-07-05T08:00:40+00:00\",\"mainEntityOfPage\":{\"@id\":\"https:\/\/vosgesinfo.fr\/remiremontinfo\/2024\/07\/3eme-circonscription-un-ballotage-et-un-second-tour-sans-surprise\/\"},\"wordCount\":1049,\"commentCount\":6,\"publisher\":{\"@id\":\"https:\/\/vosgesinfo.fr\/remiremontinfo\/#organization\"},\"image\":{\"@id\":\"https:\/\/vosgesinfo.fr\/remiremontinfo\/2024\/07\/3eme-circonscription-un-ballotage-et-un-second-tour-sans-surprise\/#primaryimage\"},\"thumbnailUrl\":\"https:\/\/vosgesinfo.fr\/app\/uploads\/sites\/5\/2024\/07\/sans-titre.jpg\",\"articleSection\":[\"A la Une\",\"Politique\",\"Religion\"],\"inLanguage\":\"fr-FR\",\"potentialAction\":[{\"@type\":\"CommentAction\",\"name\":\"Comment\",\"target\":[\"https:\/\/vosgesinfo.fr\/remiremontinfo\/2024\/07\/3eme-circonscription-un-ballotage-et-un-second-tour-sans-surprise\/#respond\"]}]},{\"@type\":\"WebPage\",\"@id\":\"https:\/\/vosgesinfo.fr\/remiremontinfo\/2024\/07\/3eme-circonscription-un-ballotage-et-un-second-tour-sans-surprise\/\",\"url\":\"https:\/\/vosgesinfo.fr\/remiremontinfo\/2024\/07\/3eme-circonscription-un-ballotage-et-un-second-tour-sans-surprise\/\",\"name\":\"3\u00e8me circonscription: un ballotage... et un second tour sans surprise! - Remiremont Info\",\"isPartOf\":{\"@id\":\"https:\/\/vosgesinfo.fr\/remiremontinfo\/#website\"},\"primaryImageOfPage\":{\"@id\":\"https:\/\/vosgesinfo.fr\/remiremontinfo\/2024\/07\/3eme-circonscription-un-ballotage-et-un-second-tour-sans-surprise\/#primaryimage\"},\"image\":{\"@id\":\"https:\/\/vosgesinfo.fr\/remiremontinfo\/2024\/07\/3eme-circonscription-un-ballotage-et-un-second-tour-sans-surprise\/#primaryimage\"},\"thumbnailUrl\":\"https:\/\/vosgesinfo.fr\/app\/uploads\/sites\/5\/2024\/07\/sans-titre.jpg\",\"datePublished\":\"2024-07-05T07:58:17+00:00\",\"dateModified\":\"2024-07-05T08:00:40+00:00\",\"breadcrumb\":{\"@id\":\"https:\/\/vosgesinfo.fr\/remiremontinfo\/2024\/07\/3eme-circonscription-un-ballotage-et-un-second-tour-sans-surprise\/#breadcrumb\"},\"inLanguage\":\"fr-FR\",\"potentialAction\":[{\"@type\":\"ReadAction\",\"target\":[\"https:\/\/vosgesinfo.fr\/remiremontinfo\/2024\/07\/3eme-circonscription-un-ballotage-et-un-second-tour-sans-surprise\/\"]}]},{\"@type\":\"ImageObject\",\"inLanguage\":\"fr-FR\",\"@id\":\"https:\/\/vosgesinfo.fr\/remiremontinfo\/2024\/07\/3eme-circonscription-un-ballotage-et-un-second-tour-sans-surprise\/#primaryimage\",\"url\":\"https:\/\/vosgesinfo.fr\/app\/uploads\/sites\/5\/2024\/07\/sans-titre.jpg\",\"contentUrl\":\"https:\/\/vosgesinfo.fr\/app\/uploads\/sites\/5\/2024\/07\/sans-titre.jpg\",\"width\":590,\"height\":515},{\"@type\":\"BreadcrumbList\",\"@id\":\"https:\/\/vosgesinfo.fr\/remiremontinfo\/2024\/07\/3eme-circonscription-un-ballotage-et-un-second-tour-sans-surprise\/#breadcrumb\",\"itemListElement\":[{\"@type\":\"ListItem\",\"position\":1,\"name\":\"Home\",\"item\":\"https:\/\/vosgesinfo.fr\/remiremontinfo\/\"},{\"@type\":\"ListItem\",\"position\":2,\"name\":\"3\u00e8me circonscription: un ballotage&#8230; et un second tour sans surprise!\"}]},{\"@type\":\"WebSite\",\"@id\":\"https:\/\/vosgesinfo.fr\/remiremontinfo\/#website\",\"url\":\"https:\/\/vosgesinfo.fr\/remiremontinfo\/\",\"name\":\"Remiremont Info\",\"description\":\"Toute l&#039;actualit\u00e9 de Remiremont\",\"publisher\":{\"@id\":\"https:\/\/vosgesinfo.fr\/remiremontinfo\/#organization\"},\"alternateName\":\"Toute l'actualit\u00e9 de Remiremont\",\"potentialAction\":[{\"@type\":\"SearchAction\",\"target\":{\"@type\":\"EntryPoint\",\"urlTemplate\":\"https:\/\/vosgesinfo.fr\/remiremontinfo\/?s={search_term_string}\"},\"query-input\":\"required name=search_term_string\"}],\"inLanguage\":\"fr-FR\"},{\"@type\":\"Organization\",\"@id\":\"https:\/\/vosgesinfo.fr\/remiremontinfo\/#organization\",\"name\":\"Remiremont Info\",\"url\":\"https:\/\/vosgesinfo.fr\/remiremontinfo\/\",\"logo\":{\"@type\":\"ImageObject\",\"inLanguage\":\"fr-FR\",\"@id\":\"https:\/\/vosgesinfo.fr\/remiremontinfo\/#\/schema\/logo\/image\/\",\"url\":\"https:\/\/vosgesinfo.fr\/app\/uploads\/sites\/5\/2023\/08\/favicon-remiremontinfo.png\",\"contentUrl\":\"https:\/\/vosgesinfo.fr\/app\/uploads\/sites\/5\/2023\/08\/favicon-remiremontinfo.png\",\"width\":512,\"height\":512,\"caption\":\"Remiremont Info\"},\"image\":{\"@id\":\"https:\/\/vosgesinfo.fr\/remiremontinfo\/#\/schema\/logo\/image\/\"},\"sameAs\":[\"https:\/\/www.facebook.com\/remiremontinfo\",\"https:\/\/x.com\/VosgesInfo88\",\"https:\/\/www.youtube.com\/@vosgesinfo\"]},{\"@type\":\"Person\",\"@id\":\"https:\/\/vosgesinfo.fr\/remiremontinfo\/#\/schema\/person\/27a3695b06db98895b354c0765cdfc31\",\"name\":\"La redaction\",\"image\":{\"@type\":\"ImageObject\",\"inLanguage\":\"fr-FR\",\"@id\":\"https:\/\/vosgesinfo.fr\/remiremontinfo\/#\/schema\/person\/image\/\",\"url\":\"https:\/\/secure.gravatar.com\/avatar\/64c76a78e501cedee55736f43f332df901e1896ae9cd8fad269ae2236dd0e8b6?s=96&d=mm&r=g\",\"contentUrl\":\"https:\/\/secure.gravatar.com\/avatar\/64c76a78e501cedee55736f43f332df901e1896ae9cd8fad269ae2236dd0e8b6?s=96&d=mm&r=g\",\"caption\":\"La redaction\"},\"url\":\"https:\/\/vosgesinfo.fr\/remiremontinfo\/author\/la-redaction\/\"}]}<\/script>\n<!-- \/ Yoast SEO plugin. -->","yoast_head_json":{"title":"3\u00e8me circonscription: un ballotage... et un second tour sans surprise! - Remiremont Info","robots":{"index":"index","follow":"follow","max-snippet":"max-snippet:-1","max-image-preview":"max-image-preview:large","max-video-preview":"max-video-preview:-1"},"canonical":"https:\/\/vosgesinfo.fr\/remiremontinfo\/2024\/07\/3eme-circonscription-un-ballotage-et-un-second-tour-sans-surprise\/","twitter_card":"summary_large_image","twitter_title":"3\u00e8me circonscription: un ballotage... et un second tour sans surprise! - Remiremont Info","twitter_description":"Arriv\u00e9 en t\u00eate du premier tour avec 48,33% des votes exprim\u00e9s ( soit 20652 votants, 383 de moins qu&rsquo;en 2022) [&hellip;]","twitter_image":"https:\/\/vosgesinfo.fr\/app\/uploads\/sites\/5\/2024\/07\/sans-titre.jpg","twitter_creator":"@VosgesInfo88","twitter_site":"@VosgesInfo88","twitter_misc":{"\u00c9crit par":"La redaction","Dur\u00e9e de lecture estim\u00e9e":"6 minutes"},"schema":{"@context":"https:\/\/schema.org","@graph":[{"@type":"Article","@id":"https:\/\/vosgesinfo.fr\/remiremontinfo\/2024\/07\/3eme-circonscription-un-ballotage-et-un-second-tour-sans-surprise\/#article","isPartOf":{"@id":"https:\/\/vosgesinfo.fr\/remiremontinfo\/2024\/07\/3eme-circonscription-un-ballotage-et-un-second-tour-sans-surprise\/"},"author":{"name":"La redaction","@id":"https:\/\/vosgesinfo.fr\/remiremontinfo\/#\/schema\/person\/27a3695b06db98895b354c0765cdfc31"},"headline":"3\u00e8me circonscription: un ballotage&#8230; et un second tour sans surprise!","datePublished":"2024-07-05T07:58:17+00:00","dateModified":"2024-07-05T08:00:40+00:00","mainEntityOfPage":{"@id":"https:\/\/vosgesinfo.fr\/remiremontinfo\/2024\/07\/3eme-circonscription-un-ballotage-et-un-second-tour-sans-surprise\/"},"wordCount":1049,"commentCount":6,"publisher":{"@id":"https:\/\/vosgesinfo.fr\/remiremontinfo\/#organization"},"image":{"@id":"https:\/\/vosgesinfo.fr\/remiremontinfo\/2024\/07\/3eme-circonscription-un-ballotage-et-un-second-tour-sans-surprise\/#primaryimage"},"thumbnailUrl":"https:\/\/vosgesinfo.fr\/app\/uploads\/sites\/5\/2024\/07\/sans-titre.jpg","articleSection":["A la Une","Politique","Religion"],"inLanguage":"fr-FR","potentialAction":[{"@type":"CommentAction","name":"Comment","target":["https:\/\/vosgesinfo.fr\/remiremontinfo\/2024\/07\/3eme-circonscription-un-ballotage-et-un-second-tour-sans-surprise\/#respond"]}]},{"@type":"WebPage","@id":"https:\/\/vosgesinfo.fr\/remiremontinfo\/2024\/07\/3eme-circonscription-un-ballotage-et-un-second-tour-sans-surprise\/","url":"https:\/\/vosgesinfo.fr\/remiremontinfo\/2024\/07\/3eme-circonscription-un-ballotage-et-un-second-tour-sans-surprise\/","name":"3\u00e8me circonscription: un ballotage... et un second tour sans surprise! - Remiremont Info","isPartOf":{"@id":"https:\/\/vosgesinfo.fr\/remiremontinfo\/#website"},"primaryImageOfPage":{"@id":"https:\/\/vosgesinfo.fr\/remiremontinfo\/2024\/07\/3eme-circonscription-un-ballotage-et-un-second-tour-sans-surprise\/#primaryimage"},"image":{"@id":"https:\/\/vosgesinfo.fr\/remiremontinfo\/2024\/07\/3eme-circonscription-un-ballotage-et-un-second-tour-sans-surprise\/#primaryimage"},"thumbnailUrl":"https:\/\/vosgesinfo.fr\/app\/uploads\/sites\/5\/2024\/07\/sans-titre.jpg","datePublished":"2024-07-05T07:58:17+00:00","dateModified":"2024-07-05T08:00:40+00:00","breadcrumb":{"@id":"https:\/\/vosgesinfo.fr\/remiremontinfo\/2024\/07\/3eme-circonscription-un-ballotage-et-un-second-tour-sans-surprise\/#breadcrumb"},"inLanguage":"fr-FR","potentialAction":[{"@type":"ReadAction","target":["https:\/\/vosgesinfo.fr\/remiremontinfo\/2024\/07\/3eme-circonscription-un-ballotage-et-un-second-tour-sans-surprise\/"]}]},{"@type":"ImageObject","inLanguage":"fr-FR","@id":"https:\/\/vosgesinfo.fr\/remiremontinfo\/2024\/07\/3eme-circonscription-un-ballotage-et-un-second-tour-sans-surprise\/#primaryimage","url":"https:\/\/vosgesinfo.fr\/app\/uploads\/sites\/5\/2024\/07\/sans-titre.jpg","contentUrl":"https:\/\/vosgesinfo.fr\/app\/uploads\/sites\/5\/2024\/07\/sans-titre.jpg","width":590,"height":515},{"@type":"BreadcrumbList","@id":"https:\/\/vosgesinfo.fr\/remiremontinfo\/2024\/07\/3eme-circonscription-un-ballotage-et-un-second-tour-sans-surprise\/#breadcrumb","itemListElement":[{"@type":"ListItem","position":1,"name":"Home","item":"https:\/\/vosgesinfo.fr\/remiremontinfo\/"},{"@type":"ListItem","position":2,"name":"3\u00e8me circonscription: un ballotage&#8230; et un second tour sans surprise!"}]},{"@type":"WebSite","@id":"https:\/\/vosgesinfo.fr\/remiremontinfo\/#website","url":"https:\/\/vosgesinfo.fr\/remiremontinfo\/","name":"Remiremont Info","description":"Toute l&#039;actualit\u00e9 de Remiremont","publisher":{"@id":"https:\/\/vosgesinfo.fr\/remiremontinfo\/#organization"},"alternateName":"Toute l'actualit\u00e9 de Remiremont","potentialAction":[{"@type":"SearchAction","target":{"@type":"EntryPoint","urlTemplate":"https:\/\/vosgesinfo.fr\/remiremontinfo\/?s={search_term_string}"},"query-input":"required name=search_term_string"}],"inLanguage":"fr-FR"},{"@type":"Organization","@id":"https:\/\/vosgesinfo.fr\/remiremontinfo\/#organization","name":"Remiremont Info","url":"https:\/\/vosgesinfo.fr\/remiremontinfo\/","logo":{"@type":"ImageObject","inLanguage":"fr-FR","@id":"https:\/\/vosgesinfo.fr\/remiremontinfo\/#\/schema\/logo\/image\/","url":"https:\/\/vosgesinfo.fr\/app\/uploads\/sites\/5\/2023\/08\/favicon-remiremontinfo.png","contentUrl":"https:\/\/vosgesinfo.fr\/app\/uploads\/sites\/5\/2023\/08\/favicon-remiremontinfo.png","width":512,"height":512,"caption":"Remiremont Info"},"image":{"@id":"https:\/\/vosgesinfo.fr\/remiremontinfo\/#\/schema\/logo\/image\/"},"sameAs":["https:\/\/www.facebook.com\/remiremontinfo","https:\/\/x.com\/VosgesInfo88","https:\/\/www.youtube.com\/@vosgesinfo"]},{"@type":"Person","@id":"https:\/\/vosgesinfo.fr\/remiremontinfo\/#\/schema\/person\/27a3695b06db98895b354c0765cdfc31","name":"La redaction","image":{"@type":"ImageObject","inLanguage":"fr-FR","@id":"https:\/\/vosgesinfo.fr\/remiremontinfo\/#\/schema\/person\/image\/","url":"https:\/\/secure.gravatar.com\/avatar\/64c76a78e501cedee55736f43f332df901e1896ae9cd8fad269ae2236dd0e8b6?s=96&d=mm&r=g","contentUrl":"https:\/\/secure.gravatar.com\/avatar\/64c76a78e501cedee55736f43f332df901e1896ae9cd8fad269ae2236dd0e8b6?s=96&d=mm&r=g","caption":"La redaction"},"url":"https:\/\/vosgesinfo.fr\/remiremontinfo\/author\/la-redaction\/"}]}},"_links":{"self":[{"href":"https:\/\/vosgesinfo.fr\/remiremontinfo\/wp-json\/wp\/v2\/posts\/7618","targetHints":{"allow":["GET"]}}],"collection":[{"href":"https:\/\/vosgesinfo.fr\/remiremontinfo\/wp-json\/wp\/v2\/posts"}],"about":[{"href":"https:\/\/vosgesinfo.fr\/remiremontinfo\/wp-json\/wp\/v2\/types\/post"}],"author":[{"embeddable":true,"href":"https:\/\/vosgesinfo.fr\/remiremontinfo\/wp-json\/wp\/v2\/users\/391"}],"replies":[{"embeddable":true,"href":"https:\/\/vosgesinfo.fr\/remiremontinfo\/wp-json\/wp\/v2\/comments?post=7618"}],"version-history":[{"count":1,"href":"https:\/\/vosgesinfo.fr\/remiremontinfo\/wp-json\/wp\/v2\/posts\/7618\/revisions"}],"predecessor-version":[{"id":7621,"href":"https:\/\/vosgesinfo.fr\/remiremontinfo\/wp-json\/wp\/v2\/posts\/7618\/revisions\/7621"}],"wp:featuredmedia":[{"embeddable":true,"href":"https:\/\/vosgesinfo.fr\/remiremontinfo\/wp-json\/wp\/v2\/media\/7622"}],"wp:attachment":[{"href":"https:\/\/vosgesinfo.fr\/remiremontinfo\/wp-json\/wp\/v2\/media?parent=7618"}],"wp:term":[{"taxonomy":"category","embeddable":true,"href":"https:\/\/vosgesinfo.fr\/remiremontinfo\/wp-json\/wp\/v2\/categories?post=7618"},{"taxonomy":"post_tag","embeddable":true,"href":"https:\/\/vosgesinfo.fr\/remiremontinfo\/wp-json\/wp\/v2\/tags?post=7618"}],"curies":[{"name":"wp","href":"https:\/\/api.w.org\/{rel}","templated":true}]}}