{"id":76186,"date":"2024-12-04T09:35:53","date_gmt":"2024-12-04T08:35:53","guid":{"rendered":"https:\/\/vosgesinfo.fr\/remiremontinfo\/2024\/12\/ateliers-les-vertuoses-evodia-sensibilise-les-vosgiennes-pour-des-regles-0-dechet-et-sans-tabou\/"},"modified":"2024-12-04T09:35:53","modified_gmt":"2024-12-04T08:35:53","slug":"ateliers-les-vertuoses-evodia-sensibilise-les-vosgiennes-pour-des-regles-0-dechet-et-sans-tabou","status":"publish","type":"post","link":"https:\/\/vosgesinfo.fr\/remiremontinfo\/2024\/12\/ateliers-les-vertuoses-evodia-sensibilise-les-vosgiennes-pour-des-regles-0-dechet-et-sans-tabou\/","title":{"rendered":"Ateliers les Vertu\u2019oses : Evodia sensibilise les Vosgiennes pour des r\u00e8gles 0 d\u00e9chet et sans tabou"},"content":{"rendered":"<div id=\"attachment_125505\" style=\"width: 490px\" class=\"wp-caption aligncenter\"><a href=\"https:\/\/vosgesinfo.fr\/app\/uploads\/sites\/3\/2024\/12\/ateliers-les-vertuoses-evodia-1.jpg\"><img decoding=\"async\" aria-describedby=\"caption-attachment-125505\" class=\"size-full wp-image-125505\" src=\"https:\/\/vosgesinfo.fr\/app\/uploads\/sites\/3\/2024\/12\/ateliers-les-vertuoses-evodia-1.jpg\" alt=\"\" width=\"480\" height=\"640\" \/><\/a><p id=\"caption-attachment-125505\" class=\"wp-caption-text\">photos Evodia<\/p><\/div>\n<h2>Evodia organise les ateliers \u00ab Les Vertu\u2019oses \u00bb anim\u00e9s gratuitement par ses animatrices et Aude Balland, cr\u00e9atrice de \u00ab Bonne Semaine \u00bb. Lors de ces ateliers, les participantes peuvent discuter librement des r\u00e8gles, d\u00e9couvrir des solutions \u00e9cologiques et \u00e9conomiques comme les culottes lavables, et participer \u00e0 un atelier de couture r\u00e9cup\u2019.<\/h2>\n<h3><a href=\"https:\/\/vosgesinfo.fr\/app\/uploads\/sites\/3\/2024\/12\/ateliers-les-vertuoses-evodia-3.jpg\"><img decoding=\"async\" class=\"size-medium wp-image-125507 alignright\" src=\"https:\/\/vosgesinfo.fr\/app\/uploads\/sites\/3\/2024\/12\/ateliers-les-vertuoses-evodia-3-225x300.jpg\" alt=\"\" width=\"225\" height=\"300\" \/><\/a><\/h3>\n<h3>Des ateliers dans le cadre du Pacte des Solidarit\u00e9s<\/h3>\n<p>Des ateliers\u00a0 \u00ab\u00a0Les Vertu&rsquo;oses\u00a0\u00bb sont propos\u00e9s aux structures vosgiennes qui participent \u00e0 l\u2019insertion sociale. Destin\u00e9s \u00e0 sensibiliser \u00e0 la pr\u00e9carit\u00e9 menstruelle, qui est une des priorit\u00e9s du Pacte des Solidarit\u00e9s instaur\u00e9 par l\u2019Etat en 2024, ces moments d\u2019\u00e9changes permettent de mettre en avant les nombreux avantages des protections r\u00e9utilisables et de lever les freins au changement de pratique en mati\u00e8re de choix de protections.<\/p>\n<p>Les ateliers ont lieu durant toute cette fin d\u2019ann\u00e9e 2024 au Foyer des Jeunes Travailleurs de St-Di\u00e9-des-<br \/>\nVosges, aux Missions locales de Mirecourt, Epinal, Remiremont, St-Di\u00e9-des-Vosges et Neufch\u00e2teau, \u00e0 l\u2019Ecole<br \/>\nde La 2\u00e8me chance d\u2019Epinal ainsi qu\u2019\u00e0 celle de Ste Marguerite, au centre social Lucie Aubrac de St-Di\u00e9-des-<br \/>\nVosges et, enfin, au centre L\u00e9o Lagrange d\u2019Epinal.<\/p>\n<p><a href=\"https:\/\/vosgesinfo.fr\/app\/uploads\/sites\/3\/2024\/12\/ateliers-les-vertuoses-evodia-2.jpg\"><img decoding=\"async\" class=\"size-medium wp-image-125506 alignleft\" src=\"https:\/\/vosgesinfo.fr\/app\/uploads\/sites\/3\/2024\/12\/ateliers-les-vertuoses-evodia-2-225x300.jpg\" alt=\"\" width=\"225\" height=\"300\" \/><\/a><\/p>\n<h3>Evodia laur\u00e9at d\u2019un l\u2019appel \u00e0 projet<\/h3>\n<p>Evodia, acteur engag\u00e9 dans l&rsquo;\u00e9conomie circulaire, la gestion durable des d\u00e9chets et la pr\u00e9vention des d\u00e9chets, a r\u00e9cemment remport\u00e9 un appel \u00e0 projet de la DREET (Direction Grand Est de l\u2019\u00e9conomie, de l\u2019emploi, du travail et des solidarit\u00e9s) ax\u00e9 sur la pr\u00e9carit\u00e9 menstruelle. Evodia est donc subventionn\u00e9 pour son projet \u00ab les Vertu\u2019oses \u00bb qui se d\u00e9roule en deux temps :<\/p>\n<p>&#8211; 1er semestre 2024 : soir\u00e9e d\u00e9bat sur les r\u00e8gles, cr\u00e9ation d\u2019une pochette imperm\u00e9able avec \u00ab Bonne semaine\u00bb et jeu concours sur les r\u00e9seaux sociaux o\u00f9 des culottes menstruelles \u00e9taient \u00e0 gagner<\/p>\n<p>&#8211; 2\u00e8me semestre 2024 : ateliers de fin d\u2019ann\u00e9e dans le cadre du Pacte des Solidarit\u00e9s<\/p>\n<p>Cet appel \u00e0 projet vise \u00e0 sensibiliser \u00e0 la pr\u00e9carit\u00e9 menstruelle et \u00e0 l\u2019hygi\u00e8ne f\u00e9minine, lever les freins en<br \/>\nmati\u00e8re de choix des protections f\u00e9minines et \u00e0 proposer des alternatives aux protections \u00e0 usage unique.<br \/>\nEvodia intervient donc activement en s\u2019engageant sur tout le d\u00e9partement vosgien au c\u00f4t\u00e9 de la DDEETSPP<br \/>\n(Direction D\u00e9partementale de l\u2019Emploi, du Travail, des Solidarit\u00e9s et de la Protection des Populations)<\/p>\n<p>&nbsp;<\/p>\n","protected":false},"excerpt":{"rendered":"<p>Evodia organise les ateliers \u00ab Les Vertu\u2019oses \u00bb anim\u00e9s gratuitement par ses animatrices et Aude Balland, cr\u00e9atrice de \u00ab Bonne [&hellip;]<\/p>\n","protected":false},"author":52,"featured_media":76187,"comment_status":"open","ping_status":"open","sticky":false,"template":"","format":"standard","meta":{"footnotes":""},"categories":[26,7,108,62,845,43,362,13,18],"tags":[6664,94,1015,6665,32],"class_list":["post-76186","post","type-post","status-publish","format-standard","has-post-thumbnail","hentry","category-a-la-une","category-environnement","category-epinal","category-gerardmer","category-la-plaine-des-vosges","category-remiremont-remiremont-son-canton","category-saint-die","category-societe","category-vosges","tag-ateliers-les-vertuoses","tag-environnement","tag-evodia","tag-o-dechet","tag-vosges"],"acf":[],"yoast_head":"<!-- This site is optimized with the Yoast SEO plugin v22.5 - https:\/\/yoast.com\/wordpress\/plugins\/seo\/ -->\n<title>Ateliers les Vertu\u2019oses : Evodia sensibilise les Vosgiennes pour des r\u00e8gles 0 d\u00e9chet et sans tabou - Remiremont Info<\/title>\n<meta name=\"robots\" content=\"index, follow, max-snippet:-1, max-image-preview:large, max-video-preview:-1\" \/>\n<link rel=\"canonical\" href=\"https:\/\/vosgesinfo.fr\/remiremontinfo\/2024\/12\/ateliers-les-vertuoses-evodia-sensibilise-les-vosgiennes-pour-des-regles-0-dechet-et-sans-tabou\/\" \/>\n<meta name=\"twitter:card\" content=\"summary_large_image\" \/>\n<meta name=\"twitter:title\" content=\"Ateliers les Vertu\u2019oses : Evodia sensibilise les Vosgiennes pour des r\u00e8gles 0 d\u00e9chet et sans tabou - Remiremont Info\" \/>\n<meta name=\"twitter:description\" content=\"Evodia organise les ateliers \u00ab Les Vertu\u2019oses \u00bb anim\u00e9s gratuitement par ses animatrices et Aude Balland, cr\u00e9atrice de \u00ab Bonne [&hellip;]\" \/>\n<meta name=\"twitter:image\" content=\"https:\/\/vosgesinfo.fr\/app\/uploads\/sites\/5\/2024\/12\/ateliers-les-vertuoses-evodia-1.jpg\" \/>\n<meta name=\"twitter:creator\" content=\"@VosgesInfo88\" \/>\n<meta name=\"twitter:site\" content=\"@VosgesInfo88\" \/>\n<meta name=\"twitter:label1\" content=\"\u00c9crit par\" \/>\n\t<meta name=\"twitter:data1\" content=\"C.K.\" \/>\n\t<meta name=\"twitter:label2\" content=\"Dur\u00e9e de lecture estim\u00e9e\" \/>\n\t<meta name=\"twitter:data2\" content=\"2 minutes\" \/>\n<script type=\"application\/ld+json\" class=\"yoast-schema-graph\">{\"@context\":\"https:\/\/schema.org\",\"@graph\":[{\"@type\":\"Article\",\"@id\":\"https:\/\/vosgesinfo.fr\/remiremontinfo\/2024\/12\/ateliers-les-vertuoses-evodia-sensibilise-les-vosgiennes-pour-des-regles-0-dechet-et-sans-tabou\/#article\",\"isPartOf\":{\"@id\":\"https:\/\/vosgesinfo.fr\/remiremontinfo\/2024\/12\/ateliers-les-vertuoses-evodia-sensibilise-les-vosgiennes-pour-des-regles-0-dechet-et-sans-tabou\/\"},\"author\":{\"name\":\"C.K.\",\"@id\":\"https:\/\/vosgesinfo.fr\/remiremontinfo\/#\/schema\/person\/6f9a650eeea99d969b6c4ab78fccbe81\"},\"headline\":\"Ateliers les Vertu\u2019oses : Evodia sensibilise les Vosgiennes pour des r\u00e8gles 0 d\u00e9chet et sans tabou\",\"datePublished\":\"2024-12-04T08:35:53+00:00\",\"dateModified\":\"2024-12-04T08:35:53+00:00\",\"mainEntityOfPage\":{\"@id\":\"https:\/\/vosgesinfo.fr\/remiremontinfo\/2024\/12\/ateliers-les-vertuoses-evodia-sensibilise-les-vosgiennes-pour-des-regles-0-dechet-et-sans-tabou\/\"},\"wordCount\":423,\"commentCount\":0,\"publisher\":{\"@id\":\"https:\/\/vosgesinfo.fr\/remiremontinfo\/#organization\"},\"image\":{\"@id\":\"https:\/\/vosgesinfo.fr\/remiremontinfo\/2024\/12\/ateliers-les-vertuoses-evodia-sensibilise-les-vosgiennes-pour-des-regles-0-dechet-et-sans-tabou\/#primaryimage\"},\"thumbnailUrl\":\"https:\/\/vosgesinfo.fr\/app\/uploads\/sites\/5\/2024\/12\/ateliers-les-vertuoses-evodia-1.jpg\",\"keywords\":[\"Ateliers les Vertu\u2019oses\",\"environnement\",\"Evodia\",\"O d\u00e9chet\",\"Vosges\"],\"articleSection\":[\"A la Une\",\"Environnement\",\"Epinal\",\"G\u00e9rardmer\",\"La plaine des vosges\",\"Remiremont\",\"Saint-di\u00e9\",\"Soci\u00e9t\u00e9\",\"Vosges\"],\"inLanguage\":\"fr-FR\",\"potentialAction\":[{\"@type\":\"CommentAction\",\"name\":\"Comment\",\"target\":[\"https:\/\/vosgesinfo.fr\/remiremontinfo\/2024\/12\/ateliers-les-vertuoses-evodia-sensibilise-les-vosgiennes-pour-des-regles-0-dechet-et-sans-tabou\/#respond\"]}]},{\"@type\":\"WebPage\",\"@id\":\"https:\/\/vosgesinfo.fr\/remiremontinfo\/2024\/12\/ateliers-les-vertuoses-evodia-sensibilise-les-vosgiennes-pour-des-regles-0-dechet-et-sans-tabou\/\",\"url\":\"https:\/\/vosgesinfo.fr\/remiremontinfo\/2024\/12\/ateliers-les-vertuoses-evodia-sensibilise-les-vosgiennes-pour-des-regles-0-dechet-et-sans-tabou\/\",\"name\":\"Ateliers les Vertu\u2019oses : Evodia sensibilise les Vosgiennes pour des r\u00e8gles 0 d\u00e9chet et sans tabou - Remiremont Info\",\"isPartOf\":{\"@id\":\"https:\/\/vosgesinfo.fr\/remiremontinfo\/#website\"},\"primaryImageOfPage\":{\"@id\":\"https:\/\/vosgesinfo.fr\/remiremontinfo\/2024\/12\/ateliers-les-vertuoses-evodia-sensibilise-les-vosgiennes-pour-des-regles-0-dechet-et-sans-tabou\/#primaryimage\"},\"image\":{\"@id\":\"https:\/\/vosgesinfo.fr\/remiremontinfo\/2024\/12\/ateliers-les-vertuoses-evodia-sensibilise-les-vosgiennes-pour-des-regles-0-dechet-et-sans-tabou\/#primaryimage\"},\"thumbnailUrl\":\"https:\/\/vosgesinfo.fr\/app\/uploads\/sites\/5\/2024\/12\/ateliers-les-vertuoses-evodia-1.jpg\",\"datePublished\":\"2024-12-04T08:35:53+00:00\",\"dateModified\":\"2024-12-04T08:35:53+00:00\",\"breadcrumb\":{\"@id\":\"https:\/\/vosgesinfo.fr\/remiremontinfo\/2024\/12\/ateliers-les-vertuoses-evodia-sensibilise-les-vosgiennes-pour-des-regles-0-dechet-et-sans-tabou\/#breadcrumb\"},\"inLanguage\":\"fr-FR\",\"potentialAction\":[{\"@type\":\"ReadAction\",\"target\":[\"https:\/\/vosgesinfo.fr\/remiremontinfo\/2024\/12\/ateliers-les-vertuoses-evodia-sensibilise-les-vosgiennes-pour-des-regles-0-dechet-et-sans-tabou\/\"]}]},{\"@type\":\"ImageObject\",\"inLanguage\":\"fr-FR\",\"@id\":\"https:\/\/vosgesinfo.fr\/remiremontinfo\/2024\/12\/ateliers-les-vertuoses-evodia-sensibilise-les-vosgiennes-pour-des-regles-0-dechet-et-sans-tabou\/#primaryimage\",\"url\":\"https:\/\/vosgesinfo.fr\/app\/uploads\/sites\/5\/2024\/12\/ateliers-les-vertuoses-evodia-1.jpg\",\"contentUrl\":\"https:\/\/vosgesinfo.fr\/app\/uploads\/sites\/5\/2024\/12\/ateliers-les-vertuoses-evodia-1.jpg\",\"width\":480,\"height\":640},{\"@type\":\"BreadcrumbList\",\"@id\":\"https:\/\/vosgesinfo.fr\/remiremontinfo\/2024\/12\/ateliers-les-vertuoses-evodia-sensibilise-les-vosgiennes-pour-des-regles-0-dechet-et-sans-tabou\/#breadcrumb\",\"itemListElement\":[{\"@type\":\"ListItem\",\"position\":1,\"name\":\"Home\",\"item\":\"https:\/\/vosgesinfo.fr\/remiremontinfo\/\"},{\"@type\":\"ListItem\",\"position\":2,\"name\":\"Ateliers les Vertu\u2019oses : Evodia sensibilise les Vosgiennes pour des r\u00e8gles 0 d\u00e9chet et sans tabou\"}]},{\"@type\":\"WebSite\",\"@id\":\"https:\/\/vosgesinfo.fr\/remiremontinfo\/#website\",\"url\":\"https:\/\/vosgesinfo.fr\/remiremontinfo\/\",\"name\":\"Remiremont Info\",\"description\":\"Toute l&#039;actualit\u00e9 de Remiremont\",\"publisher\":{\"@id\":\"https:\/\/vosgesinfo.fr\/remiremontinfo\/#organization\"},\"alternateName\":\"Toute l'actualit\u00e9 de Remiremont\",\"potentialAction\":[{\"@type\":\"SearchAction\",\"target\":{\"@type\":\"EntryPoint\",\"urlTemplate\":\"https:\/\/vosgesinfo.fr\/remiremontinfo\/?s={search_term_string}\"},\"query-input\":\"required name=search_term_string\"}],\"inLanguage\":\"fr-FR\"},{\"@type\":\"Organization\",\"@id\":\"https:\/\/vosgesinfo.fr\/remiremontinfo\/#organization\",\"name\":\"Remiremont Info\",\"url\":\"https:\/\/vosgesinfo.fr\/remiremontinfo\/\",\"logo\":{\"@type\":\"ImageObject\",\"inLanguage\":\"fr-FR\",\"@id\":\"https:\/\/vosgesinfo.fr\/remiremontinfo\/#\/schema\/logo\/image\/\",\"url\":\"https:\/\/vosgesinfo.fr\/app\/uploads\/sites\/5\/2023\/08\/favicon-remiremontinfo.png\",\"contentUrl\":\"https:\/\/vosgesinfo.fr\/app\/uploads\/sites\/5\/2023\/08\/favicon-remiremontinfo.png\",\"width\":512,\"height\":512,\"caption\":\"Remiremont Info\"},\"image\":{\"@id\":\"https:\/\/vosgesinfo.fr\/remiremontinfo\/#\/schema\/logo\/image\/\"},\"sameAs\":[\"https:\/\/www.facebook.com\/remiremontinfo\",\"https:\/\/x.com\/VosgesInfo88\",\"https:\/\/www.youtube.com\/@vosgesinfo\"]},{\"@type\":\"Person\",\"@id\":\"https:\/\/vosgesinfo.fr\/remiremontinfo\/#\/schema\/person\/6f9a650eeea99d969b6c4ab78fccbe81\",\"name\":\"C.K.\",\"image\":{\"@type\":\"ImageObject\",\"inLanguage\":\"fr-FR\",\"@id\":\"https:\/\/vosgesinfo.fr\/remiremontinfo\/#\/schema\/person\/image\/\",\"url\":\"https:\/\/secure.gravatar.com\/avatar\/48e3fc7f8421ba8942be6b74a2b7f014ca39bc00dece156b7a8e098ae7dc87bf?s=96&d=mm&r=g\",\"contentUrl\":\"https:\/\/secure.gravatar.com\/avatar\/48e3fc7f8421ba8942be6b74a2b7f014ca39bc00dece156b7a8e098ae7dc87bf?s=96&d=mm&r=g\",\"caption\":\"C.K.\"},\"url\":\"https:\/\/vosgesinfo.fr\/remiremontinfo\/author\/celia-k-n\/\"}]}<\/script>\n<!-- \/ Yoast SEO plugin. -->","yoast_head_json":{"title":"Ateliers les Vertu\u2019oses : Evodia sensibilise les Vosgiennes pour des r\u00e8gles 0 d\u00e9chet et sans tabou - Remiremont Info","robots":{"index":"index","follow":"follow","max-snippet":"max-snippet:-1","max-image-preview":"max-image-preview:large","max-video-preview":"max-video-preview:-1"},"canonical":"https:\/\/vosgesinfo.fr\/remiremontinfo\/2024\/12\/ateliers-les-vertuoses-evodia-sensibilise-les-vosgiennes-pour-des-regles-0-dechet-et-sans-tabou\/","twitter_card":"summary_large_image","twitter_title":"Ateliers les Vertu\u2019oses : Evodia sensibilise les Vosgiennes pour des r\u00e8gles 0 d\u00e9chet et sans tabou - Remiremont Info","twitter_description":"Evodia organise les ateliers \u00ab Les Vertu\u2019oses \u00bb anim\u00e9s gratuitement par ses animatrices et Aude Balland, cr\u00e9atrice de \u00ab Bonne [&hellip;]","twitter_image":"https:\/\/vosgesinfo.fr\/app\/uploads\/sites\/5\/2024\/12\/ateliers-les-vertuoses-evodia-1.jpg","twitter_creator":"@VosgesInfo88","twitter_site":"@VosgesInfo88","twitter_misc":{"\u00c9crit par":"C.K.","Dur\u00e9e de lecture estim\u00e9e":"2 minutes"},"schema":{"@context":"https:\/\/schema.org","@graph":[{"@type":"Article","@id":"https:\/\/vosgesinfo.fr\/remiremontinfo\/2024\/12\/ateliers-les-vertuoses-evodia-sensibilise-les-vosgiennes-pour-des-regles-0-dechet-et-sans-tabou\/#article","isPartOf":{"@id":"https:\/\/vosgesinfo.fr\/remiremontinfo\/2024\/12\/ateliers-les-vertuoses-evodia-sensibilise-les-vosgiennes-pour-des-regles-0-dechet-et-sans-tabou\/"},"author":{"name":"C.K.","@id":"https:\/\/vosgesinfo.fr\/remiremontinfo\/#\/schema\/person\/6f9a650eeea99d969b6c4ab78fccbe81"},"headline":"Ateliers les Vertu\u2019oses : Evodia sensibilise les Vosgiennes pour des r\u00e8gles 0 d\u00e9chet et sans tabou","datePublished":"2024-12-04T08:35:53+00:00","dateModified":"2024-12-04T08:35:53+00:00","mainEntityOfPage":{"@id":"https:\/\/vosgesinfo.fr\/remiremontinfo\/2024\/12\/ateliers-les-vertuoses-evodia-sensibilise-les-vosgiennes-pour-des-regles-0-dechet-et-sans-tabou\/"},"wordCount":423,"commentCount":0,"publisher":{"@id":"https:\/\/vosgesinfo.fr\/remiremontinfo\/#organization"},"image":{"@id":"https:\/\/vosgesinfo.fr\/remiremontinfo\/2024\/12\/ateliers-les-vertuoses-evodia-sensibilise-les-vosgiennes-pour-des-regles-0-dechet-et-sans-tabou\/#primaryimage"},"thumbnailUrl":"https:\/\/vosgesinfo.fr\/app\/uploads\/sites\/5\/2024\/12\/ateliers-les-vertuoses-evodia-1.jpg","keywords":["Ateliers les Vertu\u2019oses","environnement","Evodia","O d\u00e9chet","Vosges"],"articleSection":["A la Une","Environnement","Epinal","G\u00e9rardmer","La plaine des vosges","Remiremont","Saint-di\u00e9","Soci\u00e9t\u00e9","Vosges"],"inLanguage":"fr-FR","potentialAction":[{"@type":"CommentAction","name":"Comment","target":["https:\/\/vosgesinfo.fr\/remiremontinfo\/2024\/12\/ateliers-les-vertuoses-evodia-sensibilise-les-vosgiennes-pour-des-regles-0-dechet-et-sans-tabou\/#respond"]}]},{"@type":"WebPage","@id":"https:\/\/vosgesinfo.fr\/remiremontinfo\/2024\/12\/ateliers-les-vertuoses-evodia-sensibilise-les-vosgiennes-pour-des-regles-0-dechet-et-sans-tabou\/","url":"https:\/\/vosgesinfo.fr\/remiremontinfo\/2024\/12\/ateliers-les-vertuoses-evodia-sensibilise-les-vosgiennes-pour-des-regles-0-dechet-et-sans-tabou\/","name":"Ateliers les Vertu\u2019oses : Evodia sensibilise les Vosgiennes pour des r\u00e8gles 0 d\u00e9chet et sans tabou - Remiremont Info","isPartOf":{"@id":"https:\/\/vosgesinfo.fr\/remiremontinfo\/#website"},"primaryImageOfPage":{"@id":"https:\/\/vosgesinfo.fr\/remiremontinfo\/2024\/12\/ateliers-les-vertuoses-evodia-sensibilise-les-vosgiennes-pour-des-regles-0-dechet-et-sans-tabou\/#primaryimage"},"image":{"@id":"https:\/\/vosgesinfo.fr\/remiremontinfo\/2024\/12\/ateliers-les-vertuoses-evodia-sensibilise-les-vosgiennes-pour-des-regles-0-dechet-et-sans-tabou\/#primaryimage"},"thumbnailUrl":"https:\/\/vosgesinfo.fr\/app\/uploads\/sites\/5\/2024\/12\/ateliers-les-vertuoses-evodia-1.jpg","datePublished":"2024-12-04T08:35:53+00:00","dateModified":"2024-12-04T08:35:53+00:00","breadcrumb":{"@id":"https:\/\/vosgesinfo.fr\/remiremontinfo\/2024\/12\/ateliers-les-vertuoses-evodia-sensibilise-les-vosgiennes-pour-des-regles-0-dechet-et-sans-tabou\/#breadcrumb"},"inLanguage":"fr-FR","potentialAction":[{"@type":"ReadAction","target":["https:\/\/vosgesinfo.fr\/remiremontinfo\/2024\/12\/ateliers-les-vertuoses-evodia-sensibilise-les-vosgiennes-pour-des-regles-0-dechet-et-sans-tabou\/"]}]},{"@type":"ImageObject","inLanguage":"fr-FR","@id":"https:\/\/vosgesinfo.fr\/remiremontinfo\/2024\/12\/ateliers-les-vertuoses-evodia-sensibilise-les-vosgiennes-pour-des-regles-0-dechet-et-sans-tabou\/#primaryimage","url":"https:\/\/vosgesinfo.fr\/app\/uploads\/sites\/5\/2024\/12\/ateliers-les-vertuoses-evodia-1.jpg","contentUrl":"https:\/\/vosgesinfo.fr\/app\/uploads\/sites\/5\/2024\/12\/ateliers-les-vertuoses-evodia-1.jpg","width":480,"height":640},{"@type":"BreadcrumbList","@id":"https:\/\/vosgesinfo.fr\/remiremontinfo\/2024\/12\/ateliers-les-vertuoses-evodia-sensibilise-les-vosgiennes-pour-des-regles-0-dechet-et-sans-tabou\/#breadcrumb","itemListElement":[{"@type":"ListItem","position":1,"name":"Home","item":"https:\/\/vosgesinfo.fr\/remiremontinfo\/"},{"@type":"ListItem","position":2,"name":"Ateliers les Vertu\u2019oses : Evodia sensibilise les Vosgiennes pour des r\u00e8gles 0 d\u00e9chet et sans tabou"}]},{"@type":"WebSite","@id":"https:\/\/vosgesinfo.fr\/remiremontinfo\/#website","url":"https:\/\/vosgesinfo.fr\/remiremontinfo\/","name":"Remiremont Info","description":"Toute l&#039;actualit\u00e9 de Remiremont","publisher":{"@id":"https:\/\/vosgesinfo.fr\/remiremontinfo\/#organization"},"alternateName":"Toute l'actualit\u00e9 de Remiremont","potentialAction":[{"@type":"SearchAction","target":{"@type":"EntryPoint","urlTemplate":"https:\/\/vosgesinfo.fr\/remiremontinfo\/?s={search_term_string}"},"query-input":"required name=search_term_string"}],"inLanguage":"fr-FR"},{"@type":"Organization","@id":"https:\/\/vosgesinfo.fr\/remiremontinfo\/#organization","name":"Remiremont Info","url":"https:\/\/vosgesinfo.fr\/remiremontinfo\/","logo":{"@type":"ImageObject","inLanguage":"fr-FR","@id":"https:\/\/vosgesinfo.fr\/remiremontinfo\/#\/schema\/logo\/image\/","url":"https:\/\/vosgesinfo.fr\/app\/uploads\/sites\/5\/2023\/08\/favicon-remiremontinfo.png","contentUrl":"https:\/\/vosgesinfo.fr\/app\/uploads\/sites\/5\/2023\/08\/favicon-remiremontinfo.png","width":512,"height":512,"caption":"Remiremont Info"},"image":{"@id":"https:\/\/vosgesinfo.fr\/remiremontinfo\/#\/schema\/logo\/image\/"},"sameAs":["https:\/\/www.facebook.com\/remiremontinfo","https:\/\/x.com\/VosgesInfo88","https:\/\/www.youtube.com\/@vosgesinfo"]},{"@type":"Person","@id":"https:\/\/vosgesinfo.fr\/remiremontinfo\/#\/schema\/person\/6f9a650eeea99d969b6c4ab78fccbe81","name":"C.K.","image":{"@type":"ImageObject","inLanguage":"fr-FR","@id":"https:\/\/vosgesinfo.fr\/remiremontinfo\/#\/schema\/person\/image\/","url":"https:\/\/secure.gravatar.com\/avatar\/48e3fc7f8421ba8942be6b74a2b7f014ca39bc00dece156b7a8e098ae7dc87bf?s=96&d=mm&r=g","contentUrl":"https:\/\/secure.gravatar.com\/avatar\/48e3fc7f8421ba8942be6b74a2b7f014ca39bc00dece156b7a8e098ae7dc87bf?s=96&d=mm&r=g","caption":"C.K."},"url":"https:\/\/vosgesinfo.fr\/remiremontinfo\/author\/celia-k-n\/"}]}},"_links":{"self":[{"href":"https:\/\/vosgesinfo.fr\/remiremontinfo\/wp-json\/wp\/v2\/posts\/76186","targetHints":{"allow":["GET"]}}],"collection":[{"href":"https:\/\/vosgesinfo.fr\/remiremontinfo\/wp-json\/wp\/v2\/posts"}],"about":[{"href":"https:\/\/vosgesinfo.fr\/remiremontinfo\/wp-json\/wp\/v2\/types\/post"}],"author":[{"embeddable":true,"href":"https:\/\/vosgesinfo.fr\/remiremontinfo\/wp-json\/wp\/v2\/users\/52"}],"replies":[{"embeddable":true,"href":"https:\/\/vosgesinfo.fr\/remiremontinfo\/wp-json\/wp\/v2\/comments?post=76186"}],"version-history":[{"count":0,"href":"https:\/\/vosgesinfo.fr\/remiremontinfo\/wp-json\/wp\/v2\/posts\/76186\/revisions"}],"wp:featuredmedia":[{"embeddable":true,"href":"https:\/\/vosgesinfo.fr\/remiremontinfo\/wp-json\/wp\/v2\/media\/76187"}],"wp:attachment":[{"href":"https:\/\/vosgesinfo.fr\/remiremontinfo\/wp-json\/wp\/v2\/media?parent=76186"}],"wp:term":[{"taxonomy":"category","embeddable":true,"href":"https:\/\/vosgesinfo.fr\/remiremontinfo\/wp-json\/wp\/v2\/categories?post=76186"},{"taxonomy":"post_tag","embeddable":true,"href":"https:\/\/vosgesinfo.fr\/remiremontinfo\/wp-json\/wp\/v2\/tags?post=76186"}],"curies":[{"name":"wp","href":"https:\/\/api.w.org\/{rel}","templated":true}]}}