{"id":7623,"date":"2024-07-05T10:12:25","date_gmt":"2024-07-05T08:12:25","guid":{"rendered":"https:\/\/vosgesinfo.fr\/remiremontinfo\/2024\/07\/corcieux-la-10e-edition-du-festiforge-aura-lieu-les-27-et-28-juillet\/"},"modified":"2024-07-05T10:12:25","modified_gmt":"2024-07-05T08:12:25","slug":"corcieux-la-10e-edition-du-festiforge-aura-lieu-les-27-et-28-juillet","status":"publish","type":"post","link":"https:\/\/vosgesinfo.fr\/remiremontinfo\/2024\/07\/corcieux-la-10e-edition-du-festiforge-aura-lieu-les-27-et-28-juillet\/","title":{"rendered":"Corcieux &#8211; La 10e \u00e9dition du Festi\u2019forge aura lieu les 27 et 28 juillet"},"content":{"rendered":"<p><img decoding=\"async\" class=\"aligncenter size-large wp-image-43298\" src=\"https:\/\/vosgesinfo.fr\/app\/uploads\/sites\/3\/2024\/07\/affiche-a3.2024-732x1024.jpg\" alt=\"\" width=\"732\" height=\"1024\" \/>La 10\u00e8 \u00e9dition du Festival des forgerons et son march\u00e9 artisanal aura lieu \u00e0 Corcieux, les 27 et 28 juillet 2024. Cette \u00e9dition aura lieu sur le th\u00e8me \u00ab\u00a010, dix ou X\u00a0\u00bb. Au programme : la r\u00e9alisation d&rsquo;un bas-fourneau m\u00e9di\u00e9val. Un concert aura lieu samedi 27 juillet \u00e0 19h : avec trois groupes hommages : Scorpion, U2 et Iron Maiden.<\/p>\n<p>Le dimanche apr\u00e8s-midi, un nouveau concert est pr\u00e9vu avec \u00ab\u00a0The Last Minute\u00a0\u00bb (vari\u00e9t\u00e9s pop-rock). Animations au village des pompiers.<\/p>\n<p><img decoding=\"async\" class=\"aligncenter size-large wp-image-43299\" src=\"https:\/\/vosgesinfo.fr\/app\/uploads\/sites\/3\/2024\/07\/affiche.concert-724x1024.jpg\" alt=\"\" width=\"724\" height=\"1024\" \/><\/p>\n","protected":false},"excerpt":{"rendered":"<p>La 10\u00e8 \u00e9dition du Festival des forgerons et son march\u00e9 artisanal aura lieu \u00e0 Corcieux, les 27 et 28 juillet [&hellip;]<\/p>\n","protected":false},"author":52,"featured_media":7624,"comment_status":"open","ping_status":"open","sticky":false,"template":"","format":"standard","meta":{"footnotes":""},"categories":[26,108,62,845,43,883,18],"tags":[1233,663,1234,32],"class_list":["post-7623","post","type-post","status-publish","format-standard","has-post-thumbnail","hentry","category-a-la-une","category-epinal","category-gerardmer","category-la-plaine-des-vosges","category-remiremont-remiremont-son-canton","category-saint-die-des-vosges","category-vosges","tag-10e-edition-du-festiforge","tag-663","tag-corcieux","tag-vosges"],"acf":[],"yoast_head":"<!-- This site is optimized with the Yoast SEO plugin v22.5 - https:\/\/yoast.com\/wordpress\/plugins\/seo\/ -->\n<title>Corcieux - La 10e \u00e9dition du Festi\u2019forge aura lieu les 27 et 28 juillet - Remiremont Info<\/title>\n<meta name=\"robots\" content=\"index, follow, max-snippet:-1, max-image-preview:large, max-video-preview:-1\" \/>\n<link rel=\"canonical\" href=\"https:\/\/vosgesinfo.fr\/remiremontinfo\/2024\/07\/corcieux-la-10e-edition-du-festiforge-aura-lieu-les-27-et-28-juillet\/\" \/>\n<meta name=\"twitter:card\" content=\"summary_large_image\" \/>\n<meta name=\"twitter:title\" content=\"Corcieux - La 10e \u00e9dition du Festi\u2019forge aura lieu les 27 et 28 juillet - Remiremont Info\" \/>\n<meta name=\"twitter:description\" content=\"La 10\u00e8 \u00e9dition du Festival des forgerons et son march\u00e9 artisanal aura lieu \u00e0 Corcieux, les 27 et 28 juillet [&hellip;]\" \/>\n<meta name=\"twitter:image\" content=\"https:\/\/vosgesinfo.fr\/app\/uploads\/sites\/5\/2024\/07\/forge.jpg\" \/>\n<meta name=\"twitter:creator\" content=\"@VosgesInfo88\" \/>\n<meta name=\"twitter:site\" content=\"@VosgesInfo88\" \/>\n<meta name=\"twitter:label1\" content=\"\u00c9crit par\" \/>\n\t<meta name=\"twitter:data1\" content=\"C.K.\" \/>\n<script type=\"application\/ld+json\" class=\"yoast-schema-graph\">{\"@context\":\"https:\/\/schema.org\",\"@graph\":[{\"@type\":\"Article\",\"@id\":\"https:\/\/vosgesinfo.fr\/remiremontinfo\/2024\/07\/corcieux-la-10e-edition-du-festiforge-aura-lieu-les-27-et-28-juillet\/#article\",\"isPartOf\":{\"@id\":\"https:\/\/vosgesinfo.fr\/remiremontinfo\/2024\/07\/corcieux-la-10e-edition-du-festiforge-aura-lieu-les-27-et-28-juillet\/\"},\"author\":{\"name\":\"C.K.\",\"@id\":\"https:\/\/vosgesinfo.fr\/remiremontinfo\/#\/schema\/person\/6f9a650eeea99d969b6c4ab78fccbe81\"},\"headline\":\"Corcieux &#8211; La 10e \u00e9dition du Festi\u2019forge aura lieu les 27 et 28 juillet\",\"datePublished\":\"2024-07-05T08:12:25+00:00\",\"dateModified\":\"2024-07-05T08:12:25+00:00\",\"mainEntityOfPage\":{\"@id\":\"https:\/\/vosgesinfo.fr\/remiremontinfo\/2024\/07\/corcieux-la-10e-edition-du-festiforge-aura-lieu-les-27-et-28-juillet\/\"},\"wordCount\":90,\"commentCount\":0,\"publisher\":{\"@id\":\"https:\/\/vosgesinfo.fr\/remiremontinfo\/#organization\"},\"image\":{\"@id\":\"https:\/\/vosgesinfo.fr\/remiremontinfo\/2024\/07\/corcieux-la-10e-edition-du-festiforge-aura-lieu-les-27-et-28-juillet\/#primaryimage\"},\"thumbnailUrl\":\"https:\/\/vosgesinfo.fr\/app\/uploads\/sites\/5\/2024\/07\/forge.jpg\",\"keywords\":[\"10e \u00e9dition du Festi\u2019forge\",\"2024\",\"Corcieux\",\"Vosges\"],\"articleSection\":[\"A la Une\",\"Epinal\",\"G\u00e9rardmer\",\"La plaine des vosges\",\"Remiremont\",\"Saint-Di\u00e9-des-Vosges\",\"Vosges\"],\"inLanguage\":\"fr-FR\",\"potentialAction\":[{\"@type\":\"CommentAction\",\"name\":\"Comment\",\"target\":[\"https:\/\/vosgesinfo.fr\/remiremontinfo\/2024\/07\/corcieux-la-10e-edition-du-festiforge-aura-lieu-les-27-et-28-juillet\/#respond\"]}]},{\"@type\":\"WebPage\",\"@id\":\"https:\/\/vosgesinfo.fr\/remiremontinfo\/2024\/07\/corcieux-la-10e-edition-du-festiforge-aura-lieu-les-27-et-28-juillet\/\",\"url\":\"https:\/\/vosgesinfo.fr\/remiremontinfo\/2024\/07\/corcieux-la-10e-edition-du-festiforge-aura-lieu-les-27-et-28-juillet\/\",\"name\":\"Corcieux - La 10e \u00e9dition du Festi\u2019forge aura lieu les 27 et 28 juillet - Remiremont Info\",\"isPartOf\":{\"@id\":\"https:\/\/vosgesinfo.fr\/remiremontinfo\/#website\"},\"primaryImageOfPage\":{\"@id\":\"https:\/\/vosgesinfo.fr\/remiremontinfo\/2024\/07\/corcieux-la-10e-edition-du-festiforge-aura-lieu-les-27-et-28-juillet\/#primaryimage\"},\"image\":{\"@id\":\"https:\/\/vosgesinfo.fr\/remiremontinfo\/2024\/07\/corcieux-la-10e-edition-du-festiforge-aura-lieu-les-27-et-28-juillet\/#primaryimage\"},\"thumbnailUrl\":\"https:\/\/vosgesinfo.fr\/app\/uploads\/sites\/5\/2024\/07\/forge.jpg\",\"datePublished\":\"2024-07-05T08:12:25+00:00\",\"dateModified\":\"2024-07-05T08:12:25+00:00\",\"breadcrumb\":{\"@id\":\"https:\/\/vosgesinfo.fr\/remiremontinfo\/2024\/07\/corcieux-la-10e-edition-du-festiforge-aura-lieu-les-27-et-28-juillet\/#breadcrumb\"},\"inLanguage\":\"fr-FR\",\"potentialAction\":[{\"@type\":\"ReadAction\",\"target\":[\"https:\/\/vosgesinfo.fr\/remiremontinfo\/2024\/07\/corcieux-la-10e-edition-du-festiforge-aura-lieu-les-27-et-28-juillet\/\"]}]},{\"@type\":\"ImageObject\",\"inLanguage\":\"fr-FR\",\"@id\":\"https:\/\/vosgesinfo.fr\/remiremontinfo\/2024\/07\/corcieux-la-10e-edition-du-festiforge-aura-lieu-les-27-et-28-juillet\/#primaryimage\",\"url\":\"https:\/\/vosgesinfo.fr\/app\/uploads\/sites\/5\/2024\/07\/forge.jpg\",\"contentUrl\":\"https:\/\/vosgesinfo.fr\/app\/uploads\/sites\/5\/2024\/07\/forge.jpg\",\"width\":900,\"height\":720},{\"@type\":\"BreadcrumbList\",\"@id\":\"https:\/\/vosgesinfo.fr\/remiremontinfo\/2024\/07\/corcieux-la-10e-edition-du-festiforge-aura-lieu-les-27-et-28-juillet\/#breadcrumb\",\"itemListElement\":[{\"@type\":\"ListItem\",\"position\":1,\"name\":\"Home\",\"item\":\"https:\/\/vosgesinfo.fr\/remiremontinfo\/\"},{\"@type\":\"ListItem\",\"position\":2,\"name\":\"Corcieux &#8211; La 10e \u00e9dition du Festi\u2019forge aura lieu les 27 et 28 juillet\"}]},{\"@type\":\"WebSite\",\"@id\":\"https:\/\/vosgesinfo.fr\/remiremontinfo\/#website\",\"url\":\"https:\/\/vosgesinfo.fr\/remiremontinfo\/\",\"name\":\"Remiremont Info\",\"description\":\"Toute l&#039;actualit\u00e9 de Remiremont\",\"publisher\":{\"@id\":\"https:\/\/vosgesinfo.fr\/remiremontinfo\/#organization\"},\"alternateName\":\"Toute l'actualit\u00e9 de Remiremont\",\"potentialAction\":[{\"@type\":\"SearchAction\",\"target\":{\"@type\":\"EntryPoint\",\"urlTemplate\":\"https:\/\/vosgesinfo.fr\/remiremontinfo\/?s={search_term_string}\"},\"query-input\":\"required name=search_term_string\"}],\"inLanguage\":\"fr-FR\"},{\"@type\":\"Organization\",\"@id\":\"https:\/\/vosgesinfo.fr\/remiremontinfo\/#organization\",\"name\":\"Remiremont Info\",\"url\":\"https:\/\/vosgesinfo.fr\/remiremontinfo\/\",\"logo\":{\"@type\":\"ImageObject\",\"inLanguage\":\"fr-FR\",\"@id\":\"https:\/\/vosgesinfo.fr\/remiremontinfo\/#\/schema\/logo\/image\/\",\"url\":\"https:\/\/vosgesinfo.fr\/app\/uploads\/sites\/5\/2023\/08\/favicon-remiremontinfo.png\",\"contentUrl\":\"https:\/\/vosgesinfo.fr\/app\/uploads\/sites\/5\/2023\/08\/favicon-remiremontinfo.png\",\"width\":512,\"height\":512,\"caption\":\"Remiremont Info\"},\"image\":{\"@id\":\"https:\/\/vosgesinfo.fr\/remiremontinfo\/#\/schema\/logo\/image\/\"},\"sameAs\":[\"https:\/\/www.facebook.com\/remiremontinfo\",\"https:\/\/x.com\/VosgesInfo88\",\"https:\/\/www.youtube.com\/@vosgesinfo\"]},{\"@type\":\"Person\",\"@id\":\"https:\/\/vosgesinfo.fr\/remiremontinfo\/#\/schema\/person\/6f9a650eeea99d969b6c4ab78fccbe81\",\"name\":\"C.K.\",\"image\":{\"@type\":\"ImageObject\",\"inLanguage\":\"fr-FR\",\"@id\":\"https:\/\/vosgesinfo.fr\/remiremontinfo\/#\/schema\/person\/image\/\",\"url\":\"https:\/\/secure.gravatar.com\/avatar\/48e3fc7f8421ba8942be6b74a2b7f014ca39bc00dece156b7a8e098ae7dc87bf?s=96&d=mm&r=g\",\"contentUrl\":\"https:\/\/secure.gravatar.com\/avatar\/48e3fc7f8421ba8942be6b74a2b7f014ca39bc00dece156b7a8e098ae7dc87bf?s=96&d=mm&r=g\",\"caption\":\"C.K.\"},\"url\":\"https:\/\/vosgesinfo.fr\/remiremontinfo\/author\/celia-k-n\/\"}]}<\/script>\n<!-- \/ Yoast SEO plugin. -->","yoast_head_json":{"title":"Corcieux - La 10e \u00e9dition du Festi\u2019forge aura lieu les 27 et 28 juillet - Remiremont Info","robots":{"index":"index","follow":"follow","max-snippet":"max-snippet:-1","max-image-preview":"max-image-preview:large","max-video-preview":"max-video-preview:-1"},"canonical":"https:\/\/vosgesinfo.fr\/remiremontinfo\/2024\/07\/corcieux-la-10e-edition-du-festiforge-aura-lieu-les-27-et-28-juillet\/","twitter_card":"summary_large_image","twitter_title":"Corcieux - La 10e \u00e9dition du Festi\u2019forge aura lieu les 27 et 28 juillet - Remiremont Info","twitter_description":"La 10\u00e8 \u00e9dition du Festival des forgerons et son march\u00e9 artisanal aura lieu \u00e0 Corcieux, les 27 et 28 juillet [&hellip;]","twitter_image":"https:\/\/vosgesinfo.fr\/app\/uploads\/sites\/5\/2024\/07\/forge.jpg","twitter_creator":"@VosgesInfo88","twitter_site":"@VosgesInfo88","twitter_misc":{"\u00c9crit par":"C.K."},"schema":{"@context":"https:\/\/schema.org","@graph":[{"@type":"Article","@id":"https:\/\/vosgesinfo.fr\/remiremontinfo\/2024\/07\/corcieux-la-10e-edition-du-festiforge-aura-lieu-les-27-et-28-juillet\/#article","isPartOf":{"@id":"https:\/\/vosgesinfo.fr\/remiremontinfo\/2024\/07\/corcieux-la-10e-edition-du-festiforge-aura-lieu-les-27-et-28-juillet\/"},"author":{"name":"C.K.","@id":"https:\/\/vosgesinfo.fr\/remiremontinfo\/#\/schema\/person\/6f9a650eeea99d969b6c4ab78fccbe81"},"headline":"Corcieux &#8211; La 10e \u00e9dition du Festi\u2019forge aura lieu les 27 et 28 juillet","datePublished":"2024-07-05T08:12:25+00:00","dateModified":"2024-07-05T08:12:25+00:00","mainEntityOfPage":{"@id":"https:\/\/vosgesinfo.fr\/remiremontinfo\/2024\/07\/corcieux-la-10e-edition-du-festiforge-aura-lieu-les-27-et-28-juillet\/"},"wordCount":90,"commentCount":0,"publisher":{"@id":"https:\/\/vosgesinfo.fr\/remiremontinfo\/#organization"},"image":{"@id":"https:\/\/vosgesinfo.fr\/remiremontinfo\/2024\/07\/corcieux-la-10e-edition-du-festiforge-aura-lieu-les-27-et-28-juillet\/#primaryimage"},"thumbnailUrl":"https:\/\/vosgesinfo.fr\/app\/uploads\/sites\/5\/2024\/07\/forge.jpg","keywords":["10e \u00e9dition du Festi\u2019forge","2024","Corcieux","Vosges"],"articleSection":["A la Une","Epinal","G\u00e9rardmer","La plaine des vosges","Remiremont","Saint-Di\u00e9-des-Vosges","Vosges"],"inLanguage":"fr-FR","potentialAction":[{"@type":"CommentAction","name":"Comment","target":["https:\/\/vosgesinfo.fr\/remiremontinfo\/2024\/07\/corcieux-la-10e-edition-du-festiforge-aura-lieu-les-27-et-28-juillet\/#respond"]}]},{"@type":"WebPage","@id":"https:\/\/vosgesinfo.fr\/remiremontinfo\/2024\/07\/corcieux-la-10e-edition-du-festiforge-aura-lieu-les-27-et-28-juillet\/","url":"https:\/\/vosgesinfo.fr\/remiremontinfo\/2024\/07\/corcieux-la-10e-edition-du-festiforge-aura-lieu-les-27-et-28-juillet\/","name":"Corcieux - La 10e \u00e9dition du Festi\u2019forge aura lieu les 27 et 28 juillet - Remiremont Info","isPartOf":{"@id":"https:\/\/vosgesinfo.fr\/remiremontinfo\/#website"},"primaryImageOfPage":{"@id":"https:\/\/vosgesinfo.fr\/remiremontinfo\/2024\/07\/corcieux-la-10e-edition-du-festiforge-aura-lieu-les-27-et-28-juillet\/#primaryimage"},"image":{"@id":"https:\/\/vosgesinfo.fr\/remiremontinfo\/2024\/07\/corcieux-la-10e-edition-du-festiforge-aura-lieu-les-27-et-28-juillet\/#primaryimage"},"thumbnailUrl":"https:\/\/vosgesinfo.fr\/app\/uploads\/sites\/5\/2024\/07\/forge.jpg","datePublished":"2024-07-05T08:12:25+00:00","dateModified":"2024-07-05T08:12:25+00:00","breadcrumb":{"@id":"https:\/\/vosgesinfo.fr\/remiremontinfo\/2024\/07\/corcieux-la-10e-edition-du-festiforge-aura-lieu-les-27-et-28-juillet\/#breadcrumb"},"inLanguage":"fr-FR","potentialAction":[{"@type":"ReadAction","target":["https:\/\/vosgesinfo.fr\/remiremontinfo\/2024\/07\/corcieux-la-10e-edition-du-festiforge-aura-lieu-les-27-et-28-juillet\/"]}]},{"@type":"ImageObject","inLanguage":"fr-FR","@id":"https:\/\/vosgesinfo.fr\/remiremontinfo\/2024\/07\/corcieux-la-10e-edition-du-festiforge-aura-lieu-les-27-et-28-juillet\/#primaryimage","url":"https:\/\/vosgesinfo.fr\/app\/uploads\/sites\/5\/2024\/07\/forge.jpg","contentUrl":"https:\/\/vosgesinfo.fr\/app\/uploads\/sites\/5\/2024\/07\/forge.jpg","width":900,"height":720},{"@type":"BreadcrumbList","@id":"https:\/\/vosgesinfo.fr\/remiremontinfo\/2024\/07\/corcieux-la-10e-edition-du-festiforge-aura-lieu-les-27-et-28-juillet\/#breadcrumb","itemListElement":[{"@type":"ListItem","position":1,"name":"Home","item":"https:\/\/vosgesinfo.fr\/remiremontinfo\/"},{"@type":"ListItem","position":2,"name":"Corcieux &#8211; La 10e \u00e9dition du Festi\u2019forge aura lieu les 27 et 28 juillet"}]},{"@type":"WebSite","@id":"https:\/\/vosgesinfo.fr\/remiremontinfo\/#website","url":"https:\/\/vosgesinfo.fr\/remiremontinfo\/","name":"Remiremont Info","description":"Toute l&#039;actualit\u00e9 de Remiremont","publisher":{"@id":"https:\/\/vosgesinfo.fr\/remiremontinfo\/#organization"},"alternateName":"Toute l'actualit\u00e9 de Remiremont","potentialAction":[{"@type":"SearchAction","target":{"@type":"EntryPoint","urlTemplate":"https:\/\/vosgesinfo.fr\/remiremontinfo\/?s={search_term_string}"},"query-input":"required name=search_term_string"}],"inLanguage":"fr-FR"},{"@type":"Organization","@id":"https:\/\/vosgesinfo.fr\/remiremontinfo\/#organization","name":"Remiremont Info","url":"https:\/\/vosgesinfo.fr\/remiremontinfo\/","logo":{"@type":"ImageObject","inLanguage":"fr-FR","@id":"https:\/\/vosgesinfo.fr\/remiremontinfo\/#\/schema\/logo\/image\/","url":"https:\/\/vosgesinfo.fr\/app\/uploads\/sites\/5\/2023\/08\/favicon-remiremontinfo.png","contentUrl":"https:\/\/vosgesinfo.fr\/app\/uploads\/sites\/5\/2023\/08\/favicon-remiremontinfo.png","width":512,"height":512,"caption":"Remiremont Info"},"image":{"@id":"https:\/\/vosgesinfo.fr\/remiremontinfo\/#\/schema\/logo\/image\/"},"sameAs":["https:\/\/www.facebook.com\/remiremontinfo","https:\/\/x.com\/VosgesInfo88","https:\/\/www.youtube.com\/@vosgesinfo"]},{"@type":"Person","@id":"https:\/\/vosgesinfo.fr\/remiremontinfo\/#\/schema\/person\/6f9a650eeea99d969b6c4ab78fccbe81","name":"C.K.","image":{"@type":"ImageObject","inLanguage":"fr-FR","@id":"https:\/\/vosgesinfo.fr\/remiremontinfo\/#\/schema\/person\/image\/","url":"https:\/\/secure.gravatar.com\/avatar\/48e3fc7f8421ba8942be6b74a2b7f014ca39bc00dece156b7a8e098ae7dc87bf?s=96&d=mm&r=g","contentUrl":"https:\/\/secure.gravatar.com\/avatar\/48e3fc7f8421ba8942be6b74a2b7f014ca39bc00dece156b7a8e098ae7dc87bf?s=96&d=mm&r=g","caption":"C.K."},"url":"https:\/\/vosgesinfo.fr\/remiremontinfo\/author\/celia-k-n\/"}]}},"_links":{"self":[{"href":"https:\/\/vosgesinfo.fr\/remiremontinfo\/wp-json\/wp\/v2\/posts\/7623","targetHints":{"allow":["GET"]}}],"collection":[{"href":"https:\/\/vosgesinfo.fr\/remiremontinfo\/wp-json\/wp\/v2\/posts"}],"about":[{"href":"https:\/\/vosgesinfo.fr\/remiremontinfo\/wp-json\/wp\/v2\/types\/post"}],"author":[{"embeddable":true,"href":"https:\/\/vosgesinfo.fr\/remiremontinfo\/wp-json\/wp\/v2\/users\/52"}],"replies":[{"embeddable":true,"href":"https:\/\/vosgesinfo.fr\/remiremontinfo\/wp-json\/wp\/v2\/comments?post=7623"}],"version-history":[{"count":0,"href":"https:\/\/vosgesinfo.fr\/remiremontinfo\/wp-json\/wp\/v2\/posts\/7623\/revisions"}],"wp:featuredmedia":[{"embeddable":true,"href":"https:\/\/vosgesinfo.fr\/remiremontinfo\/wp-json\/wp\/v2\/media\/7624"}],"wp:attachment":[{"href":"https:\/\/vosgesinfo.fr\/remiremontinfo\/wp-json\/wp\/v2\/media?parent=7623"}],"wp:term":[{"taxonomy":"category","embeddable":true,"href":"https:\/\/vosgesinfo.fr\/remiremontinfo\/wp-json\/wp\/v2\/categories?post=7623"},{"taxonomy":"post_tag","embeddable":true,"href":"https:\/\/vosgesinfo.fr\/remiremontinfo\/wp-json\/wp\/v2\/tags?post=7623"}],"curies":[{"name":"wp","href":"https:\/\/api.w.org\/{rel}","templated":true}]}}