{"id":76437,"date":"2024-12-11T09:34:30","date_gmt":"2024-12-11T08:34:30","guid":{"rendered":"https:\/\/vosgesinfo.fr\/remiremontinfo\/?p=76437"},"modified":"2024-12-11T09:38:56","modified_gmt":"2024-12-11T08:38:56","slug":"focus-les-objets-patrimoniaux-de-contrexeville","status":"publish","type":"post","link":"https:\/\/vosgesinfo.fr\/remiremontinfo\/2024\/12\/focus-les-objets-patrimoniaux-de-contrexeville\/","title":{"rendered":"Focus : Les objets patrimoniaux de Contrex\u00e9ville"},"content":{"rendered":"<p><a href=\"https:\/\/vosgesinfo.fr\/app\/uploads\/sites\/5\/2024\/12\/tableaux-contrex.jpg\"><img decoding=\"async\" class=\"aligncenter size-large wp-image-76439\" src=\"https:\/\/vosgesinfo.fr\/app\/uploads\/sites\/5\/2024\/12\/tableaux-contrex-1024x443.jpg\" alt=\"\" width=\"1024\" height=\"443\" srcset=\"https:\/\/vosgesinfo.fr\/app\/uploads\/sites\/5\/2024\/12\/tableaux-contrex-1024x443.jpg 1024w, https:\/\/vosgesinfo.fr\/app\/uploads\/sites\/5\/2024\/12\/tableaux-contrex-300x130.jpg 300w, https:\/\/vosgesinfo.fr\/app\/uploads\/sites\/5\/2024\/12\/tableaux-contrex-768x332.jpg 768w, https:\/\/vosgesinfo.fr\/app\/uploads\/sites\/5\/2024\/12\/tableaux-contrex.jpg 1253w\" sizes=\"(max-width: 1024px) 100vw, 1024px\" \/><\/a><\/p>\n<p><strong>Parmi les <a href=\"https:\/\/vosgesinfo.fr\/remiremontinfo\/2024\/12\/patrimoine-vosgien-des-oeuvres-et-objets-en-bonne-voie-pour-une-reconnaissance-historique\/\" target=\"_blank\" rel=\"noopener\">dossiers \u00e9tudi\u00e9s lors de la commission r\u00e9gionale du patrimoine et de l\u2019architecture<\/a>, plusieurs objets de Contrex\u00e9ville ont \u00e9t\u00e9 propos\u00e9s pour inscription au titre des monuments historiques. Ces objets, riches d\u2019histoire et d\u2019artisanat, m\u00e9ritent une attention particuli\u00e8re.<\/strong><\/p>\n<h4><strong>Une croix en cristal industriel du XIX\u1d49 si\u00e8cle<\/strong><\/h4>\n<p>L\u2019un des objets les plus remarquables \u00e9tudi\u00e9s lors de cette commission est une <strong>croix<\/strong> appartenant \u00e0 la commune de Contrex\u00e9ville. Cette croix, confectionn\u00e9e en <strong>cristal industriel<\/strong> orn\u00e9 d\u2019<strong>am\u00e9thystes<\/strong>, remonte au d\u00e9but du <strong>XIX\u1d49 si\u00e8cle<\/strong>. Longtemps expos\u00e9e dans l\u2019\u00e9glise de Contrex\u00e9ville, elle a \u00e9t\u00e9 retir\u00e9e et est d\u00e9sormais conserv\u00e9e dans un coffre \u00e0 la mairie, en attendant son \u00e9ventuelle restauration et valorisation.<\/p>\n<p>Cette pi\u00e8ce unique t\u00e9moigne de l\u2019ing\u00e9niosit\u00e9 des artisans de l\u2019\u00e9poque et de la richesse des mat\u00e9riaux utilis\u00e9s dans la fabrication de tels objets. Sa valeur historique, ainsi que son caract\u00e8re rare, en font un \u00e9l\u00e9ment essentiel du patrimoine de la commune.<\/p>\n<h4><strong>Les tableaux de la chapelle orthodoxe<\/strong><\/h4>\n<p>En plus de la croix, la commission a \u00e9galement examin\u00e9 <strong>deux tableaux<\/strong> pr\u00e9sents dans la chapelle orthodoxe de Contrex\u00e9ville. Bien que la chapelle elle-m\u00eame ne soit pas prot\u00e9g\u00e9e, ces \u0153uvres repr\u00e9sentent un t\u00e9moignage pr\u00e9cieux du patrimoine religieux de la commune. Les tableaux, datant \u00e9galement du <strong>XIX\u1d49 si\u00e8cle<\/strong>, sont des exemples remarquables de la peinture religieuse de l\u2019\u00e9poque.<\/p>\n<h4><strong>Une reconnaissance en cours<\/strong><\/h4>\n<p>Les d\u00e9cisions finales concernant leur classement, d\u00e9pendent toujours de l\u2019arbitrage du pr\u00e9fet de r\u00e9gion. En cas de validation, ces objets b\u00e9n\u00e9ficieront de protections sp\u00e9cifiques et pourront \u00eatre restaur\u00e9s avec des aides publiques d\u00e9di\u00e9es. Cette inscription marquerait ainsi une nouvelle \u00e9tape dans la reconnaissance du patrimoine de <strong>Contrex\u00e9ville<\/strong>, permettant de pr\u00e9server et de valoriser ces t\u00e9moignages mat\u00e9riels de son histoire.<\/p>\n<p>Ces d\u00e9marches s\u2019inscrivent dans un travail de pr\u00e9servation constante du patrimoine local, auquel les \u00e9lus et les citoyens de la r\u00e9gion accordent une importance grandissante.<\/p>\n<p><a href=\"https:\/\/vosgesinfo.fr\/app\/uploads\/sites\/5\/2024\/12\/croix-contrex.jpg\"><img decoding=\"async\" class=\"aligncenter size-full wp-image-76438\" src=\"https:\/\/vosgesinfo.fr\/app\/uploads\/sites\/5\/2024\/12\/croix-contrex.jpg\" alt=\"\" width=\"572\" height=\"789\" srcset=\"https:\/\/vosgesinfo.fr\/app\/uploads\/sites\/5\/2024\/12\/croix-contrex.jpg 572w, https:\/\/vosgesinfo.fr\/app\/uploads\/sites\/5\/2024\/12\/croix-contrex-217x300.jpg 217w\" sizes=\"(max-width: 572px) 100vw, 572px\" \/><\/a><\/p>\n","protected":false},"excerpt":{"rendered":"<p>Parmi les dossiers \u00e9tudi\u00e9s lors de la commission r\u00e9gionale du patrimoine et de l\u2019architecture, plusieurs objets de Contrex\u00e9ville ont \u00e9t\u00e9 [&hellip;]<\/p>\n","protected":false},"author":418,"featured_media":76438,"comment_status":"open","ping_status":"open","sticky":false,"template":"","format":"standard","meta":{"footnotes":""},"categories":[26,108,845],"tags":[6705,6706,6707],"class_list":["post-76437","post","type-post","status-publish","format-standard","has-post-thumbnail","hentry","category-a-la-une","category-epinal","category-la-plaine-des-vosges","tag-commission-regionale-du-patrimoine-et-de-larchitecture","tag-contrexeville","tag-monuments-historiques"],"acf":[],"yoast_head":"<!-- This site is optimized with the Yoast SEO plugin v22.5 - https:\/\/yoast.com\/wordpress\/plugins\/seo\/ -->\n<title>Focus : Les objets patrimoniaux de Contrex\u00e9ville - Remiremont Info<\/title>\n<meta name=\"robots\" content=\"index, follow, max-snippet:-1, max-image-preview:large, max-video-preview:-1\" \/>\n<link rel=\"canonical\" href=\"https:\/\/vosgesinfo.fr\/remiremontinfo\/2024\/12\/focus-les-objets-patrimoniaux-de-contrexeville\/\" \/>\n<meta name=\"twitter:card\" content=\"summary_large_image\" \/>\n<meta name=\"twitter:title\" content=\"Focus : Les objets patrimoniaux de Contrex\u00e9ville - Remiremont Info\" \/>\n<meta name=\"twitter:description\" content=\"Parmi les dossiers \u00e9tudi\u00e9s lors de la commission r\u00e9gionale du patrimoine et de l\u2019architecture, plusieurs objets de Contrex\u00e9ville ont \u00e9t\u00e9 [&hellip;]\" \/>\n<meta name=\"twitter:image\" content=\"https:\/\/vosgesinfo.fr\/app\/uploads\/sites\/5\/2024\/12\/croix-contrex.jpg\" \/>\n<meta name=\"twitter:creator\" content=\"@VosgesInfo88\" \/>\n<meta name=\"twitter:site\" content=\"@VosgesInfo88\" \/>\n<meta name=\"twitter:label1\" content=\"\u00c9crit par\" \/>\n\t<meta name=\"twitter:data1\" content=\"C.M\" \/>\n\t<meta name=\"twitter:label2\" content=\"Dur\u00e9e de lecture estim\u00e9e\" \/>\n\t<meta name=\"twitter:data2\" content=\"3 minutes\" \/>\n<script type=\"application\/ld+json\" class=\"yoast-schema-graph\">{\"@context\":\"https:\/\/schema.org\",\"@graph\":[{\"@type\":\"Article\",\"@id\":\"https:\/\/vosgesinfo.fr\/remiremontinfo\/2024\/12\/focus-les-objets-patrimoniaux-de-contrexeville\/#article\",\"isPartOf\":{\"@id\":\"https:\/\/vosgesinfo.fr\/remiremontinfo\/2024\/12\/focus-les-objets-patrimoniaux-de-contrexeville\/\"},\"author\":{\"name\":\"C.M\",\"@id\":\"https:\/\/vosgesinfo.fr\/remiremontinfo\/#\/schema\/person\/4f38cd3068e342935b7304695c797d08\"},\"headline\":\"Focus : Les objets patrimoniaux de Contrex\u00e9ville\",\"datePublished\":\"2024-12-11T08:34:30+00:00\",\"dateModified\":\"2024-12-11T08:38:56+00:00\",\"mainEntityOfPage\":{\"@id\":\"https:\/\/vosgesinfo.fr\/remiremontinfo\/2024\/12\/focus-les-objets-patrimoniaux-de-contrexeville\/\"},\"wordCount\":366,\"commentCount\":0,\"publisher\":{\"@id\":\"https:\/\/vosgesinfo.fr\/remiremontinfo\/#organization\"},\"image\":{\"@id\":\"https:\/\/vosgesinfo.fr\/remiremontinfo\/2024\/12\/focus-les-objets-patrimoniaux-de-contrexeville\/#primaryimage\"},\"thumbnailUrl\":\"https:\/\/vosgesinfo.fr\/app\/uploads\/sites\/5\/2024\/12\/croix-contrex.jpg\",\"keywords\":[\"Commission r\u00e9gionale du patrimoine et de l'architecture\",\"Contrexeville\",\"Monuments historiques\"],\"articleSection\":[\"A la Une\",\"Epinal\",\"La plaine des vosges\"],\"inLanguage\":\"fr-FR\",\"potentialAction\":[{\"@type\":\"CommentAction\",\"name\":\"Comment\",\"target\":[\"https:\/\/vosgesinfo.fr\/remiremontinfo\/2024\/12\/focus-les-objets-patrimoniaux-de-contrexeville\/#respond\"]}]},{\"@type\":\"WebPage\",\"@id\":\"https:\/\/vosgesinfo.fr\/remiremontinfo\/2024\/12\/focus-les-objets-patrimoniaux-de-contrexeville\/\",\"url\":\"https:\/\/vosgesinfo.fr\/remiremontinfo\/2024\/12\/focus-les-objets-patrimoniaux-de-contrexeville\/\",\"name\":\"Focus : Les objets patrimoniaux de Contrex\u00e9ville - Remiremont Info\",\"isPartOf\":{\"@id\":\"https:\/\/vosgesinfo.fr\/remiremontinfo\/#website\"},\"primaryImageOfPage\":{\"@id\":\"https:\/\/vosgesinfo.fr\/remiremontinfo\/2024\/12\/focus-les-objets-patrimoniaux-de-contrexeville\/#primaryimage\"},\"image\":{\"@id\":\"https:\/\/vosgesinfo.fr\/remiremontinfo\/2024\/12\/focus-les-objets-patrimoniaux-de-contrexeville\/#primaryimage\"},\"thumbnailUrl\":\"https:\/\/vosgesinfo.fr\/app\/uploads\/sites\/5\/2024\/12\/croix-contrex.jpg\",\"datePublished\":\"2024-12-11T08:34:30+00:00\",\"dateModified\":\"2024-12-11T08:38:56+00:00\",\"breadcrumb\":{\"@id\":\"https:\/\/vosgesinfo.fr\/remiremontinfo\/2024\/12\/focus-les-objets-patrimoniaux-de-contrexeville\/#breadcrumb\"},\"inLanguage\":\"fr-FR\",\"potentialAction\":[{\"@type\":\"ReadAction\",\"target\":[\"https:\/\/vosgesinfo.fr\/remiremontinfo\/2024\/12\/focus-les-objets-patrimoniaux-de-contrexeville\/\"]}]},{\"@type\":\"ImageObject\",\"inLanguage\":\"fr-FR\",\"@id\":\"https:\/\/vosgesinfo.fr\/remiremontinfo\/2024\/12\/focus-les-objets-patrimoniaux-de-contrexeville\/#primaryimage\",\"url\":\"https:\/\/vosgesinfo.fr\/app\/uploads\/sites\/5\/2024\/12\/croix-contrex.jpg\",\"contentUrl\":\"https:\/\/vosgesinfo.fr\/app\/uploads\/sites\/5\/2024\/12\/croix-contrex.jpg\",\"width\":572,\"height\":789},{\"@type\":\"BreadcrumbList\",\"@id\":\"https:\/\/vosgesinfo.fr\/remiremontinfo\/2024\/12\/focus-les-objets-patrimoniaux-de-contrexeville\/#breadcrumb\",\"itemListElement\":[{\"@type\":\"ListItem\",\"position\":1,\"name\":\"Home\",\"item\":\"https:\/\/vosgesinfo.fr\/remiremontinfo\/\"},{\"@type\":\"ListItem\",\"position\":2,\"name\":\"Focus : Les objets patrimoniaux de Contrex\u00e9ville\"}]},{\"@type\":\"WebSite\",\"@id\":\"https:\/\/vosgesinfo.fr\/remiremontinfo\/#website\",\"url\":\"https:\/\/vosgesinfo.fr\/remiremontinfo\/\",\"name\":\"Remiremont Info\",\"description\":\"Toute l&#039;actualit\u00e9 de Remiremont\",\"publisher\":{\"@id\":\"https:\/\/vosgesinfo.fr\/remiremontinfo\/#organization\"},\"alternateName\":\"Toute l'actualit\u00e9 de Remiremont\",\"potentialAction\":[{\"@type\":\"SearchAction\",\"target\":{\"@type\":\"EntryPoint\",\"urlTemplate\":\"https:\/\/vosgesinfo.fr\/remiremontinfo\/?s={search_term_string}\"},\"query-input\":\"required name=search_term_string\"}],\"inLanguage\":\"fr-FR\"},{\"@type\":\"Organization\",\"@id\":\"https:\/\/vosgesinfo.fr\/remiremontinfo\/#organization\",\"name\":\"Remiremont Info\",\"url\":\"https:\/\/vosgesinfo.fr\/remiremontinfo\/\",\"logo\":{\"@type\":\"ImageObject\",\"inLanguage\":\"fr-FR\",\"@id\":\"https:\/\/vosgesinfo.fr\/remiremontinfo\/#\/schema\/logo\/image\/\",\"url\":\"https:\/\/vosgesinfo.fr\/app\/uploads\/sites\/5\/2023\/08\/favicon-remiremontinfo.png\",\"contentUrl\":\"https:\/\/vosgesinfo.fr\/app\/uploads\/sites\/5\/2023\/08\/favicon-remiremontinfo.png\",\"width\":512,\"height\":512,\"caption\":\"Remiremont Info\"},\"image\":{\"@id\":\"https:\/\/vosgesinfo.fr\/remiremontinfo\/#\/schema\/logo\/image\/\"},\"sameAs\":[\"https:\/\/www.facebook.com\/remiremontinfo\",\"https:\/\/x.com\/VosgesInfo88\",\"https:\/\/www.youtube.com\/@vosgesinfo\"]},{\"@type\":\"Person\",\"@id\":\"https:\/\/vosgesinfo.fr\/remiremontinfo\/#\/schema\/person\/4f38cd3068e342935b7304695c797d08\",\"name\":\"C.M\",\"image\":{\"@type\":\"ImageObject\",\"inLanguage\":\"fr-FR\",\"@id\":\"https:\/\/vosgesinfo.fr\/remiremontinfo\/#\/schema\/person\/image\/\",\"url\":\"https:\/\/secure.gravatar.com\/avatar\/fe9daaef0164d920717484172682f3c5c9bcf7d42aa8c7048c76c34f0eb6c8da?s=96&d=mm&r=g\",\"contentUrl\":\"https:\/\/secure.gravatar.com\/avatar\/fe9daaef0164d920717484172682f3c5c9bcf7d42aa8c7048c76c34f0eb6c8da?s=96&d=mm&r=g\",\"caption\":\"C.M\"},\"url\":\"https:\/\/vosgesinfo.fr\/remiremontinfo\/author\/cm88200\/\"}]}<\/script>\n<!-- \/ Yoast SEO plugin. -->","yoast_head_json":{"title":"Focus : Les objets patrimoniaux de Contrex\u00e9ville - Remiremont Info","robots":{"index":"index","follow":"follow","max-snippet":"max-snippet:-1","max-image-preview":"max-image-preview:large","max-video-preview":"max-video-preview:-1"},"canonical":"https:\/\/vosgesinfo.fr\/remiremontinfo\/2024\/12\/focus-les-objets-patrimoniaux-de-contrexeville\/","twitter_card":"summary_large_image","twitter_title":"Focus : Les objets patrimoniaux de Contrex\u00e9ville - Remiremont Info","twitter_description":"Parmi les dossiers \u00e9tudi\u00e9s lors de la commission r\u00e9gionale du patrimoine et de l\u2019architecture, plusieurs objets de Contrex\u00e9ville ont \u00e9t\u00e9 [&hellip;]","twitter_image":"https:\/\/vosgesinfo.fr\/app\/uploads\/sites\/5\/2024\/12\/croix-contrex.jpg","twitter_creator":"@VosgesInfo88","twitter_site":"@VosgesInfo88","twitter_misc":{"\u00c9crit par":"C.M","Dur\u00e9e de lecture estim\u00e9e":"3 minutes"},"schema":{"@context":"https:\/\/schema.org","@graph":[{"@type":"Article","@id":"https:\/\/vosgesinfo.fr\/remiremontinfo\/2024\/12\/focus-les-objets-patrimoniaux-de-contrexeville\/#article","isPartOf":{"@id":"https:\/\/vosgesinfo.fr\/remiremontinfo\/2024\/12\/focus-les-objets-patrimoniaux-de-contrexeville\/"},"author":{"name":"C.M","@id":"https:\/\/vosgesinfo.fr\/remiremontinfo\/#\/schema\/person\/4f38cd3068e342935b7304695c797d08"},"headline":"Focus : Les objets patrimoniaux de Contrex\u00e9ville","datePublished":"2024-12-11T08:34:30+00:00","dateModified":"2024-12-11T08:38:56+00:00","mainEntityOfPage":{"@id":"https:\/\/vosgesinfo.fr\/remiremontinfo\/2024\/12\/focus-les-objets-patrimoniaux-de-contrexeville\/"},"wordCount":366,"commentCount":0,"publisher":{"@id":"https:\/\/vosgesinfo.fr\/remiremontinfo\/#organization"},"image":{"@id":"https:\/\/vosgesinfo.fr\/remiremontinfo\/2024\/12\/focus-les-objets-patrimoniaux-de-contrexeville\/#primaryimage"},"thumbnailUrl":"https:\/\/vosgesinfo.fr\/app\/uploads\/sites\/5\/2024\/12\/croix-contrex.jpg","keywords":["Commission r\u00e9gionale du patrimoine et de l'architecture","Contrexeville","Monuments historiques"],"articleSection":["A la Une","Epinal","La plaine des vosges"],"inLanguage":"fr-FR","potentialAction":[{"@type":"CommentAction","name":"Comment","target":["https:\/\/vosgesinfo.fr\/remiremontinfo\/2024\/12\/focus-les-objets-patrimoniaux-de-contrexeville\/#respond"]}]},{"@type":"WebPage","@id":"https:\/\/vosgesinfo.fr\/remiremontinfo\/2024\/12\/focus-les-objets-patrimoniaux-de-contrexeville\/","url":"https:\/\/vosgesinfo.fr\/remiremontinfo\/2024\/12\/focus-les-objets-patrimoniaux-de-contrexeville\/","name":"Focus : Les objets patrimoniaux de Contrex\u00e9ville - Remiremont Info","isPartOf":{"@id":"https:\/\/vosgesinfo.fr\/remiremontinfo\/#website"},"primaryImageOfPage":{"@id":"https:\/\/vosgesinfo.fr\/remiremontinfo\/2024\/12\/focus-les-objets-patrimoniaux-de-contrexeville\/#primaryimage"},"image":{"@id":"https:\/\/vosgesinfo.fr\/remiremontinfo\/2024\/12\/focus-les-objets-patrimoniaux-de-contrexeville\/#primaryimage"},"thumbnailUrl":"https:\/\/vosgesinfo.fr\/app\/uploads\/sites\/5\/2024\/12\/croix-contrex.jpg","datePublished":"2024-12-11T08:34:30+00:00","dateModified":"2024-12-11T08:38:56+00:00","breadcrumb":{"@id":"https:\/\/vosgesinfo.fr\/remiremontinfo\/2024\/12\/focus-les-objets-patrimoniaux-de-contrexeville\/#breadcrumb"},"inLanguage":"fr-FR","potentialAction":[{"@type":"ReadAction","target":["https:\/\/vosgesinfo.fr\/remiremontinfo\/2024\/12\/focus-les-objets-patrimoniaux-de-contrexeville\/"]}]},{"@type":"ImageObject","inLanguage":"fr-FR","@id":"https:\/\/vosgesinfo.fr\/remiremontinfo\/2024\/12\/focus-les-objets-patrimoniaux-de-contrexeville\/#primaryimage","url":"https:\/\/vosgesinfo.fr\/app\/uploads\/sites\/5\/2024\/12\/croix-contrex.jpg","contentUrl":"https:\/\/vosgesinfo.fr\/app\/uploads\/sites\/5\/2024\/12\/croix-contrex.jpg","width":572,"height":789},{"@type":"BreadcrumbList","@id":"https:\/\/vosgesinfo.fr\/remiremontinfo\/2024\/12\/focus-les-objets-patrimoniaux-de-contrexeville\/#breadcrumb","itemListElement":[{"@type":"ListItem","position":1,"name":"Home","item":"https:\/\/vosgesinfo.fr\/remiremontinfo\/"},{"@type":"ListItem","position":2,"name":"Focus : Les objets patrimoniaux de Contrex\u00e9ville"}]},{"@type":"WebSite","@id":"https:\/\/vosgesinfo.fr\/remiremontinfo\/#website","url":"https:\/\/vosgesinfo.fr\/remiremontinfo\/","name":"Remiremont Info","description":"Toute l&#039;actualit\u00e9 de Remiremont","publisher":{"@id":"https:\/\/vosgesinfo.fr\/remiremontinfo\/#organization"},"alternateName":"Toute l'actualit\u00e9 de Remiremont","potentialAction":[{"@type":"SearchAction","target":{"@type":"EntryPoint","urlTemplate":"https:\/\/vosgesinfo.fr\/remiremontinfo\/?s={search_term_string}"},"query-input":"required name=search_term_string"}],"inLanguage":"fr-FR"},{"@type":"Organization","@id":"https:\/\/vosgesinfo.fr\/remiremontinfo\/#organization","name":"Remiremont Info","url":"https:\/\/vosgesinfo.fr\/remiremontinfo\/","logo":{"@type":"ImageObject","inLanguage":"fr-FR","@id":"https:\/\/vosgesinfo.fr\/remiremontinfo\/#\/schema\/logo\/image\/","url":"https:\/\/vosgesinfo.fr\/app\/uploads\/sites\/5\/2023\/08\/favicon-remiremontinfo.png","contentUrl":"https:\/\/vosgesinfo.fr\/app\/uploads\/sites\/5\/2023\/08\/favicon-remiremontinfo.png","width":512,"height":512,"caption":"Remiremont Info"},"image":{"@id":"https:\/\/vosgesinfo.fr\/remiremontinfo\/#\/schema\/logo\/image\/"},"sameAs":["https:\/\/www.facebook.com\/remiremontinfo","https:\/\/x.com\/VosgesInfo88","https:\/\/www.youtube.com\/@vosgesinfo"]},{"@type":"Person","@id":"https:\/\/vosgesinfo.fr\/remiremontinfo\/#\/schema\/person\/4f38cd3068e342935b7304695c797d08","name":"C.M","image":{"@type":"ImageObject","inLanguage":"fr-FR","@id":"https:\/\/vosgesinfo.fr\/remiremontinfo\/#\/schema\/person\/image\/","url":"https:\/\/secure.gravatar.com\/avatar\/fe9daaef0164d920717484172682f3c5c9bcf7d42aa8c7048c76c34f0eb6c8da?s=96&d=mm&r=g","contentUrl":"https:\/\/secure.gravatar.com\/avatar\/fe9daaef0164d920717484172682f3c5c9bcf7d42aa8c7048c76c34f0eb6c8da?s=96&d=mm&r=g","caption":"C.M"},"url":"https:\/\/vosgesinfo.fr\/remiremontinfo\/author\/cm88200\/"}]}},"_links":{"self":[{"href":"https:\/\/vosgesinfo.fr\/remiremontinfo\/wp-json\/wp\/v2\/posts\/76437","targetHints":{"allow":["GET"]}}],"collection":[{"href":"https:\/\/vosgesinfo.fr\/remiremontinfo\/wp-json\/wp\/v2\/posts"}],"about":[{"href":"https:\/\/vosgesinfo.fr\/remiremontinfo\/wp-json\/wp\/v2\/types\/post"}],"author":[{"embeddable":true,"href":"https:\/\/vosgesinfo.fr\/remiremontinfo\/wp-json\/wp\/v2\/users\/418"}],"replies":[{"embeddable":true,"href":"https:\/\/vosgesinfo.fr\/remiremontinfo\/wp-json\/wp\/v2\/comments?post=76437"}],"version-history":[{"count":2,"href":"https:\/\/vosgesinfo.fr\/remiremontinfo\/wp-json\/wp\/v2\/posts\/76437\/revisions"}],"predecessor-version":[{"id":76458,"href":"https:\/\/vosgesinfo.fr\/remiremontinfo\/wp-json\/wp\/v2\/posts\/76437\/revisions\/76458"}],"wp:featuredmedia":[{"embeddable":true,"href":"https:\/\/vosgesinfo.fr\/remiremontinfo\/wp-json\/wp\/v2\/media\/76438"}],"wp:attachment":[{"href":"https:\/\/vosgesinfo.fr\/remiremontinfo\/wp-json\/wp\/v2\/media?parent=76437"}],"wp:term":[{"taxonomy":"category","embeddable":true,"href":"https:\/\/vosgesinfo.fr\/remiremontinfo\/wp-json\/wp\/v2\/categories?post=76437"},{"taxonomy":"post_tag","embeddable":true,"href":"https:\/\/vosgesinfo.fr\/remiremontinfo\/wp-json\/wp\/v2\/tags?post=76437"}],"curies":[{"name":"wp","href":"https:\/\/api.w.org\/{rel}","templated":true}]}}