{"id":76807,"date":"2024-12-21T10:30:53","date_gmt":"2024-12-21T09:30:53","guid":{"rendered":"https:\/\/vosgesinfo.fr\/remiremontinfo\/?p=76807"},"modified":"2024-12-21T10:30:53","modified_gmt":"2024-12-21T09:30:53","slug":"decouverte-surprenante-lors-de-la-restauration-doeuvres-au-musee-charles-friry-de-remiremont","status":"publish","type":"post","link":"https:\/\/vosgesinfo.fr\/remiremontinfo\/2024\/12\/decouverte-surprenante-lors-de-la-restauration-doeuvres-au-musee-charles-friry-de-remiremont\/","title":{"rendered":"D\u00e9couverte surprenante lors de la restauration d&rsquo;\u0153uvres au mus\u00e9e Charles Friry de Remiremont\u00a0"},"content":{"rendered":"<p><a href=\"https:\/\/vosgesinfo.fr\/app\/uploads\/sites\/5\/2024\/12\/oeuvres-restaurees-musee-friry005-scaled.jpg\"><img decoding=\"async\" class=\"aligncenter size-large wp-image-76808\" src=\"https:\/\/vosgesinfo.fr\/app\/uploads\/sites\/5\/2024\/12\/oeuvres-restaurees-musee-friry005-1024x768.jpg\" alt=\"\" width=\"1024\" height=\"768\" srcset=\"https:\/\/vosgesinfo.fr\/app\/uploads\/sites\/5\/2024\/12\/oeuvres-restaurees-musee-friry005-1024x768.jpg 1024w, https:\/\/vosgesinfo.fr\/app\/uploads\/sites\/5\/2024\/12\/oeuvres-restaurees-musee-friry005-300x225.jpg 300w, https:\/\/vosgesinfo.fr\/app\/uploads\/sites\/5\/2024\/12\/oeuvres-restaurees-musee-friry005-768x576.jpg 768w, https:\/\/vosgesinfo.fr\/app\/uploads\/sites\/5\/2024\/12\/oeuvres-restaurees-musee-friry005-1536x1152.jpg 1536w, https:\/\/vosgesinfo.fr\/app\/uploads\/sites\/5\/2024\/12\/oeuvres-restaurees-musee-friry005-2048x1536.jpg 2048w\" sizes=\"(max-width: 1024px) 100vw, 1024px\" \/><\/a><\/p>\n<p><strong>R\u00e9cemment, le mus\u00e9e Charles Friry de Remiremont a entrepris un travail de restauration minutieux sur quatre huiles sur toile datant du 17\u00e8me et 18\u00e8me si\u00e8cle. Ce projet, men\u00e9 par Igor Kozak, restaurateur de la Meuse habilit\u00e9 Mus\u00e9e de France, a permis de redonner vie \u00e0 ces tableaux tout en r\u00e9v\u00e9lant de belles surprises.<\/strong><\/p>\n<p>Les restaurations se sont concentr\u00e9es principalement sur le vernis des toiles, qui avait jauni et opacifi\u00e9 avec le temps, d\u00e9naturant ainsi les couleurs d&rsquo;origine. Gr\u00e2ce \u00e0 l&rsquo;expertise de Kozak, ces \u0153uvres ont retrouv\u00e9 leurs teintes \u00e9clatantes et ont gagn\u00e9 en luminosit\u00e9 et en couleur, offrant aux visiteurs une nouvelle perspective sur ces tr\u00e9sors du pass\u00e9.<\/p>\n<h4>Une probable \u0153uvre de Parmigianino cach\u00e9e derri\u00e8re une copie Lorraine<\/h4>\n<p>Une d\u00e9couverte \u00e9tonnante a eu lieu lors de la restauration d&rsquo;un tableau repr\u00e9sentant la Comtesse Mathilde de Toscane, initialement r\u00e9pertori\u00e9 comme une copie Lorraine du 17\u00e8me si\u00e8cle. En d\u00e9montant le tableau, le restaurateur a trouv\u00e9 un sceau et des \u00e9l\u00e9ments de soie damass\u00e9e \u00e0 l\u2019int\u00e9rieur de la toile, un tissu rare et aristocratique, mais \u00e9galement une \u00e9tiquette mentionnant le nom de l&rsquo;artiste et une description du tableau. Ainsi, il semblerait que l\u2019\u0153uvre soit un original du 16\u00e8me si\u00e8cle, et plus pr\u00e9cis\u00e9ment une r\u00e9alisation de l\u2019artiste italien Parmigianino (1503-1540), fameux pour son portrait de l\u2019empereur Charles Quint. Ce tableau, jusqu\u2019alors sous-estim\u00e9, serait donc bien plus pr\u00e9cieux qu\u2019on ne le pensait, faisant de lui une v\u00e9ritable pi\u00e8ce ma\u00eetresse du mus\u00e9e.<\/p>\n\n\t\t<style type=\"text\/css\">\n\t\t\t#gallery-1 {\n\t\t\t\tmargin: auto;\n\t\t\t}\n\t\t\t#gallery-1 .gallery-item {\n\t\t\t\tfloat: left;\n\t\t\t\tmargin-top: 10px;\n\t\t\t\ttext-align: center;\n\t\t\t\twidth: 50%;\n\t\t\t}\n\t\t\t#gallery-1 img {\n\t\t\t\tborder: 2px solid #cfcfcf;\n\t\t\t}\n\t\t\t#gallery-1 .gallery-caption {\n\t\t\t\tmargin-left: 0;\n\t\t\t}\n\t\t\t\/* see gallery_shortcode() in wp-includes\/media.php *\/\n\t\t<\/style>\n\t\t<div id='gallery-1' class='gallery galleryid-76807 gallery-columns-2 gallery-size-full'><dl class='gallery-item'>\n\t\t\t<dt class='gallery-icon landscape'>\n\t\t\t\t<a href='https:\/\/vosgesinfo.fr\/remiremontinfo\/2024\/12\/decouverte-surprenante-lors-de-la-restauration-doeuvres-au-musee-charles-friry-de-remiremont\/oeuvres-restaurees-musee-friry005\/'><img decoding=\"async\" width=\"2560\" height=\"1920\" src=\"https:\/\/vosgesinfo.fr\/app\/uploads\/sites\/5\/2024\/12\/oeuvres-restaurees-musee-friry005-scaled.jpg\" class=\"attachment-full size-full\" alt=\"\" aria-describedby=\"gallery-1-76808\" srcset=\"https:\/\/vosgesinfo.fr\/app\/uploads\/sites\/5\/2024\/12\/oeuvres-restaurees-musee-friry005-scaled.jpg 2560w, https:\/\/vosgesinfo.fr\/app\/uploads\/sites\/5\/2024\/12\/oeuvres-restaurees-musee-friry005-300x225.jpg 300w, https:\/\/vosgesinfo.fr\/app\/uploads\/sites\/5\/2024\/12\/oeuvres-restaurees-musee-friry005-1024x768.jpg 1024w, https:\/\/vosgesinfo.fr\/app\/uploads\/sites\/5\/2024\/12\/oeuvres-restaurees-musee-friry005-768x576.jpg 768w, https:\/\/vosgesinfo.fr\/app\/uploads\/sites\/5\/2024\/12\/oeuvres-restaurees-musee-friry005-1536x1152.jpg 1536w, https:\/\/vosgesinfo.fr\/app\/uploads\/sites\/5\/2024\/12\/oeuvres-restaurees-musee-friry005-2048x1536.jpg 2048w\" sizes=\"(max-width: 2560px) 100vw, 2560px\" \/><\/a>\n\t\t\t<\/dt>\n\t\t\t\t<dd class='wp-caption-text gallery-caption' id='gallery-1-76808'>\n\t\t\t\tL&rsquo;\u0153uvre aurait \u00e9t\u00e9 r\u00e9alis\u00e9e par Parmigianino\n\t\t\t\t<\/dd><\/dl><dl class='gallery-item'>\n\t\t\t<dt class='gallery-icon landscape'>\n\t\t\t\t<a href='https:\/\/vosgesinfo.fr\/remiremontinfo\/2024\/12\/decouverte-surprenante-lors-de-la-restauration-doeuvres-au-musee-charles-friry-de-remiremont\/oeuvres-restaurees-musee-friry004\/'><img decoding=\"async\" width=\"2560\" height=\"1920\" src=\"https:\/\/vosgesinfo.fr\/app\/uploads\/sites\/5\/2024\/12\/oeuvres-restaurees-musee-friry004-scaled.jpg\" class=\"attachment-full size-full\" alt=\"\" srcset=\"https:\/\/vosgesinfo.fr\/app\/uploads\/sites\/5\/2024\/12\/oeuvres-restaurees-musee-friry004-scaled.jpg 2560w, https:\/\/vosgesinfo.fr\/app\/uploads\/sites\/5\/2024\/12\/oeuvres-restaurees-musee-friry004-300x225.jpg 300w, https:\/\/vosgesinfo.fr\/app\/uploads\/sites\/5\/2024\/12\/oeuvres-restaurees-musee-friry004-1024x768.jpg 1024w, https:\/\/vosgesinfo.fr\/app\/uploads\/sites\/5\/2024\/12\/oeuvres-restaurees-musee-friry004-768x576.jpg 768w, https:\/\/vosgesinfo.fr\/app\/uploads\/sites\/5\/2024\/12\/oeuvres-restaurees-musee-friry004-1536x1152.jpg 1536w, https:\/\/vosgesinfo.fr\/app\/uploads\/sites\/5\/2024\/12\/oeuvres-restaurees-musee-friry004-2048x1536.jpg 2048w\" sizes=\"(max-width: 2560px) 100vw, 2560px\" \/><\/a>\n\t\t\t<\/dt><\/dl><br style=\"clear: both\" \/>\n\t\t<\/div>\n\n<h4>D&rsquo;autres d\u00e9couvertes surprenantes<\/h4>\n<p>Mais les restaurations ont \u00e9galement permis de d\u00e9couvrir des \u00e9l\u00e9ments inattendus et de remettre en question certaines interpr\u00e9tations historiques. Par exemple, l&rsquo;une des toiles, a \u00e9t\u00e9 intitul\u00e9e <em>Amour et Virginit\u00e9<\/em>, par Charles Friry. Cependant, la restauration a r\u00e9v\u00e9l\u00e9 des d\u00e9tails iconographiques sugg\u00e9rant qu\u2019il pourrait s&rsquo;agir en r\u00e9alit\u00e9 d\u2019une repr\u00e9sentation de Sainte Barbe. Il semblerait que Charles Friry, le collectionneur romarimontain qui avait acquis l&rsquo;\u0153uvre, ait mal interpr\u00e9t\u00e9 cette sc\u00e8ne.<\/p>\n<div id=\"attachment_76812\" style=\"width: 310px\" class=\"wp-caption aligncenter\"><a href=\"https:\/\/vosgesinfo.fr\/app\/uploads\/sites\/5\/2024\/12\/oeuvres-restaurees-musee-friry001-scaled.jpg\"><img decoding=\"async\" aria-describedby=\"caption-attachment-76812\" class=\"wp-image-76812 size-medium\" src=\"https:\/\/vosgesinfo.fr\/app\/uploads\/sites\/5\/2024\/12\/oeuvres-restaurees-musee-friry001-300x225.jpg\" alt=\"\" width=\"300\" height=\"225\" srcset=\"https:\/\/vosgesinfo.fr\/app\/uploads\/sites\/5\/2024\/12\/oeuvres-restaurees-musee-friry001-300x225.jpg 300w, https:\/\/vosgesinfo.fr\/app\/uploads\/sites\/5\/2024\/12\/oeuvres-restaurees-musee-friry001-1024x768.jpg 1024w, https:\/\/vosgesinfo.fr\/app\/uploads\/sites\/5\/2024\/12\/oeuvres-restaurees-musee-friry001-768x576.jpg 768w, https:\/\/vosgesinfo.fr\/app\/uploads\/sites\/5\/2024\/12\/oeuvres-restaurees-musee-friry001-1536x1152.jpg 1536w, https:\/\/vosgesinfo.fr\/app\/uploads\/sites\/5\/2024\/12\/oeuvres-restaurees-musee-friry001-2048x1536.jpg 2048w\" sizes=\"(max-width: 300px) 100vw, 300px\" \/><\/a><p id=\"caption-attachment-76812\" class=\"wp-caption-text\">Amour et Virginit\u00e9<\/p><\/div>\n<h4>Deux autres m\u00e9daillons restaur\u00e9s<\/h4>\n<p>En plus de ces d\u00e9couvertes, deux m\u00e9daillons de peinture sur toile ont \u00e9galement \u00e9t\u00e9 restaur\u00e9s dans le cadre de ce projet. Ceux-ci sont expos\u00e9s au mus\u00e9e Charles de Bruy\u00e8res, \u00e0 Remiremont, o\u00f9 ils continuent d&rsquo;enrichir la collection locale.<\/p>\n<h4>Une restauration pleine de r\u00e9v\u00e9lations<\/h4>\n<p>Ces restaurations ont non seulement redonn\u00e9 de l\u2019\u00e9clat aux \u0153uvres, mais elles ont aussi permis de r\u00e9\u00e9valuer certaines pi\u00e8ces historiques et de r\u00e9v\u00e9ler des tr\u00e9sors cach\u00e9s. Le mus\u00e9e Charles Friry offre d\u00e9sormais \u00e0 ses visiteurs une nouvelle chance d\u2019admirer ces \u0153uvres sous un jour nouveau, tout en faisant \u00e9merger des d\u00e9couvertes passionnantes pour les passionn\u00e9s d\u2019histoire et d\u2019art.<\/p>\n\n\t\t<style type=\"text\/css\">\n\t\t\t#gallery-2 {\n\t\t\t\tmargin: auto;\n\t\t\t}\n\t\t\t#gallery-2 .gallery-item {\n\t\t\t\tfloat: left;\n\t\t\t\tmargin-top: 10px;\n\t\t\t\ttext-align: center;\n\t\t\t\twidth: 50%;\n\t\t\t}\n\t\t\t#gallery-2 img {\n\t\t\t\tborder: 2px solid #cfcfcf;\n\t\t\t}\n\t\t\t#gallery-2 .gallery-caption {\n\t\t\t\tmargin-left: 0;\n\t\t\t}\n\t\t\t\/* see gallery_shortcode() in wp-includes\/media.php *\/\n\t\t<\/style>\n\t\t<div id='gallery-2' class='gallery galleryid-76807 gallery-columns-2 gallery-size-full'><dl class='gallery-item'>\n\t\t\t<dt class='gallery-icon landscape'>\n\t\t\t\t<a href='https:\/\/vosgesinfo.fr\/remiremontinfo\/2024\/12\/decouverte-surprenante-lors-de-la-restauration-doeuvres-au-musee-charles-friry-de-remiremont\/oeuvres-restaurees-musee-friry002\/'><img decoding=\"async\" width=\"2560\" height=\"1920\" src=\"https:\/\/vosgesinfo.fr\/app\/uploads\/sites\/5\/2024\/12\/oeuvres-restaurees-musee-friry002-scaled.jpg\" class=\"attachment-full size-full\" alt=\"\" aria-describedby=\"gallery-2-76811\" srcset=\"https:\/\/vosgesinfo.fr\/app\/uploads\/sites\/5\/2024\/12\/oeuvres-restaurees-musee-friry002-scaled.jpg 2560w, https:\/\/vosgesinfo.fr\/app\/uploads\/sites\/5\/2024\/12\/oeuvres-restaurees-musee-friry002-300x225.jpg 300w, https:\/\/vosgesinfo.fr\/app\/uploads\/sites\/5\/2024\/12\/oeuvres-restaurees-musee-friry002-1024x768.jpg 1024w, https:\/\/vosgesinfo.fr\/app\/uploads\/sites\/5\/2024\/12\/oeuvres-restaurees-musee-friry002-768x576.jpg 768w, https:\/\/vosgesinfo.fr\/app\/uploads\/sites\/5\/2024\/12\/oeuvres-restaurees-musee-friry002-1536x1152.jpg 1536w, https:\/\/vosgesinfo.fr\/app\/uploads\/sites\/5\/2024\/12\/oeuvres-restaurees-musee-friry002-2048x1536.jpg 2048w\" sizes=\"(max-width: 2560px) 100vw, 2560px\" \/><\/a>\n\t\t\t<\/dt>\n\t\t\t\t<dd class='wp-caption-text gallery-caption' id='gallery-2-76811'>\n\t\t\t\t\u00ab\u00a0La r\u00e9surrection de Lazare\u00a0\u00bb\n\t\t\t\t<\/dd><\/dl><dl class='gallery-item'>\n\t\t\t<dt class='gallery-icon landscape'>\n\t\t\t\t<a href='https:\/\/vosgesinfo.fr\/remiremontinfo\/2024\/12\/decouverte-surprenante-lors-de-la-restauration-doeuvres-au-musee-charles-friry-de-remiremont\/oeuvres-restaurees-musee-friry003\/'><img decoding=\"async\" width=\"2560\" height=\"1920\" src=\"https:\/\/vosgesinfo.fr\/app\/uploads\/sites\/5\/2024\/12\/oeuvres-restaurees-musee-friry003-scaled.jpg\" class=\"attachment-full size-full\" alt=\"\" aria-describedby=\"gallery-2-76810\" srcset=\"https:\/\/vosgesinfo.fr\/app\/uploads\/sites\/5\/2024\/12\/oeuvres-restaurees-musee-friry003-scaled.jpg 2560w, https:\/\/vosgesinfo.fr\/app\/uploads\/sites\/5\/2024\/12\/oeuvres-restaurees-musee-friry003-300x225.jpg 300w, https:\/\/vosgesinfo.fr\/app\/uploads\/sites\/5\/2024\/12\/oeuvres-restaurees-musee-friry003-1024x768.jpg 1024w, https:\/\/vosgesinfo.fr\/app\/uploads\/sites\/5\/2024\/12\/oeuvres-restaurees-musee-friry003-768x576.jpg 768w, https:\/\/vosgesinfo.fr\/app\/uploads\/sites\/5\/2024\/12\/oeuvres-restaurees-musee-friry003-1536x1152.jpg 1536w, https:\/\/vosgesinfo.fr\/app\/uploads\/sites\/5\/2024\/12\/oeuvres-restaurees-musee-friry003-2048x1536.jpg 2048w\" sizes=\"(max-width: 2560px) 100vw, 2560px\" \/><\/a>\n\t\t\t<\/dt>\n\t\t\t\t<dd class='wp-caption-text gallery-caption' id='gallery-2-76810'>\n\t\t\t\t\u00ab\u00a0La justice\u00a0\u00bb\n\t\t\t\t<\/dd><\/dl><br style=\"clear: both\" \/>\n\t\t<\/div>\n\n","protected":false},"excerpt":{"rendered":"<p>R\u00e9cemment, le mus\u00e9e Charles Friry de Remiremont a entrepris un travail de restauration minutieux sur quatre huiles sur toile datant [&hellip;]<\/p>\n","protected":false},"author":418,"featured_media":76808,"comment_status":"open","ping_status":"open","sticky":false,"template":"","format":"standard","meta":{"footnotes":""},"categories":[26,229,43],"tags":[1789,6791,44,6792],"class_list":["post-76807","post","type-post","status-publish","format-standard","has-post-thumbnail","hentry","category-a-la-une","category-art","category-remiremont-remiremont-son-canton","tag-musee-charles-friry","tag-parmigianino","tag-remiremont","tag-restauration-oeuvres"],"acf":[],"yoast_head":"<!-- This site is optimized with the Yoast SEO plugin v22.5 - https:\/\/yoast.com\/wordpress\/plugins\/seo\/ -->\n<title>D\u00e9couverte surprenante lors de la restauration d&#039;\u0153uvres au mus\u00e9e Charles Friry de Remiremont\u00a0 - Remiremont Info<\/title>\n<meta name=\"robots\" content=\"index, follow, max-snippet:-1, max-image-preview:large, max-video-preview:-1\" \/>\n<link rel=\"canonical\" href=\"https:\/\/vosgesinfo.fr\/remiremontinfo\/?p=76807\" \/>\n<meta name=\"twitter:card\" content=\"summary_large_image\" \/>\n<meta name=\"twitter:title\" content=\"D\u00e9couverte surprenante lors de la restauration d&#039;\u0153uvres au mus\u00e9e Charles Friry de Remiremont\u00a0 - Remiremont Info\" \/>\n<meta name=\"twitter:description\" content=\"R\u00e9cemment, le mus\u00e9e Charles Friry de Remiremont a entrepris un travail de restauration minutieux sur quatre huiles sur toile datant [&hellip;]\" \/>\n<meta name=\"twitter:image\" content=\"https:\/\/vosgesinfo.fr\/app\/uploads\/sites\/5\/2024\/12\/oeuvres-restaurees-musee-friry005-scaled.jpg\" \/>\n<meta name=\"twitter:creator\" content=\"@VosgesInfo88\" \/>\n<meta name=\"twitter:site\" content=\"@VosgesInfo88\" \/>\n<meta name=\"twitter:label1\" content=\"\u00c9crit par\" \/>\n\t<meta name=\"twitter:data1\" content=\"C.M\" \/>\n\t<meta name=\"twitter:label2\" content=\"Dur\u00e9e de lecture estim\u00e9e\" \/>\n\t<meta name=\"twitter:data2\" content=\"3 minutes\" \/>\n<script type=\"application\/ld+json\" class=\"yoast-schema-graph\">{\"@context\":\"https:\/\/schema.org\",\"@graph\":[{\"@type\":\"Article\",\"@id\":\"https:\/\/vosgesinfo.fr\/remiremontinfo\/?p=76807#article\",\"isPartOf\":{\"@id\":\"https:\/\/vosgesinfo.fr\/remiremontinfo\/?p=76807\"},\"author\":{\"name\":\"C.M\",\"@id\":\"https:\/\/vosgesinfo.fr\/remiremontinfo\/#\/schema\/person\/4f38cd3068e342935b7304695c797d08\"},\"headline\":\"D\u00e9couverte surprenante lors de la restauration d&rsquo;\u0153uvres au mus\u00e9e Charles Friry de Remiremont\u00a0\",\"datePublished\":\"2024-12-21T09:30:53+00:00\",\"dateModified\":\"2024-12-21T09:30:53+00:00\",\"mainEntityOfPage\":{\"@id\":\"https:\/\/vosgesinfo.fr\/remiremontinfo\/?p=76807\"},\"wordCount\":527,\"commentCount\":0,\"publisher\":{\"@id\":\"https:\/\/vosgesinfo.fr\/remiremontinfo\/#organization\"},\"image\":{\"@id\":\"https:\/\/vosgesinfo.fr\/remiremontinfo\/?p=76807#primaryimage\"},\"thumbnailUrl\":\"https:\/\/vosgesinfo.fr\/app\/uploads\/sites\/5\/2024\/12\/oeuvres-restaurees-musee-friry005-scaled.jpg\",\"keywords\":[\"Mus\u00e9e Charles Friry\",\"Parmigianino\",\"remiremont\",\"Restauration oeuvres\"],\"articleSection\":[\"A la Une\",\"Art\",\"Remiremont\"],\"inLanguage\":\"fr-FR\",\"potentialAction\":[{\"@type\":\"CommentAction\",\"name\":\"Comment\",\"target\":[\"https:\/\/vosgesinfo.fr\/remiremontinfo\/?p=76807#respond\"]}]},{\"@type\":\"WebPage\",\"@id\":\"https:\/\/vosgesinfo.fr\/remiremontinfo\/?p=76807\",\"url\":\"https:\/\/vosgesinfo.fr\/remiremontinfo\/?p=76807\",\"name\":\"D\u00e9couverte surprenante lors de la restauration d'\u0153uvres au mus\u00e9e Charles Friry de Remiremont\u00a0 - Remiremont Info\",\"isPartOf\":{\"@id\":\"https:\/\/vosgesinfo.fr\/remiremontinfo\/#website\"},\"primaryImageOfPage\":{\"@id\":\"https:\/\/vosgesinfo.fr\/remiremontinfo\/?p=76807#primaryimage\"},\"image\":{\"@id\":\"https:\/\/vosgesinfo.fr\/remiremontinfo\/?p=76807#primaryimage\"},\"thumbnailUrl\":\"https:\/\/vosgesinfo.fr\/app\/uploads\/sites\/5\/2024\/12\/oeuvres-restaurees-musee-friry005-scaled.jpg\",\"datePublished\":\"2024-12-21T09:30:53+00:00\",\"dateModified\":\"2024-12-21T09:30:53+00:00\",\"breadcrumb\":{\"@id\":\"https:\/\/vosgesinfo.fr\/remiremontinfo\/?p=76807#breadcrumb\"},\"inLanguage\":\"fr-FR\",\"potentialAction\":[{\"@type\":\"ReadAction\",\"target\":[\"https:\/\/vosgesinfo.fr\/remiremontinfo\/?p=76807\"]}]},{\"@type\":\"ImageObject\",\"inLanguage\":\"fr-FR\",\"@id\":\"https:\/\/vosgesinfo.fr\/remiremontinfo\/?p=76807#primaryimage\",\"url\":\"https:\/\/vosgesinfo.fr\/app\/uploads\/sites\/5\/2024\/12\/oeuvres-restaurees-musee-friry005-scaled.jpg\",\"contentUrl\":\"https:\/\/vosgesinfo.fr\/app\/uploads\/sites\/5\/2024\/12\/oeuvres-restaurees-musee-friry005-scaled.jpg\",\"width\":2560,\"height\":1920,\"caption\":\"L'\u0153uvre aurait \u00e9t\u00e9 r\u00e9alis\u00e9e par Parmigianino\"},{\"@type\":\"BreadcrumbList\",\"@id\":\"https:\/\/vosgesinfo.fr\/remiremontinfo\/?p=76807#breadcrumb\",\"itemListElement\":[{\"@type\":\"ListItem\",\"position\":1,\"name\":\"Home\",\"item\":\"https:\/\/vosgesinfo.fr\/remiremontinfo\/\"},{\"@type\":\"ListItem\",\"position\":2,\"name\":\"D\u00e9couverte surprenante lors de la restauration d&#8217;\u0153uvres au mus\u00e9e Charles Friry de Remiremont\u00a0\"}]},{\"@type\":\"WebSite\",\"@id\":\"https:\/\/vosgesinfo.fr\/remiremontinfo\/#website\",\"url\":\"https:\/\/vosgesinfo.fr\/remiremontinfo\/\",\"name\":\"Remiremont Info\",\"description\":\"Toute l&#039;actualit\u00e9 de Remiremont\",\"publisher\":{\"@id\":\"https:\/\/vosgesinfo.fr\/remiremontinfo\/#organization\"},\"alternateName\":\"Toute l'actualit\u00e9 de Remiremont\",\"potentialAction\":[{\"@type\":\"SearchAction\",\"target\":{\"@type\":\"EntryPoint\",\"urlTemplate\":\"https:\/\/vosgesinfo.fr\/remiremontinfo\/?s={search_term_string}\"},\"query-input\":\"required name=search_term_string\"}],\"inLanguage\":\"fr-FR\"},{\"@type\":\"Organization\",\"@id\":\"https:\/\/vosgesinfo.fr\/remiremontinfo\/#organization\",\"name\":\"Remiremont Info\",\"url\":\"https:\/\/vosgesinfo.fr\/remiremontinfo\/\",\"logo\":{\"@type\":\"ImageObject\",\"inLanguage\":\"fr-FR\",\"@id\":\"https:\/\/vosgesinfo.fr\/remiremontinfo\/#\/schema\/logo\/image\/\",\"url\":\"https:\/\/vosgesinfo.fr\/app\/uploads\/sites\/5\/2023\/08\/favicon-remiremontinfo.png\",\"contentUrl\":\"https:\/\/vosgesinfo.fr\/app\/uploads\/sites\/5\/2023\/08\/favicon-remiremontinfo.png\",\"width\":512,\"height\":512,\"caption\":\"Remiremont Info\"},\"image\":{\"@id\":\"https:\/\/vosgesinfo.fr\/remiremontinfo\/#\/schema\/logo\/image\/\"},\"sameAs\":[\"https:\/\/www.facebook.com\/remiremontinfo\",\"https:\/\/x.com\/VosgesInfo88\",\"https:\/\/www.youtube.com\/@vosgesinfo\"]},{\"@type\":\"Person\",\"@id\":\"https:\/\/vosgesinfo.fr\/remiremontinfo\/#\/schema\/person\/4f38cd3068e342935b7304695c797d08\",\"name\":\"C.M\",\"image\":{\"@type\":\"ImageObject\",\"inLanguage\":\"fr-FR\",\"@id\":\"https:\/\/vosgesinfo.fr\/remiremontinfo\/#\/schema\/person\/image\/\",\"url\":\"https:\/\/secure.gravatar.com\/avatar\/fe9daaef0164d920717484172682f3c5c9bcf7d42aa8c7048c76c34f0eb6c8da?s=96&d=mm&r=g\",\"contentUrl\":\"https:\/\/secure.gravatar.com\/avatar\/fe9daaef0164d920717484172682f3c5c9bcf7d42aa8c7048c76c34f0eb6c8da?s=96&d=mm&r=g\",\"caption\":\"C.M\"},\"url\":\"https:\/\/vosgesinfo.fr\/remiremontinfo\/author\/cm88200\/\"}]}<\/script>\n<!-- \/ Yoast SEO plugin. -->","yoast_head_json":{"title":"D\u00e9couverte surprenante lors de la restauration d'\u0153uvres au mus\u00e9e Charles Friry de Remiremont\u00a0 - Remiremont Info","robots":{"index":"index","follow":"follow","max-snippet":"max-snippet:-1","max-image-preview":"max-image-preview:large","max-video-preview":"max-video-preview:-1"},"canonical":"https:\/\/vosgesinfo.fr\/remiremontinfo\/?p=76807","twitter_card":"summary_large_image","twitter_title":"D\u00e9couverte surprenante lors de la restauration d'\u0153uvres au mus\u00e9e Charles Friry de Remiremont\u00a0 - Remiremont Info","twitter_description":"R\u00e9cemment, le mus\u00e9e Charles Friry de Remiremont a entrepris un travail de restauration minutieux sur quatre huiles sur toile datant [&hellip;]","twitter_image":"https:\/\/vosgesinfo.fr\/app\/uploads\/sites\/5\/2024\/12\/oeuvres-restaurees-musee-friry005-scaled.jpg","twitter_creator":"@VosgesInfo88","twitter_site":"@VosgesInfo88","twitter_misc":{"\u00c9crit par":"C.M","Dur\u00e9e de lecture estim\u00e9e":"3 minutes"},"schema":{"@context":"https:\/\/schema.org","@graph":[{"@type":"Article","@id":"https:\/\/vosgesinfo.fr\/remiremontinfo\/?p=76807#article","isPartOf":{"@id":"https:\/\/vosgesinfo.fr\/remiremontinfo\/?p=76807"},"author":{"name":"C.M","@id":"https:\/\/vosgesinfo.fr\/remiremontinfo\/#\/schema\/person\/4f38cd3068e342935b7304695c797d08"},"headline":"D\u00e9couverte surprenante lors de la restauration d&rsquo;\u0153uvres au mus\u00e9e Charles Friry de Remiremont\u00a0","datePublished":"2024-12-21T09:30:53+00:00","dateModified":"2024-12-21T09:30:53+00:00","mainEntityOfPage":{"@id":"https:\/\/vosgesinfo.fr\/remiremontinfo\/?p=76807"},"wordCount":527,"commentCount":0,"publisher":{"@id":"https:\/\/vosgesinfo.fr\/remiremontinfo\/#organization"},"image":{"@id":"https:\/\/vosgesinfo.fr\/remiremontinfo\/?p=76807#primaryimage"},"thumbnailUrl":"https:\/\/vosgesinfo.fr\/app\/uploads\/sites\/5\/2024\/12\/oeuvres-restaurees-musee-friry005-scaled.jpg","keywords":["Mus\u00e9e Charles Friry","Parmigianino","remiremont","Restauration oeuvres"],"articleSection":["A la Une","Art","Remiremont"],"inLanguage":"fr-FR","potentialAction":[{"@type":"CommentAction","name":"Comment","target":["https:\/\/vosgesinfo.fr\/remiremontinfo\/?p=76807#respond"]}]},{"@type":"WebPage","@id":"https:\/\/vosgesinfo.fr\/remiremontinfo\/?p=76807","url":"https:\/\/vosgesinfo.fr\/remiremontinfo\/?p=76807","name":"D\u00e9couverte surprenante lors de la restauration d'\u0153uvres au mus\u00e9e Charles Friry de Remiremont\u00a0 - Remiremont Info","isPartOf":{"@id":"https:\/\/vosgesinfo.fr\/remiremontinfo\/#website"},"primaryImageOfPage":{"@id":"https:\/\/vosgesinfo.fr\/remiremontinfo\/?p=76807#primaryimage"},"image":{"@id":"https:\/\/vosgesinfo.fr\/remiremontinfo\/?p=76807#primaryimage"},"thumbnailUrl":"https:\/\/vosgesinfo.fr\/app\/uploads\/sites\/5\/2024\/12\/oeuvres-restaurees-musee-friry005-scaled.jpg","datePublished":"2024-12-21T09:30:53+00:00","dateModified":"2024-12-21T09:30:53+00:00","breadcrumb":{"@id":"https:\/\/vosgesinfo.fr\/remiremontinfo\/?p=76807#breadcrumb"},"inLanguage":"fr-FR","potentialAction":[{"@type":"ReadAction","target":["https:\/\/vosgesinfo.fr\/remiremontinfo\/?p=76807"]}]},{"@type":"ImageObject","inLanguage":"fr-FR","@id":"https:\/\/vosgesinfo.fr\/remiremontinfo\/?p=76807#primaryimage","url":"https:\/\/vosgesinfo.fr\/app\/uploads\/sites\/5\/2024\/12\/oeuvres-restaurees-musee-friry005-scaled.jpg","contentUrl":"https:\/\/vosgesinfo.fr\/app\/uploads\/sites\/5\/2024\/12\/oeuvres-restaurees-musee-friry005-scaled.jpg","width":2560,"height":1920,"caption":"L'\u0153uvre aurait \u00e9t\u00e9 r\u00e9alis\u00e9e par Parmigianino"},{"@type":"BreadcrumbList","@id":"https:\/\/vosgesinfo.fr\/remiremontinfo\/?p=76807#breadcrumb","itemListElement":[{"@type":"ListItem","position":1,"name":"Home","item":"https:\/\/vosgesinfo.fr\/remiremontinfo\/"},{"@type":"ListItem","position":2,"name":"D\u00e9couverte surprenante lors de la restauration d&#8217;\u0153uvres au mus\u00e9e Charles Friry de Remiremont\u00a0"}]},{"@type":"WebSite","@id":"https:\/\/vosgesinfo.fr\/remiremontinfo\/#website","url":"https:\/\/vosgesinfo.fr\/remiremontinfo\/","name":"Remiremont Info","description":"Toute l&#039;actualit\u00e9 de Remiremont","publisher":{"@id":"https:\/\/vosgesinfo.fr\/remiremontinfo\/#organization"},"alternateName":"Toute l'actualit\u00e9 de Remiremont","potentialAction":[{"@type":"SearchAction","target":{"@type":"EntryPoint","urlTemplate":"https:\/\/vosgesinfo.fr\/remiremontinfo\/?s={search_term_string}"},"query-input":"required name=search_term_string"}],"inLanguage":"fr-FR"},{"@type":"Organization","@id":"https:\/\/vosgesinfo.fr\/remiremontinfo\/#organization","name":"Remiremont Info","url":"https:\/\/vosgesinfo.fr\/remiremontinfo\/","logo":{"@type":"ImageObject","inLanguage":"fr-FR","@id":"https:\/\/vosgesinfo.fr\/remiremontinfo\/#\/schema\/logo\/image\/","url":"https:\/\/vosgesinfo.fr\/app\/uploads\/sites\/5\/2023\/08\/favicon-remiremontinfo.png","contentUrl":"https:\/\/vosgesinfo.fr\/app\/uploads\/sites\/5\/2023\/08\/favicon-remiremontinfo.png","width":512,"height":512,"caption":"Remiremont Info"},"image":{"@id":"https:\/\/vosgesinfo.fr\/remiremontinfo\/#\/schema\/logo\/image\/"},"sameAs":["https:\/\/www.facebook.com\/remiremontinfo","https:\/\/x.com\/VosgesInfo88","https:\/\/www.youtube.com\/@vosgesinfo"]},{"@type":"Person","@id":"https:\/\/vosgesinfo.fr\/remiremontinfo\/#\/schema\/person\/4f38cd3068e342935b7304695c797d08","name":"C.M","image":{"@type":"ImageObject","inLanguage":"fr-FR","@id":"https:\/\/vosgesinfo.fr\/remiremontinfo\/#\/schema\/person\/image\/","url":"https:\/\/secure.gravatar.com\/avatar\/fe9daaef0164d920717484172682f3c5c9bcf7d42aa8c7048c76c34f0eb6c8da?s=96&d=mm&r=g","contentUrl":"https:\/\/secure.gravatar.com\/avatar\/fe9daaef0164d920717484172682f3c5c9bcf7d42aa8c7048c76c34f0eb6c8da?s=96&d=mm&r=g","caption":"C.M"},"url":"https:\/\/vosgesinfo.fr\/remiremontinfo\/author\/cm88200\/"}]}},"_links":{"self":[{"href":"https:\/\/vosgesinfo.fr\/remiremontinfo\/wp-json\/wp\/v2\/posts\/76807","targetHints":{"allow":["GET"]}}],"collection":[{"href":"https:\/\/vosgesinfo.fr\/remiremontinfo\/wp-json\/wp\/v2\/posts"}],"about":[{"href":"https:\/\/vosgesinfo.fr\/remiremontinfo\/wp-json\/wp\/v2\/types\/post"}],"author":[{"embeddable":true,"href":"https:\/\/vosgesinfo.fr\/remiremontinfo\/wp-json\/wp\/v2\/users\/418"}],"replies":[{"embeddable":true,"href":"https:\/\/vosgesinfo.fr\/remiremontinfo\/wp-json\/wp\/v2\/comments?post=76807"}],"version-history":[{"count":1,"href":"https:\/\/vosgesinfo.fr\/remiremontinfo\/wp-json\/wp\/v2\/posts\/76807\/revisions"}],"predecessor-version":[{"id":76813,"href":"https:\/\/vosgesinfo.fr\/remiremontinfo\/wp-json\/wp\/v2\/posts\/76807\/revisions\/76813"}],"wp:featuredmedia":[{"embeddable":true,"href":"https:\/\/vosgesinfo.fr\/remiremontinfo\/wp-json\/wp\/v2\/media\/76808"}],"wp:attachment":[{"href":"https:\/\/vosgesinfo.fr\/remiremontinfo\/wp-json\/wp\/v2\/media?parent=76807"}],"wp:term":[{"taxonomy":"category","embeddable":true,"href":"https:\/\/vosgesinfo.fr\/remiremontinfo\/wp-json\/wp\/v2\/categories?post=76807"},{"taxonomy":"post_tag","embeddable":true,"href":"https:\/\/vosgesinfo.fr\/remiremontinfo\/wp-json\/wp\/v2\/tags?post=76807"}],"curies":[{"name":"wp","href":"https:\/\/api.w.org\/{rel}","templated":true}]}}