{"id":76826,"date":"2024-12-21T14:54:22","date_gmt":"2024-12-21T13:54:22","guid":{"rendered":"https:\/\/vosgesinfo.fr\/remiremontinfo\/?p=76826"},"modified":"2024-12-21T14:54:22","modified_gmt":"2024-12-21T13:54:22","slug":"la-piscine-du-val-dajol-va-beneficier-de-travaux-de-restauration","status":"publish","type":"post","link":"https:\/\/vosgesinfo.fr\/remiremontinfo\/2024\/12\/la-piscine-du-val-dajol-va-beneficier-de-travaux-de-restauration\/","title":{"rendered":"La piscine du Val d&rsquo;Ajol va b\u00e9n\u00e9ficier de travaux de restauration"},"content":{"rendered":"<div id=\"attachment_76827\" style=\"width: 1034px\" class=\"wp-caption aligncenter\"><a href=\"https:\/\/vosgesinfo.fr\/app\/uploads\/sites\/5\/2024\/12\/piscine-valdajol-7-1536x1024-1.jpg\"><img decoding=\"async\" aria-describedby=\"caption-attachment-76827\" class=\"size-large wp-image-76827\" src=\"https:\/\/vosgesinfo.fr\/app\/uploads\/sites\/5\/2024\/12\/piscine-valdajol-7-1536x1024-1-1024x683.jpg\" alt=\"\" width=\"1024\" height=\"683\" srcset=\"https:\/\/vosgesinfo.fr\/app\/uploads\/sites\/5\/2024\/12\/piscine-valdajol-7-1536x1024-1-1024x683.jpg 1024w, https:\/\/vosgesinfo.fr\/app\/uploads\/sites\/5\/2024\/12\/piscine-valdajol-7-1536x1024-1-300x200.jpg 300w, https:\/\/vosgesinfo.fr\/app\/uploads\/sites\/5\/2024\/12\/piscine-valdajol-7-1536x1024-1-768x512.jpg 768w, https:\/\/vosgesinfo.fr\/app\/uploads\/sites\/5\/2024\/12\/piscine-valdajol-7-1536x1024-1.jpg 1536w\" sizes=\"(max-width: 1024px) 100vw, 1024px\" \/><\/a><p id=\"caption-attachment-76827\" class=\"wp-caption-text\">Photographie : CCPVM.<\/p><\/div>\n<p><strong>La piscine du Val d&rsquo;Ajol, un \u00e9quipement appr\u00e9ci\u00e9 des habitants et des visiteurs, va bient\u00f4t subir une importante op\u00e9ration de r\u00e9novation. Ce projet ambitieux, port\u00e9 par la CCPVM (Communaut\u00e9 de Communes de la Porte des Vosges M\u00e9ridionales), en collaboration avec la municipalit\u00e9 du Val d&rsquo;Ajol et gr\u00e2ce \u00e0 des subventions de l&rsquo;\u00c9tat, vise \u00e0 r\u00e9nover un b\u00e2timent vieillissant et \u00e0 le rendre plus performant et attractif.<\/strong><\/p>\n<p><strong>Des travaux pour am\u00e9liorer l&rsquo;int\u00e9gration au paysage et l&rsquo;efficacit\u00e9 \u00e9nerg\u00e9tique<\/strong><br \/>\nLa piscine, qui se trouve dans un \u00e9tat de d\u00e9gradation avanc\u00e9, b\u00e9n\u00e9ficiera d&rsquo;une r\u00e9novation compl\u00e8te de ses installations. Le projet inclut la r\u00e9fection du b\u00e2timent pour qu&rsquo;il s\u2019int\u00e8gre mieux dans son environnement naturel et qu\u2019il devienne plus harmonieux avec le paysage environnant. Par ailleurs, un accent particulier sera mis sur l\u2019am\u00e9lioration de la performance \u00e9nerg\u00e9tique, avec la mise en place de solutions visant \u00e0 r\u00e9duire la consommation d\u2019\u00e9nergie et \u00e0 favoriser des pratiques \u00e9cologiques.<\/p>\n<p><strong>Des \u00e9quipements repens\u00e9s pour attirer plus de visiteurs<\/strong><br \/>\nLes travaux pr\u00e9voient \u00e9galement de rendre la piscine encore plus attrayante. Le toboggan aquatique sera conserv\u00e9 et am\u00e9lior\u00e9 et l&rsquo;espace bien-\u00eatre sera totalement repens\u00e9, offrant ainsi un lieu de d\u00e9tente et de relaxation, id\u00e9al pour les moments de repos apr\u00e8s une baignade.<\/p>\n<p><strong>Une dur\u00e9e de travaux de 18 mois<\/strong><br \/>\nL\u2019ensemble des travaux devrait durer environ 18 mois, une p\u00e9riode durant laquelle la piscine restera ferm\u00e9e. Cependant, une fois termin\u00e9e, cette nouvelle version de la piscine du Val d&rsquo;Ajol promet de r\u00e9pondre aux attentes des usagers et de devenir un v\u00e9ritable atout pour la r\u00e9gion, tant sur le plan de la qualit\u00e9 des installations que sur celui de l&rsquo;attractivit\u00e9 touristique.<\/p>\n<p>Ce projet de r\u00e9novation \u00e0 hauteur de 6 272 000 \u20ac b\u00e9n\u00e9ficie du soutien de plusieurs acteurs locaux et de l\u2019\u00c9tat, qui apportent des subventions pour financer cette transformation. La CCPVM et la municipalit\u00e9 du Val d&rsquo;Ajol se r\u00e9jouissent de voir cet \u00e9quipement public, essentiel \u00e0 la vie locale, rena\u00eetre pour offrir un service encore plus moderne et performant \u00e0 ses usagers.<\/p>\n<p>La piscine fermera pour travaux \u00e0 compter du <u>dimanche 22 d\u00e9cembre \u00e0 midi<\/u>.<\/p>\n","protected":false},"excerpt":{"rendered":"<p>La piscine du Val d&rsquo;Ajol, un \u00e9quipement appr\u00e9ci\u00e9 des habitants et des visiteurs, va bient\u00f4t subir une importante op\u00e9ration de [&hellip;]<\/p>\n","protected":false},"author":418,"featured_media":76827,"comment_status":"open","ping_status":"open","sticky":false,"template":"","format":"standard","meta":{"footnotes":""},"categories":[26,121],"tags":[6793,136],"class_list":["post-76826","post","type-post","status-publish","format-standard","has-post-thumbnail","hentry","category-a-la-une","category-le-val-dajol-le-val-dajol-son-canton","tag-piscine-le-val-dajol","tag-travaux"],"acf":[],"yoast_head":"<!-- This site is optimized with the Yoast SEO plugin v22.5 - https:\/\/yoast.com\/wordpress\/plugins\/seo\/ -->\n<title>La piscine du Val d&#039;Ajol va b\u00e9n\u00e9ficier de travaux de restauration - Remiremont Info<\/title>\n<meta name=\"robots\" content=\"index, follow, max-snippet:-1, max-image-preview:large, max-video-preview:-1\" \/>\n<link rel=\"canonical\" href=\"https:\/\/vosgesinfo.fr\/remiremontinfo\/?p=76826\" \/>\n<meta name=\"twitter:card\" content=\"summary_large_image\" \/>\n<meta name=\"twitter:title\" content=\"La piscine du Val d&#039;Ajol va b\u00e9n\u00e9ficier de travaux de restauration - Remiremont Info\" \/>\n<meta name=\"twitter:description\" content=\"La piscine du Val d&rsquo;Ajol, un \u00e9quipement appr\u00e9ci\u00e9 des habitants et des visiteurs, va bient\u00f4t subir une importante op\u00e9ration de [&hellip;]\" \/>\n<meta name=\"twitter:image\" content=\"https:\/\/vosgesinfo.fr\/app\/uploads\/sites\/5\/2024\/12\/piscine-valdajol-7-1536x1024-1.jpg\" \/>\n<meta name=\"twitter:creator\" content=\"@VosgesInfo88\" \/>\n<meta name=\"twitter:site\" content=\"@VosgesInfo88\" \/>\n<meta name=\"twitter:label1\" content=\"\u00c9crit par\" \/>\n\t<meta name=\"twitter:data1\" content=\"C.M\" \/>\n\t<meta name=\"twitter:label2\" content=\"Dur\u00e9e de lecture estim\u00e9e\" \/>\n\t<meta name=\"twitter:data2\" content=\"3 minutes\" \/>\n<script type=\"application\/ld+json\" class=\"yoast-schema-graph\">{\"@context\":\"https:\/\/schema.org\",\"@graph\":[{\"@type\":\"Article\",\"@id\":\"https:\/\/vosgesinfo.fr\/remiremontinfo\/?p=76826#article\",\"isPartOf\":{\"@id\":\"https:\/\/vosgesinfo.fr\/remiremontinfo\/?p=76826\"},\"author\":{\"name\":\"C.M\",\"@id\":\"https:\/\/vosgesinfo.fr\/remiremontinfo\/#\/schema\/person\/4f38cd3068e342935b7304695c797d08\"},\"headline\":\"La piscine du Val d&rsquo;Ajol va b\u00e9n\u00e9ficier de travaux de restauration\",\"datePublished\":\"2024-12-21T13:54:22+00:00\",\"dateModified\":\"2024-12-21T13:54:22+00:00\",\"mainEntityOfPage\":{\"@id\":\"https:\/\/vosgesinfo.fr\/remiremontinfo\/?p=76826\"},\"wordCount\":407,\"commentCount\":0,\"publisher\":{\"@id\":\"https:\/\/vosgesinfo.fr\/remiremontinfo\/#organization\"},\"image\":{\"@id\":\"https:\/\/vosgesinfo.fr\/remiremontinfo\/?p=76826#primaryimage\"},\"thumbnailUrl\":\"https:\/\/vosgesinfo.fr\/app\/uploads\/sites\/5\/2024\/12\/piscine-valdajol-7-1536x1024-1.jpg\",\"keywords\":[\"Piscine Le Val d'Ajol\",\"travaux\"],\"articleSection\":[\"A la Une\",\"Le Val d'Ajol\"],\"inLanguage\":\"fr-FR\",\"potentialAction\":[{\"@type\":\"CommentAction\",\"name\":\"Comment\",\"target\":[\"https:\/\/vosgesinfo.fr\/remiremontinfo\/?p=76826#respond\"]}]},{\"@type\":\"WebPage\",\"@id\":\"https:\/\/vosgesinfo.fr\/remiremontinfo\/?p=76826\",\"url\":\"https:\/\/vosgesinfo.fr\/remiremontinfo\/?p=76826\",\"name\":\"La piscine du Val d'Ajol va b\u00e9n\u00e9ficier de travaux de restauration - Remiremont Info\",\"isPartOf\":{\"@id\":\"https:\/\/vosgesinfo.fr\/remiremontinfo\/#website\"},\"primaryImageOfPage\":{\"@id\":\"https:\/\/vosgesinfo.fr\/remiremontinfo\/?p=76826#primaryimage\"},\"image\":{\"@id\":\"https:\/\/vosgesinfo.fr\/remiremontinfo\/?p=76826#primaryimage\"},\"thumbnailUrl\":\"https:\/\/vosgesinfo.fr\/app\/uploads\/sites\/5\/2024\/12\/piscine-valdajol-7-1536x1024-1.jpg\",\"datePublished\":\"2024-12-21T13:54:22+00:00\",\"dateModified\":\"2024-12-21T13:54:22+00:00\",\"breadcrumb\":{\"@id\":\"https:\/\/vosgesinfo.fr\/remiremontinfo\/?p=76826#breadcrumb\"},\"inLanguage\":\"fr-FR\",\"potentialAction\":[{\"@type\":\"ReadAction\",\"target\":[\"https:\/\/vosgesinfo.fr\/remiremontinfo\/?p=76826\"]}]},{\"@type\":\"ImageObject\",\"inLanguage\":\"fr-FR\",\"@id\":\"https:\/\/vosgesinfo.fr\/remiremontinfo\/?p=76826#primaryimage\",\"url\":\"https:\/\/vosgesinfo.fr\/app\/uploads\/sites\/5\/2024\/12\/piscine-valdajol-7-1536x1024-1.jpg\",\"contentUrl\":\"https:\/\/vosgesinfo.fr\/app\/uploads\/sites\/5\/2024\/12\/piscine-valdajol-7-1536x1024-1.jpg\",\"width\":1536,\"height\":1024,\"caption\":\"Photographie : CCPVM.\"},{\"@type\":\"BreadcrumbList\",\"@id\":\"https:\/\/vosgesinfo.fr\/remiremontinfo\/?p=76826#breadcrumb\",\"itemListElement\":[{\"@type\":\"ListItem\",\"position\":1,\"name\":\"Home\",\"item\":\"https:\/\/vosgesinfo.fr\/remiremontinfo\/\"},{\"@type\":\"ListItem\",\"position\":2,\"name\":\"La piscine du Val d&#8217;Ajol va b\u00e9n\u00e9ficier de travaux de restauration\"}]},{\"@type\":\"WebSite\",\"@id\":\"https:\/\/vosgesinfo.fr\/remiremontinfo\/#website\",\"url\":\"https:\/\/vosgesinfo.fr\/remiremontinfo\/\",\"name\":\"Remiremont Info\",\"description\":\"Toute l&#039;actualit\u00e9 de Remiremont\",\"publisher\":{\"@id\":\"https:\/\/vosgesinfo.fr\/remiremontinfo\/#organization\"},\"alternateName\":\"Toute l'actualit\u00e9 de Remiremont\",\"potentialAction\":[{\"@type\":\"SearchAction\",\"target\":{\"@type\":\"EntryPoint\",\"urlTemplate\":\"https:\/\/vosgesinfo.fr\/remiremontinfo\/?s={search_term_string}\"},\"query-input\":\"required name=search_term_string\"}],\"inLanguage\":\"fr-FR\"},{\"@type\":\"Organization\",\"@id\":\"https:\/\/vosgesinfo.fr\/remiremontinfo\/#organization\",\"name\":\"Remiremont Info\",\"url\":\"https:\/\/vosgesinfo.fr\/remiremontinfo\/\",\"logo\":{\"@type\":\"ImageObject\",\"inLanguage\":\"fr-FR\",\"@id\":\"https:\/\/vosgesinfo.fr\/remiremontinfo\/#\/schema\/logo\/image\/\",\"url\":\"https:\/\/vosgesinfo.fr\/app\/uploads\/sites\/5\/2023\/08\/favicon-remiremontinfo.png\",\"contentUrl\":\"https:\/\/vosgesinfo.fr\/app\/uploads\/sites\/5\/2023\/08\/favicon-remiremontinfo.png\",\"width\":512,\"height\":512,\"caption\":\"Remiremont Info\"},\"image\":{\"@id\":\"https:\/\/vosgesinfo.fr\/remiremontinfo\/#\/schema\/logo\/image\/\"},\"sameAs\":[\"https:\/\/www.facebook.com\/remiremontinfo\",\"https:\/\/x.com\/VosgesInfo88\",\"https:\/\/www.youtube.com\/@vosgesinfo\"]},{\"@type\":\"Person\",\"@id\":\"https:\/\/vosgesinfo.fr\/remiremontinfo\/#\/schema\/person\/4f38cd3068e342935b7304695c797d08\",\"name\":\"C.M\",\"image\":{\"@type\":\"ImageObject\",\"inLanguage\":\"fr-FR\",\"@id\":\"https:\/\/vosgesinfo.fr\/remiremontinfo\/#\/schema\/person\/image\/\",\"url\":\"https:\/\/secure.gravatar.com\/avatar\/fe9daaef0164d920717484172682f3c5c9bcf7d42aa8c7048c76c34f0eb6c8da?s=96&d=mm&r=g\",\"contentUrl\":\"https:\/\/secure.gravatar.com\/avatar\/fe9daaef0164d920717484172682f3c5c9bcf7d42aa8c7048c76c34f0eb6c8da?s=96&d=mm&r=g\",\"caption\":\"C.M\"},\"url\":\"https:\/\/vosgesinfo.fr\/remiremontinfo\/author\/cm88200\/\"}]}<\/script>\n<!-- \/ Yoast SEO plugin. -->","yoast_head_json":{"title":"La piscine du Val d'Ajol va b\u00e9n\u00e9ficier de travaux de restauration - Remiremont Info","robots":{"index":"index","follow":"follow","max-snippet":"max-snippet:-1","max-image-preview":"max-image-preview:large","max-video-preview":"max-video-preview:-1"},"canonical":"https:\/\/vosgesinfo.fr\/remiremontinfo\/?p=76826","twitter_card":"summary_large_image","twitter_title":"La piscine du Val d'Ajol va b\u00e9n\u00e9ficier de travaux de restauration - Remiremont Info","twitter_description":"La piscine du Val d&rsquo;Ajol, un \u00e9quipement appr\u00e9ci\u00e9 des habitants et des visiteurs, va bient\u00f4t subir une importante op\u00e9ration de [&hellip;]","twitter_image":"https:\/\/vosgesinfo.fr\/app\/uploads\/sites\/5\/2024\/12\/piscine-valdajol-7-1536x1024-1.jpg","twitter_creator":"@VosgesInfo88","twitter_site":"@VosgesInfo88","twitter_misc":{"\u00c9crit par":"C.M","Dur\u00e9e de lecture estim\u00e9e":"3 minutes"},"schema":{"@context":"https:\/\/schema.org","@graph":[{"@type":"Article","@id":"https:\/\/vosgesinfo.fr\/remiremontinfo\/?p=76826#article","isPartOf":{"@id":"https:\/\/vosgesinfo.fr\/remiremontinfo\/?p=76826"},"author":{"name":"C.M","@id":"https:\/\/vosgesinfo.fr\/remiremontinfo\/#\/schema\/person\/4f38cd3068e342935b7304695c797d08"},"headline":"La piscine du Val d&rsquo;Ajol va b\u00e9n\u00e9ficier de travaux de restauration","datePublished":"2024-12-21T13:54:22+00:00","dateModified":"2024-12-21T13:54:22+00:00","mainEntityOfPage":{"@id":"https:\/\/vosgesinfo.fr\/remiremontinfo\/?p=76826"},"wordCount":407,"commentCount":0,"publisher":{"@id":"https:\/\/vosgesinfo.fr\/remiremontinfo\/#organization"},"image":{"@id":"https:\/\/vosgesinfo.fr\/remiremontinfo\/?p=76826#primaryimage"},"thumbnailUrl":"https:\/\/vosgesinfo.fr\/app\/uploads\/sites\/5\/2024\/12\/piscine-valdajol-7-1536x1024-1.jpg","keywords":["Piscine Le Val d'Ajol","travaux"],"articleSection":["A la Une","Le Val d'Ajol"],"inLanguage":"fr-FR","potentialAction":[{"@type":"CommentAction","name":"Comment","target":["https:\/\/vosgesinfo.fr\/remiremontinfo\/?p=76826#respond"]}]},{"@type":"WebPage","@id":"https:\/\/vosgesinfo.fr\/remiremontinfo\/?p=76826","url":"https:\/\/vosgesinfo.fr\/remiremontinfo\/?p=76826","name":"La piscine du Val d'Ajol va b\u00e9n\u00e9ficier de travaux de restauration - Remiremont Info","isPartOf":{"@id":"https:\/\/vosgesinfo.fr\/remiremontinfo\/#website"},"primaryImageOfPage":{"@id":"https:\/\/vosgesinfo.fr\/remiremontinfo\/?p=76826#primaryimage"},"image":{"@id":"https:\/\/vosgesinfo.fr\/remiremontinfo\/?p=76826#primaryimage"},"thumbnailUrl":"https:\/\/vosgesinfo.fr\/app\/uploads\/sites\/5\/2024\/12\/piscine-valdajol-7-1536x1024-1.jpg","datePublished":"2024-12-21T13:54:22+00:00","dateModified":"2024-12-21T13:54:22+00:00","breadcrumb":{"@id":"https:\/\/vosgesinfo.fr\/remiremontinfo\/?p=76826#breadcrumb"},"inLanguage":"fr-FR","potentialAction":[{"@type":"ReadAction","target":["https:\/\/vosgesinfo.fr\/remiremontinfo\/?p=76826"]}]},{"@type":"ImageObject","inLanguage":"fr-FR","@id":"https:\/\/vosgesinfo.fr\/remiremontinfo\/?p=76826#primaryimage","url":"https:\/\/vosgesinfo.fr\/app\/uploads\/sites\/5\/2024\/12\/piscine-valdajol-7-1536x1024-1.jpg","contentUrl":"https:\/\/vosgesinfo.fr\/app\/uploads\/sites\/5\/2024\/12\/piscine-valdajol-7-1536x1024-1.jpg","width":1536,"height":1024,"caption":"Photographie : CCPVM."},{"@type":"BreadcrumbList","@id":"https:\/\/vosgesinfo.fr\/remiremontinfo\/?p=76826#breadcrumb","itemListElement":[{"@type":"ListItem","position":1,"name":"Home","item":"https:\/\/vosgesinfo.fr\/remiremontinfo\/"},{"@type":"ListItem","position":2,"name":"La piscine du Val d&#8217;Ajol va b\u00e9n\u00e9ficier de travaux de restauration"}]},{"@type":"WebSite","@id":"https:\/\/vosgesinfo.fr\/remiremontinfo\/#website","url":"https:\/\/vosgesinfo.fr\/remiremontinfo\/","name":"Remiremont Info","description":"Toute l&#039;actualit\u00e9 de Remiremont","publisher":{"@id":"https:\/\/vosgesinfo.fr\/remiremontinfo\/#organization"},"alternateName":"Toute l'actualit\u00e9 de Remiremont","potentialAction":[{"@type":"SearchAction","target":{"@type":"EntryPoint","urlTemplate":"https:\/\/vosgesinfo.fr\/remiremontinfo\/?s={search_term_string}"},"query-input":"required name=search_term_string"}],"inLanguage":"fr-FR"},{"@type":"Organization","@id":"https:\/\/vosgesinfo.fr\/remiremontinfo\/#organization","name":"Remiremont Info","url":"https:\/\/vosgesinfo.fr\/remiremontinfo\/","logo":{"@type":"ImageObject","inLanguage":"fr-FR","@id":"https:\/\/vosgesinfo.fr\/remiremontinfo\/#\/schema\/logo\/image\/","url":"https:\/\/vosgesinfo.fr\/app\/uploads\/sites\/5\/2023\/08\/favicon-remiremontinfo.png","contentUrl":"https:\/\/vosgesinfo.fr\/app\/uploads\/sites\/5\/2023\/08\/favicon-remiremontinfo.png","width":512,"height":512,"caption":"Remiremont Info"},"image":{"@id":"https:\/\/vosgesinfo.fr\/remiremontinfo\/#\/schema\/logo\/image\/"},"sameAs":["https:\/\/www.facebook.com\/remiremontinfo","https:\/\/x.com\/VosgesInfo88","https:\/\/www.youtube.com\/@vosgesinfo"]},{"@type":"Person","@id":"https:\/\/vosgesinfo.fr\/remiremontinfo\/#\/schema\/person\/4f38cd3068e342935b7304695c797d08","name":"C.M","image":{"@type":"ImageObject","inLanguage":"fr-FR","@id":"https:\/\/vosgesinfo.fr\/remiremontinfo\/#\/schema\/person\/image\/","url":"https:\/\/secure.gravatar.com\/avatar\/fe9daaef0164d920717484172682f3c5c9bcf7d42aa8c7048c76c34f0eb6c8da?s=96&d=mm&r=g","contentUrl":"https:\/\/secure.gravatar.com\/avatar\/fe9daaef0164d920717484172682f3c5c9bcf7d42aa8c7048c76c34f0eb6c8da?s=96&d=mm&r=g","caption":"C.M"},"url":"https:\/\/vosgesinfo.fr\/remiremontinfo\/author\/cm88200\/"}]}},"_links":{"self":[{"href":"https:\/\/vosgesinfo.fr\/remiremontinfo\/wp-json\/wp\/v2\/posts\/76826","targetHints":{"allow":["GET"]}}],"collection":[{"href":"https:\/\/vosgesinfo.fr\/remiremontinfo\/wp-json\/wp\/v2\/posts"}],"about":[{"href":"https:\/\/vosgesinfo.fr\/remiremontinfo\/wp-json\/wp\/v2\/types\/post"}],"author":[{"embeddable":true,"href":"https:\/\/vosgesinfo.fr\/remiremontinfo\/wp-json\/wp\/v2\/users\/418"}],"replies":[{"embeddable":true,"href":"https:\/\/vosgesinfo.fr\/remiremontinfo\/wp-json\/wp\/v2\/comments?post=76826"}],"version-history":[{"count":1,"href":"https:\/\/vosgesinfo.fr\/remiremontinfo\/wp-json\/wp\/v2\/posts\/76826\/revisions"}],"predecessor-version":[{"id":76828,"href":"https:\/\/vosgesinfo.fr\/remiremontinfo\/wp-json\/wp\/v2\/posts\/76826\/revisions\/76828"}],"wp:featuredmedia":[{"embeddable":true,"href":"https:\/\/vosgesinfo.fr\/remiremontinfo\/wp-json\/wp\/v2\/media\/76827"}],"wp:attachment":[{"href":"https:\/\/vosgesinfo.fr\/remiremontinfo\/wp-json\/wp\/v2\/media?parent=76826"}],"wp:term":[{"taxonomy":"category","embeddable":true,"href":"https:\/\/vosgesinfo.fr\/remiremontinfo\/wp-json\/wp\/v2\/categories?post=76826"},{"taxonomy":"post_tag","embeddable":true,"href":"https:\/\/vosgesinfo.fr\/remiremontinfo\/wp-json\/wp\/v2\/tags?post=76826"}],"curies":[{"name":"wp","href":"https:\/\/api.w.org\/{rel}","templated":true}]}}