{"id":7692,"date":"2024-07-07T20:41:55","date_gmt":"2024-07-07T18:41:55","guid":{"rendered":"https:\/\/vosgesinfo.fr\/remiremontinfo\/?p=7692"},"modified":"2024-07-07T23:01:21","modified_gmt":"2024-07-07T21:01:21","slug":"christophe-naegelen-reste-depute-de-la-3eme-circonscription","status":"publish","type":"post","link":"https:\/\/vosgesinfo.fr\/remiremontinfo\/2024\/07\/christophe-naegelen-reste-depute-de-la-3eme-circonscription\/","title":{"rendered":"Christophe Naegelen reste d\u00e9put\u00e9 de la 3\u00e8me circonscription"},"content":{"rendered":"<p><strong>Le face \u00e0 face opposait Pauline Fresse et Christophe Naegelen pour ce second tour des \u00e9lections l\u00e9gislatives. Les r\u00e9sultats viennent de tomber pour la 3\u00e8me circonscription et c\u2019est le candidat Christophe Naegelen qui remporte ces \u00e9lections.<span class=\"Apple-converted-space\">\u00a0<\/span><\/strong><\/p>\n<p>Le d\u00e9put\u00e9 sortant (DVD) Christophe Naegelen est arriv\u00e9 en t\u00eate avec un taux de 64,67 %. Il semble que l\u2019homme ait toujours la confiance de ses \u00e9lecteurs dans plusieurs communes o\u00f9 il se trouvait nettement devant la candidate du Rassemblement National, telles que Remiremont, Le Val d&rsquo;Ajol, G\u00e9rardmer et bien d&rsquo;autres.<\/p>\n<p>Pauline Fresse qui repr\u00e9sentait le Rassemblement National a obtenu 35,33 %. Ce sont 43 521 \u00e9lecteurs qui ont d\u00e9pos\u00e9 leur bulletin aux urnes pour ce second tour.<\/p>\n\n\t\t<style type=\"text\/css\">\n\t\t\t#gallery-1 {\n\t\t\t\tmargin: auto;\n\t\t\t}\n\t\t\t#gallery-1 .gallery-item {\n\t\t\t\tfloat: left;\n\t\t\t\tmargin-top: 10px;\n\t\t\t\ttext-align: center;\n\t\t\t\twidth: 50%;\n\t\t\t}\n\t\t\t#gallery-1 img {\n\t\t\t\tborder: 2px solid #cfcfcf;\n\t\t\t}\n\t\t\t#gallery-1 .gallery-caption {\n\t\t\t\tmargin-left: 0;\n\t\t\t}\n\t\t\t\/* see gallery_shortcode() in wp-includes\/media.php *\/\n\t\t<\/style>\n\t\t<div id='gallery-1' class='gallery galleryid-7692 gallery-columns-2 gallery-size-large'><dl class='gallery-item'>\n\t\t\t<dt class='gallery-icon portrait'>\n\t\t\t\t<a href='https:\/\/vosgesinfo.fr\/remiremontinfo\/2024\/06\/legislatives-3eme-circonscription-christophe-naegelen-pret-a-poursuivre-son-engagement\/christophe-naegelen-source-facebook\/'><img decoding=\"async\" width=\"1018\" height=\"1024\" src=\"https:\/\/vosgesinfo.fr\/app\/uploads\/sites\/5\/2024\/06\/christophe-naegelen-source-facebook-1018x1024.jpg\" class=\"attachment-large size-large\" alt=\"\" aria-describedby=\"gallery-1-6920\" srcset=\"https:\/\/vosgesinfo.fr\/app\/uploads\/sites\/5\/2024\/06\/christophe-naegelen-source-facebook-1018x1024.jpg 1018w, https:\/\/vosgesinfo.fr\/app\/uploads\/sites\/5\/2024\/06\/christophe-naegelen-source-facebook-298x300.jpg 298w, https:\/\/vosgesinfo.fr\/app\/uploads\/sites\/5\/2024\/06\/christophe-naegelen-source-facebook-150x150.jpg 150w, https:\/\/vosgesinfo.fr\/app\/uploads\/sites\/5\/2024\/06\/christophe-naegelen-source-facebook-768x773.jpg 768w, https:\/\/vosgesinfo.fr\/app\/uploads\/sites\/5\/2024\/06\/christophe-naegelen-source-facebook-1527x1536.jpg 1527w, https:\/\/vosgesinfo.fr\/app\/uploads\/sites\/5\/2024\/06\/christophe-naegelen-source-facebook.jpg 1768w\" sizes=\"(max-width: 1018px) 100vw, 1018px\" \/><\/a>\n\t\t\t<\/dt>\n\t\t\t\t<dd class='wp-caption-text gallery-caption' id='gallery-1-6920'>\n\t\t\t\tPhoto &#8211; Facebook C. Naegelen.\n\t\t\t\t<\/dd><\/dl><dl class='gallery-item'>\n\t\t\t<dt class='gallery-icon portrait'>\n\t\t\t\t<a href='https:\/\/vosgesinfo.fr\/remiremontinfo\/2024\/06\/legislatives-3eme-circonscription-pauline-fresse-candidate-du-rassemblement-national\/pauline-fresse\/'><img decoding=\"async\" width=\"896\" height=\"1024\" src=\"https:\/\/vosgesinfo.fr\/app\/uploads\/sites\/5\/2024\/06\/pauline-fresse-896x1024.jpg\" class=\"attachment-large size-large\" alt=\"\" aria-describedby=\"gallery-1-7008\" srcset=\"https:\/\/vosgesinfo.fr\/app\/uploads\/sites\/5\/2024\/06\/pauline-fresse-896x1024.jpg 896w, https:\/\/vosgesinfo.fr\/app\/uploads\/sites\/5\/2024\/06\/pauline-fresse-263x300.jpg 263w, https:\/\/vosgesinfo.fr\/app\/uploads\/sites\/5\/2024\/06\/pauline-fresse-768x877.jpg 768w, https:\/\/vosgesinfo.fr\/app\/uploads\/sites\/5\/2024\/06\/pauline-fresse.jpg 963w\" sizes=\"(max-width: 896px) 100vw, 896px\" \/><\/a>\n\t\t\t<\/dt>\n\t\t\t\t<dd class='wp-caption-text gallery-caption' id='gallery-1-7008'>\n\t\t\t\tP. Fresse\n\t\t\t\t<\/dd><\/dl><br style=\"clear: both\" \/>\n\t\t<\/div>\n\n","protected":false},"excerpt":{"rendered":"<p>Le face \u00e0 face opposait Pauline Fresse et Christophe Naegelen pour ce second tour des \u00e9lections l\u00e9gislatives. Les r\u00e9sultats viennent [&hellip;]<\/p>\n","protected":false},"author":418,"featured_media":6920,"comment_status":"closed","ping_status":"open","sticky":false,"template":"","format":"standard","meta":{"footnotes":""},"categories":[26,10,18],"tags":[501,1131,1200],"class_list":["post-7692","post","type-post","status-publish","format-standard","has-post-thumbnail","hentry","category-a-la-une","category-politique","category-vosges","tag-christophe-naegelen","tag-pauline-fresse","tag-resultats-elections-legislatives"],"acf":[],"yoast_head":"<!-- This site is optimized with the Yoast SEO plugin v22.5 - https:\/\/yoast.com\/wordpress\/plugins\/seo\/ -->\n<title>Christophe Naegelen reste d\u00e9put\u00e9 de la 3\u00e8me circonscription - Remiremont Info<\/title>\n<meta name=\"robots\" content=\"index, follow, max-snippet:-1, max-image-preview:large, max-video-preview:-1\" \/>\n<link rel=\"canonical\" href=\"https:\/\/vosgesinfo.fr\/remiremontinfo\/2024\/07\/christophe-naegelen-reste-depute-de-la-3eme-circonscription\/\" \/>\n<meta name=\"twitter:card\" content=\"summary_large_image\" \/>\n<meta name=\"twitter:title\" content=\"Christophe Naegelen reste d\u00e9put\u00e9 de la 3\u00e8me circonscription - Remiremont Info\" \/>\n<meta name=\"twitter:description\" content=\"Le face \u00e0 face opposait Pauline Fresse et Christophe Naegelen pour ce second tour des \u00e9lections l\u00e9gislatives. Les r\u00e9sultats viennent [&hellip;]\" \/>\n<meta name=\"twitter:image\" content=\"https:\/\/vosgesinfo.fr\/app\/uploads\/sites\/5\/2024\/06\/christophe-naegelen-source-facebook.jpg\" \/>\n<meta name=\"twitter:creator\" content=\"@VosgesInfo88\" \/>\n<meta name=\"twitter:site\" content=\"@VosgesInfo88\" \/>\n<meta name=\"twitter:label1\" content=\"\u00c9crit par\" \/>\n\t<meta name=\"twitter:data1\" content=\"C.M\" \/>\n\t<meta name=\"twitter:label2\" content=\"Dur\u00e9e de lecture estim\u00e9e\" \/>\n\t<meta name=\"twitter:data2\" content=\"1 minute\" \/>\n<script type=\"application\/ld+json\" class=\"yoast-schema-graph\">{\"@context\":\"https:\/\/schema.org\",\"@graph\":[{\"@type\":\"Article\",\"@id\":\"https:\/\/vosgesinfo.fr\/remiremontinfo\/2024\/07\/christophe-naegelen-reste-depute-de-la-3eme-circonscription\/#article\",\"isPartOf\":{\"@id\":\"https:\/\/vosgesinfo.fr\/remiremontinfo\/2024\/07\/christophe-naegelen-reste-depute-de-la-3eme-circonscription\/\"},\"author\":{\"name\":\"C.M\",\"@id\":\"https:\/\/vosgesinfo.fr\/remiremontinfo\/#\/schema\/person\/4f38cd3068e342935b7304695c797d08\"},\"headline\":\"Christophe Naegelen reste d\u00e9put\u00e9 de la 3\u00e8me circonscription\",\"datePublished\":\"2024-07-07T18:41:55+00:00\",\"dateModified\":\"2024-07-07T21:01:21+00:00\",\"mainEntityOfPage\":{\"@id\":\"https:\/\/vosgesinfo.fr\/remiremontinfo\/2024\/07\/christophe-naegelen-reste-depute-de-la-3eme-circonscription\/\"},\"wordCount\":132,\"publisher\":{\"@id\":\"https:\/\/vosgesinfo.fr\/remiremontinfo\/#organization\"},\"image\":{\"@id\":\"https:\/\/vosgesinfo.fr\/remiremontinfo\/2024\/07\/christophe-naegelen-reste-depute-de-la-3eme-circonscription\/#primaryimage\"},\"thumbnailUrl\":\"https:\/\/vosgesinfo.fr\/app\/uploads\/sites\/5\/2024\/06\/christophe-naegelen-source-facebook.jpg\",\"keywords\":[\"Christophe Naegelen\",\"Pauline Fresse\",\"r\u00e9sultats \u00e9lections l\u00e9gislatives\"],\"articleSection\":[\"A la Une\",\"Politique\",\"Vosges\"],\"inLanguage\":\"fr-FR\"},{\"@type\":\"WebPage\",\"@id\":\"https:\/\/vosgesinfo.fr\/remiremontinfo\/2024\/07\/christophe-naegelen-reste-depute-de-la-3eme-circonscription\/\",\"url\":\"https:\/\/vosgesinfo.fr\/remiremontinfo\/2024\/07\/christophe-naegelen-reste-depute-de-la-3eme-circonscription\/\",\"name\":\"Christophe Naegelen reste d\u00e9put\u00e9 de la 3\u00e8me circonscription - Remiremont Info\",\"isPartOf\":{\"@id\":\"https:\/\/vosgesinfo.fr\/remiremontinfo\/#website\"},\"primaryImageOfPage\":{\"@id\":\"https:\/\/vosgesinfo.fr\/remiremontinfo\/2024\/07\/christophe-naegelen-reste-depute-de-la-3eme-circonscription\/#primaryimage\"},\"image\":{\"@id\":\"https:\/\/vosgesinfo.fr\/remiremontinfo\/2024\/07\/christophe-naegelen-reste-depute-de-la-3eme-circonscription\/#primaryimage\"},\"thumbnailUrl\":\"https:\/\/vosgesinfo.fr\/app\/uploads\/sites\/5\/2024\/06\/christophe-naegelen-source-facebook.jpg\",\"datePublished\":\"2024-07-07T18:41:55+00:00\",\"dateModified\":\"2024-07-07T21:01:21+00:00\",\"breadcrumb\":{\"@id\":\"https:\/\/vosgesinfo.fr\/remiremontinfo\/2024\/07\/christophe-naegelen-reste-depute-de-la-3eme-circonscription\/#breadcrumb\"},\"inLanguage\":\"fr-FR\",\"potentialAction\":[{\"@type\":\"ReadAction\",\"target\":[\"https:\/\/vosgesinfo.fr\/remiremontinfo\/2024\/07\/christophe-naegelen-reste-depute-de-la-3eme-circonscription\/\"]}]},{\"@type\":\"ImageObject\",\"inLanguage\":\"fr-FR\",\"@id\":\"https:\/\/vosgesinfo.fr\/remiremontinfo\/2024\/07\/christophe-naegelen-reste-depute-de-la-3eme-circonscription\/#primaryimage\",\"url\":\"https:\/\/vosgesinfo.fr\/app\/uploads\/sites\/5\/2024\/06\/christophe-naegelen-source-facebook.jpg\",\"contentUrl\":\"https:\/\/vosgesinfo.fr\/app\/uploads\/sites\/5\/2024\/06\/christophe-naegelen-source-facebook.jpg\",\"width\":1768,\"height\":1779,\"caption\":\"Photo - Facebook C. Naegelen.\"},{\"@type\":\"BreadcrumbList\",\"@id\":\"https:\/\/vosgesinfo.fr\/remiremontinfo\/2024\/07\/christophe-naegelen-reste-depute-de-la-3eme-circonscription\/#breadcrumb\",\"itemListElement\":[{\"@type\":\"ListItem\",\"position\":1,\"name\":\"Home\",\"item\":\"https:\/\/vosgesinfo.fr\/remiremontinfo\/\"},{\"@type\":\"ListItem\",\"position\":2,\"name\":\"Christophe Naegelen reste d\u00e9put\u00e9 de la 3\u00e8me circonscription\"}]},{\"@type\":\"WebSite\",\"@id\":\"https:\/\/vosgesinfo.fr\/remiremontinfo\/#website\",\"url\":\"https:\/\/vosgesinfo.fr\/remiremontinfo\/\",\"name\":\"Remiremont Info\",\"description\":\"Toute l&#039;actualit\u00e9 de Remiremont\",\"publisher\":{\"@id\":\"https:\/\/vosgesinfo.fr\/remiremontinfo\/#organization\"},\"alternateName\":\"Toute l'actualit\u00e9 de Remiremont\",\"potentialAction\":[{\"@type\":\"SearchAction\",\"target\":{\"@type\":\"EntryPoint\",\"urlTemplate\":\"https:\/\/vosgesinfo.fr\/remiremontinfo\/?s={search_term_string}\"},\"query-input\":\"required name=search_term_string\"}],\"inLanguage\":\"fr-FR\"},{\"@type\":\"Organization\",\"@id\":\"https:\/\/vosgesinfo.fr\/remiremontinfo\/#organization\",\"name\":\"Remiremont Info\",\"url\":\"https:\/\/vosgesinfo.fr\/remiremontinfo\/\",\"logo\":{\"@type\":\"ImageObject\",\"inLanguage\":\"fr-FR\",\"@id\":\"https:\/\/vosgesinfo.fr\/remiremontinfo\/#\/schema\/logo\/image\/\",\"url\":\"https:\/\/vosgesinfo.fr\/app\/uploads\/sites\/5\/2023\/08\/favicon-remiremontinfo.png\",\"contentUrl\":\"https:\/\/vosgesinfo.fr\/app\/uploads\/sites\/5\/2023\/08\/favicon-remiremontinfo.png\",\"width\":512,\"height\":512,\"caption\":\"Remiremont Info\"},\"image\":{\"@id\":\"https:\/\/vosgesinfo.fr\/remiremontinfo\/#\/schema\/logo\/image\/\"},\"sameAs\":[\"https:\/\/www.facebook.com\/remiremontinfo\",\"https:\/\/x.com\/VosgesInfo88\",\"https:\/\/www.youtube.com\/@vosgesinfo\"]},{\"@type\":\"Person\",\"@id\":\"https:\/\/vosgesinfo.fr\/remiremontinfo\/#\/schema\/person\/4f38cd3068e342935b7304695c797d08\",\"name\":\"C.M\",\"image\":{\"@type\":\"ImageObject\",\"inLanguage\":\"fr-FR\",\"@id\":\"https:\/\/vosgesinfo.fr\/remiremontinfo\/#\/schema\/person\/image\/\",\"url\":\"https:\/\/secure.gravatar.com\/avatar\/fe9daaef0164d920717484172682f3c5c9bcf7d42aa8c7048c76c34f0eb6c8da?s=96&d=mm&r=g\",\"contentUrl\":\"https:\/\/secure.gravatar.com\/avatar\/fe9daaef0164d920717484172682f3c5c9bcf7d42aa8c7048c76c34f0eb6c8da?s=96&d=mm&r=g\",\"caption\":\"C.M\"},\"url\":\"https:\/\/vosgesinfo.fr\/remiremontinfo\/author\/cm88200\/\"}]}<\/script>\n<!-- \/ Yoast SEO plugin. -->","yoast_head_json":{"title":"Christophe Naegelen reste d\u00e9put\u00e9 de la 3\u00e8me circonscription - Remiremont Info","robots":{"index":"index","follow":"follow","max-snippet":"max-snippet:-1","max-image-preview":"max-image-preview:large","max-video-preview":"max-video-preview:-1"},"canonical":"https:\/\/vosgesinfo.fr\/remiremontinfo\/2024\/07\/christophe-naegelen-reste-depute-de-la-3eme-circonscription\/","twitter_card":"summary_large_image","twitter_title":"Christophe Naegelen reste d\u00e9put\u00e9 de la 3\u00e8me circonscription - Remiremont Info","twitter_description":"Le face \u00e0 face opposait Pauline Fresse et Christophe Naegelen pour ce second tour des \u00e9lections l\u00e9gislatives. Les r\u00e9sultats viennent [&hellip;]","twitter_image":"https:\/\/vosgesinfo.fr\/app\/uploads\/sites\/5\/2024\/06\/christophe-naegelen-source-facebook.jpg","twitter_creator":"@VosgesInfo88","twitter_site":"@VosgesInfo88","twitter_misc":{"\u00c9crit par":"C.M","Dur\u00e9e de lecture estim\u00e9e":"1 minute"},"schema":{"@context":"https:\/\/schema.org","@graph":[{"@type":"Article","@id":"https:\/\/vosgesinfo.fr\/remiremontinfo\/2024\/07\/christophe-naegelen-reste-depute-de-la-3eme-circonscription\/#article","isPartOf":{"@id":"https:\/\/vosgesinfo.fr\/remiremontinfo\/2024\/07\/christophe-naegelen-reste-depute-de-la-3eme-circonscription\/"},"author":{"name":"C.M","@id":"https:\/\/vosgesinfo.fr\/remiremontinfo\/#\/schema\/person\/4f38cd3068e342935b7304695c797d08"},"headline":"Christophe Naegelen reste d\u00e9put\u00e9 de la 3\u00e8me circonscription","datePublished":"2024-07-07T18:41:55+00:00","dateModified":"2024-07-07T21:01:21+00:00","mainEntityOfPage":{"@id":"https:\/\/vosgesinfo.fr\/remiremontinfo\/2024\/07\/christophe-naegelen-reste-depute-de-la-3eme-circonscription\/"},"wordCount":132,"publisher":{"@id":"https:\/\/vosgesinfo.fr\/remiremontinfo\/#organization"},"image":{"@id":"https:\/\/vosgesinfo.fr\/remiremontinfo\/2024\/07\/christophe-naegelen-reste-depute-de-la-3eme-circonscription\/#primaryimage"},"thumbnailUrl":"https:\/\/vosgesinfo.fr\/app\/uploads\/sites\/5\/2024\/06\/christophe-naegelen-source-facebook.jpg","keywords":["Christophe Naegelen","Pauline Fresse","r\u00e9sultats \u00e9lections l\u00e9gislatives"],"articleSection":["A la Une","Politique","Vosges"],"inLanguage":"fr-FR"},{"@type":"WebPage","@id":"https:\/\/vosgesinfo.fr\/remiremontinfo\/2024\/07\/christophe-naegelen-reste-depute-de-la-3eme-circonscription\/","url":"https:\/\/vosgesinfo.fr\/remiremontinfo\/2024\/07\/christophe-naegelen-reste-depute-de-la-3eme-circonscription\/","name":"Christophe Naegelen reste d\u00e9put\u00e9 de la 3\u00e8me circonscription - Remiremont Info","isPartOf":{"@id":"https:\/\/vosgesinfo.fr\/remiremontinfo\/#website"},"primaryImageOfPage":{"@id":"https:\/\/vosgesinfo.fr\/remiremontinfo\/2024\/07\/christophe-naegelen-reste-depute-de-la-3eme-circonscription\/#primaryimage"},"image":{"@id":"https:\/\/vosgesinfo.fr\/remiremontinfo\/2024\/07\/christophe-naegelen-reste-depute-de-la-3eme-circonscription\/#primaryimage"},"thumbnailUrl":"https:\/\/vosgesinfo.fr\/app\/uploads\/sites\/5\/2024\/06\/christophe-naegelen-source-facebook.jpg","datePublished":"2024-07-07T18:41:55+00:00","dateModified":"2024-07-07T21:01:21+00:00","breadcrumb":{"@id":"https:\/\/vosgesinfo.fr\/remiremontinfo\/2024\/07\/christophe-naegelen-reste-depute-de-la-3eme-circonscription\/#breadcrumb"},"inLanguage":"fr-FR","potentialAction":[{"@type":"ReadAction","target":["https:\/\/vosgesinfo.fr\/remiremontinfo\/2024\/07\/christophe-naegelen-reste-depute-de-la-3eme-circonscription\/"]}]},{"@type":"ImageObject","inLanguage":"fr-FR","@id":"https:\/\/vosgesinfo.fr\/remiremontinfo\/2024\/07\/christophe-naegelen-reste-depute-de-la-3eme-circonscription\/#primaryimage","url":"https:\/\/vosgesinfo.fr\/app\/uploads\/sites\/5\/2024\/06\/christophe-naegelen-source-facebook.jpg","contentUrl":"https:\/\/vosgesinfo.fr\/app\/uploads\/sites\/5\/2024\/06\/christophe-naegelen-source-facebook.jpg","width":1768,"height":1779,"caption":"Photo - Facebook C. Naegelen."},{"@type":"BreadcrumbList","@id":"https:\/\/vosgesinfo.fr\/remiremontinfo\/2024\/07\/christophe-naegelen-reste-depute-de-la-3eme-circonscription\/#breadcrumb","itemListElement":[{"@type":"ListItem","position":1,"name":"Home","item":"https:\/\/vosgesinfo.fr\/remiremontinfo\/"},{"@type":"ListItem","position":2,"name":"Christophe Naegelen reste d\u00e9put\u00e9 de la 3\u00e8me circonscription"}]},{"@type":"WebSite","@id":"https:\/\/vosgesinfo.fr\/remiremontinfo\/#website","url":"https:\/\/vosgesinfo.fr\/remiremontinfo\/","name":"Remiremont Info","description":"Toute l&#039;actualit\u00e9 de Remiremont","publisher":{"@id":"https:\/\/vosgesinfo.fr\/remiremontinfo\/#organization"},"alternateName":"Toute l'actualit\u00e9 de Remiremont","potentialAction":[{"@type":"SearchAction","target":{"@type":"EntryPoint","urlTemplate":"https:\/\/vosgesinfo.fr\/remiremontinfo\/?s={search_term_string}"},"query-input":"required name=search_term_string"}],"inLanguage":"fr-FR"},{"@type":"Organization","@id":"https:\/\/vosgesinfo.fr\/remiremontinfo\/#organization","name":"Remiremont Info","url":"https:\/\/vosgesinfo.fr\/remiremontinfo\/","logo":{"@type":"ImageObject","inLanguage":"fr-FR","@id":"https:\/\/vosgesinfo.fr\/remiremontinfo\/#\/schema\/logo\/image\/","url":"https:\/\/vosgesinfo.fr\/app\/uploads\/sites\/5\/2023\/08\/favicon-remiremontinfo.png","contentUrl":"https:\/\/vosgesinfo.fr\/app\/uploads\/sites\/5\/2023\/08\/favicon-remiremontinfo.png","width":512,"height":512,"caption":"Remiremont Info"},"image":{"@id":"https:\/\/vosgesinfo.fr\/remiremontinfo\/#\/schema\/logo\/image\/"},"sameAs":["https:\/\/www.facebook.com\/remiremontinfo","https:\/\/x.com\/VosgesInfo88","https:\/\/www.youtube.com\/@vosgesinfo"]},{"@type":"Person","@id":"https:\/\/vosgesinfo.fr\/remiremontinfo\/#\/schema\/person\/4f38cd3068e342935b7304695c797d08","name":"C.M","image":{"@type":"ImageObject","inLanguage":"fr-FR","@id":"https:\/\/vosgesinfo.fr\/remiremontinfo\/#\/schema\/person\/image\/","url":"https:\/\/secure.gravatar.com\/avatar\/fe9daaef0164d920717484172682f3c5c9bcf7d42aa8c7048c76c34f0eb6c8da?s=96&d=mm&r=g","contentUrl":"https:\/\/secure.gravatar.com\/avatar\/fe9daaef0164d920717484172682f3c5c9bcf7d42aa8c7048c76c34f0eb6c8da?s=96&d=mm&r=g","caption":"C.M"},"url":"https:\/\/vosgesinfo.fr\/remiremontinfo\/author\/cm88200\/"}]}},"_links":{"self":[{"href":"https:\/\/vosgesinfo.fr\/remiremontinfo\/wp-json\/wp\/v2\/posts\/7692","targetHints":{"allow":["GET"]}}],"collection":[{"href":"https:\/\/vosgesinfo.fr\/remiremontinfo\/wp-json\/wp\/v2\/posts"}],"about":[{"href":"https:\/\/vosgesinfo.fr\/remiremontinfo\/wp-json\/wp\/v2\/types\/post"}],"author":[{"embeddable":true,"href":"https:\/\/vosgesinfo.fr\/remiremontinfo\/wp-json\/wp\/v2\/users\/418"}],"replies":[{"embeddable":true,"href":"https:\/\/vosgesinfo.fr\/remiremontinfo\/wp-json\/wp\/v2\/comments?post=7692"}],"version-history":[{"count":2,"href":"https:\/\/vosgesinfo.fr\/remiremontinfo\/wp-json\/wp\/v2\/posts\/7692\/revisions"}],"predecessor-version":[{"id":7698,"href":"https:\/\/vosgesinfo.fr\/remiremontinfo\/wp-json\/wp\/v2\/posts\/7692\/revisions\/7698"}],"wp:featuredmedia":[{"embeddable":true,"href":"https:\/\/vosgesinfo.fr\/remiremontinfo\/wp-json\/wp\/v2\/media\/6920"}],"wp:attachment":[{"href":"https:\/\/vosgesinfo.fr\/remiremontinfo\/wp-json\/wp\/v2\/media?parent=7692"}],"wp:term":[{"taxonomy":"category","embeddable":true,"href":"https:\/\/vosgesinfo.fr\/remiremontinfo\/wp-json\/wp\/v2\/categories?post=7692"},{"taxonomy":"post_tag","embeddable":true,"href":"https:\/\/vosgesinfo.fr\/remiremontinfo\/wp-json\/wp\/v2\/tags?post=7692"}],"curies":[{"name":"wp","href":"https:\/\/api.w.org\/{rel}","templated":true}]}}