{"id":76956,"date":"2024-12-29T22:55:58","date_gmt":"2024-12-29T21:55:58","guid":{"rendered":"https:\/\/vosgesinfo.fr\/remiremontinfo\/2024\/12\/deux-randonneurs-secourue-a-lispach-sur-les-hauteurs-de-la-bresse\/"},"modified":"2024-12-30T10:29:43","modified_gmt":"2024-12-30T09:29:43","slug":"deux-randonneurs-secourue-a-lispach-sur-les-hauteurs-de-la-bresse","status":"publish","type":"post","link":"https:\/\/vosgesinfo.fr\/remiremontinfo\/2024\/12\/deux-randonneurs-secourue-a-lispach-sur-les-hauteurs-de-la-bresse\/","title":{"rendered":"Deux randonneurs secourus \u00e0 Lispach sur les hauteurs de La Bresse"},"content":{"rendered":"<p><a href=\"https:\/\/vosgesinfo.fr\/app\/uploads\/sites\/6\/2024\/12\/secours-dielaine.jpg\"><img decoding=\"async\" class=\"aligncenter size-large wp-image-72522\" src=\"https:\/\/vosgesinfo.fr\/app\/uploads\/sites\/6\/2024\/12\/secours-dielaine-1024x687.jpg\" alt=\"\" width=\"1024\" height=\"687\" \/><\/a><\/p>\n<p>&nbsp;<\/p>\n<blockquote>\n<div class=\"page\" title=\"Page 1\">\n<div class=\"layoutArea\">\n<div class=\"column\">\n<div class=\"gmail-xdj266r gmail-x11i5rnm gmail-xat24cr gmail-x1mh8g0r gmail-x1vvkbs gmail-x126k92a\">\n<div dir=\"auto\">\n<div class=\"page\" title=\"Page 1\">\n<div class=\"layoutArea\">\n<div class=\"column\">\n<div class=\"page\" title=\"Page 1\">\n<div class=\"layoutArea\">\n<div class=\"column\">\n<div class=\"flex max-w-full flex-col flex-grow\">\n<div class=\"min-h-8 text-message flex w-full flex-col items-end gap-2 whitespace-normal break-words text-start [.text-message+&amp;]:mt-5\" dir=\"auto\" data-message-author-role=\"assistant\" data-message-id=\"bd69bba5-73ce-4d0c-be7a-c99b3b6fef72\" data-message-model-slug=\"gpt-4o\">\n<div class=\"flex w-full flex-col gap-1 empty:hidden first:pt-[3px]\">\n<div class=\"markdown prose w-full break-words dark:prose-invert light\">\n<p>Ce dimanche 29 d\u00e9cembre 2024, vers 20 heures, le Peloton de Gendarmerie de Haute Montagne (PGHM) de Xonrupt-Longemer est intervenu de nuit pour secourir 2 jeunes hommes de 20 ans originaires de la r\u00e9gion parisienne, bloqu\u00e9s dans la neige sur un sentier tr\u00e8s escarp\u00e9 sur les hauteurs de Lispach \u00e0 La Bresse.<\/p>\n<p>&nbsp;<\/p>\n<p>Alors qu&rsquo;ils voulaient effectuer une randonn\u00e9e sur un sentier avec balisage estival, ils se sont retrouv\u00e9s bloqu\u00e9s par une importante quantit\u00e9 de neige dans la nuit et ne pouvaient plus avancer.<\/p>\n<p>&nbsp;<\/p>\n<p>Deux secouristes du PGHM ont pu progresser jusqu&rsquo;\u00e0 eux, avec par endroits d&rsquo;importantes quantit\u00e9s de neige, et les ont redescendus \u00e0 travers la for\u00eat jusqu&rsquo;aux pistes de ski de fond.<\/p>\n<p>&nbsp;<\/p>\n<p>Ils ont \u00e9t\u00e9 ensuite ramen\u00e9s en quad jusqu&rsquo;\u00e0 leur v\u00e9hicule.<\/p>\n<\/div>\n<\/div>\n<\/div>\n<\/div>\n<\/div>\n<\/div>\n<\/div>\n<\/div>\n<\/div>\n<\/div>\n<\/div>\n<\/div>\n<\/div>\n<\/div>\n<\/div>\n<\/blockquote>\n","protected":false},"excerpt":{"rendered":"<p>&nbsp; Ce dimanche 29 d\u00e9cembre 2024, vers 20 heures, le Peloton de Gendarmerie de Haute Montagne (PGHM) de Xonrupt-Longemer est [&hellip;]<\/p>\n","protected":false},"author":391,"featured_media":76957,"comment_status":"open","ping_status":"open","sticky":false,"template":"","format":"standard","meta":{"footnotes":""},"categories":[26,8,62,43,362],"tags":[498,6809],"class_list":["post-76956","post","type-post","status-publish","format-standard","has-post-thumbnail","hentry","category-a-la-une","category-faits-divers","category-gerardmer","category-remiremont-remiremont-son-canton","category-saint-die","tag-lispach","tag-pghm-xonrupt-longemer"],"acf":[],"yoast_head":"<!-- This site is optimized with the Yoast SEO plugin v22.5 - https:\/\/yoast.com\/wordpress\/plugins\/seo\/ -->\n<title>Deux randonneurs secourus \u00e0 Lispach sur les hauteurs de La Bresse - Remiremont Info<\/title>\n<meta name=\"robots\" content=\"index, follow, max-snippet:-1, max-image-preview:large, max-video-preview:-1\" \/>\n<link rel=\"canonical\" href=\"https:\/\/vosgesinfo.fr\/remiremontinfo\/2024\/12\/deux-randonneurs-secourue-a-lispach-sur-les-hauteurs-de-la-bresse\/\" \/>\n<meta name=\"twitter:card\" content=\"summary_large_image\" \/>\n<meta name=\"twitter:title\" content=\"Deux randonneurs secourus \u00e0 Lispach sur les hauteurs de La Bresse - Remiremont Info\" \/>\n<meta name=\"twitter:description\" content=\"&nbsp; Ce dimanche 29 d\u00e9cembre 2024, vers 20 heures, le Peloton de Gendarmerie de Haute Montagne (PGHM) de Xonrupt-Longemer est [&hellip;]\" \/>\n<meta name=\"twitter:image\" content=\"https:\/\/vosgesinfo.fr\/app\/uploads\/sites\/5\/2024\/12\/secours-dielaine.jpg\" \/>\n<meta name=\"twitter:creator\" content=\"@VosgesInfo88\" \/>\n<meta name=\"twitter:site\" content=\"@VosgesInfo88\" \/>\n<meta name=\"twitter:label1\" content=\"\u00c9crit par\" \/>\n\t<meta name=\"twitter:data1\" content=\"La redaction\" \/>\n\t<meta name=\"twitter:label2\" content=\"Dur\u00e9e de lecture estim\u00e9e\" \/>\n\t<meta name=\"twitter:data2\" content=\"1 minute\" \/>\n<script type=\"application\/ld+json\" class=\"yoast-schema-graph\">{\"@context\":\"https:\/\/schema.org\",\"@graph\":[{\"@type\":\"Article\",\"@id\":\"https:\/\/vosgesinfo.fr\/remiremontinfo\/2024\/12\/deux-randonneurs-secourue-a-lispach-sur-les-hauteurs-de-la-bresse\/#article\",\"isPartOf\":{\"@id\":\"https:\/\/vosgesinfo.fr\/remiremontinfo\/2024\/12\/deux-randonneurs-secourue-a-lispach-sur-les-hauteurs-de-la-bresse\/\"},\"author\":{\"name\":\"La redaction\",\"@id\":\"https:\/\/vosgesinfo.fr\/remiremontinfo\/#\/schema\/person\/27a3695b06db98895b354c0765cdfc31\"},\"headline\":\"Deux randonneurs secourus \u00e0 Lispach sur les hauteurs de La Bresse\",\"datePublished\":\"2024-12-29T21:55:58+00:00\",\"dateModified\":\"2024-12-30T09:29:43+00:00\",\"mainEntityOfPage\":{\"@id\":\"https:\/\/vosgesinfo.fr\/remiremontinfo\/2024\/12\/deux-randonneurs-secourue-a-lispach-sur-les-hauteurs-de-la-bresse\/\"},\"wordCount\":144,\"commentCount\":1,\"publisher\":{\"@id\":\"https:\/\/vosgesinfo.fr\/remiremontinfo\/#organization\"},\"image\":{\"@id\":\"https:\/\/vosgesinfo.fr\/remiremontinfo\/2024\/12\/deux-randonneurs-secourue-a-lispach-sur-les-hauteurs-de-la-bresse\/#primaryimage\"},\"thumbnailUrl\":\"https:\/\/vosgesinfo.fr\/app\/uploads\/sites\/5\/2024\/12\/secours-dielaine.jpg\",\"keywords\":[\"lispach\",\"PGHM Xonrupt-Longemer\"],\"articleSection\":[\"A la Une\",\"Faits-divers\",\"G\u00e9rardmer\",\"Remiremont\",\"Saint-di\u00e9\"],\"inLanguage\":\"fr-FR\",\"potentialAction\":[{\"@type\":\"CommentAction\",\"name\":\"Comment\",\"target\":[\"https:\/\/vosgesinfo.fr\/remiremontinfo\/2024\/12\/deux-randonneurs-secourue-a-lispach-sur-les-hauteurs-de-la-bresse\/#respond\"]}]},{\"@type\":\"WebPage\",\"@id\":\"https:\/\/vosgesinfo.fr\/remiremontinfo\/2024\/12\/deux-randonneurs-secourue-a-lispach-sur-les-hauteurs-de-la-bresse\/\",\"url\":\"https:\/\/vosgesinfo.fr\/remiremontinfo\/2024\/12\/deux-randonneurs-secourue-a-lispach-sur-les-hauteurs-de-la-bresse\/\",\"name\":\"Deux randonneurs secourus \u00e0 Lispach sur les hauteurs de La Bresse - Remiremont Info\",\"isPartOf\":{\"@id\":\"https:\/\/vosgesinfo.fr\/remiremontinfo\/#website\"},\"primaryImageOfPage\":{\"@id\":\"https:\/\/vosgesinfo.fr\/remiremontinfo\/2024\/12\/deux-randonneurs-secourue-a-lispach-sur-les-hauteurs-de-la-bresse\/#primaryimage\"},\"image\":{\"@id\":\"https:\/\/vosgesinfo.fr\/remiremontinfo\/2024\/12\/deux-randonneurs-secourue-a-lispach-sur-les-hauteurs-de-la-bresse\/#primaryimage\"},\"thumbnailUrl\":\"https:\/\/vosgesinfo.fr\/app\/uploads\/sites\/5\/2024\/12\/secours-dielaine.jpg\",\"datePublished\":\"2024-12-29T21:55:58+00:00\",\"dateModified\":\"2024-12-30T09:29:43+00:00\",\"breadcrumb\":{\"@id\":\"https:\/\/vosgesinfo.fr\/remiremontinfo\/2024\/12\/deux-randonneurs-secourue-a-lispach-sur-les-hauteurs-de-la-bresse\/#breadcrumb\"},\"inLanguage\":\"fr-FR\",\"potentialAction\":[{\"@type\":\"ReadAction\",\"target\":[\"https:\/\/vosgesinfo.fr\/remiremontinfo\/2024\/12\/deux-randonneurs-secourue-a-lispach-sur-les-hauteurs-de-la-bresse\/\"]}]},{\"@type\":\"ImageObject\",\"inLanguage\":\"fr-FR\",\"@id\":\"https:\/\/vosgesinfo.fr\/remiremontinfo\/2024\/12\/deux-randonneurs-secourue-a-lispach-sur-les-hauteurs-de-la-bresse\/#primaryimage\",\"url\":\"https:\/\/vosgesinfo.fr\/app\/uploads\/sites\/5\/2024\/12\/secours-dielaine.jpg\",\"contentUrl\":\"https:\/\/vosgesinfo.fr\/app\/uploads\/sites\/5\/2024\/12\/secours-dielaine.jpg\",\"width\":2489,\"height\":1669},{\"@type\":\"BreadcrumbList\",\"@id\":\"https:\/\/vosgesinfo.fr\/remiremontinfo\/2024\/12\/deux-randonneurs-secourue-a-lispach-sur-les-hauteurs-de-la-bresse\/#breadcrumb\",\"itemListElement\":[{\"@type\":\"ListItem\",\"position\":1,\"name\":\"Home\",\"item\":\"https:\/\/vosgesinfo.fr\/remiremontinfo\/\"},{\"@type\":\"ListItem\",\"position\":2,\"name\":\"Deux randonneurs secourus \u00e0 Lispach sur les hauteurs de La Bresse\"}]},{\"@type\":\"WebSite\",\"@id\":\"https:\/\/vosgesinfo.fr\/remiremontinfo\/#website\",\"url\":\"https:\/\/vosgesinfo.fr\/remiremontinfo\/\",\"name\":\"Remiremont Info\",\"description\":\"Toute l&#039;actualit\u00e9 de Remiremont\",\"publisher\":{\"@id\":\"https:\/\/vosgesinfo.fr\/remiremontinfo\/#organization\"},\"alternateName\":\"Toute l'actualit\u00e9 de Remiremont\",\"potentialAction\":[{\"@type\":\"SearchAction\",\"target\":{\"@type\":\"EntryPoint\",\"urlTemplate\":\"https:\/\/vosgesinfo.fr\/remiremontinfo\/?s={search_term_string}\"},\"query-input\":\"required name=search_term_string\"}],\"inLanguage\":\"fr-FR\"},{\"@type\":\"Organization\",\"@id\":\"https:\/\/vosgesinfo.fr\/remiremontinfo\/#organization\",\"name\":\"Remiremont Info\",\"url\":\"https:\/\/vosgesinfo.fr\/remiremontinfo\/\",\"logo\":{\"@type\":\"ImageObject\",\"inLanguage\":\"fr-FR\",\"@id\":\"https:\/\/vosgesinfo.fr\/remiremontinfo\/#\/schema\/logo\/image\/\",\"url\":\"https:\/\/vosgesinfo.fr\/app\/uploads\/sites\/5\/2023\/08\/favicon-remiremontinfo.png\",\"contentUrl\":\"https:\/\/vosgesinfo.fr\/app\/uploads\/sites\/5\/2023\/08\/favicon-remiremontinfo.png\",\"width\":512,\"height\":512,\"caption\":\"Remiremont Info\"},\"image\":{\"@id\":\"https:\/\/vosgesinfo.fr\/remiremontinfo\/#\/schema\/logo\/image\/\"},\"sameAs\":[\"https:\/\/www.facebook.com\/remiremontinfo\",\"https:\/\/x.com\/VosgesInfo88\",\"https:\/\/www.youtube.com\/@vosgesinfo\"]},{\"@type\":\"Person\",\"@id\":\"https:\/\/vosgesinfo.fr\/remiremontinfo\/#\/schema\/person\/27a3695b06db98895b354c0765cdfc31\",\"name\":\"La redaction\",\"image\":{\"@type\":\"ImageObject\",\"inLanguage\":\"fr-FR\",\"@id\":\"https:\/\/vosgesinfo.fr\/remiremontinfo\/#\/schema\/person\/image\/\",\"url\":\"https:\/\/secure.gravatar.com\/avatar\/64c76a78e501cedee55736f43f332df901e1896ae9cd8fad269ae2236dd0e8b6?s=96&d=mm&r=g\",\"contentUrl\":\"https:\/\/secure.gravatar.com\/avatar\/64c76a78e501cedee55736f43f332df901e1896ae9cd8fad269ae2236dd0e8b6?s=96&d=mm&r=g\",\"caption\":\"La redaction\"},\"url\":\"https:\/\/vosgesinfo.fr\/remiremontinfo\/author\/la-redaction\/\"}]}<\/script>\n<!-- \/ Yoast SEO plugin. -->","yoast_head_json":{"title":"Deux randonneurs secourus \u00e0 Lispach sur les hauteurs de La Bresse - Remiremont Info","robots":{"index":"index","follow":"follow","max-snippet":"max-snippet:-1","max-image-preview":"max-image-preview:large","max-video-preview":"max-video-preview:-1"},"canonical":"https:\/\/vosgesinfo.fr\/remiremontinfo\/2024\/12\/deux-randonneurs-secourue-a-lispach-sur-les-hauteurs-de-la-bresse\/","twitter_card":"summary_large_image","twitter_title":"Deux randonneurs secourus \u00e0 Lispach sur les hauteurs de La Bresse - Remiremont Info","twitter_description":"&nbsp; Ce dimanche 29 d\u00e9cembre 2024, vers 20 heures, le Peloton de Gendarmerie de Haute Montagne (PGHM) de Xonrupt-Longemer est [&hellip;]","twitter_image":"https:\/\/vosgesinfo.fr\/app\/uploads\/sites\/5\/2024\/12\/secours-dielaine.jpg","twitter_creator":"@VosgesInfo88","twitter_site":"@VosgesInfo88","twitter_misc":{"\u00c9crit par":"La redaction","Dur\u00e9e de lecture estim\u00e9e":"1 minute"},"schema":{"@context":"https:\/\/schema.org","@graph":[{"@type":"Article","@id":"https:\/\/vosgesinfo.fr\/remiremontinfo\/2024\/12\/deux-randonneurs-secourue-a-lispach-sur-les-hauteurs-de-la-bresse\/#article","isPartOf":{"@id":"https:\/\/vosgesinfo.fr\/remiremontinfo\/2024\/12\/deux-randonneurs-secourue-a-lispach-sur-les-hauteurs-de-la-bresse\/"},"author":{"name":"La redaction","@id":"https:\/\/vosgesinfo.fr\/remiremontinfo\/#\/schema\/person\/27a3695b06db98895b354c0765cdfc31"},"headline":"Deux randonneurs secourus \u00e0 Lispach sur les hauteurs de La Bresse","datePublished":"2024-12-29T21:55:58+00:00","dateModified":"2024-12-30T09:29:43+00:00","mainEntityOfPage":{"@id":"https:\/\/vosgesinfo.fr\/remiremontinfo\/2024\/12\/deux-randonneurs-secourue-a-lispach-sur-les-hauteurs-de-la-bresse\/"},"wordCount":144,"commentCount":1,"publisher":{"@id":"https:\/\/vosgesinfo.fr\/remiremontinfo\/#organization"},"image":{"@id":"https:\/\/vosgesinfo.fr\/remiremontinfo\/2024\/12\/deux-randonneurs-secourue-a-lispach-sur-les-hauteurs-de-la-bresse\/#primaryimage"},"thumbnailUrl":"https:\/\/vosgesinfo.fr\/app\/uploads\/sites\/5\/2024\/12\/secours-dielaine.jpg","keywords":["lispach","PGHM Xonrupt-Longemer"],"articleSection":["A la Une","Faits-divers","G\u00e9rardmer","Remiremont","Saint-di\u00e9"],"inLanguage":"fr-FR","potentialAction":[{"@type":"CommentAction","name":"Comment","target":["https:\/\/vosgesinfo.fr\/remiremontinfo\/2024\/12\/deux-randonneurs-secourue-a-lispach-sur-les-hauteurs-de-la-bresse\/#respond"]}]},{"@type":"WebPage","@id":"https:\/\/vosgesinfo.fr\/remiremontinfo\/2024\/12\/deux-randonneurs-secourue-a-lispach-sur-les-hauteurs-de-la-bresse\/","url":"https:\/\/vosgesinfo.fr\/remiremontinfo\/2024\/12\/deux-randonneurs-secourue-a-lispach-sur-les-hauteurs-de-la-bresse\/","name":"Deux randonneurs secourus \u00e0 Lispach sur les hauteurs de La Bresse - Remiremont Info","isPartOf":{"@id":"https:\/\/vosgesinfo.fr\/remiremontinfo\/#website"},"primaryImageOfPage":{"@id":"https:\/\/vosgesinfo.fr\/remiremontinfo\/2024\/12\/deux-randonneurs-secourue-a-lispach-sur-les-hauteurs-de-la-bresse\/#primaryimage"},"image":{"@id":"https:\/\/vosgesinfo.fr\/remiremontinfo\/2024\/12\/deux-randonneurs-secourue-a-lispach-sur-les-hauteurs-de-la-bresse\/#primaryimage"},"thumbnailUrl":"https:\/\/vosgesinfo.fr\/app\/uploads\/sites\/5\/2024\/12\/secours-dielaine.jpg","datePublished":"2024-12-29T21:55:58+00:00","dateModified":"2024-12-30T09:29:43+00:00","breadcrumb":{"@id":"https:\/\/vosgesinfo.fr\/remiremontinfo\/2024\/12\/deux-randonneurs-secourue-a-lispach-sur-les-hauteurs-de-la-bresse\/#breadcrumb"},"inLanguage":"fr-FR","potentialAction":[{"@type":"ReadAction","target":["https:\/\/vosgesinfo.fr\/remiremontinfo\/2024\/12\/deux-randonneurs-secourue-a-lispach-sur-les-hauteurs-de-la-bresse\/"]}]},{"@type":"ImageObject","inLanguage":"fr-FR","@id":"https:\/\/vosgesinfo.fr\/remiremontinfo\/2024\/12\/deux-randonneurs-secourue-a-lispach-sur-les-hauteurs-de-la-bresse\/#primaryimage","url":"https:\/\/vosgesinfo.fr\/app\/uploads\/sites\/5\/2024\/12\/secours-dielaine.jpg","contentUrl":"https:\/\/vosgesinfo.fr\/app\/uploads\/sites\/5\/2024\/12\/secours-dielaine.jpg","width":2489,"height":1669},{"@type":"BreadcrumbList","@id":"https:\/\/vosgesinfo.fr\/remiremontinfo\/2024\/12\/deux-randonneurs-secourue-a-lispach-sur-les-hauteurs-de-la-bresse\/#breadcrumb","itemListElement":[{"@type":"ListItem","position":1,"name":"Home","item":"https:\/\/vosgesinfo.fr\/remiremontinfo\/"},{"@type":"ListItem","position":2,"name":"Deux randonneurs secourus \u00e0 Lispach sur les hauteurs de La Bresse"}]},{"@type":"WebSite","@id":"https:\/\/vosgesinfo.fr\/remiremontinfo\/#website","url":"https:\/\/vosgesinfo.fr\/remiremontinfo\/","name":"Remiremont Info","description":"Toute l&#039;actualit\u00e9 de Remiremont","publisher":{"@id":"https:\/\/vosgesinfo.fr\/remiremontinfo\/#organization"},"alternateName":"Toute l'actualit\u00e9 de Remiremont","potentialAction":[{"@type":"SearchAction","target":{"@type":"EntryPoint","urlTemplate":"https:\/\/vosgesinfo.fr\/remiremontinfo\/?s={search_term_string}"},"query-input":"required name=search_term_string"}],"inLanguage":"fr-FR"},{"@type":"Organization","@id":"https:\/\/vosgesinfo.fr\/remiremontinfo\/#organization","name":"Remiremont Info","url":"https:\/\/vosgesinfo.fr\/remiremontinfo\/","logo":{"@type":"ImageObject","inLanguage":"fr-FR","@id":"https:\/\/vosgesinfo.fr\/remiremontinfo\/#\/schema\/logo\/image\/","url":"https:\/\/vosgesinfo.fr\/app\/uploads\/sites\/5\/2023\/08\/favicon-remiremontinfo.png","contentUrl":"https:\/\/vosgesinfo.fr\/app\/uploads\/sites\/5\/2023\/08\/favicon-remiremontinfo.png","width":512,"height":512,"caption":"Remiremont Info"},"image":{"@id":"https:\/\/vosgesinfo.fr\/remiremontinfo\/#\/schema\/logo\/image\/"},"sameAs":["https:\/\/www.facebook.com\/remiremontinfo","https:\/\/x.com\/VosgesInfo88","https:\/\/www.youtube.com\/@vosgesinfo"]},{"@type":"Person","@id":"https:\/\/vosgesinfo.fr\/remiremontinfo\/#\/schema\/person\/27a3695b06db98895b354c0765cdfc31","name":"La redaction","image":{"@type":"ImageObject","inLanguage":"fr-FR","@id":"https:\/\/vosgesinfo.fr\/remiremontinfo\/#\/schema\/person\/image\/","url":"https:\/\/secure.gravatar.com\/avatar\/64c76a78e501cedee55736f43f332df901e1896ae9cd8fad269ae2236dd0e8b6?s=96&d=mm&r=g","contentUrl":"https:\/\/secure.gravatar.com\/avatar\/64c76a78e501cedee55736f43f332df901e1896ae9cd8fad269ae2236dd0e8b6?s=96&d=mm&r=g","caption":"La redaction"},"url":"https:\/\/vosgesinfo.fr\/remiremontinfo\/author\/la-redaction\/"}]}},"_links":{"self":[{"href":"https:\/\/vosgesinfo.fr\/remiremontinfo\/wp-json\/wp\/v2\/posts\/76956","targetHints":{"allow":["GET"]}}],"collection":[{"href":"https:\/\/vosgesinfo.fr\/remiremontinfo\/wp-json\/wp\/v2\/posts"}],"about":[{"href":"https:\/\/vosgesinfo.fr\/remiremontinfo\/wp-json\/wp\/v2\/types\/post"}],"author":[{"embeddable":true,"href":"https:\/\/vosgesinfo.fr\/remiremontinfo\/wp-json\/wp\/v2\/users\/391"}],"replies":[{"embeddable":true,"href":"https:\/\/vosgesinfo.fr\/remiremontinfo\/wp-json\/wp\/v2\/comments?post=76956"}],"version-history":[{"count":2,"href":"https:\/\/vosgesinfo.fr\/remiremontinfo\/wp-json\/wp\/v2\/posts\/76956\/revisions"}],"predecessor-version":[{"id":76974,"href":"https:\/\/vosgesinfo.fr\/remiremontinfo\/wp-json\/wp\/v2\/posts\/76956\/revisions\/76974"}],"wp:featuredmedia":[{"embeddable":true,"href":"https:\/\/vosgesinfo.fr\/remiremontinfo\/wp-json\/wp\/v2\/media\/76957"}],"wp:attachment":[{"href":"https:\/\/vosgesinfo.fr\/remiremontinfo\/wp-json\/wp\/v2\/media?parent=76956"}],"wp:term":[{"taxonomy":"category","embeddable":true,"href":"https:\/\/vosgesinfo.fr\/remiremontinfo\/wp-json\/wp\/v2\/categories?post=76956"},{"taxonomy":"post_tag","embeddable":true,"href":"https:\/\/vosgesinfo.fr\/remiremontinfo\/wp-json\/wp\/v2\/tags?post=76956"}],"curies":[{"name":"wp","href":"https:\/\/api.w.org\/{rel}","templated":true}]}}