{"id":77051,"date":"2025-01-02T19:50:48","date_gmt":"2025-01-02T18:50:48","guid":{"rendered":"https:\/\/vosgesinfo.fr\/remiremontinfo\/2025\/01\/vosges-soyez-tres-vigilants-sur-les-routes\/"},"modified":"2025-01-02T19:50:48","modified_gmt":"2025-01-02T18:50:48","slug":"vosges-soyez-tres-vigilants-sur-les-routes","status":"publish","type":"post","link":"https:\/\/vosgesinfo.fr\/remiremontinfo\/2025\/01\/vosges-soyez-tres-vigilants-sur-les-routes\/","title":{"rendered":"Vosges &#8211; Soyez tr\u00e8s vigilants sur les routes !"},"content":{"rendered":"<p><a href=\"https:\/\/vosgesinfo.fr\/app\/uploads\/sites\/3\/2024\/11\/202303vosges-neige-route-des-cretes-1024x768-1.jpg\"><img decoding=\"async\" class=\"aligncenter size-full wp-image-124673\" src=\"https:\/\/vosgesinfo.fr\/app\/uploads\/sites\/3\/2024\/11\/202303vosges-neige-route-des-cretes-1024x768-1.jpg\" alt=\"\" width=\"1024\" height=\"768\" \/><\/a><\/p>\n<p>&nbsp;<\/p>\n<p>L&rsquo;\u00e9pisode neigeux de ce jeudi apr\u00e8s-midi met actuellement de nombreux automobilistes en difficult\u00e9. Les routes sont tr\u00e8s peu d\u00e9gag\u00e9es y compris les grands axes qui demeurent tr\u00e8s glissants. R\u00e9duisez votre vitesse, augmentez les distances de s\u00e9curit\u00e9 et conduisez souplement.<\/p>\n","protected":false},"excerpt":{"rendered":"<p>&nbsp; L&rsquo;\u00e9pisode neigeux de ce jeudi apr\u00e8s-midi met actuellement de nombreux automobilistes en difficult\u00e9. Les routes sont tr\u00e8s peu d\u00e9gag\u00e9es [&hellip;]<\/p>\n","protected":false},"author":52,"featured_media":77052,"comment_status":"open","ping_status":"open","sticky":false,"template":"","format":"standard","meta":{"footnotes":""},"categories":[26,108,8,62,845,127,43,362],"tags":[487,2083,72,635,2297,32],"class_list":["post-77051","post","type-post","status-publish","format-standard","has-post-thumbnail","hentry","category-a-la-une","category-epinal","category-faits-divers","category-gerardmer","category-la-plaine-des-vosges","category-meteo","category-remiremont-remiremont-son-canton","category-saint-die","tag-neige","tag-routes","tag-securite-routiere","tag-trafic","tag-vigilance","tag-vosges"],"acf":[],"yoast_head":"<!-- This site is optimized with the Yoast SEO plugin v22.5 - https:\/\/yoast.com\/wordpress\/plugins\/seo\/ -->\n<title>Vosges - Soyez tr\u00e8s vigilants sur les routes ! - Remiremont Info<\/title>\n<meta name=\"robots\" content=\"index, follow, max-snippet:-1, max-image-preview:large, max-video-preview:-1\" \/>\n<link rel=\"canonical\" href=\"https:\/\/vosgesinfo.fr\/remiremontinfo\/2025\/01\/vosges-soyez-tres-vigilants-sur-les-routes\/\" \/>\n<meta name=\"twitter:card\" content=\"summary_large_image\" \/>\n<meta name=\"twitter:title\" content=\"Vosges - Soyez tr\u00e8s vigilants sur les routes ! - Remiremont Info\" \/>\n<meta name=\"twitter:description\" content=\"&nbsp; L&rsquo;\u00e9pisode neigeux de ce jeudi apr\u00e8s-midi met actuellement de nombreux automobilistes en difficult\u00e9. Les routes sont tr\u00e8s peu d\u00e9gag\u00e9es [&hellip;]\" \/>\n<meta name=\"twitter:image\" content=\"https:\/\/vosgesinfo.fr\/app\/uploads\/sites\/5\/2025\/01\/202303vosges-neige-route-des-cretes-1024x768-1.jpg\" \/>\n<meta name=\"twitter:creator\" content=\"@VosgesInfo88\" \/>\n<meta name=\"twitter:site\" content=\"@VosgesInfo88\" \/>\n<meta name=\"twitter:label1\" content=\"\u00c9crit par\" \/>\n\t<meta name=\"twitter:data1\" content=\"C.K.\" \/>\n<script type=\"application\/ld+json\" class=\"yoast-schema-graph\">{\"@context\":\"https:\/\/schema.org\",\"@graph\":[{\"@type\":\"Article\",\"@id\":\"https:\/\/vosgesinfo.fr\/remiremontinfo\/2025\/01\/vosges-soyez-tres-vigilants-sur-les-routes\/#article\",\"isPartOf\":{\"@id\":\"https:\/\/vosgesinfo.fr\/remiremontinfo\/2025\/01\/vosges-soyez-tres-vigilants-sur-les-routes\/\"},\"author\":{\"name\":\"C.K.\",\"@id\":\"https:\/\/vosgesinfo.fr\/remiremontinfo\/#\/schema\/person\/6f9a650eeea99d969b6c4ab78fccbe81\"},\"headline\":\"Vosges &#8211; Soyez tr\u00e8s vigilants sur les routes !\",\"datePublished\":\"2025-01-02T18:50:48+00:00\",\"dateModified\":\"2025-01-02T18:50:48+00:00\",\"mainEntityOfPage\":{\"@id\":\"https:\/\/vosgesinfo.fr\/remiremontinfo\/2025\/01\/vosges-soyez-tres-vigilants-sur-les-routes\/\"},\"wordCount\":57,\"commentCount\":0,\"publisher\":{\"@id\":\"https:\/\/vosgesinfo.fr\/remiremontinfo\/#organization\"},\"image\":{\"@id\":\"https:\/\/vosgesinfo.fr\/remiremontinfo\/2025\/01\/vosges-soyez-tres-vigilants-sur-les-routes\/#primaryimage\"},\"thumbnailUrl\":\"https:\/\/vosgesinfo.fr\/app\/uploads\/sites\/5\/2025\/01\/202303vosges-neige-route-des-cretes-1024x768-1.jpg\",\"keywords\":[\"neige\",\"routes\",\"S\u00e9curit\u00e9 routi\u00e8re\",\"trafic\",\"vigilance\",\"Vosges\"],\"articleSection\":[\"A la Une\",\"Epinal\",\"Faits-divers\",\"G\u00e9rardmer\",\"La plaine des vosges\",\"M\u00e9t\u00e9o\",\"Remiremont\",\"Saint-di\u00e9\"],\"inLanguage\":\"fr-FR\",\"potentialAction\":[{\"@type\":\"CommentAction\",\"name\":\"Comment\",\"target\":[\"https:\/\/vosgesinfo.fr\/remiremontinfo\/2025\/01\/vosges-soyez-tres-vigilants-sur-les-routes\/#respond\"]}]},{\"@type\":\"WebPage\",\"@id\":\"https:\/\/vosgesinfo.fr\/remiremontinfo\/2025\/01\/vosges-soyez-tres-vigilants-sur-les-routes\/\",\"url\":\"https:\/\/vosgesinfo.fr\/remiremontinfo\/2025\/01\/vosges-soyez-tres-vigilants-sur-les-routes\/\",\"name\":\"Vosges - Soyez tr\u00e8s vigilants sur les routes ! - Remiremont Info\",\"isPartOf\":{\"@id\":\"https:\/\/vosgesinfo.fr\/remiremontinfo\/#website\"},\"primaryImageOfPage\":{\"@id\":\"https:\/\/vosgesinfo.fr\/remiremontinfo\/2025\/01\/vosges-soyez-tres-vigilants-sur-les-routes\/#primaryimage\"},\"image\":{\"@id\":\"https:\/\/vosgesinfo.fr\/remiremontinfo\/2025\/01\/vosges-soyez-tres-vigilants-sur-les-routes\/#primaryimage\"},\"thumbnailUrl\":\"https:\/\/vosgesinfo.fr\/app\/uploads\/sites\/5\/2025\/01\/202303vosges-neige-route-des-cretes-1024x768-1.jpg\",\"datePublished\":\"2025-01-02T18:50:48+00:00\",\"dateModified\":\"2025-01-02T18:50:48+00:00\",\"breadcrumb\":{\"@id\":\"https:\/\/vosgesinfo.fr\/remiremontinfo\/2025\/01\/vosges-soyez-tres-vigilants-sur-les-routes\/#breadcrumb\"},\"inLanguage\":\"fr-FR\",\"potentialAction\":[{\"@type\":\"ReadAction\",\"target\":[\"https:\/\/vosgesinfo.fr\/remiremontinfo\/2025\/01\/vosges-soyez-tres-vigilants-sur-les-routes\/\"]}]},{\"@type\":\"ImageObject\",\"inLanguage\":\"fr-FR\",\"@id\":\"https:\/\/vosgesinfo.fr\/remiremontinfo\/2025\/01\/vosges-soyez-tres-vigilants-sur-les-routes\/#primaryimage\",\"url\":\"https:\/\/vosgesinfo.fr\/app\/uploads\/sites\/5\/2025\/01\/202303vosges-neige-route-des-cretes-1024x768-1.jpg\",\"contentUrl\":\"https:\/\/vosgesinfo.fr\/app\/uploads\/sites\/5\/2025\/01\/202303vosges-neige-route-des-cretes-1024x768-1.jpg\",\"width\":1024,\"height\":768},{\"@type\":\"BreadcrumbList\",\"@id\":\"https:\/\/vosgesinfo.fr\/remiremontinfo\/2025\/01\/vosges-soyez-tres-vigilants-sur-les-routes\/#breadcrumb\",\"itemListElement\":[{\"@type\":\"ListItem\",\"position\":1,\"name\":\"Home\",\"item\":\"https:\/\/vosgesinfo.fr\/remiremontinfo\/\"},{\"@type\":\"ListItem\",\"position\":2,\"name\":\"Vosges &#8211; Soyez tr\u00e8s vigilants sur les routes !\"}]},{\"@type\":\"WebSite\",\"@id\":\"https:\/\/vosgesinfo.fr\/remiremontinfo\/#website\",\"url\":\"https:\/\/vosgesinfo.fr\/remiremontinfo\/\",\"name\":\"Remiremont Info\",\"description\":\"Toute l&#039;actualit\u00e9 de Remiremont\",\"publisher\":{\"@id\":\"https:\/\/vosgesinfo.fr\/remiremontinfo\/#organization\"},\"alternateName\":\"Toute l'actualit\u00e9 de Remiremont\",\"potentialAction\":[{\"@type\":\"SearchAction\",\"target\":{\"@type\":\"EntryPoint\",\"urlTemplate\":\"https:\/\/vosgesinfo.fr\/remiremontinfo\/?s={search_term_string}\"},\"query-input\":\"required name=search_term_string\"}],\"inLanguage\":\"fr-FR\"},{\"@type\":\"Organization\",\"@id\":\"https:\/\/vosgesinfo.fr\/remiremontinfo\/#organization\",\"name\":\"Remiremont Info\",\"url\":\"https:\/\/vosgesinfo.fr\/remiremontinfo\/\",\"logo\":{\"@type\":\"ImageObject\",\"inLanguage\":\"fr-FR\",\"@id\":\"https:\/\/vosgesinfo.fr\/remiremontinfo\/#\/schema\/logo\/image\/\",\"url\":\"https:\/\/vosgesinfo.fr\/app\/uploads\/sites\/5\/2023\/08\/favicon-remiremontinfo.png\",\"contentUrl\":\"https:\/\/vosgesinfo.fr\/app\/uploads\/sites\/5\/2023\/08\/favicon-remiremontinfo.png\",\"width\":512,\"height\":512,\"caption\":\"Remiremont Info\"},\"image\":{\"@id\":\"https:\/\/vosgesinfo.fr\/remiremontinfo\/#\/schema\/logo\/image\/\"},\"sameAs\":[\"https:\/\/www.facebook.com\/remiremontinfo\",\"https:\/\/x.com\/VosgesInfo88\",\"https:\/\/www.youtube.com\/@vosgesinfo\"]},{\"@type\":\"Person\",\"@id\":\"https:\/\/vosgesinfo.fr\/remiremontinfo\/#\/schema\/person\/6f9a650eeea99d969b6c4ab78fccbe81\",\"name\":\"C.K.\",\"image\":{\"@type\":\"ImageObject\",\"inLanguage\":\"fr-FR\",\"@id\":\"https:\/\/vosgesinfo.fr\/remiremontinfo\/#\/schema\/person\/image\/\",\"url\":\"https:\/\/secure.gravatar.com\/avatar\/48e3fc7f8421ba8942be6b74a2b7f014ca39bc00dece156b7a8e098ae7dc87bf?s=96&d=mm&r=g\",\"contentUrl\":\"https:\/\/secure.gravatar.com\/avatar\/48e3fc7f8421ba8942be6b74a2b7f014ca39bc00dece156b7a8e098ae7dc87bf?s=96&d=mm&r=g\",\"caption\":\"C.K.\"},\"url\":\"https:\/\/vosgesinfo.fr\/remiremontinfo\/author\/celia-k-n\/\"}]}<\/script>\n<!-- \/ Yoast SEO plugin. -->","yoast_head_json":{"title":"Vosges - Soyez tr\u00e8s vigilants sur les routes ! - Remiremont Info","robots":{"index":"index","follow":"follow","max-snippet":"max-snippet:-1","max-image-preview":"max-image-preview:large","max-video-preview":"max-video-preview:-1"},"canonical":"https:\/\/vosgesinfo.fr\/remiremontinfo\/2025\/01\/vosges-soyez-tres-vigilants-sur-les-routes\/","twitter_card":"summary_large_image","twitter_title":"Vosges - Soyez tr\u00e8s vigilants sur les routes ! - Remiremont Info","twitter_description":"&nbsp; L&rsquo;\u00e9pisode neigeux de ce jeudi apr\u00e8s-midi met actuellement de nombreux automobilistes en difficult\u00e9. Les routes sont tr\u00e8s peu d\u00e9gag\u00e9es [&hellip;]","twitter_image":"https:\/\/vosgesinfo.fr\/app\/uploads\/sites\/5\/2025\/01\/202303vosges-neige-route-des-cretes-1024x768-1.jpg","twitter_creator":"@VosgesInfo88","twitter_site":"@VosgesInfo88","twitter_misc":{"\u00c9crit par":"C.K."},"schema":{"@context":"https:\/\/schema.org","@graph":[{"@type":"Article","@id":"https:\/\/vosgesinfo.fr\/remiremontinfo\/2025\/01\/vosges-soyez-tres-vigilants-sur-les-routes\/#article","isPartOf":{"@id":"https:\/\/vosgesinfo.fr\/remiremontinfo\/2025\/01\/vosges-soyez-tres-vigilants-sur-les-routes\/"},"author":{"name":"C.K.","@id":"https:\/\/vosgesinfo.fr\/remiremontinfo\/#\/schema\/person\/6f9a650eeea99d969b6c4ab78fccbe81"},"headline":"Vosges &#8211; Soyez tr\u00e8s vigilants sur les routes !","datePublished":"2025-01-02T18:50:48+00:00","dateModified":"2025-01-02T18:50:48+00:00","mainEntityOfPage":{"@id":"https:\/\/vosgesinfo.fr\/remiremontinfo\/2025\/01\/vosges-soyez-tres-vigilants-sur-les-routes\/"},"wordCount":57,"commentCount":0,"publisher":{"@id":"https:\/\/vosgesinfo.fr\/remiremontinfo\/#organization"},"image":{"@id":"https:\/\/vosgesinfo.fr\/remiremontinfo\/2025\/01\/vosges-soyez-tres-vigilants-sur-les-routes\/#primaryimage"},"thumbnailUrl":"https:\/\/vosgesinfo.fr\/app\/uploads\/sites\/5\/2025\/01\/202303vosges-neige-route-des-cretes-1024x768-1.jpg","keywords":["neige","routes","S\u00e9curit\u00e9 routi\u00e8re","trafic","vigilance","Vosges"],"articleSection":["A la Une","Epinal","Faits-divers","G\u00e9rardmer","La plaine des vosges","M\u00e9t\u00e9o","Remiremont","Saint-di\u00e9"],"inLanguage":"fr-FR","potentialAction":[{"@type":"CommentAction","name":"Comment","target":["https:\/\/vosgesinfo.fr\/remiremontinfo\/2025\/01\/vosges-soyez-tres-vigilants-sur-les-routes\/#respond"]}]},{"@type":"WebPage","@id":"https:\/\/vosgesinfo.fr\/remiremontinfo\/2025\/01\/vosges-soyez-tres-vigilants-sur-les-routes\/","url":"https:\/\/vosgesinfo.fr\/remiremontinfo\/2025\/01\/vosges-soyez-tres-vigilants-sur-les-routes\/","name":"Vosges - Soyez tr\u00e8s vigilants sur les routes ! - Remiremont Info","isPartOf":{"@id":"https:\/\/vosgesinfo.fr\/remiremontinfo\/#website"},"primaryImageOfPage":{"@id":"https:\/\/vosgesinfo.fr\/remiremontinfo\/2025\/01\/vosges-soyez-tres-vigilants-sur-les-routes\/#primaryimage"},"image":{"@id":"https:\/\/vosgesinfo.fr\/remiremontinfo\/2025\/01\/vosges-soyez-tres-vigilants-sur-les-routes\/#primaryimage"},"thumbnailUrl":"https:\/\/vosgesinfo.fr\/app\/uploads\/sites\/5\/2025\/01\/202303vosges-neige-route-des-cretes-1024x768-1.jpg","datePublished":"2025-01-02T18:50:48+00:00","dateModified":"2025-01-02T18:50:48+00:00","breadcrumb":{"@id":"https:\/\/vosgesinfo.fr\/remiremontinfo\/2025\/01\/vosges-soyez-tres-vigilants-sur-les-routes\/#breadcrumb"},"inLanguage":"fr-FR","potentialAction":[{"@type":"ReadAction","target":["https:\/\/vosgesinfo.fr\/remiremontinfo\/2025\/01\/vosges-soyez-tres-vigilants-sur-les-routes\/"]}]},{"@type":"ImageObject","inLanguage":"fr-FR","@id":"https:\/\/vosgesinfo.fr\/remiremontinfo\/2025\/01\/vosges-soyez-tres-vigilants-sur-les-routes\/#primaryimage","url":"https:\/\/vosgesinfo.fr\/app\/uploads\/sites\/5\/2025\/01\/202303vosges-neige-route-des-cretes-1024x768-1.jpg","contentUrl":"https:\/\/vosgesinfo.fr\/app\/uploads\/sites\/5\/2025\/01\/202303vosges-neige-route-des-cretes-1024x768-1.jpg","width":1024,"height":768},{"@type":"BreadcrumbList","@id":"https:\/\/vosgesinfo.fr\/remiremontinfo\/2025\/01\/vosges-soyez-tres-vigilants-sur-les-routes\/#breadcrumb","itemListElement":[{"@type":"ListItem","position":1,"name":"Home","item":"https:\/\/vosgesinfo.fr\/remiremontinfo\/"},{"@type":"ListItem","position":2,"name":"Vosges &#8211; Soyez tr\u00e8s vigilants sur les routes !"}]},{"@type":"WebSite","@id":"https:\/\/vosgesinfo.fr\/remiremontinfo\/#website","url":"https:\/\/vosgesinfo.fr\/remiremontinfo\/","name":"Remiremont Info","description":"Toute l&#039;actualit\u00e9 de Remiremont","publisher":{"@id":"https:\/\/vosgesinfo.fr\/remiremontinfo\/#organization"},"alternateName":"Toute l'actualit\u00e9 de Remiremont","potentialAction":[{"@type":"SearchAction","target":{"@type":"EntryPoint","urlTemplate":"https:\/\/vosgesinfo.fr\/remiremontinfo\/?s={search_term_string}"},"query-input":"required name=search_term_string"}],"inLanguage":"fr-FR"},{"@type":"Organization","@id":"https:\/\/vosgesinfo.fr\/remiremontinfo\/#organization","name":"Remiremont Info","url":"https:\/\/vosgesinfo.fr\/remiremontinfo\/","logo":{"@type":"ImageObject","inLanguage":"fr-FR","@id":"https:\/\/vosgesinfo.fr\/remiremontinfo\/#\/schema\/logo\/image\/","url":"https:\/\/vosgesinfo.fr\/app\/uploads\/sites\/5\/2023\/08\/favicon-remiremontinfo.png","contentUrl":"https:\/\/vosgesinfo.fr\/app\/uploads\/sites\/5\/2023\/08\/favicon-remiremontinfo.png","width":512,"height":512,"caption":"Remiremont Info"},"image":{"@id":"https:\/\/vosgesinfo.fr\/remiremontinfo\/#\/schema\/logo\/image\/"},"sameAs":["https:\/\/www.facebook.com\/remiremontinfo","https:\/\/x.com\/VosgesInfo88","https:\/\/www.youtube.com\/@vosgesinfo"]},{"@type":"Person","@id":"https:\/\/vosgesinfo.fr\/remiremontinfo\/#\/schema\/person\/6f9a650eeea99d969b6c4ab78fccbe81","name":"C.K.","image":{"@type":"ImageObject","inLanguage":"fr-FR","@id":"https:\/\/vosgesinfo.fr\/remiremontinfo\/#\/schema\/person\/image\/","url":"https:\/\/secure.gravatar.com\/avatar\/48e3fc7f8421ba8942be6b74a2b7f014ca39bc00dece156b7a8e098ae7dc87bf?s=96&d=mm&r=g","contentUrl":"https:\/\/secure.gravatar.com\/avatar\/48e3fc7f8421ba8942be6b74a2b7f014ca39bc00dece156b7a8e098ae7dc87bf?s=96&d=mm&r=g","caption":"C.K."},"url":"https:\/\/vosgesinfo.fr\/remiremontinfo\/author\/celia-k-n\/"}]}},"_links":{"self":[{"href":"https:\/\/vosgesinfo.fr\/remiremontinfo\/wp-json\/wp\/v2\/posts\/77051","targetHints":{"allow":["GET"]}}],"collection":[{"href":"https:\/\/vosgesinfo.fr\/remiremontinfo\/wp-json\/wp\/v2\/posts"}],"about":[{"href":"https:\/\/vosgesinfo.fr\/remiremontinfo\/wp-json\/wp\/v2\/types\/post"}],"author":[{"embeddable":true,"href":"https:\/\/vosgesinfo.fr\/remiremontinfo\/wp-json\/wp\/v2\/users\/52"}],"replies":[{"embeddable":true,"href":"https:\/\/vosgesinfo.fr\/remiremontinfo\/wp-json\/wp\/v2\/comments?post=77051"}],"version-history":[{"count":0,"href":"https:\/\/vosgesinfo.fr\/remiremontinfo\/wp-json\/wp\/v2\/posts\/77051\/revisions"}],"wp:featuredmedia":[{"embeddable":true,"href":"https:\/\/vosgesinfo.fr\/remiremontinfo\/wp-json\/wp\/v2\/media\/77052"}],"wp:attachment":[{"href":"https:\/\/vosgesinfo.fr\/remiremontinfo\/wp-json\/wp\/v2\/media?parent=77051"}],"wp:term":[{"taxonomy":"category","embeddable":true,"href":"https:\/\/vosgesinfo.fr\/remiremontinfo\/wp-json\/wp\/v2\/categories?post=77051"},{"taxonomy":"post_tag","embeddable":true,"href":"https:\/\/vosgesinfo.fr\/remiremontinfo\/wp-json\/wp\/v2\/tags?post=77051"}],"curies":[{"name":"wp","href":"https:\/\/api.w.org\/{rel}","templated":true}]}}