{"id":77320,"date":"2025-01-12T09:00:39","date_gmt":"2025-01-12T08:00:39","guid":{"rendered":"https:\/\/vosgesinfo.fr\/remiremontinfo\/?p=77320"},"modified":"2025-01-11T20:57:41","modified_gmt":"2025-01-11T19:57:41","slug":"suzanne-zaug-honoree-par-la-medaille-de-la-ville-de-remiremont","status":"publish","type":"post","link":"https:\/\/vosgesinfo.fr\/remiremontinfo\/2025\/01\/suzanne-zaug-honoree-par-la-medaille-de-la-ville-de-remiremont\/","title":{"rendered":"Suzanne Zaug honor\u00e9e par la m\u00e9daille de la ville de Remiremont"},"content":{"rendered":"<p><a href=\"https:\/\/vosgesinfo.fr\/app\/uploads\/sites\/5\/2025\/01\/voeux-maire-remiremont014-scaled.jpg\"><img decoding=\"async\" class=\"aligncenter size-large wp-image-77294\" src=\"https:\/\/vosgesinfo.fr\/app\/uploads\/sites\/5\/2025\/01\/voeux-maire-remiremont014-1024x683.jpg\" alt=\"\" width=\"1024\" height=\"683\" srcset=\"https:\/\/vosgesinfo.fr\/app\/uploads\/sites\/5\/2025\/01\/voeux-maire-remiremont014-1024x683.jpg 1024w, https:\/\/vosgesinfo.fr\/app\/uploads\/sites\/5\/2025\/01\/voeux-maire-remiremont014-300x200.jpg 300w, https:\/\/vosgesinfo.fr\/app\/uploads\/sites\/5\/2025\/01\/voeux-maire-remiremont014-768x512.jpg 768w, https:\/\/vosgesinfo.fr\/app\/uploads\/sites\/5\/2025\/01\/voeux-maire-remiremont014-1536x1024.jpg 1536w, https:\/\/vosgesinfo.fr\/app\/uploads\/sites\/5\/2025\/01\/voeux-maire-remiremont014-2048x1365.jpg 2048w\" sizes=\"(max-width: 1024px) 100vw, 1024px\" \/><\/a><\/p>\n<p><strong>Ce samedi 11 janvier, lors de la c\u00e9r\u00e9monie des v\u0153ux du maire Jean-Beno\u00eet Tisserand, Suzanne Zaug a \u00e9t\u00e9 mise \u00e0 l&rsquo;honneur en recevant la m\u00e9daille de la ville de Remiremont. Une distinction m\u00e9rit\u00e9e pour saluer presque soixante-dix ans de d\u00e9vouement \u00e0 l&rsquo;art musical et \u00e0 la vie culturelle de la ville.<\/strong><\/p>\n<p>Depuis 1957, Suzanne Zaug partage son savoir et sa passion pour la mandoline au sein du Club des Mandolines de Remiremont. Cet engagement sans faille a contribu\u00e9 \u00e0 faire rayonner l\u2019association bien au-del\u00e0 de Remiremont.<\/p>\n<p>L\u2019histoire du couple Zaug est intimement li\u00e9e \u00e0 celle du club. En 1948, Gilbert Zaug &#8211; devenu maire de Remiremont de 1971 \u00e0 1983 &#8211; a pris les r\u00eanes des mandolines avant de fonder, en 1957, une \u00e9cole de musique au sein de laquelle Suzanne Zaug enseigne encore aujourd\u2019hui. La direction a \u00e9t\u00e9 transmise en 2012 \u00e0 Pascal Zaug, leur fils, qui dirige d\u00e9sormais le Club des Mandolines.<\/p>\n<p>En remettant cette m\u00e9daille, Jean-Beno\u00eet Tisserand a salu\u00e9 l\u2019immense contribution de Suzanne Zaug au patrimoine culturel romarimontain. Une reconnaissance qui a \u00e9mu la laur\u00e9ate et le public pr\u00e9sent.<\/p>\n<p>Un hommage qui s\u2019inscrit \u00e9galement dans la volont\u00e9 de la ville de valoriser les talents et les acteurs locaux, qui, comme Suzanne Zaug, contribuent \u00e0 \u00e9crire l\u2019histoire culturelle de Remiremont.<\/p>\n\n\t\t<style type=\"text\/css\">\n\t\t\t#gallery-1 {\n\t\t\t\tmargin: auto;\n\t\t\t}\n\t\t\t#gallery-1 .gallery-item {\n\t\t\t\tfloat: left;\n\t\t\t\tmargin-top: 10px;\n\t\t\t\ttext-align: center;\n\t\t\t\twidth: 50%;\n\t\t\t}\n\t\t\t#gallery-1 img {\n\t\t\t\tborder: 2px solid #cfcfcf;\n\t\t\t}\n\t\t\t#gallery-1 .gallery-caption {\n\t\t\t\tmargin-left: 0;\n\t\t\t}\n\t\t\t\/* see gallery_shortcode() in wp-includes\/media.php *\/\n\t\t<\/style>\n\t\t<div id='gallery-1' class='gallery galleryid-77320 gallery-columns-2 gallery-size-full'><dl class='gallery-item'>\n\t\t\t<dt class='gallery-icon landscape'>\n\t\t\t\t<a href='https:\/\/vosgesinfo.fr\/remiremontinfo\/2025\/01\/voeux-du-maire-de-remiremont-une-retrospective-de-2024-et-des-projets-ambitieux-pour-2025\/voeux-maire-remiremont013\/'><img decoding=\"async\" width=\"2560\" height=\"1707\" src=\"https:\/\/vosgesinfo.fr\/app\/uploads\/sites\/5\/2025\/01\/voeux-maire-remiremont013-scaled.jpg\" class=\"attachment-full size-full\" alt=\"\" srcset=\"https:\/\/vosgesinfo.fr\/app\/uploads\/sites\/5\/2025\/01\/voeux-maire-remiremont013-scaled.jpg 2560w, https:\/\/vosgesinfo.fr\/app\/uploads\/sites\/5\/2025\/01\/voeux-maire-remiremont013-300x200.jpg 300w, https:\/\/vosgesinfo.fr\/app\/uploads\/sites\/5\/2025\/01\/voeux-maire-remiremont013-1024x683.jpg 1024w, https:\/\/vosgesinfo.fr\/app\/uploads\/sites\/5\/2025\/01\/voeux-maire-remiremont013-768x512.jpg 768w, https:\/\/vosgesinfo.fr\/app\/uploads\/sites\/5\/2025\/01\/voeux-maire-remiremont013-1536x1024.jpg 1536w, https:\/\/vosgesinfo.fr\/app\/uploads\/sites\/5\/2025\/01\/voeux-maire-remiremont013-2048x1365.jpg 2048w\" sizes=\"(max-width: 2560px) 100vw, 2560px\" \/><\/a>\n\t\t\t<\/dt><\/dl><dl class='gallery-item'>\n\t\t\t<dt class='gallery-icon landscape'>\n\t\t\t\t<a href='https:\/\/vosgesinfo.fr\/remiremontinfo\/2025\/01\/voeux-du-maire-de-remiremont-une-retrospective-de-2024-et-des-projets-ambitieux-pour-2025\/voeux-maire-remiremont012\/'><img decoding=\"async\" width=\"2560\" height=\"1707\" src=\"https:\/\/vosgesinfo.fr\/app\/uploads\/sites\/5\/2025\/01\/voeux-maire-remiremont012-scaled.jpg\" class=\"attachment-full size-full\" alt=\"\" srcset=\"https:\/\/vosgesinfo.fr\/app\/uploads\/sites\/5\/2025\/01\/voeux-maire-remiremont012-scaled.jpg 2560w, https:\/\/vosgesinfo.fr\/app\/uploads\/sites\/5\/2025\/01\/voeux-maire-remiremont012-300x200.jpg 300w, https:\/\/vosgesinfo.fr\/app\/uploads\/sites\/5\/2025\/01\/voeux-maire-remiremont012-1024x683.jpg 1024w, https:\/\/vosgesinfo.fr\/app\/uploads\/sites\/5\/2025\/01\/voeux-maire-remiremont012-768x512.jpg 768w, https:\/\/vosgesinfo.fr\/app\/uploads\/sites\/5\/2025\/01\/voeux-maire-remiremont012-1536x1024.jpg 1536w, https:\/\/vosgesinfo.fr\/app\/uploads\/sites\/5\/2025\/01\/voeux-maire-remiremont012-2048x1365.jpg 2048w\" sizes=\"(max-width: 2560px) 100vw, 2560px\" \/><\/a>\n\t\t\t<\/dt><\/dl><br style=\"clear: both\" \/>\n\t\t<\/div>\n\n","protected":false},"excerpt":{"rendered":"<p>Ce samedi 11 janvier, lors de la c\u00e9r\u00e9monie des v\u0153ux du maire Jean-Beno\u00eet Tisserand, Suzanne Zaug a \u00e9t\u00e9 mise \u00e0 [&hellip;]<\/p>\n","protected":false},"author":418,"featured_media":77295,"comment_status":"open","ping_status":"open","sticky":false,"template":"","format":"standard","meta":{"footnotes":""},"categories":[26,43],"tags":[347,6890,6889],"class_list":["post-77320","post","type-post","status-publish","format-standard","has-post-thumbnail","hentry","category-a-la-une","category-remiremont-remiremont-son-canton","tag-jean-benoit-tisserand","tag-medaille-de-la-ville-de-remiremont","tag-suzanne-zaug"],"acf":[],"yoast_head":"<!-- This site is optimized with the Yoast SEO plugin v22.5 - https:\/\/yoast.com\/wordpress\/plugins\/seo\/ -->\n<title>Suzanne Zaug honor\u00e9e par la m\u00e9daille de la ville de Remiremont - Remiremont Info<\/title>\n<meta name=\"robots\" content=\"index, follow, max-snippet:-1, max-image-preview:large, max-video-preview:-1\" \/>\n<link rel=\"canonical\" href=\"https:\/\/vosgesinfo.fr\/remiremontinfo\/2025\/01\/suzanne-zaug-honoree-par-la-medaille-de-la-ville-de-remiremont\/\" \/>\n<meta name=\"twitter:card\" content=\"summary_large_image\" \/>\n<meta name=\"twitter:title\" content=\"Suzanne Zaug honor\u00e9e par la m\u00e9daille de la ville de Remiremont - Remiremont Info\" \/>\n<meta name=\"twitter:description\" content=\"Ce samedi 11 janvier, lors de la c\u00e9r\u00e9monie des v\u0153ux du maire Jean-Beno\u00eet Tisserand, Suzanne Zaug a \u00e9t\u00e9 mise \u00e0 [&hellip;]\" \/>\n<meta name=\"twitter:image\" content=\"https:\/\/vosgesinfo.fr\/app\/uploads\/sites\/5\/2025\/01\/voeux-maire-remiremont013-scaled.jpg\" \/>\n<meta name=\"twitter:creator\" content=\"@VosgesInfo88\" \/>\n<meta name=\"twitter:site\" content=\"@VosgesInfo88\" \/>\n<meta name=\"twitter:label1\" content=\"\u00c9crit par\" \/>\n\t<meta name=\"twitter:data1\" content=\"C.M\" \/>\n\t<meta name=\"twitter:label2\" content=\"Dur\u00e9e de lecture estim\u00e9e\" \/>\n\t<meta name=\"twitter:data2\" content=\"1 minute\" \/>\n<script type=\"application\/ld+json\" class=\"yoast-schema-graph\">{\"@context\":\"https:\/\/schema.org\",\"@graph\":[{\"@type\":\"Article\",\"@id\":\"https:\/\/vosgesinfo.fr\/remiremontinfo\/2025\/01\/suzanne-zaug-honoree-par-la-medaille-de-la-ville-de-remiremont\/#article\",\"isPartOf\":{\"@id\":\"https:\/\/vosgesinfo.fr\/remiremontinfo\/2025\/01\/suzanne-zaug-honoree-par-la-medaille-de-la-ville-de-remiremont\/\"},\"author\":{\"name\":\"C.M\",\"@id\":\"https:\/\/vosgesinfo.fr\/remiremontinfo\/#\/schema\/person\/4f38cd3068e342935b7304695c797d08\"},\"headline\":\"Suzanne Zaug honor\u00e9e par la m\u00e9daille de la ville de Remiremont\",\"datePublished\":\"2025-01-12T08:00:39+00:00\",\"dateModified\":\"2025-01-11T19:57:41+00:00\",\"mainEntityOfPage\":{\"@id\":\"https:\/\/vosgesinfo.fr\/remiremontinfo\/2025\/01\/suzanne-zaug-honoree-par-la-medaille-de-la-ville-de-remiremont\/\"},\"wordCount\":238,\"commentCount\":2,\"publisher\":{\"@id\":\"https:\/\/vosgesinfo.fr\/remiremontinfo\/#organization\"},\"image\":{\"@id\":\"https:\/\/vosgesinfo.fr\/remiremontinfo\/2025\/01\/suzanne-zaug-honoree-par-la-medaille-de-la-ville-de-remiremont\/#primaryimage\"},\"thumbnailUrl\":\"https:\/\/vosgesinfo.fr\/app\/uploads\/sites\/5\/2025\/01\/voeux-maire-remiremont013-scaled.jpg\",\"keywords\":[\"Jean-Beno\u00eet TISSERAND\",\"M\u00e9daille de la ville de Remiremont\",\"Suzanne Zaug\"],\"articleSection\":[\"A la Une\",\"Remiremont\"],\"inLanguage\":\"fr-FR\",\"potentialAction\":[{\"@type\":\"CommentAction\",\"name\":\"Comment\",\"target\":[\"https:\/\/vosgesinfo.fr\/remiremontinfo\/2025\/01\/suzanne-zaug-honoree-par-la-medaille-de-la-ville-de-remiremont\/#respond\"]}]},{\"@type\":\"WebPage\",\"@id\":\"https:\/\/vosgesinfo.fr\/remiremontinfo\/2025\/01\/suzanne-zaug-honoree-par-la-medaille-de-la-ville-de-remiremont\/\",\"url\":\"https:\/\/vosgesinfo.fr\/remiremontinfo\/2025\/01\/suzanne-zaug-honoree-par-la-medaille-de-la-ville-de-remiremont\/\",\"name\":\"Suzanne Zaug honor\u00e9e par la m\u00e9daille de la ville de Remiremont - Remiremont Info\",\"isPartOf\":{\"@id\":\"https:\/\/vosgesinfo.fr\/remiremontinfo\/#website\"},\"primaryImageOfPage\":{\"@id\":\"https:\/\/vosgesinfo.fr\/remiremontinfo\/2025\/01\/suzanne-zaug-honoree-par-la-medaille-de-la-ville-de-remiremont\/#primaryimage\"},\"image\":{\"@id\":\"https:\/\/vosgesinfo.fr\/remiremontinfo\/2025\/01\/suzanne-zaug-honoree-par-la-medaille-de-la-ville-de-remiremont\/#primaryimage\"},\"thumbnailUrl\":\"https:\/\/vosgesinfo.fr\/app\/uploads\/sites\/5\/2025\/01\/voeux-maire-remiremont013-scaled.jpg\",\"datePublished\":\"2025-01-12T08:00:39+00:00\",\"dateModified\":\"2025-01-11T19:57:41+00:00\",\"breadcrumb\":{\"@id\":\"https:\/\/vosgesinfo.fr\/remiremontinfo\/2025\/01\/suzanne-zaug-honoree-par-la-medaille-de-la-ville-de-remiremont\/#breadcrumb\"},\"inLanguage\":\"fr-FR\",\"potentialAction\":[{\"@type\":\"ReadAction\",\"target\":[\"https:\/\/vosgesinfo.fr\/remiremontinfo\/2025\/01\/suzanne-zaug-honoree-par-la-medaille-de-la-ville-de-remiremont\/\"]}]},{\"@type\":\"ImageObject\",\"inLanguage\":\"fr-FR\",\"@id\":\"https:\/\/vosgesinfo.fr\/remiremontinfo\/2025\/01\/suzanne-zaug-honoree-par-la-medaille-de-la-ville-de-remiremont\/#primaryimage\",\"url\":\"https:\/\/vosgesinfo.fr\/app\/uploads\/sites\/5\/2025\/01\/voeux-maire-remiremont013-scaled.jpg\",\"contentUrl\":\"https:\/\/vosgesinfo.fr\/app\/uploads\/sites\/5\/2025\/01\/voeux-maire-remiremont013-scaled.jpg\",\"width\":2560,\"height\":1707},{\"@type\":\"BreadcrumbList\",\"@id\":\"https:\/\/vosgesinfo.fr\/remiremontinfo\/2025\/01\/suzanne-zaug-honoree-par-la-medaille-de-la-ville-de-remiremont\/#breadcrumb\",\"itemListElement\":[{\"@type\":\"ListItem\",\"position\":1,\"name\":\"Home\",\"item\":\"https:\/\/vosgesinfo.fr\/remiremontinfo\/\"},{\"@type\":\"ListItem\",\"position\":2,\"name\":\"Suzanne Zaug honor\u00e9e par la m\u00e9daille de la ville de Remiremont\"}]},{\"@type\":\"WebSite\",\"@id\":\"https:\/\/vosgesinfo.fr\/remiremontinfo\/#website\",\"url\":\"https:\/\/vosgesinfo.fr\/remiremontinfo\/\",\"name\":\"Remiremont Info\",\"description\":\"Toute l&#039;actualit\u00e9 de Remiremont\",\"publisher\":{\"@id\":\"https:\/\/vosgesinfo.fr\/remiremontinfo\/#organization\"},\"alternateName\":\"Toute l'actualit\u00e9 de Remiremont\",\"potentialAction\":[{\"@type\":\"SearchAction\",\"target\":{\"@type\":\"EntryPoint\",\"urlTemplate\":\"https:\/\/vosgesinfo.fr\/remiremontinfo\/?s={search_term_string}\"},\"query-input\":\"required name=search_term_string\"}],\"inLanguage\":\"fr-FR\"},{\"@type\":\"Organization\",\"@id\":\"https:\/\/vosgesinfo.fr\/remiremontinfo\/#organization\",\"name\":\"Remiremont Info\",\"url\":\"https:\/\/vosgesinfo.fr\/remiremontinfo\/\",\"logo\":{\"@type\":\"ImageObject\",\"inLanguage\":\"fr-FR\",\"@id\":\"https:\/\/vosgesinfo.fr\/remiremontinfo\/#\/schema\/logo\/image\/\",\"url\":\"https:\/\/vosgesinfo.fr\/app\/uploads\/sites\/5\/2023\/08\/favicon-remiremontinfo.png\",\"contentUrl\":\"https:\/\/vosgesinfo.fr\/app\/uploads\/sites\/5\/2023\/08\/favicon-remiremontinfo.png\",\"width\":512,\"height\":512,\"caption\":\"Remiremont Info\"},\"image\":{\"@id\":\"https:\/\/vosgesinfo.fr\/remiremontinfo\/#\/schema\/logo\/image\/\"},\"sameAs\":[\"https:\/\/www.facebook.com\/remiremontinfo\",\"https:\/\/x.com\/VosgesInfo88\",\"https:\/\/www.youtube.com\/@vosgesinfo\"]},{\"@type\":\"Person\",\"@id\":\"https:\/\/vosgesinfo.fr\/remiremontinfo\/#\/schema\/person\/4f38cd3068e342935b7304695c797d08\",\"name\":\"C.M\",\"image\":{\"@type\":\"ImageObject\",\"inLanguage\":\"fr-FR\",\"@id\":\"https:\/\/vosgesinfo.fr\/remiremontinfo\/#\/schema\/person\/image\/\",\"url\":\"https:\/\/secure.gravatar.com\/avatar\/fe9daaef0164d920717484172682f3c5c9bcf7d42aa8c7048c76c34f0eb6c8da?s=96&d=mm&r=g\",\"contentUrl\":\"https:\/\/secure.gravatar.com\/avatar\/fe9daaef0164d920717484172682f3c5c9bcf7d42aa8c7048c76c34f0eb6c8da?s=96&d=mm&r=g\",\"caption\":\"C.M\"},\"url\":\"https:\/\/vosgesinfo.fr\/remiremontinfo\/author\/cm88200\/\"}]}<\/script>\n<!-- \/ Yoast SEO plugin. -->","yoast_head_json":{"title":"Suzanne Zaug honor\u00e9e par la m\u00e9daille de la ville de Remiremont - Remiremont Info","robots":{"index":"index","follow":"follow","max-snippet":"max-snippet:-1","max-image-preview":"max-image-preview:large","max-video-preview":"max-video-preview:-1"},"canonical":"https:\/\/vosgesinfo.fr\/remiremontinfo\/2025\/01\/suzanne-zaug-honoree-par-la-medaille-de-la-ville-de-remiremont\/","twitter_card":"summary_large_image","twitter_title":"Suzanne Zaug honor\u00e9e par la m\u00e9daille de la ville de Remiremont - Remiremont Info","twitter_description":"Ce samedi 11 janvier, lors de la c\u00e9r\u00e9monie des v\u0153ux du maire Jean-Beno\u00eet Tisserand, Suzanne Zaug a \u00e9t\u00e9 mise \u00e0 [&hellip;]","twitter_image":"https:\/\/vosgesinfo.fr\/app\/uploads\/sites\/5\/2025\/01\/voeux-maire-remiremont013-scaled.jpg","twitter_creator":"@VosgesInfo88","twitter_site":"@VosgesInfo88","twitter_misc":{"\u00c9crit par":"C.M","Dur\u00e9e de lecture estim\u00e9e":"1 minute"},"schema":{"@context":"https:\/\/schema.org","@graph":[{"@type":"Article","@id":"https:\/\/vosgesinfo.fr\/remiremontinfo\/2025\/01\/suzanne-zaug-honoree-par-la-medaille-de-la-ville-de-remiremont\/#article","isPartOf":{"@id":"https:\/\/vosgesinfo.fr\/remiremontinfo\/2025\/01\/suzanne-zaug-honoree-par-la-medaille-de-la-ville-de-remiremont\/"},"author":{"name":"C.M","@id":"https:\/\/vosgesinfo.fr\/remiremontinfo\/#\/schema\/person\/4f38cd3068e342935b7304695c797d08"},"headline":"Suzanne Zaug honor\u00e9e par la m\u00e9daille de la ville de Remiremont","datePublished":"2025-01-12T08:00:39+00:00","dateModified":"2025-01-11T19:57:41+00:00","mainEntityOfPage":{"@id":"https:\/\/vosgesinfo.fr\/remiremontinfo\/2025\/01\/suzanne-zaug-honoree-par-la-medaille-de-la-ville-de-remiremont\/"},"wordCount":238,"commentCount":2,"publisher":{"@id":"https:\/\/vosgesinfo.fr\/remiremontinfo\/#organization"},"image":{"@id":"https:\/\/vosgesinfo.fr\/remiremontinfo\/2025\/01\/suzanne-zaug-honoree-par-la-medaille-de-la-ville-de-remiremont\/#primaryimage"},"thumbnailUrl":"https:\/\/vosgesinfo.fr\/app\/uploads\/sites\/5\/2025\/01\/voeux-maire-remiremont013-scaled.jpg","keywords":["Jean-Beno\u00eet TISSERAND","M\u00e9daille de la ville de Remiremont","Suzanne Zaug"],"articleSection":["A la Une","Remiremont"],"inLanguage":"fr-FR","potentialAction":[{"@type":"CommentAction","name":"Comment","target":["https:\/\/vosgesinfo.fr\/remiremontinfo\/2025\/01\/suzanne-zaug-honoree-par-la-medaille-de-la-ville-de-remiremont\/#respond"]}]},{"@type":"WebPage","@id":"https:\/\/vosgesinfo.fr\/remiremontinfo\/2025\/01\/suzanne-zaug-honoree-par-la-medaille-de-la-ville-de-remiremont\/","url":"https:\/\/vosgesinfo.fr\/remiremontinfo\/2025\/01\/suzanne-zaug-honoree-par-la-medaille-de-la-ville-de-remiremont\/","name":"Suzanne Zaug honor\u00e9e par la m\u00e9daille de la ville de Remiremont - Remiremont Info","isPartOf":{"@id":"https:\/\/vosgesinfo.fr\/remiremontinfo\/#website"},"primaryImageOfPage":{"@id":"https:\/\/vosgesinfo.fr\/remiremontinfo\/2025\/01\/suzanne-zaug-honoree-par-la-medaille-de-la-ville-de-remiremont\/#primaryimage"},"image":{"@id":"https:\/\/vosgesinfo.fr\/remiremontinfo\/2025\/01\/suzanne-zaug-honoree-par-la-medaille-de-la-ville-de-remiremont\/#primaryimage"},"thumbnailUrl":"https:\/\/vosgesinfo.fr\/app\/uploads\/sites\/5\/2025\/01\/voeux-maire-remiremont013-scaled.jpg","datePublished":"2025-01-12T08:00:39+00:00","dateModified":"2025-01-11T19:57:41+00:00","breadcrumb":{"@id":"https:\/\/vosgesinfo.fr\/remiremontinfo\/2025\/01\/suzanne-zaug-honoree-par-la-medaille-de-la-ville-de-remiremont\/#breadcrumb"},"inLanguage":"fr-FR","potentialAction":[{"@type":"ReadAction","target":["https:\/\/vosgesinfo.fr\/remiremontinfo\/2025\/01\/suzanne-zaug-honoree-par-la-medaille-de-la-ville-de-remiremont\/"]}]},{"@type":"ImageObject","inLanguage":"fr-FR","@id":"https:\/\/vosgesinfo.fr\/remiremontinfo\/2025\/01\/suzanne-zaug-honoree-par-la-medaille-de-la-ville-de-remiremont\/#primaryimage","url":"https:\/\/vosgesinfo.fr\/app\/uploads\/sites\/5\/2025\/01\/voeux-maire-remiremont013-scaled.jpg","contentUrl":"https:\/\/vosgesinfo.fr\/app\/uploads\/sites\/5\/2025\/01\/voeux-maire-remiremont013-scaled.jpg","width":2560,"height":1707},{"@type":"BreadcrumbList","@id":"https:\/\/vosgesinfo.fr\/remiremontinfo\/2025\/01\/suzanne-zaug-honoree-par-la-medaille-de-la-ville-de-remiremont\/#breadcrumb","itemListElement":[{"@type":"ListItem","position":1,"name":"Home","item":"https:\/\/vosgesinfo.fr\/remiremontinfo\/"},{"@type":"ListItem","position":2,"name":"Suzanne Zaug honor\u00e9e par la m\u00e9daille de la ville de Remiremont"}]},{"@type":"WebSite","@id":"https:\/\/vosgesinfo.fr\/remiremontinfo\/#website","url":"https:\/\/vosgesinfo.fr\/remiremontinfo\/","name":"Remiremont Info","description":"Toute l&#039;actualit\u00e9 de Remiremont","publisher":{"@id":"https:\/\/vosgesinfo.fr\/remiremontinfo\/#organization"},"alternateName":"Toute l'actualit\u00e9 de Remiremont","potentialAction":[{"@type":"SearchAction","target":{"@type":"EntryPoint","urlTemplate":"https:\/\/vosgesinfo.fr\/remiremontinfo\/?s={search_term_string}"},"query-input":"required name=search_term_string"}],"inLanguage":"fr-FR"},{"@type":"Organization","@id":"https:\/\/vosgesinfo.fr\/remiremontinfo\/#organization","name":"Remiremont Info","url":"https:\/\/vosgesinfo.fr\/remiremontinfo\/","logo":{"@type":"ImageObject","inLanguage":"fr-FR","@id":"https:\/\/vosgesinfo.fr\/remiremontinfo\/#\/schema\/logo\/image\/","url":"https:\/\/vosgesinfo.fr\/app\/uploads\/sites\/5\/2023\/08\/favicon-remiremontinfo.png","contentUrl":"https:\/\/vosgesinfo.fr\/app\/uploads\/sites\/5\/2023\/08\/favicon-remiremontinfo.png","width":512,"height":512,"caption":"Remiremont Info"},"image":{"@id":"https:\/\/vosgesinfo.fr\/remiremontinfo\/#\/schema\/logo\/image\/"},"sameAs":["https:\/\/www.facebook.com\/remiremontinfo","https:\/\/x.com\/VosgesInfo88","https:\/\/www.youtube.com\/@vosgesinfo"]},{"@type":"Person","@id":"https:\/\/vosgesinfo.fr\/remiremontinfo\/#\/schema\/person\/4f38cd3068e342935b7304695c797d08","name":"C.M","image":{"@type":"ImageObject","inLanguage":"fr-FR","@id":"https:\/\/vosgesinfo.fr\/remiremontinfo\/#\/schema\/person\/image\/","url":"https:\/\/secure.gravatar.com\/avatar\/fe9daaef0164d920717484172682f3c5c9bcf7d42aa8c7048c76c34f0eb6c8da?s=96&d=mm&r=g","contentUrl":"https:\/\/secure.gravatar.com\/avatar\/fe9daaef0164d920717484172682f3c5c9bcf7d42aa8c7048c76c34f0eb6c8da?s=96&d=mm&r=g","caption":"C.M"},"url":"https:\/\/vosgesinfo.fr\/remiremontinfo\/author\/cm88200\/"}]}},"_links":{"self":[{"href":"https:\/\/vosgesinfo.fr\/remiremontinfo\/wp-json\/wp\/v2\/posts\/77320","targetHints":{"allow":["GET"]}}],"collection":[{"href":"https:\/\/vosgesinfo.fr\/remiremontinfo\/wp-json\/wp\/v2\/posts"}],"about":[{"href":"https:\/\/vosgesinfo.fr\/remiremontinfo\/wp-json\/wp\/v2\/types\/post"}],"author":[{"embeddable":true,"href":"https:\/\/vosgesinfo.fr\/remiremontinfo\/wp-json\/wp\/v2\/users\/418"}],"replies":[{"embeddable":true,"href":"https:\/\/vosgesinfo.fr\/remiremontinfo\/wp-json\/wp\/v2\/comments?post=77320"}],"version-history":[{"count":1,"href":"https:\/\/vosgesinfo.fr\/remiremontinfo\/wp-json\/wp\/v2\/posts\/77320\/revisions"}],"predecessor-version":[{"id":77324,"href":"https:\/\/vosgesinfo.fr\/remiremontinfo\/wp-json\/wp\/v2\/posts\/77320\/revisions\/77324"}],"wp:featuredmedia":[{"embeddable":true,"href":"https:\/\/vosgesinfo.fr\/remiremontinfo\/wp-json\/wp\/v2\/media\/77295"}],"wp:attachment":[{"href":"https:\/\/vosgesinfo.fr\/remiremontinfo\/wp-json\/wp\/v2\/media?parent=77320"}],"wp:term":[{"taxonomy":"category","embeddable":true,"href":"https:\/\/vosgesinfo.fr\/remiremontinfo\/wp-json\/wp\/v2\/categories?post=77320"},{"taxonomy":"post_tag","embeddable":true,"href":"https:\/\/vosgesinfo.fr\/remiremontinfo\/wp-json\/wp\/v2\/tags?post=77320"}],"curies":[{"name":"wp","href":"https:\/\/api.w.org\/{rel}","templated":true}]}}