{"id":77325,"date":"2025-01-12T08:30:49","date_gmt":"2025-01-12T07:30:49","guid":{"rendered":"https:\/\/vosgesinfo.fr\/remiremontinfo\/?p=77325"},"modified":"2025-01-11T21:01:52","modified_gmt":"2025-01-11T20:01:52","slug":"arc-en-ciel-la-chanson-qui-bouge-sera-en-concert-au-centre-culturel-gilbert-zaug-de-remiremont","status":"publish","type":"post","link":"https:\/\/vosgesinfo.fr\/remiremontinfo\/2025\/01\/arc-en-ciel-la-chanson-qui-bouge-sera-en-concert-au-centre-culturel-gilbert-zaug-de-remiremont\/","title":{"rendered":"ARC en CIEL, la \u00ab\u00a0chanson qui bouge\u00a0\u00bb sera en concert au centre culturel Gilbert Zaug de Remiremont"},"content":{"rendered":"<p><a href=\"https:\/\/vosgesinfo.fr\/app\/uploads\/sites\/5\/2025\/01\/p-sl3235.jpeg\"><img decoding=\"async\" class=\"aligncenter size-full wp-image-77326\" src=\"https:\/\/vosgesinfo.fr\/app\/uploads\/sites\/5\/2025\/01\/p-sl3235.jpeg\" alt=\"\" width=\"801\" height=\"450\" srcset=\"https:\/\/vosgesinfo.fr\/app\/uploads\/sites\/5\/2025\/01\/p-sl3235.jpeg 801w, https:\/\/vosgesinfo.fr\/app\/uploads\/sites\/5\/2025\/01\/p-sl3235-300x169.jpeg 300w, https:\/\/vosgesinfo.fr\/app\/uploads\/sites\/5\/2025\/01\/p-sl3235-768x431.jpeg 768w\" sizes=\"(max-width: 801px) 100vw, 801px\" \/><\/a><\/p>\n<p style=\"text-align: left;\"><strong>ARC en CIEL, la \u00ab\u00a0chanson qui bouge\u00a0\u00bb de Saint Am\u00e9 sera en concert prochainement au Centre Culturel Gilbert Zaug de Remiremont.<\/strong><\/p>\n<p>Cet ensemble vocal, compos\u00e9 de 74 choristes, r\u00e9parti en 4 pupitres, interpr\u00e8te des chansons \u00a0issues principalement de la vari\u00e9t\u00e9 fran\u00e7aise mais reprend \u00e9galement des tubes internationaux.<\/p>\n<p>Vous pourrez profiter de plus de deux heures de spectacle compos\u00e9 de cinq tableaux color\u00e9s et dynamiques, cr\u00e9\u00e9, dirig\u00e9 et mis en sc\u00e8ne par son Directeur Artistique \u00a0Emmanuel PARIS,<\/p>\n<p>Ce groupe enjou\u00e9 pr\u00e9pare ses concerts depuis 1 an avec s\u00e9rieux pour vous permettre de voyager et de passer un beau moment de d\u00e9tente et de bonheur musical pour toute la famille. D\u00e9cors originaux, jeux de lumi\u00e8res, diff\u00e9rentes tenues de sc\u00e8ne, accessoires et quelques surprises sublimeront ce nouveau spectacle.<\/p>\n<p>L&rsquo;ann\u00e9e derni\u00e8re la chorale s&rsquo;est produite \u00e0 guichet ferm\u00e9 lors de ces 5 repr\u00e9sentations avec plus de 1685 spectateurs.<\/p>\n<p>Lien de notre page Facebook :\u00a0<a href=\"https:\/\/www.facebook.com\/choralearcencielstame\" target=\"_blank\" rel=\"noopener\"><span class=\"s2\">https:\/\/www.facebook.com\/choralearcencielstame<\/span><\/a><\/p>\n<p><span class=\"s3\">Lien de notre compte <\/span><span class=\"s3\">instagram<\/span><span class=\"s3\">\u00a0:<\/span> <span class=\"s4\">Arcenciel88<\/span><\/p>\n<p><span class=\"s3\">Lien de notre compte <\/span><span class=\"s3\">Tik<\/span><span class=\"s3\"> Tok\u00a0: <\/span><span class=\"s4\">Arcenciel88<\/span><\/p>\n<p><strong>Dates des concerts :<\/strong><br \/>\n<strong>Samedi\u00a08 f\u00e9vrier 20h30<\/strong><br \/>\n<strong>Dimanche\u00a09 f\u00e9vrier 15h00<\/strong><br \/>\n<strong>Vendredi\u00a014 f\u00e9vrier 20h30<\/strong><br \/>\n<strong>Samedi\u00a015 f\u00e9vrier 20h30<\/strong><br \/>\n<strong>et\u00a0Dimanche\u00a016 f\u00e9vrier 15h00.<\/strong><\/p>\n<p>La billetterie sera r\u00e9ouverte \u00e0 compter du 21 janvier \u00e0 l\u2019office de Tourisme de Remiremont, de Plombi\u00e8res et du Val d\u2019Ajol.<br \/>\nT\u00e9l :\u00a0<a><span class=\"s2\">0329622370<\/span><\/a><\/p>\n<p>Tarifs : Adultes 12\u20ac<br \/>\nEnfants de moins de 12 ans : 6\u20ac<\/p>\n<p><a href=\"https:\/\/vosgesinfo.fr\/app\/uploads\/sites\/5\/2025\/01\/471203282-1199995478396539-6107116016068350183-n.jpg\"><img decoding=\"async\" class=\"aligncenter size-large wp-image-77327\" src=\"https:\/\/vosgesinfo.fr\/app\/uploads\/sites\/5\/2025\/01\/471203282-1199995478396539-6107116016068350183-n-721x1024.jpg\" alt=\"\" width=\"721\" height=\"1024\" srcset=\"https:\/\/vosgesinfo.fr\/app\/uploads\/sites\/5\/2025\/01\/471203282-1199995478396539-6107116016068350183-n-721x1024.jpg 721w, https:\/\/vosgesinfo.fr\/app\/uploads\/sites\/5\/2025\/01\/471203282-1199995478396539-6107116016068350183-n-211x300.jpg 211w, https:\/\/vosgesinfo.fr\/app\/uploads\/sites\/5\/2025\/01\/471203282-1199995478396539-6107116016068350183-n-768x1090.jpg 768w, https:\/\/vosgesinfo.fr\/app\/uploads\/sites\/5\/2025\/01\/471203282-1199995478396539-6107116016068350183-n.jpg 1080w\" sizes=\"(max-width: 721px) 100vw, 721px\" \/><\/a><\/p>\n","protected":false},"excerpt":{"rendered":"<p>ARC en CIEL, la \u00ab\u00a0chanson qui bouge\u00a0\u00bb de Saint Am\u00e9 sera en concert prochainement au Centre Culturel Gilbert Zaug de [&hellip;]<\/p>\n","protected":false},"author":391,"featured_media":77326,"comment_status":"open","ping_status":"open","sticky":false,"template":"","format":"standard","meta":{"footnotes":""},"categories":[26,594,43],"tags":[5328,53,44],"class_list":["post-77325","post","type-post","status-publish","format-standard","has-post-thumbnail","hentry","category-a-la-une","category-agenda","category-remiremont-remiremont-son-canton","tag-chorale-arc-en-ciel","tag-concert","tag-remiremont"],"acf":[],"yoast_head":"<!-- This site is optimized with the Yoast SEO plugin v22.5 - https:\/\/yoast.com\/wordpress\/plugins\/seo\/ -->\n<title>ARC en CIEL, la &quot;chanson qui bouge&quot; sera en concert au centre culturel Gilbert Zaug de Remiremont - Remiremont Info<\/title>\n<meta name=\"robots\" content=\"index, follow, max-snippet:-1, max-image-preview:large, max-video-preview:-1\" \/>\n<link rel=\"canonical\" href=\"https:\/\/vosgesinfo.fr\/remiremontinfo\/2025\/01\/arc-en-ciel-la-chanson-qui-bouge-sera-en-concert-au-centre-culturel-gilbert-zaug-de-remiremont\/\" \/>\n<meta name=\"twitter:card\" content=\"summary_large_image\" \/>\n<meta name=\"twitter:title\" content=\"ARC en CIEL, la &quot;chanson qui bouge&quot; sera en concert au centre culturel Gilbert Zaug de Remiremont - Remiremont Info\" \/>\n<meta name=\"twitter:description\" content=\"ARC en CIEL, la \u00ab\u00a0chanson qui bouge\u00a0\u00bb de Saint Am\u00e9 sera en concert prochainement au Centre Culturel Gilbert Zaug de [&hellip;]\" \/>\n<meta name=\"twitter:image\" content=\"https:\/\/vosgesinfo.fr\/app\/uploads\/sites\/5\/2025\/01\/p-sl3235.jpeg\" \/>\n<meta name=\"twitter:creator\" content=\"@VosgesInfo88\" \/>\n<meta name=\"twitter:site\" content=\"@VosgesInfo88\" \/>\n<meta name=\"twitter:label1\" content=\"\u00c9crit par\" \/>\n\t<meta name=\"twitter:data1\" content=\"La redaction\" \/>\n\t<meta name=\"twitter:label2\" content=\"Dur\u00e9e de lecture estim\u00e9e\" \/>\n\t<meta name=\"twitter:data2\" content=\"1 minute\" \/>\n<script type=\"application\/ld+json\" class=\"yoast-schema-graph\">{\"@context\":\"https:\/\/schema.org\",\"@graph\":[{\"@type\":\"Article\",\"@id\":\"https:\/\/vosgesinfo.fr\/remiremontinfo\/2025\/01\/arc-en-ciel-la-chanson-qui-bouge-sera-en-concert-au-centre-culturel-gilbert-zaug-de-remiremont\/#article\",\"isPartOf\":{\"@id\":\"https:\/\/vosgesinfo.fr\/remiremontinfo\/2025\/01\/arc-en-ciel-la-chanson-qui-bouge-sera-en-concert-au-centre-culturel-gilbert-zaug-de-remiremont\/\"},\"author\":{\"name\":\"La redaction\",\"@id\":\"https:\/\/vosgesinfo.fr\/remiremontinfo\/#\/schema\/person\/27a3695b06db98895b354c0765cdfc31\"},\"headline\":\"ARC en CIEL, la \u00ab\u00a0chanson qui bouge\u00a0\u00bb sera en concert au centre culturel Gilbert Zaug de Remiremont\",\"datePublished\":\"2025-01-12T07:30:49+00:00\",\"dateModified\":\"2025-01-11T20:01:52+00:00\",\"mainEntityOfPage\":{\"@id\":\"https:\/\/vosgesinfo.fr\/remiremontinfo\/2025\/01\/arc-en-ciel-la-chanson-qui-bouge-sera-en-concert-au-centre-culturel-gilbert-zaug-de-remiremont\/\"},\"wordCount\":251,\"commentCount\":0,\"publisher\":{\"@id\":\"https:\/\/vosgesinfo.fr\/remiremontinfo\/#organization\"},\"image\":{\"@id\":\"https:\/\/vosgesinfo.fr\/remiremontinfo\/2025\/01\/arc-en-ciel-la-chanson-qui-bouge-sera-en-concert-au-centre-culturel-gilbert-zaug-de-remiremont\/#primaryimage\"},\"thumbnailUrl\":\"https:\/\/vosgesinfo.fr\/app\/uploads\/sites\/5\/2025\/01\/p-sl3235.jpeg\",\"keywords\":[\"chorale arc en ciel\",\"concert\",\"remiremont\"],\"articleSection\":[\"A la Une\",\"Agenda\",\"Remiremont\"],\"inLanguage\":\"fr-FR\",\"potentialAction\":[{\"@type\":\"CommentAction\",\"name\":\"Comment\",\"target\":[\"https:\/\/vosgesinfo.fr\/remiremontinfo\/2025\/01\/arc-en-ciel-la-chanson-qui-bouge-sera-en-concert-au-centre-culturel-gilbert-zaug-de-remiremont\/#respond\"]}]},{\"@type\":\"WebPage\",\"@id\":\"https:\/\/vosgesinfo.fr\/remiremontinfo\/2025\/01\/arc-en-ciel-la-chanson-qui-bouge-sera-en-concert-au-centre-culturel-gilbert-zaug-de-remiremont\/\",\"url\":\"https:\/\/vosgesinfo.fr\/remiremontinfo\/2025\/01\/arc-en-ciel-la-chanson-qui-bouge-sera-en-concert-au-centre-culturel-gilbert-zaug-de-remiremont\/\",\"name\":\"ARC en CIEL, la \\\"chanson qui bouge\\\" sera en concert au centre culturel Gilbert Zaug de Remiremont - Remiremont Info\",\"isPartOf\":{\"@id\":\"https:\/\/vosgesinfo.fr\/remiremontinfo\/#website\"},\"primaryImageOfPage\":{\"@id\":\"https:\/\/vosgesinfo.fr\/remiremontinfo\/2025\/01\/arc-en-ciel-la-chanson-qui-bouge-sera-en-concert-au-centre-culturel-gilbert-zaug-de-remiremont\/#primaryimage\"},\"image\":{\"@id\":\"https:\/\/vosgesinfo.fr\/remiremontinfo\/2025\/01\/arc-en-ciel-la-chanson-qui-bouge-sera-en-concert-au-centre-culturel-gilbert-zaug-de-remiremont\/#primaryimage\"},\"thumbnailUrl\":\"https:\/\/vosgesinfo.fr\/app\/uploads\/sites\/5\/2025\/01\/p-sl3235.jpeg\",\"datePublished\":\"2025-01-12T07:30:49+00:00\",\"dateModified\":\"2025-01-11T20:01:52+00:00\",\"breadcrumb\":{\"@id\":\"https:\/\/vosgesinfo.fr\/remiremontinfo\/2025\/01\/arc-en-ciel-la-chanson-qui-bouge-sera-en-concert-au-centre-culturel-gilbert-zaug-de-remiremont\/#breadcrumb\"},\"inLanguage\":\"fr-FR\",\"potentialAction\":[{\"@type\":\"ReadAction\",\"target\":[\"https:\/\/vosgesinfo.fr\/remiremontinfo\/2025\/01\/arc-en-ciel-la-chanson-qui-bouge-sera-en-concert-au-centre-culturel-gilbert-zaug-de-remiremont\/\"]}]},{\"@type\":\"ImageObject\",\"inLanguage\":\"fr-FR\",\"@id\":\"https:\/\/vosgesinfo.fr\/remiremontinfo\/2025\/01\/arc-en-ciel-la-chanson-qui-bouge-sera-en-concert-au-centre-culturel-gilbert-zaug-de-remiremont\/#primaryimage\",\"url\":\"https:\/\/vosgesinfo.fr\/app\/uploads\/sites\/5\/2025\/01\/p-sl3235.jpeg\",\"contentUrl\":\"https:\/\/vosgesinfo.fr\/app\/uploads\/sites\/5\/2025\/01\/p-sl3235.jpeg\",\"width\":801,\"height\":450},{\"@type\":\"BreadcrumbList\",\"@id\":\"https:\/\/vosgesinfo.fr\/remiremontinfo\/2025\/01\/arc-en-ciel-la-chanson-qui-bouge-sera-en-concert-au-centre-culturel-gilbert-zaug-de-remiremont\/#breadcrumb\",\"itemListElement\":[{\"@type\":\"ListItem\",\"position\":1,\"name\":\"Home\",\"item\":\"https:\/\/vosgesinfo.fr\/remiremontinfo\/\"},{\"@type\":\"ListItem\",\"position\":2,\"name\":\"ARC en CIEL, la \u00ab\u00a0chanson qui bouge\u00a0\u00bb sera en concert au centre culturel Gilbert Zaug de Remiremont\"}]},{\"@type\":\"WebSite\",\"@id\":\"https:\/\/vosgesinfo.fr\/remiremontinfo\/#website\",\"url\":\"https:\/\/vosgesinfo.fr\/remiremontinfo\/\",\"name\":\"Remiremont Info\",\"description\":\"Toute l&#039;actualit\u00e9 de Remiremont\",\"publisher\":{\"@id\":\"https:\/\/vosgesinfo.fr\/remiremontinfo\/#organization\"},\"alternateName\":\"Toute l'actualit\u00e9 de Remiremont\",\"potentialAction\":[{\"@type\":\"SearchAction\",\"target\":{\"@type\":\"EntryPoint\",\"urlTemplate\":\"https:\/\/vosgesinfo.fr\/remiremontinfo\/?s={search_term_string}\"},\"query-input\":\"required name=search_term_string\"}],\"inLanguage\":\"fr-FR\"},{\"@type\":\"Organization\",\"@id\":\"https:\/\/vosgesinfo.fr\/remiremontinfo\/#organization\",\"name\":\"Remiremont Info\",\"url\":\"https:\/\/vosgesinfo.fr\/remiremontinfo\/\",\"logo\":{\"@type\":\"ImageObject\",\"inLanguage\":\"fr-FR\",\"@id\":\"https:\/\/vosgesinfo.fr\/remiremontinfo\/#\/schema\/logo\/image\/\",\"url\":\"https:\/\/vosgesinfo.fr\/app\/uploads\/sites\/5\/2023\/08\/favicon-remiremontinfo.png\",\"contentUrl\":\"https:\/\/vosgesinfo.fr\/app\/uploads\/sites\/5\/2023\/08\/favicon-remiremontinfo.png\",\"width\":512,\"height\":512,\"caption\":\"Remiremont Info\"},\"image\":{\"@id\":\"https:\/\/vosgesinfo.fr\/remiremontinfo\/#\/schema\/logo\/image\/\"},\"sameAs\":[\"https:\/\/www.facebook.com\/remiremontinfo\",\"https:\/\/x.com\/VosgesInfo88\",\"https:\/\/www.youtube.com\/@vosgesinfo\"]},{\"@type\":\"Person\",\"@id\":\"https:\/\/vosgesinfo.fr\/remiremontinfo\/#\/schema\/person\/27a3695b06db98895b354c0765cdfc31\",\"name\":\"La redaction\",\"image\":{\"@type\":\"ImageObject\",\"inLanguage\":\"fr-FR\",\"@id\":\"https:\/\/vosgesinfo.fr\/remiremontinfo\/#\/schema\/person\/image\/\",\"url\":\"https:\/\/secure.gravatar.com\/avatar\/64c76a78e501cedee55736f43f332df901e1896ae9cd8fad269ae2236dd0e8b6?s=96&d=mm&r=g\",\"contentUrl\":\"https:\/\/secure.gravatar.com\/avatar\/64c76a78e501cedee55736f43f332df901e1896ae9cd8fad269ae2236dd0e8b6?s=96&d=mm&r=g\",\"caption\":\"La redaction\"},\"url\":\"https:\/\/vosgesinfo.fr\/remiremontinfo\/author\/la-redaction\/\"}]}<\/script>\n<!-- \/ Yoast SEO plugin. -->","yoast_head_json":{"title":"ARC en CIEL, la \"chanson qui bouge\" sera en concert au centre culturel Gilbert Zaug de Remiremont - Remiremont Info","robots":{"index":"index","follow":"follow","max-snippet":"max-snippet:-1","max-image-preview":"max-image-preview:large","max-video-preview":"max-video-preview:-1"},"canonical":"https:\/\/vosgesinfo.fr\/remiremontinfo\/2025\/01\/arc-en-ciel-la-chanson-qui-bouge-sera-en-concert-au-centre-culturel-gilbert-zaug-de-remiremont\/","twitter_card":"summary_large_image","twitter_title":"ARC en CIEL, la \"chanson qui bouge\" sera en concert au centre culturel Gilbert Zaug de Remiremont - Remiremont Info","twitter_description":"ARC en CIEL, la \u00ab\u00a0chanson qui bouge\u00a0\u00bb de Saint Am\u00e9 sera en concert prochainement au Centre Culturel Gilbert Zaug de [&hellip;]","twitter_image":"https:\/\/vosgesinfo.fr\/app\/uploads\/sites\/5\/2025\/01\/p-sl3235.jpeg","twitter_creator":"@VosgesInfo88","twitter_site":"@VosgesInfo88","twitter_misc":{"\u00c9crit par":"La redaction","Dur\u00e9e de lecture estim\u00e9e":"1 minute"},"schema":{"@context":"https:\/\/schema.org","@graph":[{"@type":"Article","@id":"https:\/\/vosgesinfo.fr\/remiremontinfo\/2025\/01\/arc-en-ciel-la-chanson-qui-bouge-sera-en-concert-au-centre-culturel-gilbert-zaug-de-remiremont\/#article","isPartOf":{"@id":"https:\/\/vosgesinfo.fr\/remiremontinfo\/2025\/01\/arc-en-ciel-la-chanson-qui-bouge-sera-en-concert-au-centre-culturel-gilbert-zaug-de-remiremont\/"},"author":{"name":"La redaction","@id":"https:\/\/vosgesinfo.fr\/remiremontinfo\/#\/schema\/person\/27a3695b06db98895b354c0765cdfc31"},"headline":"ARC en CIEL, la \u00ab\u00a0chanson qui bouge\u00a0\u00bb sera en concert au centre culturel Gilbert Zaug de Remiremont","datePublished":"2025-01-12T07:30:49+00:00","dateModified":"2025-01-11T20:01:52+00:00","mainEntityOfPage":{"@id":"https:\/\/vosgesinfo.fr\/remiremontinfo\/2025\/01\/arc-en-ciel-la-chanson-qui-bouge-sera-en-concert-au-centre-culturel-gilbert-zaug-de-remiremont\/"},"wordCount":251,"commentCount":0,"publisher":{"@id":"https:\/\/vosgesinfo.fr\/remiremontinfo\/#organization"},"image":{"@id":"https:\/\/vosgesinfo.fr\/remiremontinfo\/2025\/01\/arc-en-ciel-la-chanson-qui-bouge-sera-en-concert-au-centre-culturel-gilbert-zaug-de-remiremont\/#primaryimage"},"thumbnailUrl":"https:\/\/vosgesinfo.fr\/app\/uploads\/sites\/5\/2025\/01\/p-sl3235.jpeg","keywords":["chorale arc en ciel","concert","remiremont"],"articleSection":["A la Une","Agenda","Remiremont"],"inLanguage":"fr-FR","potentialAction":[{"@type":"CommentAction","name":"Comment","target":["https:\/\/vosgesinfo.fr\/remiremontinfo\/2025\/01\/arc-en-ciel-la-chanson-qui-bouge-sera-en-concert-au-centre-culturel-gilbert-zaug-de-remiremont\/#respond"]}]},{"@type":"WebPage","@id":"https:\/\/vosgesinfo.fr\/remiremontinfo\/2025\/01\/arc-en-ciel-la-chanson-qui-bouge-sera-en-concert-au-centre-culturel-gilbert-zaug-de-remiremont\/","url":"https:\/\/vosgesinfo.fr\/remiremontinfo\/2025\/01\/arc-en-ciel-la-chanson-qui-bouge-sera-en-concert-au-centre-culturel-gilbert-zaug-de-remiremont\/","name":"ARC en CIEL, la \"chanson qui bouge\" sera en concert au centre culturel Gilbert Zaug de Remiremont - Remiremont Info","isPartOf":{"@id":"https:\/\/vosgesinfo.fr\/remiremontinfo\/#website"},"primaryImageOfPage":{"@id":"https:\/\/vosgesinfo.fr\/remiremontinfo\/2025\/01\/arc-en-ciel-la-chanson-qui-bouge-sera-en-concert-au-centre-culturel-gilbert-zaug-de-remiremont\/#primaryimage"},"image":{"@id":"https:\/\/vosgesinfo.fr\/remiremontinfo\/2025\/01\/arc-en-ciel-la-chanson-qui-bouge-sera-en-concert-au-centre-culturel-gilbert-zaug-de-remiremont\/#primaryimage"},"thumbnailUrl":"https:\/\/vosgesinfo.fr\/app\/uploads\/sites\/5\/2025\/01\/p-sl3235.jpeg","datePublished":"2025-01-12T07:30:49+00:00","dateModified":"2025-01-11T20:01:52+00:00","breadcrumb":{"@id":"https:\/\/vosgesinfo.fr\/remiremontinfo\/2025\/01\/arc-en-ciel-la-chanson-qui-bouge-sera-en-concert-au-centre-culturel-gilbert-zaug-de-remiremont\/#breadcrumb"},"inLanguage":"fr-FR","potentialAction":[{"@type":"ReadAction","target":["https:\/\/vosgesinfo.fr\/remiremontinfo\/2025\/01\/arc-en-ciel-la-chanson-qui-bouge-sera-en-concert-au-centre-culturel-gilbert-zaug-de-remiremont\/"]}]},{"@type":"ImageObject","inLanguage":"fr-FR","@id":"https:\/\/vosgesinfo.fr\/remiremontinfo\/2025\/01\/arc-en-ciel-la-chanson-qui-bouge-sera-en-concert-au-centre-culturel-gilbert-zaug-de-remiremont\/#primaryimage","url":"https:\/\/vosgesinfo.fr\/app\/uploads\/sites\/5\/2025\/01\/p-sl3235.jpeg","contentUrl":"https:\/\/vosgesinfo.fr\/app\/uploads\/sites\/5\/2025\/01\/p-sl3235.jpeg","width":801,"height":450},{"@type":"BreadcrumbList","@id":"https:\/\/vosgesinfo.fr\/remiremontinfo\/2025\/01\/arc-en-ciel-la-chanson-qui-bouge-sera-en-concert-au-centre-culturel-gilbert-zaug-de-remiremont\/#breadcrumb","itemListElement":[{"@type":"ListItem","position":1,"name":"Home","item":"https:\/\/vosgesinfo.fr\/remiremontinfo\/"},{"@type":"ListItem","position":2,"name":"ARC en CIEL, la \u00ab\u00a0chanson qui bouge\u00a0\u00bb sera en concert au centre culturel Gilbert Zaug de Remiremont"}]},{"@type":"WebSite","@id":"https:\/\/vosgesinfo.fr\/remiremontinfo\/#website","url":"https:\/\/vosgesinfo.fr\/remiremontinfo\/","name":"Remiremont Info","description":"Toute l&#039;actualit\u00e9 de Remiremont","publisher":{"@id":"https:\/\/vosgesinfo.fr\/remiremontinfo\/#organization"},"alternateName":"Toute l'actualit\u00e9 de Remiremont","potentialAction":[{"@type":"SearchAction","target":{"@type":"EntryPoint","urlTemplate":"https:\/\/vosgesinfo.fr\/remiremontinfo\/?s={search_term_string}"},"query-input":"required name=search_term_string"}],"inLanguage":"fr-FR"},{"@type":"Organization","@id":"https:\/\/vosgesinfo.fr\/remiremontinfo\/#organization","name":"Remiremont Info","url":"https:\/\/vosgesinfo.fr\/remiremontinfo\/","logo":{"@type":"ImageObject","inLanguage":"fr-FR","@id":"https:\/\/vosgesinfo.fr\/remiremontinfo\/#\/schema\/logo\/image\/","url":"https:\/\/vosgesinfo.fr\/app\/uploads\/sites\/5\/2023\/08\/favicon-remiremontinfo.png","contentUrl":"https:\/\/vosgesinfo.fr\/app\/uploads\/sites\/5\/2023\/08\/favicon-remiremontinfo.png","width":512,"height":512,"caption":"Remiremont Info"},"image":{"@id":"https:\/\/vosgesinfo.fr\/remiremontinfo\/#\/schema\/logo\/image\/"},"sameAs":["https:\/\/www.facebook.com\/remiremontinfo","https:\/\/x.com\/VosgesInfo88","https:\/\/www.youtube.com\/@vosgesinfo"]},{"@type":"Person","@id":"https:\/\/vosgesinfo.fr\/remiremontinfo\/#\/schema\/person\/27a3695b06db98895b354c0765cdfc31","name":"La redaction","image":{"@type":"ImageObject","inLanguage":"fr-FR","@id":"https:\/\/vosgesinfo.fr\/remiremontinfo\/#\/schema\/person\/image\/","url":"https:\/\/secure.gravatar.com\/avatar\/64c76a78e501cedee55736f43f332df901e1896ae9cd8fad269ae2236dd0e8b6?s=96&d=mm&r=g","contentUrl":"https:\/\/secure.gravatar.com\/avatar\/64c76a78e501cedee55736f43f332df901e1896ae9cd8fad269ae2236dd0e8b6?s=96&d=mm&r=g","caption":"La redaction"},"url":"https:\/\/vosgesinfo.fr\/remiremontinfo\/author\/la-redaction\/"}]}},"_links":{"self":[{"href":"https:\/\/vosgesinfo.fr\/remiremontinfo\/wp-json\/wp\/v2\/posts\/77325","targetHints":{"allow":["GET"]}}],"collection":[{"href":"https:\/\/vosgesinfo.fr\/remiremontinfo\/wp-json\/wp\/v2\/posts"}],"about":[{"href":"https:\/\/vosgesinfo.fr\/remiremontinfo\/wp-json\/wp\/v2\/types\/post"}],"author":[{"embeddable":true,"href":"https:\/\/vosgesinfo.fr\/remiremontinfo\/wp-json\/wp\/v2\/users\/391"}],"replies":[{"embeddable":true,"href":"https:\/\/vosgesinfo.fr\/remiremontinfo\/wp-json\/wp\/v2\/comments?post=77325"}],"version-history":[{"count":1,"href":"https:\/\/vosgesinfo.fr\/remiremontinfo\/wp-json\/wp\/v2\/posts\/77325\/revisions"}],"predecessor-version":[{"id":77328,"href":"https:\/\/vosgesinfo.fr\/remiremontinfo\/wp-json\/wp\/v2\/posts\/77325\/revisions\/77328"}],"wp:featuredmedia":[{"embeddable":true,"href":"https:\/\/vosgesinfo.fr\/remiremontinfo\/wp-json\/wp\/v2\/media\/77326"}],"wp:attachment":[{"href":"https:\/\/vosgesinfo.fr\/remiremontinfo\/wp-json\/wp\/v2\/media?parent=77325"}],"wp:term":[{"taxonomy":"category","embeddable":true,"href":"https:\/\/vosgesinfo.fr\/remiremontinfo\/wp-json\/wp\/v2\/categories?post=77325"},{"taxonomy":"post_tag","embeddable":true,"href":"https:\/\/vosgesinfo.fr\/remiremontinfo\/wp-json\/wp\/v2\/tags?post=77325"}],"curies":[{"name":"wp","href":"https:\/\/api.w.org\/{rel}","templated":true}]}}