{"id":7738,"date":"2024-07-10T05:00:02","date_gmt":"2024-07-10T03:00:02","guid":{"rendered":"https:\/\/vosgesinfo.fr\/remiremontinfo\/?p=7738"},"modified":"2024-07-09T18:29:19","modified_gmt":"2024-07-09T16:29:19","slug":"les-vosges-terre-de-jeunes-elus-le-portrait-de-nicolas-aizier","status":"publish","type":"post","link":"https:\/\/vosgesinfo.fr\/remiremontinfo\/2024\/07\/les-vosges-terre-de-jeunes-elus-le-portrait-de-nicolas-aizier\/","title":{"rendered":"Les Vosges, terre de jeunes \u00e9lus : le portrait de Nicolas Aizier"},"content":{"rendered":"<div id=\"attachment_7743\" style=\"width: 730px\" class=\"wp-caption aligncenter\"><img decoding=\"async\" aria-describedby=\"caption-attachment-7743\" class=\"size-full wp-image-7743\" src=\"https:\/\/vosgesinfo.fr\/app\/uploads\/sites\/5\/2024\/07\/nicolas-aizier.jpg\" alt=\"\" width=\"720\" height=\"976\" srcset=\"https:\/\/vosgesinfo.fr\/app\/uploads\/sites\/5\/2024\/07\/nicolas-aizier.jpg 720w, https:\/\/vosgesinfo.fr\/app\/uploads\/sites\/5\/2024\/07\/nicolas-aizier-221x300.jpg 221w\" sizes=\"(max-width: 720px) 100vw, 720px\" \/><p id=\"caption-attachment-7743\" class=\"wp-caption-text\">Nicolas Aizier, 25 ans, conseiller municipal au Val d&rsquo;Ajol<\/p><\/div>\n<p>&nbsp;<\/p>\n<p><strong>Le d\u00e9partement des Vosges regorge de jeunes \u00e9lus, conseillers municipaux ou bien conseillers communautaires. Nous sommes all\u00e9s \u00e0 la rencontre de ceux-ci pour \u00e9changer sur ce qui les animent dans cette activit\u00e9, leurs projets et leurs id\u00e9es. Ils ont tous une vingtaine d&rsquo;ann\u00e9es et \u00e9voluent au sein des communes du d\u00e9partement dans des r\u00f4les bien distincts. Le second portrait est celui de Nicolas Aizier, 25 ans, conseiller municipal au Val d&rsquo;Ajol.\u00a0<\/strong><\/p>\n<p>&nbsp;<\/p>\n<p><strong>Quel est votre parcours professionnel ?\u00a0<\/strong><\/p>\n<p>Je suis all\u00e9 au lyc\u00e9e Malraux de Remiremont o\u00f9 j&rsquo;ai obtenu un baccalaur\u00e9at scientifique. J&rsquo;ai ensuite pass\u00e9 un BTS am\u00e9nagements paysagers et j&rsquo;ai int\u00e9gr\u00e9 une \u00e9cole d&rsquo;architecture du paysage. Je suis actuellement saisonnier dans le domaine agricole.<\/p>\n<p><strong>Pourquoi cette envie de devenir \u00e9lu et quel est votre r\u00f4le ?<\/strong><\/p>\n<p>Surtout pour m&rsquo;engager \u00e0 l&rsquo;\u00e9chelle de la commune et participer activement aux d\u00e9bats et aux propositions de projets. J&rsquo;avais aussi envie de voir comment cela se d\u00e9roulait.<\/p>\n<p>Au sein des \u00e9lus du Val d&rsquo;Ajol, je n&rsquo;ai pas de statut particulier, mais je suis actif dans la commission environnement et d\u00e9veloppement durable. Je suis aussi le repr\u00e9sentant de la commune au parc naturel r\u00e9gional du ballon des Vosges (toutes les communes adh\u00e9rentes ont un repr\u00e9sentant). En effet, avec ma formation, je suis plus int\u00e9ress\u00e9 par les questions environnementales. Je fais par exemple partie int\u00e9grante du concours des maisons fleuries. J&rsquo;aimerais r\u00e9int\u00e9grer la nature au centre ville. Le projet est encore en \u00e9tude, mais c&rsquo;est un souhait qui me tient \u00e0 c\u0153ur de ramener de la fra\u00eecheur et du v\u00e9g\u00e9tal.<\/p>\n<p><strong>Quels projets avez-vous d\u00e9j\u00e0 men\u00e9s ?\u00a0<\/strong><\/p>\n<p>Au sein de la commune, nous sommes en pr\u00e9paration pour relancer l&rsquo;animation sur les march\u00e9s le dimanche matin : diffuser de la musique et mettre en place quelqu&rsquo;un en tant qu&rsquo;animateur micro. Je participe \u00e9galement \u00e0 la distribution du colis des anciens en fin d&rsquo;ann\u00e9e. Il y a un choix entre trois lots : un panier de produits, un bon cadeau au restaurant La R\u00e9sidence ou un bon d&rsquo;achat.<\/p>\n<p><strong>Avez-vous d&rsquo;autres ambitions par la suite ?\u00a0<\/strong><\/p>\n<p>Je n&rsquo;ai pas d&rsquo;ambitions plus \u00e9lev\u00e9es, je veux me sentir utile \u00e0 l&rsquo;\u00e9chelle du Val d&rsquo;Ajol. Par exemple, am\u00e9liorer le cadre de vie des habitants et travailler dans leurs int\u00e9r\u00eats, c&rsquo;est \u00e7a qui m&rsquo;int\u00e9resse vraiment. Je veux donner du temps aux ajolais. Simplement \u00eatre au maximum actif quand il y a des r\u00e9unions.<\/p>\n","protected":false},"excerpt":{"rendered":"<p>&nbsp; Le d\u00e9partement des Vosges regorge de jeunes \u00e9lus, conseillers municipaux ou bien conseillers communautaires. Nous sommes all\u00e9s \u00e0 la [&hellip;]<\/p>\n","protected":false},"author":418,"featured_media":7743,"comment_status":"open","ping_status":"open","sticky":false,"template":"","format":"standard","meta":{"footnotes":""},"categories":[26,121,10],"tags":[1245,1244,145],"class_list":["post-7738","post","type-post","status-publish","format-standard","has-post-thumbnail","hentry","category-a-la-une","category-le-val-dajol-le-val-dajol-son-canton","category-politique","tag-conseiller-municipal","tag-jeunes-elus","tag-le-val-dajol"],"acf":[],"yoast_head":"<!-- This site is optimized with the Yoast SEO plugin v22.5 - https:\/\/yoast.com\/wordpress\/plugins\/seo\/ -->\n<title>Les Vosges, terre de jeunes \u00e9lus : le portrait de Nicolas Aizier - Remiremont Info<\/title>\n<meta name=\"robots\" content=\"index, follow, max-snippet:-1, max-image-preview:large, max-video-preview:-1\" \/>\n<link rel=\"canonical\" href=\"https:\/\/vosgesinfo.fr\/remiremontinfo\/?p=7738\" \/>\n<meta name=\"twitter:card\" content=\"summary_large_image\" \/>\n<meta name=\"twitter:title\" content=\"Les Vosges, terre de jeunes \u00e9lus : le portrait de Nicolas Aizier - Remiremont Info\" \/>\n<meta name=\"twitter:description\" content=\"&nbsp; Le d\u00e9partement des Vosges regorge de jeunes \u00e9lus, conseillers municipaux ou bien conseillers communautaires. Nous sommes all\u00e9s \u00e0 la [&hellip;]\" \/>\n<meta name=\"twitter:image\" content=\"https:\/\/vosgesinfo.fr\/app\/uploads\/sites\/5\/2024\/07\/nicolas-aizier.jpg\" \/>\n<meta name=\"twitter:creator\" content=\"@VosgesInfo88\" \/>\n<meta name=\"twitter:site\" content=\"@VosgesInfo88\" \/>\n<meta name=\"twitter:label1\" content=\"\u00c9crit par\" \/>\n\t<meta name=\"twitter:data1\" content=\"C.M\" \/>\n\t<meta name=\"twitter:label2\" content=\"Dur\u00e9e de lecture estim\u00e9e\" \/>\n\t<meta name=\"twitter:data2\" content=\"3 minutes\" \/>\n<script type=\"application\/ld+json\" class=\"yoast-schema-graph\">{\"@context\":\"https:\/\/schema.org\",\"@graph\":[{\"@type\":\"Article\",\"@id\":\"https:\/\/vosgesinfo.fr\/remiremontinfo\/?p=7738#article\",\"isPartOf\":{\"@id\":\"https:\/\/vosgesinfo.fr\/remiremontinfo\/?p=7738\"},\"author\":{\"name\":\"C.M\",\"@id\":\"https:\/\/vosgesinfo.fr\/remiremontinfo\/#\/schema\/person\/4f38cd3068e342935b7304695c797d08\"},\"headline\":\"Les Vosges, terre de jeunes \u00e9lus : le portrait de Nicolas Aizier\",\"datePublished\":\"2024-07-10T03:00:02+00:00\",\"dateModified\":\"2024-07-09T16:29:19+00:00\",\"mainEntityOfPage\":{\"@id\":\"https:\/\/vosgesinfo.fr\/remiremontinfo\/?p=7738\"},\"wordCount\":469,\"commentCount\":0,\"publisher\":{\"@id\":\"https:\/\/vosgesinfo.fr\/remiremontinfo\/#organization\"},\"image\":{\"@id\":\"https:\/\/vosgesinfo.fr\/remiremontinfo\/?p=7738#primaryimage\"},\"thumbnailUrl\":\"https:\/\/vosgesinfo.fr\/app\/uploads\/sites\/5\/2024\/07\/nicolas-aizier.jpg\",\"keywords\":[\"Conseiller municipal\",\"Jeunes \u00e9lus\",\"Le Val-d'Ajol\"],\"articleSection\":[\"A la Une\",\"Le Val d'Ajol\",\"Politique\"],\"inLanguage\":\"fr-FR\",\"potentialAction\":[{\"@type\":\"CommentAction\",\"name\":\"Comment\",\"target\":[\"https:\/\/vosgesinfo.fr\/remiremontinfo\/?p=7738#respond\"]}]},{\"@type\":\"WebPage\",\"@id\":\"https:\/\/vosgesinfo.fr\/remiremontinfo\/?p=7738\",\"url\":\"https:\/\/vosgesinfo.fr\/remiremontinfo\/?p=7738\",\"name\":\"Les Vosges, terre de jeunes \u00e9lus : le portrait de Nicolas Aizier - Remiremont Info\",\"isPartOf\":{\"@id\":\"https:\/\/vosgesinfo.fr\/remiremontinfo\/#website\"},\"primaryImageOfPage\":{\"@id\":\"https:\/\/vosgesinfo.fr\/remiremontinfo\/?p=7738#primaryimage\"},\"image\":{\"@id\":\"https:\/\/vosgesinfo.fr\/remiremontinfo\/?p=7738#primaryimage\"},\"thumbnailUrl\":\"https:\/\/vosgesinfo.fr\/app\/uploads\/sites\/5\/2024\/07\/nicolas-aizier.jpg\",\"datePublished\":\"2024-07-10T03:00:02+00:00\",\"dateModified\":\"2024-07-09T16:29:19+00:00\",\"breadcrumb\":{\"@id\":\"https:\/\/vosgesinfo.fr\/remiremontinfo\/?p=7738#breadcrumb\"},\"inLanguage\":\"fr-FR\",\"potentialAction\":[{\"@type\":\"ReadAction\",\"target\":[\"https:\/\/vosgesinfo.fr\/remiremontinfo\/?p=7738\"]}]},{\"@type\":\"ImageObject\",\"inLanguage\":\"fr-FR\",\"@id\":\"https:\/\/vosgesinfo.fr\/remiremontinfo\/?p=7738#primaryimage\",\"url\":\"https:\/\/vosgesinfo.fr\/app\/uploads\/sites\/5\/2024\/07\/nicolas-aizier.jpg\",\"contentUrl\":\"https:\/\/vosgesinfo.fr\/app\/uploads\/sites\/5\/2024\/07\/nicolas-aizier.jpg\",\"width\":720,\"height\":976,\"caption\":\"Nicolas Aizier, 25 ans, conseiller municipal au Val d'Ajol\"},{\"@type\":\"BreadcrumbList\",\"@id\":\"https:\/\/vosgesinfo.fr\/remiremontinfo\/?p=7738#breadcrumb\",\"itemListElement\":[{\"@type\":\"ListItem\",\"position\":1,\"name\":\"Home\",\"item\":\"https:\/\/vosgesinfo.fr\/remiremontinfo\/\"},{\"@type\":\"ListItem\",\"position\":2,\"name\":\"Les Vosges, terre de jeunes \u00e9lus : le portrait de Nicolas Aizier\"}]},{\"@type\":\"WebSite\",\"@id\":\"https:\/\/vosgesinfo.fr\/remiremontinfo\/#website\",\"url\":\"https:\/\/vosgesinfo.fr\/remiremontinfo\/\",\"name\":\"Remiremont Info\",\"description\":\"Toute l&#039;actualit\u00e9 de Remiremont\",\"publisher\":{\"@id\":\"https:\/\/vosgesinfo.fr\/remiremontinfo\/#organization\"},\"alternateName\":\"Toute l'actualit\u00e9 de Remiremont\",\"potentialAction\":[{\"@type\":\"SearchAction\",\"target\":{\"@type\":\"EntryPoint\",\"urlTemplate\":\"https:\/\/vosgesinfo.fr\/remiremontinfo\/?s={search_term_string}\"},\"query-input\":\"required name=search_term_string\"}],\"inLanguage\":\"fr-FR\"},{\"@type\":\"Organization\",\"@id\":\"https:\/\/vosgesinfo.fr\/remiremontinfo\/#organization\",\"name\":\"Remiremont Info\",\"url\":\"https:\/\/vosgesinfo.fr\/remiremontinfo\/\",\"logo\":{\"@type\":\"ImageObject\",\"inLanguage\":\"fr-FR\",\"@id\":\"https:\/\/vosgesinfo.fr\/remiremontinfo\/#\/schema\/logo\/image\/\",\"url\":\"https:\/\/vosgesinfo.fr\/app\/uploads\/sites\/5\/2023\/08\/favicon-remiremontinfo.png\",\"contentUrl\":\"https:\/\/vosgesinfo.fr\/app\/uploads\/sites\/5\/2023\/08\/favicon-remiremontinfo.png\",\"width\":512,\"height\":512,\"caption\":\"Remiremont Info\"},\"image\":{\"@id\":\"https:\/\/vosgesinfo.fr\/remiremontinfo\/#\/schema\/logo\/image\/\"},\"sameAs\":[\"https:\/\/www.facebook.com\/remiremontinfo\",\"https:\/\/x.com\/VosgesInfo88\",\"https:\/\/www.youtube.com\/@vosgesinfo\"]},{\"@type\":\"Person\",\"@id\":\"https:\/\/vosgesinfo.fr\/remiremontinfo\/#\/schema\/person\/4f38cd3068e342935b7304695c797d08\",\"name\":\"C.M\",\"image\":{\"@type\":\"ImageObject\",\"inLanguage\":\"fr-FR\",\"@id\":\"https:\/\/vosgesinfo.fr\/remiremontinfo\/#\/schema\/person\/image\/\",\"url\":\"https:\/\/secure.gravatar.com\/avatar\/fe9daaef0164d920717484172682f3c5c9bcf7d42aa8c7048c76c34f0eb6c8da?s=96&d=mm&r=g\",\"contentUrl\":\"https:\/\/secure.gravatar.com\/avatar\/fe9daaef0164d920717484172682f3c5c9bcf7d42aa8c7048c76c34f0eb6c8da?s=96&d=mm&r=g\",\"caption\":\"C.M\"},\"url\":\"https:\/\/vosgesinfo.fr\/remiremontinfo\/author\/cm88200\/\"}]}<\/script>\n<!-- \/ Yoast SEO plugin. -->","yoast_head_json":{"title":"Les Vosges, terre de jeunes \u00e9lus : le portrait de Nicolas Aizier - Remiremont Info","robots":{"index":"index","follow":"follow","max-snippet":"max-snippet:-1","max-image-preview":"max-image-preview:large","max-video-preview":"max-video-preview:-1"},"canonical":"https:\/\/vosgesinfo.fr\/remiremontinfo\/?p=7738","twitter_card":"summary_large_image","twitter_title":"Les Vosges, terre de jeunes \u00e9lus : le portrait de Nicolas Aizier - Remiremont Info","twitter_description":"&nbsp; Le d\u00e9partement des Vosges regorge de jeunes \u00e9lus, conseillers municipaux ou bien conseillers communautaires. Nous sommes all\u00e9s \u00e0 la [&hellip;]","twitter_image":"https:\/\/vosgesinfo.fr\/app\/uploads\/sites\/5\/2024\/07\/nicolas-aizier.jpg","twitter_creator":"@VosgesInfo88","twitter_site":"@VosgesInfo88","twitter_misc":{"\u00c9crit par":"C.M","Dur\u00e9e de lecture estim\u00e9e":"3 minutes"},"schema":{"@context":"https:\/\/schema.org","@graph":[{"@type":"Article","@id":"https:\/\/vosgesinfo.fr\/remiremontinfo\/?p=7738#article","isPartOf":{"@id":"https:\/\/vosgesinfo.fr\/remiremontinfo\/?p=7738"},"author":{"name":"C.M","@id":"https:\/\/vosgesinfo.fr\/remiremontinfo\/#\/schema\/person\/4f38cd3068e342935b7304695c797d08"},"headline":"Les Vosges, terre de jeunes \u00e9lus : le portrait de Nicolas Aizier","datePublished":"2024-07-10T03:00:02+00:00","dateModified":"2024-07-09T16:29:19+00:00","mainEntityOfPage":{"@id":"https:\/\/vosgesinfo.fr\/remiremontinfo\/?p=7738"},"wordCount":469,"commentCount":0,"publisher":{"@id":"https:\/\/vosgesinfo.fr\/remiremontinfo\/#organization"},"image":{"@id":"https:\/\/vosgesinfo.fr\/remiremontinfo\/?p=7738#primaryimage"},"thumbnailUrl":"https:\/\/vosgesinfo.fr\/app\/uploads\/sites\/5\/2024\/07\/nicolas-aizier.jpg","keywords":["Conseiller municipal","Jeunes \u00e9lus","Le Val-d'Ajol"],"articleSection":["A la Une","Le Val d'Ajol","Politique"],"inLanguage":"fr-FR","potentialAction":[{"@type":"CommentAction","name":"Comment","target":["https:\/\/vosgesinfo.fr\/remiremontinfo\/?p=7738#respond"]}]},{"@type":"WebPage","@id":"https:\/\/vosgesinfo.fr\/remiremontinfo\/?p=7738","url":"https:\/\/vosgesinfo.fr\/remiremontinfo\/?p=7738","name":"Les Vosges, terre de jeunes \u00e9lus : le portrait de Nicolas Aizier - Remiremont Info","isPartOf":{"@id":"https:\/\/vosgesinfo.fr\/remiremontinfo\/#website"},"primaryImageOfPage":{"@id":"https:\/\/vosgesinfo.fr\/remiremontinfo\/?p=7738#primaryimage"},"image":{"@id":"https:\/\/vosgesinfo.fr\/remiremontinfo\/?p=7738#primaryimage"},"thumbnailUrl":"https:\/\/vosgesinfo.fr\/app\/uploads\/sites\/5\/2024\/07\/nicolas-aizier.jpg","datePublished":"2024-07-10T03:00:02+00:00","dateModified":"2024-07-09T16:29:19+00:00","breadcrumb":{"@id":"https:\/\/vosgesinfo.fr\/remiremontinfo\/?p=7738#breadcrumb"},"inLanguage":"fr-FR","potentialAction":[{"@type":"ReadAction","target":["https:\/\/vosgesinfo.fr\/remiremontinfo\/?p=7738"]}]},{"@type":"ImageObject","inLanguage":"fr-FR","@id":"https:\/\/vosgesinfo.fr\/remiremontinfo\/?p=7738#primaryimage","url":"https:\/\/vosgesinfo.fr\/app\/uploads\/sites\/5\/2024\/07\/nicolas-aizier.jpg","contentUrl":"https:\/\/vosgesinfo.fr\/app\/uploads\/sites\/5\/2024\/07\/nicolas-aizier.jpg","width":720,"height":976,"caption":"Nicolas Aizier, 25 ans, conseiller municipal au Val d'Ajol"},{"@type":"BreadcrumbList","@id":"https:\/\/vosgesinfo.fr\/remiremontinfo\/?p=7738#breadcrumb","itemListElement":[{"@type":"ListItem","position":1,"name":"Home","item":"https:\/\/vosgesinfo.fr\/remiremontinfo\/"},{"@type":"ListItem","position":2,"name":"Les Vosges, terre de jeunes \u00e9lus : le portrait de Nicolas Aizier"}]},{"@type":"WebSite","@id":"https:\/\/vosgesinfo.fr\/remiremontinfo\/#website","url":"https:\/\/vosgesinfo.fr\/remiremontinfo\/","name":"Remiremont Info","description":"Toute l&#039;actualit\u00e9 de Remiremont","publisher":{"@id":"https:\/\/vosgesinfo.fr\/remiremontinfo\/#organization"},"alternateName":"Toute l'actualit\u00e9 de Remiremont","potentialAction":[{"@type":"SearchAction","target":{"@type":"EntryPoint","urlTemplate":"https:\/\/vosgesinfo.fr\/remiremontinfo\/?s={search_term_string}"},"query-input":"required name=search_term_string"}],"inLanguage":"fr-FR"},{"@type":"Organization","@id":"https:\/\/vosgesinfo.fr\/remiremontinfo\/#organization","name":"Remiremont Info","url":"https:\/\/vosgesinfo.fr\/remiremontinfo\/","logo":{"@type":"ImageObject","inLanguage":"fr-FR","@id":"https:\/\/vosgesinfo.fr\/remiremontinfo\/#\/schema\/logo\/image\/","url":"https:\/\/vosgesinfo.fr\/app\/uploads\/sites\/5\/2023\/08\/favicon-remiremontinfo.png","contentUrl":"https:\/\/vosgesinfo.fr\/app\/uploads\/sites\/5\/2023\/08\/favicon-remiremontinfo.png","width":512,"height":512,"caption":"Remiremont Info"},"image":{"@id":"https:\/\/vosgesinfo.fr\/remiremontinfo\/#\/schema\/logo\/image\/"},"sameAs":["https:\/\/www.facebook.com\/remiremontinfo","https:\/\/x.com\/VosgesInfo88","https:\/\/www.youtube.com\/@vosgesinfo"]},{"@type":"Person","@id":"https:\/\/vosgesinfo.fr\/remiremontinfo\/#\/schema\/person\/4f38cd3068e342935b7304695c797d08","name":"C.M","image":{"@type":"ImageObject","inLanguage":"fr-FR","@id":"https:\/\/vosgesinfo.fr\/remiremontinfo\/#\/schema\/person\/image\/","url":"https:\/\/secure.gravatar.com\/avatar\/fe9daaef0164d920717484172682f3c5c9bcf7d42aa8c7048c76c34f0eb6c8da?s=96&d=mm&r=g","contentUrl":"https:\/\/secure.gravatar.com\/avatar\/fe9daaef0164d920717484172682f3c5c9bcf7d42aa8c7048c76c34f0eb6c8da?s=96&d=mm&r=g","caption":"C.M"},"url":"https:\/\/vosgesinfo.fr\/remiremontinfo\/author\/cm88200\/"}]}},"_links":{"self":[{"href":"https:\/\/vosgesinfo.fr\/remiremontinfo\/wp-json\/wp\/v2\/posts\/7738","targetHints":{"allow":["GET"]}}],"collection":[{"href":"https:\/\/vosgesinfo.fr\/remiremontinfo\/wp-json\/wp\/v2\/posts"}],"about":[{"href":"https:\/\/vosgesinfo.fr\/remiremontinfo\/wp-json\/wp\/v2\/types\/post"}],"author":[{"embeddable":true,"href":"https:\/\/vosgesinfo.fr\/remiremontinfo\/wp-json\/wp\/v2\/users\/418"}],"replies":[{"embeddable":true,"href":"https:\/\/vosgesinfo.fr\/remiremontinfo\/wp-json\/wp\/v2\/comments?post=7738"}],"version-history":[{"count":5,"href":"https:\/\/vosgesinfo.fr\/remiremontinfo\/wp-json\/wp\/v2\/posts\/7738\/revisions"}],"predecessor-version":[{"id":7749,"href":"https:\/\/vosgesinfo.fr\/remiremontinfo\/wp-json\/wp\/v2\/posts\/7738\/revisions\/7749"}],"wp:featuredmedia":[{"embeddable":true,"href":"https:\/\/vosgesinfo.fr\/remiremontinfo\/wp-json\/wp\/v2\/media\/7743"}],"wp:attachment":[{"href":"https:\/\/vosgesinfo.fr\/remiremontinfo\/wp-json\/wp\/v2\/media?parent=7738"}],"wp:term":[{"taxonomy":"category","embeddable":true,"href":"https:\/\/vosgesinfo.fr\/remiremontinfo\/wp-json\/wp\/v2\/categories?post=7738"},{"taxonomy":"post_tag","embeddable":true,"href":"https:\/\/vosgesinfo.fr\/remiremontinfo\/wp-json\/wp\/v2\/tags?post=7738"}],"curies":[{"name":"wp","href":"https:\/\/api.w.org\/{rel}","templated":true}]}}