{"id":77459,"date":"2025-01-15T18:34:40","date_gmt":"2025-01-15T17:34:40","guid":{"rendered":"https:\/\/vosgesinfo.fr\/remiremontinfo\/2025\/01\/dinoze-une-cagnotte-solidaire-apres-un-incendie-devastateur\/"},"modified":"2025-01-15T18:34:40","modified_gmt":"2025-01-15T17:34:40","slug":"dinoze-une-cagnotte-solidaire-apres-un-incendie-devastateur","status":"publish","type":"post","link":"https:\/\/vosgesinfo.fr\/remiremontinfo\/2025\/01\/dinoze-une-cagnotte-solidaire-apres-un-incendie-devastateur\/","title":{"rendered":"Dinoz\u00e9 : Une cagnotte solidaire apr\u00e8s un incendie d\u00e9vastateur"},"content":{"rendered":"<h2><a href=\"https:\/\/vosgesinfo.fr\/app\/uploads\/sites\/3\/2024\/08\/201608pompiers-feu-38.jpg\"><img decoding=\"async\" class=\"aligncenter size-full wp-image-80857\" src=\"https:\/\/vosgesinfo.fr\/app\/uploads\/sites\/3\/2024\/08\/201608pompiers-feu-38.jpg\" alt=\"\" width=\"600\" height=\"592\" \/><\/a>Dans la nuit de lundi \u00e0 mardi 14 janvier, un violent incendie a ravag\u00e9 la maison de M. Grandadam, situ\u00e9e en face de la maison de retraite de Dinoz\u00e9. Si aucun bless\u00e9 n\u2019est \u00e0 d\u00e9plorer, les d\u00e9g\u00e2ts mat\u00e9riels sont consid\u00e9rables, laissant le propri\u00e9taire dans une situation extr\u00eamement difficile.<\/h2>\n<h3><strong>Un \u00e9lan de solidarit\u00e9 en mairie<\/strong><\/h3>\n<p>Face \u00e0 cette trag\u00e9die, la commune de Dinoz\u00e9 a d\u00e9cid\u00e9 de se mobiliser pour soutenir M. Grandadam. Une cagnotte solidaire a \u00e9t\u00e9 ouverte en mairie d\u00e8s aujourd&rsquo;hui, permettant aux habitants et aux personnes sensibles \u00e0 cette cause de contribuer.<\/p>\n<p>Une urne s\u00e9curis\u00e9e sera mise \u00e0 disposition dans les locaux de la mairie toute la semaine prochaine. Les dons pourront \u00eatre accompagn\u00e9s d\u2019un petit mot de r\u00e9confort, un geste simple mais important pour apporter un soutien moral en cette p\u00e9riode \u00e9prouvante.<\/p>\n<p>Cet incendie a provoqu\u00e9 une vive \u00e9motion au sein de la communaut\u00e9 locale. Les habitants de Dinoz\u00e9 sont invit\u00e9s \u00e0 participer \u00e0 cet \u00e9lan de g\u00e9n\u00e9rosit\u00e9, qu\u2019il s\u2019agisse d\u2019une aide financi\u00e8re ou d\u2019un t\u00e9moignage d\u2019empathie.<\/p>\n","protected":false},"excerpt":{"rendered":"<p>Dans la nuit de lundi \u00e0 mardi 14 janvier, un violent incendie a ravag\u00e9 la maison de M. Grandadam, situ\u00e9e [&hellip;]<\/p>\n","protected":false},"author":52,"featured_media":77460,"comment_status":"open","ping_status":"open","sticky":false,"template":"","format":"standard","meta":{"footnotes":""},"categories":[26,108,6375,8,62,845,43,362,60,18],"tags":[6924,6925,98,289,158,32],"class_list":["post-77459","post","type-post","status-publish","format-standard","has-post-thumbnail","hentry","category-a-la-une","category-epinal","category-fait-divers","category-faits-divers","category-gerardmer","category-la-plaine-des-vosges","category-remiremont-remiremont-son-canton","category-saint-die","category-solidarite","category-vosges","tag-cagnotte","tag-dinoze","tag-faits-divers","tag-incendie","tag-solidarite","tag-vosges"],"acf":[],"yoast_head":"<!-- This site is optimized with the Yoast SEO plugin v22.5 - https:\/\/yoast.com\/wordpress\/plugins\/seo\/ -->\n<title>Dinoz\u00e9 : Une cagnotte solidaire apr\u00e8s un incendie d\u00e9vastateur - Remiremont Info<\/title>\n<meta name=\"robots\" content=\"index, follow, max-snippet:-1, max-image-preview:large, max-video-preview:-1\" \/>\n<link rel=\"canonical\" href=\"https:\/\/vosgesinfo.fr\/remiremontinfo\/2025\/01\/dinoze-une-cagnotte-solidaire-apres-un-incendie-devastateur\/\" \/>\n<meta name=\"twitter:card\" content=\"summary_large_image\" \/>\n<meta name=\"twitter:title\" content=\"Dinoz\u00e9 : Une cagnotte solidaire apr\u00e8s un incendie d\u00e9vastateur - Remiremont Info\" \/>\n<meta name=\"twitter:description\" content=\"Dans la nuit de lundi \u00e0 mardi 14 janvier, un violent incendie a ravag\u00e9 la maison de M. Grandadam, situ\u00e9e [&hellip;]\" \/>\n<meta name=\"twitter:image\" content=\"https:\/\/vosgesinfo.fr\/app\/uploads\/sites\/5\/2025\/01\/201608pompiers-feu-38.jpg\" \/>\n<meta name=\"twitter:creator\" content=\"@VosgesInfo88\" \/>\n<meta name=\"twitter:site\" content=\"@VosgesInfo88\" \/>\n<meta name=\"twitter:label1\" content=\"\u00c9crit par\" \/>\n\t<meta name=\"twitter:data1\" content=\"C.K.\" \/>\n\t<meta name=\"twitter:label2\" content=\"Dur\u00e9e de lecture estim\u00e9e\" \/>\n\t<meta name=\"twitter:data2\" content=\"1 minute\" \/>\n<script type=\"application\/ld+json\" class=\"yoast-schema-graph\">{\"@context\":\"https:\/\/schema.org\",\"@graph\":[{\"@type\":\"Article\",\"@id\":\"https:\/\/vosgesinfo.fr\/remiremontinfo\/2025\/01\/dinoze-une-cagnotte-solidaire-apres-un-incendie-devastateur\/#article\",\"isPartOf\":{\"@id\":\"https:\/\/vosgesinfo.fr\/remiremontinfo\/2025\/01\/dinoze-une-cagnotte-solidaire-apres-un-incendie-devastateur\/\"},\"author\":{\"name\":\"C.K.\",\"@id\":\"https:\/\/vosgesinfo.fr\/remiremontinfo\/#\/schema\/person\/6f9a650eeea99d969b6c4ab78fccbe81\"},\"headline\":\"Dinoz\u00e9 : Une cagnotte solidaire apr\u00e8s un incendie d\u00e9vastateur\",\"datePublished\":\"2025-01-15T17:34:40+00:00\",\"dateModified\":\"2025-01-15T17:34:40+00:00\",\"mainEntityOfPage\":{\"@id\":\"https:\/\/vosgesinfo.fr\/remiremontinfo\/2025\/01\/dinoze-une-cagnotte-solidaire-apres-un-incendie-devastateur\/\"},\"wordCount\":200,\"commentCount\":0,\"publisher\":{\"@id\":\"https:\/\/vosgesinfo.fr\/remiremontinfo\/#organization\"},\"image\":{\"@id\":\"https:\/\/vosgesinfo.fr\/remiremontinfo\/2025\/01\/dinoze-une-cagnotte-solidaire-apres-un-incendie-devastateur\/#primaryimage\"},\"thumbnailUrl\":\"https:\/\/vosgesinfo.fr\/app\/uploads\/sites\/5\/2025\/01\/201608pompiers-feu-38.jpg\",\"keywords\":[\"cagnotte\",\"Dinoz\u00e9\",\"Faits divers\",\"incendie\",\"solidarit\u00e9\",\"Vosges\"],\"articleSection\":[\"A la Une\",\"Epinal\",\"Fait Divers\",\"Faits-divers\",\"G\u00e9rardmer\",\"La plaine des vosges\",\"Remiremont\",\"Saint-di\u00e9\",\"Solidarit\u00e9\",\"Vosges\"],\"inLanguage\":\"fr-FR\",\"potentialAction\":[{\"@type\":\"CommentAction\",\"name\":\"Comment\",\"target\":[\"https:\/\/vosgesinfo.fr\/remiremontinfo\/2025\/01\/dinoze-une-cagnotte-solidaire-apres-un-incendie-devastateur\/#respond\"]}]},{\"@type\":\"WebPage\",\"@id\":\"https:\/\/vosgesinfo.fr\/remiremontinfo\/2025\/01\/dinoze-une-cagnotte-solidaire-apres-un-incendie-devastateur\/\",\"url\":\"https:\/\/vosgesinfo.fr\/remiremontinfo\/2025\/01\/dinoze-une-cagnotte-solidaire-apres-un-incendie-devastateur\/\",\"name\":\"Dinoz\u00e9 : Une cagnotte solidaire apr\u00e8s un incendie d\u00e9vastateur - Remiremont Info\",\"isPartOf\":{\"@id\":\"https:\/\/vosgesinfo.fr\/remiremontinfo\/#website\"},\"primaryImageOfPage\":{\"@id\":\"https:\/\/vosgesinfo.fr\/remiremontinfo\/2025\/01\/dinoze-une-cagnotte-solidaire-apres-un-incendie-devastateur\/#primaryimage\"},\"image\":{\"@id\":\"https:\/\/vosgesinfo.fr\/remiremontinfo\/2025\/01\/dinoze-une-cagnotte-solidaire-apres-un-incendie-devastateur\/#primaryimage\"},\"thumbnailUrl\":\"https:\/\/vosgesinfo.fr\/app\/uploads\/sites\/5\/2025\/01\/201608pompiers-feu-38.jpg\",\"datePublished\":\"2025-01-15T17:34:40+00:00\",\"dateModified\":\"2025-01-15T17:34:40+00:00\",\"breadcrumb\":{\"@id\":\"https:\/\/vosgesinfo.fr\/remiremontinfo\/2025\/01\/dinoze-une-cagnotte-solidaire-apres-un-incendie-devastateur\/#breadcrumb\"},\"inLanguage\":\"fr-FR\",\"potentialAction\":[{\"@type\":\"ReadAction\",\"target\":[\"https:\/\/vosgesinfo.fr\/remiremontinfo\/2025\/01\/dinoze-une-cagnotte-solidaire-apres-un-incendie-devastateur\/\"]}]},{\"@type\":\"ImageObject\",\"inLanguage\":\"fr-FR\",\"@id\":\"https:\/\/vosgesinfo.fr\/remiremontinfo\/2025\/01\/dinoze-une-cagnotte-solidaire-apres-un-incendie-devastateur\/#primaryimage\",\"url\":\"https:\/\/vosgesinfo.fr\/app\/uploads\/sites\/5\/2025\/01\/201608pompiers-feu-38.jpg\",\"contentUrl\":\"https:\/\/vosgesinfo.fr\/app\/uploads\/sites\/5\/2025\/01\/201608pompiers-feu-38.jpg\",\"width\":600,\"height\":592},{\"@type\":\"BreadcrumbList\",\"@id\":\"https:\/\/vosgesinfo.fr\/remiremontinfo\/2025\/01\/dinoze-une-cagnotte-solidaire-apres-un-incendie-devastateur\/#breadcrumb\",\"itemListElement\":[{\"@type\":\"ListItem\",\"position\":1,\"name\":\"Home\",\"item\":\"https:\/\/vosgesinfo.fr\/remiremontinfo\/\"},{\"@type\":\"ListItem\",\"position\":2,\"name\":\"Dinoz\u00e9 : Une cagnotte solidaire apr\u00e8s un incendie d\u00e9vastateur\"}]},{\"@type\":\"WebSite\",\"@id\":\"https:\/\/vosgesinfo.fr\/remiremontinfo\/#website\",\"url\":\"https:\/\/vosgesinfo.fr\/remiremontinfo\/\",\"name\":\"Remiremont Info\",\"description\":\"Toute l&#039;actualit\u00e9 de Remiremont\",\"publisher\":{\"@id\":\"https:\/\/vosgesinfo.fr\/remiremontinfo\/#organization\"},\"alternateName\":\"Toute l'actualit\u00e9 de Remiremont\",\"potentialAction\":[{\"@type\":\"SearchAction\",\"target\":{\"@type\":\"EntryPoint\",\"urlTemplate\":\"https:\/\/vosgesinfo.fr\/remiremontinfo\/?s={search_term_string}\"},\"query-input\":\"required name=search_term_string\"}],\"inLanguage\":\"fr-FR\"},{\"@type\":\"Organization\",\"@id\":\"https:\/\/vosgesinfo.fr\/remiremontinfo\/#organization\",\"name\":\"Remiremont Info\",\"url\":\"https:\/\/vosgesinfo.fr\/remiremontinfo\/\",\"logo\":{\"@type\":\"ImageObject\",\"inLanguage\":\"fr-FR\",\"@id\":\"https:\/\/vosgesinfo.fr\/remiremontinfo\/#\/schema\/logo\/image\/\",\"url\":\"https:\/\/vosgesinfo.fr\/app\/uploads\/sites\/5\/2023\/08\/favicon-remiremontinfo.png\",\"contentUrl\":\"https:\/\/vosgesinfo.fr\/app\/uploads\/sites\/5\/2023\/08\/favicon-remiremontinfo.png\",\"width\":512,\"height\":512,\"caption\":\"Remiremont Info\"},\"image\":{\"@id\":\"https:\/\/vosgesinfo.fr\/remiremontinfo\/#\/schema\/logo\/image\/\"},\"sameAs\":[\"https:\/\/www.facebook.com\/remiremontinfo\",\"https:\/\/x.com\/VosgesInfo88\",\"https:\/\/www.youtube.com\/@vosgesinfo\"]},{\"@type\":\"Person\",\"@id\":\"https:\/\/vosgesinfo.fr\/remiremontinfo\/#\/schema\/person\/6f9a650eeea99d969b6c4ab78fccbe81\",\"name\":\"C.K.\",\"image\":{\"@type\":\"ImageObject\",\"inLanguage\":\"fr-FR\",\"@id\":\"https:\/\/vosgesinfo.fr\/remiremontinfo\/#\/schema\/person\/image\/\",\"url\":\"https:\/\/secure.gravatar.com\/avatar\/48e3fc7f8421ba8942be6b74a2b7f014ca39bc00dece156b7a8e098ae7dc87bf?s=96&d=mm&r=g\",\"contentUrl\":\"https:\/\/secure.gravatar.com\/avatar\/48e3fc7f8421ba8942be6b74a2b7f014ca39bc00dece156b7a8e098ae7dc87bf?s=96&d=mm&r=g\",\"caption\":\"C.K.\"},\"url\":\"https:\/\/vosgesinfo.fr\/remiremontinfo\/author\/celia-k-n\/\"}]}<\/script>\n<!-- \/ Yoast SEO plugin. -->","yoast_head_json":{"title":"Dinoz\u00e9 : Une cagnotte solidaire apr\u00e8s un incendie d\u00e9vastateur - Remiremont Info","robots":{"index":"index","follow":"follow","max-snippet":"max-snippet:-1","max-image-preview":"max-image-preview:large","max-video-preview":"max-video-preview:-1"},"canonical":"https:\/\/vosgesinfo.fr\/remiremontinfo\/2025\/01\/dinoze-une-cagnotte-solidaire-apres-un-incendie-devastateur\/","twitter_card":"summary_large_image","twitter_title":"Dinoz\u00e9 : Une cagnotte solidaire apr\u00e8s un incendie d\u00e9vastateur - Remiremont Info","twitter_description":"Dans la nuit de lundi \u00e0 mardi 14 janvier, un violent incendie a ravag\u00e9 la maison de M. Grandadam, situ\u00e9e [&hellip;]","twitter_image":"https:\/\/vosgesinfo.fr\/app\/uploads\/sites\/5\/2025\/01\/201608pompiers-feu-38.jpg","twitter_creator":"@VosgesInfo88","twitter_site":"@VosgesInfo88","twitter_misc":{"\u00c9crit par":"C.K.","Dur\u00e9e de lecture estim\u00e9e":"1 minute"},"schema":{"@context":"https:\/\/schema.org","@graph":[{"@type":"Article","@id":"https:\/\/vosgesinfo.fr\/remiremontinfo\/2025\/01\/dinoze-une-cagnotte-solidaire-apres-un-incendie-devastateur\/#article","isPartOf":{"@id":"https:\/\/vosgesinfo.fr\/remiremontinfo\/2025\/01\/dinoze-une-cagnotte-solidaire-apres-un-incendie-devastateur\/"},"author":{"name":"C.K.","@id":"https:\/\/vosgesinfo.fr\/remiremontinfo\/#\/schema\/person\/6f9a650eeea99d969b6c4ab78fccbe81"},"headline":"Dinoz\u00e9 : Une cagnotte solidaire apr\u00e8s un incendie d\u00e9vastateur","datePublished":"2025-01-15T17:34:40+00:00","dateModified":"2025-01-15T17:34:40+00:00","mainEntityOfPage":{"@id":"https:\/\/vosgesinfo.fr\/remiremontinfo\/2025\/01\/dinoze-une-cagnotte-solidaire-apres-un-incendie-devastateur\/"},"wordCount":200,"commentCount":0,"publisher":{"@id":"https:\/\/vosgesinfo.fr\/remiremontinfo\/#organization"},"image":{"@id":"https:\/\/vosgesinfo.fr\/remiremontinfo\/2025\/01\/dinoze-une-cagnotte-solidaire-apres-un-incendie-devastateur\/#primaryimage"},"thumbnailUrl":"https:\/\/vosgesinfo.fr\/app\/uploads\/sites\/5\/2025\/01\/201608pompiers-feu-38.jpg","keywords":["cagnotte","Dinoz\u00e9","Faits divers","incendie","solidarit\u00e9","Vosges"],"articleSection":["A la Une","Epinal","Fait Divers","Faits-divers","G\u00e9rardmer","La plaine des vosges","Remiremont","Saint-di\u00e9","Solidarit\u00e9","Vosges"],"inLanguage":"fr-FR","potentialAction":[{"@type":"CommentAction","name":"Comment","target":["https:\/\/vosgesinfo.fr\/remiremontinfo\/2025\/01\/dinoze-une-cagnotte-solidaire-apres-un-incendie-devastateur\/#respond"]}]},{"@type":"WebPage","@id":"https:\/\/vosgesinfo.fr\/remiremontinfo\/2025\/01\/dinoze-une-cagnotte-solidaire-apres-un-incendie-devastateur\/","url":"https:\/\/vosgesinfo.fr\/remiremontinfo\/2025\/01\/dinoze-une-cagnotte-solidaire-apres-un-incendie-devastateur\/","name":"Dinoz\u00e9 : Une cagnotte solidaire apr\u00e8s un incendie d\u00e9vastateur - Remiremont Info","isPartOf":{"@id":"https:\/\/vosgesinfo.fr\/remiremontinfo\/#website"},"primaryImageOfPage":{"@id":"https:\/\/vosgesinfo.fr\/remiremontinfo\/2025\/01\/dinoze-une-cagnotte-solidaire-apres-un-incendie-devastateur\/#primaryimage"},"image":{"@id":"https:\/\/vosgesinfo.fr\/remiremontinfo\/2025\/01\/dinoze-une-cagnotte-solidaire-apres-un-incendie-devastateur\/#primaryimage"},"thumbnailUrl":"https:\/\/vosgesinfo.fr\/app\/uploads\/sites\/5\/2025\/01\/201608pompiers-feu-38.jpg","datePublished":"2025-01-15T17:34:40+00:00","dateModified":"2025-01-15T17:34:40+00:00","breadcrumb":{"@id":"https:\/\/vosgesinfo.fr\/remiremontinfo\/2025\/01\/dinoze-une-cagnotte-solidaire-apres-un-incendie-devastateur\/#breadcrumb"},"inLanguage":"fr-FR","potentialAction":[{"@type":"ReadAction","target":["https:\/\/vosgesinfo.fr\/remiremontinfo\/2025\/01\/dinoze-une-cagnotte-solidaire-apres-un-incendie-devastateur\/"]}]},{"@type":"ImageObject","inLanguage":"fr-FR","@id":"https:\/\/vosgesinfo.fr\/remiremontinfo\/2025\/01\/dinoze-une-cagnotte-solidaire-apres-un-incendie-devastateur\/#primaryimage","url":"https:\/\/vosgesinfo.fr\/app\/uploads\/sites\/5\/2025\/01\/201608pompiers-feu-38.jpg","contentUrl":"https:\/\/vosgesinfo.fr\/app\/uploads\/sites\/5\/2025\/01\/201608pompiers-feu-38.jpg","width":600,"height":592},{"@type":"BreadcrumbList","@id":"https:\/\/vosgesinfo.fr\/remiremontinfo\/2025\/01\/dinoze-une-cagnotte-solidaire-apres-un-incendie-devastateur\/#breadcrumb","itemListElement":[{"@type":"ListItem","position":1,"name":"Home","item":"https:\/\/vosgesinfo.fr\/remiremontinfo\/"},{"@type":"ListItem","position":2,"name":"Dinoz\u00e9 : Une cagnotte solidaire apr\u00e8s un incendie d\u00e9vastateur"}]},{"@type":"WebSite","@id":"https:\/\/vosgesinfo.fr\/remiremontinfo\/#website","url":"https:\/\/vosgesinfo.fr\/remiremontinfo\/","name":"Remiremont Info","description":"Toute l&#039;actualit\u00e9 de Remiremont","publisher":{"@id":"https:\/\/vosgesinfo.fr\/remiremontinfo\/#organization"},"alternateName":"Toute l'actualit\u00e9 de Remiremont","potentialAction":[{"@type":"SearchAction","target":{"@type":"EntryPoint","urlTemplate":"https:\/\/vosgesinfo.fr\/remiremontinfo\/?s={search_term_string}"},"query-input":"required name=search_term_string"}],"inLanguage":"fr-FR"},{"@type":"Organization","@id":"https:\/\/vosgesinfo.fr\/remiremontinfo\/#organization","name":"Remiremont Info","url":"https:\/\/vosgesinfo.fr\/remiremontinfo\/","logo":{"@type":"ImageObject","inLanguage":"fr-FR","@id":"https:\/\/vosgesinfo.fr\/remiremontinfo\/#\/schema\/logo\/image\/","url":"https:\/\/vosgesinfo.fr\/app\/uploads\/sites\/5\/2023\/08\/favicon-remiremontinfo.png","contentUrl":"https:\/\/vosgesinfo.fr\/app\/uploads\/sites\/5\/2023\/08\/favicon-remiremontinfo.png","width":512,"height":512,"caption":"Remiremont Info"},"image":{"@id":"https:\/\/vosgesinfo.fr\/remiremontinfo\/#\/schema\/logo\/image\/"},"sameAs":["https:\/\/www.facebook.com\/remiremontinfo","https:\/\/x.com\/VosgesInfo88","https:\/\/www.youtube.com\/@vosgesinfo"]},{"@type":"Person","@id":"https:\/\/vosgesinfo.fr\/remiremontinfo\/#\/schema\/person\/6f9a650eeea99d969b6c4ab78fccbe81","name":"C.K.","image":{"@type":"ImageObject","inLanguage":"fr-FR","@id":"https:\/\/vosgesinfo.fr\/remiremontinfo\/#\/schema\/person\/image\/","url":"https:\/\/secure.gravatar.com\/avatar\/48e3fc7f8421ba8942be6b74a2b7f014ca39bc00dece156b7a8e098ae7dc87bf?s=96&d=mm&r=g","contentUrl":"https:\/\/secure.gravatar.com\/avatar\/48e3fc7f8421ba8942be6b74a2b7f014ca39bc00dece156b7a8e098ae7dc87bf?s=96&d=mm&r=g","caption":"C.K."},"url":"https:\/\/vosgesinfo.fr\/remiremontinfo\/author\/celia-k-n\/"}]}},"_links":{"self":[{"href":"https:\/\/vosgesinfo.fr\/remiremontinfo\/wp-json\/wp\/v2\/posts\/77459","targetHints":{"allow":["GET"]}}],"collection":[{"href":"https:\/\/vosgesinfo.fr\/remiremontinfo\/wp-json\/wp\/v2\/posts"}],"about":[{"href":"https:\/\/vosgesinfo.fr\/remiremontinfo\/wp-json\/wp\/v2\/types\/post"}],"author":[{"embeddable":true,"href":"https:\/\/vosgesinfo.fr\/remiremontinfo\/wp-json\/wp\/v2\/users\/52"}],"replies":[{"embeddable":true,"href":"https:\/\/vosgesinfo.fr\/remiremontinfo\/wp-json\/wp\/v2\/comments?post=77459"}],"version-history":[{"count":0,"href":"https:\/\/vosgesinfo.fr\/remiremontinfo\/wp-json\/wp\/v2\/posts\/77459\/revisions"}],"wp:featuredmedia":[{"embeddable":true,"href":"https:\/\/vosgesinfo.fr\/remiremontinfo\/wp-json\/wp\/v2\/media\/77460"}],"wp:attachment":[{"href":"https:\/\/vosgesinfo.fr\/remiremontinfo\/wp-json\/wp\/v2\/media?parent=77459"}],"wp:term":[{"taxonomy":"category","embeddable":true,"href":"https:\/\/vosgesinfo.fr\/remiremontinfo\/wp-json\/wp\/v2\/categories?post=77459"},{"taxonomy":"post_tag","embeddable":true,"href":"https:\/\/vosgesinfo.fr\/remiremontinfo\/wp-json\/wp\/v2\/tags?post=77459"}],"curies":[{"name":"wp","href":"https:\/\/api.w.org\/{rel}","templated":true}]}}