{"id":77804,"date":"2025-01-28T11:15:54","date_gmt":"2025-01-28T10:15:54","guid":{"rendered":"https:\/\/vosgesinfo.fr\/remiremontinfo\/?p=77804"},"modified":"2025-01-28T10:43:53","modified_gmt":"2025-01-28T09:43:53","slug":"cornimont-lassociation-ballast-organise-son-festival-itinerance-du-8-au-11-mai","status":"publish","type":"post","link":"https:\/\/vosgesinfo.fr\/remiremontinfo\/2025\/01\/cornimont-lassociation-ballast-organise-son-festival-itinerance-du-8-au-11-mai\/","title":{"rendered":"Cornimont &#8211; L&rsquo;association Ballast organise son festival Itin\u00e9rance du 8 au 11 mai"},"content":{"rendered":"<p style=\"font-weight: 400;\"><strong>Itin\u00e9rance, festival du voyage,<\/strong><strong> du pas de la porte aux bouts du Monde<\/strong><strong><br \/>\n<\/strong><\/p>\n<p style=\"font-weight: 400;\"><strong>Premi\u00e8re \u00e9dition, du 8 au 11 mai 2025, centre de Polyactivit\u00e9 \u00e0 Cornimont (Vosges)<\/strong><\/p>\n<p>Quel plus beau voyage que celui qui s\u2019effectue, en boucle, depuis la porte de son logis \u00e0 pied ou \u00e0 v\u00e9lo, dans l\u2019esprit des anciens p\u00e8lerins de Saint-Jacques-de-Compostelle\u00a0?<\/p>\n<p>Pour cette premi\u00e8re \u00e9dition, <strong><em>Itin\u00e9rance<\/em><\/strong> souhaite mettre \u00e0 l\u2019honneur les voyages de proximit\u00e9, en France et r\u00e9gions proches tout en laissant place aux exp\u00e9ditions lointaines impliquant un d\u00e9placement motoris\u00e9 pr\u00e9alable.<\/p>\n<p>Conf\u00e9rences, expositions photos, t\u00e9moignages, films\u2026 souligneront la symbiose avec la nature, la joie des rencontres au hasard de la piste ou de la route, l\u2019all\u00e9gresse du minimalisme en mati\u00e8re de logistique, la d\u00e9couverte des paysages en toute simplicit\u00e9 et authenticit\u00e9.<\/p>\n<p>Renseignements : <em><a href=\"mailto:itinerance.cornimont@gmail.com\">itinerance.cornimont@gmail.com<\/a><\/em><\/p>\n<p>Facebook : <em>Itin\u00e9rance Cornimont<\/em><\/p>\n<p><a href=\"https:\/\/vosgesinfo.fr\/app\/uploads\/sites\/5\/2025\/01\/itinerance-affiche-web.jpg\"><img decoding=\"async\" class=\"aligncenter size-large wp-image-77805\" src=\"https:\/\/vosgesinfo.fr\/app\/uploads\/sites\/5\/2025\/01\/itinerance-affiche-web-724x1024.jpg\" alt=\"\" width=\"724\" height=\"1024\" srcset=\"https:\/\/vosgesinfo.fr\/app\/uploads\/sites\/5\/2025\/01\/itinerance-affiche-web-724x1024.jpg 724w, https:\/\/vosgesinfo.fr\/app\/uploads\/sites\/5\/2025\/01\/itinerance-affiche-web-212x300.jpg 212w, https:\/\/vosgesinfo.fr\/app\/uploads\/sites\/5\/2025\/01\/itinerance-affiche-web-768x1086.jpg 768w, https:\/\/vosgesinfo.fr\/app\/uploads\/sites\/5\/2025\/01\/itinerance-affiche-web-1086x1536.jpg 1086w, https:\/\/vosgesinfo.fr\/app\/uploads\/sites\/5\/2025\/01\/itinerance-affiche-web.jpg 1122w\" sizes=\"(max-width: 724px) 100vw, 724px\" \/><\/a><\/p>\n","protected":false},"excerpt":{"rendered":"<p>Itin\u00e9rance, festival du voyage, du pas de la porte aux bouts du Monde Premi\u00e8re \u00e9dition, du 8 au 11 mai [&hellip;]<\/p>\n","protected":false},"author":391,"featured_media":77805,"comment_status":"open","ping_status":"open","sticky":false,"template":"","format":"standard","meta":{"footnotes":""},"categories":[26,594,34,43],"tags":[6306,79,7046],"class_list":["post-77804","post","type-post","status-publish","format-standard","has-post-thumbnail","hentry","category-a-la-une","category-agenda","category-cornimont","category-remiremont-remiremont-son-canton","tag-ballast","tag-cornimont","tag-festival-itinerance"],"acf":[],"yoast_head":"<!-- This site is optimized with the Yoast SEO plugin v22.5 - https:\/\/yoast.com\/wordpress\/plugins\/seo\/ -->\n<title>Cornimont - L&#039;association Ballast organise son festival Itin\u00e9rance du 8 au 11 mai - Remiremont Info<\/title>\n<meta name=\"robots\" content=\"index, follow, max-snippet:-1, max-image-preview:large, max-video-preview:-1\" \/>\n<link rel=\"canonical\" href=\"https:\/\/vosgesinfo.fr\/remiremontinfo\/2025\/01\/cornimont-lassociation-ballast-organise-son-festival-itinerance-du-8-au-11-mai\/\" \/>\n<meta name=\"twitter:card\" content=\"summary_large_image\" \/>\n<meta name=\"twitter:title\" content=\"Cornimont - L&#039;association Ballast organise son festival Itin\u00e9rance du 8 au 11 mai - Remiremont Info\" \/>\n<meta name=\"twitter:description\" content=\"Itin\u00e9rance, festival du voyage, du pas de la porte aux bouts du Monde Premi\u00e8re \u00e9dition, du 8 au 11 mai [&hellip;]\" \/>\n<meta name=\"twitter:image\" content=\"https:\/\/vosgesinfo.fr\/app\/uploads\/sites\/5\/2025\/01\/itinerance-affiche-web.jpg\" \/>\n<meta name=\"twitter:creator\" content=\"@VosgesInfo88\" \/>\n<meta name=\"twitter:site\" content=\"@VosgesInfo88\" \/>\n<meta name=\"twitter:label1\" content=\"\u00c9crit par\" \/>\n\t<meta name=\"twitter:data1\" content=\"La redaction\" \/>\n\t<meta name=\"twitter:label2\" content=\"Dur\u00e9e de lecture estim\u00e9e\" \/>\n\t<meta name=\"twitter:data2\" content=\"1 minute\" \/>\n<script type=\"application\/ld+json\" class=\"yoast-schema-graph\">{\"@context\":\"https:\/\/schema.org\",\"@graph\":[{\"@type\":\"Article\",\"@id\":\"https:\/\/vosgesinfo.fr\/remiremontinfo\/2025\/01\/cornimont-lassociation-ballast-organise-son-festival-itinerance-du-8-au-11-mai\/#article\",\"isPartOf\":{\"@id\":\"https:\/\/vosgesinfo.fr\/remiremontinfo\/2025\/01\/cornimont-lassociation-ballast-organise-son-festival-itinerance-du-8-au-11-mai\/\"},\"author\":{\"name\":\"La redaction\",\"@id\":\"https:\/\/vosgesinfo.fr\/remiremontinfo\/#\/schema\/person\/27a3695b06db98895b354c0765cdfc31\"},\"headline\":\"Cornimont &#8211; L&rsquo;association Ballast organise son festival Itin\u00e9rance du 8 au 11 mai\",\"datePublished\":\"2025-01-28T10:15:54+00:00\",\"dateModified\":\"2025-01-28T09:43:53+00:00\",\"mainEntityOfPage\":{\"@id\":\"https:\/\/vosgesinfo.fr\/remiremontinfo\/2025\/01\/cornimont-lassociation-ballast-organise-son-festival-itinerance-du-8-au-11-mai\/\"},\"wordCount\":159,\"commentCount\":0,\"publisher\":{\"@id\":\"https:\/\/vosgesinfo.fr\/remiremontinfo\/#organization\"},\"image\":{\"@id\":\"https:\/\/vosgesinfo.fr\/remiremontinfo\/2025\/01\/cornimont-lassociation-ballast-organise-son-festival-itinerance-du-8-au-11-mai\/#primaryimage\"},\"thumbnailUrl\":\"https:\/\/vosgesinfo.fr\/app\/uploads\/sites\/5\/2025\/01\/itinerance-affiche-web.jpg\",\"keywords\":[\"Ballast\",\"cornimont\",\"Festival Itin\u00e9rance\"],\"articleSection\":[\"A la Une\",\"Agenda\",\"Cornimont\",\"Remiremont\"],\"inLanguage\":\"fr-FR\",\"potentialAction\":[{\"@type\":\"CommentAction\",\"name\":\"Comment\",\"target\":[\"https:\/\/vosgesinfo.fr\/remiremontinfo\/2025\/01\/cornimont-lassociation-ballast-organise-son-festival-itinerance-du-8-au-11-mai\/#respond\"]}]},{\"@type\":\"WebPage\",\"@id\":\"https:\/\/vosgesinfo.fr\/remiremontinfo\/2025\/01\/cornimont-lassociation-ballast-organise-son-festival-itinerance-du-8-au-11-mai\/\",\"url\":\"https:\/\/vosgesinfo.fr\/remiremontinfo\/2025\/01\/cornimont-lassociation-ballast-organise-son-festival-itinerance-du-8-au-11-mai\/\",\"name\":\"Cornimont - L'association Ballast organise son festival Itin\u00e9rance du 8 au 11 mai - Remiremont Info\",\"isPartOf\":{\"@id\":\"https:\/\/vosgesinfo.fr\/remiremontinfo\/#website\"},\"primaryImageOfPage\":{\"@id\":\"https:\/\/vosgesinfo.fr\/remiremontinfo\/2025\/01\/cornimont-lassociation-ballast-organise-son-festival-itinerance-du-8-au-11-mai\/#primaryimage\"},\"image\":{\"@id\":\"https:\/\/vosgesinfo.fr\/remiremontinfo\/2025\/01\/cornimont-lassociation-ballast-organise-son-festival-itinerance-du-8-au-11-mai\/#primaryimage\"},\"thumbnailUrl\":\"https:\/\/vosgesinfo.fr\/app\/uploads\/sites\/5\/2025\/01\/itinerance-affiche-web.jpg\",\"datePublished\":\"2025-01-28T10:15:54+00:00\",\"dateModified\":\"2025-01-28T09:43:53+00:00\",\"breadcrumb\":{\"@id\":\"https:\/\/vosgesinfo.fr\/remiremontinfo\/2025\/01\/cornimont-lassociation-ballast-organise-son-festival-itinerance-du-8-au-11-mai\/#breadcrumb\"},\"inLanguage\":\"fr-FR\",\"potentialAction\":[{\"@type\":\"ReadAction\",\"target\":[\"https:\/\/vosgesinfo.fr\/remiremontinfo\/2025\/01\/cornimont-lassociation-ballast-organise-son-festival-itinerance-du-8-au-11-mai\/\"]}]},{\"@type\":\"ImageObject\",\"inLanguage\":\"fr-FR\",\"@id\":\"https:\/\/vosgesinfo.fr\/remiremontinfo\/2025\/01\/cornimont-lassociation-ballast-organise-son-festival-itinerance-du-8-au-11-mai\/#primaryimage\",\"url\":\"https:\/\/vosgesinfo.fr\/app\/uploads\/sites\/5\/2025\/01\/itinerance-affiche-web.jpg\",\"contentUrl\":\"https:\/\/vosgesinfo.fr\/app\/uploads\/sites\/5\/2025\/01\/itinerance-affiche-web.jpg\",\"width\":1122,\"height\":1587},{\"@type\":\"BreadcrumbList\",\"@id\":\"https:\/\/vosgesinfo.fr\/remiremontinfo\/2025\/01\/cornimont-lassociation-ballast-organise-son-festival-itinerance-du-8-au-11-mai\/#breadcrumb\",\"itemListElement\":[{\"@type\":\"ListItem\",\"position\":1,\"name\":\"Home\",\"item\":\"https:\/\/vosgesinfo.fr\/remiremontinfo\/\"},{\"@type\":\"ListItem\",\"position\":2,\"name\":\"Cornimont &#8211; L&rsquo;association Ballast organise son festival Itin\u00e9rance du 8 au 11 mai\"}]},{\"@type\":\"WebSite\",\"@id\":\"https:\/\/vosgesinfo.fr\/remiremontinfo\/#website\",\"url\":\"https:\/\/vosgesinfo.fr\/remiremontinfo\/\",\"name\":\"Remiremont Info\",\"description\":\"Toute l&#039;actualit\u00e9 de Remiremont\",\"publisher\":{\"@id\":\"https:\/\/vosgesinfo.fr\/remiremontinfo\/#organization\"},\"alternateName\":\"Toute l'actualit\u00e9 de Remiremont\",\"potentialAction\":[{\"@type\":\"SearchAction\",\"target\":{\"@type\":\"EntryPoint\",\"urlTemplate\":\"https:\/\/vosgesinfo.fr\/remiremontinfo\/?s={search_term_string}\"},\"query-input\":\"required name=search_term_string\"}],\"inLanguage\":\"fr-FR\"},{\"@type\":\"Organization\",\"@id\":\"https:\/\/vosgesinfo.fr\/remiremontinfo\/#organization\",\"name\":\"Remiremont Info\",\"url\":\"https:\/\/vosgesinfo.fr\/remiremontinfo\/\",\"logo\":{\"@type\":\"ImageObject\",\"inLanguage\":\"fr-FR\",\"@id\":\"https:\/\/vosgesinfo.fr\/remiremontinfo\/#\/schema\/logo\/image\/\",\"url\":\"https:\/\/vosgesinfo.fr\/app\/uploads\/sites\/5\/2023\/08\/favicon-remiremontinfo.png\",\"contentUrl\":\"https:\/\/vosgesinfo.fr\/app\/uploads\/sites\/5\/2023\/08\/favicon-remiremontinfo.png\",\"width\":512,\"height\":512,\"caption\":\"Remiremont Info\"},\"image\":{\"@id\":\"https:\/\/vosgesinfo.fr\/remiremontinfo\/#\/schema\/logo\/image\/\"},\"sameAs\":[\"https:\/\/www.facebook.com\/remiremontinfo\",\"https:\/\/x.com\/VosgesInfo88\",\"https:\/\/www.youtube.com\/@vosgesinfo\"]},{\"@type\":\"Person\",\"@id\":\"https:\/\/vosgesinfo.fr\/remiremontinfo\/#\/schema\/person\/27a3695b06db98895b354c0765cdfc31\",\"name\":\"La redaction\",\"image\":{\"@type\":\"ImageObject\",\"inLanguage\":\"fr-FR\",\"@id\":\"https:\/\/vosgesinfo.fr\/remiremontinfo\/#\/schema\/person\/image\/\",\"url\":\"https:\/\/secure.gravatar.com\/avatar\/64c76a78e501cedee55736f43f332df901e1896ae9cd8fad269ae2236dd0e8b6?s=96&d=mm&r=g\",\"contentUrl\":\"https:\/\/secure.gravatar.com\/avatar\/64c76a78e501cedee55736f43f332df901e1896ae9cd8fad269ae2236dd0e8b6?s=96&d=mm&r=g\",\"caption\":\"La redaction\"},\"url\":\"https:\/\/vosgesinfo.fr\/remiremontinfo\/author\/la-redaction\/\"}]}<\/script>\n<!-- \/ Yoast SEO plugin. -->","yoast_head_json":{"title":"Cornimont - L'association Ballast organise son festival Itin\u00e9rance du 8 au 11 mai - Remiremont Info","robots":{"index":"index","follow":"follow","max-snippet":"max-snippet:-1","max-image-preview":"max-image-preview:large","max-video-preview":"max-video-preview:-1"},"canonical":"https:\/\/vosgesinfo.fr\/remiremontinfo\/2025\/01\/cornimont-lassociation-ballast-organise-son-festival-itinerance-du-8-au-11-mai\/","twitter_card":"summary_large_image","twitter_title":"Cornimont - L'association Ballast organise son festival Itin\u00e9rance du 8 au 11 mai - Remiremont Info","twitter_description":"Itin\u00e9rance, festival du voyage, du pas de la porte aux bouts du Monde Premi\u00e8re \u00e9dition, du 8 au 11 mai [&hellip;]","twitter_image":"https:\/\/vosgesinfo.fr\/app\/uploads\/sites\/5\/2025\/01\/itinerance-affiche-web.jpg","twitter_creator":"@VosgesInfo88","twitter_site":"@VosgesInfo88","twitter_misc":{"\u00c9crit par":"La redaction","Dur\u00e9e de lecture estim\u00e9e":"1 minute"},"schema":{"@context":"https:\/\/schema.org","@graph":[{"@type":"Article","@id":"https:\/\/vosgesinfo.fr\/remiremontinfo\/2025\/01\/cornimont-lassociation-ballast-organise-son-festival-itinerance-du-8-au-11-mai\/#article","isPartOf":{"@id":"https:\/\/vosgesinfo.fr\/remiremontinfo\/2025\/01\/cornimont-lassociation-ballast-organise-son-festival-itinerance-du-8-au-11-mai\/"},"author":{"name":"La redaction","@id":"https:\/\/vosgesinfo.fr\/remiremontinfo\/#\/schema\/person\/27a3695b06db98895b354c0765cdfc31"},"headline":"Cornimont &#8211; L&rsquo;association Ballast organise son festival Itin\u00e9rance du 8 au 11 mai","datePublished":"2025-01-28T10:15:54+00:00","dateModified":"2025-01-28T09:43:53+00:00","mainEntityOfPage":{"@id":"https:\/\/vosgesinfo.fr\/remiremontinfo\/2025\/01\/cornimont-lassociation-ballast-organise-son-festival-itinerance-du-8-au-11-mai\/"},"wordCount":159,"commentCount":0,"publisher":{"@id":"https:\/\/vosgesinfo.fr\/remiremontinfo\/#organization"},"image":{"@id":"https:\/\/vosgesinfo.fr\/remiremontinfo\/2025\/01\/cornimont-lassociation-ballast-organise-son-festival-itinerance-du-8-au-11-mai\/#primaryimage"},"thumbnailUrl":"https:\/\/vosgesinfo.fr\/app\/uploads\/sites\/5\/2025\/01\/itinerance-affiche-web.jpg","keywords":["Ballast","cornimont","Festival Itin\u00e9rance"],"articleSection":["A la Une","Agenda","Cornimont","Remiremont"],"inLanguage":"fr-FR","potentialAction":[{"@type":"CommentAction","name":"Comment","target":["https:\/\/vosgesinfo.fr\/remiremontinfo\/2025\/01\/cornimont-lassociation-ballast-organise-son-festival-itinerance-du-8-au-11-mai\/#respond"]}]},{"@type":"WebPage","@id":"https:\/\/vosgesinfo.fr\/remiremontinfo\/2025\/01\/cornimont-lassociation-ballast-organise-son-festival-itinerance-du-8-au-11-mai\/","url":"https:\/\/vosgesinfo.fr\/remiremontinfo\/2025\/01\/cornimont-lassociation-ballast-organise-son-festival-itinerance-du-8-au-11-mai\/","name":"Cornimont - L'association Ballast organise son festival Itin\u00e9rance du 8 au 11 mai - Remiremont Info","isPartOf":{"@id":"https:\/\/vosgesinfo.fr\/remiremontinfo\/#website"},"primaryImageOfPage":{"@id":"https:\/\/vosgesinfo.fr\/remiremontinfo\/2025\/01\/cornimont-lassociation-ballast-organise-son-festival-itinerance-du-8-au-11-mai\/#primaryimage"},"image":{"@id":"https:\/\/vosgesinfo.fr\/remiremontinfo\/2025\/01\/cornimont-lassociation-ballast-organise-son-festival-itinerance-du-8-au-11-mai\/#primaryimage"},"thumbnailUrl":"https:\/\/vosgesinfo.fr\/app\/uploads\/sites\/5\/2025\/01\/itinerance-affiche-web.jpg","datePublished":"2025-01-28T10:15:54+00:00","dateModified":"2025-01-28T09:43:53+00:00","breadcrumb":{"@id":"https:\/\/vosgesinfo.fr\/remiremontinfo\/2025\/01\/cornimont-lassociation-ballast-organise-son-festival-itinerance-du-8-au-11-mai\/#breadcrumb"},"inLanguage":"fr-FR","potentialAction":[{"@type":"ReadAction","target":["https:\/\/vosgesinfo.fr\/remiremontinfo\/2025\/01\/cornimont-lassociation-ballast-organise-son-festival-itinerance-du-8-au-11-mai\/"]}]},{"@type":"ImageObject","inLanguage":"fr-FR","@id":"https:\/\/vosgesinfo.fr\/remiremontinfo\/2025\/01\/cornimont-lassociation-ballast-organise-son-festival-itinerance-du-8-au-11-mai\/#primaryimage","url":"https:\/\/vosgesinfo.fr\/app\/uploads\/sites\/5\/2025\/01\/itinerance-affiche-web.jpg","contentUrl":"https:\/\/vosgesinfo.fr\/app\/uploads\/sites\/5\/2025\/01\/itinerance-affiche-web.jpg","width":1122,"height":1587},{"@type":"BreadcrumbList","@id":"https:\/\/vosgesinfo.fr\/remiremontinfo\/2025\/01\/cornimont-lassociation-ballast-organise-son-festival-itinerance-du-8-au-11-mai\/#breadcrumb","itemListElement":[{"@type":"ListItem","position":1,"name":"Home","item":"https:\/\/vosgesinfo.fr\/remiremontinfo\/"},{"@type":"ListItem","position":2,"name":"Cornimont &#8211; L&rsquo;association Ballast organise son festival Itin\u00e9rance du 8 au 11 mai"}]},{"@type":"WebSite","@id":"https:\/\/vosgesinfo.fr\/remiremontinfo\/#website","url":"https:\/\/vosgesinfo.fr\/remiremontinfo\/","name":"Remiremont Info","description":"Toute l&#039;actualit\u00e9 de Remiremont","publisher":{"@id":"https:\/\/vosgesinfo.fr\/remiremontinfo\/#organization"},"alternateName":"Toute l'actualit\u00e9 de Remiremont","potentialAction":[{"@type":"SearchAction","target":{"@type":"EntryPoint","urlTemplate":"https:\/\/vosgesinfo.fr\/remiremontinfo\/?s={search_term_string}"},"query-input":"required name=search_term_string"}],"inLanguage":"fr-FR"},{"@type":"Organization","@id":"https:\/\/vosgesinfo.fr\/remiremontinfo\/#organization","name":"Remiremont Info","url":"https:\/\/vosgesinfo.fr\/remiremontinfo\/","logo":{"@type":"ImageObject","inLanguage":"fr-FR","@id":"https:\/\/vosgesinfo.fr\/remiremontinfo\/#\/schema\/logo\/image\/","url":"https:\/\/vosgesinfo.fr\/app\/uploads\/sites\/5\/2023\/08\/favicon-remiremontinfo.png","contentUrl":"https:\/\/vosgesinfo.fr\/app\/uploads\/sites\/5\/2023\/08\/favicon-remiremontinfo.png","width":512,"height":512,"caption":"Remiremont Info"},"image":{"@id":"https:\/\/vosgesinfo.fr\/remiremontinfo\/#\/schema\/logo\/image\/"},"sameAs":["https:\/\/www.facebook.com\/remiremontinfo","https:\/\/x.com\/VosgesInfo88","https:\/\/www.youtube.com\/@vosgesinfo"]},{"@type":"Person","@id":"https:\/\/vosgesinfo.fr\/remiremontinfo\/#\/schema\/person\/27a3695b06db98895b354c0765cdfc31","name":"La redaction","image":{"@type":"ImageObject","inLanguage":"fr-FR","@id":"https:\/\/vosgesinfo.fr\/remiremontinfo\/#\/schema\/person\/image\/","url":"https:\/\/secure.gravatar.com\/avatar\/64c76a78e501cedee55736f43f332df901e1896ae9cd8fad269ae2236dd0e8b6?s=96&d=mm&r=g","contentUrl":"https:\/\/secure.gravatar.com\/avatar\/64c76a78e501cedee55736f43f332df901e1896ae9cd8fad269ae2236dd0e8b6?s=96&d=mm&r=g","caption":"La redaction"},"url":"https:\/\/vosgesinfo.fr\/remiremontinfo\/author\/la-redaction\/"}]}},"_links":{"self":[{"href":"https:\/\/vosgesinfo.fr\/remiremontinfo\/wp-json\/wp\/v2\/posts\/77804","targetHints":{"allow":["GET"]}}],"collection":[{"href":"https:\/\/vosgesinfo.fr\/remiremontinfo\/wp-json\/wp\/v2\/posts"}],"about":[{"href":"https:\/\/vosgesinfo.fr\/remiremontinfo\/wp-json\/wp\/v2\/types\/post"}],"author":[{"embeddable":true,"href":"https:\/\/vosgesinfo.fr\/remiremontinfo\/wp-json\/wp\/v2\/users\/391"}],"replies":[{"embeddable":true,"href":"https:\/\/vosgesinfo.fr\/remiremontinfo\/wp-json\/wp\/v2\/comments?post=77804"}],"version-history":[{"count":1,"href":"https:\/\/vosgesinfo.fr\/remiremontinfo\/wp-json\/wp\/v2\/posts\/77804\/revisions"}],"predecessor-version":[{"id":77806,"href":"https:\/\/vosgesinfo.fr\/remiremontinfo\/wp-json\/wp\/v2\/posts\/77804\/revisions\/77806"}],"wp:featuredmedia":[{"embeddable":true,"href":"https:\/\/vosgesinfo.fr\/remiremontinfo\/wp-json\/wp\/v2\/media\/77805"}],"wp:attachment":[{"href":"https:\/\/vosgesinfo.fr\/remiremontinfo\/wp-json\/wp\/v2\/media?parent=77804"}],"wp:term":[{"taxonomy":"category","embeddable":true,"href":"https:\/\/vosgesinfo.fr\/remiremontinfo\/wp-json\/wp\/v2\/categories?post=77804"},{"taxonomy":"post_tag","embeddable":true,"href":"https:\/\/vosgesinfo.fr\/remiremontinfo\/wp-json\/wp\/v2\/tags?post=77804"}],"curies":[{"name":"wp","href":"https:\/\/api.w.org\/{rel}","templated":true}]}}