{"id":77833,"date":"2025-01-29T07:00:11","date_gmt":"2025-01-29T06:00:11","guid":{"rendered":"https:\/\/vosgesinfo.fr\/remiremontinfo\/?p=77833"},"modified":"2025-01-28T21:38:18","modified_gmt":"2025-01-28T20:38:18","slug":"remiremont-faire-un-placement-dans-le-reseau-de-chaleur-urbaine-cest-possible-a-compter-de-ce-jour","status":"publish","type":"post","link":"https:\/\/vosgesinfo.fr\/remiremontinfo\/2025\/01\/remiremont-faire-un-placement-dans-le-reseau-de-chaleur-urbaine-cest-possible-a-compter-de-ce-jour\/","title":{"rendered":"Remiremont : Faire un placement dans le r\u00e9seau de chaleur urbaine ? C&rsquo;est possible \u00e0 compter de ce jour !"},"content":{"rendered":"<div id=\"attachment_77834\" style=\"width: 1034px\" class=\"wp-caption aligncenter\"><a href=\"https:\/\/vosgesinfo.fr\/app\/uploads\/sites\/5\/2025\/01\/placement-participatif-reseau-de-chaleur-remiremont-scaled.jpg\"><img decoding=\"async\" aria-describedby=\"caption-attachment-77834\" class=\"size-large wp-image-77834\" src=\"https:\/\/vosgesinfo.fr\/app\/uploads\/sites\/5\/2025\/01\/placement-participatif-reseau-de-chaleur-remiremont-1024x768.jpg\" alt=\"\" width=\"1024\" height=\"768\" srcset=\"https:\/\/vosgesinfo.fr\/app\/uploads\/sites\/5\/2025\/01\/placement-participatif-reseau-de-chaleur-remiremont-1024x768.jpg 1024w, https:\/\/vosgesinfo.fr\/app\/uploads\/sites\/5\/2025\/01\/placement-participatif-reseau-de-chaleur-remiremont-300x225.jpg 300w, https:\/\/vosgesinfo.fr\/app\/uploads\/sites\/5\/2025\/01\/placement-participatif-reseau-de-chaleur-remiremont-768x576.jpg 768w, https:\/\/vosgesinfo.fr\/app\/uploads\/sites\/5\/2025\/01\/placement-participatif-reseau-de-chaleur-remiremont-1536x1152.jpg 1536w, https:\/\/vosgesinfo.fr\/app\/uploads\/sites\/5\/2025\/01\/placement-participatif-reseau-de-chaleur-remiremont-2048x1536.jpg 2048w\" sizes=\"(max-width: 1024px) 100vw, 1024px\" \/><\/a><p id=\"caption-attachment-77834\" class=\"wp-caption-text\">Philippe Andr\u00e9, charg\u00e9 d&rsquo;affaire pour Dalkia, pr\u00e9sente le placement participatif aux romarimontains.<\/p><\/div>\n<p><strong>\u00c0 partir de ce jour, mercredi 29 janvier, les habitants de Remiremont auront l\u2019opportunit\u00e9 de participer \u00e0 un placement participatif li\u00e9 au r\u00e9seau de chaleur urbaine de leur commune. Cette initiative, port\u00e9e par Dalkia et la plateforme Enerfip, offre un taux de rendement attractif de 6,5 % brut, tout en permettant aux Romarimontains de soutenir la transition \u00e9nerg\u00e9tique locale.<\/strong><\/p>\n<h3><strong>Un projet au service de la transition \u00e9nerg\u00e9tique<\/strong><\/h3>\n<p>Le r\u00e9seau de chaleur, actuellement en cours d\u2019installation par <strong>Dalkia<\/strong> depuis 2024, vise \u00e0 alimenter plusieurs b\u00e2timents de la commune, notamment <strong>les \u00e9coles, le centre hospitalier, des logements sociaux g\u00e9r\u00e9s par Vosgelis, et d\u2019autres infrastructures publiques<\/strong>. Ce projet ambitionne non seulement de r\u00e9duire l\u2019empreinte carbone du territoire, mais \u00e9galement de permettre aux habitants d\u2019y prendre une part active gr\u00e2ce \u00e0 ce dispositif participatif.<\/p>\n<h3><strong>Un placement accessible et local<\/strong><\/h3>\n<p>Apr\u00e8s une premi\u00e8re exp\u00e9rience r\u00e9ussie \u00e0 Lun\u00e9ville en 2024, ce <strong>placement participatif<\/strong> s\u2019ouvre maintenant aux habitants de Remiremont. Voici les principaux points \u00e0 retenir :<\/p>\n<ul>\n<li><strong>Plafond de la collecte<\/strong> : 250 000 \u20ac.<\/li>\n<li><strong>Montant d\u2019investissement<\/strong> : entre <strong>50 \u20ac<\/strong> et <strong>10 000 \u20ac<\/strong> par personne.<\/li>\n<li><strong>Dur\u00e9e<\/strong> : 3 ans.<\/li>\n<li><strong>Taux de rendement brut<\/strong> : 6,5 %, avec versement des int\u00e9r\u00eats chaque ann\u00e9e.<\/li>\n<li>Exemple : un investissement maximal de <strong>10 000 \u20ac<\/strong> rapportera <strong>11 950 \u20ac brut<\/strong> apr\u00e8s trois ans, soit 1 950 \u20ac d\u2019int\u00e9r\u00eats, avant pr\u00e9l\u00e8vements fiscaux et sociaux (30 % de pr\u00e9l\u00e8vement forfaitaire unique).<\/li>\n<\/ul>\n<h3><strong>Un calendrier en plusieurs phases<\/strong><\/h3>\n<p>Les Romarimontains ont une <strong>p\u00e9riode exclusive<\/strong> jusqu\u2019au <strong>12 f\u00e9vrier<\/strong> pour souscrire \u00e0 ce dispositif. Si le montant de 250 000 \u20ac n\u2019est pas atteint \u00e0 cette date, le placement sera progressivement ouvert :<\/p>\n<ul>\n<li>Aux habitants de la <strong>CCPVM<\/strong> (Communaut\u00e9 de communes de la Porte des Vosges M\u00e9ridionales) jusqu\u2019au 26 f\u00e9vrier.<\/li>\n<li>Aux habitants des <strong>Vosges<\/strong> jusqu\u2019au 12 mars.<\/li>\n<li>Enfin, \u00e0 ceux de la r\u00e9gion <strong>Grand Est<\/strong>, jusqu\u2019au 26 mars.<\/li>\n<\/ul>\n<h3><strong>Comment souscrire ?<\/strong><\/h3>\n<p>Une permanence sera assur\u00e9e <strong>aujourd&rsquo;hui, mercredi 29 janvier<\/strong>, \u00e0 l\u2019h\u00f4tel de ville de Remiremont, dans la salle des commissions, de <strong>10 h \u00e0 18 h<\/strong>. Pour souscrire, les habitants devront se munir des documents suivants :<\/p>\n<ul>\n<li>Deux pi\u00e8ces d\u2019identit\u00e9.<\/li>\n<li>Un justificatif de domicile de moins de trois mois.<\/li>\n<li>Un RIB.<\/li>\n<\/ul>\n<p>Le paiement pourra \u00e9galement se faire par ch\u00e8que.<\/p>\n<p>Il est \u00e9galement possible de souscrire sur le site internet ci-joint : <a href=\"https:\/\/fr.enerfip.eu\/placer-son-argent\/investissement-%20reseau_chaleur\/remiremont\/\" target=\"_blank\" rel=\"noopener\">https:\/\/fr.enerfip.eu\/placer-son-argent\/investissement-%20reseau_chaleur\/remiremont\/<\/a><\/p>\n<p>&nbsp;<\/p>\n<p>Pour tout savoir sur le r\u00e9seau de chaleur urbaine, rendez-vous sur le site de la <a href=\"https:\/\/www.remiremont.fr\/reseau-de-chaleur-urbain-decouvrez-le-projet-et-suivez-toutes-les-actualites\/\" target=\"_blank\" rel=\"noopener\">Ville de Remiremont<\/a>.<\/p>\n<p>&nbsp;<\/p>\n","protected":false},"excerpt":{"rendered":"<p>\u00c0 partir de ce jour, mercredi 29 janvier, les habitants de Remiremont auront l\u2019opportunit\u00e9 de participer \u00e0 un placement participatif [&hellip;]<\/p>\n","protected":false},"author":418,"featured_media":77834,"comment_status":"open","ping_status":"open","sticky":false,"template":"","format":"standard","meta":{"footnotes":""},"categories":[26,594,5,43],"tags":[831,7059,7060,44,1301],"class_list":["post-77833","post","type-post","status-publish","format-standard","has-post-thumbnail","hentry","category-a-la-une","category-agenda","category-economie","category-remiremont-remiremont-son-canton","tag-dalkia","tag-enerfip","tag-placement-participatif","tag-remiremont","tag-reseau-de-chaleur-urbaine"],"acf":[],"yoast_head":"<!-- This site is optimized with the Yoast SEO plugin v22.5 - https:\/\/yoast.com\/wordpress\/plugins\/seo\/ -->\n<title>Remiremont : Faire un placement dans le r\u00e9seau de chaleur urbaine ? C&#039;est possible \u00e0 compter de ce jour ! - Remiremont Info<\/title>\n<meta name=\"robots\" content=\"index, follow, max-snippet:-1, max-image-preview:large, max-video-preview:-1\" \/>\n<link rel=\"canonical\" href=\"https:\/\/vosgesinfo.fr\/remiremontinfo\/2025\/01\/remiremont-faire-un-placement-dans-le-reseau-de-chaleur-urbaine-cest-possible-a-compter-de-ce-jour\/\" \/>\n<meta name=\"twitter:card\" content=\"summary_large_image\" \/>\n<meta name=\"twitter:title\" content=\"Remiremont : Faire un placement dans le r\u00e9seau de chaleur urbaine ? C&#039;est possible \u00e0 compter de ce jour ! - Remiremont Info\" \/>\n<meta name=\"twitter:description\" content=\"\u00c0 partir de ce jour, mercredi 29 janvier, les habitants de Remiremont auront l\u2019opportunit\u00e9 de participer \u00e0 un placement participatif [&hellip;]\" \/>\n<meta name=\"twitter:image\" content=\"https:\/\/vosgesinfo.fr\/app\/uploads\/sites\/5\/2025\/01\/placement-participatif-reseau-de-chaleur-remiremont-scaled.jpg\" \/>\n<meta name=\"twitter:creator\" content=\"@VosgesInfo88\" \/>\n<meta name=\"twitter:site\" content=\"@VosgesInfo88\" \/>\n<meta name=\"twitter:label1\" content=\"\u00c9crit par\" \/>\n\t<meta name=\"twitter:data1\" content=\"C.M\" \/>\n\t<meta name=\"twitter:label2\" content=\"Dur\u00e9e de lecture estim\u00e9e\" \/>\n\t<meta name=\"twitter:data2\" content=\"2 minutes\" \/>\n<script type=\"application\/ld+json\" class=\"yoast-schema-graph\">{\"@context\":\"https:\/\/schema.org\",\"@graph\":[{\"@type\":\"Article\",\"@id\":\"https:\/\/vosgesinfo.fr\/remiremontinfo\/2025\/01\/remiremont-faire-un-placement-dans-le-reseau-de-chaleur-urbaine-cest-possible-a-compter-de-ce-jour\/#article\",\"isPartOf\":{\"@id\":\"https:\/\/vosgesinfo.fr\/remiremontinfo\/2025\/01\/remiremont-faire-un-placement-dans-le-reseau-de-chaleur-urbaine-cest-possible-a-compter-de-ce-jour\/\"},\"author\":{\"name\":\"C.M\",\"@id\":\"https:\/\/vosgesinfo.fr\/remiremontinfo\/#\/schema\/person\/4f38cd3068e342935b7304695c797d08\"},\"headline\":\"Remiremont : Faire un placement dans le r\u00e9seau de chaleur urbaine ? C&rsquo;est possible \u00e0 compter de ce jour !\",\"datePublished\":\"2025-01-29T06:00:11+00:00\",\"dateModified\":\"2025-01-28T20:38:18+00:00\",\"mainEntityOfPage\":{\"@id\":\"https:\/\/vosgesinfo.fr\/remiremontinfo\/2025\/01\/remiremont-faire-un-placement-dans-le-reseau-de-chaleur-urbaine-cest-possible-a-compter-de-ce-jour\/\"},\"wordCount\":438,\"commentCount\":0,\"publisher\":{\"@id\":\"https:\/\/vosgesinfo.fr\/remiremontinfo\/#organization\"},\"image\":{\"@id\":\"https:\/\/vosgesinfo.fr\/remiremontinfo\/2025\/01\/remiremont-faire-un-placement-dans-le-reseau-de-chaleur-urbaine-cest-possible-a-compter-de-ce-jour\/#primaryimage\"},\"thumbnailUrl\":\"https:\/\/vosgesinfo.fr\/app\/uploads\/sites\/5\/2025\/01\/placement-participatif-reseau-de-chaleur-remiremont-scaled.jpg\",\"keywords\":[\"Dalkia\",\"Enerfip\",\"Placement participatif\",\"remiremont\",\"r\u00e9seau de chaleur urbaine\"],\"articleSection\":[\"A la Une\",\"Agenda\",\"\u00c9conomie\",\"Remiremont\"],\"inLanguage\":\"fr-FR\",\"potentialAction\":[{\"@type\":\"CommentAction\",\"name\":\"Comment\",\"target\":[\"https:\/\/vosgesinfo.fr\/remiremontinfo\/2025\/01\/remiremont-faire-un-placement-dans-le-reseau-de-chaleur-urbaine-cest-possible-a-compter-de-ce-jour\/#respond\"]}]},{\"@type\":\"WebPage\",\"@id\":\"https:\/\/vosgesinfo.fr\/remiremontinfo\/2025\/01\/remiremont-faire-un-placement-dans-le-reseau-de-chaleur-urbaine-cest-possible-a-compter-de-ce-jour\/\",\"url\":\"https:\/\/vosgesinfo.fr\/remiremontinfo\/2025\/01\/remiremont-faire-un-placement-dans-le-reseau-de-chaleur-urbaine-cest-possible-a-compter-de-ce-jour\/\",\"name\":\"Remiremont : Faire un placement dans le r\u00e9seau de chaleur urbaine ? C'est possible \u00e0 compter de ce jour ! - Remiremont Info\",\"isPartOf\":{\"@id\":\"https:\/\/vosgesinfo.fr\/remiremontinfo\/#website\"},\"primaryImageOfPage\":{\"@id\":\"https:\/\/vosgesinfo.fr\/remiremontinfo\/2025\/01\/remiremont-faire-un-placement-dans-le-reseau-de-chaleur-urbaine-cest-possible-a-compter-de-ce-jour\/#primaryimage\"},\"image\":{\"@id\":\"https:\/\/vosgesinfo.fr\/remiremontinfo\/2025\/01\/remiremont-faire-un-placement-dans-le-reseau-de-chaleur-urbaine-cest-possible-a-compter-de-ce-jour\/#primaryimage\"},\"thumbnailUrl\":\"https:\/\/vosgesinfo.fr\/app\/uploads\/sites\/5\/2025\/01\/placement-participatif-reseau-de-chaleur-remiremont-scaled.jpg\",\"datePublished\":\"2025-01-29T06:00:11+00:00\",\"dateModified\":\"2025-01-28T20:38:18+00:00\",\"breadcrumb\":{\"@id\":\"https:\/\/vosgesinfo.fr\/remiremontinfo\/2025\/01\/remiremont-faire-un-placement-dans-le-reseau-de-chaleur-urbaine-cest-possible-a-compter-de-ce-jour\/#breadcrumb\"},\"inLanguage\":\"fr-FR\",\"potentialAction\":[{\"@type\":\"ReadAction\",\"target\":[\"https:\/\/vosgesinfo.fr\/remiremontinfo\/2025\/01\/remiremont-faire-un-placement-dans-le-reseau-de-chaleur-urbaine-cest-possible-a-compter-de-ce-jour\/\"]}]},{\"@type\":\"ImageObject\",\"inLanguage\":\"fr-FR\",\"@id\":\"https:\/\/vosgesinfo.fr\/remiremontinfo\/2025\/01\/remiremont-faire-un-placement-dans-le-reseau-de-chaleur-urbaine-cest-possible-a-compter-de-ce-jour\/#primaryimage\",\"url\":\"https:\/\/vosgesinfo.fr\/app\/uploads\/sites\/5\/2025\/01\/placement-participatif-reseau-de-chaleur-remiremont-scaled.jpg\",\"contentUrl\":\"https:\/\/vosgesinfo.fr\/app\/uploads\/sites\/5\/2025\/01\/placement-participatif-reseau-de-chaleur-remiremont-scaled.jpg\",\"width\":2560,\"height\":1920,\"caption\":\"Philippe Andr\u00e9, charg\u00e9 d'affaire pour Dalkia, pr\u00e9sente le placement participatif aux romarimontains.\"},{\"@type\":\"BreadcrumbList\",\"@id\":\"https:\/\/vosgesinfo.fr\/remiremontinfo\/2025\/01\/remiremont-faire-un-placement-dans-le-reseau-de-chaleur-urbaine-cest-possible-a-compter-de-ce-jour\/#breadcrumb\",\"itemListElement\":[{\"@type\":\"ListItem\",\"position\":1,\"name\":\"Home\",\"item\":\"https:\/\/vosgesinfo.fr\/remiremontinfo\/\"},{\"@type\":\"ListItem\",\"position\":2,\"name\":\"Remiremont : Faire un placement dans le r\u00e9seau de chaleur urbaine ? C&rsquo;est possible \u00e0 compter de ce jour !\"}]},{\"@type\":\"WebSite\",\"@id\":\"https:\/\/vosgesinfo.fr\/remiremontinfo\/#website\",\"url\":\"https:\/\/vosgesinfo.fr\/remiremontinfo\/\",\"name\":\"Remiremont Info\",\"description\":\"Toute l&#039;actualit\u00e9 de Remiremont\",\"publisher\":{\"@id\":\"https:\/\/vosgesinfo.fr\/remiremontinfo\/#organization\"},\"alternateName\":\"Toute l'actualit\u00e9 de Remiremont\",\"potentialAction\":[{\"@type\":\"SearchAction\",\"target\":{\"@type\":\"EntryPoint\",\"urlTemplate\":\"https:\/\/vosgesinfo.fr\/remiremontinfo\/?s={search_term_string}\"},\"query-input\":\"required name=search_term_string\"}],\"inLanguage\":\"fr-FR\"},{\"@type\":\"Organization\",\"@id\":\"https:\/\/vosgesinfo.fr\/remiremontinfo\/#organization\",\"name\":\"Remiremont Info\",\"url\":\"https:\/\/vosgesinfo.fr\/remiremontinfo\/\",\"logo\":{\"@type\":\"ImageObject\",\"inLanguage\":\"fr-FR\",\"@id\":\"https:\/\/vosgesinfo.fr\/remiremontinfo\/#\/schema\/logo\/image\/\",\"url\":\"https:\/\/vosgesinfo.fr\/app\/uploads\/sites\/5\/2023\/08\/favicon-remiremontinfo.png\",\"contentUrl\":\"https:\/\/vosgesinfo.fr\/app\/uploads\/sites\/5\/2023\/08\/favicon-remiremontinfo.png\",\"width\":512,\"height\":512,\"caption\":\"Remiremont Info\"},\"image\":{\"@id\":\"https:\/\/vosgesinfo.fr\/remiremontinfo\/#\/schema\/logo\/image\/\"},\"sameAs\":[\"https:\/\/www.facebook.com\/remiremontinfo\",\"https:\/\/x.com\/VosgesInfo88\",\"https:\/\/www.youtube.com\/@vosgesinfo\"]},{\"@type\":\"Person\",\"@id\":\"https:\/\/vosgesinfo.fr\/remiremontinfo\/#\/schema\/person\/4f38cd3068e342935b7304695c797d08\",\"name\":\"C.M\",\"image\":{\"@type\":\"ImageObject\",\"inLanguage\":\"fr-FR\",\"@id\":\"https:\/\/vosgesinfo.fr\/remiremontinfo\/#\/schema\/person\/image\/\",\"url\":\"https:\/\/secure.gravatar.com\/avatar\/fe9daaef0164d920717484172682f3c5c9bcf7d42aa8c7048c76c34f0eb6c8da?s=96&d=mm&r=g\",\"contentUrl\":\"https:\/\/secure.gravatar.com\/avatar\/fe9daaef0164d920717484172682f3c5c9bcf7d42aa8c7048c76c34f0eb6c8da?s=96&d=mm&r=g\",\"caption\":\"C.M\"},\"url\":\"https:\/\/vosgesinfo.fr\/remiremontinfo\/author\/cm88200\/\"}]}<\/script>\n<!-- \/ Yoast SEO plugin. -->","yoast_head_json":{"title":"Remiremont : Faire un placement dans le r\u00e9seau de chaleur urbaine ? C'est possible \u00e0 compter de ce jour ! - Remiremont Info","robots":{"index":"index","follow":"follow","max-snippet":"max-snippet:-1","max-image-preview":"max-image-preview:large","max-video-preview":"max-video-preview:-1"},"canonical":"https:\/\/vosgesinfo.fr\/remiremontinfo\/2025\/01\/remiremont-faire-un-placement-dans-le-reseau-de-chaleur-urbaine-cest-possible-a-compter-de-ce-jour\/","twitter_card":"summary_large_image","twitter_title":"Remiremont : Faire un placement dans le r\u00e9seau de chaleur urbaine ? C'est possible \u00e0 compter de ce jour ! - Remiremont Info","twitter_description":"\u00c0 partir de ce jour, mercredi 29 janvier, les habitants de Remiremont auront l\u2019opportunit\u00e9 de participer \u00e0 un placement participatif [&hellip;]","twitter_image":"https:\/\/vosgesinfo.fr\/app\/uploads\/sites\/5\/2025\/01\/placement-participatif-reseau-de-chaleur-remiremont-scaled.jpg","twitter_creator":"@VosgesInfo88","twitter_site":"@VosgesInfo88","twitter_misc":{"\u00c9crit par":"C.M","Dur\u00e9e de lecture estim\u00e9e":"2 minutes"},"schema":{"@context":"https:\/\/schema.org","@graph":[{"@type":"Article","@id":"https:\/\/vosgesinfo.fr\/remiremontinfo\/2025\/01\/remiremont-faire-un-placement-dans-le-reseau-de-chaleur-urbaine-cest-possible-a-compter-de-ce-jour\/#article","isPartOf":{"@id":"https:\/\/vosgesinfo.fr\/remiremontinfo\/2025\/01\/remiremont-faire-un-placement-dans-le-reseau-de-chaleur-urbaine-cest-possible-a-compter-de-ce-jour\/"},"author":{"name":"C.M","@id":"https:\/\/vosgesinfo.fr\/remiremontinfo\/#\/schema\/person\/4f38cd3068e342935b7304695c797d08"},"headline":"Remiremont : Faire un placement dans le r\u00e9seau de chaleur urbaine ? C&rsquo;est possible \u00e0 compter de ce jour !","datePublished":"2025-01-29T06:00:11+00:00","dateModified":"2025-01-28T20:38:18+00:00","mainEntityOfPage":{"@id":"https:\/\/vosgesinfo.fr\/remiremontinfo\/2025\/01\/remiremont-faire-un-placement-dans-le-reseau-de-chaleur-urbaine-cest-possible-a-compter-de-ce-jour\/"},"wordCount":438,"commentCount":0,"publisher":{"@id":"https:\/\/vosgesinfo.fr\/remiremontinfo\/#organization"},"image":{"@id":"https:\/\/vosgesinfo.fr\/remiremontinfo\/2025\/01\/remiremont-faire-un-placement-dans-le-reseau-de-chaleur-urbaine-cest-possible-a-compter-de-ce-jour\/#primaryimage"},"thumbnailUrl":"https:\/\/vosgesinfo.fr\/app\/uploads\/sites\/5\/2025\/01\/placement-participatif-reseau-de-chaleur-remiremont-scaled.jpg","keywords":["Dalkia","Enerfip","Placement participatif","remiremont","r\u00e9seau de chaleur urbaine"],"articleSection":["A la Une","Agenda","\u00c9conomie","Remiremont"],"inLanguage":"fr-FR","potentialAction":[{"@type":"CommentAction","name":"Comment","target":["https:\/\/vosgesinfo.fr\/remiremontinfo\/2025\/01\/remiremont-faire-un-placement-dans-le-reseau-de-chaleur-urbaine-cest-possible-a-compter-de-ce-jour\/#respond"]}]},{"@type":"WebPage","@id":"https:\/\/vosgesinfo.fr\/remiremontinfo\/2025\/01\/remiremont-faire-un-placement-dans-le-reseau-de-chaleur-urbaine-cest-possible-a-compter-de-ce-jour\/","url":"https:\/\/vosgesinfo.fr\/remiremontinfo\/2025\/01\/remiremont-faire-un-placement-dans-le-reseau-de-chaleur-urbaine-cest-possible-a-compter-de-ce-jour\/","name":"Remiremont : Faire un placement dans le r\u00e9seau de chaleur urbaine ? C'est possible \u00e0 compter de ce jour ! - Remiremont Info","isPartOf":{"@id":"https:\/\/vosgesinfo.fr\/remiremontinfo\/#website"},"primaryImageOfPage":{"@id":"https:\/\/vosgesinfo.fr\/remiremontinfo\/2025\/01\/remiremont-faire-un-placement-dans-le-reseau-de-chaleur-urbaine-cest-possible-a-compter-de-ce-jour\/#primaryimage"},"image":{"@id":"https:\/\/vosgesinfo.fr\/remiremontinfo\/2025\/01\/remiremont-faire-un-placement-dans-le-reseau-de-chaleur-urbaine-cest-possible-a-compter-de-ce-jour\/#primaryimage"},"thumbnailUrl":"https:\/\/vosgesinfo.fr\/app\/uploads\/sites\/5\/2025\/01\/placement-participatif-reseau-de-chaleur-remiremont-scaled.jpg","datePublished":"2025-01-29T06:00:11+00:00","dateModified":"2025-01-28T20:38:18+00:00","breadcrumb":{"@id":"https:\/\/vosgesinfo.fr\/remiremontinfo\/2025\/01\/remiremont-faire-un-placement-dans-le-reseau-de-chaleur-urbaine-cest-possible-a-compter-de-ce-jour\/#breadcrumb"},"inLanguage":"fr-FR","potentialAction":[{"@type":"ReadAction","target":["https:\/\/vosgesinfo.fr\/remiremontinfo\/2025\/01\/remiremont-faire-un-placement-dans-le-reseau-de-chaleur-urbaine-cest-possible-a-compter-de-ce-jour\/"]}]},{"@type":"ImageObject","inLanguage":"fr-FR","@id":"https:\/\/vosgesinfo.fr\/remiremontinfo\/2025\/01\/remiremont-faire-un-placement-dans-le-reseau-de-chaleur-urbaine-cest-possible-a-compter-de-ce-jour\/#primaryimage","url":"https:\/\/vosgesinfo.fr\/app\/uploads\/sites\/5\/2025\/01\/placement-participatif-reseau-de-chaleur-remiremont-scaled.jpg","contentUrl":"https:\/\/vosgesinfo.fr\/app\/uploads\/sites\/5\/2025\/01\/placement-participatif-reseau-de-chaleur-remiremont-scaled.jpg","width":2560,"height":1920,"caption":"Philippe Andr\u00e9, charg\u00e9 d'affaire pour Dalkia, pr\u00e9sente le placement participatif aux romarimontains."},{"@type":"BreadcrumbList","@id":"https:\/\/vosgesinfo.fr\/remiremontinfo\/2025\/01\/remiremont-faire-un-placement-dans-le-reseau-de-chaleur-urbaine-cest-possible-a-compter-de-ce-jour\/#breadcrumb","itemListElement":[{"@type":"ListItem","position":1,"name":"Home","item":"https:\/\/vosgesinfo.fr\/remiremontinfo\/"},{"@type":"ListItem","position":2,"name":"Remiremont : Faire un placement dans le r\u00e9seau de chaleur urbaine ? C&rsquo;est possible \u00e0 compter de ce jour !"}]},{"@type":"WebSite","@id":"https:\/\/vosgesinfo.fr\/remiremontinfo\/#website","url":"https:\/\/vosgesinfo.fr\/remiremontinfo\/","name":"Remiremont Info","description":"Toute l&#039;actualit\u00e9 de Remiremont","publisher":{"@id":"https:\/\/vosgesinfo.fr\/remiremontinfo\/#organization"},"alternateName":"Toute l'actualit\u00e9 de Remiremont","potentialAction":[{"@type":"SearchAction","target":{"@type":"EntryPoint","urlTemplate":"https:\/\/vosgesinfo.fr\/remiremontinfo\/?s={search_term_string}"},"query-input":"required name=search_term_string"}],"inLanguage":"fr-FR"},{"@type":"Organization","@id":"https:\/\/vosgesinfo.fr\/remiremontinfo\/#organization","name":"Remiremont Info","url":"https:\/\/vosgesinfo.fr\/remiremontinfo\/","logo":{"@type":"ImageObject","inLanguage":"fr-FR","@id":"https:\/\/vosgesinfo.fr\/remiremontinfo\/#\/schema\/logo\/image\/","url":"https:\/\/vosgesinfo.fr\/app\/uploads\/sites\/5\/2023\/08\/favicon-remiremontinfo.png","contentUrl":"https:\/\/vosgesinfo.fr\/app\/uploads\/sites\/5\/2023\/08\/favicon-remiremontinfo.png","width":512,"height":512,"caption":"Remiremont Info"},"image":{"@id":"https:\/\/vosgesinfo.fr\/remiremontinfo\/#\/schema\/logo\/image\/"},"sameAs":["https:\/\/www.facebook.com\/remiremontinfo","https:\/\/x.com\/VosgesInfo88","https:\/\/www.youtube.com\/@vosgesinfo"]},{"@type":"Person","@id":"https:\/\/vosgesinfo.fr\/remiremontinfo\/#\/schema\/person\/4f38cd3068e342935b7304695c797d08","name":"C.M","image":{"@type":"ImageObject","inLanguage":"fr-FR","@id":"https:\/\/vosgesinfo.fr\/remiremontinfo\/#\/schema\/person\/image\/","url":"https:\/\/secure.gravatar.com\/avatar\/fe9daaef0164d920717484172682f3c5c9bcf7d42aa8c7048c76c34f0eb6c8da?s=96&d=mm&r=g","contentUrl":"https:\/\/secure.gravatar.com\/avatar\/fe9daaef0164d920717484172682f3c5c9bcf7d42aa8c7048c76c34f0eb6c8da?s=96&d=mm&r=g","caption":"C.M"},"url":"https:\/\/vosgesinfo.fr\/remiremontinfo\/author\/cm88200\/"}]}},"_links":{"self":[{"href":"https:\/\/vosgesinfo.fr\/remiremontinfo\/wp-json\/wp\/v2\/posts\/77833","targetHints":{"allow":["GET"]}}],"collection":[{"href":"https:\/\/vosgesinfo.fr\/remiremontinfo\/wp-json\/wp\/v2\/posts"}],"about":[{"href":"https:\/\/vosgesinfo.fr\/remiremontinfo\/wp-json\/wp\/v2\/types\/post"}],"author":[{"embeddable":true,"href":"https:\/\/vosgesinfo.fr\/remiremontinfo\/wp-json\/wp\/v2\/users\/418"}],"replies":[{"embeddable":true,"href":"https:\/\/vosgesinfo.fr\/remiremontinfo\/wp-json\/wp\/v2\/comments?post=77833"}],"version-history":[{"count":1,"href":"https:\/\/vosgesinfo.fr\/remiremontinfo\/wp-json\/wp\/v2\/posts\/77833\/revisions"}],"predecessor-version":[{"id":77835,"href":"https:\/\/vosgesinfo.fr\/remiremontinfo\/wp-json\/wp\/v2\/posts\/77833\/revisions\/77835"}],"wp:featuredmedia":[{"embeddable":true,"href":"https:\/\/vosgesinfo.fr\/remiremontinfo\/wp-json\/wp\/v2\/media\/77834"}],"wp:attachment":[{"href":"https:\/\/vosgesinfo.fr\/remiremontinfo\/wp-json\/wp\/v2\/media?parent=77833"}],"wp:term":[{"taxonomy":"category","embeddable":true,"href":"https:\/\/vosgesinfo.fr\/remiremontinfo\/wp-json\/wp\/v2\/categories?post=77833"},{"taxonomy":"post_tag","embeddable":true,"href":"https:\/\/vosgesinfo.fr\/remiremontinfo\/wp-json\/wp\/v2\/tags?post=77833"}],"curies":[{"name":"wp","href":"https:\/\/api.w.org\/{rel}","templated":true}]}}