{"id":77836,"date":"2025-01-29T07:15:40","date_gmt":"2025-01-29T06:15:40","guid":{"rendered":"https:\/\/vosgesinfo.fr\/remiremontinfo\/?p=77836"},"modified":"2025-01-28T21:49:04","modified_gmt":"2025-01-28T20:49:04","slug":"cambriolage-a-lecole-de-rhumont-le-voleur-interpelle-et-le-butin-retrouve","status":"publish","type":"post","link":"https:\/\/vosgesinfo.fr\/remiremontinfo\/2025\/01\/cambriolage-a-lecole-de-rhumont-le-voleur-interpelle-et-le-butin-retrouve\/","title":{"rendered":"Cambriolage \u00e0 l\u2019\u00e9cole de Rhumont : le voleur interpell\u00e9 et le butin retrouv\u00e9"},"content":{"rendered":"<div id=\"attachment_77837\" style=\"width: 1034px\" class=\"wp-caption aligncenter\"><a href=\"https:\/\/vosgesinfo.fr\/app\/uploads\/sites\/5\/2025\/01\/ecole-de-rhumont.png\"><img decoding=\"async\" aria-describedby=\"caption-attachment-77837\" class=\"size-large wp-image-77837\" src=\"https:\/\/vosgesinfo.fr\/app\/uploads\/sites\/5\/2025\/01\/ecole-de-rhumont-1024x558.png\" alt=\"\" width=\"1024\" height=\"558\" srcset=\"https:\/\/vosgesinfo.fr\/app\/uploads\/sites\/5\/2025\/01\/ecole-de-rhumont-1024x558.png 1024w, https:\/\/vosgesinfo.fr\/app\/uploads\/sites\/5\/2025\/01\/ecole-de-rhumont-300x164.png 300w, https:\/\/vosgesinfo.fr\/app\/uploads\/sites\/5\/2025\/01\/ecole-de-rhumont-768x419.png 768w, https:\/\/vosgesinfo.fr\/app\/uploads\/sites\/5\/2025\/01\/ecole-de-rhumont-1536x837.png 1536w, https:\/\/vosgesinfo.fr\/app\/uploads\/sites\/5\/2025\/01\/ecole-de-rhumont.png 1882w\" sizes=\"(max-width: 1024px) 100vw, 1024px\" \/><\/a><p id=\"caption-attachment-77837\" class=\"wp-caption-text\">Capture d&rsquo;\u00e9cran Google Maps.<\/p><\/div>\n<p><strong>Ce week-end, l\u2019\u00e9cole de Rhumont, \u00e0 Remiremont, a \u00e9t\u00e9 victime d\u2019un cambriolage. Un individu a p\u00e9n\u00e9tr\u00e9 dans l\u2019\u00e9tablissement pour y d\u00e9rober un v\u00e9lo appartenant \u00e0 une enseignante ainsi que des tablettes p\u00e9dagogiques utilis\u00e9es dans le cadre des cours.<\/strong><\/p>\n<p>Gr\u00e2ce \u00e0 une enqu\u00eate coordonn\u00e9e entre la <strong>police nationale<\/strong> et la <strong>police municipale<\/strong>, le malfaiteur, d\u00e9j\u00e0 connu d\u00e9favorablement des services, a \u00e9t\u00e9 identifi\u00e9 et interpell\u00e9, quelques heures plus tard. Le mat\u00e9riel vol\u00e9 a pu \u00eatre <strong>retrouv\u00e9<\/strong>.<\/p>\n<p>&nbsp;<\/p>\n","protected":false},"excerpt":{"rendered":"<p>Ce week-end, l\u2019\u00e9cole de Rhumont, \u00e0 Remiremont, a \u00e9t\u00e9 victime d\u2019un cambriolage. Un individu a p\u00e9n\u00e9tr\u00e9 dans l\u2019\u00e9tablissement pour y [&hellip;]<\/p>\n","protected":false},"author":418,"featured_media":77837,"comment_status":"open","ping_status":"open","sticky":false,"template":"","format":"standard","meta":{"footnotes":""},"categories":[26,8,43],"tags":[3490,5210,44],"class_list":["post-77836","post","type-post","status-publish","format-standard","has-post-thumbnail","hentry","category-a-la-une","category-faits-divers","category-remiremont-remiremont-son-canton","tag-cambriolage","tag-ecole-de-rhumont","tag-remiremont"],"acf":[],"yoast_head":"<!-- This site is optimized with the Yoast SEO plugin v22.5 - https:\/\/yoast.com\/wordpress\/plugins\/seo\/ -->\n<title>Cambriolage \u00e0 l\u2019\u00e9cole de Rhumont : le voleur interpell\u00e9 et le butin retrouv\u00e9 - Remiremont Info<\/title>\n<meta name=\"robots\" content=\"index, follow, max-snippet:-1, max-image-preview:large, max-video-preview:-1\" \/>\n<link rel=\"canonical\" href=\"https:\/\/vosgesinfo.fr\/remiremontinfo\/2025\/01\/cambriolage-a-lecole-de-rhumont-le-voleur-interpelle-et-le-butin-retrouve\/\" \/>\n<meta name=\"twitter:card\" content=\"summary_large_image\" \/>\n<meta name=\"twitter:title\" content=\"Cambriolage \u00e0 l\u2019\u00e9cole de Rhumont : le voleur interpell\u00e9 et le butin retrouv\u00e9 - Remiremont Info\" \/>\n<meta name=\"twitter:description\" content=\"Ce week-end, l\u2019\u00e9cole de Rhumont, \u00e0 Remiremont, a \u00e9t\u00e9 victime d\u2019un cambriolage. Un individu a p\u00e9n\u00e9tr\u00e9 dans l\u2019\u00e9tablissement pour y [&hellip;]\" \/>\n<meta name=\"twitter:image\" content=\"https:\/\/vosgesinfo.fr\/app\/uploads\/sites\/5\/2025\/01\/ecole-de-rhumont.png\" \/>\n<meta name=\"twitter:creator\" content=\"@VosgesInfo88\" \/>\n<meta name=\"twitter:site\" content=\"@VosgesInfo88\" \/>\n<meta name=\"twitter:label1\" content=\"\u00c9crit par\" \/>\n\t<meta name=\"twitter:data1\" content=\"C.M\" \/>\n\t<meta name=\"twitter:label2\" content=\"Dur\u00e9e de lecture estim\u00e9e\" \/>\n\t<meta name=\"twitter:data2\" content=\"1 minute\" \/>\n<script type=\"application\/ld+json\" class=\"yoast-schema-graph\">{\"@context\":\"https:\/\/schema.org\",\"@graph\":[{\"@type\":\"Article\",\"@id\":\"https:\/\/vosgesinfo.fr\/remiremontinfo\/2025\/01\/cambriolage-a-lecole-de-rhumont-le-voleur-interpelle-et-le-butin-retrouve\/#article\",\"isPartOf\":{\"@id\":\"https:\/\/vosgesinfo.fr\/remiremontinfo\/2025\/01\/cambriolage-a-lecole-de-rhumont-le-voleur-interpelle-et-le-butin-retrouve\/\"},\"author\":{\"name\":\"C.M\",\"@id\":\"https:\/\/vosgesinfo.fr\/remiremontinfo\/#\/schema\/person\/4f38cd3068e342935b7304695c797d08\"},\"headline\":\"Cambriolage \u00e0 l\u2019\u00e9cole de Rhumont : le voleur interpell\u00e9 et le butin retrouv\u00e9\",\"datePublished\":\"2025-01-29T06:15:40+00:00\",\"dateModified\":\"2025-01-28T20:49:04+00:00\",\"mainEntityOfPage\":{\"@id\":\"https:\/\/vosgesinfo.fr\/remiremontinfo\/2025\/01\/cambriolage-a-lecole-de-rhumont-le-voleur-interpelle-et-le-butin-retrouve\/\"},\"wordCount\":111,\"commentCount\":1,\"publisher\":{\"@id\":\"https:\/\/vosgesinfo.fr\/remiremontinfo\/#organization\"},\"image\":{\"@id\":\"https:\/\/vosgesinfo.fr\/remiremontinfo\/2025\/01\/cambriolage-a-lecole-de-rhumont-le-voleur-interpelle-et-le-butin-retrouve\/#primaryimage\"},\"thumbnailUrl\":\"https:\/\/vosgesinfo.fr\/app\/uploads\/sites\/5\/2025\/01\/ecole-de-rhumont.png\",\"keywords\":[\"cambriolage\",\"\u00e9cole de RHUMONT\",\"remiremont\"],\"articleSection\":[\"A la Une\",\"Faits-divers\",\"Remiremont\"],\"inLanguage\":\"fr-FR\",\"potentialAction\":[{\"@type\":\"CommentAction\",\"name\":\"Comment\",\"target\":[\"https:\/\/vosgesinfo.fr\/remiremontinfo\/2025\/01\/cambriolage-a-lecole-de-rhumont-le-voleur-interpelle-et-le-butin-retrouve\/#respond\"]}]},{\"@type\":\"WebPage\",\"@id\":\"https:\/\/vosgesinfo.fr\/remiremontinfo\/2025\/01\/cambriolage-a-lecole-de-rhumont-le-voleur-interpelle-et-le-butin-retrouve\/\",\"url\":\"https:\/\/vosgesinfo.fr\/remiremontinfo\/2025\/01\/cambriolage-a-lecole-de-rhumont-le-voleur-interpelle-et-le-butin-retrouve\/\",\"name\":\"Cambriolage \u00e0 l\u2019\u00e9cole de Rhumont : le voleur interpell\u00e9 et le butin retrouv\u00e9 - Remiremont Info\",\"isPartOf\":{\"@id\":\"https:\/\/vosgesinfo.fr\/remiremontinfo\/#website\"},\"primaryImageOfPage\":{\"@id\":\"https:\/\/vosgesinfo.fr\/remiremontinfo\/2025\/01\/cambriolage-a-lecole-de-rhumont-le-voleur-interpelle-et-le-butin-retrouve\/#primaryimage\"},\"image\":{\"@id\":\"https:\/\/vosgesinfo.fr\/remiremontinfo\/2025\/01\/cambriolage-a-lecole-de-rhumont-le-voleur-interpelle-et-le-butin-retrouve\/#primaryimage\"},\"thumbnailUrl\":\"https:\/\/vosgesinfo.fr\/app\/uploads\/sites\/5\/2025\/01\/ecole-de-rhumont.png\",\"datePublished\":\"2025-01-29T06:15:40+00:00\",\"dateModified\":\"2025-01-28T20:49:04+00:00\",\"breadcrumb\":{\"@id\":\"https:\/\/vosgesinfo.fr\/remiremontinfo\/2025\/01\/cambriolage-a-lecole-de-rhumont-le-voleur-interpelle-et-le-butin-retrouve\/#breadcrumb\"},\"inLanguage\":\"fr-FR\",\"potentialAction\":[{\"@type\":\"ReadAction\",\"target\":[\"https:\/\/vosgesinfo.fr\/remiremontinfo\/2025\/01\/cambriolage-a-lecole-de-rhumont-le-voleur-interpelle-et-le-butin-retrouve\/\"]}]},{\"@type\":\"ImageObject\",\"inLanguage\":\"fr-FR\",\"@id\":\"https:\/\/vosgesinfo.fr\/remiremontinfo\/2025\/01\/cambriolage-a-lecole-de-rhumont-le-voleur-interpelle-et-le-butin-retrouve\/#primaryimage\",\"url\":\"https:\/\/vosgesinfo.fr\/app\/uploads\/sites\/5\/2025\/01\/ecole-de-rhumont.png\",\"contentUrl\":\"https:\/\/vosgesinfo.fr\/app\/uploads\/sites\/5\/2025\/01\/ecole-de-rhumont.png\",\"width\":1882,\"height\":1026,\"caption\":\"Capture d'\u00e9cran Google Maps.\"},{\"@type\":\"BreadcrumbList\",\"@id\":\"https:\/\/vosgesinfo.fr\/remiremontinfo\/2025\/01\/cambriolage-a-lecole-de-rhumont-le-voleur-interpelle-et-le-butin-retrouve\/#breadcrumb\",\"itemListElement\":[{\"@type\":\"ListItem\",\"position\":1,\"name\":\"Home\",\"item\":\"https:\/\/vosgesinfo.fr\/remiremontinfo\/\"},{\"@type\":\"ListItem\",\"position\":2,\"name\":\"Cambriolage \u00e0 l\u2019\u00e9cole de Rhumont : le voleur interpell\u00e9 et le butin retrouv\u00e9\"}]},{\"@type\":\"WebSite\",\"@id\":\"https:\/\/vosgesinfo.fr\/remiremontinfo\/#website\",\"url\":\"https:\/\/vosgesinfo.fr\/remiremontinfo\/\",\"name\":\"Remiremont Info\",\"description\":\"Toute l&#039;actualit\u00e9 de Remiremont\",\"publisher\":{\"@id\":\"https:\/\/vosgesinfo.fr\/remiremontinfo\/#organization\"},\"alternateName\":\"Toute l'actualit\u00e9 de Remiremont\",\"potentialAction\":[{\"@type\":\"SearchAction\",\"target\":{\"@type\":\"EntryPoint\",\"urlTemplate\":\"https:\/\/vosgesinfo.fr\/remiremontinfo\/?s={search_term_string}\"},\"query-input\":\"required name=search_term_string\"}],\"inLanguage\":\"fr-FR\"},{\"@type\":\"Organization\",\"@id\":\"https:\/\/vosgesinfo.fr\/remiremontinfo\/#organization\",\"name\":\"Remiremont Info\",\"url\":\"https:\/\/vosgesinfo.fr\/remiremontinfo\/\",\"logo\":{\"@type\":\"ImageObject\",\"inLanguage\":\"fr-FR\",\"@id\":\"https:\/\/vosgesinfo.fr\/remiremontinfo\/#\/schema\/logo\/image\/\",\"url\":\"https:\/\/vosgesinfo.fr\/app\/uploads\/sites\/5\/2023\/08\/favicon-remiremontinfo.png\",\"contentUrl\":\"https:\/\/vosgesinfo.fr\/app\/uploads\/sites\/5\/2023\/08\/favicon-remiremontinfo.png\",\"width\":512,\"height\":512,\"caption\":\"Remiremont Info\"},\"image\":{\"@id\":\"https:\/\/vosgesinfo.fr\/remiremontinfo\/#\/schema\/logo\/image\/\"},\"sameAs\":[\"https:\/\/www.facebook.com\/remiremontinfo\",\"https:\/\/x.com\/VosgesInfo88\",\"https:\/\/www.youtube.com\/@vosgesinfo\"]},{\"@type\":\"Person\",\"@id\":\"https:\/\/vosgesinfo.fr\/remiremontinfo\/#\/schema\/person\/4f38cd3068e342935b7304695c797d08\",\"name\":\"C.M\",\"image\":{\"@type\":\"ImageObject\",\"inLanguage\":\"fr-FR\",\"@id\":\"https:\/\/vosgesinfo.fr\/remiremontinfo\/#\/schema\/person\/image\/\",\"url\":\"https:\/\/secure.gravatar.com\/avatar\/fe9daaef0164d920717484172682f3c5c9bcf7d42aa8c7048c76c34f0eb6c8da?s=96&d=mm&r=g\",\"contentUrl\":\"https:\/\/secure.gravatar.com\/avatar\/fe9daaef0164d920717484172682f3c5c9bcf7d42aa8c7048c76c34f0eb6c8da?s=96&d=mm&r=g\",\"caption\":\"C.M\"},\"url\":\"https:\/\/vosgesinfo.fr\/remiremontinfo\/author\/cm88200\/\"}]}<\/script>\n<!-- \/ Yoast SEO plugin. -->","yoast_head_json":{"title":"Cambriolage \u00e0 l\u2019\u00e9cole de Rhumont : le voleur interpell\u00e9 et le butin retrouv\u00e9 - Remiremont Info","robots":{"index":"index","follow":"follow","max-snippet":"max-snippet:-1","max-image-preview":"max-image-preview:large","max-video-preview":"max-video-preview:-1"},"canonical":"https:\/\/vosgesinfo.fr\/remiremontinfo\/2025\/01\/cambriolage-a-lecole-de-rhumont-le-voleur-interpelle-et-le-butin-retrouve\/","twitter_card":"summary_large_image","twitter_title":"Cambriolage \u00e0 l\u2019\u00e9cole de Rhumont : le voleur interpell\u00e9 et le butin retrouv\u00e9 - Remiremont Info","twitter_description":"Ce week-end, l\u2019\u00e9cole de Rhumont, \u00e0 Remiremont, a \u00e9t\u00e9 victime d\u2019un cambriolage. Un individu a p\u00e9n\u00e9tr\u00e9 dans l\u2019\u00e9tablissement pour y [&hellip;]","twitter_image":"https:\/\/vosgesinfo.fr\/app\/uploads\/sites\/5\/2025\/01\/ecole-de-rhumont.png","twitter_creator":"@VosgesInfo88","twitter_site":"@VosgesInfo88","twitter_misc":{"\u00c9crit par":"C.M","Dur\u00e9e de lecture estim\u00e9e":"1 minute"},"schema":{"@context":"https:\/\/schema.org","@graph":[{"@type":"Article","@id":"https:\/\/vosgesinfo.fr\/remiremontinfo\/2025\/01\/cambriolage-a-lecole-de-rhumont-le-voleur-interpelle-et-le-butin-retrouve\/#article","isPartOf":{"@id":"https:\/\/vosgesinfo.fr\/remiremontinfo\/2025\/01\/cambriolage-a-lecole-de-rhumont-le-voleur-interpelle-et-le-butin-retrouve\/"},"author":{"name":"C.M","@id":"https:\/\/vosgesinfo.fr\/remiremontinfo\/#\/schema\/person\/4f38cd3068e342935b7304695c797d08"},"headline":"Cambriolage \u00e0 l\u2019\u00e9cole de Rhumont : le voleur interpell\u00e9 et le butin retrouv\u00e9","datePublished":"2025-01-29T06:15:40+00:00","dateModified":"2025-01-28T20:49:04+00:00","mainEntityOfPage":{"@id":"https:\/\/vosgesinfo.fr\/remiremontinfo\/2025\/01\/cambriolage-a-lecole-de-rhumont-le-voleur-interpelle-et-le-butin-retrouve\/"},"wordCount":111,"commentCount":1,"publisher":{"@id":"https:\/\/vosgesinfo.fr\/remiremontinfo\/#organization"},"image":{"@id":"https:\/\/vosgesinfo.fr\/remiremontinfo\/2025\/01\/cambriolage-a-lecole-de-rhumont-le-voleur-interpelle-et-le-butin-retrouve\/#primaryimage"},"thumbnailUrl":"https:\/\/vosgesinfo.fr\/app\/uploads\/sites\/5\/2025\/01\/ecole-de-rhumont.png","keywords":["cambriolage","\u00e9cole de RHUMONT","remiremont"],"articleSection":["A la Une","Faits-divers","Remiremont"],"inLanguage":"fr-FR","potentialAction":[{"@type":"CommentAction","name":"Comment","target":["https:\/\/vosgesinfo.fr\/remiremontinfo\/2025\/01\/cambriolage-a-lecole-de-rhumont-le-voleur-interpelle-et-le-butin-retrouve\/#respond"]}]},{"@type":"WebPage","@id":"https:\/\/vosgesinfo.fr\/remiremontinfo\/2025\/01\/cambriolage-a-lecole-de-rhumont-le-voleur-interpelle-et-le-butin-retrouve\/","url":"https:\/\/vosgesinfo.fr\/remiremontinfo\/2025\/01\/cambriolage-a-lecole-de-rhumont-le-voleur-interpelle-et-le-butin-retrouve\/","name":"Cambriolage \u00e0 l\u2019\u00e9cole de Rhumont : le voleur interpell\u00e9 et le butin retrouv\u00e9 - Remiremont Info","isPartOf":{"@id":"https:\/\/vosgesinfo.fr\/remiremontinfo\/#website"},"primaryImageOfPage":{"@id":"https:\/\/vosgesinfo.fr\/remiremontinfo\/2025\/01\/cambriolage-a-lecole-de-rhumont-le-voleur-interpelle-et-le-butin-retrouve\/#primaryimage"},"image":{"@id":"https:\/\/vosgesinfo.fr\/remiremontinfo\/2025\/01\/cambriolage-a-lecole-de-rhumont-le-voleur-interpelle-et-le-butin-retrouve\/#primaryimage"},"thumbnailUrl":"https:\/\/vosgesinfo.fr\/app\/uploads\/sites\/5\/2025\/01\/ecole-de-rhumont.png","datePublished":"2025-01-29T06:15:40+00:00","dateModified":"2025-01-28T20:49:04+00:00","breadcrumb":{"@id":"https:\/\/vosgesinfo.fr\/remiremontinfo\/2025\/01\/cambriolage-a-lecole-de-rhumont-le-voleur-interpelle-et-le-butin-retrouve\/#breadcrumb"},"inLanguage":"fr-FR","potentialAction":[{"@type":"ReadAction","target":["https:\/\/vosgesinfo.fr\/remiremontinfo\/2025\/01\/cambriolage-a-lecole-de-rhumont-le-voleur-interpelle-et-le-butin-retrouve\/"]}]},{"@type":"ImageObject","inLanguage":"fr-FR","@id":"https:\/\/vosgesinfo.fr\/remiremontinfo\/2025\/01\/cambriolage-a-lecole-de-rhumont-le-voleur-interpelle-et-le-butin-retrouve\/#primaryimage","url":"https:\/\/vosgesinfo.fr\/app\/uploads\/sites\/5\/2025\/01\/ecole-de-rhumont.png","contentUrl":"https:\/\/vosgesinfo.fr\/app\/uploads\/sites\/5\/2025\/01\/ecole-de-rhumont.png","width":1882,"height":1026,"caption":"Capture d'\u00e9cran Google Maps."},{"@type":"BreadcrumbList","@id":"https:\/\/vosgesinfo.fr\/remiremontinfo\/2025\/01\/cambriolage-a-lecole-de-rhumont-le-voleur-interpelle-et-le-butin-retrouve\/#breadcrumb","itemListElement":[{"@type":"ListItem","position":1,"name":"Home","item":"https:\/\/vosgesinfo.fr\/remiremontinfo\/"},{"@type":"ListItem","position":2,"name":"Cambriolage \u00e0 l\u2019\u00e9cole de Rhumont : le voleur interpell\u00e9 et le butin retrouv\u00e9"}]},{"@type":"WebSite","@id":"https:\/\/vosgesinfo.fr\/remiremontinfo\/#website","url":"https:\/\/vosgesinfo.fr\/remiremontinfo\/","name":"Remiremont Info","description":"Toute l&#039;actualit\u00e9 de Remiremont","publisher":{"@id":"https:\/\/vosgesinfo.fr\/remiremontinfo\/#organization"},"alternateName":"Toute l'actualit\u00e9 de Remiremont","potentialAction":[{"@type":"SearchAction","target":{"@type":"EntryPoint","urlTemplate":"https:\/\/vosgesinfo.fr\/remiremontinfo\/?s={search_term_string}"},"query-input":"required name=search_term_string"}],"inLanguage":"fr-FR"},{"@type":"Organization","@id":"https:\/\/vosgesinfo.fr\/remiremontinfo\/#organization","name":"Remiremont Info","url":"https:\/\/vosgesinfo.fr\/remiremontinfo\/","logo":{"@type":"ImageObject","inLanguage":"fr-FR","@id":"https:\/\/vosgesinfo.fr\/remiremontinfo\/#\/schema\/logo\/image\/","url":"https:\/\/vosgesinfo.fr\/app\/uploads\/sites\/5\/2023\/08\/favicon-remiremontinfo.png","contentUrl":"https:\/\/vosgesinfo.fr\/app\/uploads\/sites\/5\/2023\/08\/favicon-remiremontinfo.png","width":512,"height":512,"caption":"Remiremont Info"},"image":{"@id":"https:\/\/vosgesinfo.fr\/remiremontinfo\/#\/schema\/logo\/image\/"},"sameAs":["https:\/\/www.facebook.com\/remiremontinfo","https:\/\/x.com\/VosgesInfo88","https:\/\/www.youtube.com\/@vosgesinfo"]},{"@type":"Person","@id":"https:\/\/vosgesinfo.fr\/remiremontinfo\/#\/schema\/person\/4f38cd3068e342935b7304695c797d08","name":"C.M","image":{"@type":"ImageObject","inLanguage":"fr-FR","@id":"https:\/\/vosgesinfo.fr\/remiremontinfo\/#\/schema\/person\/image\/","url":"https:\/\/secure.gravatar.com\/avatar\/fe9daaef0164d920717484172682f3c5c9bcf7d42aa8c7048c76c34f0eb6c8da?s=96&d=mm&r=g","contentUrl":"https:\/\/secure.gravatar.com\/avatar\/fe9daaef0164d920717484172682f3c5c9bcf7d42aa8c7048c76c34f0eb6c8da?s=96&d=mm&r=g","caption":"C.M"},"url":"https:\/\/vosgesinfo.fr\/remiremontinfo\/author\/cm88200\/"}]}},"_links":{"self":[{"href":"https:\/\/vosgesinfo.fr\/remiremontinfo\/wp-json\/wp\/v2\/posts\/77836","targetHints":{"allow":["GET"]}}],"collection":[{"href":"https:\/\/vosgesinfo.fr\/remiremontinfo\/wp-json\/wp\/v2\/posts"}],"about":[{"href":"https:\/\/vosgesinfo.fr\/remiremontinfo\/wp-json\/wp\/v2\/types\/post"}],"author":[{"embeddable":true,"href":"https:\/\/vosgesinfo.fr\/remiremontinfo\/wp-json\/wp\/v2\/users\/418"}],"replies":[{"embeddable":true,"href":"https:\/\/vosgesinfo.fr\/remiremontinfo\/wp-json\/wp\/v2\/comments?post=77836"}],"version-history":[{"count":5,"href":"https:\/\/vosgesinfo.fr\/remiremontinfo\/wp-json\/wp\/v2\/posts\/77836\/revisions"}],"predecessor-version":[{"id":77842,"href":"https:\/\/vosgesinfo.fr\/remiremontinfo\/wp-json\/wp\/v2\/posts\/77836\/revisions\/77842"}],"wp:featuredmedia":[{"embeddable":true,"href":"https:\/\/vosgesinfo.fr\/remiremontinfo\/wp-json\/wp\/v2\/media\/77837"}],"wp:attachment":[{"href":"https:\/\/vosgesinfo.fr\/remiremontinfo\/wp-json\/wp\/v2\/media?parent=77836"}],"wp:term":[{"taxonomy":"category","embeddable":true,"href":"https:\/\/vosgesinfo.fr\/remiremontinfo\/wp-json\/wp\/v2\/categories?post=77836"},{"taxonomy":"post_tag","embeddable":true,"href":"https:\/\/vosgesinfo.fr\/remiremontinfo\/wp-json\/wp\/v2\/tags?post=77836"}],"curies":[{"name":"wp","href":"https:\/\/api.w.org\/{rel}","templated":true}]}}