{"id":78020,"date":"2025-02-02T18:30:16","date_gmt":"2025-02-02T17:30:16","guid":{"rendered":"https:\/\/vosgesinfo.fr\/remiremontinfo\/?p=78020"},"modified":"2025-02-02T18:30:16","modified_gmt":"2025-02-02T17:30:16","slug":"le-concours-de-nouvelles-fantastiques-soffre-un-parrain-et-publie-une-laureate-dans-un-magazine-litteraire","status":"publish","type":"post","link":"https:\/\/vosgesinfo.fr\/remiremontinfo\/2025\/02\/le-concours-de-nouvelles-fantastiques-soffre-un-parrain-et-publie-une-laureate-dans-un-magazine-litteraire\/","title":{"rendered":"Le concours de nouvelles fantastiques s\u2019offre un parrain et publie une laur\u00e9ate dans un magazine litt\u00e9raire\u00a0!"},"content":{"rendered":"<p><strong><a href=\"https:\/\/vosgesinfo.fr\/app\/uploads\/sites\/6\/2025\/02\/remise-des-prix-nouvelle-fantastique-2025-1-scaled.jpeg\"><img decoding=\"async\" class=\"aligncenter size-large wp-image-73789\" src=\"https:\/\/vosgesinfo.fr\/app\/uploads\/sites\/6\/2025\/02\/remise-des-prix-nouvelle-fantastique-2025-1-1024x768.jpeg\" alt=\"\" width=\"1024\" height=\"768\" \/><\/a><\/strong><\/p>\n<p><strong>Samedi 1er f\u00e9vrier a eu lieu la remise des prix du concours de nouvelles Fantastiques \u00e0 la m\u00e9diath\u00e8que intercommunale du Tilleul en pr\u00e9sence de la pr\u00e9sidente\u00a0 du Festival Anne Villemin et du jury.<\/strong><\/p>\n<div id=\"attachment_73791\" style=\"width: 310px\" class=\"wp-caption alignright\"><a href=\"https:\/\/vosgesinfo.fr\/app\/uploads\/sites\/6\/2025\/02\/remise-des-prix-nouvelle-fantastique-2025-2-scaled.jpeg\"><img decoding=\"async\" aria-describedby=\"caption-attachment-73791\" class=\"wp-image-73791 size-medium\" src=\"https:\/\/vosgesinfo.fr\/app\/uploads\/sites\/6\/2025\/02\/remise-des-prix-nouvelle-fantastique-2025-2-300x225.jpeg\" alt=\"\" width=\"300\" height=\"225\" \/><\/a><p id=\"caption-attachment-73791\" class=\"wp-caption-text\">La pr\u00e9sidente du jury invite les \u00e9l\u00e8ves \u00e0 retenter leur chance car ils n\u2019ont pas d\u00e9m\u00e9rit\u00e9.<\/p><\/div>\n<p>Les 7 jur\u00e9s ont eu fort \u00e0 faire puisqu\u2019ils ont re\u00e7u 92 nouvelles \u00e0 lire fin d\u00e9cembre en guise de cadeau de No\u00ebl, un record. Le jury \u00e9tait compos\u00e9 de la pr\u00e9sidente Sylvie Douchain-Richard, professeure de lettres classiques \u00e0 la Cit\u00e9 scolaire de la Haie Griselle, Baptiste Liger Directeur de r\u00e9daction de Lire Magazine, J\u00e9r\u00f4me Bonnet \u00e9crivain, Viviane Regniez lectrice avertie, et 3 professeurs documentalistes : Julian Hazotte, Fran\u00e7oise Creusot, L\u00e6titia Frey\u00a0 Les prix sont r\u00e9partis en 3 cat\u00e9gories : la cat\u00e9gorie A regroupe les 4<sup>e<\/sup> et 3<sup>e<\/sup>, la cat\u00e9gorie B va de la 2<sup>nde<\/sup> \u00e0 la Terminale. Quant \u00e0 la cat\u00e9gorie C, elle est r\u00e9serv\u00e9e \u00e0 l\u2019\u00e9criture collective, une classe ou un groupe de personnes. Parmi les candidats, beaucoup de locaux mais aussi certains qui viennent de Dreux, \u00c9tampes ou Paris.<\/p>\n<p>Sylvie Douchain-Richard a f\u00e9licit\u00e9 les candidats et les a encourag\u00e9s \u00e0 \u00ab \u00e9crire et faire confiance en donnant \u00e0 lire \u00bb tout en les mettant en garde contre l\u2019intelligence artificielle : \u00ab ce qui est int\u00e9ressant c\u2019est notre imaginaire \u00bb. Elle a ensuite expliqu\u00e9 la t\u00e2che qui incombe aux membres du jury chaque ann\u00e9e : ils se r\u00e9unissent au Grimoire pour confronter leurs impressions de lecture et chaque texte est \u00ab une porte nouvelle empreinte de fantastique \u00bb. Il leur a fallu faire face \u00e0 \u00ab un choix et un renoncement \u00bb . petite nouveaut\u00e9, le concours avait cette ann\u00e9e comme parrain Jean-Baptiste Del Amo, un \u00e9crivain multi prim\u00e9 qui vient de Toulouse. C\u2019est d&rsquo;ailleurs gr\u00e2ce \u00e0 un prix du jeune \u00e9crivain que sa carri\u00e8re a \u00e9t\u00e9 lanc\u00e9e. Pour lui, \u00ab la litt\u00e9rature c\u2019est \u00e0 la fois l\u2019\u00e9criture mais aussi un support de partage \u00bb.<\/p>\n<p><a href=\"https:\/\/vosgesinfo.fr\/app\/uploads\/sites\/6\/2025\/02\/remise-des-prix-nouvelle-fantastique-2025-4-scaled.jpeg\"><img decoding=\"async\" class=\"alignright size-medium wp-image-73790\" src=\"https:\/\/vosgesinfo.fr\/app\/uploads\/sites\/6\/2025\/02\/remise-des-prix-nouvelle-fantastique-2025-4-300x225.jpeg\" alt=\"\" width=\"300\" height=\"225\" \/><\/a>Le palmar\u00e8s a ensuite \u00e9t\u00e9 d\u00e9voil\u00e9 et les laur\u00e9ats ont re\u00e7u un dipl\u00f4me et des cadeaux dont quelques romans des \u00e9crivains pr\u00e9sents au Festival :<\/p>\n<p>Pour la cat\u00e9gorie A, le 1<sup>er<\/sup> prix revient \u00e0 Sophie Brizard du coll\u00e8ge Pierre et Marie Curie de Neufch\u00e2teau avec <em>les mots qui prennent vie <\/em>\u00a0. Le 2<sup>e<\/sup> prix est d\u00e9cern\u00e9 \u00e0 Lucien-Loup Herbin-Begoc du coll\u00e8ge Foch de Strasbourg pour\u00a0 <em>Et un vent caressa ma joue<\/em>\u00a0 et le 3<sup>e<\/sup> prix est attribu\u00e9 \u00e0 Sarah Guittin du coll\u00e8ge Gettard \u00e0 Etampes avec <em>La course d\u2019orientation<\/em> . Dans la cat\u00e9gorie B c\u2019est Sophanie Geran du lyc\u00e9e Rotrou de Dreux qui remporte le 1<sup>er<\/sup> prix \u00a0avec <em>La nuit des grenades<\/em> , et pour encourager son texte, le directeur de la r\u00e9daction de Lire Magazine Baptiste Liger lui offre de le publier dans sa revue. Le 2<sup>e<\/sup> prix est pour Loane Dosch du lyc\u00e9e Jean de Pange de Sarreguemines avec L<em>es m\u00e2nes \u00e9gar\u00e9es<\/em> . Le 3<sup>e<\/sup> prix pour Ga\u00eblle Landais \u00e9galement du Lyc\u00e9e Rotrou de Dreux pour <em>La fronti\u00e8re <\/em>. Le lyc\u00e9e de Dreux a une section cin\u00e9ma et les \u00e9l\u00e8ves \u00e9crivent des nouvelles fantastiques pour pouvoir venir au Festival. Dans la cat\u00e9gorie C, le coll\u00e8ge Hubert Curien de Cornimont re\u00e7oit le prix d\u2019encouragement pour <em>Etrange rencontre. <\/em>Et le jury a d\u00e9cid\u00e9 de remettre le Grand Prix du Jury toutes cat\u00e9gories \u00e0 Mathis Chevalley du lyc\u00e9e Sturm de Strasbourg pour <em>Enfer<\/em>, il a d\u00e9j\u00e0 remport\u00e9 des prix en 4<sup>e<\/sup> et 3<sup>e<\/sup> et le parrain du concours, qui a beaucoup aim\u00e9 sa nouvelle, l\u2019encourage \u00e0 \u00e9crire de plus longs textes et \u00e0 publier.<\/p>\n<p>Vous pourrez lire les nouvelles r\u00e9compens\u00e9es de ce concours en ligne sur le site du Festival de G\u00e9rardmer.<\/p>\n<div id=\"attachment_73792\" style=\"width: 1034px\" class=\"wp-caption aligncenter\"><a href=\"https:\/\/vosgesinfo.fr\/app\/uploads\/sites\/6\/2025\/02\/remise-des-prix-nouvelle-fantastique-2025-3-scaled.jpeg\"><img decoding=\"async\" aria-describedby=\"caption-attachment-73792\" class=\"wp-image-73792 size-large\" src=\"https:\/\/vosgesinfo.fr\/app\/uploads\/sites\/6\/2025\/02\/remise-des-prix-nouvelle-fantastique-2025-3-1024x768.jpeg\" alt=\"\" width=\"1024\" height=\"768\" \/><\/a><p id=\"caption-attachment-73792\" class=\"wp-caption-text\">Sophanie Geran, 1er prix des lyc\u00e9ens. Sa nouvelle sera publi\u00e9e dans Lire Magazine<\/p><\/div>\n","protected":false},"excerpt":{"rendered":"<p>Samedi 1er f\u00e9vrier a eu lieu la remise des prix du concours de nouvelles Fantastiques \u00e0 la m\u00e9diath\u00e8que intercommunale du [&hellip;]<\/p>\n","protected":false},"author":258,"featured_media":78021,"comment_status":"open","ping_status":"open","sticky":false,"template":"","format":"standard","meta":{"footnotes":""},"categories":[26,4,108,6957,62,845,400,43,362],"tags":[7096,1471,7097],"class_list":["post-78020","post","type-post","status-publish","format-standard","has-post-thumbnail","hentry","category-a-la-une","category-culture","category-epinal","category-festival-fantastique","category-gerardmer","category-la-plaine-des-vosges","category-litterature","category-remiremont-remiremont-son-canton","category-saint-die","tag-concours-de-nouvelles-fantastiques","tag-festival-du-film-fantastique-gerardmer","tag-mediatheque-du-tilleul"],"acf":[],"yoast_head":"<!-- This site is optimized with the Yoast SEO plugin v22.5 - https:\/\/yoast.com\/wordpress\/plugins\/seo\/ -->\n<title>Le concours de nouvelles fantastiques s\u2019offre un parrain et publie une laur\u00e9ate dans un magazine litt\u00e9raire\u00a0! - Remiremont Info<\/title>\n<meta name=\"robots\" content=\"index, follow, max-snippet:-1, max-image-preview:large, max-video-preview:-1\" \/>\n<link rel=\"canonical\" href=\"https:\/\/vosgesinfo.fr\/remiremontinfo\/2025\/02\/le-concours-de-nouvelles-fantastiques-soffre-un-parrain-et-publie-une-laureate-dans-un-magazine-litteraire\/\" \/>\n<meta name=\"twitter:card\" content=\"summary_large_image\" \/>\n<meta name=\"twitter:title\" content=\"Le concours de nouvelles fantastiques s\u2019offre un parrain et publie une laur\u00e9ate dans un magazine litt\u00e9raire\u00a0! - Remiremont Info\" \/>\n<meta name=\"twitter:description\" content=\"Samedi 1er f\u00e9vrier a eu lieu la remise des prix du concours de nouvelles Fantastiques \u00e0 la m\u00e9diath\u00e8que intercommunale du [&hellip;]\" \/>\n<meta name=\"twitter:image\" content=\"https:\/\/vosgesinfo.fr\/app\/uploads\/sites\/5\/2025\/02\/remise-des-prix-nouvelle-fantastique-2025-1-scaled-1.jpeg\" \/>\n<meta name=\"twitter:creator\" content=\"@VosgesInfo88\" \/>\n<meta name=\"twitter:site\" content=\"@VosgesInfo88\" \/>\n<meta name=\"twitter:label1\" content=\"\u00c9crit par\" \/>\n\t<meta name=\"twitter:data1\" content=\"I.N\" \/>\n\t<meta name=\"twitter:label2\" content=\"Dur\u00e9e de lecture estim\u00e9e\" \/>\n\t<meta name=\"twitter:data2\" content=\"3 minutes\" \/>\n<script type=\"application\/ld+json\" class=\"yoast-schema-graph\">{\"@context\":\"https:\/\/schema.org\",\"@graph\":[{\"@type\":\"Article\",\"@id\":\"https:\/\/vosgesinfo.fr\/remiremontinfo\/2025\/02\/le-concours-de-nouvelles-fantastiques-soffre-un-parrain-et-publie-une-laureate-dans-un-magazine-litteraire\/#article\",\"isPartOf\":{\"@id\":\"https:\/\/vosgesinfo.fr\/remiremontinfo\/2025\/02\/le-concours-de-nouvelles-fantastiques-soffre-un-parrain-et-publie-une-laureate-dans-un-magazine-litteraire\/\"},\"author\":{\"name\":\"I.N\",\"@id\":\"https:\/\/vosgesinfo.fr\/remiremontinfo\/#\/schema\/person\/bb210d3430e59ff5cd247deaccb63615\"},\"headline\":\"Le concours de nouvelles fantastiques s\u2019offre un parrain et publie une laur\u00e9ate dans un magazine litt\u00e9raire\u00a0!\",\"datePublished\":\"2025-02-02T17:30:16+00:00\",\"dateModified\":\"2025-02-02T17:30:16+00:00\",\"mainEntityOfPage\":{\"@id\":\"https:\/\/vosgesinfo.fr\/remiremontinfo\/2025\/02\/le-concours-de-nouvelles-fantastiques-soffre-un-parrain-et-publie-une-laureate-dans-un-magazine-litteraire\/\"},\"wordCount\":694,\"commentCount\":0,\"publisher\":{\"@id\":\"https:\/\/vosgesinfo.fr\/remiremontinfo\/#organization\"},\"image\":{\"@id\":\"https:\/\/vosgesinfo.fr\/remiremontinfo\/2025\/02\/le-concours-de-nouvelles-fantastiques-soffre-un-parrain-et-publie-une-laureate-dans-un-magazine-litteraire\/#primaryimage\"},\"thumbnailUrl\":\"https:\/\/vosgesinfo.fr\/app\/uploads\/sites\/5\/2025\/02\/remise-des-prix-nouvelle-fantastique-2025-1-scaled-1.jpeg\",\"keywords\":[\"concours de nouvelles fantastiques\",\"festival du film fantastique gerardmer\",\"m\u00e9diath\u00e8que du tilleul\"],\"articleSection\":[\"A la Une\",\"Culture\",\"Epinal\",\"Festival Fantastique\",\"G\u00e9rardmer\",\"La plaine des vosges\",\"Litt\u00e9rature\",\"Remiremont\",\"Saint-di\u00e9\"],\"inLanguage\":\"fr-FR\",\"potentialAction\":[{\"@type\":\"CommentAction\",\"name\":\"Comment\",\"target\":[\"https:\/\/vosgesinfo.fr\/remiremontinfo\/2025\/02\/le-concours-de-nouvelles-fantastiques-soffre-un-parrain-et-publie-une-laureate-dans-un-magazine-litteraire\/#respond\"]}]},{\"@type\":\"WebPage\",\"@id\":\"https:\/\/vosgesinfo.fr\/remiremontinfo\/2025\/02\/le-concours-de-nouvelles-fantastiques-soffre-un-parrain-et-publie-une-laureate-dans-un-magazine-litteraire\/\",\"url\":\"https:\/\/vosgesinfo.fr\/remiremontinfo\/2025\/02\/le-concours-de-nouvelles-fantastiques-soffre-un-parrain-et-publie-une-laureate-dans-un-magazine-litteraire\/\",\"name\":\"Le concours de nouvelles fantastiques s\u2019offre un parrain et publie une laur\u00e9ate dans un magazine litt\u00e9raire\u00a0! - Remiremont Info\",\"isPartOf\":{\"@id\":\"https:\/\/vosgesinfo.fr\/remiremontinfo\/#website\"},\"primaryImageOfPage\":{\"@id\":\"https:\/\/vosgesinfo.fr\/remiremontinfo\/2025\/02\/le-concours-de-nouvelles-fantastiques-soffre-un-parrain-et-publie-une-laureate-dans-un-magazine-litteraire\/#primaryimage\"},\"image\":{\"@id\":\"https:\/\/vosgesinfo.fr\/remiremontinfo\/2025\/02\/le-concours-de-nouvelles-fantastiques-soffre-un-parrain-et-publie-une-laureate-dans-un-magazine-litteraire\/#primaryimage\"},\"thumbnailUrl\":\"https:\/\/vosgesinfo.fr\/app\/uploads\/sites\/5\/2025\/02\/remise-des-prix-nouvelle-fantastique-2025-1-scaled-1.jpeg\",\"datePublished\":\"2025-02-02T17:30:16+00:00\",\"dateModified\":\"2025-02-02T17:30:16+00:00\",\"breadcrumb\":{\"@id\":\"https:\/\/vosgesinfo.fr\/remiremontinfo\/2025\/02\/le-concours-de-nouvelles-fantastiques-soffre-un-parrain-et-publie-une-laureate-dans-un-magazine-litteraire\/#breadcrumb\"},\"inLanguage\":\"fr-FR\",\"potentialAction\":[{\"@type\":\"ReadAction\",\"target\":[\"https:\/\/vosgesinfo.fr\/remiremontinfo\/2025\/02\/le-concours-de-nouvelles-fantastiques-soffre-un-parrain-et-publie-une-laureate-dans-un-magazine-litteraire\/\"]}]},{\"@type\":\"ImageObject\",\"inLanguage\":\"fr-FR\",\"@id\":\"https:\/\/vosgesinfo.fr\/remiremontinfo\/2025\/02\/le-concours-de-nouvelles-fantastiques-soffre-un-parrain-et-publie-une-laureate-dans-un-magazine-litteraire\/#primaryimage\",\"url\":\"https:\/\/vosgesinfo.fr\/app\/uploads\/sites\/5\/2025\/02\/remise-des-prix-nouvelle-fantastique-2025-1-scaled-1.jpeg\",\"contentUrl\":\"https:\/\/vosgesinfo.fr\/app\/uploads\/sites\/5\/2025\/02\/remise-des-prix-nouvelle-fantastique-2025-1-scaled-1.jpeg\",\"width\":2560,\"height\":1920},{\"@type\":\"BreadcrumbList\",\"@id\":\"https:\/\/vosgesinfo.fr\/remiremontinfo\/2025\/02\/le-concours-de-nouvelles-fantastiques-soffre-un-parrain-et-publie-une-laureate-dans-un-magazine-litteraire\/#breadcrumb\",\"itemListElement\":[{\"@type\":\"ListItem\",\"position\":1,\"name\":\"Home\",\"item\":\"https:\/\/vosgesinfo.fr\/remiremontinfo\/\"},{\"@type\":\"ListItem\",\"position\":2,\"name\":\"Le concours de nouvelles fantastiques s\u2019offre un parrain et publie une laur\u00e9ate dans un magazine litt\u00e9raire\u00a0!\"}]},{\"@type\":\"WebSite\",\"@id\":\"https:\/\/vosgesinfo.fr\/remiremontinfo\/#website\",\"url\":\"https:\/\/vosgesinfo.fr\/remiremontinfo\/\",\"name\":\"Remiremont Info\",\"description\":\"Toute l&#039;actualit\u00e9 de Remiremont\",\"publisher\":{\"@id\":\"https:\/\/vosgesinfo.fr\/remiremontinfo\/#organization\"},\"alternateName\":\"Toute l'actualit\u00e9 de Remiremont\",\"potentialAction\":[{\"@type\":\"SearchAction\",\"target\":{\"@type\":\"EntryPoint\",\"urlTemplate\":\"https:\/\/vosgesinfo.fr\/remiremontinfo\/?s={search_term_string}\"},\"query-input\":\"required name=search_term_string\"}],\"inLanguage\":\"fr-FR\"},{\"@type\":\"Organization\",\"@id\":\"https:\/\/vosgesinfo.fr\/remiremontinfo\/#organization\",\"name\":\"Remiremont Info\",\"url\":\"https:\/\/vosgesinfo.fr\/remiremontinfo\/\",\"logo\":{\"@type\":\"ImageObject\",\"inLanguage\":\"fr-FR\",\"@id\":\"https:\/\/vosgesinfo.fr\/remiremontinfo\/#\/schema\/logo\/image\/\",\"url\":\"https:\/\/vosgesinfo.fr\/app\/uploads\/sites\/5\/2023\/08\/favicon-remiremontinfo.png\",\"contentUrl\":\"https:\/\/vosgesinfo.fr\/app\/uploads\/sites\/5\/2023\/08\/favicon-remiremontinfo.png\",\"width\":512,\"height\":512,\"caption\":\"Remiremont Info\"},\"image\":{\"@id\":\"https:\/\/vosgesinfo.fr\/remiremontinfo\/#\/schema\/logo\/image\/\"},\"sameAs\":[\"https:\/\/www.facebook.com\/remiremontinfo\",\"https:\/\/x.com\/VosgesInfo88\",\"https:\/\/www.youtube.com\/@vosgesinfo\"]},{\"@type\":\"Person\",\"@id\":\"https:\/\/vosgesinfo.fr\/remiremontinfo\/#\/schema\/person\/bb210d3430e59ff5cd247deaccb63615\",\"name\":\"I.N\",\"image\":{\"@type\":\"ImageObject\",\"inLanguage\":\"fr-FR\",\"@id\":\"https:\/\/vosgesinfo.fr\/remiremontinfo\/#\/schema\/person\/image\/\",\"url\":\"https:\/\/secure.gravatar.com\/avatar\/612d5c20a39b1c8bc5675cc8e3d99e120730e7d080423fdafec485619845af71?s=96&d=mm&r=g\",\"contentUrl\":\"https:\/\/secure.gravatar.com\/avatar\/612d5c20a39b1c8bc5675cc8e3d99e120730e7d080423fdafec485619845af71?s=96&d=mm&r=g\",\"caption\":\"I.N\"},\"url\":\"https:\/\/vosgesinfo.fr\/remiremontinfo\/author\/i-ngerardmer\/\"}]}<\/script>\n<!-- \/ Yoast SEO plugin. -->","yoast_head_json":{"title":"Le concours de nouvelles fantastiques s\u2019offre un parrain et publie une laur\u00e9ate dans un magazine litt\u00e9raire\u00a0! - Remiremont Info","robots":{"index":"index","follow":"follow","max-snippet":"max-snippet:-1","max-image-preview":"max-image-preview:large","max-video-preview":"max-video-preview:-1"},"canonical":"https:\/\/vosgesinfo.fr\/remiremontinfo\/2025\/02\/le-concours-de-nouvelles-fantastiques-soffre-un-parrain-et-publie-une-laureate-dans-un-magazine-litteraire\/","twitter_card":"summary_large_image","twitter_title":"Le concours de nouvelles fantastiques s\u2019offre un parrain et publie une laur\u00e9ate dans un magazine litt\u00e9raire\u00a0! - Remiremont Info","twitter_description":"Samedi 1er f\u00e9vrier a eu lieu la remise des prix du concours de nouvelles Fantastiques \u00e0 la m\u00e9diath\u00e8que intercommunale du [&hellip;]","twitter_image":"https:\/\/vosgesinfo.fr\/app\/uploads\/sites\/5\/2025\/02\/remise-des-prix-nouvelle-fantastique-2025-1-scaled-1.jpeg","twitter_creator":"@VosgesInfo88","twitter_site":"@VosgesInfo88","twitter_misc":{"\u00c9crit par":"I.N","Dur\u00e9e de lecture estim\u00e9e":"3 minutes"},"schema":{"@context":"https:\/\/schema.org","@graph":[{"@type":"Article","@id":"https:\/\/vosgesinfo.fr\/remiremontinfo\/2025\/02\/le-concours-de-nouvelles-fantastiques-soffre-un-parrain-et-publie-une-laureate-dans-un-magazine-litteraire\/#article","isPartOf":{"@id":"https:\/\/vosgesinfo.fr\/remiremontinfo\/2025\/02\/le-concours-de-nouvelles-fantastiques-soffre-un-parrain-et-publie-une-laureate-dans-un-magazine-litteraire\/"},"author":{"name":"I.N","@id":"https:\/\/vosgesinfo.fr\/remiremontinfo\/#\/schema\/person\/bb210d3430e59ff5cd247deaccb63615"},"headline":"Le concours de nouvelles fantastiques s\u2019offre un parrain et publie une laur\u00e9ate dans un magazine litt\u00e9raire\u00a0!","datePublished":"2025-02-02T17:30:16+00:00","dateModified":"2025-02-02T17:30:16+00:00","mainEntityOfPage":{"@id":"https:\/\/vosgesinfo.fr\/remiremontinfo\/2025\/02\/le-concours-de-nouvelles-fantastiques-soffre-un-parrain-et-publie-une-laureate-dans-un-magazine-litteraire\/"},"wordCount":694,"commentCount":0,"publisher":{"@id":"https:\/\/vosgesinfo.fr\/remiremontinfo\/#organization"},"image":{"@id":"https:\/\/vosgesinfo.fr\/remiremontinfo\/2025\/02\/le-concours-de-nouvelles-fantastiques-soffre-un-parrain-et-publie-une-laureate-dans-un-magazine-litteraire\/#primaryimage"},"thumbnailUrl":"https:\/\/vosgesinfo.fr\/app\/uploads\/sites\/5\/2025\/02\/remise-des-prix-nouvelle-fantastique-2025-1-scaled-1.jpeg","keywords":["concours de nouvelles fantastiques","festival du film fantastique gerardmer","m\u00e9diath\u00e8que du tilleul"],"articleSection":["A la Une","Culture","Epinal","Festival Fantastique","G\u00e9rardmer","La plaine des vosges","Litt\u00e9rature","Remiremont","Saint-di\u00e9"],"inLanguage":"fr-FR","potentialAction":[{"@type":"CommentAction","name":"Comment","target":["https:\/\/vosgesinfo.fr\/remiremontinfo\/2025\/02\/le-concours-de-nouvelles-fantastiques-soffre-un-parrain-et-publie-une-laureate-dans-un-magazine-litteraire\/#respond"]}]},{"@type":"WebPage","@id":"https:\/\/vosgesinfo.fr\/remiremontinfo\/2025\/02\/le-concours-de-nouvelles-fantastiques-soffre-un-parrain-et-publie-une-laureate-dans-un-magazine-litteraire\/","url":"https:\/\/vosgesinfo.fr\/remiremontinfo\/2025\/02\/le-concours-de-nouvelles-fantastiques-soffre-un-parrain-et-publie-une-laureate-dans-un-magazine-litteraire\/","name":"Le concours de nouvelles fantastiques s\u2019offre un parrain et publie une laur\u00e9ate dans un magazine litt\u00e9raire\u00a0! - Remiremont Info","isPartOf":{"@id":"https:\/\/vosgesinfo.fr\/remiremontinfo\/#website"},"primaryImageOfPage":{"@id":"https:\/\/vosgesinfo.fr\/remiremontinfo\/2025\/02\/le-concours-de-nouvelles-fantastiques-soffre-un-parrain-et-publie-une-laureate-dans-un-magazine-litteraire\/#primaryimage"},"image":{"@id":"https:\/\/vosgesinfo.fr\/remiremontinfo\/2025\/02\/le-concours-de-nouvelles-fantastiques-soffre-un-parrain-et-publie-une-laureate-dans-un-magazine-litteraire\/#primaryimage"},"thumbnailUrl":"https:\/\/vosgesinfo.fr\/app\/uploads\/sites\/5\/2025\/02\/remise-des-prix-nouvelle-fantastique-2025-1-scaled-1.jpeg","datePublished":"2025-02-02T17:30:16+00:00","dateModified":"2025-02-02T17:30:16+00:00","breadcrumb":{"@id":"https:\/\/vosgesinfo.fr\/remiremontinfo\/2025\/02\/le-concours-de-nouvelles-fantastiques-soffre-un-parrain-et-publie-une-laureate-dans-un-magazine-litteraire\/#breadcrumb"},"inLanguage":"fr-FR","potentialAction":[{"@type":"ReadAction","target":["https:\/\/vosgesinfo.fr\/remiremontinfo\/2025\/02\/le-concours-de-nouvelles-fantastiques-soffre-un-parrain-et-publie-une-laureate-dans-un-magazine-litteraire\/"]}]},{"@type":"ImageObject","inLanguage":"fr-FR","@id":"https:\/\/vosgesinfo.fr\/remiremontinfo\/2025\/02\/le-concours-de-nouvelles-fantastiques-soffre-un-parrain-et-publie-une-laureate-dans-un-magazine-litteraire\/#primaryimage","url":"https:\/\/vosgesinfo.fr\/app\/uploads\/sites\/5\/2025\/02\/remise-des-prix-nouvelle-fantastique-2025-1-scaled-1.jpeg","contentUrl":"https:\/\/vosgesinfo.fr\/app\/uploads\/sites\/5\/2025\/02\/remise-des-prix-nouvelle-fantastique-2025-1-scaled-1.jpeg","width":2560,"height":1920},{"@type":"BreadcrumbList","@id":"https:\/\/vosgesinfo.fr\/remiremontinfo\/2025\/02\/le-concours-de-nouvelles-fantastiques-soffre-un-parrain-et-publie-une-laureate-dans-un-magazine-litteraire\/#breadcrumb","itemListElement":[{"@type":"ListItem","position":1,"name":"Home","item":"https:\/\/vosgesinfo.fr\/remiremontinfo\/"},{"@type":"ListItem","position":2,"name":"Le concours de nouvelles fantastiques s\u2019offre un parrain et publie une laur\u00e9ate dans un magazine litt\u00e9raire\u00a0!"}]},{"@type":"WebSite","@id":"https:\/\/vosgesinfo.fr\/remiremontinfo\/#website","url":"https:\/\/vosgesinfo.fr\/remiremontinfo\/","name":"Remiremont Info","description":"Toute l&#039;actualit\u00e9 de Remiremont","publisher":{"@id":"https:\/\/vosgesinfo.fr\/remiremontinfo\/#organization"},"alternateName":"Toute l'actualit\u00e9 de Remiremont","potentialAction":[{"@type":"SearchAction","target":{"@type":"EntryPoint","urlTemplate":"https:\/\/vosgesinfo.fr\/remiremontinfo\/?s={search_term_string}"},"query-input":"required name=search_term_string"}],"inLanguage":"fr-FR"},{"@type":"Organization","@id":"https:\/\/vosgesinfo.fr\/remiremontinfo\/#organization","name":"Remiremont Info","url":"https:\/\/vosgesinfo.fr\/remiremontinfo\/","logo":{"@type":"ImageObject","inLanguage":"fr-FR","@id":"https:\/\/vosgesinfo.fr\/remiremontinfo\/#\/schema\/logo\/image\/","url":"https:\/\/vosgesinfo.fr\/app\/uploads\/sites\/5\/2023\/08\/favicon-remiremontinfo.png","contentUrl":"https:\/\/vosgesinfo.fr\/app\/uploads\/sites\/5\/2023\/08\/favicon-remiremontinfo.png","width":512,"height":512,"caption":"Remiremont Info"},"image":{"@id":"https:\/\/vosgesinfo.fr\/remiremontinfo\/#\/schema\/logo\/image\/"},"sameAs":["https:\/\/www.facebook.com\/remiremontinfo","https:\/\/x.com\/VosgesInfo88","https:\/\/www.youtube.com\/@vosgesinfo"]},{"@type":"Person","@id":"https:\/\/vosgesinfo.fr\/remiremontinfo\/#\/schema\/person\/bb210d3430e59ff5cd247deaccb63615","name":"I.N","image":{"@type":"ImageObject","inLanguage":"fr-FR","@id":"https:\/\/vosgesinfo.fr\/remiremontinfo\/#\/schema\/person\/image\/","url":"https:\/\/secure.gravatar.com\/avatar\/612d5c20a39b1c8bc5675cc8e3d99e120730e7d080423fdafec485619845af71?s=96&d=mm&r=g","contentUrl":"https:\/\/secure.gravatar.com\/avatar\/612d5c20a39b1c8bc5675cc8e3d99e120730e7d080423fdafec485619845af71?s=96&d=mm&r=g","caption":"I.N"},"url":"https:\/\/vosgesinfo.fr\/remiremontinfo\/author\/i-ngerardmer\/"}]}},"_links":{"self":[{"href":"https:\/\/vosgesinfo.fr\/remiremontinfo\/wp-json\/wp\/v2\/posts\/78020","targetHints":{"allow":["GET"]}}],"collection":[{"href":"https:\/\/vosgesinfo.fr\/remiremontinfo\/wp-json\/wp\/v2\/posts"}],"about":[{"href":"https:\/\/vosgesinfo.fr\/remiremontinfo\/wp-json\/wp\/v2\/types\/post"}],"author":[{"embeddable":true,"href":"https:\/\/vosgesinfo.fr\/remiremontinfo\/wp-json\/wp\/v2\/users\/258"}],"replies":[{"embeddable":true,"href":"https:\/\/vosgesinfo.fr\/remiremontinfo\/wp-json\/wp\/v2\/comments?post=78020"}],"version-history":[{"count":0,"href":"https:\/\/vosgesinfo.fr\/remiremontinfo\/wp-json\/wp\/v2\/posts\/78020\/revisions"}],"wp:featuredmedia":[{"embeddable":true,"href":"https:\/\/vosgesinfo.fr\/remiremontinfo\/wp-json\/wp\/v2\/media\/78021"}],"wp:attachment":[{"href":"https:\/\/vosgesinfo.fr\/remiremontinfo\/wp-json\/wp\/v2\/media?parent=78020"}],"wp:term":[{"taxonomy":"category","embeddable":true,"href":"https:\/\/vosgesinfo.fr\/remiremontinfo\/wp-json\/wp\/v2\/categories?post=78020"},{"taxonomy":"post_tag","embeddable":true,"href":"https:\/\/vosgesinfo.fr\/remiremontinfo\/wp-json\/wp\/v2\/tags?post=78020"}],"curies":[{"name":"wp","href":"https:\/\/api.w.org\/{rel}","templated":true}]}}