{"id":78043,"date":"2025-02-03T13:27:43","date_gmt":"2025-02-03T12:27:43","guid":{"rendered":"https:\/\/vosgesinfo.fr\/remiremontinfo\/?p=78043"},"modified":"2025-02-03T13:27:43","modified_gmt":"2025-02-03T12:27:43","slug":"le-club-acrogym-de-st-etienne-les-remiremont-brille-au-championnat-des-vosges","status":"publish","type":"post","link":"https:\/\/vosgesinfo.fr\/remiremontinfo\/2025\/02\/le-club-acrogym-de-st-etienne-les-remiremont-brille-au-championnat-des-vosges\/","title":{"rendered":"Le club Acro&rsquo;Gym de St-Etienne-l\u00e8s-Remiremont brille au championnat des Vosges"},"content":{"rendered":"<div class=\"elementToProof\">\n<p data-pm-slice=\"1 1 []\">Tr\u00e8s belle performance du club Acro&rsquo;Gym+ de Saint-Etienne-L\u00e8s-Remiremont en gymnastique acrobatique au championnat des Vosges se d\u00e9roulant \u00e0 Brumath ce weekend.<\/p>\n<p>Nos gymnastes ont brill\u00e9 par leurs performances et ont su se d\u00e9marquer techniquement et artistiquement lors de leur passage.<\/p>\n<p>&nbsp;<\/p>\n<p>\ud83e\udd47Championnes des Vosges Charlotte Niemerich et Manon Maxant en Fed B 7\/14 ans<\/p>\n<p>\ud83e\udd47 Championnes des Vosges Anna Bauer et Sol\u00e8ne Drouiche en Fed A 7\/14 ans<\/p>\n<p>\ud83e\udd48Vice-championnes des Vosges Gersande Berard et Myla Jacoberger en Fed A 7\/14 ans.<\/p>\n<p>&nbsp;<\/p>\n<p>Non seulement elles rapportent les premi\u00e8res places du championnat des Vosges, mais elles ont \u00e9galement les meilleures notes du plateau des championnats d\u00e9partementaux Vosges, Bas-Rhin et Haut-Rhin.<\/p>\n<p>Un grand bravo \u00e0 chacune d&rsquo;elles pour leur engagement et leur talent.<\/p>\n<p>Un grand bravo \u00e9galement pour leur coach Francine JOLY, qui a su les accompagner et les motiver \u00e0 donner le meilleur d&rsquo;elles-m\u00eames.<\/p>\n<p>Merci aux parents de rendre ceci possible gr\u00e2ce \u00e0 votre confiance et assiduit\u00e9.<\/p>\n<p>&nbsp;<\/p>\n<p>Ces r\u00e9sultats prometteurs nous donnent une belle confiance pour leur prochaine \u00e9ch\u00e9ance, les championnats interd\u00e9partementaux.<\/p>\n<p>Continuons \u00e0 encourager nos gymnastes et \u00e0 soutenir leurs parcours !<\/p>\n<p><a href=\"https:\/\/vosgesinfo.fr\/app\/uploads\/sites\/5\/2025\/02\/championnat-vosges-gac-2025.jpg\"><img decoding=\"async\" class=\"aligncenter size-large wp-image-78044\" src=\"https:\/\/vosgesinfo.fr\/app\/uploads\/sites\/5\/2025\/02\/championnat-vosges-gac-2025-700x1024.jpg\" alt=\"\" width=\"700\" height=\"1024\" srcset=\"https:\/\/vosgesinfo.fr\/app\/uploads\/sites\/5\/2025\/02\/championnat-vosges-gac-2025-700x1024.jpg 700w, https:\/\/vosgesinfo.fr\/app\/uploads\/sites\/5\/2025\/02\/championnat-vosges-gac-2025-205x300.jpg 205w, https:\/\/vosgesinfo.fr\/app\/uploads\/sites\/5\/2025\/02\/championnat-vosges-gac-2025-768x1124.jpg 768w, https:\/\/vosgesinfo.fr\/app\/uploads\/sites\/5\/2025\/02\/championnat-vosges-gac-2025-1049x1536.jpg 1049w, https:\/\/vosgesinfo.fr\/app\/uploads\/sites\/5\/2025\/02\/championnat-vosges-gac-2025.jpg 1093w\" sizes=\"(max-width: 700px) 100vw, 700px\" \/><\/a><\/p>\n<\/div>\n","protected":false},"excerpt":{"rendered":"<p>Tr\u00e8s belle performance du club Acro&rsquo;Gym+ de Saint-Etienne-L\u00e8s-Remiremont en gymnastique acrobatique au championnat des Vosges se d\u00e9roulant \u00e0 Brumath ce [&hellip;]<\/p>\n","protected":false},"author":391,"featured_media":78044,"comment_status":"open","ping_status":"open","sticky":false,"template":"","format":"standard","meta":{"footnotes":""},"categories":[26,43,155,14],"tags":[941,7100,397],"class_list":["post-78043","post","type-post","status-publish","format-standard","has-post-thumbnail","hentry","category-a-la-une","category-remiremont-remiremont-son-canton","category-saint-etienne","category-sport","tag-acrogym","tag-championnat-des-vosges-de-gymnastique-acrobatique","tag-saint-etienne-les-remiremont"],"acf":[],"yoast_head":"<!-- This site is optimized with the Yoast SEO plugin v22.5 - https:\/\/yoast.com\/wordpress\/plugins\/seo\/ -->\n<title>Le club Acro&#039;Gym de St-Etienne-l\u00e8s-Remiremont brille au championnat des Vosges - Remiremont Info<\/title>\n<meta name=\"robots\" content=\"index, follow, max-snippet:-1, max-image-preview:large, max-video-preview:-1\" \/>\n<link rel=\"canonical\" href=\"https:\/\/vosgesinfo.fr\/remiremontinfo\/?p=78043\" \/>\n<meta name=\"twitter:card\" content=\"summary_large_image\" \/>\n<meta name=\"twitter:title\" content=\"Le club Acro&#039;Gym de St-Etienne-l\u00e8s-Remiremont brille au championnat des Vosges - Remiremont Info\" \/>\n<meta name=\"twitter:description\" content=\"Tr\u00e8s belle performance du club Acro&rsquo;Gym+ de Saint-Etienne-L\u00e8s-Remiremont en gymnastique acrobatique au championnat des Vosges se d\u00e9roulant \u00e0 Brumath ce [&hellip;]\" \/>\n<meta name=\"twitter:creator\" content=\"@VosgesInfo88\" \/>\n<meta name=\"twitter:site\" content=\"@VosgesInfo88\" \/>\n<meta name=\"twitter:label1\" content=\"\u00c9crit par\" \/>\n\t<meta name=\"twitter:data1\" content=\"La redaction\" \/>\n\t<meta name=\"twitter:label2\" content=\"Dur\u00e9e de lecture estim\u00e9e\" \/>\n\t<meta name=\"twitter:data2\" content=\"1 minute\" \/>\n<script type=\"application\/ld+json\" class=\"yoast-schema-graph\">{\"@context\":\"https:\/\/schema.org\",\"@graph\":[{\"@type\":\"Article\",\"@id\":\"https:\/\/vosgesinfo.fr\/remiremontinfo\/?p=78043#article\",\"isPartOf\":{\"@id\":\"https:\/\/vosgesinfo.fr\/remiremontinfo\/?p=78043\"},\"author\":{\"name\":\"La redaction\",\"@id\":\"https:\/\/vosgesinfo.fr\/remiremontinfo\/#\/schema\/person\/27a3695b06db98895b354c0765cdfc31\"},\"headline\":\"Le club Acro&rsquo;Gym de St-Etienne-l\u00e8s-Remiremont brille au championnat des Vosges\",\"datePublished\":\"2025-02-03T12:27:43+00:00\",\"dateModified\":\"2025-02-03T12:27:43+00:00\",\"mainEntityOfPage\":{\"@id\":\"https:\/\/vosgesinfo.fr\/remiremontinfo\/?p=78043\"},\"wordCount\":199,\"commentCount\":0,\"publisher\":{\"@id\":\"https:\/\/vosgesinfo.fr\/remiremontinfo\/#organization\"},\"image\":{\"@id\":\"https:\/\/vosgesinfo.fr\/remiremontinfo\/?p=78043#primaryimage\"},\"thumbnailUrl\":\"https:\/\/vosgesinfo.fr\/app\/uploads\/sites\/5\/2025\/02\/championnat-vosges-gac-2025.jpg\",\"keywords\":[\"acro'gym\",\"Championnat des Vosges de gymnastique acrobatique\",\"Saint-Etienne-l\u00e8s-Remiremont\"],\"articleSection\":[\"A la Une\",\"Remiremont\",\"Saint-Etienne\",\"Sport\"],\"inLanguage\":\"fr-FR\",\"potentialAction\":[{\"@type\":\"CommentAction\",\"name\":\"Comment\",\"target\":[\"https:\/\/vosgesinfo.fr\/remiremontinfo\/?p=78043#respond\"]}]},{\"@type\":\"WebPage\",\"@id\":\"https:\/\/vosgesinfo.fr\/remiremontinfo\/?p=78043\",\"url\":\"https:\/\/vosgesinfo.fr\/remiremontinfo\/?p=78043\",\"name\":\"Le club Acro'Gym de St-Etienne-l\u00e8s-Remiremont brille au championnat des Vosges - Remiremont Info\",\"isPartOf\":{\"@id\":\"https:\/\/vosgesinfo.fr\/remiremontinfo\/#website\"},\"primaryImageOfPage\":{\"@id\":\"https:\/\/vosgesinfo.fr\/remiremontinfo\/?p=78043#primaryimage\"},\"image\":{\"@id\":\"https:\/\/vosgesinfo.fr\/remiremontinfo\/?p=78043#primaryimage\"},\"thumbnailUrl\":\"https:\/\/vosgesinfo.fr\/app\/uploads\/sites\/5\/2025\/02\/championnat-vosges-gac-2025.jpg\",\"datePublished\":\"2025-02-03T12:27:43+00:00\",\"dateModified\":\"2025-02-03T12:27:43+00:00\",\"breadcrumb\":{\"@id\":\"https:\/\/vosgesinfo.fr\/remiremontinfo\/?p=78043#breadcrumb\"},\"inLanguage\":\"fr-FR\",\"potentialAction\":[{\"@type\":\"ReadAction\",\"target\":[\"https:\/\/vosgesinfo.fr\/remiremontinfo\/?p=78043\"]}]},{\"@type\":\"ImageObject\",\"inLanguage\":\"fr-FR\",\"@id\":\"https:\/\/vosgesinfo.fr\/remiremontinfo\/?p=78043#primaryimage\",\"url\":\"https:\/\/vosgesinfo.fr\/app\/uploads\/sites\/5\/2025\/02\/championnat-vosges-gac-2025.jpg\",\"contentUrl\":\"https:\/\/vosgesinfo.fr\/app\/uploads\/sites\/5\/2025\/02\/championnat-vosges-gac-2025.jpg\",\"width\":1093,\"height\":1600},{\"@type\":\"BreadcrumbList\",\"@id\":\"https:\/\/vosgesinfo.fr\/remiremontinfo\/?p=78043#breadcrumb\",\"itemListElement\":[{\"@type\":\"ListItem\",\"position\":1,\"name\":\"Home\",\"item\":\"https:\/\/vosgesinfo.fr\/remiremontinfo\/\"},{\"@type\":\"ListItem\",\"position\":2,\"name\":\"Le club Acro&#8217;Gym de St-Etienne-l\u00e8s-Remiremont brille au championnat des Vosges\"}]},{\"@type\":\"WebSite\",\"@id\":\"https:\/\/vosgesinfo.fr\/remiremontinfo\/#website\",\"url\":\"https:\/\/vosgesinfo.fr\/remiremontinfo\/\",\"name\":\"Remiremont Info\",\"description\":\"Toute l&#039;actualit\u00e9 de Remiremont\",\"publisher\":{\"@id\":\"https:\/\/vosgesinfo.fr\/remiremontinfo\/#organization\"},\"alternateName\":\"Toute l'actualit\u00e9 de Remiremont\",\"potentialAction\":[{\"@type\":\"SearchAction\",\"target\":{\"@type\":\"EntryPoint\",\"urlTemplate\":\"https:\/\/vosgesinfo.fr\/remiremontinfo\/?s={search_term_string}\"},\"query-input\":\"required name=search_term_string\"}],\"inLanguage\":\"fr-FR\"},{\"@type\":\"Organization\",\"@id\":\"https:\/\/vosgesinfo.fr\/remiremontinfo\/#organization\",\"name\":\"Remiremont Info\",\"url\":\"https:\/\/vosgesinfo.fr\/remiremontinfo\/\",\"logo\":{\"@type\":\"ImageObject\",\"inLanguage\":\"fr-FR\",\"@id\":\"https:\/\/vosgesinfo.fr\/remiremontinfo\/#\/schema\/logo\/image\/\",\"url\":\"https:\/\/vosgesinfo.fr\/app\/uploads\/sites\/5\/2023\/08\/favicon-remiremontinfo.png\",\"contentUrl\":\"https:\/\/vosgesinfo.fr\/app\/uploads\/sites\/5\/2023\/08\/favicon-remiremontinfo.png\",\"width\":512,\"height\":512,\"caption\":\"Remiremont Info\"},\"image\":{\"@id\":\"https:\/\/vosgesinfo.fr\/remiremontinfo\/#\/schema\/logo\/image\/\"},\"sameAs\":[\"https:\/\/www.facebook.com\/remiremontinfo\",\"https:\/\/x.com\/VosgesInfo88\",\"https:\/\/www.youtube.com\/@vosgesinfo\"]},{\"@type\":\"Person\",\"@id\":\"https:\/\/vosgesinfo.fr\/remiremontinfo\/#\/schema\/person\/27a3695b06db98895b354c0765cdfc31\",\"name\":\"La redaction\",\"image\":{\"@type\":\"ImageObject\",\"inLanguage\":\"fr-FR\",\"@id\":\"https:\/\/vosgesinfo.fr\/remiremontinfo\/#\/schema\/person\/image\/\",\"url\":\"https:\/\/secure.gravatar.com\/avatar\/64c76a78e501cedee55736f43f332df901e1896ae9cd8fad269ae2236dd0e8b6?s=96&d=mm&r=g\",\"contentUrl\":\"https:\/\/secure.gravatar.com\/avatar\/64c76a78e501cedee55736f43f332df901e1896ae9cd8fad269ae2236dd0e8b6?s=96&d=mm&r=g\",\"caption\":\"La redaction\"},\"url\":\"https:\/\/vosgesinfo.fr\/remiremontinfo\/author\/la-redaction\/\"}]}<\/script>\n<!-- \/ Yoast SEO plugin. -->","yoast_head_json":{"title":"Le club Acro'Gym de St-Etienne-l\u00e8s-Remiremont brille au championnat des Vosges - Remiremont Info","robots":{"index":"index","follow":"follow","max-snippet":"max-snippet:-1","max-image-preview":"max-image-preview:large","max-video-preview":"max-video-preview:-1"},"canonical":"https:\/\/vosgesinfo.fr\/remiremontinfo\/?p=78043","twitter_card":"summary_large_image","twitter_title":"Le club Acro'Gym de St-Etienne-l\u00e8s-Remiremont brille au championnat des Vosges - Remiremont Info","twitter_description":"Tr\u00e8s belle performance du club Acro&rsquo;Gym+ de Saint-Etienne-L\u00e8s-Remiremont en gymnastique acrobatique au championnat des Vosges se d\u00e9roulant \u00e0 Brumath ce [&hellip;]","twitter_creator":"@VosgesInfo88","twitter_site":"@VosgesInfo88","twitter_misc":{"\u00c9crit par":"La redaction","Dur\u00e9e de lecture estim\u00e9e":"1 minute"},"schema":{"@context":"https:\/\/schema.org","@graph":[{"@type":"Article","@id":"https:\/\/vosgesinfo.fr\/remiremontinfo\/?p=78043#article","isPartOf":{"@id":"https:\/\/vosgesinfo.fr\/remiremontinfo\/?p=78043"},"author":{"name":"La redaction","@id":"https:\/\/vosgesinfo.fr\/remiremontinfo\/#\/schema\/person\/27a3695b06db98895b354c0765cdfc31"},"headline":"Le club Acro&rsquo;Gym de St-Etienne-l\u00e8s-Remiremont brille au championnat des Vosges","datePublished":"2025-02-03T12:27:43+00:00","dateModified":"2025-02-03T12:27:43+00:00","mainEntityOfPage":{"@id":"https:\/\/vosgesinfo.fr\/remiremontinfo\/?p=78043"},"wordCount":199,"commentCount":0,"publisher":{"@id":"https:\/\/vosgesinfo.fr\/remiremontinfo\/#organization"},"image":{"@id":"https:\/\/vosgesinfo.fr\/remiremontinfo\/?p=78043#primaryimage"},"thumbnailUrl":"https:\/\/vosgesinfo.fr\/app\/uploads\/sites\/5\/2025\/02\/championnat-vosges-gac-2025.jpg","keywords":["acro'gym","Championnat des Vosges de gymnastique acrobatique","Saint-Etienne-l\u00e8s-Remiremont"],"articleSection":["A la Une","Remiremont","Saint-Etienne","Sport"],"inLanguage":"fr-FR","potentialAction":[{"@type":"CommentAction","name":"Comment","target":["https:\/\/vosgesinfo.fr\/remiremontinfo\/?p=78043#respond"]}]},{"@type":"WebPage","@id":"https:\/\/vosgesinfo.fr\/remiremontinfo\/?p=78043","url":"https:\/\/vosgesinfo.fr\/remiremontinfo\/?p=78043","name":"Le club Acro'Gym de St-Etienne-l\u00e8s-Remiremont brille au championnat des Vosges - Remiremont Info","isPartOf":{"@id":"https:\/\/vosgesinfo.fr\/remiremontinfo\/#website"},"primaryImageOfPage":{"@id":"https:\/\/vosgesinfo.fr\/remiremontinfo\/?p=78043#primaryimage"},"image":{"@id":"https:\/\/vosgesinfo.fr\/remiremontinfo\/?p=78043#primaryimage"},"thumbnailUrl":"https:\/\/vosgesinfo.fr\/app\/uploads\/sites\/5\/2025\/02\/championnat-vosges-gac-2025.jpg","datePublished":"2025-02-03T12:27:43+00:00","dateModified":"2025-02-03T12:27:43+00:00","breadcrumb":{"@id":"https:\/\/vosgesinfo.fr\/remiremontinfo\/?p=78043#breadcrumb"},"inLanguage":"fr-FR","potentialAction":[{"@type":"ReadAction","target":["https:\/\/vosgesinfo.fr\/remiremontinfo\/?p=78043"]}]},{"@type":"ImageObject","inLanguage":"fr-FR","@id":"https:\/\/vosgesinfo.fr\/remiremontinfo\/?p=78043#primaryimage","url":"https:\/\/vosgesinfo.fr\/app\/uploads\/sites\/5\/2025\/02\/championnat-vosges-gac-2025.jpg","contentUrl":"https:\/\/vosgesinfo.fr\/app\/uploads\/sites\/5\/2025\/02\/championnat-vosges-gac-2025.jpg","width":1093,"height":1600},{"@type":"BreadcrumbList","@id":"https:\/\/vosgesinfo.fr\/remiremontinfo\/?p=78043#breadcrumb","itemListElement":[{"@type":"ListItem","position":1,"name":"Home","item":"https:\/\/vosgesinfo.fr\/remiremontinfo\/"},{"@type":"ListItem","position":2,"name":"Le club Acro&#8217;Gym de St-Etienne-l\u00e8s-Remiremont brille au championnat des Vosges"}]},{"@type":"WebSite","@id":"https:\/\/vosgesinfo.fr\/remiremontinfo\/#website","url":"https:\/\/vosgesinfo.fr\/remiremontinfo\/","name":"Remiremont Info","description":"Toute l&#039;actualit\u00e9 de Remiremont","publisher":{"@id":"https:\/\/vosgesinfo.fr\/remiremontinfo\/#organization"},"alternateName":"Toute l'actualit\u00e9 de Remiremont","potentialAction":[{"@type":"SearchAction","target":{"@type":"EntryPoint","urlTemplate":"https:\/\/vosgesinfo.fr\/remiremontinfo\/?s={search_term_string}"},"query-input":"required name=search_term_string"}],"inLanguage":"fr-FR"},{"@type":"Organization","@id":"https:\/\/vosgesinfo.fr\/remiremontinfo\/#organization","name":"Remiremont Info","url":"https:\/\/vosgesinfo.fr\/remiremontinfo\/","logo":{"@type":"ImageObject","inLanguage":"fr-FR","@id":"https:\/\/vosgesinfo.fr\/remiremontinfo\/#\/schema\/logo\/image\/","url":"https:\/\/vosgesinfo.fr\/app\/uploads\/sites\/5\/2023\/08\/favicon-remiremontinfo.png","contentUrl":"https:\/\/vosgesinfo.fr\/app\/uploads\/sites\/5\/2023\/08\/favicon-remiremontinfo.png","width":512,"height":512,"caption":"Remiremont Info"},"image":{"@id":"https:\/\/vosgesinfo.fr\/remiremontinfo\/#\/schema\/logo\/image\/"},"sameAs":["https:\/\/www.facebook.com\/remiremontinfo","https:\/\/x.com\/VosgesInfo88","https:\/\/www.youtube.com\/@vosgesinfo"]},{"@type":"Person","@id":"https:\/\/vosgesinfo.fr\/remiremontinfo\/#\/schema\/person\/27a3695b06db98895b354c0765cdfc31","name":"La redaction","image":{"@type":"ImageObject","inLanguage":"fr-FR","@id":"https:\/\/vosgesinfo.fr\/remiremontinfo\/#\/schema\/person\/image\/","url":"https:\/\/secure.gravatar.com\/avatar\/64c76a78e501cedee55736f43f332df901e1896ae9cd8fad269ae2236dd0e8b6?s=96&d=mm&r=g","contentUrl":"https:\/\/secure.gravatar.com\/avatar\/64c76a78e501cedee55736f43f332df901e1896ae9cd8fad269ae2236dd0e8b6?s=96&d=mm&r=g","caption":"La redaction"},"url":"https:\/\/vosgesinfo.fr\/remiremontinfo\/author\/la-redaction\/"}]}},"_links":{"self":[{"href":"https:\/\/vosgesinfo.fr\/remiremontinfo\/wp-json\/wp\/v2\/posts\/78043","targetHints":{"allow":["GET"]}}],"collection":[{"href":"https:\/\/vosgesinfo.fr\/remiremontinfo\/wp-json\/wp\/v2\/posts"}],"about":[{"href":"https:\/\/vosgesinfo.fr\/remiremontinfo\/wp-json\/wp\/v2\/types\/post"}],"author":[{"embeddable":true,"href":"https:\/\/vosgesinfo.fr\/remiremontinfo\/wp-json\/wp\/v2\/users\/391"}],"replies":[{"embeddable":true,"href":"https:\/\/vosgesinfo.fr\/remiremontinfo\/wp-json\/wp\/v2\/comments?post=78043"}],"version-history":[{"count":1,"href":"https:\/\/vosgesinfo.fr\/remiremontinfo\/wp-json\/wp\/v2\/posts\/78043\/revisions"}],"predecessor-version":[{"id":78045,"href":"https:\/\/vosgesinfo.fr\/remiremontinfo\/wp-json\/wp\/v2\/posts\/78043\/revisions\/78045"}],"wp:featuredmedia":[{"embeddable":true,"href":"https:\/\/vosgesinfo.fr\/remiremontinfo\/wp-json\/wp\/v2\/media\/78044"}],"wp:attachment":[{"href":"https:\/\/vosgesinfo.fr\/remiremontinfo\/wp-json\/wp\/v2\/media?parent=78043"}],"wp:term":[{"taxonomy":"category","embeddable":true,"href":"https:\/\/vosgesinfo.fr\/remiremontinfo\/wp-json\/wp\/v2\/categories?post=78043"},{"taxonomy":"post_tag","embeddable":true,"href":"https:\/\/vosgesinfo.fr\/remiremontinfo\/wp-json\/wp\/v2\/tags?post=78043"}],"curies":[{"name":"wp","href":"https:\/\/api.w.org\/{rel}","templated":true}]}}