{"id":78113,"date":"2025-02-04T17:30:42","date_gmt":"2025-02-04T16:30:42","guid":{"rendered":"https:\/\/vosgesinfo.fr\/remiremontinfo\/?p=78113"},"modified":"2025-02-04T17:30:42","modified_gmt":"2025-02-04T16:30:42","slug":"region-une-baisse-des-effectifs-deleves-plus-marquee-en-lorraine-que-dans-le-reste-de-la-france","status":"publish","type":"post","link":"https:\/\/vosgesinfo.fr\/remiremontinfo\/2025\/02\/region-une-baisse-des-effectifs-deleves-plus-marquee-en-lorraine-que-dans-le-reste-de-la-france\/","title":{"rendered":"R\u00e9gion \u2013 Une baisse des effectifs d&rsquo;\u00e9l\u00e8ves plus marqu\u00e9e en Lorraine que dans le reste de la France"},"content":{"rendered":"<div id=\"attachment_73651\" style=\"width: 810px\" class=\"wp-caption alignnone\"><a href=\"https:\/\/vosgesinfo.fr\/app\/uploads\/sites\/4\/2025\/02\/202203ecole-salle-de-classe-1.jpg\"><img decoding=\"async\" aria-describedby=\"caption-attachment-73651\" class=\"size-full wp-image-73651\" src=\"https:\/\/vosgesinfo.fr\/app\/uploads\/sites\/4\/2025\/02\/202203ecole-salle-de-classe-1.jpg\" alt=\"\" width=\"800\" height=\"572\" \/><\/a><p id=\"caption-attachment-73651\" class=\"wp-caption-text\">(Illustration)<\/p><\/div>\n<h2 data-pm-slice=\"1 1 []\">Lors du <strong>Comit\u00e9 Social d&rsquo;Administration<\/strong> (CSA) de <strong>l&rsquo;Acad\u00e9mie de Nancy-Metz<\/strong>, qui s&rsquo;est tenu mardi dernier, ont \u00e9t\u00e9 pr\u00e9sent\u00e9s les <strong>moyens de la rentr\u00e9e 2025<\/strong>. Une rentr\u00e9e o\u00f9 les <strong>effectifs d&rsquo;\u00e9l\u00e8ves sont en baisse<\/strong> dans l&rsquo;Acad\u00e9mie, et de mani\u00e8re <strong>plus marqu\u00e9e qu&rsquo;\u00e0 l&rsquo;\u00e9chelle nationale.<\/strong><\/h2>\n<p data-pm-slice=\"1 1 []\"><!--more--><\/p>\n<h3><strong>Baisse des effectifs dans les premier et second degr\u00e9s<\/strong><\/h3>\n<p>Dans le premier degr\u00e9, la baisse pr\u00e9vue est de <strong>4 591 \u00e9l\u00e8ves, soit -2,5 %<\/strong>. Pour le second degr\u00e9, la diminution est de <strong>978 \u00e9l\u00e8ves, soit -0,6 %<\/strong>, avec respectivement -657 \u00e9l\u00e8ves en coll\u00e8ge et -454 \u00e9l\u00e8ves en lyc\u00e9e g\u00e9n\u00e9ral et technologique, mais une augmentation de 113 \u00e9l\u00e8ves en lyc\u00e9e professionnel.<\/p>\n<p>Malgr\u00e9 cette baisse d\u00e9mographique, l&rsquo;Acad\u00e9mie de Nancy-Metz d\u00e9clare \u00ab ajuster les moyens d&rsquo;enseignement pour r\u00e9pondre aux priorit\u00e9s \u00e9ducatives. \u00bb<\/p>\n<h3><strong>Mesures pour le premier degr\u00e9<\/strong><\/h3>\n<p>Dans le premier degr\u00e9, les autorit\u00e9s acad\u00e9miques annoncent \u00ab\u00a0la <strong>poursuite de l&rsquo;am\u00e9lioration des taux d&rsquo;encadrement<\/strong>, avec un objectif de d\u00e9doublement en \u00e9ducation prioritaire et le plafonnement des classes \u00e0 24 \u00e9l\u00e8ves en GS, CP et CE1&Prime;; \u00ab\u00a0un <strong>renforcement de l&rsquo;accompagnement des \u00e9l\u00e8ves en situation de handicap<\/strong>, notamment gr\u00e2ce au d\u00e9veloppement des ULIS et aux mesures du plan autisme\u00a0\u00bb; \u00ab\u00a0le maintien des moyens en milieu rural et le d\u00e9veloppement des classes de TPS dans les quartiers prioritaires.\u00a0\u00bb<\/p>\n<h3><strong>Mesures pour le second degr\u00e9<\/strong><\/h3>\n<p>Concernant le second degr\u00e9, l&rsquo;Acad\u00e9mie de Nancy-Metz pr\u00e9voit le <strong>d\u00e9veloppement de l&rsquo;\u00e9cole inclusive<\/strong> avec 10 \u00e9quivalents temps-plein suppl\u00e9mentaires pour les ULIS et UPE2A\u00a0\u00bb. Un soutien accru est \u00e9galement envisag\u00e9 pour les \u00e9l\u00e8ves de 4\u1d49 et 3\u1d49, avec l&rsquo;ajout de 18 \u00e9quivalents temps-plein. Enfin, l&rsquo;\u00e9quit\u00e9 territoriale entre \u00e9tablissements dans l&rsquo;attribution des moyens sera maintenue.<\/p>\n<h3><strong>Suppressions de postes et taux d&rsquo;encadrement<\/strong><\/h3>\n<p>Les suppressions de postes s&rsquo;\u00e9l\u00e8vent \u00e0 <strong>64 \u00e9quivalents temps-plein en primaire<\/strong>, \u00ab au lieu des 173 attendus \u00bb pr\u00e9cise l&rsquo;Acad\u00e9mie, et \u00e0 <strong>49 \u00e9quivalents temps-plein dans le secondaire<\/strong>. Les taux d&rsquo;encadrement \u00e0 la rentr\u00e9e 2025 sont maintenus \u00e0 l&rsquo;identique pour les coll\u00e8ges et les lyc\u00e9es g\u00e9n\u00e9raux et technologiques, tandis qu&rsquo;ils augmentent pour les lyc\u00e9es professionnels.<\/p>\n<p>Dans le premier degr\u00e9, le <strong>taux d&rsquo;encadrement moyen pr\u00e9visionnel pour la rentr\u00e9e 2025 est sup\u00e9rieur au niveau national<\/strong>, avec 6,27 contre 6,13. Les effectifs moyens par classe constat\u00e9s \u00e0 la rentr\u00e9e 2024 dans l&rsquo;Acad\u00e9mie sont identiques au niveau national, avec 21,3 \u00e9l\u00e8ves par classe.<\/p>\n<p>Dans le second degr\u00e9, les taux d&rsquo;encadrement pr\u00e9visionnels 2025 sont identiques \u00e0 ceux de 2024. Il est de 1,28 heure d&rsquo;enseignement devant \u00e9l\u00e8ves par \u00e9l\u00e8ve au coll\u00e8ge, et de 1,33 au lyc\u00e9e g\u00e9n\u00e9ral et technologique. Au lyc\u00e9e professionnel, <strong>le taux d&rsquo;encadrement augmente de 4,85 %<\/strong>, passant de 2,06 en 2024 \u00e0 2,16 en 2025.<\/p>\n<p>J.J.<\/p>\n","protected":false},"excerpt":{"rendered":"<p>Lors du Comit\u00e9 Social d&rsquo;Administration (CSA) de l&rsquo;Acad\u00e9mie de Nancy-Metz, qui s&rsquo;est tenu mardi dernier, ont \u00e9t\u00e9 pr\u00e9sent\u00e9s les moyens [&hellip;]<\/p>\n","protected":false},"author":46,"featured_media":78114,"comment_status":"open","ping_status":"open","sticky":false,"template":"","format":"standard","meta":{"footnotes":""},"categories":[26,6,108,62,845,236,43,891,18],"tags":[7121,7122,7123,7124],"class_list":["post-78113","post","type-post","status-publish","format-standard","has-post-thumbnail","hentry","category-a-la-une","category-education","category-epinal","category-gerardmer","category-la-plaine-des-vosges","category-lorraine","category-remiremont-remiremont-son-canton","category-saint-die-des-vosges-et-son-agglomeration","category-vosges","tag-academie-de-nancy-metz","tag-baisse-des-effectifs-deleves-plus-marquee-en-lorraine-que-dans-le-reste-de-la-france","tag-comite-social-dadministration","tag-comite-social-dadministration-de-lacademie-de-nancy-metz"],"acf":[],"yoast_head":"<!-- This site is optimized with the Yoast SEO plugin v22.5 - https:\/\/yoast.com\/wordpress\/plugins\/seo\/ -->\n<title>R\u00e9gion \u2013 Une baisse des effectifs d&#039;\u00e9l\u00e8ves plus marqu\u00e9e en Lorraine que dans le reste de la France - Remiremont Info<\/title>\n<meta name=\"robots\" content=\"index, follow, max-snippet:-1, max-image-preview:large, max-video-preview:-1\" \/>\n<link rel=\"canonical\" href=\"https:\/\/vosgesinfo.fr\/remiremontinfo\/2025\/02\/region-une-baisse-des-effectifs-deleves-plus-marquee-en-lorraine-que-dans-le-reste-de-la-france\/\" \/>\n<meta name=\"twitter:card\" content=\"summary_large_image\" \/>\n<meta name=\"twitter:title\" content=\"R\u00e9gion \u2013 Une baisse des effectifs d&#039;\u00e9l\u00e8ves plus marqu\u00e9e en Lorraine que dans le reste de la France - Remiremont Info\" \/>\n<meta name=\"twitter:description\" content=\"Lors du Comit\u00e9 Social d&rsquo;Administration (CSA) de l&rsquo;Acad\u00e9mie de Nancy-Metz, qui s&rsquo;est tenu mardi dernier, ont \u00e9t\u00e9 pr\u00e9sent\u00e9s les moyens [&hellip;]\" \/>\n<meta name=\"twitter:image\" content=\"https:\/\/vosgesinfo.fr\/app\/uploads\/sites\/5\/2025\/02\/202203ecole-salle-de-classe-1.jpg\" \/>\n<meta name=\"twitter:creator\" content=\"@VosgesInfo88\" \/>\n<meta name=\"twitter:site\" content=\"@VosgesInfo88\" \/>\n<meta name=\"twitter:label1\" content=\"\u00c9crit par\" \/>\n\t<meta name=\"twitter:data1\" content=\"J.J.\" \/>\n\t<meta name=\"twitter:label2\" content=\"Dur\u00e9e de lecture estim\u00e9e\" \/>\n\t<meta name=\"twitter:data2\" content=\"2 minutes\" \/>\n<script type=\"application\/ld+json\" class=\"yoast-schema-graph\">{\"@context\":\"https:\/\/schema.org\",\"@graph\":[{\"@type\":\"Article\",\"@id\":\"https:\/\/vosgesinfo.fr\/remiremontinfo\/2025\/02\/region-une-baisse-des-effectifs-deleves-plus-marquee-en-lorraine-que-dans-le-reste-de-la-france\/#article\",\"isPartOf\":{\"@id\":\"https:\/\/vosgesinfo.fr\/remiremontinfo\/2025\/02\/region-une-baisse-des-effectifs-deleves-plus-marquee-en-lorraine-que-dans-le-reste-de-la-france\/\"},\"author\":{\"name\":\"J.J.\",\"@id\":\"https:\/\/vosgesinfo.fr\/remiremontinfo\/#\/schema\/person\/fa73e9f726d67bb88f46d5b7943cb572\"},\"headline\":\"R\u00e9gion \u2013 Une baisse des effectifs d&rsquo;\u00e9l\u00e8ves plus marqu\u00e9e en Lorraine que dans le reste de la France\",\"datePublished\":\"2025-02-04T16:30:42+00:00\",\"dateModified\":\"2025-02-04T16:30:42+00:00\",\"mainEntityOfPage\":{\"@id\":\"https:\/\/vosgesinfo.fr\/remiremontinfo\/2025\/02\/region-une-baisse-des-effectifs-deleves-plus-marquee-en-lorraine-que-dans-le-reste-de-la-france\/\"},\"wordCount\":500,\"commentCount\":0,\"publisher\":{\"@id\":\"https:\/\/vosgesinfo.fr\/remiremontinfo\/#organization\"},\"image\":{\"@id\":\"https:\/\/vosgesinfo.fr\/remiremontinfo\/2025\/02\/region-une-baisse-des-effectifs-deleves-plus-marquee-en-lorraine-que-dans-le-reste-de-la-france\/#primaryimage\"},\"thumbnailUrl\":\"https:\/\/vosgesinfo.fr\/app\/uploads\/sites\/5\/2025\/02\/202203ecole-salle-de-classe-1.jpg\",\"keywords\":[\"acad\u00e9mie de Nancy-Metz\",\"Baisse des effectifs d'\u00e9l\u00e8ves plus marqu\u00e9e en Lorraine que dans le reste de la France\",\"Comit\u00e9 Social d'Administration\",\"Comit\u00e9 Social d'Administration de l'Acad\u00e9mie de Nancy-Metz\"],\"articleSection\":[\"A la Une\",\"\u00c9ducation\",\"Epinal\",\"G\u00e9rardmer\",\"La plaine des vosges\",\"Lorraine\",\"Remiremont\",\"Saint-Di\u00e9-des-Vosges et son Agglom\u00e9ration\",\"Vosges\"],\"inLanguage\":\"fr-FR\",\"potentialAction\":[{\"@type\":\"CommentAction\",\"name\":\"Comment\",\"target\":[\"https:\/\/vosgesinfo.fr\/remiremontinfo\/2025\/02\/region-une-baisse-des-effectifs-deleves-plus-marquee-en-lorraine-que-dans-le-reste-de-la-france\/#respond\"]}]},{\"@type\":\"WebPage\",\"@id\":\"https:\/\/vosgesinfo.fr\/remiremontinfo\/2025\/02\/region-une-baisse-des-effectifs-deleves-plus-marquee-en-lorraine-que-dans-le-reste-de-la-france\/\",\"url\":\"https:\/\/vosgesinfo.fr\/remiremontinfo\/2025\/02\/region-une-baisse-des-effectifs-deleves-plus-marquee-en-lorraine-que-dans-le-reste-de-la-france\/\",\"name\":\"R\u00e9gion \u2013 Une baisse des effectifs d'\u00e9l\u00e8ves plus marqu\u00e9e en Lorraine que dans le reste de la France - Remiremont Info\",\"isPartOf\":{\"@id\":\"https:\/\/vosgesinfo.fr\/remiremontinfo\/#website\"},\"primaryImageOfPage\":{\"@id\":\"https:\/\/vosgesinfo.fr\/remiremontinfo\/2025\/02\/region-une-baisse-des-effectifs-deleves-plus-marquee-en-lorraine-que-dans-le-reste-de-la-france\/#primaryimage\"},\"image\":{\"@id\":\"https:\/\/vosgesinfo.fr\/remiremontinfo\/2025\/02\/region-une-baisse-des-effectifs-deleves-plus-marquee-en-lorraine-que-dans-le-reste-de-la-france\/#primaryimage\"},\"thumbnailUrl\":\"https:\/\/vosgesinfo.fr\/app\/uploads\/sites\/5\/2025\/02\/202203ecole-salle-de-classe-1.jpg\",\"datePublished\":\"2025-02-04T16:30:42+00:00\",\"dateModified\":\"2025-02-04T16:30:42+00:00\",\"breadcrumb\":{\"@id\":\"https:\/\/vosgesinfo.fr\/remiremontinfo\/2025\/02\/region-une-baisse-des-effectifs-deleves-plus-marquee-en-lorraine-que-dans-le-reste-de-la-france\/#breadcrumb\"},\"inLanguage\":\"fr-FR\",\"potentialAction\":[{\"@type\":\"ReadAction\",\"target\":[\"https:\/\/vosgesinfo.fr\/remiremontinfo\/2025\/02\/region-une-baisse-des-effectifs-deleves-plus-marquee-en-lorraine-que-dans-le-reste-de-la-france\/\"]}]},{\"@type\":\"ImageObject\",\"inLanguage\":\"fr-FR\",\"@id\":\"https:\/\/vosgesinfo.fr\/remiremontinfo\/2025\/02\/region-une-baisse-des-effectifs-deleves-plus-marquee-en-lorraine-que-dans-le-reste-de-la-france\/#primaryimage\",\"url\":\"https:\/\/vosgesinfo.fr\/app\/uploads\/sites\/5\/2025\/02\/202203ecole-salle-de-classe-1.jpg\",\"contentUrl\":\"https:\/\/vosgesinfo.fr\/app\/uploads\/sites\/5\/2025\/02\/202203ecole-salle-de-classe-1.jpg\",\"width\":800,\"height\":572},{\"@type\":\"BreadcrumbList\",\"@id\":\"https:\/\/vosgesinfo.fr\/remiremontinfo\/2025\/02\/region-une-baisse-des-effectifs-deleves-plus-marquee-en-lorraine-que-dans-le-reste-de-la-france\/#breadcrumb\",\"itemListElement\":[{\"@type\":\"ListItem\",\"position\":1,\"name\":\"Home\",\"item\":\"https:\/\/vosgesinfo.fr\/remiremontinfo\/\"},{\"@type\":\"ListItem\",\"position\":2,\"name\":\"R\u00e9gion \u2013 Une baisse des effectifs d&rsquo;\u00e9l\u00e8ves plus marqu\u00e9e en Lorraine que dans le reste de la France\"}]},{\"@type\":\"WebSite\",\"@id\":\"https:\/\/vosgesinfo.fr\/remiremontinfo\/#website\",\"url\":\"https:\/\/vosgesinfo.fr\/remiremontinfo\/\",\"name\":\"Remiremont Info\",\"description\":\"Toute l&#039;actualit\u00e9 de Remiremont\",\"publisher\":{\"@id\":\"https:\/\/vosgesinfo.fr\/remiremontinfo\/#organization\"},\"alternateName\":\"Toute l'actualit\u00e9 de Remiremont\",\"potentialAction\":[{\"@type\":\"SearchAction\",\"target\":{\"@type\":\"EntryPoint\",\"urlTemplate\":\"https:\/\/vosgesinfo.fr\/remiremontinfo\/?s={search_term_string}\"},\"query-input\":\"required name=search_term_string\"}],\"inLanguage\":\"fr-FR\"},{\"@type\":\"Organization\",\"@id\":\"https:\/\/vosgesinfo.fr\/remiremontinfo\/#organization\",\"name\":\"Remiremont Info\",\"url\":\"https:\/\/vosgesinfo.fr\/remiremontinfo\/\",\"logo\":{\"@type\":\"ImageObject\",\"inLanguage\":\"fr-FR\",\"@id\":\"https:\/\/vosgesinfo.fr\/remiremontinfo\/#\/schema\/logo\/image\/\",\"url\":\"https:\/\/vosgesinfo.fr\/app\/uploads\/sites\/5\/2023\/08\/favicon-remiremontinfo.png\",\"contentUrl\":\"https:\/\/vosgesinfo.fr\/app\/uploads\/sites\/5\/2023\/08\/favicon-remiremontinfo.png\",\"width\":512,\"height\":512,\"caption\":\"Remiremont Info\"},\"image\":{\"@id\":\"https:\/\/vosgesinfo.fr\/remiremontinfo\/#\/schema\/logo\/image\/\"},\"sameAs\":[\"https:\/\/www.facebook.com\/remiremontinfo\",\"https:\/\/x.com\/VosgesInfo88\",\"https:\/\/www.youtube.com\/@vosgesinfo\"]},{\"@type\":\"Person\",\"@id\":\"https:\/\/vosgesinfo.fr\/remiremontinfo\/#\/schema\/person\/fa73e9f726d67bb88f46d5b7943cb572\",\"name\":\"J.J.\",\"image\":{\"@type\":\"ImageObject\",\"inLanguage\":\"fr-FR\",\"@id\":\"https:\/\/vosgesinfo.fr\/remiremontinfo\/#\/schema\/person\/image\/\",\"url\":\"https:\/\/secure.gravatar.com\/avatar\/219e749e47ffbcca018a360ae4add7d4cdf1cdaaf8bc7676b27efade3fe65615?s=96&d=mm&r=g\",\"contentUrl\":\"https:\/\/secure.gravatar.com\/avatar\/219e749e47ffbcca018a360ae4add7d4cdf1cdaaf8bc7676b27efade3fe65615?s=96&d=mm&r=g\",\"caption\":\"J.J.\"},\"url\":\"https:\/\/vosgesinfo.fr\/remiremontinfo\/author\/j-j\/\"}]}<\/script>\n<!-- \/ Yoast SEO plugin. -->","yoast_head_json":{"title":"R\u00e9gion \u2013 Une baisse des effectifs d'\u00e9l\u00e8ves plus marqu\u00e9e en Lorraine que dans le reste de la France - Remiremont Info","robots":{"index":"index","follow":"follow","max-snippet":"max-snippet:-1","max-image-preview":"max-image-preview:large","max-video-preview":"max-video-preview:-1"},"canonical":"https:\/\/vosgesinfo.fr\/remiremontinfo\/2025\/02\/region-une-baisse-des-effectifs-deleves-plus-marquee-en-lorraine-que-dans-le-reste-de-la-france\/","twitter_card":"summary_large_image","twitter_title":"R\u00e9gion \u2013 Une baisse des effectifs d'\u00e9l\u00e8ves plus marqu\u00e9e en Lorraine que dans le reste de la France - Remiremont Info","twitter_description":"Lors du Comit\u00e9 Social d&rsquo;Administration (CSA) de l&rsquo;Acad\u00e9mie de Nancy-Metz, qui s&rsquo;est tenu mardi dernier, ont \u00e9t\u00e9 pr\u00e9sent\u00e9s les moyens [&hellip;]","twitter_image":"https:\/\/vosgesinfo.fr\/app\/uploads\/sites\/5\/2025\/02\/202203ecole-salle-de-classe-1.jpg","twitter_creator":"@VosgesInfo88","twitter_site":"@VosgesInfo88","twitter_misc":{"\u00c9crit par":"J.J.","Dur\u00e9e de lecture estim\u00e9e":"2 minutes"},"schema":{"@context":"https:\/\/schema.org","@graph":[{"@type":"Article","@id":"https:\/\/vosgesinfo.fr\/remiremontinfo\/2025\/02\/region-une-baisse-des-effectifs-deleves-plus-marquee-en-lorraine-que-dans-le-reste-de-la-france\/#article","isPartOf":{"@id":"https:\/\/vosgesinfo.fr\/remiremontinfo\/2025\/02\/region-une-baisse-des-effectifs-deleves-plus-marquee-en-lorraine-que-dans-le-reste-de-la-france\/"},"author":{"name":"J.J.","@id":"https:\/\/vosgesinfo.fr\/remiremontinfo\/#\/schema\/person\/fa73e9f726d67bb88f46d5b7943cb572"},"headline":"R\u00e9gion \u2013 Une baisse des effectifs d&rsquo;\u00e9l\u00e8ves plus marqu\u00e9e en Lorraine que dans le reste de la France","datePublished":"2025-02-04T16:30:42+00:00","dateModified":"2025-02-04T16:30:42+00:00","mainEntityOfPage":{"@id":"https:\/\/vosgesinfo.fr\/remiremontinfo\/2025\/02\/region-une-baisse-des-effectifs-deleves-plus-marquee-en-lorraine-que-dans-le-reste-de-la-france\/"},"wordCount":500,"commentCount":0,"publisher":{"@id":"https:\/\/vosgesinfo.fr\/remiremontinfo\/#organization"},"image":{"@id":"https:\/\/vosgesinfo.fr\/remiremontinfo\/2025\/02\/region-une-baisse-des-effectifs-deleves-plus-marquee-en-lorraine-que-dans-le-reste-de-la-france\/#primaryimage"},"thumbnailUrl":"https:\/\/vosgesinfo.fr\/app\/uploads\/sites\/5\/2025\/02\/202203ecole-salle-de-classe-1.jpg","keywords":["acad\u00e9mie de Nancy-Metz","Baisse des effectifs d'\u00e9l\u00e8ves plus marqu\u00e9e en Lorraine que dans le reste de la France","Comit\u00e9 Social d'Administration","Comit\u00e9 Social d'Administration de l'Acad\u00e9mie de Nancy-Metz"],"articleSection":["A la Une","\u00c9ducation","Epinal","G\u00e9rardmer","La plaine des vosges","Lorraine","Remiremont","Saint-Di\u00e9-des-Vosges et son Agglom\u00e9ration","Vosges"],"inLanguage":"fr-FR","potentialAction":[{"@type":"CommentAction","name":"Comment","target":["https:\/\/vosgesinfo.fr\/remiremontinfo\/2025\/02\/region-une-baisse-des-effectifs-deleves-plus-marquee-en-lorraine-que-dans-le-reste-de-la-france\/#respond"]}]},{"@type":"WebPage","@id":"https:\/\/vosgesinfo.fr\/remiremontinfo\/2025\/02\/region-une-baisse-des-effectifs-deleves-plus-marquee-en-lorraine-que-dans-le-reste-de-la-france\/","url":"https:\/\/vosgesinfo.fr\/remiremontinfo\/2025\/02\/region-une-baisse-des-effectifs-deleves-plus-marquee-en-lorraine-que-dans-le-reste-de-la-france\/","name":"R\u00e9gion \u2013 Une baisse des effectifs d'\u00e9l\u00e8ves plus marqu\u00e9e en Lorraine que dans le reste de la France - Remiremont Info","isPartOf":{"@id":"https:\/\/vosgesinfo.fr\/remiremontinfo\/#website"},"primaryImageOfPage":{"@id":"https:\/\/vosgesinfo.fr\/remiremontinfo\/2025\/02\/region-une-baisse-des-effectifs-deleves-plus-marquee-en-lorraine-que-dans-le-reste-de-la-france\/#primaryimage"},"image":{"@id":"https:\/\/vosgesinfo.fr\/remiremontinfo\/2025\/02\/region-une-baisse-des-effectifs-deleves-plus-marquee-en-lorraine-que-dans-le-reste-de-la-france\/#primaryimage"},"thumbnailUrl":"https:\/\/vosgesinfo.fr\/app\/uploads\/sites\/5\/2025\/02\/202203ecole-salle-de-classe-1.jpg","datePublished":"2025-02-04T16:30:42+00:00","dateModified":"2025-02-04T16:30:42+00:00","breadcrumb":{"@id":"https:\/\/vosgesinfo.fr\/remiremontinfo\/2025\/02\/region-une-baisse-des-effectifs-deleves-plus-marquee-en-lorraine-que-dans-le-reste-de-la-france\/#breadcrumb"},"inLanguage":"fr-FR","potentialAction":[{"@type":"ReadAction","target":["https:\/\/vosgesinfo.fr\/remiremontinfo\/2025\/02\/region-une-baisse-des-effectifs-deleves-plus-marquee-en-lorraine-que-dans-le-reste-de-la-france\/"]}]},{"@type":"ImageObject","inLanguage":"fr-FR","@id":"https:\/\/vosgesinfo.fr\/remiremontinfo\/2025\/02\/region-une-baisse-des-effectifs-deleves-plus-marquee-en-lorraine-que-dans-le-reste-de-la-france\/#primaryimage","url":"https:\/\/vosgesinfo.fr\/app\/uploads\/sites\/5\/2025\/02\/202203ecole-salle-de-classe-1.jpg","contentUrl":"https:\/\/vosgesinfo.fr\/app\/uploads\/sites\/5\/2025\/02\/202203ecole-salle-de-classe-1.jpg","width":800,"height":572},{"@type":"BreadcrumbList","@id":"https:\/\/vosgesinfo.fr\/remiremontinfo\/2025\/02\/region-une-baisse-des-effectifs-deleves-plus-marquee-en-lorraine-que-dans-le-reste-de-la-france\/#breadcrumb","itemListElement":[{"@type":"ListItem","position":1,"name":"Home","item":"https:\/\/vosgesinfo.fr\/remiremontinfo\/"},{"@type":"ListItem","position":2,"name":"R\u00e9gion \u2013 Une baisse des effectifs d&rsquo;\u00e9l\u00e8ves plus marqu\u00e9e en Lorraine que dans le reste de la France"}]},{"@type":"WebSite","@id":"https:\/\/vosgesinfo.fr\/remiremontinfo\/#website","url":"https:\/\/vosgesinfo.fr\/remiremontinfo\/","name":"Remiremont Info","description":"Toute l&#039;actualit\u00e9 de Remiremont","publisher":{"@id":"https:\/\/vosgesinfo.fr\/remiremontinfo\/#organization"},"alternateName":"Toute l'actualit\u00e9 de Remiremont","potentialAction":[{"@type":"SearchAction","target":{"@type":"EntryPoint","urlTemplate":"https:\/\/vosgesinfo.fr\/remiremontinfo\/?s={search_term_string}"},"query-input":"required name=search_term_string"}],"inLanguage":"fr-FR"},{"@type":"Organization","@id":"https:\/\/vosgesinfo.fr\/remiremontinfo\/#organization","name":"Remiremont Info","url":"https:\/\/vosgesinfo.fr\/remiremontinfo\/","logo":{"@type":"ImageObject","inLanguage":"fr-FR","@id":"https:\/\/vosgesinfo.fr\/remiremontinfo\/#\/schema\/logo\/image\/","url":"https:\/\/vosgesinfo.fr\/app\/uploads\/sites\/5\/2023\/08\/favicon-remiremontinfo.png","contentUrl":"https:\/\/vosgesinfo.fr\/app\/uploads\/sites\/5\/2023\/08\/favicon-remiremontinfo.png","width":512,"height":512,"caption":"Remiremont Info"},"image":{"@id":"https:\/\/vosgesinfo.fr\/remiremontinfo\/#\/schema\/logo\/image\/"},"sameAs":["https:\/\/www.facebook.com\/remiremontinfo","https:\/\/x.com\/VosgesInfo88","https:\/\/www.youtube.com\/@vosgesinfo"]},{"@type":"Person","@id":"https:\/\/vosgesinfo.fr\/remiremontinfo\/#\/schema\/person\/fa73e9f726d67bb88f46d5b7943cb572","name":"J.J.","image":{"@type":"ImageObject","inLanguage":"fr-FR","@id":"https:\/\/vosgesinfo.fr\/remiremontinfo\/#\/schema\/person\/image\/","url":"https:\/\/secure.gravatar.com\/avatar\/219e749e47ffbcca018a360ae4add7d4cdf1cdaaf8bc7676b27efade3fe65615?s=96&d=mm&r=g","contentUrl":"https:\/\/secure.gravatar.com\/avatar\/219e749e47ffbcca018a360ae4add7d4cdf1cdaaf8bc7676b27efade3fe65615?s=96&d=mm&r=g","caption":"J.J."},"url":"https:\/\/vosgesinfo.fr\/remiremontinfo\/author\/j-j\/"}]}},"_links":{"self":[{"href":"https:\/\/vosgesinfo.fr\/remiremontinfo\/wp-json\/wp\/v2\/posts\/78113","targetHints":{"allow":["GET"]}}],"collection":[{"href":"https:\/\/vosgesinfo.fr\/remiremontinfo\/wp-json\/wp\/v2\/posts"}],"about":[{"href":"https:\/\/vosgesinfo.fr\/remiremontinfo\/wp-json\/wp\/v2\/types\/post"}],"author":[{"embeddable":true,"href":"https:\/\/vosgesinfo.fr\/remiremontinfo\/wp-json\/wp\/v2\/users\/46"}],"replies":[{"embeddable":true,"href":"https:\/\/vosgesinfo.fr\/remiremontinfo\/wp-json\/wp\/v2\/comments?post=78113"}],"version-history":[{"count":0,"href":"https:\/\/vosgesinfo.fr\/remiremontinfo\/wp-json\/wp\/v2\/posts\/78113\/revisions"}],"wp:featuredmedia":[{"embeddable":true,"href":"https:\/\/vosgesinfo.fr\/remiremontinfo\/wp-json\/wp\/v2\/media\/78114"}],"wp:attachment":[{"href":"https:\/\/vosgesinfo.fr\/remiremontinfo\/wp-json\/wp\/v2\/media?parent=78113"}],"wp:term":[{"taxonomy":"category","embeddable":true,"href":"https:\/\/vosgesinfo.fr\/remiremontinfo\/wp-json\/wp\/v2\/categories?post=78113"},{"taxonomy":"post_tag","embeddable":true,"href":"https:\/\/vosgesinfo.fr\/remiremontinfo\/wp-json\/wp\/v2\/tags?post=78113"}],"curies":[{"name":"wp","href":"https:\/\/api.w.org\/{rel}","templated":true}]}}