{"id":78137,"date":"2025-02-06T12:45:53","date_gmt":"2025-02-06T11:45:53","guid":{"rendered":"https:\/\/vosgesinfo.fr\/remiremontinfo\/?p=78137"},"modified":"2025-02-06T11:47:04","modified_gmt":"2025-02-06T10:47:04","slug":"lassociation-pedro-sort-de-son-sommeil","status":"publish","type":"post","link":"https:\/\/vosgesinfo.fr\/remiremontinfo\/2025\/02\/lassociation-pedro-sort-de-son-sommeil\/","title":{"rendered":"L\u2019association PEDRO sort de son sommeil."},"content":{"rendered":"<div id=\"attachment_78138\" style=\"width: 1034px\" class=\"wp-caption alignright\"><a href=\"https:\/\/vosgesinfo.fr\/app\/uploads\/sites\/5\/2025\/02\/conference-et-ag-pedro-8-scaled.jpg\"><img decoding=\"async\" aria-describedby=\"caption-attachment-78138\" class=\"size-large wp-image-78138\" src=\"https:\/\/vosgesinfo.fr\/app\/uploads\/sites\/5\/2025\/02\/conference-et-ag-pedro-8-1024x683.jpg\" alt=\"\" width=\"1024\" height=\"683\" srcset=\"https:\/\/vosgesinfo.fr\/app\/uploads\/sites\/5\/2025\/02\/conference-et-ag-pedro-8-1024x683.jpg 1024w, https:\/\/vosgesinfo.fr\/app\/uploads\/sites\/5\/2025\/02\/conference-et-ag-pedro-8-300x200.jpg 300w, https:\/\/vosgesinfo.fr\/app\/uploads\/sites\/5\/2025\/02\/conference-et-ag-pedro-8-768x512.jpg 768w, https:\/\/vosgesinfo.fr\/app\/uploads\/sites\/5\/2025\/02\/conference-et-ag-pedro-8-1536x1024.jpg 1536w, https:\/\/vosgesinfo.fr\/app\/uploads\/sites\/5\/2025\/02\/conference-et-ag-pedro-8-2048x1365.jpg 2048w\" sizes=\"(max-width: 1024px) 100vw, 1024px\" \/><\/a><p id=\"caption-attachment-78138\" class=\"wp-caption-text\">Le docteur Mabrouk Bengrina<\/p><\/div>\n<p><strong>Ce mardi soir, le Pr\u00e9sident de l\u2019association PEDRO (PEDiatrie ROmarimontaine), le docteur Mabrouk Bengrina, tenait une conf\u00e9rence dans le cadre de l\u2019assembl\u00e9e g\u00e9n\u00e9rale de l\u2019association <a name=\"_Hlk189647012\"><\/a>dans l\u2019amphith\u00e9\u00e2tre de l\u2019IFSI (Institut de Formation en Soins Infirmiers) \u00e0 Remiremont.<\/strong><\/p>\n<p>La conf\u00e9rence dont le th\u00e8me \u00e9tait \u00ab\u00a0Le concept du handicap et de l\u2019inclusion\u00a0\u00bb a retenu toute l\u2019attention de son public, une trentaine de personnes, principalement des professionnels de l\u2019enfance, du handicap ou du milieu m\u00e9dical. Pendant plus d\u2019une heure, le docteur Bengrina a expos\u00e9 la vision et la place de la personne handicap\u00e9e \u00e0 travers les \u00e2ges, depuis la Gr\u00e8ce antique jusqu\u2019\u00e0 nos jours. De la superstition et stigmatisation \u00e0 l\u2019inclusion aujourd\u2019hui, un chemin document\u00e9 et imag\u00e9 a \u00e9t\u00e9 propos\u00e9 \u00e0 l\u2019auditoire. Une lecture au travers des croyances et positions religieuses et spirituelles ici et dans le monde a donn\u00e9 des cl\u00e9s de lecture marquantes. Enfin, un historique des \u00e9volutions l\u00e9gislatives et de la transformation des prises en charges non seulement m\u00e9dicales ou sociales mais par l\u2019ensemble de la soci\u00e9t\u00e9 a permis de mieux comprendre la complexit\u00e9 du sujet et le chemin parcouru. Chemin qui doit continuer chaque jour pour aller vers une soci\u00e9t\u00e9 plus juste et plus inclusive \u00e0 l\u2019\u00e9gard notamment des 430 000 enfants souffrant de handicap aujourd\u2019hui en France et de leur famille.<\/p>\n<p>S\u2019est tenue ensuite l\u2019assembl\u00e9e g\u00e9n\u00e9rale de l\u2019association qui a pour but, entre autres, de favoriser le d\u00e9veloppement de la p\u00e9diatrie et des soins p\u00e9diatriques aux enfants de Remiremont et de ses environs. Le docteur Bengrina et C\u00e9drine Stabler, la tr\u00e9sori\u00e8re, ont pr\u00e9sent\u00e9 un bref rapport d\u2019activit\u00e9 et le rapport financier. Bref rapport d\u2019activit\u00e9, dans la mesure o\u00f9 l\u2019association a travers\u00e9 une p\u00e9riode de sommeil durant 5 ans, \u00e0 la suite du COVID. L\u2019association qui a d\u00e9sormais 17 ans d\u2019existence veut sortir de son sommeil et mener de nouveaux projets dans un h\u00f4pital qui subit des transformations, notamment avec l\u2019amputation du service de n\u00e9onatalogie. Pour reprendre les propos du docteur Bengrina, \u00ab\u00a0l\u2019avenir d\u00e9pend de la capacit\u00e9 \u00e0 se r\u00e9inventer\u00a0\u00bb\u00a0; ainsi, un projet d\u2019espace multi-activit\u00e9s et interg\u00e9n\u00e9rationnel devrait se concr\u00e9tiser au sein de l\u2019h\u00f4pital.<\/p>\n<p>L\u2019association PEDRO \u00e9tant ouverte \u00e0 tous, si vous souhaitez adh\u00e9rer et rendre de petits ou grands services, n\u2019h\u00e9sitez pas \u00e0 vous rendre sur leur page Facebook, par exemple.<\/p>\n<p>PM<\/p>\n\n\t\t<style type=\"text\/css\">\n\t\t\t#gallery-1 {\n\t\t\t\tmargin: auto;\n\t\t\t}\n\t\t\t#gallery-1 .gallery-item {\n\t\t\t\tfloat: left;\n\t\t\t\tmargin-top: 10px;\n\t\t\t\ttext-align: center;\n\t\t\t\twidth: 50%;\n\t\t\t}\n\t\t\t#gallery-1 img {\n\t\t\t\tborder: 2px solid #cfcfcf;\n\t\t\t}\n\t\t\t#gallery-1 .gallery-caption {\n\t\t\t\tmargin-left: 0;\n\t\t\t}\n\t\t\t\/* see gallery_shortcode() in wp-includes\/media.php *\/\n\t\t<\/style>\n\t\t<div id='gallery-1' class='gallery galleryid-78137 gallery-columns-2 gallery-size-medium'><dl class='gallery-item'>\n\t\t\t<dt class='gallery-icon landscape'>\n\t\t\t\t<a href='https:\/\/vosgesinfo.fr\/remiremontinfo\/2025\/02\/lassociation-pedro-sort-de-son-sommeil\/conference-et-ag-pedro-2\/'><img decoding=\"async\" width=\"300\" height=\"200\" src=\"https:\/\/vosgesinfo.fr\/app\/uploads\/sites\/5\/2025\/02\/conference-et-ag-pedro-2-300x200.jpg\" class=\"attachment-medium size-medium\" alt=\"\" srcset=\"https:\/\/vosgesinfo.fr\/app\/uploads\/sites\/5\/2025\/02\/conference-et-ag-pedro-2-300x200.jpg 300w, https:\/\/vosgesinfo.fr\/app\/uploads\/sites\/5\/2025\/02\/conference-et-ag-pedro-2-1024x683.jpg 1024w, https:\/\/vosgesinfo.fr\/app\/uploads\/sites\/5\/2025\/02\/conference-et-ag-pedro-2-768x512.jpg 768w, https:\/\/vosgesinfo.fr\/app\/uploads\/sites\/5\/2025\/02\/conference-et-ag-pedro-2-1536x1024.jpg 1536w, https:\/\/vosgesinfo.fr\/app\/uploads\/sites\/5\/2025\/02\/conference-et-ag-pedro-2-2048x1365.jpg 2048w\" sizes=\"(max-width: 300px) 100vw, 300px\" \/><\/a>\n\t\t\t<\/dt><\/dl><dl class='gallery-item'>\n\t\t\t<dt class='gallery-icon portrait'>\n\t\t\t\t<a href='https:\/\/vosgesinfo.fr\/remiremontinfo\/2025\/02\/lassociation-pedro-sort-de-son-sommeil\/conference-et-ag-pedro-12\/'><img decoding=\"async\" width=\"200\" height=\"300\" src=\"https:\/\/vosgesinfo.fr\/app\/uploads\/sites\/5\/2025\/02\/conference-et-ag-pedro-12-200x300.jpg\" class=\"attachment-medium size-medium\" alt=\"\" aria-describedby=\"gallery-1-78142\" srcset=\"https:\/\/vosgesinfo.fr\/app\/uploads\/sites\/5\/2025\/02\/conference-et-ag-pedro-12-200x300.jpg 200w, https:\/\/vosgesinfo.fr\/app\/uploads\/sites\/5\/2025\/02\/conference-et-ag-pedro-12-683x1024.jpg 683w, https:\/\/vosgesinfo.fr\/app\/uploads\/sites\/5\/2025\/02\/conference-et-ag-pedro-12-768x1152.jpg 768w, https:\/\/vosgesinfo.fr\/app\/uploads\/sites\/5\/2025\/02\/conference-et-ag-pedro-12-1024x1536.jpg 1024w, https:\/\/vosgesinfo.fr\/app\/uploads\/sites\/5\/2025\/02\/conference-et-ag-pedro-12-1365x2048.jpg 1365w, https:\/\/vosgesinfo.fr\/app\/uploads\/sites\/5\/2025\/02\/conference-et-ag-pedro-12-scaled.jpg 1707w\" sizes=\"(max-width: 200px) 100vw, 200px\" \/><\/a>\n\t\t\t<\/dt>\n\t\t\t\t<dd class='wp-caption-text gallery-caption' id='gallery-1-78142'>\n\t\t\t\tC\u00e9drine Stabler, la tr\u00e9sori\u00e8re\n\t\t\t\t<\/dd><\/dl><br style=\"clear: both\" \/>\n\t\t<\/div>\n\n","protected":false},"excerpt":{"rendered":"<p>Ce mardi soir, le Pr\u00e9sident de l\u2019association PEDRO (PEDiatrie ROmarimontaine), le docteur Mabrouk Bengrina, tenait une conf\u00e9rence dans le cadre [&hellip;]<\/p>\n","protected":false},"author":413,"featured_media":78138,"comment_status":"open","ping_status":"open","sticky":false,"template":"","format":"standard","meta":{"footnotes":""},"categories":[26,6648,25,37,82,35,12,375,13,17],"tags":[7129],"class_list":["post-78137","post","type-post","status-publish","format-standard","has-post-thumbnail","hentry","category-a-la-une","category-enfants","category-la-bresse-son-canton","category-le-thillot-son-canton","category-le-val-dajol-son-canton","category-remiremont-son-canton","category-sante","category-social","category-societe","category-vie-associative","tag-association-pedro"],"acf":[],"yoast_head":"<!-- This site is optimized with the Yoast SEO plugin v22.5 - https:\/\/yoast.com\/wordpress\/plugins\/seo\/ -->\n<title>L\u2019association PEDRO sort de son sommeil. - Remiremont Info<\/title>\n<meta name=\"robots\" content=\"index, follow, max-snippet:-1, max-image-preview:large, max-video-preview:-1\" \/>\n<link rel=\"canonical\" href=\"https:\/\/vosgesinfo.fr\/remiremontinfo\/2025\/02\/lassociation-pedro-sort-de-son-sommeil\/\" \/>\n<meta name=\"twitter:card\" content=\"summary_large_image\" \/>\n<meta name=\"twitter:title\" content=\"L\u2019association PEDRO sort de son sommeil. - Remiremont Info\" \/>\n<meta name=\"twitter:description\" content=\"Ce mardi soir, le Pr\u00e9sident de l\u2019association PEDRO (PEDiatrie ROmarimontaine), le docteur Mabrouk Bengrina, tenait une conf\u00e9rence dans le cadre [&hellip;]\" \/>\n<meta name=\"twitter:image\" content=\"https:\/\/vosgesinfo.fr\/app\/uploads\/sites\/5\/2025\/02\/conference-et-ag-pedro-8-scaled.jpg\" \/>\n<meta name=\"twitter:creator\" content=\"@VosgesInfo88\" \/>\n<meta name=\"twitter:site\" content=\"@VosgesInfo88\" \/>\n<meta name=\"twitter:label1\" content=\"\u00c9crit par\" \/>\n\t<meta name=\"twitter:data1\" content=\"P.M\" \/>\n\t<meta name=\"twitter:label2\" content=\"Dur\u00e9e de lecture estim\u00e9e\" \/>\n\t<meta name=\"twitter:data2\" content=\"3 minutes\" \/>\n<script type=\"application\/ld+json\" class=\"yoast-schema-graph\">{\"@context\":\"https:\/\/schema.org\",\"@graph\":[{\"@type\":\"Article\",\"@id\":\"https:\/\/vosgesinfo.fr\/remiremontinfo\/2025\/02\/lassociation-pedro-sort-de-son-sommeil\/#article\",\"isPartOf\":{\"@id\":\"https:\/\/vosgesinfo.fr\/remiremontinfo\/2025\/02\/lassociation-pedro-sort-de-son-sommeil\/\"},\"author\":{\"name\":\"P.M\",\"@id\":\"https:\/\/vosgesinfo.fr\/remiremontinfo\/#\/schema\/person\/a6fd2dde36da20be3679f2058b94c5b8\"},\"headline\":\"L\u2019association PEDRO sort de son sommeil.\",\"datePublished\":\"2025-02-06T11:45:53+00:00\",\"dateModified\":\"2025-02-06T10:47:04+00:00\",\"mainEntityOfPage\":{\"@id\":\"https:\/\/vosgesinfo.fr\/remiremontinfo\/2025\/02\/lassociation-pedro-sort-de-son-sommeil\/\"},\"wordCount\":452,\"commentCount\":0,\"publisher\":{\"@id\":\"https:\/\/vosgesinfo.fr\/remiremontinfo\/#organization\"},\"image\":{\"@id\":\"https:\/\/vosgesinfo.fr\/remiremontinfo\/2025\/02\/lassociation-pedro-sort-de-son-sommeil\/#primaryimage\"},\"thumbnailUrl\":\"https:\/\/vosgesinfo.fr\/app\/uploads\/sites\/5\/2025\/02\/conference-et-ag-pedro-8-scaled.jpg\",\"keywords\":[\"association PEDRO\"],\"articleSection\":[\"A la Une\",\"Enfants\",\"La Bresse &amp; son canton\",\"Le Thillot &amp; son canton\",\"Le Val-d'Ajol &amp; son canton\",\"Remiremont &amp; son canton\",\"Sant\u00e9\",\"Social\",\"Soci\u00e9t\u00e9\",\"Vie associative\"],\"inLanguage\":\"fr-FR\",\"potentialAction\":[{\"@type\":\"CommentAction\",\"name\":\"Comment\",\"target\":[\"https:\/\/vosgesinfo.fr\/remiremontinfo\/2025\/02\/lassociation-pedro-sort-de-son-sommeil\/#respond\"]}]},{\"@type\":\"WebPage\",\"@id\":\"https:\/\/vosgesinfo.fr\/remiremontinfo\/2025\/02\/lassociation-pedro-sort-de-son-sommeil\/\",\"url\":\"https:\/\/vosgesinfo.fr\/remiremontinfo\/2025\/02\/lassociation-pedro-sort-de-son-sommeil\/\",\"name\":\"L\u2019association PEDRO sort de son sommeil. - Remiremont Info\",\"isPartOf\":{\"@id\":\"https:\/\/vosgesinfo.fr\/remiremontinfo\/#website\"},\"primaryImageOfPage\":{\"@id\":\"https:\/\/vosgesinfo.fr\/remiremontinfo\/2025\/02\/lassociation-pedro-sort-de-son-sommeil\/#primaryimage\"},\"image\":{\"@id\":\"https:\/\/vosgesinfo.fr\/remiremontinfo\/2025\/02\/lassociation-pedro-sort-de-son-sommeil\/#primaryimage\"},\"thumbnailUrl\":\"https:\/\/vosgesinfo.fr\/app\/uploads\/sites\/5\/2025\/02\/conference-et-ag-pedro-8-scaled.jpg\",\"datePublished\":\"2025-02-06T11:45:53+00:00\",\"dateModified\":\"2025-02-06T10:47:04+00:00\",\"breadcrumb\":{\"@id\":\"https:\/\/vosgesinfo.fr\/remiremontinfo\/2025\/02\/lassociation-pedro-sort-de-son-sommeil\/#breadcrumb\"},\"inLanguage\":\"fr-FR\",\"potentialAction\":[{\"@type\":\"ReadAction\",\"target\":[\"https:\/\/vosgesinfo.fr\/remiremontinfo\/2025\/02\/lassociation-pedro-sort-de-son-sommeil\/\"]}]},{\"@type\":\"ImageObject\",\"inLanguage\":\"fr-FR\",\"@id\":\"https:\/\/vosgesinfo.fr\/remiremontinfo\/2025\/02\/lassociation-pedro-sort-de-son-sommeil\/#primaryimage\",\"url\":\"https:\/\/vosgesinfo.fr\/app\/uploads\/sites\/5\/2025\/02\/conference-et-ag-pedro-8-scaled.jpg\",\"contentUrl\":\"https:\/\/vosgesinfo.fr\/app\/uploads\/sites\/5\/2025\/02\/conference-et-ag-pedro-8-scaled.jpg\",\"width\":2560,\"height\":1707,\"caption\":\"Le docteur Mabrouk Bengrina\"},{\"@type\":\"BreadcrumbList\",\"@id\":\"https:\/\/vosgesinfo.fr\/remiremontinfo\/2025\/02\/lassociation-pedro-sort-de-son-sommeil\/#breadcrumb\",\"itemListElement\":[{\"@type\":\"ListItem\",\"position\":1,\"name\":\"Home\",\"item\":\"https:\/\/vosgesinfo.fr\/remiremontinfo\/\"},{\"@type\":\"ListItem\",\"position\":2,\"name\":\"L\u2019association PEDRO sort de son sommeil.\"}]},{\"@type\":\"WebSite\",\"@id\":\"https:\/\/vosgesinfo.fr\/remiremontinfo\/#website\",\"url\":\"https:\/\/vosgesinfo.fr\/remiremontinfo\/\",\"name\":\"Remiremont Info\",\"description\":\"Toute l&#039;actualit\u00e9 de Remiremont\",\"publisher\":{\"@id\":\"https:\/\/vosgesinfo.fr\/remiremontinfo\/#organization\"},\"alternateName\":\"Toute l'actualit\u00e9 de Remiremont\",\"potentialAction\":[{\"@type\":\"SearchAction\",\"target\":{\"@type\":\"EntryPoint\",\"urlTemplate\":\"https:\/\/vosgesinfo.fr\/remiremontinfo\/?s={search_term_string}\"},\"query-input\":\"required name=search_term_string\"}],\"inLanguage\":\"fr-FR\"},{\"@type\":\"Organization\",\"@id\":\"https:\/\/vosgesinfo.fr\/remiremontinfo\/#organization\",\"name\":\"Remiremont Info\",\"url\":\"https:\/\/vosgesinfo.fr\/remiremontinfo\/\",\"logo\":{\"@type\":\"ImageObject\",\"inLanguage\":\"fr-FR\",\"@id\":\"https:\/\/vosgesinfo.fr\/remiremontinfo\/#\/schema\/logo\/image\/\",\"url\":\"https:\/\/vosgesinfo.fr\/app\/uploads\/sites\/5\/2023\/08\/favicon-remiremontinfo.png\",\"contentUrl\":\"https:\/\/vosgesinfo.fr\/app\/uploads\/sites\/5\/2023\/08\/favicon-remiremontinfo.png\",\"width\":512,\"height\":512,\"caption\":\"Remiremont Info\"},\"image\":{\"@id\":\"https:\/\/vosgesinfo.fr\/remiremontinfo\/#\/schema\/logo\/image\/\"},\"sameAs\":[\"https:\/\/www.facebook.com\/remiremontinfo\",\"https:\/\/x.com\/VosgesInfo88\",\"https:\/\/www.youtube.com\/@vosgesinfo\"]},{\"@type\":\"Person\",\"@id\":\"https:\/\/vosgesinfo.fr\/remiremontinfo\/#\/schema\/person\/a6fd2dde36da20be3679f2058b94c5b8\",\"name\":\"P.M\",\"image\":{\"@type\":\"ImageObject\",\"inLanguage\":\"fr-FR\",\"@id\":\"https:\/\/vosgesinfo.fr\/remiremontinfo\/#\/schema\/person\/image\/\",\"url\":\"https:\/\/secure.gravatar.com\/avatar\/db38f6ef38bb165f6f4d352563f264129673ed4536984fbbcddf700bd12f8a9a?s=96&d=mm&r=g\",\"contentUrl\":\"https:\/\/secure.gravatar.com\/avatar\/db38f6ef38bb165f6f4d352563f264129673ed4536984fbbcddf700bd12f8a9a?s=96&d=mm&r=g\",\"caption\":\"P.M\"},\"url\":\"https:\/\/vosgesinfo.fr\/remiremontinfo\/author\/p-mangel88\/\"}]}<\/script>\n<!-- \/ Yoast SEO plugin. -->","yoast_head_json":{"title":"L\u2019association PEDRO sort de son sommeil. - Remiremont Info","robots":{"index":"index","follow":"follow","max-snippet":"max-snippet:-1","max-image-preview":"max-image-preview:large","max-video-preview":"max-video-preview:-1"},"canonical":"https:\/\/vosgesinfo.fr\/remiremontinfo\/2025\/02\/lassociation-pedro-sort-de-son-sommeil\/","twitter_card":"summary_large_image","twitter_title":"L\u2019association PEDRO sort de son sommeil. - Remiremont Info","twitter_description":"Ce mardi soir, le Pr\u00e9sident de l\u2019association PEDRO (PEDiatrie ROmarimontaine), le docteur Mabrouk Bengrina, tenait une conf\u00e9rence dans le cadre [&hellip;]","twitter_image":"https:\/\/vosgesinfo.fr\/app\/uploads\/sites\/5\/2025\/02\/conference-et-ag-pedro-8-scaled.jpg","twitter_creator":"@VosgesInfo88","twitter_site":"@VosgesInfo88","twitter_misc":{"\u00c9crit par":"P.M","Dur\u00e9e de lecture estim\u00e9e":"3 minutes"},"schema":{"@context":"https:\/\/schema.org","@graph":[{"@type":"Article","@id":"https:\/\/vosgesinfo.fr\/remiremontinfo\/2025\/02\/lassociation-pedro-sort-de-son-sommeil\/#article","isPartOf":{"@id":"https:\/\/vosgesinfo.fr\/remiremontinfo\/2025\/02\/lassociation-pedro-sort-de-son-sommeil\/"},"author":{"name":"P.M","@id":"https:\/\/vosgesinfo.fr\/remiremontinfo\/#\/schema\/person\/a6fd2dde36da20be3679f2058b94c5b8"},"headline":"L\u2019association PEDRO sort de son sommeil.","datePublished":"2025-02-06T11:45:53+00:00","dateModified":"2025-02-06T10:47:04+00:00","mainEntityOfPage":{"@id":"https:\/\/vosgesinfo.fr\/remiremontinfo\/2025\/02\/lassociation-pedro-sort-de-son-sommeil\/"},"wordCount":452,"commentCount":0,"publisher":{"@id":"https:\/\/vosgesinfo.fr\/remiremontinfo\/#organization"},"image":{"@id":"https:\/\/vosgesinfo.fr\/remiremontinfo\/2025\/02\/lassociation-pedro-sort-de-son-sommeil\/#primaryimage"},"thumbnailUrl":"https:\/\/vosgesinfo.fr\/app\/uploads\/sites\/5\/2025\/02\/conference-et-ag-pedro-8-scaled.jpg","keywords":["association PEDRO"],"articleSection":["A la Une","Enfants","La Bresse &amp; son canton","Le Thillot &amp; son canton","Le Val-d'Ajol &amp; son canton","Remiremont &amp; son canton","Sant\u00e9","Social","Soci\u00e9t\u00e9","Vie associative"],"inLanguage":"fr-FR","potentialAction":[{"@type":"CommentAction","name":"Comment","target":["https:\/\/vosgesinfo.fr\/remiremontinfo\/2025\/02\/lassociation-pedro-sort-de-son-sommeil\/#respond"]}]},{"@type":"WebPage","@id":"https:\/\/vosgesinfo.fr\/remiremontinfo\/2025\/02\/lassociation-pedro-sort-de-son-sommeil\/","url":"https:\/\/vosgesinfo.fr\/remiremontinfo\/2025\/02\/lassociation-pedro-sort-de-son-sommeil\/","name":"L\u2019association PEDRO sort de son sommeil. - Remiremont Info","isPartOf":{"@id":"https:\/\/vosgesinfo.fr\/remiremontinfo\/#website"},"primaryImageOfPage":{"@id":"https:\/\/vosgesinfo.fr\/remiremontinfo\/2025\/02\/lassociation-pedro-sort-de-son-sommeil\/#primaryimage"},"image":{"@id":"https:\/\/vosgesinfo.fr\/remiremontinfo\/2025\/02\/lassociation-pedro-sort-de-son-sommeil\/#primaryimage"},"thumbnailUrl":"https:\/\/vosgesinfo.fr\/app\/uploads\/sites\/5\/2025\/02\/conference-et-ag-pedro-8-scaled.jpg","datePublished":"2025-02-06T11:45:53+00:00","dateModified":"2025-02-06T10:47:04+00:00","breadcrumb":{"@id":"https:\/\/vosgesinfo.fr\/remiremontinfo\/2025\/02\/lassociation-pedro-sort-de-son-sommeil\/#breadcrumb"},"inLanguage":"fr-FR","potentialAction":[{"@type":"ReadAction","target":["https:\/\/vosgesinfo.fr\/remiremontinfo\/2025\/02\/lassociation-pedro-sort-de-son-sommeil\/"]}]},{"@type":"ImageObject","inLanguage":"fr-FR","@id":"https:\/\/vosgesinfo.fr\/remiremontinfo\/2025\/02\/lassociation-pedro-sort-de-son-sommeil\/#primaryimage","url":"https:\/\/vosgesinfo.fr\/app\/uploads\/sites\/5\/2025\/02\/conference-et-ag-pedro-8-scaled.jpg","contentUrl":"https:\/\/vosgesinfo.fr\/app\/uploads\/sites\/5\/2025\/02\/conference-et-ag-pedro-8-scaled.jpg","width":2560,"height":1707,"caption":"Le docteur Mabrouk Bengrina"},{"@type":"BreadcrumbList","@id":"https:\/\/vosgesinfo.fr\/remiremontinfo\/2025\/02\/lassociation-pedro-sort-de-son-sommeil\/#breadcrumb","itemListElement":[{"@type":"ListItem","position":1,"name":"Home","item":"https:\/\/vosgesinfo.fr\/remiremontinfo\/"},{"@type":"ListItem","position":2,"name":"L\u2019association PEDRO sort de son sommeil."}]},{"@type":"WebSite","@id":"https:\/\/vosgesinfo.fr\/remiremontinfo\/#website","url":"https:\/\/vosgesinfo.fr\/remiremontinfo\/","name":"Remiremont Info","description":"Toute l&#039;actualit\u00e9 de Remiremont","publisher":{"@id":"https:\/\/vosgesinfo.fr\/remiremontinfo\/#organization"},"alternateName":"Toute l'actualit\u00e9 de Remiremont","potentialAction":[{"@type":"SearchAction","target":{"@type":"EntryPoint","urlTemplate":"https:\/\/vosgesinfo.fr\/remiremontinfo\/?s={search_term_string}"},"query-input":"required name=search_term_string"}],"inLanguage":"fr-FR"},{"@type":"Organization","@id":"https:\/\/vosgesinfo.fr\/remiremontinfo\/#organization","name":"Remiremont Info","url":"https:\/\/vosgesinfo.fr\/remiremontinfo\/","logo":{"@type":"ImageObject","inLanguage":"fr-FR","@id":"https:\/\/vosgesinfo.fr\/remiremontinfo\/#\/schema\/logo\/image\/","url":"https:\/\/vosgesinfo.fr\/app\/uploads\/sites\/5\/2023\/08\/favicon-remiremontinfo.png","contentUrl":"https:\/\/vosgesinfo.fr\/app\/uploads\/sites\/5\/2023\/08\/favicon-remiremontinfo.png","width":512,"height":512,"caption":"Remiremont Info"},"image":{"@id":"https:\/\/vosgesinfo.fr\/remiremontinfo\/#\/schema\/logo\/image\/"},"sameAs":["https:\/\/www.facebook.com\/remiremontinfo","https:\/\/x.com\/VosgesInfo88","https:\/\/www.youtube.com\/@vosgesinfo"]},{"@type":"Person","@id":"https:\/\/vosgesinfo.fr\/remiremontinfo\/#\/schema\/person\/a6fd2dde36da20be3679f2058b94c5b8","name":"P.M","image":{"@type":"ImageObject","inLanguage":"fr-FR","@id":"https:\/\/vosgesinfo.fr\/remiremontinfo\/#\/schema\/person\/image\/","url":"https:\/\/secure.gravatar.com\/avatar\/db38f6ef38bb165f6f4d352563f264129673ed4536984fbbcddf700bd12f8a9a?s=96&d=mm&r=g","contentUrl":"https:\/\/secure.gravatar.com\/avatar\/db38f6ef38bb165f6f4d352563f264129673ed4536984fbbcddf700bd12f8a9a?s=96&d=mm&r=g","caption":"P.M"},"url":"https:\/\/vosgesinfo.fr\/remiremontinfo\/author\/p-mangel88\/"}]}},"_links":{"self":[{"href":"https:\/\/vosgesinfo.fr\/remiremontinfo\/wp-json\/wp\/v2\/posts\/78137","targetHints":{"allow":["GET"]}}],"collection":[{"href":"https:\/\/vosgesinfo.fr\/remiremontinfo\/wp-json\/wp\/v2\/posts"}],"about":[{"href":"https:\/\/vosgesinfo.fr\/remiremontinfo\/wp-json\/wp\/v2\/types\/post"}],"author":[{"embeddable":true,"href":"https:\/\/vosgesinfo.fr\/remiremontinfo\/wp-json\/wp\/v2\/users\/413"}],"replies":[{"embeddable":true,"href":"https:\/\/vosgesinfo.fr\/remiremontinfo\/wp-json\/wp\/v2\/comments?post=78137"}],"version-history":[{"count":1,"href":"https:\/\/vosgesinfo.fr\/remiremontinfo\/wp-json\/wp\/v2\/posts\/78137\/revisions"}],"predecessor-version":[{"id":78145,"href":"https:\/\/vosgesinfo.fr\/remiremontinfo\/wp-json\/wp\/v2\/posts\/78137\/revisions\/78145"}],"wp:featuredmedia":[{"embeddable":true,"href":"https:\/\/vosgesinfo.fr\/remiremontinfo\/wp-json\/wp\/v2\/media\/78138"}],"wp:attachment":[{"href":"https:\/\/vosgesinfo.fr\/remiremontinfo\/wp-json\/wp\/v2\/media?parent=78137"}],"wp:term":[{"taxonomy":"category","embeddable":true,"href":"https:\/\/vosgesinfo.fr\/remiremontinfo\/wp-json\/wp\/v2\/categories?post=78137"},{"taxonomy":"post_tag","embeddable":true,"href":"https:\/\/vosgesinfo.fr\/remiremontinfo\/wp-json\/wp\/v2\/tags?post=78137"}],"curies":[{"name":"wp","href":"https:\/\/api.w.org\/{rel}","templated":true}]}}