{"id":78168,"date":"2025-02-06T10:23:59","date_gmt":"2025-02-06T09:23:59","guid":{"rendered":"https:\/\/vosgesinfo.fr\/remiremontinfo\/?p=78168"},"modified":"2025-02-06T10:23:59","modified_gmt":"2025-02-06T09:23:59","slug":"un-vosgien-participe-a-la-nouvelle-saison-de-koh-lanta","status":"publish","type":"post","link":"https:\/\/vosgesinfo.fr\/remiremontinfo\/2025\/02\/un-vosgien-participe-a-la-nouvelle-saison-de-koh-lanta\/","title":{"rendered":"Un Vosgien participe \u00e0 la nouvelle saison de Koh Lanta"},"content":{"rendered":"<div id=\"attachment_78169\" style=\"width: 960px\" class=\"wp-caption aligncenter\"><a href=\"https:\/\/vosgesinfo.fr\/app\/uploads\/sites\/5\/2025\/02\/maxime-koh-lanta.jpg\"><img decoding=\"async\" aria-describedby=\"caption-attachment-78169\" class=\"size-full wp-image-78169\" src=\"https:\/\/vosgesinfo.fr\/app\/uploads\/sites\/5\/2025\/02\/maxime-koh-lanta.jpg\" alt=\"\" width=\"950\" height=\"534\" srcset=\"https:\/\/vosgesinfo.fr\/app\/uploads\/sites\/5\/2025\/02\/maxime-koh-lanta.jpg 950w, https:\/\/vosgesinfo.fr\/app\/uploads\/sites\/5\/2025\/02\/maxime-koh-lanta-300x169.jpg 300w, https:\/\/vosgesinfo.fr\/app\/uploads\/sites\/5\/2025\/02\/maxime-koh-lanta-768x432.jpg 768w\" sizes=\"(max-width: 950px) 100vw, 950px\" \/><\/a><p id=\"caption-attachment-78169\" class=\"wp-caption-text\">Photographie : Extrait du portrait de Maxime @TF1.<\/p><\/div>\n<p data-pm-slice=\"0 0 []\"><strong>Le casting de la nouvelle saison de Koh Lanta \u00ab\u00a0La Revanche des 4 terres\u00a0\u00bb vient d&rsquo;\u00eatre d\u00e9voil\u00e9. Cette nouvelle saison se verra affronter quatre clans : les tribus de l&rsquo;Ouest, de l&rsquo;Est, du Nord et du Sud. La diffusion est pr\u00e9vue \u00e0 partir du 25 f\u00e9vrier sur la chaine du groupe TF1 et un vosgien apparaitra sur vos \u00e9crans !\u00a0<\/strong><\/p>\n<p>Il s&rsquo;agit de Maxime, 33 ans, responsable communication pour la f\u00e9d\u00e9ration d\u00e9partementale de p\u00eache des Vosges. Dans son portrait, l&rsquo;homme livre son amour pour les Vosges : \u00ab\u00a0<em>Ce que j&rsquo;aime dans les Vosges, c&rsquo;est le c\u00f4t\u00e9 sauvage, nature. On voit des nouveaux paysages tous les jours, on n&rsquo;a pas l&rsquo;impression qu&rsquo;on travaille tellement c&rsquo;est plaisant.<\/em>\u00a0\u00bb<\/p>\n<p>Passionn\u00e9 par les \u00c9tats-Unis, le Vosgien confie aimer les vieilles voitures, le look cowboy, fermier\u2026 le r\u00eave am\u00e9ricain ! Son autre r\u00eave ? Koh Lanta ! Et son r\u00eave est sur le point de se r\u00e9aliser en participant \u00e0 cette nouvelle saison tourn\u00e9e aux Philippines : \u00ab\u00a0<em>Je vais essayer de rester zen, cool man, mais toujours avec cet esprit de chasseur de primes et je vais essayer d&rsquo;abattre toutes les t\u00eates et d&#8217;empocher les 100 000 dollars<\/em>\u00ab\u00a0. Une chose est s\u00fbre, Maxime compte bien aller au bout de l&rsquo;aventure et se battre co\u00fbte que co\u00fbte !<\/p>\n","protected":false},"excerpt":{"rendered":"<p>Le casting de la nouvelle saison de Koh Lanta \u00ab\u00a0La Revanche des 4 terres\u00a0\u00bb vient d&rsquo;\u00eatre d\u00e9voil\u00e9. Cette nouvelle saison [&hellip;]<\/p>\n","protected":false},"author":418,"featured_media":78169,"comment_status":"open","ping_status":"open","sticky":false,"template":"","format":"standard","meta":{"footnotes":""},"categories":[26,594,108,1547,845,43,362],"tags":[7136,1776,32],"class_list":["post-78168","post","type-post","status-publish","format-standard","has-post-thumbnail","hentry","category-a-la-une","category-agenda","category-epinal","category-gerardmer-2","category-la-plaine-des-vosges","category-remiremont-remiremont-son-canton","category-saint-die","tag-koh-lanta","tag-television","tag-vosges"],"acf":[],"yoast_head":"<!-- This site is optimized with the Yoast SEO plugin v22.5 - https:\/\/yoast.com\/wordpress\/plugins\/seo\/ -->\n<title>Un Vosgien participe \u00e0 la nouvelle saison de Koh Lanta - Remiremont Info<\/title>\n<meta name=\"robots\" content=\"index, follow, max-snippet:-1, max-image-preview:large, max-video-preview:-1\" \/>\n<link rel=\"canonical\" href=\"https:\/\/vosgesinfo.fr\/remiremontinfo\/?p=78168\" \/>\n<meta name=\"twitter:card\" content=\"summary_large_image\" \/>\n<meta name=\"twitter:title\" content=\"Un Vosgien participe \u00e0 la nouvelle saison de Koh Lanta - Remiremont Info\" \/>\n<meta name=\"twitter:description\" content=\"Le casting de la nouvelle saison de Koh Lanta \u00ab\u00a0La Revanche des 4 terres\u00a0\u00bb vient d&rsquo;\u00eatre d\u00e9voil\u00e9. Cette nouvelle saison [&hellip;]\" \/>\n<meta name=\"twitter:image\" content=\"https:\/\/vosgesinfo.fr\/app\/uploads\/sites\/5\/2025\/02\/maxime-koh-lanta.jpg\" \/>\n<meta name=\"twitter:creator\" content=\"@VosgesInfo88\" \/>\n<meta name=\"twitter:site\" content=\"@VosgesInfo88\" \/>\n<meta name=\"twitter:label1\" content=\"\u00c9crit par\" \/>\n\t<meta name=\"twitter:data1\" content=\"C.M\" \/>\n\t<meta name=\"twitter:label2\" content=\"Dur\u00e9e de lecture estim\u00e9e\" \/>\n\t<meta name=\"twitter:data2\" content=\"1 minute\" \/>\n<script type=\"application\/ld+json\" class=\"yoast-schema-graph\">{\"@context\":\"https:\/\/schema.org\",\"@graph\":[{\"@type\":\"Article\",\"@id\":\"https:\/\/vosgesinfo.fr\/remiremontinfo\/?p=78168#article\",\"isPartOf\":{\"@id\":\"https:\/\/vosgesinfo.fr\/remiremontinfo\/?p=78168\"},\"author\":{\"name\":\"C.M\",\"@id\":\"https:\/\/vosgesinfo.fr\/remiremontinfo\/#\/schema\/person\/4f38cd3068e342935b7304695c797d08\"},\"headline\":\"Un Vosgien participe \u00e0 la nouvelle saison de Koh Lanta\",\"datePublished\":\"2025-02-06T09:23:59+00:00\",\"dateModified\":\"2025-02-06T09:23:59+00:00\",\"mainEntityOfPage\":{\"@id\":\"https:\/\/vosgesinfo.fr\/remiremontinfo\/?p=78168\"},\"wordCount\":251,\"commentCount\":1,\"publisher\":{\"@id\":\"https:\/\/vosgesinfo.fr\/remiremontinfo\/#organization\"},\"image\":{\"@id\":\"https:\/\/vosgesinfo.fr\/remiremontinfo\/?p=78168#primaryimage\"},\"thumbnailUrl\":\"https:\/\/vosgesinfo.fr\/app\/uploads\/sites\/5\/2025\/02\/maxime-koh-lanta.jpg\",\"keywords\":[\"Koh Lanta\",\"t\u00e9l\u00e9vision\",\"Vosges\"],\"articleSection\":[\"A la Une\",\"Agenda\",\"Epinal\",\"Gerardmer\",\"La plaine des vosges\",\"Remiremont\",\"Saint-di\u00e9\"],\"inLanguage\":\"fr-FR\",\"potentialAction\":[{\"@type\":\"CommentAction\",\"name\":\"Comment\",\"target\":[\"https:\/\/vosgesinfo.fr\/remiremontinfo\/?p=78168#respond\"]}]},{\"@type\":\"WebPage\",\"@id\":\"https:\/\/vosgesinfo.fr\/remiremontinfo\/?p=78168\",\"url\":\"https:\/\/vosgesinfo.fr\/remiremontinfo\/?p=78168\",\"name\":\"Un Vosgien participe \u00e0 la nouvelle saison de Koh Lanta - Remiremont Info\",\"isPartOf\":{\"@id\":\"https:\/\/vosgesinfo.fr\/remiremontinfo\/#website\"},\"primaryImageOfPage\":{\"@id\":\"https:\/\/vosgesinfo.fr\/remiremontinfo\/?p=78168#primaryimage\"},\"image\":{\"@id\":\"https:\/\/vosgesinfo.fr\/remiremontinfo\/?p=78168#primaryimage\"},\"thumbnailUrl\":\"https:\/\/vosgesinfo.fr\/app\/uploads\/sites\/5\/2025\/02\/maxime-koh-lanta.jpg\",\"datePublished\":\"2025-02-06T09:23:59+00:00\",\"dateModified\":\"2025-02-06T09:23:59+00:00\",\"breadcrumb\":{\"@id\":\"https:\/\/vosgesinfo.fr\/remiremontinfo\/?p=78168#breadcrumb\"},\"inLanguage\":\"fr-FR\",\"potentialAction\":[{\"@type\":\"ReadAction\",\"target\":[\"https:\/\/vosgesinfo.fr\/remiremontinfo\/?p=78168\"]}]},{\"@type\":\"ImageObject\",\"inLanguage\":\"fr-FR\",\"@id\":\"https:\/\/vosgesinfo.fr\/remiremontinfo\/?p=78168#primaryimage\",\"url\":\"https:\/\/vosgesinfo.fr\/app\/uploads\/sites\/5\/2025\/02\/maxime-koh-lanta.jpg\",\"contentUrl\":\"https:\/\/vosgesinfo.fr\/app\/uploads\/sites\/5\/2025\/02\/maxime-koh-lanta.jpg\",\"width\":950,\"height\":534,\"caption\":\"Photographie : Extrait du portrait de Maxime @TF1.\"},{\"@type\":\"BreadcrumbList\",\"@id\":\"https:\/\/vosgesinfo.fr\/remiremontinfo\/?p=78168#breadcrumb\",\"itemListElement\":[{\"@type\":\"ListItem\",\"position\":1,\"name\":\"Home\",\"item\":\"https:\/\/vosgesinfo.fr\/remiremontinfo\/\"},{\"@type\":\"ListItem\",\"position\":2,\"name\":\"Un Vosgien participe \u00e0 la nouvelle saison de Koh Lanta\"}]},{\"@type\":\"WebSite\",\"@id\":\"https:\/\/vosgesinfo.fr\/remiremontinfo\/#website\",\"url\":\"https:\/\/vosgesinfo.fr\/remiremontinfo\/\",\"name\":\"Remiremont Info\",\"description\":\"Toute l&#039;actualit\u00e9 de Remiremont\",\"publisher\":{\"@id\":\"https:\/\/vosgesinfo.fr\/remiremontinfo\/#organization\"},\"alternateName\":\"Toute l'actualit\u00e9 de Remiremont\",\"potentialAction\":[{\"@type\":\"SearchAction\",\"target\":{\"@type\":\"EntryPoint\",\"urlTemplate\":\"https:\/\/vosgesinfo.fr\/remiremontinfo\/?s={search_term_string}\"},\"query-input\":\"required name=search_term_string\"}],\"inLanguage\":\"fr-FR\"},{\"@type\":\"Organization\",\"@id\":\"https:\/\/vosgesinfo.fr\/remiremontinfo\/#organization\",\"name\":\"Remiremont Info\",\"url\":\"https:\/\/vosgesinfo.fr\/remiremontinfo\/\",\"logo\":{\"@type\":\"ImageObject\",\"inLanguage\":\"fr-FR\",\"@id\":\"https:\/\/vosgesinfo.fr\/remiremontinfo\/#\/schema\/logo\/image\/\",\"url\":\"https:\/\/vosgesinfo.fr\/app\/uploads\/sites\/5\/2023\/08\/favicon-remiremontinfo.png\",\"contentUrl\":\"https:\/\/vosgesinfo.fr\/app\/uploads\/sites\/5\/2023\/08\/favicon-remiremontinfo.png\",\"width\":512,\"height\":512,\"caption\":\"Remiremont Info\"},\"image\":{\"@id\":\"https:\/\/vosgesinfo.fr\/remiremontinfo\/#\/schema\/logo\/image\/\"},\"sameAs\":[\"https:\/\/www.facebook.com\/remiremontinfo\",\"https:\/\/x.com\/VosgesInfo88\",\"https:\/\/www.youtube.com\/@vosgesinfo\"]},{\"@type\":\"Person\",\"@id\":\"https:\/\/vosgesinfo.fr\/remiremontinfo\/#\/schema\/person\/4f38cd3068e342935b7304695c797d08\",\"name\":\"C.M\",\"image\":{\"@type\":\"ImageObject\",\"inLanguage\":\"fr-FR\",\"@id\":\"https:\/\/vosgesinfo.fr\/remiremontinfo\/#\/schema\/person\/image\/\",\"url\":\"https:\/\/secure.gravatar.com\/avatar\/fe9daaef0164d920717484172682f3c5c9bcf7d42aa8c7048c76c34f0eb6c8da?s=96&d=mm&r=g\",\"contentUrl\":\"https:\/\/secure.gravatar.com\/avatar\/fe9daaef0164d920717484172682f3c5c9bcf7d42aa8c7048c76c34f0eb6c8da?s=96&d=mm&r=g\",\"caption\":\"C.M\"},\"url\":\"https:\/\/vosgesinfo.fr\/remiremontinfo\/author\/cm88200\/\"}]}<\/script>\n<!-- \/ Yoast SEO plugin. -->","yoast_head_json":{"title":"Un Vosgien participe \u00e0 la nouvelle saison de Koh Lanta - Remiremont Info","robots":{"index":"index","follow":"follow","max-snippet":"max-snippet:-1","max-image-preview":"max-image-preview:large","max-video-preview":"max-video-preview:-1"},"canonical":"https:\/\/vosgesinfo.fr\/remiremontinfo\/?p=78168","twitter_card":"summary_large_image","twitter_title":"Un Vosgien participe \u00e0 la nouvelle saison de Koh Lanta - Remiremont Info","twitter_description":"Le casting de la nouvelle saison de Koh Lanta \u00ab\u00a0La Revanche des 4 terres\u00a0\u00bb vient d&rsquo;\u00eatre d\u00e9voil\u00e9. Cette nouvelle saison [&hellip;]","twitter_image":"https:\/\/vosgesinfo.fr\/app\/uploads\/sites\/5\/2025\/02\/maxime-koh-lanta.jpg","twitter_creator":"@VosgesInfo88","twitter_site":"@VosgesInfo88","twitter_misc":{"\u00c9crit par":"C.M","Dur\u00e9e de lecture estim\u00e9e":"1 minute"},"schema":{"@context":"https:\/\/schema.org","@graph":[{"@type":"Article","@id":"https:\/\/vosgesinfo.fr\/remiremontinfo\/?p=78168#article","isPartOf":{"@id":"https:\/\/vosgesinfo.fr\/remiremontinfo\/?p=78168"},"author":{"name":"C.M","@id":"https:\/\/vosgesinfo.fr\/remiremontinfo\/#\/schema\/person\/4f38cd3068e342935b7304695c797d08"},"headline":"Un Vosgien participe \u00e0 la nouvelle saison de Koh Lanta","datePublished":"2025-02-06T09:23:59+00:00","dateModified":"2025-02-06T09:23:59+00:00","mainEntityOfPage":{"@id":"https:\/\/vosgesinfo.fr\/remiremontinfo\/?p=78168"},"wordCount":251,"commentCount":1,"publisher":{"@id":"https:\/\/vosgesinfo.fr\/remiremontinfo\/#organization"},"image":{"@id":"https:\/\/vosgesinfo.fr\/remiremontinfo\/?p=78168#primaryimage"},"thumbnailUrl":"https:\/\/vosgesinfo.fr\/app\/uploads\/sites\/5\/2025\/02\/maxime-koh-lanta.jpg","keywords":["Koh Lanta","t\u00e9l\u00e9vision","Vosges"],"articleSection":["A la Une","Agenda","Epinal","Gerardmer","La plaine des vosges","Remiremont","Saint-di\u00e9"],"inLanguage":"fr-FR","potentialAction":[{"@type":"CommentAction","name":"Comment","target":["https:\/\/vosgesinfo.fr\/remiremontinfo\/?p=78168#respond"]}]},{"@type":"WebPage","@id":"https:\/\/vosgesinfo.fr\/remiremontinfo\/?p=78168","url":"https:\/\/vosgesinfo.fr\/remiremontinfo\/?p=78168","name":"Un Vosgien participe \u00e0 la nouvelle saison de Koh Lanta - Remiremont Info","isPartOf":{"@id":"https:\/\/vosgesinfo.fr\/remiremontinfo\/#website"},"primaryImageOfPage":{"@id":"https:\/\/vosgesinfo.fr\/remiremontinfo\/?p=78168#primaryimage"},"image":{"@id":"https:\/\/vosgesinfo.fr\/remiremontinfo\/?p=78168#primaryimage"},"thumbnailUrl":"https:\/\/vosgesinfo.fr\/app\/uploads\/sites\/5\/2025\/02\/maxime-koh-lanta.jpg","datePublished":"2025-02-06T09:23:59+00:00","dateModified":"2025-02-06T09:23:59+00:00","breadcrumb":{"@id":"https:\/\/vosgesinfo.fr\/remiremontinfo\/?p=78168#breadcrumb"},"inLanguage":"fr-FR","potentialAction":[{"@type":"ReadAction","target":["https:\/\/vosgesinfo.fr\/remiremontinfo\/?p=78168"]}]},{"@type":"ImageObject","inLanguage":"fr-FR","@id":"https:\/\/vosgesinfo.fr\/remiremontinfo\/?p=78168#primaryimage","url":"https:\/\/vosgesinfo.fr\/app\/uploads\/sites\/5\/2025\/02\/maxime-koh-lanta.jpg","contentUrl":"https:\/\/vosgesinfo.fr\/app\/uploads\/sites\/5\/2025\/02\/maxime-koh-lanta.jpg","width":950,"height":534,"caption":"Photographie : Extrait du portrait de Maxime @TF1."},{"@type":"BreadcrumbList","@id":"https:\/\/vosgesinfo.fr\/remiremontinfo\/?p=78168#breadcrumb","itemListElement":[{"@type":"ListItem","position":1,"name":"Home","item":"https:\/\/vosgesinfo.fr\/remiremontinfo\/"},{"@type":"ListItem","position":2,"name":"Un Vosgien participe \u00e0 la nouvelle saison de Koh Lanta"}]},{"@type":"WebSite","@id":"https:\/\/vosgesinfo.fr\/remiremontinfo\/#website","url":"https:\/\/vosgesinfo.fr\/remiremontinfo\/","name":"Remiremont Info","description":"Toute l&#039;actualit\u00e9 de Remiremont","publisher":{"@id":"https:\/\/vosgesinfo.fr\/remiremontinfo\/#organization"},"alternateName":"Toute l'actualit\u00e9 de Remiremont","potentialAction":[{"@type":"SearchAction","target":{"@type":"EntryPoint","urlTemplate":"https:\/\/vosgesinfo.fr\/remiremontinfo\/?s={search_term_string}"},"query-input":"required name=search_term_string"}],"inLanguage":"fr-FR"},{"@type":"Organization","@id":"https:\/\/vosgesinfo.fr\/remiremontinfo\/#organization","name":"Remiremont Info","url":"https:\/\/vosgesinfo.fr\/remiremontinfo\/","logo":{"@type":"ImageObject","inLanguage":"fr-FR","@id":"https:\/\/vosgesinfo.fr\/remiremontinfo\/#\/schema\/logo\/image\/","url":"https:\/\/vosgesinfo.fr\/app\/uploads\/sites\/5\/2023\/08\/favicon-remiremontinfo.png","contentUrl":"https:\/\/vosgesinfo.fr\/app\/uploads\/sites\/5\/2023\/08\/favicon-remiremontinfo.png","width":512,"height":512,"caption":"Remiremont Info"},"image":{"@id":"https:\/\/vosgesinfo.fr\/remiremontinfo\/#\/schema\/logo\/image\/"},"sameAs":["https:\/\/www.facebook.com\/remiremontinfo","https:\/\/x.com\/VosgesInfo88","https:\/\/www.youtube.com\/@vosgesinfo"]},{"@type":"Person","@id":"https:\/\/vosgesinfo.fr\/remiremontinfo\/#\/schema\/person\/4f38cd3068e342935b7304695c797d08","name":"C.M","image":{"@type":"ImageObject","inLanguage":"fr-FR","@id":"https:\/\/vosgesinfo.fr\/remiremontinfo\/#\/schema\/person\/image\/","url":"https:\/\/secure.gravatar.com\/avatar\/fe9daaef0164d920717484172682f3c5c9bcf7d42aa8c7048c76c34f0eb6c8da?s=96&d=mm&r=g","contentUrl":"https:\/\/secure.gravatar.com\/avatar\/fe9daaef0164d920717484172682f3c5c9bcf7d42aa8c7048c76c34f0eb6c8da?s=96&d=mm&r=g","caption":"C.M"},"url":"https:\/\/vosgesinfo.fr\/remiremontinfo\/author\/cm88200\/"}]}},"_links":{"self":[{"href":"https:\/\/vosgesinfo.fr\/remiremontinfo\/wp-json\/wp\/v2\/posts\/78168","targetHints":{"allow":["GET"]}}],"collection":[{"href":"https:\/\/vosgesinfo.fr\/remiremontinfo\/wp-json\/wp\/v2\/posts"}],"about":[{"href":"https:\/\/vosgesinfo.fr\/remiremontinfo\/wp-json\/wp\/v2\/types\/post"}],"author":[{"embeddable":true,"href":"https:\/\/vosgesinfo.fr\/remiremontinfo\/wp-json\/wp\/v2\/users\/418"}],"replies":[{"embeddable":true,"href":"https:\/\/vosgesinfo.fr\/remiremontinfo\/wp-json\/wp\/v2\/comments?post=78168"}],"version-history":[{"count":1,"href":"https:\/\/vosgesinfo.fr\/remiremontinfo\/wp-json\/wp\/v2\/posts\/78168\/revisions"}],"predecessor-version":[{"id":78170,"href":"https:\/\/vosgesinfo.fr\/remiremontinfo\/wp-json\/wp\/v2\/posts\/78168\/revisions\/78170"}],"wp:featuredmedia":[{"embeddable":true,"href":"https:\/\/vosgesinfo.fr\/remiremontinfo\/wp-json\/wp\/v2\/media\/78169"}],"wp:attachment":[{"href":"https:\/\/vosgesinfo.fr\/remiremontinfo\/wp-json\/wp\/v2\/media?parent=78168"}],"wp:term":[{"taxonomy":"category","embeddable":true,"href":"https:\/\/vosgesinfo.fr\/remiremontinfo\/wp-json\/wp\/v2\/categories?post=78168"},{"taxonomy":"post_tag","embeddable":true,"href":"https:\/\/vosgesinfo.fr\/remiremontinfo\/wp-json\/wp\/v2\/tags?post=78168"}],"curies":[{"name":"wp","href":"https:\/\/api.w.org\/{rel}","templated":true}]}}