{"id":78171,"date":"2025-02-06T12:10:28","date_gmt":"2025-02-06T11:10:28","guid":{"rendered":"https:\/\/vosgesinfo.fr\/remiremontinfo\/?p=78171"},"modified":"2025-02-06T16:11:11","modified_gmt":"2025-02-06T15:11:11","slug":"petite-plongee-vers-les-objets-du-quotidien-de-nos-anciens-et-ancetres","status":"publish","type":"post","link":"https:\/\/vosgesinfo.fr\/remiremontinfo\/2025\/02\/petite-plongee-vers-les-objets-du-quotidien-de-nos-anciens-et-ancetres\/","title":{"rendered":"Petite plong\u00e9e vers les objets du quotidien de nos anciens et anc\u00eatres."},"content":{"rendered":"<div id=\"attachment_78172\" style=\"width: 1034px\" class=\"wp-caption alignright\"><a href=\"https:\/\/vosgesinfo.fr\/app\/uploads\/sites\/5\/2025\/02\/expo-biblio-raon-2.png\"><img decoding=\"async\" aria-describedby=\"caption-attachment-78172\" class=\"size-large wp-image-78172\" src=\"https:\/\/vosgesinfo.fr\/app\/uploads\/sites\/5\/2025\/02\/expo-biblio-raon-2-1024x766.png\" alt=\"\" width=\"1024\" height=\"766\" srcset=\"https:\/\/vosgesinfo.fr\/app\/uploads\/sites\/5\/2025\/02\/expo-biblio-raon-2-1024x766.png 1024w, https:\/\/vosgesinfo.fr\/app\/uploads\/sites\/5\/2025\/02\/expo-biblio-raon-2-300x224.png 300w, https:\/\/vosgesinfo.fr\/app\/uploads\/sites\/5\/2025\/02\/expo-biblio-raon-2-768x575.png 768w, https:\/\/vosgesinfo.fr\/app\/uploads\/sites\/5\/2025\/02\/expo-biblio-raon-2.png 1199w\" sizes=\"(max-width: 1024px) 100vw, 1024px\" \/><\/a><p id=\"caption-attachment-78172\" class=\"wp-caption-text\">Le Maire de Raon- aux-bois, la Pr\u00e9sidente et les membres de l&rsquo;association de la Maison du Patrimoine<\/p><\/div>\n<p><strong>\u00c0 l\u2019initiative de Marie-Claire, l\u2019animatrice de la biblioth\u00e8que de Raon-aux-bois, et en collaboration avec la Maison du Patrimoine de Saint-Nabord, une petite exposition d\u2019objets anciens est propos\u00e9e en entr\u00e9e libre et aux horaires d\u2019ouverture de la biblioth\u00e8que.<\/strong><\/p>\n<p>Cette exposition, bien que modeste, n&rsquo;en est pas moins attrayante. Une belle occasion de retrouver des objets du pass\u00e9 que certains ont connus, que d\u2019autres ont juste entendus parler et que d\u2019autres encore d\u00e9couvrent\u2026<\/p>\n<p>Plumes et encriers, encore en service dans l\u2019\u00e9cole des ann\u00e9es 60, chaufferettes, jeux et jouets d\u2019enfants, v\u00eatements de bapt\u00eames, fer \u00e0 braise, rouet ou encore barattes, sans oublier quelques objets insolites, tout est l\u00e0 pour retourner vers le pass\u00e9 avec un regard d\u2019enfant \u00e9merveill\u00e9.<\/p>\n<p>Ce samedi matin, Christian Vitu, le maire de Raon-aux-Bois, et Marie-Claire, la cheville ouvri\u00e8re de l\u2019exposition, avaient le plaisir d\u2019accueillir sur les lieux quelques membres de l&rsquo;association de la Maison du patrimoine de Saint-Nabord accompagnant leur pr\u00e9sidente Jacqueline Duch\u00eane, sans qui l\u2019exposition n\u2019aurait pas vu le jour.<\/p>\n<p>Il ne vous reste que jusqu&rsquo;\u00e0 ce vendredi de 14 h 00 \u00e0 18 pour se plonger dans cet univers, ensuite, vous pourrez toujours vous rapprocher de la Maison du patrimoine \u00e0 Saint-Nabord.<\/p>\n<p>&nbsp;<\/p>\n<p>PM avec la participation et les photos de Marie-Claire<strong><br \/>\n<\/strong><\/p>\n\n\t\t<style type=\"text\/css\">\n\t\t\t#gallery-1 {\n\t\t\t\tmargin: auto;\n\t\t\t}\n\t\t\t#gallery-1 .gallery-item {\n\t\t\t\tfloat: left;\n\t\t\t\tmargin-top: 10px;\n\t\t\t\ttext-align: center;\n\t\t\t\twidth: 50%;\n\t\t\t}\n\t\t\t#gallery-1 img {\n\t\t\t\tborder: 2px solid #cfcfcf;\n\t\t\t}\n\t\t\t#gallery-1 .gallery-caption {\n\t\t\t\tmargin-left: 0;\n\t\t\t}\n\t\t\t\/* see gallery_shortcode() in wp-includes\/media.php *\/\n\t\t<\/style>\n\t\t<div id='gallery-1' class='gallery galleryid-78171 gallery-columns-2 gallery-size-medium'><dl class='gallery-item'>\n\t\t\t<dt class='gallery-icon landscape'>\n\t\t\t\t<a href='https:\/\/vosgesinfo.fr\/remiremontinfo\/2025\/02\/petite-plongee-vers-les-objets-du-quotidien-de-nos-anciens-et-ancetres\/expo-biblio-raon-4\/'><img decoding=\"async\" width=\"300\" height=\"221\" src=\"https:\/\/vosgesinfo.fr\/app\/uploads\/sites\/5\/2025\/02\/expo-biblio-raon-4-300x221.png\" class=\"attachment-medium size-medium\" alt=\"\" aria-describedby=\"gallery-1-78173\" srcset=\"https:\/\/vosgesinfo.fr\/app\/uploads\/sites\/5\/2025\/02\/expo-biblio-raon-4-300x221.png 300w, https:\/\/vosgesinfo.fr\/app\/uploads\/sites\/5\/2025\/02\/expo-biblio-raon-4-1024x754.png 1024w, https:\/\/vosgesinfo.fr\/app\/uploads\/sites\/5\/2025\/02\/expo-biblio-raon-4-768x565.png 768w, https:\/\/vosgesinfo.fr\/app\/uploads\/sites\/5\/2025\/02\/expo-biblio-raon-4.png 1221w\" sizes=\"(max-width: 300px) 100vw, 300px\" \/><\/a>\n\t\t\t<\/dt>\n\t\t\t\t<dd class='wp-caption-text gallery-caption' id='gallery-1-78173'>\n\t\t\t\tA droite Marie-Claire \u00e0 l&rsquo;initiative de l&rsquo;exposition\n\t\t\t\t<\/dd><\/dl><dl class='gallery-item'>\n\t\t\t<dt class='gallery-icon portrait'>\n\t\t\t\t<a href='https:\/\/vosgesinfo.fr\/remiremontinfo\/2025\/02\/petite-plongee-vers-les-objets-du-quotidien-de-nos-anciens-et-ancetres\/expo-biblio-raon-3\/'><img decoding=\"async\" width=\"224\" height=\"300\" src=\"https:\/\/vosgesinfo.fr\/app\/uploads\/sites\/5\/2025\/02\/expo-biblio-raon-3-224x300.png\" class=\"attachment-medium size-medium\" alt=\"\" srcset=\"https:\/\/vosgesinfo.fr\/app\/uploads\/sites\/5\/2025\/02\/expo-biblio-raon-3-224x300.png 224w, https:\/\/vosgesinfo.fr\/app\/uploads\/sites\/5\/2025\/02\/expo-biblio-raon-3.png 677w\" sizes=\"(max-width: 224px) 100vw, 224px\" \/><\/a>\n\t\t\t<\/dt><\/dl><br style=\"clear: both\" \/>\n\t\t<\/div>\n\n<p>&nbsp;<\/p>\n","protected":false},"excerpt":{"rendered":"<p>\u00c0 l\u2019initiative de Marie-Claire, l\u2019animatrice de la biblioth\u00e8que de Raon-aux-bois, et en collaboration avec la Maison du Patrimoine de Saint-Nabord, [&hellip;]<\/p>\n","protected":false},"author":413,"featured_media":78172,"comment_status":"open","ping_status":"open","sticky":false,"template":"","format":"standard","meta":{"footnotes":""},"categories":[26,594,101,86,82,35],"tags":[7068,4275],"class_list":["post-78171","post","type-post","status-publish","format-standard","has-post-thumbnail","hentry","category-a-la-une","category-agenda","category-exposition","category-histoire","category-le-val-dajol-son-canton","category-remiremont-son-canton","tag-bibliotheque-de-raon-aux-bois","tag-la-maison-du-patrimoine"],"acf":[],"yoast_head":"<!-- This site is optimized with the Yoast SEO plugin v22.5 - https:\/\/yoast.com\/wordpress\/plugins\/seo\/ -->\n<title>Petite plong\u00e9e vers les objets du quotidien de nos anciens et anc\u00eatres. - Remiremont Info<\/title>\n<meta name=\"robots\" content=\"index, follow, max-snippet:-1, max-image-preview:large, max-video-preview:-1\" \/>\n<link rel=\"canonical\" href=\"https:\/\/vosgesinfo.fr\/remiremontinfo\/2025\/02\/petite-plongee-vers-les-objets-du-quotidien-de-nos-anciens-et-ancetres\/\" \/>\n<meta name=\"twitter:card\" content=\"summary_large_image\" \/>\n<meta name=\"twitter:title\" content=\"Petite plong\u00e9e vers les objets du quotidien de nos anciens et anc\u00eatres. - Remiremont Info\" \/>\n<meta name=\"twitter:description\" content=\"\u00c0 l\u2019initiative de Marie-Claire, l\u2019animatrice de la biblioth\u00e8que de Raon-aux-bois, et en collaboration avec la Maison du Patrimoine de Saint-Nabord, [&hellip;]\" \/>\n<meta name=\"twitter:image\" content=\"https:\/\/vosgesinfo.fr\/app\/uploads\/sites\/5\/2025\/02\/expo-biblio-raon-2.png\" \/>\n<meta name=\"twitter:creator\" content=\"@VosgesInfo88\" \/>\n<meta name=\"twitter:site\" content=\"@VosgesInfo88\" \/>\n<meta name=\"twitter:label1\" content=\"\u00c9crit par\" \/>\n\t<meta name=\"twitter:data1\" content=\"P.M\" \/>\n\t<meta name=\"twitter:label2\" content=\"Dur\u00e9e de lecture estim\u00e9e\" \/>\n\t<meta name=\"twitter:data2\" content=\"2 minutes\" \/>\n<script type=\"application\/ld+json\" class=\"yoast-schema-graph\">{\"@context\":\"https:\/\/schema.org\",\"@graph\":[{\"@type\":\"Article\",\"@id\":\"https:\/\/vosgesinfo.fr\/remiremontinfo\/2025\/02\/petite-plongee-vers-les-objets-du-quotidien-de-nos-anciens-et-ancetres\/#article\",\"isPartOf\":{\"@id\":\"https:\/\/vosgesinfo.fr\/remiremontinfo\/2025\/02\/petite-plongee-vers-les-objets-du-quotidien-de-nos-anciens-et-ancetres\/\"},\"author\":{\"name\":\"P.M\",\"@id\":\"https:\/\/vosgesinfo.fr\/remiremontinfo\/#\/schema\/person\/a6fd2dde36da20be3679f2058b94c5b8\"},\"headline\":\"Petite plong\u00e9e vers les objets du quotidien de nos anciens et anc\u00eatres.\",\"datePublished\":\"2025-02-06T11:10:28+00:00\",\"dateModified\":\"2025-02-06T15:11:11+00:00\",\"mainEntityOfPage\":{\"@id\":\"https:\/\/vosgesinfo.fr\/remiremontinfo\/2025\/02\/petite-plongee-vers-les-objets-du-quotidien-de-nos-anciens-et-ancetres\/\"},\"wordCount\":269,\"commentCount\":0,\"publisher\":{\"@id\":\"https:\/\/vosgesinfo.fr\/remiremontinfo\/#organization\"},\"image\":{\"@id\":\"https:\/\/vosgesinfo.fr\/remiremontinfo\/2025\/02\/petite-plongee-vers-les-objets-du-quotidien-de-nos-anciens-et-ancetres\/#primaryimage\"},\"thumbnailUrl\":\"https:\/\/vosgesinfo.fr\/app\/uploads\/sites\/5\/2025\/02\/expo-biblio-raon-2.png\",\"keywords\":[\"biblioth\u00e8que de Raon aux bois\",\"La Maison du Patrimoine\"],\"articleSection\":[\"A la Une\",\"Agenda\",\"exposition\",\"Histoire\",\"Le Val-d'Ajol &amp; son canton\",\"Remiremont &amp; son canton\"],\"inLanguage\":\"fr-FR\",\"potentialAction\":[{\"@type\":\"CommentAction\",\"name\":\"Comment\",\"target\":[\"https:\/\/vosgesinfo.fr\/remiremontinfo\/2025\/02\/petite-plongee-vers-les-objets-du-quotidien-de-nos-anciens-et-ancetres\/#respond\"]}]},{\"@type\":\"WebPage\",\"@id\":\"https:\/\/vosgesinfo.fr\/remiremontinfo\/2025\/02\/petite-plongee-vers-les-objets-du-quotidien-de-nos-anciens-et-ancetres\/\",\"url\":\"https:\/\/vosgesinfo.fr\/remiremontinfo\/2025\/02\/petite-plongee-vers-les-objets-du-quotidien-de-nos-anciens-et-ancetres\/\",\"name\":\"Petite plong\u00e9e vers les objets du quotidien de nos anciens et anc\u00eatres. - Remiremont Info\",\"isPartOf\":{\"@id\":\"https:\/\/vosgesinfo.fr\/remiremontinfo\/#website\"},\"primaryImageOfPage\":{\"@id\":\"https:\/\/vosgesinfo.fr\/remiremontinfo\/2025\/02\/petite-plongee-vers-les-objets-du-quotidien-de-nos-anciens-et-ancetres\/#primaryimage\"},\"image\":{\"@id\":\"https:\/\/vosgesinfo.fr\/remiremontinfo\/2025\/02\/petite-plongee-vers-les-objets-du-quotidien-de-nos-anciens-et-ancetres\/#primaryimage\"},\"thumbnailUrl\":\"https:\/\/vosgesinfo.fr\/app\/uploads\/sites\/5\/2025\/02\/expo-biblio-raon-2.png\",\"datePublished\":\"2025-02-06T11:10:28+00:00\",\"dateModified\":\"2025-02-06T15:11:11+00:00\",\"breadcrumb\":{\"@id\":\"https:\/\/vosgesinfo.fr\/remiremontinfo\/2025\/02\/petite-plongee-vers-les-objets-du-quotidien-de-nos-anciens-et-ancetres\/#breadcrumb\"},\"inLanguage\":\"fr-FR\",\"potentialAction\":[{\"@type\":\"ReadAction\",\"target\":[\"https:\/\/vosgesinfo.fr\/remiremontinfo\/2025\/02\/petite-plongee-vers-les-objets-du-quotidien-de-nos-anciens-et-ancetres\/\"]}]},{\"@type\":\"ImageObject\",\"inLanguage\":\"fr-FR\",\"@id\":\"https:\/\/vosgesinfo.fr\/remiremontinfo\/2025\/02\/petite-plongee-vers-les-objets-du-quotidien-de-nos-anciens-et-ancetres\/#primaryimage\",\"url\":\"https:\/\/vosgesinfo.fr\/app\/uploads\/sites\/5\/2025\/02\/expo-biblio-raon-2.png\",\"contentUrl\":\"https:\/\/vosgesinfo.fr\/app\/uploads\/sites\/5\/2025\/02\/expo-biblio-raon-2.png\",\"width\":1199,\"height\":897,\"caption\":\"Le Maire de Raon- aux-bois, la Pr\u00e9sidente et les membres de l'association de la Maison du Patrimoine\"},{\"@type\":\"BreadcrumbList\",\"@id\":\"https:\/\/vosgesinfo.fr\/remiremontinfo\/2025\/02\/petite-plongee-vers-les-objets-du-quotidien-de-nos-anciens-et-ancetres\/#breadcrumb\",\"itemListElement\":[{\"@type\":\"ListItem\",\"position\":1,\"name\":\"Home\",\"item\":\"https:\/\/vosgesinfo.fr\/remiremontinfo\/\"},{\"@type\":\"ListItem\",\"position\":2,\"name\":\"Petite plong\u00e9e vers les objets du quotidien de nos anciens et anc\u00eatres.\"}]},{\"@type\":\"WebSite\",\"@id\":\"https:\/\/vosgesinfo.fr\/remiremontinfo\/#website\",\"url\":\"https:\/\/vosgesinfo.fr\/remiremontinfo\/\",\"name\":\"Remiremont Info\",\"description\":\"Toute l&#039;actualit\u00e9 de Remiremont\",\"publisher\":{\"@id\":\"https:\/\/vosgesinfo.fr\/remiremontinfo\/#organization\"},\"alternateName\":\"Toute l'actualit\u00e9 de Remiremont\",\"potentialAction\":[{\"@type\":\"SearchAction\",\"target\":{\"@type\":\"EntryPoint\",\"urlTemplate\":\"https:\/\/vosgesinfo.fr\/remiremontinfo\/?s={search_term_string}\"},\"query-input\":\"required name=search_term_string\"}],\"inLanguage\":\"fr-FR\"},{\"@type\":\"Organization\",\"@id\":\"https:\/\/vosgesinfo.fr\/remiremontinfo\/#organization\",\"name\":\"Remiremont Info\",\"url\":\"https:\/\/vosgesinfo.fr\/remiremontinfo\/\",\"logo\":{\"@type\":\"ImageObject\",\"inLanguage\":\"fr-FR\",\"@id\":\"https:\/\/vosgesinfo.fr\/remiremontinfo\/#\/schema\/logo\/image\/\",\"url\":\"https:\/\/vosgesinfo.fr\/app\/uploads\/sites\/5\/2023\/08\/favicon-remiremontinfo.png\",\"contentUrl\":\"https:\/\/vosgesinfo.fr\/app\/uploads\/sites\/5\/2023\/08\/favicon-remiremontinfo.png\",\"width\":512,\"height\":512,\"caption\":\"Remiremont Info\"},\"image\":{\"@id\":\"https:\/\/vosgesinfo.fr\/remiremontinfo\/#\/schema\/logo\/image\/\"},\"sameAs\":[\"https:\/\/www.facebook.com\/remiremontinfo\",\"https:\/\/x.com\/VosgesInfo88\",\"https:\/\/www.youtube.com\/@vosgesinfo\"]},{\"@type\":\"Person\",\"@id\":\"https:\/\/vosgesinfo.fr\/remiremontinfo\/#\/schema\/person\/a6fd2dde36da20be3679f2058b94c5b8\",\"name\":\"P.M\",\"image\":{\"@type\":\"ImageObject\",\"inLanguage\":\"fr-FR\",\"@id\":\"https:\/\/vosgesinfo.fr\/remiremontinfo\/#\/schema\/person\/image\/\",\"url\":\"https:\/\/secure.gravatar.com\/avatar\/db38f6ef38bb165f6f4d352563f264129673ed4536984fbbcddf700bd12f8a9a?s=96&d=mm&r=g\",\"contentUrl\":\"https:\/\/secure.gravatar.com\/avatar\/db38f6ef38bb165f6f4d352563f264129673ed4536984fbbcddf700bd12f8a9a?s=96&d=mm&r=g\",\"caption\":\"P.M\"},\"url\":\"https:\/\/vosgesinfo.fr\/remiremontinfo\/author\/p-mangel88\/\"}]}<\/script>\n<!-- \/ Yoast SEO plugin. -->","yoast_head_json":{"title":"Petite plong\u00e9e vers les objets du quotidien de nos anciens et anc\u00eatres. - Remiremont Info","robots":{"index":"index","follow":"follow","max-snippet":"max-snippet:-1","max-image-preview":"max-image-preview:large","max-video-preview":"max-video-preview:-1"},"canonical":"https:\/\/vosgesinfo.fr\/remiremontinfo\/2025\/02\/petite-plongee-vers-les-objets-du-quotidien-de-nos-anciens-et-ancetres\/","twitter_card":"summary_large_image","twitter_title":"Petite plong\u00e9e vers les objets du quotidien de nos anciens et anc\u00eatres. - Remiremont Info","twitter_description":"\u00c0 l\u2019initiative de Marie-Claire, l\u2019animatrice de la biblioth\u00e8que de Raon-aux-bois, et en collaboration avec la Maison du Patrimoine de Saint-Nabord, [&hellip;]","twitter_image":"https:\/\/vosgesinfo.fr\/app\/uploads\/sites\/5\/2025\/02\/expo-biblio-raon-2.png","twitter_creator":"@VosgesInfo88","twitter_site":"@VosgesInfo88","twitter_misc":{"\u00c9crit par":"P.M","Dur\u00e9e de lecture estim\u00e9e":"2 minutes"},"schema":{"@context":"https:\/\/schema.org","@graph":[{"@type":"Article","@id":"https:\/\/vosgesinfo.fr\/remiremontinfo\/2025\/02\/petite-plongee-vers-les-objets-du-quotidien-de-nos-anciens-et-ancetres\/#article","isPartOf":{"@id":"https:\/\/vosgesinfo.fr\/remiremontinfo\/2025\/02\/petite-plongee-vers-les-objets-du-quotidien-de-nos-anciens-et-ancetres\/"},"author":{"name":"P.M","@id":"https:\/\/vosgesinfo.fr\/remiremontinfo\/#\/schema\/person\/a6fd2dde36da20be3679f2058b94c5b8"},"headline":"Petite plong\u00e9e vers les objets du quotidien de nos anciens et anc\u00eatres.","datePublished":"2025-02-06T11:10:28+00:00","dateModified":"2025-02-06T15:11:11+00:00","mainEntityOfPage":{"@id":"https:\/\/vosgesinfo.fr\/remiremontinfo\/2025\/02\/petite-plongee-vers-les-objets-du-quotidien-de-nos-anciens-et-ancetres\/"},"wordCount":269,"commentCount":0,"publisher":{"@id":"https:\/\/vosgesinfo.fr\/remiremontinfo\/#organization"},"image":{"@id":"https:\/\/vosgesinfo.fr\/remiremontinfo\/2025\/02\/petite-plongee-vers-les-objets-du-quotidien-de-nos-anciens-et-ancetres\/#primaryimage"},"thumbnailUrl":"https:\/\/vosgesinfo.fr\/app\/uploads\/sites\/5\/2025\/02\/expo-biblio-raon-2.png","keywords":["biblioth\u00e8que de Raon aux bois","La Maison du Patrimoine"],"articleSection":["A la Une","Agenda","exposition","Histoire","Le Val-d'Ajol &amp; son canton","Remiremont &amp; son canton"],"inLanguage":"fr-FR","potentialAction":[{"@type":"CommentAction","name":"Comment","target":["https:\/\/vosgesinfo.fr\/remiremontinfo\/2025\/02\/petite-plongee-vers-les-objets-du-quotidien-de-nos-anciens-et-ancetres\/#respond"]}]},{"@type":"WebPage","@id":"https:\/\/vosgesinfo.fr\/remiremontinfo\/2025\/02\/petite-plongee-vers-les-objets-du-quotidien-de-nos-anciens-et-ancetres\/","url":"https:\/\/vosgesinfo.fr\/remiremontinfo\/2025\/02\/petite-plongee-vers-les-objets-du-quotidien-de-nos-anciens-et-ancetres\/","name":"Petite plong\u00e9e vers les objets du quotidien de nos anciens et anc\u00eatres. - Remiremont Info","isPartOf":{"@id":"https:\/\/vosgesinfo.fr\/remiremontinfo\/#website"},"primaryImageOfPage":{"@id":"https:\/\/vosgesinfo.fr\/remiremontinfo\/2025\/02\/petite-plongee-vers-les-objets-du-quotidien-de-nos-anciens-et-ancetres\/#primaryimage"},"image":{"@id":"https:\/\/vosgesinfo.fr\/remiremontinfo\/2025\/02\/petite-plongee-vers-les-objets-du-quotidien-de-nos-anciens-et-ancetres\/#primaryimage"},"thumbnailUrl":"https:\/\/vosgesinfo.fr\/app\/uploads\/sites\/5\/2025\/02\/expo-biblio-raon-2.png","datePublished":"2025-02-06T11:10:28+00:00","dateModified":"2025-02-06T15:11:11+00:00","breadcrumb":{"@id":"https:\/\/vosgesinfo.fr\/remiremontinfo\/2025\/02\/petite-plongee-vers-les-objets-du-quotidien-de-nos-anciens-et-ancetres\/#breadcrumb"},"inLanguage":"fr-FR","potentialAction":[{"@type":"ReadAction","target":["https:\/\/vosgesinfo.fr\/remiremontinfo\/2025\/02\/petite-plongee-vers-les-objets-du-quotidien-de-nos-anciens-et-ancetres\/"]}]},{"@type":"ImageObject","inLanguage":"fr-FR","@id":"https:\/\/vosgesinfo.fr\/remiremontinfo\/2025\/02\/petite-plongee-vers-les-objets-du-quotidien-de-nos-anciens-et-ancetres\/#primaryimage","url":"https:\/\/vosgesinfo.fr\/app\/uploads\/sites\/5\/2025\/02\/expo-biblio-raon-2.png","contentUrl":"https:\/\/vosgesinfo.fr\/app\/uploads\/sites\/5\/2025\/02\/expo-biblio-raon-2.png","width":1199,"height":897,"caption":"Le Maire de Raon- aux-bois, la Pr\u00e9sidente et les membres de l'association de la Maison du Patrimoine"},{"@type":"BreadcrumbList","@id":"https:\/\/vosgesinfo.fr\/remiremontinfo\/2025\/02\/petite-plongee-vers-les-objets-du-quotidien-de-nos-anciens-et-ancetres\/#breadcrumb","itemListElement":[{"@type":"ListItem","position":1,"name":"Home","item":"https:\/\/vosgesinfo.fr\/remiremontinfo\/"},{"@type":"ListItem","position":2,"name":"Petite plong\u00e9e vers les objets du quotidien de nos anciens et anc\u00eatres."}]},{"@type":"WebSite","@id":"https:\/\/vosgesinfo.fr\/remiremontinfo\/#website","url":"https:\/\/vosgesinfo.fr\/remiremontinfo\/","name":"Remiremont Info","description":"Toute l&#039;actualit\u00e9 de Remiremont","publisher":{"@id":"https:\/\/vosgesinfo.fr\/remiremontinfo\/#organization"},"alternateName":"Toute l'actualit\u00e9 de Remiremont","potentialAction":[{"@type":"SearchAction","target":{"@type":"EntryPoint","urlTemplate":"https:\/\/vosgesinfo.fr\/remiremontinfo\/?s={search_term_string}"},"query-input":"required name=search_term_string"}],"inLanguage":"fr-FR"},{"@type":"Organization","@id":"https:\/\/vosgesinfo.fr\/remiremontinfo\/#organization","name":"Remiremont Info","url":"https:\/\/vosgesinfo.fr\/remiremontinfo\/","logo":{"@type":"ImageObject","inLanguage":"fr-FR","@id":"https:\/\/vosgesinfo.fr\/remiremontinfo\/#\/schema\/logo\/image\/","url":"https:\/\/vosgesinfo.fr\/app\/uploads\/sites\/5\/2023\/08\/favicon-remiremontinfo.png","contentUrl":"https:\/\/vosgesinfo.fr\/app\/uploads\/sites\/5\/2023\/08\/favicon-remiremontinfo.png","width":512,"height":512,"caption":"Remiremont Info"},"image":{"@id":"https:\/\/vosgesinfo.fr\/remiremontinfo\/#\/schema\/logo\/image\/"},"sameAs":["https:\/\/www.facebook.com\/remiremontinfo","https:\/\/x.com\/VosgesInfo88","https:\/\/www.youtube.com\/@vosgesinfo"]},{"@type":"Person","@id":"https:\/\/vosgesinfo.fr\/remiremontinfo\/#\/schema\/person\/a6fd2dde36da20be3679f2058b94c5b8","name":"P.M","image":{"@type":"ImageObject","inLanguage":"fr-FR","@id":"https:\/\/vosgesinfo.fr\/remiremontinfo\/#\/schema\/person\/image\/","url":"https:\/\/secure.gravatar.com\/avatar\/db38f6ef38bb165f6f4d352563f264129673ed4536984fbbcddf700bd12f8a9a?s=96&d=mm&r=g","contentUrl":"https:\/\/secure.gravatar.com\/avatar\/db38f6ef38bb165f6f4d352563f264129673ed4536984fbbcddf700bd12f8a9a?s=96&d=mm&r=g","caption":"P.M"},"url":"https:\/\/vosgesinfo.fr\/remiremontinfo\/author\/p-mangel88\/"}]}},"_links":{"self":[{"href":"https:\/\/vosgesinfo.fr\/remiremontinfo\/wp-json\/wp\/v2\/posts\/78171","targetHints":{"allow":["GET"]}}],"collection":[{"href":"https:\/\/vosgesinfo.fr\/remiremontinfo\/wp-json\/wp\/v2\/posts"}],"about":[{"href":"https:\/\/vosgesinfo.fr\/remiremontinfo\/wp-json\/wp\/v2\/types\/post"}],"author":[{"embeddable":true,"href":"https:\/\/vosgesinfo.fr\/remiremontinfo\/wp-json\/wp\/v2\/users\/413"}],"replies":[{"embeddable":true,"href":"https:\/\/vosgesinfo.fr\/remiremontinfo\/wp-json\/wp\/v2\/comments?post=78171"}],"version-history":[{"count":4,"href":"https:\/\/vosgesinfo.fr\/remiremontinfo\/wp-json\/wp\/v2\/posts\/78171\/revisions"}],"predecessor-version":[{"id":78202,"href":"https:\/\/vosgesinfo.fr\/remiremontinfo\/wp-json\/wp\/v2\/posts\/78171\/revisions\/78202"}],"wp:featuredmedia":[{"embeddable":true,"href":"https:\/\/vosgesinfo.fr\/remiremontinfo\/wp-json\/wp\/v2\/media\/78172"}],"wp:attachment":[{"href":"https:\/\/vosgesinfo.fr\/remiremontinfo\/wp-json\/wp\/v2\/media?parent=78171"}],"wp:term":[{"taxonomy":"category","embeddable":true,"href":"https:\/\/vosgesinfo.fr\/remiremontinfo\/wp-json\/wp\/v2\/categories?post=78171"},{"taxonomy":"post_tag","embeddable":true,"href":"https:\/\/vosgesinfo.fr\/remiremontinfo\/wp-json\/wp\/v2\/tags?post=78171"}],"curies":[{"name":"wp","href":"https:\/\/api.w.org\/{rel}","templated":true}]}}