{"id":78178,"date":"2025-02-06T13:53:11","date_gmt":"2025-02-06T12:53:11","guid":{"rendered":"https:\/\/vosgesinfo.fr\/remiremontinfo\/?p=78178"},"modified":"2025-02-06T13:53:11","modified_gmt":"2025-02-06T12:53:11","slug":"pow-movie-night-x-caf-cornimont-une-soiree-de-films-pour-allier-passion-de-la-montagne-et-respect-de-lenvironnement","status":"publish","type":"post","link":"https:\/\/vosgesinfo.fr\/remiremontinfo\/2025\/02\/pow-movie-night-x-caf-cornimont-une-soiree-de-films-pour-allier-passion-de-la-montagne-et-respect-de-lenvironnement\/","title":{"rendered":"POW Movie Night x CAF Cornimont : Une soir\u00e9e de films pour allier passion de la montagne et respect de l\u2019environnement"},"content":{"rendered":"<p>Le Club Alpin Fran\u00e7ais de Cornimont et l&rsquo;association POW (Protect Our Winters), s&rsquo;associent pour proposer une soir\u00e9e de projection de films de montagne qui mettent en avant les performances locales et la mobilit\u00e9 douce ( ouvert \u00e0 tous).<\/p>\n<p dir=\"ltr\" style=\"text-align: center;\"><strong>POW Movie Night x CAF Cornimont<\/strong><\/p>\n<p dir=\"ltr\">Venez d\u00e9couvrir les trois films suivants :<\/p>\n<p dir=\"ltr\">&#8211; \u00ab A 8 848m de mes r\u00eaves \u00bb de Jules Dreyer (sponsoris\u00e9 par CUBE Bikes France).<\/p>\n<p dir=\"ltr\">\u00c0 seulement 20 ans, l&rsquo;enduriste alsacien Jules Dreyer, s&rsquo;est lanc\u00e9 dans un d\u00e9fi monumental : gravir l&rsquo;\u00e9quivalent du mont Everest, soit 8848 m\u00e8tres de d\u00e9nivel\u00e9 positif, en moins de 24 heures. Pour augmenter encore la difficult\u00e9 de cet exploit, il a s\u00e9lectionn\u00e9 quatre itin\u00e9raires aux profils bien diff\u00e9rents, au lieu d&#8217;emprunter le m\u00eame sentier pour optimiser son effort.<\/p>\n<p dir=\"ltr\">&#8211; \u00ab Traverses en Terre Berb\u00e8re \u00bb de Thomas Delfino.<\/p>\n<p dir=\"ltr\">Les snowboardeurs et skieurs de pente raide Thomas Delfino, Cody Cirillo et Mattew Tufts se lancent dans une travers\u00e9e du massif du M&rsquo;Goun, dans le Haut-Atlas Marocain. Entre pentes d\u00e9sertiques, vall\u00e9es richement irrigu\u00e9es et sommets enneig\u00e9s d\u00e9passant les 4000m d&rsquo;altitude, les trois amis tracent de nouvelles lignes, bivouaquent entre les gen\u00e9vriers et font l&rsquo;exp\u00e9rience de l&rsquo;hospitalit\u00e9 berb\u00e8re. Une aventure dans une r\u00e9gion o\u00f9 l&rsquo;arriv\u00e9e du tourisme transforme les traditions agricoles des habitants.<\/p>\n<p dir=\"ltr\">&#8211; \u00ab Conscience \u00bb de Ga\u00ebtan Gaudisset.<\/p>\n<p dir=\"ltr\">Comment continuer \u00e0 skier en r\u00e9duisant notre impact sur l&rsquo;environnement ? Voici la question que l&rsquo;on s&rsquo;est pos\u00e9e avec Tony Lamiche , Victor Galuchot et Liv Sansoz. \u00c0 force de r\u00e9flexions on a trouv\u00e9 des solutions qui nous paraissent pertinentes \u00e0 notre \u00e9chelle et on a voulu les partager. Tous ces changements ont impliqu\u00e9 des modifications dans notre quotidien et dans notre vie professionnelle, mais ils n&rsquo;ont pas d\u00e9grad\u00e9 notre mani\u00e8re de pratiquer la montagne. C&rsquo;est \u00e0 travers d&rsquo;incroyables descentes \u00e0 ski que l&rsquo;on vous partage nos valeurs, car s&rsquo;int\u00e9resser aux probl\u00e8mes est d\u00e9j\u00e0 une partie de la solution.<\/p>\n<p dir=\"ltr\"><a href=\"https:\/\/vosgesinfo.fr\/app\/uploads\/sites\/5\/2025\/02\/affiche-soiree-films-caf-pow.png\"><img decoding=\"async\" class=\"aligncenter size-large wp-image-78179\" src=\"https:\/\/vosgesinfo.fr\/app\/uploads\/sites\/5\/2025\/02\/affiche-soiree-films-caf-pow-724x1024.png\" alt=\"\" width=\"724\" height=\"1024\" srcset=\"https:\/\/vosgesinfo.fr\/app\/uploads\/sites\/5\/2025\/02\/affiche-soiree-films-caf-pow-724x1024.png 724w, https:\/\/vosgesinfo.fr\/app\/uploads\/sites\/5\/2025\/02\/affiche-soiree-films-caf-pow-212x300.png 212w, https:\/\/vosgesinfo.fr\/app\/uploads\/sites\/5\/2025\/02\/affiche-soiree-films-caf-pow-768x1086.png 768w, https:\/\/vosgesinfo.fr\/app\/uploads\/sites\/5\/2025\/02\/affiche-soiree-films-caf-pow-1086x1536.png 1086w, https:\/\/vosgesinfo.fr\/app\/uploads\/sites\/5\/2025\/02\/affiche-soiree-films-caf-pow.png 1414w\" sizes=\"(max-width: 724px) 100vw, 724px\" \/><\/a><\/p>\n","protected":false},"excerpt":{"rendered":"<p>Le Club Alpin Fran\u00e7ais de Cornimont et l&rsquo;association POW (Protect Our Winters), s&rsquo;associent pour proposer une soir\u00e9e de projection de [&hellip;]<\/p>\n","protected":false},"author":391,"featured_media":78179,"comment_status":"open","ping_status":"open","sticky":false,"template":"","format":"standard","meta":{"footnotes":""},"categories":[26,594,6676,169,1547,104,43],"tags":[7138,7137],"class_list":["post-78178","post","type-post","status-publish","format-standard","has-post-thumbnail","hentry","category-a-la-une","category-agenda","category-cinema","category-ecologie","category-gerardmer-2","category-la-bresse-la-bresse-son-canton","category-remiremont-remiremont-son-canton","tag-caf-cornimont","tag-pow-movie-night"],"acf":[],"yoast_head":"<!-- This site is optimized with the Yoast SEO plugin v22.5 - https:\/\/yoast.com\/wordpress\/plugins\/seo\/ -->\n<title>POW Movie Night x CAF Cornimont : Une soir\u00e9e de films pour allier passion de la montagne et respect de l\u2019environnement - Remiremont Info<\/title>\n<meta name=\"robots\" content=\"index, follow, max-snippet:-1, max-image-preview:large, max-video-preview:-1\" \/>\n<link rel=\"canonical\" href=\"https:\/\/vosgesinfo.fr\/remiremontinfo\/?p=78178\" \/>\n<meta name=\"twitter:card\" content=\"summary_large_image\" \/>\n<meta name=\"twitter:title\" content=\"POW Movie Night x CAF Cornimont : Une soir\u00e9e de films pour allier passion de la montagne et respect de l\u2019environnement - Remiremont Info\" \/>\n<meta name=\"twitter:description\" content=\"Le Club Alpin Fran\u00e7ais de Cornimont et l&rsquo;association POW (Protect Our Winters), s&rsquo;associent pour proposer une soir\u00e9e de projection de [&hellip;]\" \/>\n<meta name=\"twitter:image\" content=\"https:\/\/vosgesinfo.fr\/app\/uploads\/sites\/5\/2025\/02\/affiche-soiree-films-caf-pow-724x1024.png\" \/>\n<meta name=\"twitter:creator\" content=\"@VosgesInfo88\" \/>\n<meta name=\"twitter:site\" content=\"@VosgesInfo88\" \/>\n<meta name=\"twitter:label1\" content=\"\u00c9crit par\" \/>\n\t<meta name=\"twitter:data1\" content=\"La redaction\" \/>\n\t<meta name=\"twitter:label2\" content=\"Dur\u00e9e de lecture estim\u00e9e\" \/>\n\t<meta name=\"twitter:data2\" content=\"2 minutes\" \/>\n<script type=\"application\/ld+json\" class=\"yoast-schema-graph\">{\"@context\":\"https:\/\/schema.org\",\"@graph\":[{\"@type\":\"Article\",\"@id\":\"https:\/\/vosgesinfo.fr\/remiremontinfo\/?p=78178#article\",\"isPartOf\":{\"@id\":\"https:\/\/vosgesinfo.fr\/remiremontinfo\/?p=78178\"},\"author\":{\"name\":\"La redaction\",\"@id\":\"https:\/\/vosgesinfo.fr\/remiremontinfo\/#\/schema\/person\/27a3695b06db98895b354c0765cdfc31\"},\"headline\":\"POW Movie Night x CAF Cornimont : Une soir\u00e9e de films pour allier passion de la montagne et respect de l\u2019environnement\",\"datePublished\":\"2025-02-06T12:53:11+00:00\",\"dateModified\":\"2025-02-06T12:53:11+00:00\",\"mainEntityOfPage\":{\"@id\":\"https:\/\/vosgesinfo.fr\/remiremontinfo\/?p=78178\"},\"wordCount\":365,\"commentCount\":0,\"publisher\":{\"@id\":\"https:\/\/vosgesinfo.fr\/remiremontinfo\/#organization\"},\"image\":{\"@id\":\"https:\/\/vosgesinfo.fr\/remiremontinfo\/?p=78178#primaryimage\"},\"thumbnailUrl\":\"https:\/\/vosgesinfo.fr\/app\/uploads\/sites\/5\/2025\/02\/affiche-soiree-films-caf-pow.png\",\"keywords\":[\"CAF Cornimont\",\"POW Movie Night\"],\"articleSection\":[\"A la Une\",\"Agenda\",\"cin\u00e9ma\",\"Ecologie\",\"Gerardmer\",\"La Bresse\",\"Remiremont\"],\"inLanguage\":\"fr-FR\",\"potentialAction\":[{\"@type\":\"CommentAction\",\"name\":\"Comment\",\"target\":[\"https:\/\/vosgesinfo.fr\/remiremontinfo\/?p=78178#respond\"]}]},{\"@type\":\"WebPage\",\"@id\":\"https:\/\/vosgesinfo.fr\/remiremontinfo\/?p=78178\",\"url\":\"https:\/\/vosgesinfo.fr\/remiremontinfo\/?p=78178\",\"name\":\"POW Movie Night x CAF Cornimont : Une soir\u00e9e de films pour allier passion de la montagne et respect de l\u2019environnement - Remiremont Info\",\"isPartOf\":{\"@id\":\"https:\/\/vosgesinfo.fr\/remiremontinfo\/#website\"},\"primaryImageOfPage\":{\"@id\":\"https:\/\/vosgesinfo.fr\/remiremontinfo\/?p=78178#primaryimage\"},\"image\":{\"@id\":\"https:\/\/vosgesinfo.fr\/remiremontinfo\/?p=78178#primaryimage\"},\"thumbnailUrl\":\"https:\/\/vosgesinfo.fr\/app\/uploads\/sites\/5\/2025\/02\/affiche-soiree-films-caf-pow.png\",\"datePublished\":\"2025-02-06T12:53:11+00:00\",\"dateModified\":\"2025-02-06T12:53:11+00:00\",\"breadcrumb\":{\"@id\":\"https:\/\/vosgesinfo.fr\/remiremontinfo\/?p=78178#breadcrumb\"},\"inLanguage\":\"fr-FR\",\"potentialAction\":[{\"@type\":\"ReadAction\",\"target\":[\"https:\/\/vosgesinfo.fr\/remiremontinfo\/?p=78178\"]}]},{\"@type\":\"ImageObject\",\"inLanguage\":\"fr-FR\",\"@id\":\"https:\/\/vosgesinfo.fr\/remiremontinfo\/?p=78178#primaryimage\",\"url\":\"https:\/\/vosgesinfo.fr\/app\/uploads\/sites\/5\/2025\/02\/affiche-soiree-films-caf-pow.png\",\"contentUrl\":\"https:\/\/vosgesinfo.fr\/app\/uploads\/sites\/5\/2025\/02\/affiche-soiree-films-caf-pow.png\",\"width\":1414,\"height\":2000},{\"@type\":\"BreadcrumbList\",\"@id\":\"https:\/\/vosgesinfo.fr\/remiremontinfo\/?p=78178#breadcrumb\",\"itemListElement\":[{\"@type\":\"ListItem\",\"position\":1,\"name\":\"Home\",\"item\":\"https:\/\/vosgesinfo.fr\/remiremontinfo\/\"},{\"@type\":\"ListItem\",\"position\":2,\"name\":\"POW Movie Night x CAF Cornimont : Une soir\u00e9e de films pour allier passion de la montagne et respect de l\u2019environnement\"}]},{\"@type\":\"WebSite\",\"@id\":\"https:\/\/vosgesinfo.fr\/remiremontinfo\/#website\",\"url\":\"https:\/\/vosgesinfo.fr\/remiremontinfo\/\",\"name\":\"Remiremont Info\",\"description\":\"Toute l&#039;actualit\u00e9 de Remiremont\",\"publisher\":{\"@id\":\"https:\/\/vosgesinfo.fr\/remiremontinfo\/#organization\"},\"alternateName\":\"Toute l'actualit\u00e9 de Remiremont\",\"potentialAction\":[{\"@type\":\"SearchAction\",\"target\":{\"@type\":\"EntryPoint\",\"urlTemplate\":\"https:\/\/vosgesinfo.fr\/remiremontinfo\/?s={search_term_string}\"},\"query-input\":\"required name=search_term_string\"}],\"inLanguage\":\"fr-FR\"},{\"@type\":\"Organization\",\"@id\":\"https:\/\/vosgesinfo.fr\/remiremontinfo\/#organization\",\"name\":\"Remiremont Info\",\"url\":\"https:\/\/vosgesinfo.fr\/remiremontinfo\/\",\"logo\":{\"@type\":\"ImageObject\",\"inLanguage\":\"fr-FR\",\"@id\":\"https:\/\/vosgesinfo.fr\/remiremontinfo\/#\/schema\/logo\/image\/\",\"url\":\"https:\/\/vosgesinfo.fr\/app\/uploads\/sites\/5\/2023\/08\/favicon-remiremontinfo.png\",\"contentUrl\":\"https:\/\/vosgesinfo.fr\/app\/uploads\/sites\/5\/2023\/08\/favicon-remiremontinfo.png\",\"width\":512,\"height\":512,\"caption\":\"Remiremont Info\"},\"image\":{\"@id\":\"https:\/\/vosgesinfo.fr\/remiremontinfo\/#\/schema\/logo\/image\/\"},\"sameAs\":[\"https:\/\/www.facebook.com\/remiremontinfo\",\"https:\/\/x.com\/VosgesInfo88\",\"https:\/\/www.youtube.com\/@vosgesinfo\"]},{\"@type\":\"Person\",\"@id\":\"https:\/\/vosgesinfo.fr\/remiremontinfo\/#\/schema\/person\/27a3695b06db98895b354c0765cdfc31\",\"name\":\"La redaction\",\"image\":{\"@type\":\"ImageObject\",\"inLanguage\":\"fr-FR\",\"@id\":\"https:\/\/vosgesinfo.fr\/remiremontinfo\/#\/schema\/person\/image\/\",\"url\":\"https:\/\/secure.gravatar.com\/avatar\/64c76a78e501cedee55736f43f332df901e1896ae9cd8fad269ae2236dd0e8b6?s=96&d=mm&r=g\",\"contentUrl\":\"https:\/\/secure.gravatar.com\/avatar\/64c76a78e501cedee55736f43f332df901e1896ae9cd8fad269ae2236dd0e8b6?s=96&d=mm&r=g\",\"caption\":\"La redaction\"},\"url\":\"https:\/\/vosgesinfo.fr\/remiremontinfo\/author\/la-redaction\/\"}]}<\/script>\n<!-- \/ Yoast SEO plugin. -->","yoast_head_json":{"title":"POW Movie Night x CAF Cornimont : Une soir\u00e9e de films pour allier passion de la montagne et respect de l\u2019environnement - Remiremont Info","robots":{"index":"index","follow":"follow","max-snippet":"max-snippet:-1","max-image-preview":"max-image-preview:large","max-video-preview":"max-video-preview:-1"},"canonical":"https:\/\/vosgesinfo.fr\/remiremontinfo\/?p=78178","twitter_card":"summary_large_image","twitter_title":"POW Movie Night x CAF Cornimont : Une soir\u00e9e de films pour allier passion de la montagne et respect de l\u2019environnement - Remiremont Info","twitter_description":"Le Club Alpin Fran\u00e7ais de Cornimont et l&rsquo;association POW (Protect Our Winters), s&rsquo;associent pour proposer une soir\u00e9e de projection de [&hellip;]","twitter_image":"https:\/\/vosgesinfo.fr\/app\/uploads\/sites\/5\/2025\/02\/affiche-soiree-films-caf-pow-724x1024.png","twitter_creator":"@VosgesInfo88","twitter_site":"@VosgesInfo88","twitter_misc":{"\u00c9crit par":"La redaction","Dur\u00e9e de lecture estim\u00e9e":"2 minutes"},"schema":{"@context":"https:\/\/schema.org","@graph":[{"@type":"Article","@id":"https:\/\/vosgesinfo.fr\/remiremontinfo\/?p=78178#article","isPartOf":{"@id":"https:\/\/vosgesinfo.fr\/remiremontinfo\/?p=78178"},"author":{"name":"La redaction","@id":"https:\/\/vosgesinfo.fr\/remiremontinfo\/#\/schema\/person\/27a3695b06db98895b354c0765cdfc31"},"headline":"POW Movie Night x CAF Cornimont : Une soir\u00e9e de films pour allier passion de la montagne et respect de l\u2019environnement","datePublished":"2025-02-06T12:53:11+00:00","dateModified":"2025-02-06T12:53:11+00:00","mainEntityOfPage":{"@id":"https:\/\/vosgesinfo.fr\/remiremontinfo\/?p=78178"},"wordCount":365,"commentCount":0,"publisher":{"@id":"https:\/\/vosgesinfo.fr\/remiremontinfo\/#organization"},"image":{"@id":"https:\/\/vosgesinfo.fr\/remiremontinfo\/?p=78178#primaryimage"},"thumbnailUrl":"https:\/\/vosgesinfo.fr\/app\/uploads\/sites\/5\/2025\/02\/affiche-soiree-films-caf-pow.png","keywords":["CAF Cornimont","POW Movie Night"],"articleSection":["A la Une","Agenda","cin\u00e9ma","Ecologie","Gerardmer","La Bresse","Remiremont"],"inLanguage":"fr-FR","potentialAction":[{"@type":"CommentAction","name":"Comment","target":["https:\/\/vosgesinfo.fr\/remiremontinfo\/?p=78178#respond"]}]},{"@type":"WebPage","@id":"https:\/\/vosgesinfo.fr\/remiremontinfo\/?p=78178","url":"https:\/\/vosgesinfo.fr\/remiremontinfo\/?p=78178","name":"POW Movie Night x CAF Cornimont : Une soir\u00e9e de films pour allier passion de la montagne et respect de l\u2019environnement - Remiremont Info","isPartOf":{"@id":"https:\/\/vosgesinfo.fr\/remiremontinfo\/#website"},"primaryImageOfPage":{"@id":"https:\/\/vosgesinfo.fr\/remiremontinfo\/?p=78178#primaryimage"},"image":{"@id":"https:\/\/vosgesinfo.fr\/remiremontinfo\/?p=78178#primaryimage"},"thumbnailUrl":"https:\/\/vosgesinfo.fr\/app\/uploads\/sites\/5\/2025\/02\/affiche-soiree-films-caf-pow.png","datePublished":"2025-02-06T12:53:11+00:00","dateModified":"2025-02-06T12:53:11+00:00","breadcrumb":{"@id":"https:\/\/vosgesinfo.fr\/remiremontinfo\/?p=78178#breadcrumb"},"inLanguage":"fr-FR","potentialAction":[{"@type":"ReadAction","target":["https:\/\/vosgesinfo.fr\/remiremontinfo\/?p=78178"]}]},{"@type":"ImageObject","inLanguage":"fr-FR","@id":"https:\/\/vosgesinfo.fr\/remiremontinfo\/?p=78178#primaryimage","url":"https:\/\/vosgesinfo.fr\/app\/uploads\/sites\/5\/2025\/02\/affiche-soiree-films-caf-pow.png","contentUrl":"https:\/\/vosgesinfo.fr\/app\/uploads\/sites\/5\/2025\/02\/affiche-soiree-films-caf-pow.png","width":1414,"height":2000},{"@type":"BreadcrumbList","@id":"https:\/\/vosgesinfo.fr\/remiremontinfo\/?p=78178#breadcrumb","itemListElement":[{"@type":"ListItem","position":1,"name":"Home","item":"https:\/\/vosgesinfo.fr\/remiremontinfo\/"},{"@type":"ListItem","position":2,"name":"POW Movie Night x CAF Cornimont : Une soir\u00e9e de films pour allier passion de la montagne et respect de l\u2019environnement"}]},{"@type":"WebSite","@id":"https:\/\/vosgesinfo.fr\/remiremontinfo\/#website","url":"https:\/\/vosgesinfo.fr\/remiremontinfo\/","name":"Remiremont Info","description":"Toute l&#039;actualit\u00e9 de Remiremont","publisher":{"@id":"https:\/\/vosgesinfo.fr\/remiremontinfo\/#organization"},"alternateName":"Toute l'actualit\u00e9 de Remiremont","potentialAction":[{"@type":"SearchAction","target":{"@type":"EntryPoint","urlTemplate":"https:\/\/vosgesinfo.fr\/remiremontinfo\/?s={search_term_string}"},"query-input":"required name=search_term_string"}],"inLanguage":"fr-FR"},{"@type":"Organization","@id":"https:\/\/vosgesinfo.fr\/remiremontinfo\/#organization","name":"Remiremont Info","url":"https:\/\/vosgesinfo.fr\/remiremontinfo\/","logo":{"@type":"ImageObject","inLanguage":"fr-FR","@id":"https:\/\/vosgesinfo.fr\/remiremontinfo\/#\/schema\/logo\/image\/","url":"https:\/\/vosgesinfo.fr\/app\/uploads\/sites\/5\/2023\/08\/favicon-remiremontinfo.png","contentUrl":"https:\/\/vosgesinfo.fr\/app\/uploads\/sites\/5\/2023\/08\/favicon-remiremontinfo.png","width":512,"height":512,"caption":"Remiremont Info"},"image":{"@id":"https:\/\/vosgesinfo.fr\/remiremontinfo\/#\/schema\/logo\/image\/"},"sameAs":["https:\/\/www.facebook.com\/remiremontinfo","https:\/\/x.com\/VosgesInfo88","https:\/\/www.youtube.com\/@vosgesinfo"]},{"@type":"Person","@id":"https:\/\/vosgesinfo.fr\/remiremontinfo\/#\/schema\/person\/27a3695b06db98895b354c0765cdfc31","name":"La redaction","image":{"@type":"ImageObject","inLanguage":"fr-FR","@id":"https:\/\/vosgesinfo.fr\/remiremontinfo\/#\/schema\/person\/image\/","url":"https:\/\/secure.gravatar.com\/avatar\/64c76a78e501cedee55736f43f332df901e1896ae9cd8fad269ae2236dd0e8b6?s=96&d=mm&r=g","contentUrl":"https:\/\/secure.gravatar.com\/avatar\/64c76a78e501cedee55736f43f332df901e1896ae9cd8fad269ae2236dd0e8b6?s=96&d=mm&r=g","caption":"La redaction"},"url":"https:\/\/vosgesinfo.fr\/remiremontinfo\/author\/la-redaction\/"}]}},"_links":{"self":[{"href":"https:\/\/vosgesinfo.fr\/remiremontinfo\/wp-json\/wp\/v2\/posts\/78178","targetHints":{"allow":["GET"]}}],"collection":[{"href":"https:\/\/vosgesinfo.fr\/remiremontinfo\/wp-json\/wp\/v2\/posts"}],"about":[{"href":"https:\/\/vosgesinfo.fr\/remiremontinfo\/wp-json\/wp\/v2\/types\/post"}],"author":[{"embeddable":true,"href":"https:\/\/vosgesinfo.fr\/remiremontinfo\/wp-json\/wp\/v2\/users\/391"}],"replies":[{"embeddable":true,"href":"https:\/\/vosgesinfo.fr\/remiremontinfo\/wp-json\/wp\/v2\/comments?post=78178"}],"version-history":[{"count":1,"href":"https:\/\/vosgesinfo.fr\/remiremontinfo\/wp-json\/wp\/v2\/posts\/78178\/revisions"}],"predecessor-version":[{"id":78180,"href":"https:\/\/vosgesinfo.fr\/remiremontinfo\/wp-json\/wp\/v2\/posts\/78178\/revisions\/78180"}],"wp:featuredmedia":[{"embeddable":true,"href":"https:\/\/vosgesinfo.fr\/remiremontinfo\/wp-json\/wp\/v2\/media\/78179"}],"wp:attachment":[{"href":"https:\/\/vosgesinfo.fr\/remiremontinfo\/wp-json\/wp\/v2\/media?parent=78178"}],"wp:term":[{"taxonomy":"category","embeddable":true,"href":"https:\/\/vosgesinfo.fr\/remiremontinfo\/wp-json\/wp\/v2\/categories?post=78178"},{"taxonomy":"post_tag","embeddable":true,"href":"https:\/\/vosgesinfo.fr\/remiremontinfo\/wp-json\/wp\/v2\/tags?post=78178"}],"curies":[{"name":"wp","href":"https:\/\/api.w.org\/{rel}","templated":true}]}}