{"id":7835,"date":"2024-07-13T15:42:22","date_gmt":"2024-07-13T13:42:22","guid":{"rendered":"https:\/\/vosgesinfo.fr\/remiremontinfo\/?p=7835"},"modified":"2024-07-13T15:42:22","modified_gmt":"2024-07-13T13:42:22","slug":"slava-ukraini-un-concert-de-solidarite-le-15-juillet","status":"publish","type":"post","link":"https:\/\/vosgesinfo.fr\/remiremontinfo\/2024\/07\/slava-ukraini-un-concert-de-solidarite-le-15-juillet\/","title":{"rendered":"Slava Ukra\u00efni, un concert de solidarit\u00e9 le 15 juillet"},"content":{"rendered":"<div id=\"attachment_7842\" style=\"width: 1034px\" class=\"wp-caption aligncenter\"><img decoding=\"async\" aria-describedby=\"caption-attachment-7842\" class=\"wp-image-7842 size-large\" src=\"https:\/\/vosgesinfo.fr\/app\/uploads\/sites\/5\/2024\/07\/slava-ukraini-2024-photo-michel-conraud-32-1-1024x683.jpg\" alt=\"\" width=\"1024\" height=\"683\" srcset=\"https:\/\/vosgesinfo.fr\/app\/uploads\/sites\/5\/2024\/07\/slava-ukraini-2024-photo-michel-conraud-32-1-1024x683.jpg 1024w, https:\/\/vosgesinfo.fr\/app\/uploads\/sites\/5\/2024\/07\/slava-ukraini-2024-photo-michel-conraud-32-1-300x200.jpg 300w, https:\/\/vosgesinfo.fr\/app\/uploads\/sites\/5\/2024\/07\/slava-ukraini-2024-photo-michel-conraud-32-1-768x512.jpg 768w, https:\/\/vosgesinfo.fr\/app\/uploads\/sites\/5\/2024\/07\/slava-ukraini-2024-photo-michel-conraud-32-1-1536x1024.jpg 1536w, https:\/\/vosgesinfo.fr\/app\/uploads\/sites\/5\/2024\/07\/slava-ukraini-2024-photo-michel-conraud-32-1.jpg 1920w\" sizes=\"(max-width: 1024px) 100vw, 1024px\" \/><p id=\"caption-attachment-7842\" class=\"wp-caption-text\">Photographie : M. Conraud \/ Association Liouba Lorr&rsquo;Ukraine<\/p><\/div>\n<p>&nbsp;<\/p>\n<p><strong>Le concert Slava Ukra\u00efni organis\u00e9 par la ville de Remiremont et l&rsquo;association Liouba Lorr\u2019Ukraine se tiendra lundi 15 juillet \u00e0 20h30 au Centre Culturel, pour venir en aide aux victimes de la guerre en Ukraine.\u00a0<\/strong><\/p>\n<div>\n<div>C&rsquo;est un concert de solidarit\u00e9 exceptionnel avec la participation de jeunes artistes ayant v\u00e9cu les privations, les bombardements et la guerre.<\/div>\n<div>Ces jeunes se sont entrain\u00e9s pendant plusieurs mois malgr\u00e9 les coupures d\u2019\u00e9lectricit\u00e9 avec l\u2019envie de venir en France. Ils auront \u00e0 c\u0153ur de montrer leur talent.<\/div>\n<div>Danses traditionnelles, folklore et exploits acrobatiques seront au programme. Pour que le spectacle soit complet, les danseurs seront accompagn\u00e9s par de jeunes prodiges du conservatoire de Chernihiv.<\/div>\n<div>Le spectacle est d&rsquo;entr\u00e9e libre. Les dons collect\u00e9s lors du concert serviront \u00e0 venir en aide aux victimes de la guerre.<\/div>\n<div dir=\"auto\">Deux fois par mois, l&rsquo;association envoie du mat\u00e9riel m\u00e9dical dans les h\u00f4pitaux d&rsquo;enfants du nord de l&rsquo;Ukraine.<\/div>\n<div dir=\"auto\">Les habitants de Remiremont et environs peuvent apporter leurs dons (mat\u00e9riel m\u00e9dical, produits alimentaires pour b\u00e9b\u00e9s, hygi\u00e8ne infantile, v\u00eatements enfants de moins de 10 ans) \u00e0 la maison de retraite du Ch\u00e2telet (lieu de collecte pour l&rsquo;association).<\/div>\n<div>En vous remerciant par avance pour votre aide.<\/div>\n<div><\/div>\n<div><\/div>\n<\/div>\n<div><img decoding=\"async\" class=\"aligncenter size-large wp-image-7843\" src=\"https:\/\/vosgesinfo.fr\/app\/uploads\/sites\/5\/2024\/07\/affiche-2024-remiremont-a3-light-724x1024.jpg\" alt=\"\" width=\"724\" height=\"1024\" srcset=\"https:\/\/vosgesinfo.fr\/app\/uploads\/sites\/5\/2024\/07\/affiche-2024-remiremont-a3-light-724x1024.jpg 724w, https:\/\/vosgesinfo.fr\/app\/uploads\/sites\/5\/2024\/07\/affiche-2024-remiremont-a3-light-212x300.jpg 212w, https:\/\/vosgesinfo.fr\/app\/uploads\/sites\/5\/2024\/07\/affiche-2024-remiremont-a3-light-768x1086.jpg 768w, https:\/\/vosgesinfo.fr\/app\/uploads\/sites\/5\/2024\/07\/affiche-2024-remiremont-a3-light-1086x1536.jpg 1086w, https:\/\/vosgesinfo.fr\/app\/uploads\/sites\/5\/2024\/07\/affiche-2024-remiremont-a3-light-1448x2048.jpg 1448w, https:\/\/vosgesinfo.fr\/app\/uploads\/sites\/5\/2024\/07\/affiche-2024-remiremont-a3-light-scaled.jpg 1810w\" sizes=\"(max-width: 724px) 100vw, 724px\" \/><\/div>\n","protected":false},"excerpt":{"rendered":"<p>&nbsp; Le concert Slava Ukra\u00efni organis\u00e9 par la ville de Remiremont et l&rsquo;association Liouba Lorr\u2019Ukraine se tiendra lundi 15 juillet [&hellip;]<\/p>\n","protected":false},"author":391,"featured_media":7843,"comment_status":"open","ping_status":"open","sticky":false,"template":"","format":"standard","meta":{"footnotes":""},"categories":[26,43,60],"tags":[1271,1269,44,1270],"class_list":["post-7835","post","type-post","status-publish","format-standard","has-post-thumbnail","hentry","category-a-la-une","category-remiremont-remiremont-son-canton","category-solidarite","tag-concert-de-solidarite","tag-liouba-lorrukraine","tag-remiremont","tag-slava-ukraini"],"acf":[],"yoast_head":"<!-- This site is optimized with the Yoast SEO plugin v22.5 - https:\/\/yoast.com\/wordpress\/plugins\/seo\/ -->\n<title>Slava Ukra\u00efni, un concert de solidarit\u00e9 le 15 juillet - Remiremont Info<\/title>\n<meta name=\"robots\" content=\"index, follow, max-snippet:-1, max-image-preview:large, max-video-preview:-1\" \/>\n<link rel=\"canonical\" href=\"https:\/\/vosgesinfo.fr\/remiremontinfo\/2024\/07\/slava-ukraini-un-concert-de-solidarite-le-15-juillet\/\" \/>\n<meta name=\"twitter:card\" content=\"summary_large_image\" \/>\n<meta name=\"twitter:title\" content=\"Slava Ukra\u00efni, un concert de solidarit\u00e9 le 15 juillet - Remiremont Info\" \/>\n<meta name=\"twitter:description\" content=\"&nbsp; Le concert Slava Ukra\u00efni organis\u00e9 par la ville de Remiremont et l&rsquo;association Liouba Lorr\u2019Ukraine se tiendra lundi 15 juillet [&hellip;]\" \/>\n<meta name=\"twitter:image\" content=\"https:\/\/vosgesinfo.fr\/app\/uploads\/sites\/5\/2024\/07\/affiche-2024-remiremont-a3-light-scaled.jpg\" \/>\n<meta name=\"twitter:creator\" content=\"@VosgesInfo88\" \/>\n<meta name=\"twitter:site\" content=\"@VosgesInfo88\" \/>\n<meta name=\"twitter:label1\" content=\"\u00c9crit par\" \/>\n\t<meta name=\"twitter:data1\" content=\"La redaction\" \/>\n\t<meta name=\"twitter:label2\" content=\"Dur\u00e9e de lecture estim\u00e9e\" \/>\n\t<meta name=\"twitter:data2\" content=\"2 minutes\" \/>\n<script type=\"application\/ld+json\" class=\"yoast-schema-graph\">{\"@context\":\"https:\/\/schema.org\",\"@graph\":[{\"@type\":\"Article\",\"@id\":\"https:\/\/vosgesinfo.fr\/remiremontinfo\/2024\/07\/slava-ukraini-un-concert-de-solidarite-le-15-juillet\/#article\",\"isPartOf\":{\"@id\":\"https:\/\/vosgesinfo.fr\/remiremontinfo\/2024\/07\/slava-ukraini-un-concert-de-solidarite-le-15-juillet\/\"},\"author\":{\"name\":\"La redaction\",\"@id\":\"https:\/\/vosgesinfo.fr\/remiremontinfo\/#\/schema\/person\/27a3695b06db98895b354c0765cdfc31\"},\"headline\":\"Slava Ukra\u00efni, un concert de solidarit\u00e9 le 15 juillet\",\"datePublished\":\"2024-07-13T13:42:22+00:00\",\"dateModified\":\"2024-07-13T13:42:22+00:00\",\"mainEntityOfPage\":{\"@id\":\"https:\/\/vosgesinfo.fr\/remiremontinfo\/2024\/07\/slava-ukraini-un-concert-de-solidarite-le-15-juillet\/\"},\"wordCount\":237,\"commentCount\":0,\"publisher\":{\"@id\":\"https:\/\/vosgesinfo.fr\/remiremontinfo\/#organization\"},\"image\":{\"@id\":\"https:\/\/vosgesinfo.fr\/remiremontinfo\/2024\/07\/slava-ukraini-un-concert-de-solidarite-le-15-juillet\/#primaryimage\"},\"thumbnailUrl\":\"https:\/\/vosgesinfo.fr\/app\/uploads\/sites\/5\/2024\/07\/affiche-2024-remiremont-a3-light-scaled.jpg\",\"keywords\":[\"Concert de solidarit\u00e9\",\"Liouba Lorr'Ukraine\",\"remiremont\",\"Slava Ukraini\"],\"articleSection\":[\"A la Une\",\"Remiremont\",\"Solidarit\u00e9\"],\"inLanguage\":\"fr-FR\",\"potentialAction\":[{\"@type\":\"CommentAction\",\"name\":\"Comment\",\"target\":[\"https:\/\/vosgesinfo.fr\/remiremontinfo\/2024\/07\/slava-ukraini-un-concert-de-solidarite-le-15-juillet\/#respond\"]}]},{\"@type\":\"WebPage\",\"@id\":\"https:\/\/vosgesinfo.fr\/remiremontinfo\/2024\/07\/slava-ukraini-un-concert-de-solidarite-le-15-juillet\/\",\"url\":\"https:\/\/vosgesinfo.fr\/remiremontinfo\/2024\/07\/slava-ukraini-un-concert-de-solidarite-le-15-juillet\/\",\"name\":\"Slava Ukra\u00efni, un concert de solidarit\u00e9 le 15 juillet - Remiremont Info\",\"isPartOf\":{\"@id\":\"https:\/\/vosgesinfo.fr\/remiremontinfo\/#website\"},\"primaryImageOfPage\":{\"@id\":\"https:\/\/vosgesinfo.fr\/remiremontinfo\/2024\/07\/slava-ukraini-un-concert-de-solidarite-le-15-juillet\/#primaryimage\"},\"image\":{\"@id\":\"https:\/\/vosgesinfo.fr\/remiremontinfo\/2024\/07\/slava-ukraini-un-concert-de-solidarite-le-15-juillet\/#primaryimage\"},\"thumbnailUrl\":\"https:\/\/vosgesinfo.fr\/app\/uploads\/sites\/5\/2024\/07\/affiche-2024-remiremont-a3-light-scaled.jpg\",\"datePublished\":\"2024-07-13T13:42:22+00:00\",\"dateModified\":\"2024-07-13T13:42:22+00:00\",\"breadcrumb\":{\"@id\":\"https:\/\/vosgesinfo.fr\/remiremontinfo\/2024\/07\/slava-ukraini-un-concert-de-solidarite-le-15-juillet\/#breadcrumb\"},\"inLanguage\":\"fr-FR\",\"potentialAction\":[{\"@type\":\"ReadAction\",\"target\":[\"https:\/\/vosgesinfo.fr\/remiremontinfo\/2024\/07\/slava-ukraini-un-concert-de-solidarite-le-15-juillet\/\"]}]},{\"@type\":\"ImageObject\",\"inLanguage\":\"fr-FR\",\"@id\":\"https:\/\/vosgesinfo.fr\/remiremontinfo\/2024\/07\/slava-ukraini-un-concert-de-solidarite-le-15-juillet\/#primaryimage\",\"url\":\"https:\/\/vosgesinfo.fr\/app\/uploads\/sites\/5\/2024\/07\/affiche-2024-remiremont-a3-light-scaled.jpg\",\"contentUrl\":\"https:\/\/vosgesinfo.fr\/app\/uploads\/sites\/5\/2024\/07\/affiche-2024-remiremont-a3-light-scaled.jpg\",\"width\":1810,\"height\":2560},{\"@type\":\"BreadcrumbList\",\"@id\":\"https:\/\/vosgesinfo.fr\/remiremontinfo\/2024\/07\/slava-ukraini-un-concert-de-solidarite-le-15-juillet\/#breadcrumb\",\"itemListElement\":[{\"@type\":\"ListItem\",\"position\":1,\"name\":\"Home\",\"item\":\"https:\/\/vosgesinfo.fr\/remiremontinfo\/\"},{\"@type\":\"ListItem\",\"position\":2,\"name\":\"Slava Ukra\u00efni, un concert de solidarit\u00e9 le 15 juillet\"}]},{\"@type\":\"WebSite\",\"@id\":\"https:\/\/vosgesinfo.fr\/remiremontinfo\/#website\",\"url\":\"https:\/\/vosgesinfo.fr\/remiremontinfo\/\",\"name\":\"Remiremont Info\",\"description\":\"Toute l&#039;actualit\u00e9 de Remiremont\",\"publisher\":{\"@id\":\"https:\/\/vosgesinfo.fr\/remiremontinfo\/#organization\"},\"alternateName\":\"Toute l'actualit\u00e9 de Remiremont\",\"potentialAction\":[{\"@type\":\"SearchAction\",\"target\":{\"@type\":\"EntryPoint\",\"urlTemplate\":\"https:\/\/vosgesinfo.fr\/remiremontinfo\/?s={search_term_string}\"},\"query-input\":\"required name=search_term_string\"}],\"inLanguage\":\"fr-FR\"},{\"@type\":\"Organization\",\"@id\":\"https:\/\/vosgesinfo.fr\/remiremontinfo\/#organization\",\"name\":\"Remiremont Info\",\"url\":\"https:\/\/vosgesinfo.fr\/remiremontinfo\/\",\"logo\":{\"@type\":\"ImageObject\",\"inLanguage\":\"fr-FR\",\"@id\":\"https:\/\/vosgesinfo.fr\/remiremontinfo\/#\/schema\/logo\/image\/\",\"url\":\"https:\/\/vosgesinfo.fr\/app\/uploads\/sites\/5\/2023\/08\/favicon-remiremontinfo.png\",\"contentUrl\":\"https:\/\/vosgesinfo.fr\/app\/uploads\/sites\/5\/2023\/08\/favicon-remiremontinfo.png\",\"width\":512,\"height\":512,\"caption\":\"Remiremont Info\"},\"image\":{\"@id\":\"https:\/\/vosgesinfo.fr\/remiremontinfo\/#\/schema\/logo\/image\/\"},\"sameAs\":[\"https:\/\/www.facebook.com\/remiremontinfo\",\"https:\/\/x.com\/VosgesInfo88\",\"https:\/\/www.youtube.com\/@vosgesinfo\"]},{\"@type\":\"Person\",\"@id\":\"https:\/\/vosgesinfo.fr\/remiremontinfo\/#\/schema\/person\/27a3695b06db98895b354c0765cdfc31\",\"name\":\"La redaction\",\"image\":{\"@type\":\"ImageObject\",\"inLanguage\":\"fr-FR\",\"@id\":\"https:\/\/vosgesinfo.fr\/remiremontinfo\/#\/schema\/person\/image\/\",\"url\":\"https:\/\/secure.gravatar.com\/avatar\/64c76a78e501cedee55736f43f332df901e1896ae9cd8fad269ae2236dd0e8b6?s=96&d=mm&r=g\",\"contentUrl\":\"https:\/\/secure.gravatar.com\/avatar\/64c76a78e501cedee55736f43f332df901e1896ae9cd8fad269ae2236dd0e8b6?s=96&d=mm&r=g\",\"caption\":\"La redaction\"},\"url\":\"https:\/\/vosgesinfo.fr\/remiremontinfo\/author\/la-redaction\/\"}]}<\/script>\n<!-- \/ Yoast SEO plugin. -->","yoast_head_json":{"title":"Slava Ukra\u00efni, un concert de solidarit\u00e9 le 15 juillet - Remiremont Info","robots":{"index":"index","follow":"follow","max-snippet":"max-snippet:-1","max-image-preview":"max-image-preview:large","max-video-preview":"max-video-preview:-1"},"canonical":"https:\/\/vosgesinfo.fr\/remiremontinfo\/2024\/07\/slava-ukraini-un-concert-de-solidarite-le-15-juillet\/","twitter_card":"summary_large_image","twitter_title":"Slava Ukra\u00efni, un concert de solidarit\u00e9 le 15 juillet - Remiremont Info","twitter_description":"&nbsp; Le concert Slava Ukra\u00efni organis\u00e9 par la ville de Remiremont et l&rsquo;association Liouba Lorr\u2019Ukraine se tiendra lundi 15 juillet [&hellip;]","twitter_image":"https:\/\/vosgesinfo.fr\/app\/uploads\/sites\/5\/2024\/07\/affiche-2024-remiremont-a3-light-scaled.jpg","twitter_creator":"@VosgesInfo88","twitter_site":"@VosgesInfo88","twitter_misc":{"\u00c9crit par":"La redaction","Dur\u00e9e de lecture estim\u00e9e":"2 minutes"},"schema":{"@context":"https:\/\/schema.org","@graph":[{"@type":"Article","@id":"https:\/\/vosgesinfo.fr\/remiremontinfo\/2024\/07\/slava-ukraini-un-concert-de-solidarite-le-15-juillet\/#article","isPartOf":{"@id":"https:\/\/vosgesinfo.fr\/remiremontinfo\/2024\/07\/slava-ukraini-un-concert-de-solidarite-le-15-juillet\/"},"author":{"name":"La redaction","@id":"https:\/\/vosgesinfo.fr\/remiremontinfo\/#\/schema\/person\/27a3695b06db98895b354c0765cdfc31"},"headline":"Slava Ukra\u00efni, un concert de solidarit\u00e9 le 15 juillet","datePublished":"2024-07-13T13:42:22+00:00","dateModified":"2024-07-13T13:42:22+00:00","mainEntityOfPage":{"@id":"https:\/\/vosgesinfo.fr\/remiremontinfo\/2024\/07\/slava-ukraini-un-concert-de-solidarite-le-15-juillet\/"},"wordCount":237,"commentCount":0,"publisher":{"@id":"https:\/\/vosgesinfo.fr\/remiremontinfo\/#organization"},"image":{"@id":"https:\/\/vosgesinfo.fr\/remiremontinfo\/2024\/07\/slava-ukraini-un-concert-de-solidarite-le-15-juillet\/#primaryimage"},"thumbnailUrl":"https:\/\/vosgesinfo.fr\/app\/uploads\/sites\/5\/2024\/07\/affiche-2024-remiremont-a3-light-scaled.jpg","keywords":["Concert de solidarit\u00e9","Liouba Lorr'Ukraine","remiremont","Slava Ukraini"],"articleSection":["A la Une","Remiremont","Solidarit\u00e9"],"inLanguage":"fr-FR","potentialAction":[{"@type":"CommentAction","name":"Comment","target":["https:\/\/vosgesinfo.fr\/remiremontinfo\/2024\/07\/slava-ukraini-un-concert-de-solidarite-le-15-juillet\/#respond"]}]},{"@type":"WebPage","@id":"https:\/\/vosgesinfo.fr\/remiremontinfo\/2024\/07\/slava-ukraini-un-concert-de-solidarite-le-15-juillet\/","url":"https:\/\/vosgesinfo.fr\/remiremontinfo\/2024\/07\/slava-ukraini-un-concert-de-solidarite-le-15-juillet\/","name":"Slava Ukra\u00efni, un concert de solidarit\u00e9 le 15 juillet - Remiremont Info","isPartOf":{"@id":"https:\/\/vosgesinfo.fr\/remiremontinfo\/#website"},"primaryImageOfPage":{"@id":"https:\/\/vosgesinfo.fr\/remiremontinfo\/2024\/07\/slava-ukraini-un-concert-de-solidarite-le-15-juillet\/#primaryimage"},"image":{"@id":"https:\/\/vosgesinfo.fr\/remiremontinfo\/2024\/07\/slava-ukraini-un-concert-de-solidarite-le-15-juillet\/#primaryimage"},"thumbnailUrl":"https:\/\/vosgesinfo.fr\/app\/uploads\/sites\/5\/2024\/07\/affiche-2024-remiremont-a3-light-scaled.jpg","datePublished":"2024-07-13T13:42:22+00:00","dateModified":"2024-07-13T13:42:22+00:00","breadcrumb":{"@id":"https:\/\/vosgesinfo.fr\/remiremontinfo\/2024\/07\/slava-ukraini-un-concert-de-solidarite-le-15-juillet\/#breadcrumb"},"inLanguage":"fr-FR","potentialAction":[{"@type":"ReadAction","target":["https:\/\/vosgesinfo.fr\/remiremontinfo\/2024\/07\/slava-ukraini-un-concert-de-solidarite-le-15-juillet\/"]}]},{"@type":"ImageObject","inLanguage":"fr-FR","@id":"https:\/\/vosgesinfo.fr\/remiremontinfo\/2024\/07\/slava-ukraini-un-concert-de-solidarite-le-15-juillet\/#primaryimage","url":"https:\/\/vosgesinfo.fr\/app\/uploads\/sites\/5\/2024\/07\/affiche-2024-remiremont-a3-light-scaled.jpg","contentUrl":"https:\/\/vosgesinfo.fr\/app\/uploads\/sites\/5\/2024\/07\/affiche-2024-remiremont-a3-light-scaled.jpg","width":1810,"height":2560},{"@type":"BreadcrumbList","@id":"https:\/\/vosgesinfo.fr\/remiremontinfo\/2024\/07\/slava-ukraini-un-concert-de-solidarite-le-15-juillet\/#breadcrumb","itemListElement":[{"@type":"ListItem","position":1,"name":"Home","item":"https:\/\/vosgesinfo.fr\/remiremontinfo\/"},{"@type":"ListItem","position":2,"name":"Slava Ukra\u00efni, un concert de solidarit\u00e9 le 15 juillet"}]},{"@type":"WebSite","@id":"https:\/\/vosgesinfo.fr\/remiremontinfo\/#website","url":"https:\/\/vosgesinfo.fr\/remiremontinfo\/","name":"Remiremont Info","description":"Toute l&#039;actualit\u00e9 de Remiremont","publisher":{"@id":"https:\/\/vosgesinfo.fr\/remiremontinfo\/#organization"},"alternateName":"Toute l'actualit\u00e9 de Remiremont","potentialAction":[{"@type":"SearchAction","target":{"@type":"EntryPoint","urlTemplate":"https:\/\/vosgesinfo.fr\/remiremontinfo\/?s={search_term_string}"},"query-input":"required name=search_term_string"}],"inLanguage":"fr-FR"},{"@type":"Organization","@id":"https:\/\/vosgesinfo.fr\/remiremontinfo\/#organization","name":"Remiremont Info","url":"https:\/\/vosgesinfo.fr\/remiremontinfo\/","logo":{"@type":"ImageObject","inLanguage":"fr-FR","@id":"https:\/\/vosgesinfo.fr\/remiremontinfo\/#\/schema\/logo\/image\/","url":"https:\/\/vosgesinfo.fr\/app\/uploads\/sites\/5\/2023\/08\/favicon-remiremontinfo.png","contentUrl":"https:\/\/vosgesinfo.fr\/app\/uploads\/sites\/5\/2023\/08\/favicon-remiremontinfo.png","width":512,"height":512,"caption":"Remiremont Info"},"image":{"@id":"https:\/\/vosgesinfo.fr\/remiremontinfo\/#\/schema\/logo\/image\/"},"sameAs":["https:\/\/www.facebook.com\/remiremontinfo","https:\/\/x.com\/VosgesInfo88","https:\/\/www.youtube.com\/@vosgesinfo"]},{"@type":"Person","@id":"https:\/\/vosgesinfo.fr\/remiremontinfo\/#\/schema\/person\/27a3695b06db98895b354c0765cdfc31","name":"La redaction","image":{"@type":"ImageObject","inLanguage":"fr-FR","@id":"https:\/\/vosgesinfo.fr\/remiremontinfo\/#\/schema\/person\/image\/","url":"https:\/\/secure.gravatar.com\/avatar\/64c76a78e501cedee55736f43f332df901e1896ae9cd8fad269ae2236dd0e8b6?s=96&d=mm&r=g","contentUrl":"https:\/\/secure.gravatar.com\/avatar\/64c76a78e501cedee55736f43f332df901e1896ae9cd8fad269ae2236dd0e8b6?s=96&d=mm&r=g","caption":"La redaction"},"url":"https:\/\/vosgesinfo.fr\/remiremontinfo\/author\/la-redaction\/"}]}},"_links":{"self":[{"href":"https:\/\/vosgesinfo.fr\/remiremontinfo\/wp-json\/wp\/v2\/posts\/7835","targetHints":{"allow":["GET"]}}],"collection":[{"href":"https:\/\/vosgesinfo.fr\/remiremontinfo\/wp-json\/wp\/v2\/posts"}],"about":[{"href":"https:\/\/vosgesinfo.fr\/remiremontinfo\/wp-json\/wp\/v2\/types\/post"}],"author":[{"embeddable":true,"href":"https:\/\/vosgesinfo.fr\/remiremontinfo\/wp-json\/wp\/v2\/users\/391"}],"replies":[{"embeddable":true,"href":"https:\/\/vosgesinfo.fr\/remiremontinfo\/wp-json\/wp\/v2\/comments?post=7835"}],"version-history":[{"count":3,"href":"https:\/\/vosgesinfo.fr\/remiremontinfo\/wp-json\/wp\/v2\/posts\/7835\/revisions"}],"predecessor-version":[{"id":7846,"href":"https:\/\/vosgesinfo.fr\/remiremontinfo\/wp-json\/wp\/v2\/posts\/7835\/revisions\/7846"}],"wp:featuredmedia":[{"embeddable":true,"href":"https:\/\/vosgesinfo.fr\/remiremontinfo\/wp-json\/wp\/v2\/media\/7843"}],"wp:attachment":[{"href":"https:\/\/vosgesinfo.fr\/remiremontinfo\/wp-json\/wp\/v2\/media?parent=7835"}],"wp:term":[{"taxonomy":"category","embeddable":true,"href":"https:\/\/vosgesinfo.fr\/remiremontinfo\/wp-json\/wp\/v2\/categories?post=7835"},{"taxonomy":"post_tag","embeddable":true,"href":"https:\/\/vosgesinfo.fr\/remiremontinfo\/wp-json\/wp\/v2\/tags?post=7835"}],"curies":[{"name":"wp","href":"https:\/\/api.w.org\/{rel}","templated":true}]}}