{"id":78457,"date":"2025-02-10T16:30:00","date_gmt":"2025-02-10T15:30:00","guid":{"rendered":"https:\/\/vosgesinfo.fr\/remiremontinfo\/?p=78457"},"modified":"2025-02-10T15:54:06","modified_gmt":"2025-02-10T14:54:06","slug":"le-romantisme-sinvite-dans-les-piscines-de-la-cchv-le-14-fevrier","status":"publish","type":"post","link":"https:\/\/vosgesinfo.fr\/remiremontinfo\/2025\/02\/le-romantisme-sinvite-dans-les-piscines-de-la-cchv-le-14-fevrier\/","title":{"rendered":"Le romantisme s&rsquo;invite dans les piscines de la CCHV le 14 f\u00e9vrier"},"content":{"rendered":"<p><i><b>Ce vendredi 14 f\u00e9vrier, jour de la Saint Valentin, le romantisme s&rsquo;invite dans les piscines de la Communaut\u00e9 de Communes des Hautes Vosges !!<br \/>\n<\/b><\/i><\/p>\n<p><i><b>Dans une ambiance musicale sur le th\u00e8me de l&rsquo;amour, venez vous d\u00e9tendre et passer une soir\u00e9e sp\u00e9ciale avec \u00ab\u00a0votre moiti\u00e9\u00a0\u00bb !<br \/>\n<\/b><\/i><\/p>\n<p><i><b>Et pour que la soir\u00e9e soit vraiment parfaite, la CCHV offrira une entr\u00e9e gratuite \u00e0 chaque couple qui se pr\u00e9sentera \u00e0 la piscine de Vagney ou au complexe aquatique de La Bresse.<\/b><\/i><\/p>\n<p><a href=\"https:\/\/vosgesinfo.fr\/app\/uploads\/sites\/5\/2025\/02\/affiche-piscine-saint-valentin-page-0001.jpg\"><img decoding=\"async\" class=\"aligncenter size-full wp-image-78458\" src=\"https:\/\/vosgesinfo.fr\/app\/uploads\/sites\/5\/2025\/02\/affiche-piscine-saint-valentin-page-0001.jpg\" alt=\"\" width=\"1755\" height=\"2482\" srcset=\"https:\/\/vosgesinfo.fr\/app\/uploads\/sites\/5\/2025\/02\/affiche-piscine-saint-valentin-page-0001.jpg 1755w, https:\/\/vosgesinfo.fr\/app\/uploads\/sites\/5\/2025\/02\/affiche-piscine-saint-valentin-page-0001-212x300.jpg 212w, https:\/\/vosgesinfo.fr\/app\/uploads\/sites\/5\/2025\/02\/affiche-piscine-saint-valentin-page-0001-724x1024.jpg 724w, https:\/\/vosgesinfo.fr\/app\/uploads\/sites\/5\/2025\/02\/affiche-piscine-saint-valentin-page-0001-768x1086.jpg 768w, https:\/\/vosgesinfo.fr\/app\/uploads\/sites\/5\/2025\/02\/affiche-piscine-saint-valentin-page-0001-1086x1536.jpg 1086w, https:\/\/vosgesinfo.fr\/app\/uploads\/sites\/5\/2025\/02\/affiche-piscine-saint-valentin-page-0001-1448x2048.jpg 1448w\" sizes=\"(max-width: 1755px) 100vw, 1755px\" \/><\/a><\/p>\n","protected":false},"excerpt":{"rendered":"<p>Ce vendredi 14 f\u00e9vrier, jour de la Saint Valentin, le romantisme s&rsquo;invite dans les piscines de la Communaut\u00e9 de Communes [&hellip;]<\/p>\n","protected":false},"author":391,"featured_media":78458,"comment_status":"open","ping_status":"open","sticky":false,"template":"","format":"standard","meta":{"footnotes":""},"categories":[26,594,25,37,43],"tags":[444,485,1732],"class_list":["post-78457","post","type-post","status-publish","format-standard","has-post-thumbnail","hentry","category-a-la-une","category-agenda","category-la-bresse-son-canton","category-le-thillot-son-canton","category-remiremont-remiremont-son-canton","tag-cchv","tag-piscine","tag-saint-valentin"],"acf":[],"yoast_head":"<!-- This site is optimized with the Yoast SEO plugin v22.5 - https:\/\/yoast.com\/wordpress\/plugins\/seo\/ -->\n<title>Le romantisme s&#039;invite dans les piscines de la CCHV le 14 f\u00e9vrier - Remiremont Info<\/title>\n<meta name=\"robots\" content=\"index, follow, max-snippet:-1, max-image-preview:large, max-video-preview:-1\" \/>\n<link rel=\"canonical\" href=\"https:\/\/vosgesinfo.fr\/remiremontinfo\/2025\/02\/le-romantisme-sinvite-dans-les-piscines-de-la-cchv-le-14-fevrier\/\" \/>\n<meta name=\"twitter:card\" content=\"summary_large_image\" \/>\n<meta name=\"twitter:title\" content=\"Le romantisme s&#039;invite dans les piscines de la CCHV le 14 f\u00e9vrier - Remiremont Info\" \/>\n<meta name=\"twitter:description\" content=\"Ce vendredi 14 f\u00e9vrier, jour de la Saint Valentin, le romantisme s&rsquo;invite dans les piscines de la Communaut\u00e9 de Communes [&hellip;]\" \/>\n<meta name=\"twitter:image\" content=\"https:\/\/vosgesinfo.fr\/app\/uploads\/sites\/5\/2025\/02\/affiche-piscine-saint-valentin-page-0001.jpg\" \/>\n<meta name=\"twitter:creator\" content=\"@VosgesInfo88\" \/>\n<meta name=\"twitter:site\" content=\"@VosgesInfo88\" \/>\n<meta name=\"twitter:label1\" content=\"\u00c9crit par\" \/>\n\t<meta name=\"twitter:data1\" content=\"La redaction\" \/>\n<script type=\"application\/ld+json\" class=\"yoast-schema-graph\">{\"@context\":\"https:\/\/schema.org\",\"@graph\":[{\"@type\":\"Article\",\"@id\":\"https:\/\/vosgesinfo.fr\/remiremontinfo\/2025\/02\/le-romantisme-sinvite-dans-les-piscines-de-la-cchv-le-14-fevrier\/#article\",\"isPartOf\":{\"@id\":\"https:\/\/vosgesinfo.fr\/remiremontinfo\/2025\/02\/le-romantisme-sinvite-dans-les-piscines-de-la-cchv-le-14-fevrier\/\"},\"author\":{\"name\":\"La redaction\",\"@id\":\"https:\/\/vosgesinfo.fr\/remiremontinfo\/#\/schema\/person\/27a3695b06db98895b354c0765cdfc31\"},\"headline\":\"Le romantisme s&rsquo;invite dans les piscines de la CCHV le 14 f\u00e9vrier\",\"datePublished\":\"2025-02-10T15:30:00+00:00\",\"dateModified\":\"2025-02-10T14:54:06+00:00\",\"mainEntityOfPage\":{\"@id\":\"https:\/\/vosgesinfo.fr\/remiremontinfo\/2025\/02\/le-romantisme-sinvite-dans-les-piscines-de-la-cchv-le-14-fevrier\/\"},\"wordCount\":95,\"commentCount\":0,\"publisher\":{\"@id\":\"https:\/\/vosgesinfo.fr\/remiremontinfo\/#organization\"},\"image\":{\"@id\":\"https:\/\/vosgesinfo.fr\/remiremontinfo\/2025\/02\/le-romantisme-sinvite-dans-les-piscines-de-la-cchv-le-14-fevrier\/#primaryimage\"},\"thumbnailUrl\":\"https:\/\/vosgesinfo.fr\/app\/uploads\/sites\/5\/2025\/02\/affiche-piscine-saint-valentin-page-0001.jpg\",\"keywords\":[\"CCHV\",\"piscine\",\"Saint Valentin\"],\"articleSection\":[\"A la Une\",\"Agenda\",\"La Bresse &amp; son canton\",\"Le Thillot &amp; son canton\",\"Remiremont\"],\"inLanguage\":\"fr-FR\",\"potentialAction\":[{\"@type\":\"CommentAction\",\"name\":\"Comment\",\"target\":[\"https:\/\/vosgesinfo.fr\/remiremontinfo\/2025\/02\/le-romantisme-sinvite-dans-les-piscines-de-la-cchv-le-14-fevrier\/#respond\"]}]},{\"@type\":\"WebPage\",\"@id\":\"https:\/\/vosgesinfo.fr\/remiremontinfo\/2025\/02\/le-romantisme-sinvite-dans-les-piscines-de-la-cchv-le-14-fevrier\/\",\"url\":\"https:\/\/vosgesinfo.fr\/remiremontinfo\/2025\/02\/le-romantisme-sinvite-dans-les-piscines-de-la-cchv-le-14-fevrier\/\",\"name\":\"Le romantisme s'invite dans les piscines de la CCHV le 14 f\u00e9vrier - Remiremont Info\",\"isPartOf\":{\"@id\":\"https:\/\/vosgesinfo.fr\/remiremontinfo\/#website\"},\"primaryImageOfPage\":{\"@id\":\"https:\/\/vosgesinfo.fr\/remiremontinfo\/2025\/02\/le-romantisme-sinvite-dans-les-piscines-de-la-cchv-le-14-fevrier\/#primaryimage\"},\"image\":{\"@id\":\"https:\/\/vosgesinfo.fr\/remiremontinfo\/2025\/02\/le-romantisme-sinvite-dans-les-piscines-de-la-cchv-le-14-fevrier\/#primaryimage\"},\"thumbnailUrl\":\"https:\/\/vosgesinfo.fr\/app\/uploads\/sites\/5\/2025\/02\/affiche-piscine-saint-valentin-page-0001.jpg\",\"datePublished\":\"2025-02-10T15:30:00+00:00\",\"dateModified\":\"2025-02-10T14:54:06+00:00\",\"breadcrumb\":{\"@id\":\"https:\/\/vosgesinfo.fr\/remiremontinfo\/2025\/02\/le-romantisme-sinvite-dans-les-piscines-de-la-cchv-le-14-fevrier\/#breadcrumb\"},\"inLanguage\":\"fr-FR\",\"potentialAction\":[{\"@type\":\"ReadAction\",\"target\":[\"https:\/\/vosgesinfo.fr\/remiremontinfo\/2025\/02\/le-romantisme-sinvite-dans-les-piscines-de-la-cchv-le-14-fevrier\/\"]}]},{\"@type\":\"ImageObject\",\"inLanguage\":\"fr-FR\",\"@id\":\"https:\/\/vosgesinfo.fr\/remiremontinfo\/2025\/02\/le-romantisme-sinvite-dans-les-piscines-de-la-cchv-le-14-fevrier\/#primaryimage\",\"url\":\"https:\/\/vosgesinfo.fr\/app\/uploads\/sites\/5\/2025\/02\/affiche-piscine-saint-valentin-page-0001.jpg\",\"contentUrl\":\"https:\/\/vosgesinfo.fr\/app\/uploads\/sites\/5\/2025\/02\/affiche-piscine-saint-valentin-page-0001.jpg\",\"width\":1755,\"height\":2482},{\"@type\":\"BreadcrumbList\",\"@id\":\"https:\/\/vosgesinfo.fr\/remiremontinfo\/2025\/02\/le-romantisme-sinvite-dans-les-piscines-de-la-cchv-le-14-fevrier\/#breadcrumb\",\"itemListElement\":[{\"@type\":\"ListItem\",\"position\":1,\"name\":\"Home\",\"item\":\"https:\/\/vosgesinfo.fr\/remiremontinfo\/\"},{\"@type\":\"ListItem\",\"position\":2,\"name\":\"Le romantisme s&rsquo;invite dans les piscines de la CCHV le 14 f\u00e9vrier\"}]},{\"@type\":\"WebSite\",\"@id\":\"https:\/\/vosgesinfo.fr\/remiremontinfo\/#website\",\"url\":\"https:\/\/vosgesinfo.fr\/remiremontinfo\/\",\"name\":\"Remiremont Info\",\"description\":\"Toute l&#039;actualit\u00e9 de Remiremont\",\"publisher\":{\"@id\":\"https:\/\/vosgesinfo.fr\/remiremontinfo\/#organization\"},\"alternateName\":\"Toute l'actualit\u00e9 de Remiremont\",\"potentialAction\":[{\"@type\":\"SearchAction\",\"target\":{\"@type\":\"EntryPoint\",\"urlTemplate\":\"https:\/\/vosgesinfo.fr\/remiremontinfo\/?s={search_term_string}\"},\"query-input\":\"required name=search_term_string\"}],\"inLanguage\":\"fr-FR\"},{\"@type\":\"Organization\",\"@id\":\"https:\/\/vosgesinfo.fr\/remiremontinfo\/#organization\",\"name\":\"Remiremont Info\",\"url\":\"https:\/\/vosgesinfo.fr\/remiremontinfo\/\",\"logo\":{\"@type\":\"ImageObject\",\"inLanguage\":\"fr-FR\",\"@id\":\"https:\/\/vosgesinfo.fr\/remiremontinfo\/#\/schema\/logo\/image\/\",\"url\":\"https:\/\/vosgesinfo.fr\/app\/uploads\/sites\/5\/2023\/08\/favicon-remiremontinfo.png\",\"contentUrl\":\"https:\/\/vosgesinfo.fr\/app\/uploads\/sites\/5\/2023\/08\/favicon-remiremontinfo.png\",\"width\":512,\"height\":512,\"caption\":\"Remiremont Info\"},\"image\":{\"@id\":\"https:\/\/vosgesinfo.fr\/remiremontinfo\/#\/schema\/logo\/image\/\"},\"sameAs\":[\"https:\/\/www.facebook.com\/remiremontinfo\",\"https:\/\/x.com\/VosgesInfo88\",\"https:\/\/www.youtube.com\/@vosgesinfo\"]},{\"@type\":\"Person\",\"@id\":\"https:\/\/vosgesinfo.fr\/remiremontinfo\/#\/schema\/person\/27a3695b06db98895b354c0765cdfc31\",\"name\":\"La redaction\",\"image\":{\"@type\":\"ImageObject\",\"inLanguage\":\"fr-FR\",\"@id\":\"https:\/\/vosgesinfo.fr\/remiremontinfo\/#\/schema\/person\/image\/\",\"url\":\"https:\/\/secure.gravatar.com\/avatar\/64c76a78e501cedee55736f43f332df901e1896ae9cd8fad269ae2236dd0e8b6?s=96&d=mm&r=g\",\"contentUrl\":\"https:\/\/secure.gravatar.com\/avatar\/64c76a78e501cedee55736f43f332df901e1896ae9cd8fad269ae2236dd0e8b6?s=96&d=mm&r=g\",\"caption\":\"La redaction\"},\"url\":\"https:\/\/vosgesinfo.fr\/remiremontinfo\/author\/la-redaction\/\"}]}<\/script>\n<!-- \/ Yoast SEO plugin. -->","yoast_head_json":{"title":"Le romantisme s'invite dans les piscines de la CCHV le 14 f\u00e9vrier - Remiremont Info","robots":{"index":"index","follow":"follow","max-snippet":"max-snippet:-1","max-image-preview":"max-image-preview:large","max-video-preview":"max-video-preview:-1"},"canonical":"https:\/\/vosgesinfo.fr\/remiremontinfo\/2025\/02\/le-romantisme-sinvite-dans-les-piscines-de-la-cchv-le-14-fevrier\/","twitter_card":"summary_large_image","twitter_title":"Le romantisme s'invite dans les piscines de la CCHV le 14 f\u00e9vrier - Remiremont Info","twitter_description":"Ce vendredi 14 f\u00e9vrier, jour de la Saint Valentin, le romantisme s&rsquo;invite dans les piscines de la Communaut\u00e9 de Communes [&hellip;]","twitter_image":"https:\/\/vosgesinfo.fr\/app\/uploads\/sites\/5\/2025\/02\/affiche-piscine-saint-valentin-page-0001.jpg","twitter_creator":"@VosgesInfo88","twitter_site":"@VosgesInfo88","twitter_misc":{"\u00c9crit par":"La redaction"},"schema":{"@context":"https:\/\/schema.org","@graph":[{"@type":"Article","@id":"https:\/\/vosgesinfo.fr\/remiremontinfo\/2025\/02\/le-romantisme-sinvite-dans-les-piscines-de-la-cchv-le-14-fevrier\/#article","isPartOf":{"@id":"https:\/\/vosgesinfo.fr\/remiremontinfo\/2025\/02\/le-romantisme-sinvite-dans-les-piscines-de-la-cchv-le-14-fevrier\/"},"author":{"name":"La redaction","@id":"https:\/\/vosgesinfo.fr\/remiremontinfo\/#\/schema\/person\/27a3695b06db98895b354c0765cdfc31"},"headline":"Le romantisme s&rsquo;invite dans les piscines de la CCHV le 14 f\u00e9vrier","datePublished":"2025-02-10T15:30:00+00:00","dateModified":"2025-02-10T14:54:06+00:00","mainEntityOfPage":{"@id":"https:\/\/vosgesinfo.fr\/remiremontinfo\/2025\/02\/le-romantisme-sinvite-dans-les-piscines-de-la-cchv-le-14-fevrier\/"},"wordCount":95,"commentCount":0,"publisher":{"@id":"https:\/\/vosgesinfo.fr\/remiremontinfo\/#organization"},"image":{"@id":"https:\/\/vosgesinfo.fr\/remiremontinfo\/2025\/02\/le-romantisme-sinvite-dans-les-piscines-de-la-cchv-le-14-fevrier\/#primaryimage"},"thumbnailUrl":"https:\/\/vosgesinfo.fr\/app\/uploads\/sites\/5\/2025\/02\/affiche-piscine-saint-valentin-page-0001.jpg","keywords":["CCHV","piscine","Saint Valentin"],"articleSection":["A la Une","Agenda","La Bresse &amp; son canton","Le Thillot &amp; son canton","Remiremont"],"inLanguage":"fr-FR","potentialAction":[{"@type":"CommentAction","name":"Comment","target":["https:\/\/vosgesinfo.fr\/remiremontinfo\/2025\/02\/le-romantisme-sinvite-dans-les-piscines-de-la-cchv-le-14-fevrier\/#respond"]}]},{"@type":"WebPage","@id":"https:\/\/vosgesinfo.fr\/remiremontinfo\/2025\/02\/le-romantisme-sinvite-dans-les-piscines-de-la-cchv-le-14-fevrier\/","url":"https:\/\/vosgesinfo.fr\/remiremontinfo\/2025\/02\/le-romantisme-sinvite-dans-les-piscines-de-la-cchv-le-14-fevrier\/","name":"Le romantisme s'invite dans les piscines de la CCHV le 14 f\u00e9vrier - Remiremont Info","isPartOf":{"@id":"https:\/\/vosgesinfo.fr\/remiremontinfo\/#website"},"primaryImageOfPage":{"@id":"https:\/\/vosgesinfo.fr\/remiremontinfo\/2025\/02\/le-romantisme-sinvite-dans-les-piscines-de-la-cchv-le-14-fevrier\/#primaryimage"},"image":{"@id":"https:\/\/vosgesinfo.fr\/remiremontinfo\/2025\/02\/le-romantisme-sinvite-dans-les-piscines-de-la-cchv-le-14-fevrier\/#primaryimage"},"thumbnailUrl":"https:\/\/vosgesinfo.fr\/app\/uploads\/sites\/5\/2025\/02\/affiche-piscine-saint-valentin-page-0001.jpg","datePublished":"2025-02-10T15:30:00+00:00","dateModified":"2025-02-10T14:54:06+00:00","breadcrumb":{"@id":"https:\/\/vosgesinfo.fr\/remiremontinfo\/2025\/02\/le-romantisme-sinvite-dans-les-piscines-de-la-cchv-le-14-fevrier\/#breadcrumb"},"inLanguage":"fr-FR","potentialAction":[{"@type":"ReadAction","target":["https:\/\/vosgesinfo.fr\/remiremontinfo\/2025\/02\/le-romantisme-sinvite-dans-les-piscines-de-la-cchv-le-14-fevrier\/"]}]},{"@type":"ImageObject","inLanguage":"fr-FR","@id":"https:\/\/vosgesinfo.fr\/remiremontinfo\/2025\/02\/le-romantisme-sinvite-dans-les-piscines-de-la-cchv-le-14-fevrier\/#primaryimage","url":"https:\/\/vosgesinfo.fr\/app\/uploads\/sites\/5\/2025\/02\/affiche-piscine-saint-valentin-page-0001.jpg","contentUrl":"https:\/\/vosgesinfo.fr\/app\/uploads\/sites\/5\/2025\/02\/affiche-piscine-saint-valentin-page-0001.jpg","width":1755,"height":2482},{"@type":"BreadcrumbList","@id":"https:\/\/vosgesinfo.fr\/remiremontinfo\/2025\/02\/le-romantisme-sinvite-dans-les-piscines-de-la-cchv-le-14-fevrier\/#breadcrumb","itemListElement":[{"@type":"ListItem","position":1,"name":"Home","item":"https:\/\/vosgesinfo.fr\/remiremontinfo\/"},{"@type":"ListItem","position":2,"name":"Le romantisme s&rsquo;invite dans les piscines de la CCHV le 14 f\u00e9vrier"}]},{"@type":"WebSite","@id":"https:\/\/vosgesinfo.fr\/remiremontinfo\/#website","url":"https:\/\/vosgesinfo.fr\/remiremontinfo\/","name":"Remiremont Info","description":"Toute l&#039;actualit\u00e9 de Remiremont","publisher":{"@id":"https:\/\/vosgesinfo.fr\/remiremontinfo\/#organization"},"alternateName":"Toute l'actualit\u00e9 de Remiremont","potentialAction":[{"@type":"SearchAction","target":{"@type":"EntryPoint","urlTemplate":"https:\/\/vosgesinfo.fr\/remiremontinfo\/?s={search_term_string}"},"query-input":"required name=search_term_string"}],"inLanguage":"fr-FR"},{"@type":"Organization","@id":"https:\/\/vosgesinfo.fr\/remiremontinfo\/#organization","name":"Remiremont Info","url":"https:\/\/vosgesinfo.fr\/remiremontinfo\/","logo":{"@type":"ImageObject","inLanguage":"fr-FR","@id":"https:\/\/vosgesinfo.fr\/remiremontinfo\/#\/schema\/logo\/image\/","url":"https:\/\/vosgesinfo.fr\/app\/uploads\/sites\/5\/2023\/08\/favicon-remiremontinfo.png","contentUrl":"https:\/\/vosgesinfo.fr\/app\/uploads\/sites\/5\/2023\/08\/favicon-remiremontinfo.png","width":512,"height":512,"caption":"Remiremont Info"},"image":{"@id":"https:\/\/vosgesinfo.fr\/remiremontinfo\/#\/schema\/logo\/image\/"},"sameAs":["https:\/\/www.facebook.com\/remiremontinfo","https:\/\/x.com\/VosgesInfo88","https:\/\/www.youtube.com\/@vosgesinfo"]},{"@type":"Person","@id":"https:\/\/vosgesinfo.fr\/remiremontinfo\/#\/schema\/person\/27a3695b06db98895b354c0765cdfc31","name":"La redaction","image":{"@type":"ImageObject","inLanguage":"fr-FR","@id":"https:\/\/vosgesinfo.fr\/remiremontinfo\/#\/schema\/person\/image\/","url":"https:\/\/secure.gravatar.com\/avatar\/64c76a78e501cedee55736f43f332df901e1896ae9cd8fad269ae2236dd0e8b6?s=96&d=mm&r=g","contentUrl":"https:\/\/secure.gravatar.com\/avatar\/64c76a78e501cedee55736f43f332df901e1896ae9cd8fad269ae2236dd0e8b6?s=96&d=mm&r=g","caption":"La redaction"},"url":"https:\/\/vosgesinfo.fr\/remiremontinfo\/author\/la-redaction\/"}]}},"_links":{"self":[{"href":"https:\/\/vosgesinfo.fr\/remiremontinfo\/wp-json\/wp\/v2\/posts\/78457","targetHints":{"allow":["GET"]}}],"collection":[{"href":"https:\/\/vosgesinfo.fr\/remiremontinfo\/wp-json\/wp\/v2\/posts"}],"about":[{"href":"https:\/\/vosgesinfo.fr\/remiremontinfo\/wp-json\/wp\/v2\/types\/post"}],"author":[{"embeddable":true,"href":"https:\/\/vosgesinfo.fr\/remiremontinfo\/wp-json\/wp\/v2\/users\/391"}],"replies":[{"embeddable":true,"href":"https:\/\/vosgesinfo.fr\/remiremontinfo\/wp-json\/wp\/v2\/comments?post=78457"}],"version-history":[{"count":1,"href":"https:\/\/vosgesinfo.fr\/remiremontinfo\/wp-json\/wp\/v2\/posts\/78457\/revisions"}],"predecessor-version":[{"id":78459,"href":"https:\/\/vosgesinfo.fr\/remiremontinfo\/wp-json\/wp\/v2\/posts\/78457\/revisions\/78459"}],"wp:featuredmedia":[{"embeddable":true,"href":"https:\/\/vosgesinfo.fr\/remiremontinfo\/wp-json\/wp\/v2\/media\/78458"}],"wp:attachment":[{"href":"https:\/\/vosgesinfo.fr\/remiremontinfo\/wp-json\/wp\/v2\/media?parent=78457"}],"wp:term":[{"taxonomy":"category","embeddable":true,"href":"https:\/\/vosgesinfo.fr\/remiremontinfo\/wp-json\/wp\/v2\/categories?post=78457"},{"taxonomy":"post_tag","embeddable":true,"href":"https:\/\/vosgesinfo.fr\/remiremontinfo\/wp-json\/wp\/v2\/tags?post=78457"}],"curies":[{"name":"wp","href":"https:\/\/api.w.org\/{rel}","templated":true}]}}