{"id":7861,"date":"2024-07-14T14:38:33","date_gmt":"2024-07-14T12:38:33","guid":{"rendered":"https:\/\/vosgesinfo.fr\/remiremontinfo\/?p=7861"},"modified":"2024-07-14T16:18:56","modified_gmt":"2024-07-14T14:18:56","slug":"benoit-poelvoorde-a-la-rencontre-des-vosgiens-au-cinema-majestic","status":"publish","type":"post","link":"https:\/\/vosgesinfo.fr\/remiremontinfo\/2024\/07\/benoit-poelvoorde-a-la-rencontre-des-vosgiens-au-cinema-majestic\/","title":{"rendered":"Beno\u00eet Poelvoorde \u00e0 la rencontre des Vosgiens au cin\u00e9ma Majestic"},"content":{"rendered":"<p><img decoding=\"async\" class=\"aligncenter size-large wp-image-7863\" src=\"https:\/\/vosgesinfo.fr\/app\/uploads\/sites\/5\/2024\/07\/benoit-poelvoorde-4-1024x683.jpg\" alt=\"\" width=\"1024\" height=\"683\" srcset=\"https:\/\/vosgesinfo.fr\/app\/uploads\/sites\/5\/2024\/07\/benoit-poelvoorde-4-1024x683.jpg 1024w, https:\/\/vosgesinfo.fr\/app\/uploads\/sites\/5\/2024\/07\/benoit-poelvoorde-4-300x200.jpg 300w, https:\/\/vosgesinfo.fr\/app\/uploads\/sites\/5\/2024\/07\/benoit-poelvoorde-4-768x512.jpg 768w, https:\/\/vosgesinfo.fr\/app\/uploads\/sites\/5\/2024\/07\/benoit-poelvoorde-4-1536x1024.jpg 1536w, https:\/\/vosgesinfo.fr\/app\/uploads\/sites\/5\/2024\/07\/benoit-poelvoorde-4-2048x1366.jpg 2048w\" sizes=\"(max-width: 1024px) 100vw, 1024px\" \/><\/p>\n<p><strong>\u00c0 l&rsquo;occasion de la pr\u00e9sence de Beno\u00eet Poelvoorde dans le d\u00e9partement pour le tournage du film \u00abLa bonne \u00e9toile\u00bb, l&rsquo;association Passion Cin\u00e9ma de Plombi\u00e8res-les-Bains en partenariat avec le cin\u00e9ma Majestic de Remiremont ont invit\u00e9 l&rsquo;acteur belge pour une s\u00e9ance exceptionnelle. 246 personnes ont chaleureusement accueilli Beno\u00eet Poelvoorde \u00e0 la fin du film choisi par l&rsquo;acteur lui-m\u00eame. Son choix s&rsquo;est port\u00e9 sur le long-m\u00e9trage \u00abLes \u00c9motifs Anonymes\u00bb sorti en 2010. Son r\u00e9alisateur avait d\u00e9j\u00e0 fait l&rsquo;honneur de venir \u00e0 Plombi\u00e8res-les-Bains il y a 3 ans.\u00a0<\/strong><\/p>\n<p>C&rsquo;est un beau palmar\u00e8s d&rsquo;invit\u00e9s que tient l&rsquo;association Passion Cin\u00e9ma : en effet, Beno\u00eet Poelvoorde est le 71\u00e8me acteur ou r\u00e9alisateur \u00e0 faire l&rsquo;honneur de sa pr\u00e9sence lors d&rsquo;une s\u00e9ance exceptionnelle. Encore plus exceptionnel puisque l&rsquo;acteur a confi\u00e9 ne plus faire d&rsquo;avant-premi\u00e8re et devait d&rsquo;ailleurs rentrer en Belgique pour le week-end. Pourtant, il a tenu \u00e0 rester pour venir rencontrer son public vosgien, qu&rsquo;il a beaucoup appr\u00e9ci\u00e9 durant sa pr\u00e9sence dans notre d\u00e9partement, et pas que&#8230; la mirabelle, produit local de notre belle r\u00e9gion, l&rsquo;a aussi s\u00e9duit !<\/p>\n<p>Il s&rsquo;est pr\u00eat\u00e9 au jeu des questions \/ r\u00e9ponses avec les spectateurs de mani\u00e8re totalement humoristique, en racontant des anecdotes de ses tournages et de ses confr\u00e8res. \u00c0 la question concernant les r\u00f4les qu&rsquo;il ma\u00eetrisait le mieux ? \u00abJe fais super bien le petit chef ! Mais aussi flics, contr\u00f4leurs&#8230;\u00bb. Quels acteurs admire-t-il ? \u00abLouis de Fun\u00e8s, Bernard Blier \u00bb. Il a ensuite proc\u00e9d\u00e9 \u00e0 une s\u00e9ance de d\u00e9dicace avec ses fans.<\/p>\n<p>&nbsp;<\/p>\n<p><iframe loading=\"lazy\" title=\"Beno\u00eet Poelvoorde tombe amoureux ... des Vosges\" width=\"500\" height=\"281\" src=\"https:\/\/www.youtube.com\/embed\/UOdvCK6CSW8?feature=oembed\" frameborder=\"0\" allow=\"accelerometer; autoplay; clipboard-write; encrypted-media; gyroscope; picture-in-picture; web-share\" referrerpolicy=\"strict-origin-when-cross-origin\" allowfullscreen><\/iframe><\/p>\n<p>Vid\u00e9o : Jean-Yves Barlier<\/p>\n<p>&nbsp;<\/p>\n<p><strong>Passion Cin\u00e9ma, une association qui se d\u00e9veloppe.\u00a0<\/strong><\/p>\n<p>Patrick Perret, pr\u00e9sident de l&rsquo;association depuis 2019, nous a confi\u00e9 que les d\u00e9buts ont \u00e9t\u00e9 difficiles pour organiser des rencontres de ce genre. Mais avec la d\u00e9termination et les contacts du secr\u00e9taire, Jean-Charles Contaux, cela a port\u00e9 ses fruits. C&rsquo;est lors du r\u00e9cent tournage \u00e0 Plombi\u00e8res que l&rsquo;invitation a \u00e9t\u00e9 lanc\u00e9e \u00e0 Beno\u00eet Poelvoorde. Il y a quelque temps, Bertrand Tavernier ou encore Patrice Leconte ont eux aussi fait l&rsquo;honneur de leur pr\u00e9sence. Pour l&rsquo;anecdote, la devise du cin\u00e9ma est : \u00ab Ils ne savaient pas que c&rsquo;\u00e9tait impossible, alors ils l&rsquo;ont fait \u00bb.<\/p>\n<p>Passion Cin\u00e9ma est une association Plombinoise qui comptabilise une quarantaine d&rsquo;adh\u00e9rents. Elle g\u00e8re le cin\u00e9ma de Plombi\u00e8res qui dispose d&rsquo;une salle vintage de 1948 et est actuellement en travaux jusqu&rsquo;\u00e0 janvier 2026.<\/p>\n\n\t\t<style type=\"text\/css\">\n\t\t\t#gallery-1 {\n\t\t\t\tmargin: auto;\n\t\t\t}\n\t\t\t#gallery-1 .gallery-item {\n\t\t\t\tfloat: left;\n\t\t\t\tmargin-top: 10px;\n\t\t\t\ttext-align: center;\n\t\t\t\twidth: 33%;\n\t\t\t}\n\t\t\t#gallery-1 img {\n\t\t\t\tborder: 2px solid #cfcfcf;\n\t\t\t}\n\t\t\t#gallery-1 .gallery-caption {\n\t\t\t\tmargin-left: 0;\n\t\t\t}\n\t\t\t\/* see gallery_shortcode() in wp-includes\/media.php *\/\n\t\t<\/style>\n\t\t<div id='gallery-1' class='gallery galleryid-7861 gallery-columns-3 gallery-size-large'><dl class='gallery-item'>\n\t\t\t<dt class='gallery-icon landscape'>\n\t\t\t\t<a href='https:\/\/vosgesinfo.fr\/remiremontinfo\/2024\/07\/benoit-poelvoorde-a-la-rencontre-des-vosgiens-au-cinema-majestic\/benoit-poelvoorde\/'><img decoding=\"async\" width=\"1024\" height=\"683\" src=\"https:\/\/vosgesinfo.fr\/app\/uploads\/sites\/5\/2024\/07\/benoit-poelvoorde-1024x683.jpg\" class=\"attachment-large size-large\" alt=\"\" srcset=\"https:\/\/vosgesinfo.fr\/app\/uploads\/sites\/5\/2024\/07\/benoit-poelvoorde-1024x683.jpg 1024w, https:\/\/vosgesinfo.fr\/app\/uploads\/sites\/5\/2024\/07\/benoit-poelvoorde-300x200.jpg 300w, https:\/\/vosgesinfo.fr\/app\/uploads\/sites\/5\/2024\/07\/benoit-poelvoorde-768x512.jpg 768w, https:\/\/vosgesinfo.fr\/app\/uploads\/sites\/5\/2024\/07\/benoit-poelvoorde-1536x1024.jpg 1536w, https:\/\/vosgesinfo.fr\/app\/uploads\/sites\/5\/2024\/07\/benoit-poelvoorde-2048x1365.jpg 2048w\" sizes=\"(max-width: 1024px) 100vw, 1024px\" \/><\/a>\n\t\t\t<\/dt><\/dl><dl class='gallery-item'>\n\t\t\t<dt class='gallery-icon landscape'>\n\t\t\t\t<a href='https:\/\/vosgesinfo.fr\/remiremontinfo\/2024\/07\/benoit-poelvoorde-a-la-rencontre-des-vosgiens-au-cinema-majestic\/benoit-poelvoorde-2\/'><img decoding=\"async\" width=\"1024\" height=\"683\" src=\"https:\/\/vosgesinfo.fr\/app\/uploads\/sites\/5\/2024\/07\/benoit-poelvoorde-2-1024x683.jpg\" class=\"attachment-large size-large\" alt=\"\" srcset=\"https:\/\/vosgesinfo.fr\/app\/uploads\/sites\/5\/2024\/07\/benoit-poelvoorde-2-1024x683.jpg 1024w, https:\/\/vosgesinfo.fr\/app\/uploads\/sites\/5\/2024\/07\/benoit-poelvoorde-2-300x200.jpg 300w, https:\/\/vosgesinfo.fr\/app\/uploads\/sites\/5\/2024\/07\/benoit-poelvoorde-2-768x512.jpg 768w, https:\/\/vosgesinfo.fr\/app\/uploads\/sites\/5\/2024\/07\/benoit-poelvoorde-2-1536x1024.jpg 1536w, https:\/\/vosgesinfo.fr\/app\/uploads\/sites\/5\/2024\/07\/benoit-poelvoorde-2-2048x1365.jpg 2048w\" sizes=\"(max-width: 1024px) 100vw, 1024px\" \/><\/a>\n\t\t\t<\/dt><\/dl><dl class='gallery-item'>\n\t\t\t<dt class='gallery-icon landscape'>\n\t\t\t\t<a href='https:\/\/vosgesinfo.fr\/remiremontinfo\/2024\/07\/benoit-poelvoorde-a-la-rencontre-des-vosgiens-au-cinema-majestic\/benoit-poelvoorde-1\/'><img decoding=\"async\" width=\"1024\" height=\"683\" src=\"https:\/\/vosgesinfo.fr\/app\/uploads\/sites\/5\/2024\/07\/benoit-poelvoorde-1-1024x683.jpg\" class=\"attachment-large size-large\" alt=\"\" srcset=\"https:\/\/vosgesinfo.fr\/app\/uploads\/sites\/5\/2024\/07\/benoit-poelvoorde-1-1024x683.jpg 1024w, https:\/\/vosgesinfo.fr\/app\/uploads\/sites\/5\/2024\/07\/benoit-poelvoorde-1-300x200.jpg 300w, https:\/\/vosgesinfo.fr\/app\/uploads\/sites\/5\/2024\/07\/benoit-poelvoorde-1-768x512.jpg 768w, https:\/\/vosgesinfo.fr\/app\/uploads\/sites\/5\/2024\/07\/benoit-poelvoorde-1-1536x1024.jpg 1536w, https:\/\/vosgesinfo.fr\/app\/uploads\/sites\/5\/2024\/07\/benoit-poelvoorde-1-2048x1365.jpg 2048w\" sizes=\"(max-width: 1024px) 100vw, 1024px\" \/><\/a>\n\t\t\t<\/dt><\/dl><br style=\"clear: both\" \/><dl class='gallery-item'>\n\t\t\t<dt class='gallery-icon landscape'>\n\t\t\t\t<a href='https:\/\/vosgesinfo.fr\/remiremontinfo\/2024\/07\/benoit-poelvoorde-a-la-rencontre-des-vosgiens-au-cinema-majestic\/benoit-poelvoorde-5\/'><img decoding=\"async\" width=\"1024\" height=\"768\" src=\"https:\/\/vosgesinfo.fr\/app\/uploads\/sites\/5\/2024\/07\/benoit-poelvoorde-5-1024x768.jpg\" class=\"attachment-large size-large\" alt=\"\" srcset=\"https:\/\/vosgesinfo.fr\/app\/uploads\/sites\/5\/2024\/07\/benoit-poelvoorde-5-1024x768.jpg 1024w, https:\/\/vosgesinfo.fr\/app\/uploads\/sites\/5\/2024\/07\/benoit-poelvoorde-5-300x225.jpg 300w, https:\/\/vosgesinfo.fr\/app\/uploads\/sites\/5\/2024\/07\/benoit-poelvoorde-5-768x576.jpg 768w, https:\/\/vosgesinfo.fr\/app\/uploads\/sites\/5\/2024\/07\/benoit-poelvoorde-5-1536x1152.jpg 1536w, https:\/\/vosgesinfo.fr\/app\/uploads\/sites\/5\/2024\/07\/benoit-poelvoorde-5-2048x1536.jpg 2048w\" sizes=\"(max-width: 1024px) 100vw, 1024px\" \/><\/a>\n\t\t\t<\/dt><\/dl><dl class='gallery-item'>\n\t\t\t<dt class='gallery-icon landscape'>\n\t\t\t\t<a href='https:\/\/vosgesinfo.fr\/remiremontinfo\/2024\/07\/benoit-poelvoorde-a-la-rencontre-des-vosgiens-au-cinema-majestic\/benoit-poelvoorde-6\/'><img decoding=\"async\" width=\"1024\" height=\"768\" src=\"https:\/\/vosgesinfo.fr\/app\/uploads\/sites\/5\/2024\/07\/benoit-poelvoorde-6-1024x768.jpg\" class=\"attachment-large size-large\" alt=\"\" srcset=\"https:\/\/vosgesinfo.fr\/app\/uploads\/sites\/5\/2024\/07\/benoit-poelvoorde-6-1024x768.jpg 1024w, https:\/\/vosgesinfo.fr\/app\/uploads\/sites\/5\/2024\/07\/benoit-poelvoorde-6-300x225.jpg 300w, https:\/\/vosgesinfo.fr\/app\/uploads\/sites\/5\/2024\/07\/benoit-poelvoorde-6-768x576.jpg 768w, https:\/\/vosgesinfo.fr\/app\/uploads\/sites\/5\/2024\/07\/benoit-poelvoorde-6-1536x1152.jpg 1536w, https:\/\/vosgesinfo.fr\/app\/uploads\/sites\/5\/2024\/07\/benoit-poelvoorde-6-2048x1536.jpg 2048w\" sizes=\"(max-width: 1024px) 100vw, 1024px\" \/><\/a>\n\t\t\t<\/dt><\/dl><dl class='gallery-item'>\n\t\t\t<dt class='gallery-icon landscape'>\n\t\t\t\t<a href='https:\/\/vosgesinfo.fr\/remiremontinfo\/2024\/07\/benoit-poelvoorde-a-la-rencontre-des-vosgiens-au-cinema-majestic\/benoit-poelvoorde-8\/'><img decoding=\"async\" width=\"1024\" height=\"768\" src=\"https:\/\/vosgesinfo.fr\/app\/uploads\/sites\/5\/2024\/07\/benoit-poelvoorde-8-1024x768.jpg\" class=\"attachment-large size-large\" alt=\"\" srcset=\"https:\/\/vosgesinfo.fr\/app\/uploads\/sites\/5\/2024\/07\/benoit-poelvoorde-8-1024x768.jpg 1024w, https:\/\/vosgesinfo.fr\/app\/uploads\/sites\/5\/2024\/07\/benoit-poelvoorde-8-300x225.jpg 300w, https:\/\/vosgesinfo.fr\/app\/uploads\/sites\/5\/2024\/07\/benoit-poelvoorde-8-768x576.jpg 768w, https:\/\/vosgesinfo.fr\/app\/uploads\/sites\/5\/2024\/07\/benoit-poelvoorde-8-1536x1152.jpg 1536w, https:\/\/vosgesinfo.fr\/app\/uploads\/sites\/5\/2024\/07\/benoit-poelvoorde-8-2048x1536.jpg 2048w\" sizes=\"(max-width: 1024px) 100vw, 1024px\" \/><\/a>\n\t\t\t<\/dt><\/dl><br style=\"clear: both\" \/>\n\t\t<\/div>\n\n<p>&nbsp;<\/p>\n<p>&nbsp;<\/p>\n<p>&nbsp;<\/p>\n","protected":false},"excerpt":{"rendered":"<p>\u00c0 l&rsquo;occasion de la pr\u00e9sence de Beno\u00eet Poelvoorde dans le d\u00e9partement pour le tournage du film \u00abLa bonne \u00e9toile\u00bb, l&rsquo;association [&hellip;]<\/p>\n","protected":false},"author":418,"featured_media":7866,"comment_status":"open","ping_status":"open","sticky":false,"template":"","format":"standard","meta":{"footnotes":""},"categories":[26,4,43,18],"tags":[1161,1274,1272,44,1273],"class_list":["post-7861","post","type-post","status-publish","format-standard","has-post-thumbnail","hentry","category-a-la-une","category-culture","category-remiremont-remiremont-son-canton","category-vosges","tag-benoit-poelvoorde","tag-le-majestic","tag-passion-cinema","tag-remiremont","tag-seance-exceptionnelle"],"acf":[],"yoast_head":"<!-- This site is optimized with the Yoast SEO plugin v22.5 - https:\/\/yoast.com\/wordpress\/plugins\/seo\/ -->\n<title>Beno\u00eet Poelvoorde \u00e0 la rencontre des Vosgiens au cin\u00e9ma Majestic - Remiremont Info<\/title>\n<meta name=\"robots\" content=\"index, follow, max-snippet:-1, max-image-preview:large, max-video-preview:-1\" \/>\n<link rel=\"canonical\" href=\"https:\/\/vosgesinfo.fr\/remiremontinfo\/2024\/07\/benoit-poelvoorde-a-la-rencontre-des-vosgiens-au-cinema-majestic\/\" \/>\n<meta name=\"twitter:card\" content=\"summary_large_image\" \/>\n<meta name=\"twitter:title\" content=\"Beno\u00eet Poelvoorde \u00e0 la rencontre des Vosgiens au cin\u00e9ma Majestic - Remiremont Info\" \/>\n<meta name=\"twitter:description\" content=\"\u00c0 l&rsquo;occasion de la pr\u00e9sence de Beno\u00eet Poelvoorde dans le d\u00e9partement pour le tournage du film \u00abLa bonne \u00e9toile\u00bb, l&rsquo;association [&hellip;]\" \/>\n<meta name=\"twitter:image\" content=\"https:\/\/vosgesinfo.fr\/app\/uploads\/sites\/5\/2024\/07\/benoit-poelvoorde-1-scaled.jpg\" \/>\n<meta name=\"twitter:creator\" content=\"@VosgesInfo88\" \/>\n<meta name=\"twitter:site\" content=\"@VosgesInfo88\" \/>\n<meta name=\"twitter:label1\" content=\"\u00c9crit par\" \/>\n\t<meta name=\"twitter:data1\" content=\"C.M\" \/>\n\t<meta name=\"twitter:label2\" content=\"Dur\u00e9e de lecture estim\u00e9e\" \/>\n\t<meta name=\"twitter:data2\" content=\"3 minutes\" \/>\n<script type=\"application\/ld+json\" class=\"yoast-schema-graph\">{\"@context\":\"https:\/\/schema.org\",\"@graph\":[{\"@type\":\"Article\",\"@id\":\"https:\/\/vosgesinfo.fr\/remiremontinfo\/2024\/07\/benoit-poelvoorde-a-la-rencontre-des-vosgiens-au-cinema-majestic\/#article\",\"isPartOf\":{\"@id\":\"https:\/\/vosgesinfo.fr\/remiremontinfo\/2024\/07\/benoit-poelvoorde-a-la-rencontre-des-vosgiens-au-cinema-majestic\/\"},\"author\":{\"name\":\"C.M\",\"@id\":\"https:\/\/vosgesinfo.fr\/remiremontinfo\/#\/schema\/person\/4f38cd3068e342935b7304695c797d08\"},\"headline\":\"Beno\u00eet Poelvoorde \u00e0 la rencontre des Vosgiens au cin\u00e9ma Majestic\",\"datePublished\":\"2024-07-14T12:38:33+00:00\",\"dateModified\":\"2024-07-14T14:18:56+00:00\",\"mainEntityOfPage\":{\"@id\":\"https:\/\/vosgesinfo.fr\/remiremontinfo\/2024\/07\/benoit-poelvoorde-a-la-rencontre-des-vosgiens-au-cinema-majestic\/\"},\"wordCount\":467,\"commentCount\":1,\"publisher\":{\"@id\":\"https:\/\/vosgesinfo.fr\/remiremontinfo\/#organization\"},\"image\":{\"@id\":\"https:\/\/vosgesinfo.fr\/remiremontinfo\/2024\/07\/benoit-poelvoorde-a-la-rencontre-des-vosgiens-au-cinema-majestic\/#primaryimage\"},\"thumbnailUrl\":\"https:\/\/vosgesinfo.fr\/app\/uploads\/sites\/5\/2024\/07\/benoit-poelvoorde-1-scaled.jpg\",\"keywords\":[\"Beno\u00eet Poelvoorde\",\"Le Majestic\",\"Passion cin\u00e9ma\",\"remiremont\",\"s\u00e9ance exceptionnelle\"],\"articleSection\":[\"A la Une\",\"Culture\",\"Remiremont\",\"Vosges\"],\"inLanguage\":\"fr-FR\",\"potentialAction\":[{\"@type\":\"CommentAction\",\"name\":\"Comment\",\"target\":[\"https:\/\/vosgesinfo.fr\/remiremontinfo\/2024\/07\/benoit-poelvoorde-a-la-rencontre-des-vosgiens-au-cinema-majestic\/#respond\"]}]},{\"@type\":\"WebPage\",\"@id\":\"https:\/\/vosgesinfo.fr\/remiremontinfo\/2024\/07\/benoit-poelvoorde-a-la-rencontre-des-vosgiens-au-cinema-majestic\/\",\"url\":\"https:\/\/vosgesinfo.fr\/remiremontinfo\/2024\/07\/benoit-poelvoorde-a-la-rencontre-des-vosgiens-au-cinema-majestic\/\",\"name\":\"Beno\u00eet Poelvoorde \u00e0 la rencontre des Vosgiens au cin\u00e9ma Majestic - Remiremont Info\",\"isPartOf\":{\"@id\":\"https:\/\/vosgesinfo.fr\/remiremontinfo\/#website\"},\"primaryImageOfPage\":{\"@id\":\"https:\/\/vosgesinfo.fr\/remiremontinfo\/2024\/07\/benoit-poelvoorde-a-la-rencontre-des-vosgiens-au-cinema-majestic\/#primaryimage\"},\"image\":{\"@id\":\"https:\/\/vosgesinfo.fr\/remiremontinfo\/2024\/07\/benoit-poelvoorde-a-la-rencontre-des-vosgiens-au-cinema-majestic\/#primaryimage\"},\"thumbnailUrl\":\"https:\/\/vosgesinfo.fr\/app\/uploads\/sites\/5\/2024\/07\/benoit-poelvoorde-1-scaled.jpg\",\"datePublished\":\"2024-07-14T12:38:33+00:00\",\"dateModified\":\"2024-07-14T14:18:56+00:00\",\"breadcrumb\":{\"@id\":\"https:\/\/vosgesinfo.fr\/remiremontinfo\/2024\/07\/benoit-poelvoorde-a-la-rencontre-des-vosgiens-au-cinema-majestic\/#breadcrumb\"},\"inLanguage\":\"fr-FR\",\"potentialAction\":[{\"@type\":\"ReadAction\",\"target\":[\"https:\/\/vosgesinfo.fr\/remiremontinfo\/2024\/07\/benoit-poelvoorde-a-la-rencontre-des-vosgiens-au-cinema-majestic\/\"]}]},{\"@type\":\"ImageObject\",\"inLanguage\":\"fr-FR\",\"@id\":\"https:\/\/vosgesinfo.fr\/remiremontinfo\/2024\/07\/benoit-poelvoorde-a-la-rencontre-des-vosgiens-au-cinema-majestic\/#primaryimage\",\"url\":\"https:\/\/vosgesinfo.fr\/app\/uploads\/sites\/5\/2024\/07\/benoit-poelvoorde-1-scaled.jpg\",\"contentUrl\":\"https:\/\/vosgesinfo.fr\/app\/uploads\/sites\/5\/2024\/07\/benoit-poelvoorde-1-scaled.jpg\",\"width\":2560,\"height\":1707},{\"@type\":\"BreadcrumbList\",\"@id\":\"https:\/\/vosgesinfo.fr\/remiremontinfo\/2024\/07\/benoit-poelvoorde-a-la-rencontre-des-vosgiens-au-cinema-majestic\/#breadcrumb\",\"itemListElement\":[{\"@type\":\"ListItem\",\"position\":1,\"name\":\"Home\",\"item\":\"https:\/\/vosgesinfo.fr\/remiremontinfo\/\"},{\"@type\":\"ListItem\",\"position\":2,\"name\":\"Beno\u00eet Poelvoorde \u00e0 la rencontre des Vosgiens au cin\u00e9ma Majestic\"}]},{\"@type\":\"WebSite\",\"@id\":\"https:\/\/vosgesinfo.fr\/remiremontinfo\/#website\",\"url\":\"https:\/\/vosgesinfo.fr\/remiremontinfo\/\",\"name\":\"Remiremont Info\",\"description\":\"Toute l&#039;actualit\u00e9 de Remiremont\",\"publisher\":{\"@id\":\"https:\/\/vosgesinfo.fr\/remiremontinfo\/#organization\"},\"alternateName\":\"Toute l'actualit\u00e9 de Remiremont\",\"potentialAction\":[{\"@type\":\"SearchAction\",\"target\":{\"@type\":\"EntryPoint\",\"urlTemplate\":\"https:\/\/vosgesinfo.fr\/remiremontinfo\/?s={search_term_string}\"},\"query-input\":\"required name=search_term_string\"}],\"inLanguage\":\"fr-FR\"},{\"@type\":\"Organization\",\"@id\":\"https:\/\/vosgesinfo.fr\/remiremontinfo\/#organization\",\"name\":\"Remiremont Info\",\"url\":\"https:\/\/vosgesinfo.fr\/remiremontinfo\/\",\"logo\":{\"@type\":\"ImageObject\",\"inLanguage\":\"fr-FR\",\"@id\":\"https:\/\/vosgesinfo.fr\/remiremontinfo\/#\/schema\/logo\/image\/\",\"url\":\"https:\/\/vosgesinfo.fr\/app\/uploads\/sites\/5\/2023\/08\/favicon-remiremontinfo.png\",\"contentUrl\":\"https:\/\/vosgesinfo.fr\/app\/uploads\/sites\/5\/2023\/08\/favicon-remiremontinfo.png\",\"width\":512,\"height\":512,\"caption\":\"Remiremont Info\"},\"image\":{\"@id\":\"https:\/\/vosgesinfo.fr\/remiremontinfo\/#\/schema\/logo\/image\/\"},\"sameAs\":[\"https:\/\/www.facebook.com\/remiremontinfo\",\"https:\/\/x.com\/VosgesInfo88\",\"https:\/\/www.youtube.com\/@vosgesinfo\"]},{\"@type\":\"Person\",\"@id\":\"https:\/\/vosgesinfo.fr\/remiremontinfo\/#\/schema\/person\/4f38cd3068e342935b7304695c797d08\",\"name\":\"C.M\",\"image\":{\"@type\":\"ImageObject\",\"inLanguage\":\"fr-FR\",\"@id\":\"https:\/\/vosgesinfo.fr\/remiremontinfo\/#\/schema\/person\/image\/\",\"url\":\"https:\/\/secure.gravatar.com\/avatar\/fe9daaef0164d920717484172682f3c5c9bcf7d42aa8c7048c76c34f0eb6c8da?s=96&d=mm&r=g\",\"contentUrl\":\"https:\/\/secure.gravatar.com\/avatar\/fe9daaef0164d920717484172682f3c5c9bcf7d42aa8c7048c76c34f0eb6c8da?s=96&d=mm&r=g\",\"caption\":\"C.M\"},\"url\":\"https:\/\/vosgesinfo.fr\/remiremontinfo\/author\/cm88200\/\"}]}<\/script>\n<!-- \/ Yoast SEO plugin. -->","yoast_head_json":{"title":"Beno\u00eet Poelvoorde \u00e0 la rencontre des Vosgiens au cin\u00e9ma Majestic - Remiremont Info","robots":{"index":"index","follow":"follow","max-snippet":"max-snippet:-1","max-image-preview":"max-image-preview:large","max-video-preview":"max-video-preview:-1"},"canonical":"https:\/\/vosgesinfo.fr\/remiremontinfo\/2024\/07\/benoit-poelvoorde-a-la-rencontre-des-vosgiens-au-cinema-majestic\/","twitter_card":"summary_large_image","twitter_title":"Beno\u00eet Poelvoorde \u00e0 la rencontre des Vosgiens au cin\u00e9ma Majestic - Remiremont Info","twitter_description":"\u00c0 l&rsquo;occasion de la pr\u00e9sence de Beno\u00eet Poelvoorde dans le d\u00e9partement pour le tournage du film \u00abLa bonne \u00e9toile\u00bb, l&rsquo;association [&hellip;]","twitter_image":"https:\/\/vosgesinfo.fr\/app\/uploads\/sites\/5\/2024\/07\/benoit-poelvoorde-1-scaled.jpg","twitter_creator":"@VosgesInfo88","twitter_site":"@VosgesInfo88","twitter_misc":{"\u00c9crit par":"C.M","Dur\u00e9e de lecture estim\u00e9e":"3 minutes"},"schema":{"@context":"https:\/\/schema.org","@graph":[{"@type":"Article","@id":"https:\/\/vosgesinfo.fr\/remiremontinfo\/2024\/07\/benoit-poelvoorde-a-la-rencontre-des-vosgiens-au-cinema-majestic\/#article","isPartOf":{"@id":"https:\/\/vosgesinfo.fr\/remiremontinfo\/2024\/07\/benoit-poelvoorde-a-la-rencontre-des-vosgiens-au-cinema-majestic\/"},"author":{"name":"C.M","@id":"https:\/\/vosgesinfo.fr\/remiremontinfo\/#\/schema\/person\/4f38cd3068e342935b7304695c797d08"},"headline":"Beno\u00eet Poelvoorde \u00e0 la rencontre des Vosgiens au cin\u00e9ma Majestic","datePublished":"2024-07-14T12:38:33+00:00","dateModified":"2024-07-14T14:18:56+00:00","mainEntityOfPage":{"@id":"https:\/\/vosgesinfo.fr\/remiremontinfo\/2024\/07\/benoit-poelvoorde-a-la-rencontre-des-vosgiens-au-cinema-majestic\/"},"wordCount":467,"commentCount":1,"publisher":{"@id":"https:\/\/vosgesinfo.fr\/remiremontinfo\/#organization"},"image":{"@id":"https:\/\/vosgesinfo.fr\/remiremontinfo\/2024\/07\/benoit-poelvoorde-a-la-rencontre-des-vosgiens-au-cinema-majestic\/#primaryimage"},"thumbnailUrl":"https:\/\/vosgesinfo.fr\/app\/uploads\/sites\/5\/2024\/07\/benoit-poelvoorde-1-scaled.jpg","keywords":["Beno\u00eet Poelvoorde","Le Majestic","Passion cin\u00e9ma","remiremont","s\u00e9ance exceptionnelle"],"articleSection":["A la Une","Culture","Remiremont","Vosges"],"inLanguage":"fr-FR","potentialAction":[{"@type":"CommentAction","name":"Comment","target":["https:\/\/vosgesinfo.fr\/remiremontinfo\/2024\/07\/benoit-poelvoorde-a-la-rencontre-des-vosgiens-au-cinema-majestic\/#respond"]}]},{"@type":"WebPage","@id":"https:\/\/vosgesinfo.fr\/remiremontinfo\/2024\/07\/benoit-poelvoorde-a-la-rencontre-des-vosgiens-au-cinema-majestic\/","url":"https:\/\/vosgesinfo.fr\/remiremontinfo\/2024\/07\/benoit-poelvoorde-a-la-rencontre-des-vosgiens-au-cinema-majestic\/","name":"Beno\u00eet Poelvoorde \u00e0 la rencontre des Vosgiens au cin\u00e9ma Majestic - Remiremont Info","isPartOf":{"@id":"https:\/\/vosgesinfo.fr\/remiremontinfo\/#website"},"primaryImageOfPage":{"@id":"https:\/\/vosgesinfo.fr\/remiremontinfo\/2024\/07\/benoit-poelvoorde-a-la-rencontre-des-vosgiens-au-cinema-majestic\/#primaryimage"},"image":{"@id":"https:\/\/vosgesinfo.fr\/remiremontinfo\/2024\/07\/benoit-poelvoorde-a-la-rencontre-des-vosgiens-au-cinema-majestic\/#primaryimage"},"thumbnailUrl":"https:\/\/vosgesinfo.fr\/app\/uploads\/sites\/5\/2024\/07\/benoit-poelvoorde-1-scaled.jpg","datePublished":"2024-07-14T12:38:33+00:00","dateModified":"2024-07-14T14:18:56+00:00","breadcrumb":{"@id":"https:\/\/vosgesinfo.fr\/remiremontinfo\/2024\/07\/benoit-poelvoorde-a-la-rencontre-des-vosgiens-au-cinema-majestic\/#breadcrumb"},"inLanguage":"fr-FR","potentialAction":[{"@type":"ReadAction","target":["https:\/\/vosgesinfo.fr\/remiremontinfo\/2024\/07\/benoit-poelvoorde-a-la-rencontre-des-vosgiens-au-cinema-majestic\/"]}]},{"@type":"ImageObject","inLanguage":"fr-FR","@id":"https:\/\/vosgesinfo.fr\/remiremontinfo\/2024\/07\/benoit-poelvoorde-a-la-rencontre-des-vosgiens-au-cinema-majestic\/#primaryimage","url":"https:\/\/vosgesinfo.fr\/app\/uploads\/sites\/5\/2024\/07\/benoit-poelvoorde-1-scaled.jpg","contentUrl":"https:\/\/vosgesinfo.fr\/app\/uploads\/sites\/5\/2024\/07\/benoit-poelvoorde-1-scaled.jpg","width":2560,"height":1707},{"@type":"BreadcrumbList","@id":"https:\/\/vosgesinfo.fr\/remiremontinfo\/2024\/07\/benoit-poelvoorde-a-la-rencontre-des-vosgiens-au-cinema-majestic\/#breadcrumb","itemListElement":[{"@type":"ListItem","position":1,"name":"Home","item":"https:\/\/vosgesinfo.fr\/remiremontinfo\/"},{"@type":"ListItem","position":2,"name":"Beno\u00eet Poelvoorde \u00e0 la rencontre des Vosgiens au cin\u00e9ma Majestic"}]},{"@type":"WebSite","@id":"https:\/\/vosgesinfo.fr\/remiremontinfo\/#website","url":"https:\/\/vosgesinfo.fr\/remiremontinfo\/","name":"Remiremont Info","description":"Toute l&#039;actualit\u00e9 de Remiremont","publisher":{"@id":"https:\/\/vosgesinfo.fr\/remiremontinfo\/#organization"},"alternateName":"Toute l'actualit\u00e9 de Remiremont","potentialAction":[{"@type":"SearchAction","target":{"@type":"EntryPoint","urlTemplate":"https:\/\/vosgesinfo.fr\/remiremontinfo\/?s={search_term_string}"},"query-input":"required name=search_term_string"}],"inLanguage":"fr-FR"},{"@type":"Organization","@id":"https:\/\/vosgesinfo.fr\/remiremontinfo\/#organization","name":"Remiremont Info","url":"https:\/\/vosgesinfo.fr\/remiremontinfo\/","logo":{"@type":"ImageObject","inLanguage":"fr-FR","@id":"https:\/\/vosgesinfo.fr\/remiremontinfo\/#\/schema\/logo\/image\/","url":"https:\/\/vosgesinfo.fr\/app\/uploads\/sites\/5\/2023\/08\/favicon-remiremontinfo.png","contentUrl":"https:\/\/vosgesinfo.fr\/app\/uploads\/sites\/5\/2023\/08\/favicon-remiremontinfo.png","width":512,"height":512,"caption":"Remiremont Info"},"image":{"@id":"https:\/\/vosgesinfo.fr\/remiremontinfo\/#\/schema\/logo\/image\/"},"sameAs":["https:\/\/www.facebook.com\/remiremontinfo","https:\/\/x.com\/VosgesInfo88","https:\/\/www.youtube.com\/@vosgesinfo"]},{"@type":"Person","@id":"https:\/\/vosgesinfo.fr\/remiremontinfo\/#\/schema\/person\/4f38cd3068e342935b7304695c797d08","name":"C.M","image":{"@type":"ImageObject","inLanguage":"fr-FR","@id":"https:\/\/vosgesinfo.fr\/remiremontinfo\/#\/schema\/person\/image\/","url":"https:\/\/secure.gravatar.com\/avatar\/fe9daaef0164d920717484172682f3c5c9bcf7d42aa8c7048c76c34f0eb6c8da?s=96&d=mm&r=g","contentUrl":"https:\/\/secure.gravatar.com\/avatar\/fe9daaef0164d920717484172682f3c5c9bcf7d42aa8c7048c76c34f0eb6c8da?s=96&d=mm&r=g","caption":"C.M"},"url":"https:\/\/vosgesinfo.fr\/remiremontinfo\/author\/cm88200\/"}]}},"_links":{"self":[{"href":"https:\/\/vosgesinfo.fr\/remiremontinfo\/wp-json\/wp\/v2\/posts\/7861","targetHints":{"allow":["GET"]}}],"collection":[{"href":"https:\/\/vosgesinfo.fr\/remiremontinfo\/wp-json\/wp\/v2\/posts"}],"about":[{"href":"https:\/\/vosgesinfo.fr\/remiremontinfo\/wp-json\/wp\/v2\/types\/post"}],"author":[{"embeddable":true,"href":"https:\/\/vosgesinfo.fr\/remiremontinfo\/wp-json\/wp\/v2\/users\/418"}],"replies":[{"embeddable":true,"href":"https:\/\/vosgesinfo.fr\/remiremontinfo\/wp-json\/wp\/v2\/comments?post=7861"}],"version-history":[{"count":3,"href":"https:\/\/vosgesinfo.fr\/remiremontinfo\/wp-json\/wp\/v2\/posts\/7861\/revisions"}],"predecessor-version":[{"id":7873,"href":"https:\/\/vosgesinfo.fr\/remiremontinfo\/wp-json\/wp\/v2\/posts\/7861\/revisions\/7873"}],"wp:featuredmedia":[{"embeddable":true,"href":"https:\/\/vosgesinfo.fr\/remiremontinfo\/wp-json\/wp\/v2\/media\/7866"}],"wp:attachment":[{"href":"https:\/\/vosgesinfo.fr\/remiremontinfo\/wp-json\/wp\/v2\/media?parent=7861"}],"wp:term":[{"taxonomy":"category","embeddable":true,"href":"https:\/\/vosgesinfo.fr\/remiremontinfo\/wp-json\/wp\/v2\/categories?post=7861"},{"taxonomy":"post_tag","embeddable":true,"href":"https:\/\/vosgesinfo.fr\/remiremontinfo\/wp-json\/wp\/v2\/tags?post=7861"}],"curies":[{"name":"wp","href":"https:\/\/api.w.org\/{rel}","templated":true}]}}