{"id":78681,"date":"2025-02-20T05:59:10","date_gmt":"2025-02-20T04:59:10","guid":{"rendered":"https:\/\/vosgesinfo.fr\/remiremontinfo\/?p=78681"},"modified":"2025-02-20T05:59:10","modified_gmt":"2025-02-20T04:59:10","slug":"fete-de-la-marche-nordique-et-de-la-randonnee","status":"publish","type":"post","link":"https:\/\/vosgesinfo.fr\/remiremontinfo\/2025\/02\/fete-de-la-marche-nordique-et-de-la-randonnee\/","title":{"rendered":"F\u00eate de la Marche Nordique et de la randonn\u00e9e"},"content":{"rendered":"<div><a href=\"https:\/\/vosgesinfo.fr\/app\/uploads\/sites\/6\/2024\/07\/202110club-vosgien-assises-annuelles-1-1.jpg\"><img decoding=\"async\" class=\"aligncenter size-medium wp-image-62758\" src=\"https:\/\/vosgesinfo.fr\/app\/uploads\/sites\/6\/2024\/07\/202110club-vosgien-assises-annuelles-1-1-300x114.jpg\" alt=\"\" width=\"300\" height=\"114\" \/><\/a><\/div>\n<div><\/div>\n<div class=\"gmail_default\">Dans le cadre des 150 ans de l&rsquo;OT de G\u00e9rardmer le Club Vosgien organise le samedi 17 mai la f\u00eate de la Marche Nordique et de la Randonn\u00e9e.<\/div>\n<div><\/div>\n<div class=\"gmail_default\">Cet \u00e9v\u00e9nement aura lieu sur les quais du Lac de 9H \u00e0 17H<\/div>\n<div class=\"gmail_default\">\n<ul>\n<li>Inscription\u00a0gratuite,<\/li>\n<li>Trois circuits pour trois distances possibles avec d\u00e9part sur les quais<\/li>\n<li>Initiation et Perfectionnement encadr\u00e9s par des animateurs<\/li>\n<li>Conf\u00e9rence sur les bienfaits de la Marche Nordique<\/li>\n<\/ul>\n<div>\n<p align=\"left\"><span style=\"font-family: Calibri, serif; font-size: 12pt;\"><b>Trois circuits propos\u00e9s <\/b><\/span><\/p>\n<p align=\"left\"><span style=\"font-family: Calibri, serif; font-size: 12pt;\"><span style=\"color: #00b050;\"><b>En vert 5.5km D+ 120m<\/b><\/span><\/span><\/p>\n<p align=\"left\"><span style=\"font-family: Calibri, serif; font-size: 12pt;\"><span style=\"color: #00b0f0;\"><b>En bleu 9.0km D+ 270m<\/b><\/span><\/span><\/p>\n<p align=\"left\"><span style=\"font-family: Calibri, serif; font-size: 12pt;\"><span style=\"color: #ff0000;\"><b>En rouge 13.5km D+ 400m<\/b><\/span><\/span><\/p>\n<p align=\"left\"><a href=\"https:\/\/vosgesinfo.fr\/app\/uploads\/sites\/6\/2025\/02\/carte-marche-nordique.jpg\"><img decoding=\"async\" class=\"aligncenter size-medium wp-image-74502\" src=\"https:\/\/vosgesinfo.fr\/app\/uploads\/sites\/6\/2025\/02\/carte-marche-nordique-226x300.jpg\" alt=\"\" width=\"226\" height=\"300\" \/><\/a><\/p>\n<p align=\"center\"><span style=\"font-family: Calibri, serif; font-size: 12pt;\"><b>Inscription Gratuite pour tout le monde<\/b><\/span><\/p>\n<p align=\"left\"><span style=\"font-family: Calibri, serif; font-size: 12pt;\"><b>Initiation et perfectionnement \u00e0 la marche nordique<\/b><\/span><\/p>\n<p align=\"left\"><span style=\"font-family: Calibri, serif; font-size: 12pt;\">Sur les quais du lac<\/span><\/p>\n<p align=\"left\"><span style=\"font-family: Calibri, serif; font-size: 12pt;\">Pr\u00eats de b\u00e2tons<\/span><\/p>\n<p align=\"left\"><span style=\"font-family: Calibri, serif; font-size: 12pt;\">De 10H \u00e0 12H et de 14H \u00e0 16H<\/span><\/p>\n<p align=\"left\">\n<p align=\"center\"><span style=\"font-family: Calibri, serif; font-size: 12pt;\"><b>Pour les Nordiqueurs<\/b><\/span><\/p>\n<p align=\"left\"><span style=\"font-family: Calibri, serif; font-size: 12pt;\"><b>6 D\u00e9parts group\u00e9s et accompagn\u00e9s d\u2019un animateur du club<\/b><\/span><\/p>\n<table width=\"480\" cellspacing=\"0\" cellpadding=\"7\">\n<tbody>\n<tr>\n<td width=\"145\">\n<p align=\"center\"><span style=\"font-family: Calibri, serif; font-size: 12pt;\"><b>Circuits<\/b><\/span><\/p>\n<\/td>\n<td width=\"146\">\n<p align=\"center\"><span style=\"font-family: Calibri, serif; font-size: 12pt;\"><b>Matin<\/b><\/span><\/p>\n<\/td>\n<td width=\"145\">\n<p align=\"center\"><span style=\"font-family: Calibri, serif; font-size: 12pt;\"><b>Apr\u00e8s midi<\/b><\/span><\/p>\n<\/td>\n<\/tr>\n<tr valign=\"top\">\n<td width=\"145\">\n<p align=\"center\"><span style=\"font-family: Calibri, serif; font-size: 12pt;\"><span style=\"color: #ff0000;\">C3 13.5 Km<\/span><\/span><\/p>\n<\/td>\n<td width=\"146\">\n<p align=\"center\"><span style=\"font-family: Calibri, serif; font-size: 12pt;\"><span style=\"color: #ff0000;\">09H30<\/span><\/span><\/p>\n<\/td>\n<td width=\"145\">\n<p align=\"center\"><span style=\"font-family: Calibri, serif; font-size: 12pt;\"><span style=\"color: #ff0000;\">14H00<\/span><\/span><\/p>\n<\/td>\n<\/tr>\n<tr>\n<td width=\"145\">\n<p align=\"center\"><span style=\"font-family: Calibri, serif; font-size: 12pt;\"><span style=\"color: #0070c0;\">C2 9.0 Km<\/span><\/span><\/p>\n<\/td>\n<td width=\"146\">\n<p align=\"center\"><span style=\"font-family: Calibri, serif; font-size: 12pt;\"><span style=\"color: #0070c0;\">09H45<\/span><\/span><\/p>\n<\/td>\n<td width=\"145\">\n<p align=\"center\"><span style=\"font-family: Calibri, serif; font-size: 12pt;\"><span style=\"color: #0070c0;\">14H15<\/span><\/span><\/p>\n<\/td>\n<\/tr>\n<tr>\n<td width=\"145\">\n<p align=\"center\"><span style=\"font-family: Calibri, serif; font-size: 12pt;\"><span style=\"color: #00b050;\">C1 5.5 Km<\/span><\/span><\/p>\n<\/td>\n<td width=\"146\">\n<p align=\"center\"><span style=\"font-family: Calibri, serif; font-size: 12pt;\"><span style=\"color: #00b050;\">10H00<\/span><\/span><\/p>\n<\/td>\n<td width=\"145\">\n<p align=\"center\"><span style=\"font-family: Calibri, serif; font-size: 12pt;\"><span style=\"color: #00b050;\">14H30<\/span><\/span><\/p>\n<\/td>\n<\/tr>\n<\/tbody>\n<\/table>\n<p align=\"center\"><span style=\"font-family: Calibri, serif; font-size: 12pt;\"><b>Pour les randonneurs<\/b><\/span><\/p>\n<p align=\"left\"><span style=\"font-size: 12pt;\"><span style=\"font-family: Calibri, serif;\"><b>Marche classique sur les trois circuits<\/b><\/span><b><\/b><\/span><\/p>\n<p align=\"left\"><span style=\"font-family: Calibri, serif; font-size: 12pt;\">Point remarquable\u00a0: Saut de la Bourrique<\/span><\/p>\n<table width=\"477\" cellspacing=\"0\" cellpadding=\"7\">\n<tbody>\n<tr>\n<td width=\"145\">\n<p align=\"center\"><span style=\"font-family: Calibri, serif; font-size: 12pt;\"><b>Circuits<\/b><\/span><\/p>\n<\/td>\n<td width=\"303\">\n<p align=\"center\"><span style=\"font-family: Calibri, serif; font-size: 12pt;\"><b>D\u00e9parts<\/b><\/span><\/p>\n<\/td>\n<\/tr>\n<tr valign=\"top\">\n<td width=\"145\">\n<p align=\"center\"><span style=\"font-family: Calibri, serif; font-size: 12pt;\"><span style=\"color: #ff0000;\">C3 13.5 Km<\/span><\/span><\/p>\n<\/td>\n<td width=\"303\">\n<p align=\"center\"><span style=\"font-family: Calibri, serif; font-size: 12pt;\"><span style=\"color: #ff0000;\">De 09H30 \u00e0 12H00<\/span><\/span><\/p>\n<\/td>\n<\/tr>\n<tr>\n<td width=\"145\">\n<p align=\"center\"><span style=\"font-family: Calibri, serif; font-size: 12pt;\"><span style=\"color: #0070c0;\">C2 9.0 Km<\/span><\/span><\/p>\n<\/td>\n<td width=\"303\">\n<p align=\"center\"><span style=\"font-family: Calibri, serif; font-size: 12pt;\"><span style=\"color: #0070c0;\">De 09H30 \u00e0 13H00<\/span><\/span><\/p>\n<\/td>\n<\/tr>\n<tr>\n<td width=\"145\">\n<p align=\"center\"><span style=\"font-family: Calibri, serif; font-size: 12pt;\"><span style=\"color: #00b050;\">C1 5.5 Km<\/span><\/span><\/p>\n<\/td>\n<td width=\"303\">\n<p align=\"center\"><span style=\"font-family: Calibri, serif; font-size: 12pt;\"><span style=\"color: #00b050;\">De 9H30 \u00e0 13H00<\/span><\/span><\/p>\n<\/td>\n<\/tr>\n<\/tbody>\n<\/table>\n<p align=\"left\"><span style=\"font-family: Calibri, serif; font-size: 12pt;\"><b>Conf\u00e9rence d\u00e9bat sur les bienfaits de la Marche Nordique<\/b><\/span><\/p>\n<p align=\"left\"><span style=\"font-family: Calibri, serif; font-size: 12pt;\">Espace Lac, Salle de l\u2019Horloge \u00e0 15H00<\/span><\/p>\n<p align=\"left\"><span style=\"font-family: Calibri, serif; font-size: 12pt;\"><b>Restauration au b\u00e9n\u00e9fice de l\u2019association AOA2<\/b><\/span><\/p>\n<p align=\"left\"><span style=\"font-family: Calibri, serif; font-size: 12pt;\">Vente de Flammek\u00fceche, Hot Dog, Desserts, Boissons, Caf\u00e9s<\/span><\/p>\n<p align=\"left\"><span style=\"font-family: Calibri, serif; font-size: 12pt;\">Possibilit\u00e9 de pique-niquer sous abri avec tables et bancs<\/span><\/p>\n<\/div>\n<\/div>\n","protected":false},"excerpt":{"rendered":"<p>Dans le cadre des 150 ans de l&rsquo;OT de G\u00e9rardmer le Club Vosgien organise le samedi 17 mai la f\u00eate [&hellip;]<\/p>\n","protected":false},"author":391,"featured_media":78682,"comment_status":"open","ping_status":"open","sticky":false,"template":"","format":"standard","meta":{"footnotes":""},"categories":[26,108,62,43,362,15],"tags":[7228,5403],"class_list":["post-78681","post","type-post","status-publish","format-standard","has-post-thumbnail","hentry","category-a-la-une","category-epinal","category-gerardmer","category-remiremont-remiremont-son-canton","category-saint-die","category-tourisme","tag-club-vosgien-gerardmer","tag-marche-nordique"],"acf":[],"yoast_head":"<!-- This site is optimized with the Yoast SEO plugin v22.5 - https:\/\/yoast.com\/wordpress\/plugins\/seo\/ -->\n<title>F\u00eate de la Marche Nordique et de la randonn\u00e9e - Remiremont Info<\/title>\n<meta name=\"robots\" content=\"index, follow, max-snippet:-1, max-image-preview:large, max-video-preview:-1\" \/>\n<link rel=\"canonical\" href=\"https:\/\/vosgesinfo.fr\/remiremontinfo\/2025\/02\/fete-de-la-marche-nordique-et-de-la-randonnee\/\" \/>\n<meta name=\"twitter:card\" content=\"summary_large_image\" \/>\n<meta name=\"twitter:title\" content=\"F\u00eate de la Marche Nordique et de la randonn\u00e9e - Remiremont Info\" \/>\n<meta name=\"twitter:description\" content=\"Dans le cadre des 150 ans de l&rsquo;OT de G\u00e9rardmer le Club Vosgien organise le samedi 17 mai la f\u00eate [&hellip;]\" \/>\n<meta name=\"twitter:image\" content=\"https:\/\/vosgesinfo.fr\/app\/uploads\/sites\/5\/2025\/02\/carte-marche-nordique.jpg\" \/>\n<meta name=\"twitter:creator\" content=\"@VosgesInfo88\" \/>\n<meta name=\"twitter:site\" content=\"@VosgesInfo88\" \/>\n<meta name=\"twitter:label1\" content=\"\u00c9crit par\" \/>\n\t<meta name=\"twitter:data1\" content=\"La redaction\" \/>\n\t<meta name=\"twitter:label2\" content=\"Dur\u00e9e de lecture estim\u00e9e\" \/>\n\t<meta name=\"twitter:data2\" content=\"1 minute\" \/>\n<script type=\"application\/ld+json\" class=\"yoast-schema-graph\">{\"@context\":\"https:\/\/schema.org\",\"@graph\":[{\"@type\":\"Article\",\"@id\":\"https:\/\/vosgesinfo.fr\/remiremontinfo\/2025\/02\/fete-de-la-marche-nordique-et-de-la-randonnee\/#article\",\"isPartOf\":{\"@id\":\"https:\/\/vosgesinfo.fr\/remiremontinfo\/2025\/02\/fete-de-la-marche-nordique-et-de-la-randonnee\/\"},\"author\":{\"name\":\"La redaction\",\"@id\":\"https:\/\/vosgesinfo.fr\/remiremontinfo\/#\/schema\/person\/27a3695b06db98895b354c0765cdfc31\"},\"headline\":\"F\u00eate de la Marche Nordique et de la randonn\u00e9e\",\"datePublished\":\"2025-02-20T04:59:10+00:00\",\"dateModified\":\"2025-02-20T04:59:10+00:00\",\"mainEntityOfPage\":{\"@id\":\"https:\/\/vosgesinfo.fr\/remiremontinfo\/2025\/02\/fete-de-la-marche-nordique-et-de-la-randonnee\/\"},\"wordCount\":244,\"commentCount\":0,\"publisher\":{\"@id\":\"https:\/\/vosgesinfo.fr\/remiremontinfo\/#organization\"},\"image\":{\"@id\":\"https:\/\/vosgesinfo.fr\/remiremontinfo\/2025\/02\/fete-de-la-marche-nordique-et-de-la-randonnee\/#primaryimage\"},\"thumbnailUrl\":\"https:\/\/vosgesinfo.fr\/app\/uploads\/sites\/5\/2025\/02\/carte-marche-nordique.jpg\",\"keywords\":[\"Club Vosgien G\u00e9rardmer\",\"Marche Nordique\"],\"articleSection\":[\"A la Une\",\"Epinal\",\"G\u00e9rardmer\",\"Remiremont\",\"Saint-di\u00e9\",\"Tourisme\"],\"inLanguage\":\"fr-FR\",\"potentialAction\":[{\"@type\":\"CommentAction\",\"name\":\"Comment\",\"target\":[\"https:\/\/vosgesinfo.fr\/remiremontinfo\/2025\/02\/fete-de-la-marche-nordique-et-de-la-randonnee\/#respond\"]}]},{\"@type\":\"WebPage\",\"@id\":\"https:\/\/vosgesinfo.fr\/remiremontinfo\/2025\/02\/fete-de-la-marche-nordique-et-de-la-randonnee\/\",\"url\":\"https:\/\/vosgesinfo.fr\/remiremontinfo\/2025\/02\/fete-de-la-marche-nordique-et-de-la-randonnee\/\",\"name\":\"F\u00eate de la Marche Nordique et de la randonn\u00e9e - Remiremont Info\",\"isPartOf\":{\"@id\":\"https:\/\/vosgesinfo.fr\/remiremontinfo\/#website\"},\"primaryImageOfPage\":{\"@id\":\"https:\/\/vosgesinfo.fr\/remiremontinfo\/2025\/02\/fete-de-la-marche-nordique-et-de-la-randonnee\/#primaryimage\"},\"image\":{\"@id\":\"https:\/\/vosgesinfo.fr\/remiremontinfo\/2025\/02\/fete-de-la-marche-nordique-et-de-la-randonnee\/#primaryimage\"},\"thumbnailUrl\":\"https:\/\/vosgesinfo.fr\/app\/uploads\/sites\/5\/2025\/02\/carte-marche-nordique.jpg\",\"datePublished\":\"2025-02-20T04:59:10+00:00\",\"dateModified\":\"2025-02-20T04:59:10+00:00\",\"breadcrumb\":{\"@id\":\"https:\/\/vosgesinfo.fr\/remiremontinfo\/2025\/02\/fete-de-la-marche-nordique-et-de-la-randonnee\/#breadcrumb\"},\"inLanguage\":\"fr-FR\",\"potentialAction\":[{\"@type\":\"ReadAction\",\"target\":[\"https:\/\/vosgesinfo.fr\/remiremontinfo\/2025\/02\/fete-de-la-marche-nordique-et-de-la-randonnee\/\"]}]},{\"@type\":\"ImageObject\",\"inLanguage\":\"fr-FR\",\"@id\":\"https:\/\/vosgesinfo.fr\/remiremontinfo\/2025\/02\/fete-de-la-marche-nordique-et-de-la-randonnee\/#primaryimage\",\"url\":\"https:\/\/vosgesinfo.fr\/app\/uploads\/sites\/5\/2025\/02\/carte-marche-nordique.jpg\",\"contentUrl\":\"https:\/\/vosgesinfo.fr\/app\/uploads\/sites\/5\/2025\/02\/carte-marche-nordique.jpg\",\"width\":541,\"height\":718},{\"@type\":\"BreadcrumbList\",\"@id\":\"https:\/\/vosgesinfo.fr\/remiremontinfo\/2025\/02\/fete-de-la-marche-nordique-et-de-la-randonnee\/#breadcrumb\",\"itemListElement\":[{\"@type\":\"ListItem\",\"position\":1,\"name\":\"Home\",\"item\":\"https:\/\/vosgesinfo.fr\/remiremontinfo\/\"},{\"@type\":\"ListItem\",\"position\":2,\"name\":\"F\u00eate de la Marche Nordique et de la randonn\u00e9e\"}]},{\"@type\":\"WebSite\",\"@id\":\"https:\/\/vosgesinfo.fr\/remiremontinfo\/#website\",\"url\":\"https:\/\/vosgesinfo.fr\/remiremontinfo\/\",\"name\":\"Remiremont Info\",\"description\":\"Toute l&#039;actualit\u00e9 de Remiremont\",\"publisher\":{\"@id\":\"https:\/\/vosgesinfo.fr\/remiremontinfo\/#organization\"},\"alternateName\":\"Toute l'actualit\u00e9 de Remiremont\",\"potentialAction\":[{\"@type\":\"SearchAction\",\"target\":{\"@type\":\"EntryPoint\",\"urlTemplate\":\"https:\/\/vosgesinfo.fr\/remiremontinfo\/?s={search_term_string}\"},\"query-input\":\"required name=search_term_string\"}],\"inLanguage\":\"fr-FR\"},{\"@type\":\"Organization\",\"@id\":\"https:\/\/vosgesinfo.fr\/remiremontinfo\/#organization\",\"name\":\"Remiremont Info\",\"url\":\"https:\/\/vosgesinfo.fr\/remiremontinfo\/\",\"logo\":{\"@type\":\"ImageObject\",\"inLanguage\":\"fr-FR\",\"@id\":\"https:\/\/vosgesinfo.fr\/remiremontinfo\/#\/schema\/logo\/image\/\",\"url\":\"https:\/\/vosgesinfo.fr\/app\/uploads\/sites\/5\/2023\/08\/favicon-remiremontinfo.png\",\"contentUrl\":\"https:\/\/vosgesinfo.fr\/app\/uploads\/sites\/5\/2023\/08\/favicon-remiremontinfo.png\",\"width\":512,\"height\":512,\"caption\":\"Remiremont Info\"},\"image\":{\"@id\":\"https:\/\/vosgesinfo.fr\/remiremontinfo\/#\/schema\/logo\/image\/\"},\"sameAs\":[\"https:\/\/www.facebook.com\/remiremontinfo\",\"https:\/\/x.com\/VosgesInfo88\",\"https:\/\/www.youtube.com\/@vosgesinfo\"]},{\"@type\":\"Person\",\"@id\":\"https:\/\/vosgesinfo.fr\/remiremontinfo\/#\/schema\/person\/27a3695b06db98895b354c0765cdfc31\",\"name\":\"La redaction\",\"image\":{\"@type\":\"ImageObject\",\"inLanguage\":\"fr-FR\",\"@id\":\"https:\/\/vosgesinfo.fr\/remiremontinfo\/#\/schema\/person\/image\/\",\"url\":\"https:\/\/secure.gravatar.com\/avatar\/64c76a78e501cedee55736f43f332df901e1896ae9cd8fad269ae2236dd0e8b6?s=96&d=mm&r=g\",\"contentUrl\":\"https:\/\/secure.gravatar.com\/avatar\/64c76a78e501cedee55736f43f332df901e1896ae9cd8fad269ae2236dd0e8b6?s=96&d=mm&r=g\",\"caption\":\"La redaction\"},\"url\":\"https:\/\/vosgesinfo.fr\/remiremontinfo\/author\/la-redaction\/\"}]}<\/script>\n<!-- \/ Yoast SEO plugin. -->","yoast_head_json":{"title":"F\u00eate de la Marche Nordique et de la randonn\u00e9e - Remiremont Info","robots":{"index":"index","follow":"follow","max-snippet":"max-snippet:-1","max-image-preview":"max-image-preview:large","max-video-preview":"max-video-preview:-1"},"canonical":"https:\/\/vosgesinfo.fr\/remiremontinfo\/2025\/02\/fete-de-la-marche-nordique-et-de-la-randonnee\/","twitter_card":"summary_large_image","twitter_title":"F\u00eate de la Marche Nordique et de la randonn\u00e9e - Remiremont Info","twitter_description":"Dans le cadre des 150 ans de l&rsquo;OT de G\u00e9rardmer le Club Vosgien organise le samedi 17 mai la f\u00eate [&hellip;]","twitter_image":"https:\/\/vosgesinfo.fr\/app\/uploads\/sites\/5\/2025\/02\/carte-marche-nordique.jpg","twitter_creator":"@VosgesInfo88","twitter_site":"@VosgesInfo88","twitter_misc":{"\u00c9crit par":"La redaction","Dur\u00e9e de lecture estim\u00e9e":"1 minute"},"schema":{"@context":"https:\/\/schema.org","@graph":[{"@type":"Article","@id":"https:\/\/vosgesinfo.fr\/remiremontinfo\/2025\/02\/fete-de-la-marche-nordique-et-de-la-randonnee\/#article","isPartOf":{"@id":"https:\/\/vosgesinfo.fr\/remiremontinfo\/2025\/02\/fete-de-la-marche-nordique-et-de-la-randonnee\/"},"author":{"name":"La redaction","@id":"https:\/\/vosgesinfo.fr\/remiremontinfo\/#\/schema\/person\/27a3695b06db98895b354c0765cdfc31"},"headline":"F\u00eate de la Marche Nordique et de la randonn\u00e9e","datePublished":"2025-02-20T04:59:10+00:00","dateModified":"2025-02-20T04:59:10+00:00","mainEntityOfPage":{"@id":"https:\/\/vosgesinfo.fr\/remiremontinfo\/2025\/02\/fete-de-la-marche-nordique-et-de-la-randonnee\/"},"wordCount":244,"commentCount":0,"publisher":{"@id":"https:\/\/vosgesinfo.fr\/remiremontinfo\/#organization"},"image":{"@id":"https:\/\/vosgesinfo.fr\/remiremontinfo\/2025\/02\/fete-de-la-marche-nordique-et-de-la-randonnee\/#primaryimage"},"thumbnailUrl":"https:\/\/vosgesinfo.fr\/app\/uploads\/sites\/5\/2025\/02\/carte-marche-nordique.jpg","keywords":["Club Vosgien G\u00e9rardmer","Marche Nordique"],"articleSection":["A la Une","Epinal","G\u00e9rardmer","Remiremont","Saint-di\u00e9","Tourisme"],"inLanguage":"fr-FR","potentialAction":[{"@type":"CommentAction","name":"Comment","target":["https:\/\/vosgesinfo.fr\/remiremontinfo\/2025\/02\/fete-de-la-marche-nordique-et-de-la-randonnee\/#respond"]}]},{"@type":"WebPage","@id":"https:\/\/vosgesinfo.fr\/remiremontinfo\/2025\/02\/fete-de-la-marche-nordique-et-de-la-randonnee\/","url":"https:\/\/vosgesinfo.fr\/remiremontinfo\/2025\/02\/fete-de-la-marche-nordique-et-de-la-randonnee\/","name":"F\u00eate de la Marche Nordique et de la randonn\u00e9e - Remiremont Info","isPartOf":{"@id":"https:\/\/vosgesinfo.fr\/remiremontinfo\/#website"},"primaryImageOfPage":{"@id":"https:\/\/vosgesinfo.fr\/remiremontinfo\/2025\/02\/fete-de-la-marche-nordique-et-de-la-randonnee\/#primaryimage"},"image":{"@id":"https:\/\/vosgesinfo.fr\/remiremontinfo\/2025\/02\/fete-de-la-marche-nordique-et-de-la-randonnee\/#primaryimage"},"thumbnailUrl":"https:\/\/vosgesinfo.fr\/app\/uploads\/sites\/5\/2025\/02\/carte-marche-nordique.jpg","datePublished":"2025-02-20T04:59:10+00:00","dateModified":"2025-02-20T04:59:10+00:00","breadcrumb":{"@id":"https:\/\/vosgesinfo.fr\/remiremontinfo\/2025\/02\/fete-de-la-marche-nordique-et-de-la-randonnee\/#breadcrumb"},"inLanguage":"fr-FR","potentialAction":[{"@type":"ReadAction","target":["https:\/\/vosgesinfo.fr\/remiremontinfo\/2025\/02\/fete-de-la-marche-nordique-et-de-la-randonnee\/"]}]},{"@type":"ImageObject","inLanguage":"fr-FR","@id":"https:\/\/vosgesinfo.fr\/remiremontinfo\/2025\/02\/fete-de-la-marche-nordique-et-de-la-randonnee\/#primaryimage","url":"https:\/\/vosgesinfo.fr\/app\/uploads\/sites\/5\/2025\/02\/carte-marche-nordique.jpg","contentUrl":"https:\/\/vosgesinfo.fr\/app\/uploads\/sites\/5\/2025\/02\/carte-marche-nordique.jpg","width":541,"height":718},{"@type":"BreadcrumbList","@id":"https:\/\/vosgesinfo.fr\/remiremontinfo\/2025\/02\/fete-de-la-marche-nordique-et-de-la-randonnee\/#breadcrumb","itemListElement":[{"@type":"ListItem","position":1,"name":"Home","item":"https:\/\/vosgesinfo.fr\/remiremontinfo\/"},{"@type":"ListItem","position":2,"name":"F\u00eate de la Marche Nordique et de la randonn\u00e9e"}]},{"@type":"WebSite","@id":"https:\/\/vosgesinfo.fr\/remiremontinfo\/#website","url":"https:\/\/vosgesinfo.fr\/remiremontinfo\/","name":"Remiremont Info","description":"Toute l&#039;actualit\u00e9 de Remiremont","publisher":{"@id":"https:\/\/vosgesinfo.fr\/remiremontinfo\/#organization"},"alternateName":"Toute l'actualit\u00e9 de Remiremont","potentialAction":[{"@type":"SearchAction","target":{"@type":"EntryPoint","urlTemplate":"https:\/\/vosgesinfo.fr\/remiremontinfo\/?s={search_term_string}"},"query-input":"required name=search_term_string"}],"inLanguage":"fr-FR"},{"@type":"Organization","@id":"https:\/\/vosgesinfo.fr\/remiremontinfo\/#organization","name":"Remiremont Info","url":"https:\/\/vosgesinfo.fr\/remiremontinfo\/","logo":{"@type":"ImageObject","inLanguage":"fr-FR","@id":"https:\/\/vosgesinfo.fr\/remiremontinfo\/#\/schema\/logo\/image\/","url":"https:\/\/vosgesinfo.fr\/app\/uploads\/sites\/5\/2023\/08\/favicon-remiremontinfo.png","contentUrl":"https:\/\/vosgesinfo.fr\/app\/uploads\/sites\/5\/2023\/08\/favicon-remiremontinfo.png","width":512,"height":512,"caption":"Remiremont Info"},"image":{"@id":"https:\/\/vosgesinfo.fr\/remiremontinfo\/#\/schema\/logo\/image\/"},"sameAs":["https:\/\/www.facebook.com\/remiremontinfo","https:\/\/x.com\/VosgesInfo88","https:\/\/www.youtube.com\/@vosgesinfo"]},{"@type":"Person","@id":"https:\/\/vosgesinfo.fr\/remiremontinfo\/#\/schema\/person\/27a3695b06db98895b354c0765cdfc31","name":"La redaction","image":{"@type":"ImageObject","inLanguage":"fr-FR","@id":"https:\/\/vosgesinfo.fr\/remiremontinfo\/#\/schema\/person\/image\/","url":"https:\/\/secure.gravatar.com\/avatar\/64c76a78e501cedee55736f43f332df901e1896ae9cd8fad269ae2236dd0e8b6?s=96&d=mm&r=g","contentUrl":"https:\/\/secure.gravatar.com\/avatar\/64c76a78e501cedee55736f43f332df901e1896ae9cd8fad269ae2236dd0e8b6?s=96&d=mm&r=g","caption":"La redaction"},"url":"https:\/\/vosgesinfo.fr\/remiremontinfo\/author\/la-redaction\/"}]}},"_links":{"self":[{"href":"https:\/\/vosgesinfo.fr\/remiremontinfo\/wp-json\/wp\/v2\/posts\/78681","targetHints":{"allow":["GET"]}}],"collection":[{"href":"https:\/\/vosgesinfo.fr\/remiremontinfo\/wp-json\/wp\/v2\/posts"}],"about":[{"href":"https:\/\/vosgesinfo.fr\/remiremontinfo\/wp-json\/wp\/v2\/types\/post"}],"author":[{"embeddable":true,"href":"https:\/\/vosgesinfo.fr\/remiremontinfo\/wp-json\/wp\/v2\/users\/391"}],"replies":[{"embeddable":true,"href":"https:\/\/vosgesinfo.fr\/remiremontinfo\/wp-json\/wp\/v2\/comments?post=78681"}],"version-history":[{"count":0,"href":"https:\/\/vosgesinfo.fr\/remiremontinfo\/wp-json\/wp\/v2\/posts\/78681\/revisions"}],"wp:featuredmedia":[{"embeddable":true,"href":"https:\/\/vosgesinfo.fr\/remiremontinfo\/wp-json\/wp\/v2\/media\/78682"}],"wp:attachment":[{"href":"https:\/\/vosgesinfo.fr\/remiremontinfo\/wp-json\/wp\/v2\/media?parent=78681"}],"wp:term":[{"taxonomy":"category","embeddable":true,"href":"https:\/\/vosgesinfo.fr\/remiremontinfo\/wp-json\/wp\/v2\/categories?post=78681"},{"taxonomy":"post_tag","embeddable":true,"href":"https:\/\/vosgesinfo.fr\/remiremontinfo\/wp-json\/wp\/v2\/tags?post=78681"}],"curies":[{"name":"wp","href":"https:\/\/api.w.org\/{rel}","templated":true}]}}