{"id":78692,"date":"2025-02-19T10:59:52","date_gmt":"2025-02-19T09:59:52","guid":{"rendered":"https:\/\/vosgesinfo.fr\/remiremontinfo\/?p=78692"},"modified":"2025-02-19T10:59:52","modified_gmt":"2025-02-19T09:59:52","slug":"exposition-peintures-de-vincent-ganaye-au-musee-charles-friry-de-remiremont-du-19-fevrier-au-18-mai","status":"publish","type":"post","link":"https:\/\/vosgesinfo.fr\/remiremontinfo\/2025\/02\/exposition-peintures-de-vincent-ganaye-au-musee-charles-friry-de-remiremont-du-19-fevrier-au-18-mai\/","title":{"rendered":"Exposition \u00ab\u00a0Peintures\u00a0\u00bb de Vincent Ganaye au mus\u00e9e Charles Friry de Remiremont du 19 f\u00e9vrier au 18 mai"},"content":{"rendered":"<p style=\"text-align: center;\"><strong>Exposition \u00ab\u00a0Peintures\u00a0\u00bb de Vincent Ganaye au mus\u00e9e Charles Friry de Remiremont du 19 f\u00e9vrier au 18 mai 2025.<\/strong><\/p>\n<p><strong>Nuit\u00a0des\u00a0mus\u00e9es\u00a0:\u00a0\u00a018\u00a0mai\u00a020h-23h<\/strong><\/p>\n<p>Treize\u00a0tableaux\u00a0de\u00a0grands\u00a0formats\u00a0sont\u00a0expos\u00e9s.<\/p>\n<p>Mus\u00e9e\u00a0ouvert\u00a0du\u00a0mercredi\u00a0au\u00a0dimanche\u00a0de\u00a010h-12h\u00a0et\u00a014h-18h<\/p>\n<p>L&rsquo;exposition de ses photographies se termine quant \u00e0 elle le dimanche 2 mars au mus\u00e9e Charles de Bruy\u00e8res de Remiremont.<\/p>\n<p>Entr\u00e9e\u00a0libre<\/p>\n<p>Ce peintre et photographe vosgien s&rsquo;inspire de la nature sur son territoire et sur d\u2019autres massifs montagneux\u00a0et\u00a0lors\u00a0de\u00a0ses\u00a0voyages.<br \/>\nCette exposition consacr\u00e9e aux paysages de montagne d\u00e9crit un univers de cr\u00e9ation et d\u2019invention qui m\u00eale les perspectives de ses parcours vosgiens \u00e0 celles de plus lointaines destinations, en donnant\u00a0libre\u00a0cours\u00a0aux\u00a0ressorts\u00a0de\u00a0l\u2019imaginaire.<br \/>\nDepuis une dizaine d\u2019ann\u00e9e, le paysage de montagne occupe une place privil\u00e9gi\u00e9e parmi ses cr\u00e9ations artistiques tant en peinture qu\u2019en photographie.<\/p>\n<p><a href=\"https:\/\/vosgesinfo.fr\/app\/uploads\/sites\/5\/2025\/02\/affiche-friry-vg-a4-page-0001.jpg\"><img decoding=\"async\" class=\"aligncenter size-full wp-image-78693\" src=\"https:\/\/vosgesinfo.fr\/app\/uploads\/sites\/5\/2025\/02\/affiche-friry-vg-a4-page-0001.jpg\" alt=\"\" width=\"1754\" height=\"2481\" srcset=\"https:\/\/vosgesinfo.fr\/app\/uploads\/sites\/5\/2025\/02\/affiche-friry-vg-a4-page-0001.jpg 1754w, https:\/\/vosgesinfo.fr\/app\/uploads\/sites\/5\/2025\/02\/affiche-friry-vg-a4-page-0001-212x300.jpg 212w, https:\/\/vosgesinfo.fr\/app\/uploads\/sites\/5\/2025\/02\/affiche-friry-vg-a4-page-0001-724x1024.jpg 724w, https:\/\/vosgesinfo.fr\/app\/uploads\/sites\/5\/2025\/02\/affiche-friry-vg-a4-page-0001-768x1086.jpg 768w, https:\/\/vosgesinfo.fr\/app\/uploads\/sites\/5\/2025\/02\/affiche-friry-vg-a4-page-0001-1086x1536.jpg 1086w, https:\/\/vosgesinfo.fr\/app\/uploads\/sites\/5\/2025\/02\/affiche-friry-vg-a4-page-0001-1448x2048.jpg 1448w\" sizes=\"(max-width: 1754px) 100vw, 1754px\" \/><\/a><\/p>\n","protected":false},"excerpt":{"rendered":"<p>Exposition \u00ab\u00a0Peintures\u00a0\u00bb de Vincent Ganaye au mus\u00e9e Charles Friry de Remiremont du 19 f\u00e9vrier au 18 mai 2025. Nuit\u00a0des\u00a0mus\u00e9es\u00a0:\u00a0\u00a018\u00a0mai\u00a020h-23h Treize\u00a0tableaux\u00a0de\u00a0grands\u00a0formats\u00a0sont\u00a0expos\u00e9s. [&hellip;]<\/p>\n","protected":false},"author":391,"featured_media":78693,"comment_status":"open","ping_status":"open","sticky":false,"template":"","format":"standard","meta":{"footnotes":""},"categories":[26,594,229,43],"tags":[7231,1789,7037],"class_list":["post-78692","post","type-post","status-publish","format-standard","has-post-thumbnail","hentry","category-a-la-une","category-agenda","category-art","category-remiremont-remiremont-son-canton","tag-exposition-peintures","tag-musee-charles-friry","tag-vincent-ganaye"],"acf":[],"yoast_head":"<!-- This site is optimized with the Yoast SEO plugin v22.5 - https:\/\/yoast.com\/wordpress\/plugins\/seo\/ -->\n<title>Exposition &quot;Peintures&quot; de Vincent Ganaye au mus\u00e9e Charles Friry de Remiremont du 19 f\u00e9vrier au 18 mai - Remiremont Info<\/title>\n<meta name=\"robots\" content=\"index, follow, max-snippet:-1, max-image-preview:large, max-video-preview:-1\" \/>\n<link rel=\"canonical\" href=\"https:\/\/vosgesinfo.fr\/remiremontinfo\/?p=78692\" \/>\n<meta name=\"twitter:card\" content=\"summary_large_image\" \/>\n<meta name=\"twitter:title\" content=\"Exposition &quot;Peintures&quot; de Vincent Ganaye au mus\u00e9e Charles Friry de Remiremont du 19 f\u00e9vrier au 18 mai - Remiremont Info\" \/>\n<meta name=\"twitter:description\" content=\"Exposition \u00ab\u00a0Peintures\u00a0\u00bb de Vincent Ganaye au mus\u00e9e Charles Friry de Remiremont du 19 f\u00e9vrier au 18 mai 2025. Nuit\u00a0des\u00a0mus\u00e9es\u00a0:\u00a0\u00a018\u00a0mai\u00a020h-23h Treize\u00a0tableaux\u00a0de\u00a0grands\u00a0formats\u00a0sont\u00a0expos\u00e9s. [&hellip;]\" \/>\n<meta name=\"twitter:creator\" content=\"@VosgesInfo88\" \/>\n<meta name=\"twitter:site\" content=\"@VosgesInfo88\" \/>\n<meta name=\"twitter:label1\" content=\"\u00c9crit par\" \/>\n\t<meta name=\"twitter:data1\" content=\"La redaction\" \/>\n\t<meta name=\"twitter:label2\" content=\"Dur\u00e9e de lecture estim\u00e9e\" \/>\n\t<meta name=\"twitter:data2\" content=\"1 minute\" \/>\n<script type=\"application\/ld+json\" class=\"yoast-schema-graph\">{\"@context\":\"https:\/\/schema.org\",\"@graph\":[{\"@type\":\"Article\",\"@id\":\"https:\/\/vosgesinfo.fr\/remiremontinfo\/?p=78692#article\",\"isPartOf\":{\"@id\":\"https:\/\/vosgesinfo.fr\/remiremontinfo\/?p=78692\"},\"author\":{\"name\":\"La redaction\",\"@id\":\"https:\/\/vosgesinfo.fr\/remiremontinfo\/#\/schema\/person\/27a3695b06db98895b354c0765cdfc31\"},\"headline\":\"Exposition \u00ab\u00a0Peintures\u00a0\u00bb de Vincent Ganaye au mus\u00e9e Charles Friry de Remiremont du 19 f\u00e9vrier au 18 mai\",\"datePublished\":\"2025-02-19T09:59:52+00:00\",\"dateModified\":\"2025-02-19T09:59:52+00:00\",\"mainEntityOfPage\":{\"@id\":\"https:\/\/vosgesinfo.fr\/remiremontinfo\/?p=78692\"},\"wordCount\":178,\"commentCount\":0,\"publisher\":{\"@id\":\"https:\/\/vosgesinfo.fr\/remiremontinfo\/#organization\"},\"image\":{\"@id\":\"https:\/\/vosgesinfo.fr\/remiremontinfo\/?p=78692#primaryimage\"},\"thumbnailUrl\":\"https:\/\/vosgesinfo.fr\/app\/uploads\/sites\/5\/2025\/02\/affiche-friry-vg-a4-page-0001.jpg\",\"keywords\":[\"Exposition peintures\",\"Mus\u00e9e Charles Friry\",\"Vincent Ganaye\"],\"articleSection\":[\"A la Une\",\"Agenda\",\"Art\",\"Remiremont\"],\"inLanguage\":\"fr-FR\",\"potentialAction\":[{\"@type\":\"CommentAction\",\"name\":\"Comment\",\"target\":[\"https:\/\/vosgesinfo.fr\/remiremontinfo\/?p=78692#respond\"]}]},{\"@type\":\"WebPage\",\"@id\":\"https:\/\/vosgesinfo.fr\/remiremontinfo\/?p=78692\",\"url\":\"https:\/\/vosgesinfo.fr\/remiremontinfo\/?p=78692\",\"name\":\"Exposition \\\"Peintures\\\" de Vincent Ganaye au mus\u00e9e Charles Friry de Remiremont du 19 f\u00e9vrier au 18 mai - Remiremont Info\",\"isPartOf\":{\"@id\":\"https:\/\/vosgesinfo.fr\/remiremontinfo\/#website\"},\"primaryImageOfPage\":{\"@id\":\"https:\/\/vosgesinfo.fr\/remiremontinfo\/?p=78692#primaryimage\"},\"image\":{\"@id\":\"https:\/\/vosgesinfo.fr\/remiremontinfo\/?p=78692#primaryimage\"},\"thumbnailUrl\":\"https:\/\/vosgesinfo.fr\/app\/uploads\/sites\/5\/2025\/02\/affiche-friry-vg-a4-page-0001.jpg\",\"datePublished\":\"2025-02-19T09:59:52+00:00\",\"dateModified\":\"2025-02-19T09:59:52+00:00\",\"breadcrumb\":{\"@id\":\"https:\/\/vosgesinfo.fr\/remiremontinfo\/?p=78692#breadcrumb\"},\"inLanguage\":\"fr-FR\",\"potentialAction\":[{\"@type\":\"ReadAction\",\"target\":[\"https:\/\/vosgesinfo.fr\/remiremontinfo\/?p=78692\"]}]},{\"@type\":\"ImageObject\",\"inLanguage\":\"fr-FR\",\"@id\":\"https:\/\/vosgesinfo.fr\/remiremontinfo\/?p=78692#primaryimage\",\"url\":\"https:\/\/vosgesinfo.fr\/app\/uploads\/sites\/5\/2025\/02\/affiche-friry-vg-a4-page-0001.jpg\",\"contentUrl\":\"https:\/\/vosgesinfo.fr\/app\/uploads\/sites\/5\/2025\/02\/affiche-friry-vg-a4-page-0001.jpg\",\"width\":1754,\"height\":2481},{\"@type\":\"BreadcrumbList\",\"@id\":\"https:\/\/vosgesinfo.fr\/remiremontinfo\/?p=78692#breadcrumb\",\"itemListElement\":[{\"@type\":\"ListItem\",\"position\":1,\"name\":\"Home\",\"item\":\"https:\/\/vosgesinfo.fr\/remiremontinfo\/\"},{\"@type\":\"ListItem\",\"position\":2,\"name\":\"Exposition &#8220;Peintures&#8221; de Vincent Ganaye au mus\u00e9e Charles Friry de Remiremont du 19 f\u00e9vrier au 18 mai\"}]},{\"@type\":\"WebSite\",\"@id\":\"https:\/\/vosgesinfo.fr\/remiremontinfo\/#website\",\"url\":\"https:\/\/vosgesinfo.fr\/remiremontinfo\/\",\"name\":\"Remiremont Info\",\"description\":\"Toute l&#039;actualit\u00e9 de Remiremont\",\"publisher\":{\"@id\":\"https:\/\/vosgesinfo.fr\/remiremontinfo\/#organization\"},\"alternateName\":\"Toute l'actualit\u00e9 de Remiremont\",\"potentialAction\":[{\"@type\":\"SearchAction\",\"target\":{\"@type\":\"EntryPoint\",\"urlTemplate\":\"https:\/\/vosgesinfo.fr\/remiremontinfo\/?s={search_term_string}\"},\"query-input\":\"required name=search_term_string\"}],\"inLanguage\":\"fr-FR\"},{\"@type\":\"Organization\",\"@id\":\"https:\/\/vosgesinfo.fr\/remiremontinfo\/#organization\",\"name\":\"Remiremont Info\",\"url\":\"https:\/\/vosgesinfo.fr\/remiremontinfo\/\",\"logo\":{\"@type\":\"ImageObject\",\"inLanguage\":\"fr-FR\",\"@id\":\"https:\/\/vosgesinfo.fr\/remiremontinfo\/#\/schema\/logo\/image\/\",\"url\":\"https:\/\/vosgesinfo.fr\/app\/uploads\/sites\/5\/2023\/08\/favicon-remiremontinfo.png\",\"contentUrl\":\"https:\/\/vosgesinfo.fr\/app\/uploads\/sites\/5\/2023\/08\/favicon-remiremontinfo.png\",\"width\":512,\"height\":512,\"caption\":\"Remiremont Info\"},\"image\":{\"@id\":\"https:\/\/vosgesinfo.fr\/remiremontinfo\/#\/schema\/logo\/image\/\"},\"sameAs\":[\"https:\/\/www.facebook.com\/remiremontinfo\",\"https:\/\/x.com\/VosgesInfo88\",\"https:\/\/www.youtube.com\/@vosgesinfo\"]},{\"@type\":\"Person\",\"@id\":\"https:\/\/vosgesinfo.fr\/remiremontinfo\/#\/schema\/person\/27a3695b06db98895b354c0765cdfc31\",\"name\":\"La redaction\",\"image\":{\"@type\":\"ImageObject\",\"inLanguage\":\"fr-FR\",\"@id\":\"https:\/\/vosgesinfo.fr\/remiremontinfo\/#\/schema\/person\/image\/\",\"url\":\"https:\/\/secure.gravatar.com\/avatar\/64c76a78e501cedee55736f43f332df901e1896ae9cd8fad269ae2236dd0e8b6?s=96&d=mm&r=g\",\"contentUrl\":\"https:\/\/secure.gravatar.com\/avatar\/64c76a78e501cedee55736f43f332df901e1896ae9cd8fad269ae2236dd0e8b6?s=96&d=mm&r=g\",\"caption\":\"La redaction\"},\"url\":\"https:\/\/vosgesinfo.fr\/remiremontinfo\/author\/la-redaction\/\"}]}<\/script>\n<!-- \/ Yoast SEO plugin. -->","yoast_head_json":{"title":"Exposition \"Peintures\" de Vincent Ganaye au mus\u00e9e Charles Friry de Remiremont du 19 f\u00e9vrier au 18 mai - Remiremont Info","robots":{"index":"index","follow":"follow","max-snippet":"max-snippet:-1","max-image-preview":"max-image-preview:large","max-video-preview":"max-video-preview:-1"},"canonical":"https:\/\/vosgesinfo.fr\/remiremontinfo\/?p=78692","twitter_card":"summary_large_image","twitter_title":"Exposition \"Peintures\" de Vincent Ganaye au mus\u00e9e Charles Friry de Remiremont du 19 f\u00e9vrier au 18 mai - Remiremont Info","twitter_description":"Exposition \u00ab\u00a0Peintures\u00a0\u00bb de Vincent Ganaye au mus\u00e9e Charles Friry de Remiremont du 19 f\u00e9vrier au 18 mai 2025. Nuit\u00a0des\u00a0mus\u00e9es\u00a0:\u00a0\u00a018\u00a0mai\u00a020h-23h Treize\u00a0tableaux\u00a0de\u00a0grands\u00a0formats\u00a0sont\u00a0expos\u00e9s. [&hellip;]","twitter_creator":"@VosgesInfo88","twitter_site":"@VosgesInfo88","twitter_misc":{"\u00c9crit par":"La redaction","Dur\u00e9e de lecture estim\u00e9e":"1 minute"},"schema":{"@context":"https:\/\/schema.org","@graph":[{"@type":"Article","@id":"https:\/\/vosgesinfo.fr\/remiremontinfo\/?p=78692#article","isPartOf":{"@id":"https:\/\/vosgesinfo.fr\/remiremontinfo\/?p=78692"},"author":{"name":"La redaction","@id":"https:\/\/vosgesinfo.fr\/remiremontinfo\/#\/schema\/person\/27a3695b06db98895b354c0765cdfc31"},"headline":"Exposition \u00ab\u00a0Peintures\u00a0\u00bb de Vincent Ganaye au mus\u00e9e Charles Friry de Remiremont du 19 f\u00e9vrier au 18 mai","datePublished":"2025-02-19T09:59:52+00:00","dateModified":"2025-02-19T09:59:52+00:00","mainEntityOfPage":{"@id":"https:\/\/vosgesinfo.fr\/remiremontinfo\/?p=78692"},"wordCount":178,"commentCount":0,"publisher":{"@id":"https:\/\/vosgesinfo.fr\/remiremontinfo\/#organization"},"image":{"@id":"https:\/\/vosgesinfo.fr\/remiremontinfo\/?p=78692#primaryimage"},"thumbnailUrl":"https:\/\/vosgesinfo.fr\/app\/uploads\/sites\/5\/2025\/02\/affiche-friry-vg-a4-page-0001.jpg","keywords":["Exposition peintures","Mus\u00e9e Charles Friry","Vincent Ganaye"],"articleSection":["A la Une","Agenda","Art","Remiremont"],"inLanguage":"fr-FR","potentialAction":[{"@type":"CommentAction","name":"Comment","target":["https:\/\/vosgesinfo.fr\/remiremontinfo\/?p=78692#respond"]}]},{"@type":"WebPage","@id":"https:\/\/vosgesinfo.fr\/remiremontinfo\/?p=78692","url":"https:\/\/vosgesinfo.fr\/remiremontinfo\/?p=78692","name":"Exposition \"Peintures\" de Vincent Ganaye au mus\u00e9e Charles Friry de Remiremont du 19 f\u00e9vrier au 18 mai - Remiremont Info","isPartOf":{"@id":"https:\/\/vosgesinfo.fr\/remiremontinfo\/#website"},"primaryImageOfPage":{"@id":"https:\/\/vosgesinfo.fr\/remiremontinfo\/?p=78692#primaryimage"},"image":{"@id":"https:\/\/vosgesinfo.fr\/remiremontinfo\/?p=78692#primaryimage"},"thumbnailUrl":"https:\/\/vosgesinfo.fr\/app\/uploads\/sites\/5\/2025\/02\/affiche-friry-vg-a4-page-0001.jpg","datePublished":"2025-02-19T09:59:52+00:00","dateModified":"2025-02-19T09:59:52+00:00","breadcrumb":{"@id":"https:\/\/vosgesinfo.fr\/remiremontinfo\/?p=78692#breadcrumb"},"inLanguage":"fr-FR","potentialAction":[{"@type":"ReadAction","target":["https:\/\/vosgesinfo.fr\/remiremontinfo\/?p=78692"]}]},{"@type":"ImageObject","inLanguage":"fr-FR","@id":"https:\/\/vosgesinfo.fr\/remiremontinfo\/?p=78692#primaryimage","url":"https:\/\/vosgesinfo.fr\/app\/uploads\/sites\/5\/2025\/02\/affiche-friry-vg-a4-page-0001.jpg","contentUrl":"https:\/\/vosgesinfo.fr\/app\/uploads\/sites\/5\/2025\/02\/affiche-friry-vg-a4-page-0001.jpg","width":1754,"height":2481},{"@type":"BreadcrumbList","@id":"https:\/\/vosgesinfo.fr\/remiremontinfo\/?p=78692#breadcrumb","itemListElement":[{"@type":"ListItem","position":1,"name":"Home","item":"https:\/\/vosgesinfo.fr\/remiremontinfo\/"},{"@type":"ListItem","position":2,"name":"Exposition &#8220;Peintures&#8221; de Vincent Ganaye au mus\u00e9e Charles Friry de Remiremont du 19 f\u00e9vrier au 18 mai"}]},{"@type":"WebSite","@id":"https:\/\/vosgesinfo.fr\/remiremontinfo\/#website","url":"https:\/\/vosgesinfo.fr\/remiremontinfo\/","name":"Remiremont Info","description":"Toute l&#039;actualit\u00e9 de Remiremont","publisher":{"@id":"https:\/\/vosgesinfo.fr\/remiremontinfo\/#organization"},"alternateName":"Toute l'actualit\u00e9 de Remiremont","potentialAction":[{"@type":"SearchAction","target":{"@type":"EntryPoint","urlTemplate":"https:\/\/vosgesinfo.fr\/remiremontinfo\/?s={search_term_string}"},"query-input":"required name=search_term_string"}],"inLanguage":"fr-FR"},{"@type":"Organization","@id":"https:\/\/vosgesinfo.fr\/remiremontinfo\/#organization","name":"Remiremont Info","url":"https:\/\/vosgesinfo.fr\/remiremontinfo\/","logo":{"@type":"ImageObject","inLanguage":"fr-FR","@id":"https:\/\/vosgesinfo.fr\/remiremontinfo\/#\/schema\/logo\/image\/","url":"https:\/\/vosgesinfo.fr\/app\/uploads\/sites\/5\/2023\/08\/favicon-remiremontinfo.png","contentUrl":"https:\/\/vosgesinfo.fr\/app\/uploads\/sites\/5\/2023\/08\/favicon-remiremontinfo.png","width":512,"height":512,"caption":"Remiremont Info"},"image":{"@id":"https:\/\/vosgesinfo.fr\/remiremontinfo\/#\/schema\/logo\/image\/"},"sameAs":["https:\/\/www.facebook.com\/remiremontinfo","https:\/\/x.com\/VosgesInfo88","https:\/\/www.youtube.com\/@vosgesinfo"]},{"@type":"Person","@id":"https:\/\/vosgesinfo.fr\/remiremontinfo\/#\/schema\/person\/27a3695b06db98895b354c0765cdfc31","name":"La redaction","image":{"@type":"ImageObject","inLanguage":"fr-FR","@id":"https:\/\/vosgesinfo.fr\/remiremontinfo\/#\/schema\/person\/image\/","url":"https:\/\/secure.gravatar.com\/avatar\/64c76a78e501cedee55736f43f332df901e1896ae9cd8fad269ae2236dd0e8b6?s=96&d=mm&r=g","contentUrl":"https:\/\/secure.gravatar.com\/avatar\/64c76a78e501cedee55736f43f332df901e1896ae9cd8fad269ae2236dd0e8b6?s=96&d=mm&r=g","caption":"La redaction"},"url":"https:\/\/vosgesinfo.fr\/remiremontinfo\/author\/la-redaction\/"}]}},"_links":{"self":[{"href":"https:\/\/vosgesinfo.fr\/remiremontinfo\/wp-json\/wp\/v2\/posts\/78692","targetHints":{"allow":["GET"]}}],"collection":[{"href":"https:\/\/vosgesinfo.fr\/remiremontinfo\/wp-json\/wp\/v2\/posts"}],"about":[{"href":"https:\/\/vosgesinfo.fr\/remiremontinfo\/wp-json\/wp\/v2\/types\/post"}],"author":[{"embeddable":true,"href":"https:\/\/vosgesinfo.fr\/remiremontinfo\/wp-json\/wp\/v2\/users\/391"}],"replies":[{"embeddable":true,"href":"https:\/\/vosgesinfo.fr\/remiremontinfo\/wp-json\/wp\/v2\/comments?post=78692"}],"version-history":[{"count":1,"href":"https:\/\/vosgesinfo.fr\/remiremontinfo\/wp-json\/wp\/v2\/posts\/78692\/revisions"}],"predecessor-version":[{"id":78694,"href":"https:\/\/vosgesinfo.fr\/remiremontinfo\/wp-json\/wp\/v2\/posts\/78692\/revisions\/78694"}],"wp:featuredmedia":[{"embeddable":true,"href":"https:\/\/vosgesinfo.fr\/remiremontinfo\/wp-json\/wp\/v2\/media\/78693"}],"wp:attachment":[{"href":"https:\/\/vosgesinfo.fr\/remiremontinfo\/wp-json\/wp\/v2\/media?parent=78692"}],"wp:term":[{"taxonomy":"category","embeddable":true,"href":"https:\/\/vosgesinfo.fr\/remiremontinfo\/wp-json\/wp\/v2\/categories?post=78692"},{"taxonomy":"post_tag","embeddable":true,"href":"https:\/\/vosgesinfo.fr\/remiremontinfo\/wp-json\/wp\/v2\/tags?post=78692"}],"curies":[{"name":"wp","href":"https:\/\/api.w.org\/{rel}","templated":true}]}}