{"id":78701,"date":"2025-02-19T12:30:44","date_gmt":"2025-02-19T11:30:44","guid":{"rendered":"https:\/\/vosgesinfo.fr\/remiremontinfo\/?p=78701"},"modified":"2025-02-19T12:30:44","modified_gmt":"2025-02-19T11:30:44","slug":"rn57-crevaisons-en-serie-entre-epinal-et-nancy-a-cause-des-nids-de-poule","status":"publish","type":"post","link":"https:\/\/vosgesinfo.fr\/remiremontinfo\/2025\/02\/rn57-crevaisons-en-serie-entre-epinal-et-nancy-a-cause-des-nids-de-poule\/","title":{"rendered":"RN57 : Crevaisons en s\u00e9rie entre \u00c9pinal et Nancy \u00e0 cause des nids-de-poule"},"content":{"rendered":"<h2 style=\"text-align: center;\" data-start=\"416\" data-end=\"455\"><a href=\"https:\/\/vosgesinfo.fr\/app\/uploads\/sites\/3\/2025\/02\/img-20250210-120351-scaled.jpg\"><img decoding=\"async\" class=\"aligncenter size-large wp-image-128590\" src=\"https:\/\/vosgesinfo.fr\/app\/uploads\/sites\/3\/2025\/02\/img-20250210-120351-771x1024.jpg\" alt=\"\" width=\"771\" height=\"1024\" \/><\/a><\/h2>\n<h2 data-start=\"457\" data-end=\"855\">Les automobilistes empruntant la RN57 entre \u00c9pinal et Nancy doivent redoubler de vigilance. Dans le secteur de l\u2019aire de Crantenoy, un panneau d\u2019alerte annonce la couleur : \u00ab Trous en formation sur une distance de 5 000 m. \u00bb. Une mise en garde n\u00e9cessaire, tant la chauss\u00e9e est d\u00e9grad\u00e9e. En particulier sur la voie de droite, les nids-de-poule se multiplient, rendant la circulation p\u00e9rilleuse.<\/h2>\n<h3 data-start=\"857\" data-end=\"902\"><strong data-start=\"861\" data-end=\"900\">Des crevaisons en s\u00e9rie<br \/>\n<\/strong><\/h3>\n<p data-start=\"904\" data-end=\"1239\">De nombreux conducteurs ont v\u00e9cu une m\u00e9saventure inattendue sur cette portion de route.Plusieurs automobilistes a \u00e9t\u00e9 victime de crevaisons apr\u00e8s avoir roul\u00e9 sur ces cavit\u00e9s parfois profondes. <em>\u00ab Je n\u2019ai rien vu venir, et en quelques secondes, mon pneu \u00e9tait \u00e0 plat \u00bb<\/em>, t\u00e9moigne un conducteur encore sous le choc.<\/p>\n<p data-start=\"1241\" data-end=\"1456\">Les r\u00e9seaux sociaux se sont rapidement enflamm\u00e9s, plusieurs usagers partageant leur frustration face \u00e0 l\u2019\u00e9tat de la chauss\u00e9e. Certains d\u00e9noncent un manque d\u2019entretien et s\u2019inqui\u00e8tent des risques accrus d\u2019accident.<\/p>\n<h3 data-start=\"1458\" data-end=\"1494\"><strong data-start=\"1462\" data-end=\"1492\">Une situation pr\u00e9occupante<\/strong><\/h3>\n<p data-start=\"1496\" data-end=\"1762\">Cette portion de la RN57, axe majeur reliant les Vosges \u00e0 la Meurthe-et-Moselle, subit depuis plusieurs mois une d\u00e9gradation progressive.<\/p>\n<p data-start=\"1496\" data-end=\"1762\">L\u2019hiver et les intemp\u00e9ries ont contribu\u00e9 \u00e0 l\u2019apparition de ces trous, qui s\u2019agrandissent \u00e0 mesure que les v\u00e9hicules y passent.<\/p>\n<p data-start=\"1764\" data-end=\"1978\">Si un panneau de signalisation a bien \u00e9t\u00e9 install\u00e9, cela ne suffit pas \u00e0 rassurer les usagers. <em>\u00ab Il faudrait une intervention rapide avant qu\u2019un accident grave ne survienne \u00bb<\/em>, estime un habitant de la r\u00e9gion.<\/p>\n<h3 data-start=\"1980\" data-end=\"2033\"><strong data-start=\"1984\" data-end=\"2031\">Quelles solutions pour les automobilistes ?<\/strong><\/h3>\n<p data-start=\"2035\" data-end=\"2398\">En attendant des travaux de r\u00e9fection, les conducteurs doivent faire preuve de prudence. R\u00e9duire la vitesse et \u00e9viter autant que possible la voie de droite peut limiter les risques de crevaison.<\/p>\n\n\t\t<style type=\"text\/css\">\n\t\t\t#gallery-1 {\n\t\t\t\tmargin: auto;\n\t\t\t}\n\t\t\t#gallery-1 .gallery-item {\n\t\t\t\tfloat: left;\n\t\t\t\tmargin-top: 10px;\n\t\t\t\ttext-align: center;\n\t\t\t\twidth: 33%;\n\t\t\t}\n\t\t\t#gallery-1 img {\n\t\t\t\tborder: 2px solid #cfcfcf;\n\t\t\t}\n\t\t\t#gallery-1 .gallery-caption {\n\t\t\t\tmargin-left: 0;\n\t\t\t}\n\t\t\t\/* see gallery_shortcode() in wp-includes\/media.php *\/\n\t\t<\/style>\n\t\t<div id='gallery-1' class='gallery galleryid-78701 gallery-columns-3 gallery-size-thumbnail'><dl class='gallery-item'>\n\t\t\t<dt class='gallery-icon portrait'>\n\t\t\t\t<a href='https:\/\/vosgesinfo.fr\/app\/uploads\/sites\/5\/2025\/02\/img-20250210-120328-scaled-1.jpg'><img decoding=\"async\" width=\"150\" height=\"150\" src=\"https:\/\/vosgesinfo.fr\/app\/uploads\/sites\/5\/2025\/02\/img-20250210-120328-scaled-1-150x150.jpg\" class=\"attachment-thumbnail size-thumbnail\" alt=\"\" \/><\/a>\n\t\t\t<\/dt><\/dl><dl class='gallery-item'>\n\t\t\t<dt class='gallery-icon portrait'>\n\t\t\t\t<a href='https:\/\/vosgesinfo.fr\/app\/uploads\/sites\/5\/2025\/02\/img-20250210-120351-1-scaled-1.jpg'><img decoding=\"async\" width=\"150\" height=\"150\" src=\"https:\/\/vosgesinfo.fr\/app\/uploads\/sites\/5\/2025\/02\/img-20250210-120351-1-scaled-1-150x150.jpg\" class=\"attachment-thumbnail size-thumbnail\" alt=\"\" \/><\/a>\n\t\t\t<\/dt><\/dl><dl class='gallery-item'>\n\t\t\t<dt class='gallery-icon portrait'>\n\t\t\t\t<a href='https:\/\/vosgesinfo.fr\/app\/uploads\/sites\/5\/2025\/02\/img-20250210-120350-scaled-1.jpg'><img decoding=\"async\" width=\"150\" height=\"150\" src=\"https:\/\/vosgesinfo.fr\/app\/uploads\/sites\/5\/2025\/02\/img-20250210-120350-scaled-1-150x150.jpg\" class=\"attachment-thumbnail size-thumbnail\" alt=\"\" \/><\/a>\n\t\t\t<\/dt><\/dl><br style=\"clear: both\" \/><dl class='gallery-item'>\n\t\t\t<dt class='gallery-icon portrait'>\n\t\t\t\t<a href='https:\/\/vosgesinfo.fr\/app\/uploads\/sites\/5\/2025\/02\/img-20250210-120525-scaled-1.jpg'><img decoding=\"async\" width=\"150\" height=\"150\" src=\"https:\/\/vosgesinfo.fr\/app\/uploads\/sites\/5\/2025\/02\/img-20250210-120525-scaled-1-150x150.jpg\" class=\"attachment-thumbnail size-thumbnail\" alt=\"\" \/><\/a>\n\t\t\t<\/dt><\/dl>\n\t\t\t<br style='clear: both' \/>\n\t\t<\/div>\n\n","protected":false},"excerpt":{"rendered":"<p>Les automobilistes empruntant la RN57 entre \u00c9pinal et Nancy doivent redoubler de vigilance. Dans le secteur de l\u2019aire de Crantenoy, [&hellip;]<\/p>\n","protected":false},"author":52,"featured_media":78702,"comment_status":"open","ping_status":"open","sticky":false,"template":"","format":"standard","meta":{"footnotes":""},"categories":[26,108,6375,8,62,845,43,362,18],"tags":[7232,109,3493,916,32],"class_list":["post-78701","post","type-post","status-publish","format-standard","has-post-thumbnail","hentry","category-a-la-une","category-epinal","category-fait-divers","category-faits-divers","category-gerardmer","category-la-plaine-des-vosges","category-remiremont-remiremont-son-canton","category-saint-die","category-vosges","tag-crevaisons","tag-epinal","tag-nids-de-poule","tag-rn57","tag-vosges"],"acf":[],"yoast_head":"<!-- This site is optimized with the Yoast SEO plugin v22.5 - https:\/\/yoast.com\/wordpress\/plugins\/seo\/ -->\n<title>RN57 : Crevaisons en s\u00e9rie entre \u00c9pinal et Nancy \u00e0 cause des nids-de-poule - Remiremont Info<\/title>\n<meta name=\"robots\" content=\"index, follow, max-snippet:-1, max-image-preview:large, max-video-preview:-1\" \/>\n<link rel=\"canonical\" href=\"https:\/\/vosgesinfo.fr\/remiremontinfo\/2025\/02\/rn57-crevaisons-en-serie-entre-epinal-et-nancy-a-cause-des-nids-de-poule\/\" \/>\n<meta name=\"twitter:card\" content=\"summary_large_image\" \/>\n<meta name=\"twitter:title\" content=\"RN57 : Crevaisons en s\u00e9rie entre \u00c9pinal et Nancy \u00e0 cause des nids-de-poule - Remiremont Info\" \/>\n<meta name=\"twitter:description\" content=\"Les automobilistes empruntant la RN57 entre \u00c9pinal et Nancy doivent redoubler de vigilance. Dans le secteur de l\u2019aire de Crantenoy, [&hellip;]\" \/>\n<meta name=\"twitter:image\" content=\"https:\/\/vosgesinfo.fr\/app\/uploads\/sites\/5\/2025\/02\/img-20250210-120351-scaled-1.jpg\" \/>\n<meta name=\"twitter:creator\" content=\"@VosgesInfo88\" \/>\n<meta name=\"twitter:site\" content=\"@VosgesInfo88\" \/>\n<meta name=\"twitter:label1\" content=\"\u00c9crit par\" \/>\n\t<meta name=\"twitter:data1\" content=\"C.K.\" \/>\n\t<meta name=\"twitter:label2\" content=\"Dur\u00e9e de lecture estim\u00e9e\" \/>\n\t<meta name=\"twitter:data2\" content=\"1 minute\" \/>\n<script type=\"application\/ld+json\" class=\"yoast-schema-graph\">{\"@context\":\"https:\/\/schema.org\",\"@graph\":[{\"@type\":\"Article\",\"@id\":\"https:\/\/vosgesinfo.fr\/remiremontinfo\/2025\/02\/rn57-crevaisons-en-serie-entre-epinal-et-nancy-a-cause-des-nids-de-poule\/#article\",\"isPartOf\":{\"@id\":\"https:\/\/vosgesinfo.fr\/remiremontinfo\/2025\/02\/rn57-crevaisons-en-serie-entre-epinal-et-nancy-a-cause-des-nids-de-poule\/\"},\"author\":{\"name\":\"C.K.\",\"@id\":\"https:\/\/vosgesinfo.fr\/remiremontinfo\/#\/schema\/person\/6f9a650eeea99d969b6c4ab78fccbe81\"},\"headline\":\"RN57 : Crevaisons en s\u00e9rie entre \u00c9pinal et Nancy \u00e0 cause des nids-de-poule\",\"datePublished\":\"2025-02-19T11:30:44+00:00\",\"dateModified\":\"2025-02-19T11:30:44+00:00\",\"mainEntityOfPage\":{\"@id\":\"https:\/\/vosgesinfo.fr\/remiremontinfo\/2025\/02\/rn57-crevaisons-en-serie-entre-epinal-et-nancy-a-cause-des-nids-de-poule\/\"},\"wordCount\":298,\"commentCount\":0,\"publisher\":{\"@id\":\"https:\/\/vosgesinfo.fr\/remiremontinfo\/#organization\"},\"image\":{\"@id\":\"https:\/\/vosgesinfo.fr\/remiremontinfo\/2025\/02\/rn57-crevaisons-en-serie-entre-epinal-et-nancy-a-cause-des-nids-de-poule\/#primaryimage\"},\"thumbnailUrl\":\"https:\/\/vosgesinfo.fr\/app\/uploads\/sites\/5\/2025\/02\/img-20250210-120351-scaled-1.jpg\",\"keywords\":[\"Crevaisons\",\"\u00e9pinal\",\"nids de poule\",\"RN57\",\"Vosges\"],\"articleSection\":[\"A la Une\",\"Epinal\",\"Fait Divers\",\"Faits-divers\",\"G\u00e9rardmer\",\"La plaine des vosges\",\"Remiremont\",\"Saint-di\u00e9\",\"Vosges\"],\"inLanguage\":\"fr-FR\",\"potentialAction\":[{\"@type\":\"CommentAction\",\"name\":\"Comment\",\"target\":[\"https:\/\/vosgesinfo.fr\/remiremontinfo\/2025\/02\/rn57-crevaisons-en-serie-entre-epinal-et-nancy-a-cause-des-nids-de-poule\/#respond\"]}]},{\"@type\":\"WebPage\",\"@id\":\"https:\/\/vosgesinfo.fr\/remiremontinfo\/2025\/02\/rn57-crevaisons-en-serie-entre-epinal-et-nancy-a-cause-des-nids-de-poule\/\",\"url\":\"https:\/\/vosgesinfo.fr\/remiremontinfo\/2025\/02\/rn57-crevaisons-en-serie-entre-epinal-et-nancy-a-cause-des-nids-de-poule\/\",\"name\":\"RN57 : Crevaisons en s\u00e9rie entre \u00c9pinal et Nancy \u00e0 cause des nids-de-poule - Remiremont Info\",\"isPartOf\":{\"@id\":\"https:\/\/vosgesinfo.fr\/remiremontinfo\/#website\"},\"primaryImageOfPage\":{\"@id\":\"https:\/\/vosgesinfo.fr\/remiremontinfo\/2025\/02\/rn57-crevaisons-en-serie-entre-epinal-et-nancy-a-cause-des-nids-de-poule\/#primaryimage\"},\"image\":{\"@id\":\"https:\/\/vosgesinfo.fr\/remiremontinfo\/2025\/02\/rn57-crevaisons-en-serie-entre-epinal-et-nancy-a-cause-des-nids-de-poule\/#primaryimage\"},\"thumbnailUrl\":\"https:\/\/vosgesinfo.fr\/app\/uploads\/sites\/5\/2025\/02\/img-20250210-120351-scaled-1.jpg\",\"datePublished\":\"2025-02-19T11:30:44+00:00\",\"dateModified\":\"2025-02-19T11:30:44+00:00\",\"breadcrumb\":{\"@id\":\"https:\/\/vosgesinfo.fr\/remiremontinfo\/2025\/02\/rn57-crevaisons-en-serie-entre-epinal-et-nancy-a-cause-des-nids-de-poule\/#breadcrumb\"},\"inLanguage\":\"fr-FR\",\"potentialAction\":[{\"@type\":\"ReadAction\",\"target\":[\"https:\/\/vosgesinfo.fr\/remiremontinfo\/2025\/02\/rn57-crevaisons-en-serie-entre-epinal-et-nancy-a-cause-des-nids-de-poule\/\"]}]},{\"@type\":\"ImageObject\",\"inLanguage\":\"fr-FR\",\"@id\":\"https:\/\/vosgesinfo.fr\/remiremontinfo\/2025\/02\/rn57-crevaisons-en-serie-entre-epinal-et-nancy-a-cause-des-nids-de-poule\/#primaryimage\",\"url\":\"https:\/\/vosgesinfo.fr\/app\/uploads\/sites\/5\/2025\/02\/img-20250210-120351-scaled-1.jpg\",\"contentUrl\":\"https:\/\/vosgesinfo.fr\/app\/uploads\/sites\/5\/2025\/02\/img-20250210-120351-scaled-1.jpg\",\"width\":1928,\"height\":2560},{\"@type\":\"BreadcrumbList\",\"@id\":\"https:\/\/vosgesinfo.fr\/remiremontinfo\/2025\/02\/rn57-crevaisons-en-serie-entre-epinal-et-nancy-a-cause-des-nids-de-poule\/#breadcrumb\",\"itemListElement\":[{\"@type\":\"ListItem\",\"position\":1,\"name\":\"Home\",\"item\":\"https:\/\/vosgesinfo.fr\/remiremontinfo\/\"},{\"@type\":\"ListItem\",\"position\":2,\"name\":\"RN57 : Crevaisons en s\u00e9rie entre \u00c9pinal et Nancy \u00e0 cause des nids-de-poule\"}]},{\"@type\":\"WebSite\",\"@id\":\"https:\/\/vosgesinfo.fr\/remiremontinfo\/#website\",\"url\":\"https:\/\/vosgesinfo.fr\/remiremontinfo\/\",\"name\":\"Remiremont Info\",\"description\":\"Toute l&#039;actualit\u00e9 de Remiremont\",\"publisher\":{\"@id\":\"https:\/\/vosgesinfo.fr\/remiremontinfo\/#organization\"},\"alternateName\":\"Toute l'actualit\u00e9 de Remiremont\",\"potentialAction\":[{\"@type\":\"SearchAction\",\"target\":{\"@type\":\"EntryPoint\",\"urlTemplate\":\"https:\/\/vosgesinfo.fr\/remiremontinfo\/?s={search_term_string}\"},\"query-input\":\"required name=search_term_string\"}],\"inLanguage\":\"fr-FR\"},{\"@type\":\"Organization\",\"@id\":\"https:\/\/vosgesinfo.fr\/remiremontinfo\/#organization\",\"name\":\"Remiremont Info\",\"url\":\"https:\/\/vosgesinfo.fr\/remiremontinfo\/\",\"logo\":{\"@type\":\"ImageObject\",\"inLanguage\":\"fr-FR\",\"@id\":\"https:\/\/vosgesinfo.fr\/remiremontinfo\/#\/schema\/logo\/image\/\",\"url\":\"https:\/\/vosgesinfo.fr\/app\/uploads\/sites\/5\/2023\/08\/favicon-remiremontinfo.png\",\"contentUrl\":\"https:\/\/vosgesinfo.fr\/app\/uploads\/sites\/5\/2023\/08\/favicon-remiremontinfo.png\",\"width\":512,\"height\":512,\"caption\":\"Remiremont Info\"},\"image\":{\"@id\":\"https:\/\/vosgesinfo.fr\/remiremontinfo\/#\/schema\/logo\/image\/\"},\"sameAs\":[\"https:\/\/www.facebook.com\/remiremontinfo\",\"https:\/\/x.com\/VosgesInfo88\",\"https:\/\/www.youtube.com\/@vosgesinfo\"]},{\"@type\":\"Person\",\"@id\":\"https:\/\/vosgesinfo.fr\/remiremontinfo\/#\/schema\/person\/6f9a650eeea99d969b6c4ab78fccbe81\",\"name\":\"C.K.\",\"image\":{\"@type\":\"ImageObject\",\"inLanguage\":\"fr-FR\",\"@id\":\"https:\/\/vosgesinfo.fr\/remiremontinfo\/#\/schema\/person\/image\/\",\"url\":\"https:\/\/secure.gravatar.com\/avatar\/48e3fc7f8421ba8942be6b74a2b7f014ca39bc00dece156b7a8e098ae7dc87bf?s=96&d=mm&r=g\",\"contentUrl\":\"https:\/\/secure.gravatar.com\/avatar\/48e3fc7f8421ba8942be6b74a2b7f014ca39bc00dece156b7a8e098ae7dc87bf?s=96&d=mm&r=g\",\"caption\":\"C.K.\"},\"url\":\"https:\/\/vosgesinfo.fr\/remiremontinfo\/author\/celia-k-n\/\"}]}<\/script>\n<!-- \/ Yoast SEO plugin. -->","yoast_head_json":{"title":"RN57 : Crevaisons en s\u00e9rie entre \u00c9pinal et Nancy \u00e0 cause des nids-de-poule - Remiremont Info","robots":{"index":"index","follow":"follow","max-snippet":"max-snippet:-1","max-image-preview":"max-image-preview:large","max-video-preview":"max-video-preview:-1"},"canonical":"https:\/\/vosgesinfo.fr\/remiremontinfo\/2025\/02\/rn57-crevaisons-en-serie-entre-epinal-et-nancy-a-cause-des-nids-de-poule\/","twitter_card":"summary_large_image","twitter_title":"RN57 : Crevaisons en s\u00e9rie entre \u00c9pinal et Nancy \u00e0 cause des nids-de-poule - Remiremont Info","twitter_description":"Les automobilistes empruntant la RN57 entre \u00c9pinal et Nancy doivent redoubler de vigilance. Dans le secteur de l\u2019aire de Crantenoy, [&hellip;]","twitter_image":"https:\/\/vosgesinfo.fr\/app\/uploads\/sites\/5\/2025\/02\/img-20250210-120351-scaled-1.jpg","twitter_creator":"@VosgesInfo88","twitter_site":"@VosgesInfo88","twitter_misc":{"\u00c9crit par":"C.K.","Dur\u00e9e de lecture estim\u00e9e":"1 minute"},"schema":{"@context":"https:\/\/schema.org","@graph":[{"@type":"Article","@id":"https:\/\/vosgesinfo.fr\/remiremontinfo\/2025\/02\/rn57-crevaisons-en-serie-entre-epinal-et-nancy-a-cause-des-nids-de-poule\/#article","isPartOf":{"@id":"https:\/\/vosgesinfo.fr\/remiremontinfo\/2025\/02\/rn57-crevaisons-en-serie-entre-epinal-et-nancy-a-cause-des-nids-de-poule\/"},"author":{"name":"C.K.","@id":"https:\/\/vosgesinfo.fr\/remiremontinfo\/#\/schema\/person\/6f9a650eeea99d969b6c4ab78fccbe81"},"headline":"RN57 : Crevaisons en s\u00e9rie entre \u00c9pinal et Nancy \u00e0 cause des nids-de-poule","datePublished":"2025-02-19T11:30:44+00:00","dateModified":"2025-02-19T11:30:44+00:00","mainEntityOfPage":{"@id":"https:\/\/vosgesinfo.fr\/remiremontinfo\/2025\/02\/rn57-crevaisons-en-serie-entre-epinal-et-nancy-a-cause-des-nids-de-poule\/"},"wordCount":298,"commentCount":0,"publisher":{"@id":"https:\/\/vosgesinfo.fr\/remiremontinfo\/#organization"},"image":{"@id":"https:\/\/vosgesinfo.fr\/remiremontinfo\/2025\/02\/rn57-crevaisons-en-serie-entre-epinal-et-nancy-a-cause-des-nids-de-poule\/#primaryimage"},"thumbnailUrl":"https:\/\/vosgesinfo.fr\/app\/uploads\/sites\/5\/2025\/02\/img-20250210-120351-scaled-1.jpg","keywords":["Crevaisons","\u00e9pinal","nids de poule","RN57","Vosges"],"articleSection":["A la Une","Epinal","Fait Divers","Faits-divers","G\u00e9rardmer","La plaine des vosges","Remiremont","Saint-di\u00e9","Vosges"],"inLanguage":"fr-FR","potentialAction":[{"@type":"CommentAction","name":"Comment","target":["https:\/\/vosgesinfo.fr\/remiremontinfo\/2025\/02\/rn57-crevaisons-en-serie-entre-epinal-et-nancy-a-cause-des-nids-de-poule\/#respond"]}]},{"@type":"WebPage","@id":"https:\/\/vosgesinfo.fr\/remiremontinfo\/2025\/02\/rn57-crevaisons-en-serie-entre-epinal-et-nancy-a-cause-des-nids-de-poule\/","url":"https:\/\/vosgesinfo.fr\/remiremontinfo\/2025\/02\/rn57-crevaisons-en-serie-entre-epinal-et-nancy-a-cause-des-nids-de-poule\/","name":"RN57 : Crevaisons en s\u00e9rie entre \u00c9pinal et Nancy \u00e0 cause des nids-de-poule - Remiremont Info","isPartOf":{"@id":"https:\/\/vosgesinfo.fr\/remiremontinfo\/#website"},"primaryImageOfPage":{"@id":"https:\/\/vosgesinfo.fr\/remiremontinfo\/2025\/02\/rn57-crevaisons-en-serie-entre-epinal-et-nancy-a-cause-des-nids-de-poule\/#primaryimage"},"image":{"@id":"https:\/\/vosgesinfo.fr\/remiremontinfo\/2025\/02\/rn57-crevaisons-en-serie-entre-epinal-et-nancy-a-cause-des-nids-de-poule\/#primaryimage"},"thumbnailUrl":"https:\/\/vosgesinfo.fr\/app\/uploads\/sites\/5\/2025\/02\/img-20250210-120351-scaled-1.jpg","datePublished":"2025-02-19T11:30:44+00:00","dateModified":"2025-02-19T11:30:44+00:00","breadcrumb":{"@id":"https:\/\/vosgesinfo.fr\/remiremontinfo\/2025\/02\/rn57-crevaisons-en-serie-entre-epinal-et-nancy-a-cause-des-nids-de-poule\/#breadcrumb"},"inLanguage":"fr-FR","potentialAction":[{"@type":"ReadAction","target":["https:\/\/vosgesinfo.fr\/remiremontinfo\/2025\/02\/rn57-crevaisons-en-serie-entre-epinal-et-nancy-a-cause-des-nids-de-poule\/"]}]},{"@type":"ImageObject","inLanguage":"fr-FR","@id":"https:\/\/vosgesinfo.fr\/remiremontinfo\/2025\/02\/rn57-crevaisons-en-serie-entre-epinal-et-nancy-a-cause-des-nids-de-poule\/#primaryimage","url":"https:\/\/vosgesinfo.fr\/app\/uploads\/sites\/5\/2025\/02\/img-20250210-120351-scaled-1.jpg","contentUrl":"https:\/\/vosgesinfo.fr\/app\/uploads\/sites\/5\/2025\/02\/img-20250210-120351-scaled-1.jpg","width":1928,"height":2560},{"@type":"BreadcrumbList","@id":"https:\/\/vosgesinfo.fr\/remiremontinfo\/2025\/02\/rn57-crevaisons-en-serie-entre-epinal-et-nancy-a-cause-des-nids-de-poule\/#breadcrumb","itemListElement":[{"@type":"ListItem","position":1,"name":"Home","item":"https:\/\/vosgesinfo.fr\/remiremontinfo\/"},{"@type":"ListItem","position":2,"name":"RN57 : Crevaisons en s\u00e9rie entre \u00c9pinal et Nancy \u00e0 cause des nids-de-poule"}]},{"@type":"WebSite","@id":"https:\/\/vosgesinfo.fr\/remiremontinfo\/#website","url":"https:\/\/vosgesinfo.fr\/remiremontinfo\/","name":"Remiremont Info","description":"Toute l&#039;actualit\u00e9 de Remiremont","publisher":{"@id":"https:\/\/vosgesinfo.fr\/remiremontinfo\/#organization"},"alternateName":"Toute l'actualit\u00e9 de Remiremont","potentialAction":[{"@type":"SearchAction","target":{"@type":"EntryPoint","urlTemplate":"https:\/\/vosgesinfo.fr\/remiremontinfo\/?s={search_term_string}"},"query-input":"required name=search_term_string"}],"inLanguage":"fr-FR"},{"@type":"Organization","@id":"https:\/\/vosgesinfo.fr\/remiremontinfo\/#organization","name":"Remiremont Info","url":"https:\/\/vosgesinfo.fr\/remiremontinfo\/","logo":{"@type":"ImageObject","inLanguage":"fr-FR","@id":"https:\/\/vosgesinfo.fr\/remiremontinfo\/#\/schema\/logo\/image\/","url":"https:\/\/vosgesinfo.fr\/app\/uploads\/sites\/5\/2023\/08\/favicon-remiremontinfo.png","contentUrl":"https:\/\/vosgesinfo.fr\/app\/uploads\/sites\/5\/2023\/08\/favicon-remiremontinfo.png","width":512,"height":512,"caption":"Remiremont Info"},"image":{"@id":"https:\/\/vosgesinfo.fr\/remiremontinfo\/#\/schema\/logo\/image\/"},"sameAs":["https:\/\/www.facebook.com\/remiremontinfo","https:\/\/x.com\/VosgesInfo88","https:\/\/www.youtube.com\/@vosgesinfo"]},{"@type":"Person","@id":"https:\/\/vosgesinfo.fr\/remiremontinfo\/#\/schema\/person\/6f9a650eeea99d969b6c4ab78fccbe81","name":"C.K.","image":{"@type":"ImageObject","inLanguage":"fr-FR","@id":"https:\/\/vosgesinfo.fr\/remiremontinfo\/#\/schema\/person\/image\/","url":"https:\/\/secure.gravatar.com\/avatar\/48e3fc7f8421ba8942be6b74a2b7f014ca39bc00dece156b7a8e098ae7dc87bf?s=96&d=mm&r=g","contentUrl":"https:\/\/secure.gravatar.com\/avatar\/48e3fc7f8421ba8942be6b74a2b7f014ca39bc00dece156b7a8e098ae7dc87bf?s=96&d=mm&r=g","caption":"C.K."},"url":"https:\/\/vosgesinfo.fr\/remiremontinfo\/author\/celia-k-n\/"}]}},"_links":{"self":[{"href":"https:\/\/vosgesinfo.fr\/remiremontinfo\/wp-json\/wp\/v2\/posts\/78701","targetHints":{"allow":["GET"]}}],"collection":[{"href":"https:\/\/vosgesinfo.fr\/remiremontinfo\/wp-json\/wp\/v2\/posts"}],"about":[{"href":"https:\/\/vosgesinfo.fr\/remiremontinfo\/wp-json\/wp\/v2\/types\/post"}],"author":[{"embeddable":true,"href":"https:\/\/vosgesinfo.fr\/remiremontinfo\/wp-json\/wp\/v2\/users\/52"}],"replies":[{"embeddable":true,"href":"https:\/\/vosgesinfo.fr\/remiremontinfo\/wp-json\/wp\/v2\/comments?post=78701"}],"version-history":[{"count":0,"href":"https:\/\/vosgesinfo.fr\/remiremontinfo\/wp-json\/wp\/v2\/posts\/78701\/revisions"}],"wp:featuredmedia":[{"embeddable":true,"href":"https:\/\/vosgesinfo.fr\/remiremontinfo\/wp-json\/wp\/v2\/media\/78702"}],"wp:attachment":[{"href":"https:\/\/vosgesinfo.fr\/remiremontinfo\/wp-json\/wp\/v2\/media?parent=78701"}],"wp:term":[{"taxonomy":"category","embeddable":true,"href":"https:\/\/vosgesinfo.fr\/remiremontinfo\/wp-json\/wp\/v2\/categories?post=78701"},{"taxonomy":"post_tag","embeddable":true,"href":"https:\/\/vosgesinfo.fr\/remiremontinfo\/wp-json\/wp\/v2\/tags?post=78701"}],"curies":[{"name":"wp","href":"https:\/\/api.w.org\/{rel}","templated":true}]}}