{"id":78742,"date":"2025-02-20T11:17:03","date_gmt":"2025-02-20T10:17:03","guid":{"rendered":"https:\/\/vosgesinfo.fr\/remiremontinfo\/?p=78742"},"modified":"2025-02-20T11:17:03","modified_gmt":"2025-02-20T10:17:03","slug":"refuge-de-grimlock-un-passif-similaire-en-haute-saone-refait-surface","status":"publish","type":"post","link":"https:\/\/vosgesinfo.fr\/remiremontinfo\/2025\/02\/refuge-de-grimlock-un-passif-similaire-en-haute-saone-refait-surface\/","title":{"rendered":"Refuge de Grimlock : un passif similaire en Haute-Sa\u00f4ne refait surface"},"content":{"rendered":"<div id=\"attachment_78718\" style=\"width: 1089px\" class=\"wp-caption aligncenter\"><a href=\"https:\/\/vosgesinfo.fr\/app\/uploads\/sites\/5\/2025\/02\/refuge-de-grimlock006.jpg\"><img decoding=\"async\" aria-describedby=\"caption-attachment-78718\" class=\"size-full wp-image-78718\" src=\"https:\/\/vosgesinfo.fr\/app\/uploads\/sites\/5\/2025\/02\/refuge-de-grimlock006.jpg\" alt=\"\" width=\"1079\" height=\"1351\" srcset=\"https:\/\/vosgesinfo.fr\/app\/uploads\/sites\/5\/2025\/02\/refuge-de-grimlock006.jpg 1079w, https:\/\/vosgesinfo.fr\/app\/uploads\/sites\/5\/2025\/02\/refuge-de-grimlock006-240x300.jpg 240w, https:\/\/vosgesinfo.fr\/app\/uploads\/sites\/5\/2025\/02\/refuge-de-grimlock006-818x1024.jpg 818w, https:\/\/vosgesinfo.fr\/app\/uploads\/sites\/5\/2025\/02\/refuge-de-grimlock006-768x962.jpg 768w\" sizes=\"(max-width: 1079px) 100vw, 1079px\" \/><\/a><p id=\"caption-attachment-78718\" class=\"wp-caption-text\">Photographie prise au Refuge de Grimlock.<\/p><\/div>\n<p data-start=\"76\" data-end=\"288\"><strong>Apr\u00e8s <a href=\"https:\/\/vosgesinfo.fr\/remiremontinfo\/2025\/02\/saisie-choc-dans-un-refuge-de-la-voge-les-bains-une-trentaine-danimaux-sauves-de-la-maltraitance\/\" target=\"_blank\" rel=\"noopener\">notre article d\u2019hier<\/a> sur les cas de maltraitance animale au refuge de Grimlock \u00e0 La V\u00f4ge-les-Bains, de nouvelles informations viennent confirmer les ant\u00e9c\u00e9dents pr\u00e9occupants des propri\u00e9taires.<\/strong><\/p>\n<p data-start=\"290\" data-end=\"625\"><strong>Une mise en demeure de la pr\u00e9fecture de Haute-Sa\u00f4ne, \u00e9mise par la Direction D\u00e9partementale de la Coh\u00e9sion Sociale et de la Protection des Populations (DDCSPP), r\u00e9v\u00e8le de graves manquements en mati\u00e8re de bien-\u00eatre animal lorsque ce refuge \u00e9tait situ\u00e9 \u00e0 Aillevillers-et-Lyaumont, avant son d\u00e9m\u00e9nagement dans les Vosges.<\/strong><\/p>\n<h3 data-start=\"627\" data-end=\"674\">Des conditions de d\u00e9tention alarmantes<\/h3>\n<p data-start=\"676\" data-end=\"760\">L&rsquo;inspection men\u00e9e par les autorit\u00e9s avait r\u00e9v\u00e9l\u00e9 une situation pr\u00e9occupante :<\/p>\n<ul data-start=\"762\" data-end=\"1378\">\n<li data-start=\"762\" data-end=\"866\">10 chiens se partageaient une seule et m\u00eame niche, trop petite, laissant passer des infiltrations.<\/li>\n<li data-start=\"867\" data-end=\"981\">Des d\u00e9bris et objets dangereux jonchaient le sol, repr\u00e9sentant un risque de blessure pour les animaux.<\/li>\n<li data-start=\"982\" data-end=\"1061\">Aucun jouet ou enrichissement pour stimuler les chiens n\u2019\u00e9tait pr\u00e9sent.<\/li>\n<li data-start=\"1062\" data-end=\"1171\">Les animaux malades n\u2019\u00e9taient pas isol\u00e9s, exposant les autres \u00e0 des risques de contamination.<\/li>\n<li data-start=\"1172\" data-end=\"1378\">Probl\u00e8mes d\u2019identification des animaux : 4 puces \u00e9lectroniques n\u2019ont pas pu \u00eatre d\u00e9tect\u00e9es, et 11 chiens \u00e9taient enregistr\u00e9s avec des propri\u00e9taires diff\u00e9rents de ceux d\u00e9clar\u00e9s par le refuge.<\/li>\n<\/ul>\n<p data-start=\"1380\" data-end=\"1585\">L\u2019activit\u00e9 n\u2019\u00e9tant pas d\u00e9clar\u00e9e au titre de la r\u00e9glementation ICPE (Installations Class\u00e9es pour la Protection de l&rsquo;Environnement), la d\u00e9tention de plus de 9 chiens constituait une infraction.<\/p>\n<h3 data-start=\"1587\" data-end=\"1631\">Des conditions de vie inacceptables<\/h3>\n<p data-start=\"1633\" data-end=\"1831\">L\u2019un des points les plus pr\u00e9occupants concernait trois chiens-loups tch\u00e9coslovaques, enferm\u00e9s dans un enclos boueux de moins de 5 m\u00b2, alors que la r\u00e9glementation impose 5 m\u00b2 par chien.<\/p>\n<blockquote data-start=\"1833\" data-end=\"1970\">\n<p data-start=\"1835\" data-end=\"1970\">D&rsquo;apr\u00e8s cette mise en demeure, les \u00e9cuelles \u00e9taient dispos\u00e9es \u00e0 m\u00eame le sol, dans la boue. Une simple couette tremp\u00e9e d\u2019eau et de boue leur servait de couchage.<\/p>\n<\/blockquote>\n<p data-start=\"1972\" data-end=\"2240\">Un arr\u00eat\u00e9 relatif \u00e0 l\u2019\u00e9levage, \u00e0 la garde et \u00e0 la d\u00e9tention d\u2019animaux impose pourtant que les sols et niches soient d\u00e9sinfect\u00e9s et d\u00e9sinsectis\u00e9s r\u00e9guli\u00e8rement, et que les excr\u00e9ments soient enlev\u00e9s quotidiennement. Ce qui n\u2019\u00e9tait manifestement pas le cas.<\/p>\n<p data-start=\"2242\" data-end=\"2420\">Les animaux en \u00e9levage et ceux en pension (familles d\u2019accueil) \u00e9taient \u00e9galement m\u00e9lang\u00e9s, en contradiction avec les r\u00e8gles sanitaires et de protection animale.<\/p>\n<h3 data-start=\"2422\" data-end=\"2492\">Un suivi v\u00e9t\u00e9rinaire inexistant et une prolif\u00e9ration des rats<\/h3>\n<p data-start=\"2494\" data-end=\"2573\">L\u2019inspection a \u00e9galement r\u00e9v\u00e9l\u00e9 une absence totale de suivi v\u00e9t\u00e9rinaire :<\/p>\n<ul data-start=\"2575\" data-end=\"2706\">\n<li data-start=\"2575\" data-end=\"2608\">Pas de registre sanitaire<\/li>\n<li data-start=\"2609\" data-end=\"2648\">Pas de suivi annuel v\u00e9t\u00e9rinaire<\/li>\n<li data-start=\"2649\" data-end=\"2706\">Aucun registre des entr\u00e9es et sorties des animaux<\/li>\n<\/ul>\n<p data-start=\"2708\" data-end=\"2877\">La propri\u00e9taire elle-m\u00eame a reconnu une infestation de rats, sans aucun moyen de lutte efficace, exposant les animaux \u00e0 des maladies comme la leptospirose.<\/p>\n<p data-start=\"2929\" data-end=\"3063\">Face \u00e0 ces infractions graves, la pr\u00e9fecture avait exig\u00e9 que la propri\u00e9taire trouve un autre site pour reloger les animaux :<\/p>\n<blockquote data-start=\"3065\" data-end=\"3301\">\n<p data-start=\"3067\" data-end=\"3301\"><em data-start=\"3067\" data-end=\"3299\">\u00ab\u00a0Je vous encourage dans cette voie, sans quoi, apr\u00e8s le 15 mai 2019, mes services consid\u00e9reront que vous \u00eates en infraction avec la r\u00e9glementation ICPE et des proc\u00e9dures administratives et judiciaires seront engag\u00e9es contre vous.\u00a0\u00bb<\/em><\/p>\n<\/blockquote>\n<p data-start=\"3303\" data-end=\"3433\">Au total, lors de cette inspection, les autorit\u00e9s avaient recens\u00e9 25 chiens, une vingtaine de lapins nains et un chinchilla.<\/p>\n<h3 data-start=\"3435\" data-end=\"3475\">Un pass\u00e9 qui \u00e9claire le pr\u00e9sent<\/h3>\n<p data-start=\"3477\" data-end=\"3630\">Ce lourd passif en Haute-Sa\u00f4ne jette une lumi\u00e8re encore plus inqui\u00e9tante sur la gestion actuelle du refuge de Grimlock \u00e0 La V\u00f4ge-les-Bains.<\/p>\n<p data-start=\"3632\" data-end=\"3937\">Hier encore, nous r\u00e9v\u00e9lions les conditions drastiques dans lesquelles vivaient 22 chiens et 9 chats saisis par les SPA de Besan\u00e7on et Belfort. Cette nouvelle enqu\u00eate montre que les propri\u00e9taires \u00e9taient d\u00e9j\u00e0 dans le viseur des autorit\u00e9s pour des faits similaires il y a plusieurs ann\u00e9es.<\/p>\n<p data-start=\"3939\" data-end=\"4195\" data-is-last-node=\"\">D\u00e9sormais, les SPA et les associations de protection animale, comme 30 Millions d\u2019Amis, demandent une interdiction d\u00e9finitive de d\u00e9tention d\u2019animaux pour les g\u00e9rants du refuge. Les plaintes s\u2019accumulent, et une action en justice est en pr\u00e9paration.<\/p>\n<p data-start=\"3939\" data-end=\"4195\" data-is-last-node=\"\">Pour lire notre article d&rsquo;hier sur les conditions de d\u00e9tention des animaux \u00e0 La V\u00f4ge-les-Bains : <a href=\"https:\/\/vosgesinfo.fr\/remiremontinfo\/2025\/02\/saisie-choc-dans-un-refuge-de-la-voge-les-bains-une-trentaine-danimaux-sauves-de-la-maltraitance\/\" target=\"_blank\" rel=\"noopener\">https:\/\/vosgesinfo.fr\/remiremontinfo\/2025\/02\/saisie-choc-dans-un-refuge-de-la-voge-les-bains-une-trentaine-danimaux-sauves-de-la-maltraitance\/<\/a><\/p>\n","protected":false},"excerpt":{"rendered":"<p>Apr\u00e8s notre article d\u2019hier sur les cas de maltraitance animale au refuge de Grimlock \u00e0 La V\u00f4ge-les-Bains, de nouvelles informations [&hellip;]<\/p>\n","protected":false},"author":418,"featured_media":78716,"comment_status":"open","ping_status":"open","sticky":false,"template":"","format":"standard","meta":{"footnotes":""},"categories":[26,203,108,1547,845,43,362],"tags":[2695],"class_list":["post-78742","post","type-post","status-publish","format-standard","has-post-thumbnail","hentry","category-a-la-une","category-animaux","category-epinal","category-gerardmer-2","category-la-plaine-des-vosges","category-remiremont-remiremont-son-canton","category-saint-die","tag-maltraitance-animale"],"acf":[],"yoast_head":"<!-- This site is optimized with the Yoast SEO plugin v22.5 - https:\/\/yoast.com\/wordpress\/plugins\/seo\/ -->\n<title>Refuge de Grimlock : un passif similaire en Haute-Sa\u00f4ne refait surface - Remiremont Info<\/title>\n<meta name=\"robots\" content=\"index, follow, max-snippet:-1, max-image-preview:large, max-video-preview:-1\" \/>\n<link rel=\"canonical\" href=\"https:\/\/vosgesinfo.fr\/remiremontinfo\/?p=78742\" \/>\n<meta name=\"twitter:card\" content=\"summary_large_image\" \/>\n<meta name=\"twitter:title\" content=\"Refuge de Grimlock : un passif similaire en Haute-Sa\u00f4ne refait surface - Remiremont Info\" \/>\n<meta name=\"twitter:description\" content=\"Apr\u00e8s notre article d\u2019hier sur les cas de maltraitance animale au refuge de Grimlock \u00e0 La V\u00f4ge-les-Bains, de nouvelles informations [&hellip;]\" \/>\n<meta name=\"twitter:image\" content=\"https:\/\/vosgesinfo.fr\/app\/uploads\/sites\/5\/2025\/02\/refuge-de-grimlock006.jpg\" \/>\n<meta name=\"twitter:creator\" content=\"@VosgesInfo88\" \/>\n<meta name=\"twitter:site\" content=\"@VosgesInfo88\" \/>\n<meta name=\"twitter:label1\" content=\"\u00c9crit par\" \/>\n\t<meta name=\"twitter:data1\" content=\"C.M\" \/>\n\t<meta name=\"twitter:label2\" content=\"Dur\u00e9e de lecture estim\u00e9e\" \/>\n\t<meta name=\"twitter:data2\" content=\"3 minutes\" \/>\n<script type=\"application\/ld+json\" class=\"yoast-schema-graph\">{\"@context\":\"https:\/\/schema.org\",\"@graph\":[{\"@type\":\"Article\",\"@id\":\"https:\/\/vosgesinfo.fr\/remiremontinfo\/?p=78742#article\",\"isPartOf\":{\"@id\":\"https:\/\/vosgesinfo.fr\/remiremontinfo\/?p=78742\"},\"author\":{\"name\":\"C.M\",\"@id\":\"https:\/\/vosgesinfo.fr\/remiremontinfo\/#\/schema\/person\/4f38cd3068e342935b7304695c797d08\"},\"headline\":\"Refuge de Grimlock : un passif similaire en Haute-Sa\u00f4ne refait surface\",\"datePublished\":\"2025-02-20T10:17:03+00:00\",\"dateModified\":\"2025-02-20T10:17:03+00:00\",\"mainEntityOfPage\":{\"@id\":\"https:\/\/vosgesinfo.fr\/remiremontinfo\/?p=78742\"},\"wordCount\":710,\"commentCount\":2,\"publisher\":{\"@id\":\"https:\/\/vosgesinfo.fr\/remiremontinfo\/#organization\"},\"image\":{\"@id\":\"https:\/\/vosgesinfo.fr\/remiremontinfo\/?p=78742#primaryimage\"},\"thumbnailUrl\":\"https:\/\/vosgesinfo.fr\/app\/uploads\/sites\/5\/2025\/02\/refuge-de-grimlock010.jpg\",\"keywords\":[\"maltraitance animale\"],\"articleSection\":[\"A la Une\",\"Animaux\",\"Epinal\",\"Gerardmer\",\"La plaine des vosges\",\"Remiremont\",\"Saint-di\u00e9\"],\"inLanguage\":\"fr-FR\",\"potentialAction\":[{\"@type\":\"CommentAction\",\"name\":\"Comment\",\"target\":[\"https:\/\/vosgesinfo.fr\/remiremontinfo\/?p=78742#respond\"]}]},{\"@type\":\"WebPage\",\"@id\":\"https:\/\/vosgesinfo.fr\/remiremontinfo\/?p=78742\",\"url\":\"https:\/\/vosgesinfo.fr\/remiremontinfo\/?p=78742\",\"name\":\"Refuge de Grimlock : un passif similaire en Haute-Sa\u00f4ne refait surface - Remiremont Info\",\"isPartOf\":{\"@id\":\"https:\/\/vosgesinfo.fr\/remiremontinfo\/#website\"},\"primaryImageOfPage\":{\"@id\":\"https:\/\/vosgesinfo.fr\/remiremontinfo\/?p=78742#primaryimage\"},\"image\":{\"@id\":\"https:\/\/vosgesinfo.fr\/remiremontinfo\/?p=78742#primaryimage\"},\"thumbnailUrl\":\"https:\/\/vosgesinfo.fr\/app\/uploads\/sites\/5\/2025\/02\/refuge-de-grimlock010.jpg\",\"datePublished\":\"2025-02-20T10:17:03+00:00\",\"dateModified\":\"2025-02-20T10:17:03+00:00\",\"breadcrumb\":{\"@id\":\"https:\/\/vosgesinfo.fr\/remiremontinfo\/?p=78742#breadcrumb\"},\"inLanguage\":\"fr-FR\",\"potentialAction\":[{\"@type\":\"ReadAction\",\"target\":[\"https:\/\/vosgesinfo.fr\/remiremontinfo\/?p=78742\"]}]},{\"@type\":\"ImageObject\",\"inLanguage\":\"fr-FR\",\"@id\":\"https:\/\/vosgesinfo.fr\/remiremontinfo\/?p=78742#primaryimage\",\"url\":\"https:\/\/vosgesinfo.fr\/app\/uploads\/sites\/5\/2025\/02\/refuge-de-grimlock010.jpg\",\"contentUrl\":\"https:\/\/vosgesinfo.fr\/app\/uploads\/sites\/5\/2025\/02\/refuge-de-grimlock010.jpg\",\"width\":1079,\"height\":1351},{\"@type\":\"BreadcrumbList\",\"@id\":\"https:\/\/vosgesinfo.fr\/remiremontinfo\/?p=78742#breadcrumb\",\"itemListElement\":[{\"@type\":\"ListItem\",\"position\":1,\"name\":\"Home\",\"item\":\"https:\/\/vosgesinfo.fr\/remiremontinfo\/\"},{\"@type\":\"ListItem\",\"position\":2,\"name\":\"Refuge de Grimlock : un passif similaire en Haute-Sa\u00f4ne refait surface\"}]},{\"@type\":\"WebSite\",\"@id\":\"https:\/\/vosgesinfo.fr\/remiremontinfo\/#website\",\"url\":\"https:\/\/vosgesinfo.fr\/remiremontinfo\/\",\"name\":\"Remiremont Info\",\"description\":\"Toute l&#039;actualit\u00e9 de Remiremont\",\"publisher\":{\"@id\":\"https:\/\/vosgesinfo.fr\/remiremontinfo\/#organization\"},\"alternateName\":\"Toute l'actualit\u00e9 de Remiremont\",\"potentialAction\":[{\"@type\":\"SearchAction\",\"target\":{\"@type\":\"EntryPoint\",\"urlTemplate\":\"https:\/\/vosgesinfo.fr\/remiremontinfo\/?s={search_term_string}\"},\"query-input\":\"required name=search_term_string\"}],\"inLanguage\":\"fr-FR\"},{\"@type\":\"Organization\",\"@id\":\"https:\/\/vosgesinfo.fr\/remiremontinfo\/#organization\",\"name\":\"Remiremont Info\",\"url\":\"https:\/\/vosgesinfo.fr\/remiremontinfo\/\",\"logo\":{\"@type\":\"ImageObject\",\"inLanguage\":\"fr-FR\",\"@id\":\"https:\/\/vosgesinfo.fr\/remiremontinfo\/#\/schema\/logo\/image\/\",\"url\":\"https:\/\/vosgesinfo.fr\/app\/uploads\/sites\/5\/2023\/08\/favicon-remiremontinfo.png\",\"contentUrl\":\"https:\/\/vosgesinfo.fr\/app\/uploads\/sites\/5\/2023\/08\/favicon-remiremontinfo.png\",\"width\":512,\"height\":512,\"caption\":\"Remiremont Info\"},\"image\":{\"@id\":\"https:\/\/vosgesinfo.fr\/remiremontinfo\/#\/schema\/logo\/image\/\"},\"sameAs\":[\"https:\/\/www.facebook.com\/remiremontinfo\",\"https:\/\/x.com\/VosgesInfo88\",\"https:\/\/www.youtube.com\/@vosgesinfo\"]},{\"@type\":\"Person\",\"@id\":\"https:\/\/vosgesinfo.fr\/remiremontinfo\/#\/schema\/person\/4f38cd3068e342935b7304695c797d08\",\"name\":\"C.M\",\"image\":{\"@type\":\"ImageObject\",\"inLanguage\":\"fr-FR\",\"@id\":\"https:\/\/vosgesinfo.fr\/remiremontinfo\/#\/schema\/person\/image\/\",\"url\":\"https:\/\/secure.gravatar.com\/avatar\/fe9daaef0164d920717484172682f3c5c9bcf7d42aa8c7048c76c34f0eb6c8da?s=96&d=mm&r=g\",\"contentUrl\":\"https:\/\/secure.gravatar.com\/avatar\/fe9daaef0164d920717484172682f3c5c9bcf7d42aa8c7048c76c34f0eb6c8da?s=96&d=mm&r=g\",\"caption\":\"C.M\"},\"url\":\"https:\/\/vosgesinfo.fr\/remiremontinfo\/author\/cm88200\/\"}]}<\/script>\n<!-- \/ Yoast SEO plugin. -->","yoast_head_json":{"title":"Refuge de Grimlock : un passif similaire en Haute-Sa\u00f4ne refait surface - Remiremont Info","robots":{"index":"index","follow":"follow","max-snippet":"max-snippet:-1","max-image-preview":"max-image-preview:large","max-video-preview":"max-video-preview:-1"},"canonical":"https:\/\/vosgesinfo.fr\/remiremontinfo\/?p=78742","twitter_card":"summary_large_image","twitter_title":"Refuge de Grimlock : un passif similaire en Haute-Sa\u00f4ne refait surface - Remiremont Info","twitter_description":"Apr\u00e8s notre article d\u2019hier sur les cas de maltraitance animale au refuge de Grimlock \u00e0 La V\u00f4ge-les-Bains, de nouvelles informations [&hellip;]","twitter_image":"https:\/\/vosgesinfo.fr\/app\/uploads\/sites\/5\/2025\/02\/refuge-de-grimlock006.jpg","twitter_creator":"@VosgesInfo88","twitter_site":"@VosgesInfo88","twitter_misc":{"\u00c9crit par":"C.M","Dur\u00e9e de lecture estim\u00e9e":"3 minutes"},"schema":{"@context":"https:\/\/schema.org","@graph":[{"@type":"Article","@id":"https:\/\/vosgesinfo.fr\/remiremontinfo\/?p=78742#article","isPartOf":{"@id":"https:\/\/vosgesinfo.fr\/remiremontinfo\/?p=78742"},"author":{"name":"C.M","@id":"https:\/\/vosgesinfo.fr\/remiremontinfo\/#\/schema\/person\/4f38cd3068e342935b7304695c797d08"},"headline":"Refuge de Grimlock : un passif similaire en Haute-Sa\u00f4ne refait surface","datePublished":"2025-02-20T10:17:03+00:00","dateModified":"2025-02-20T10:17:03+00:00","mainEntityOfPage":{"@id":"https:\/\/vosgesinfo.fr\/remiremontinfo\/?p=78742"},"wordCount":710,"commentCount":2,"publisher":{"@id":"https:\/\/vosgesinfo.fr\/remiremontinfo\/#organization"},"image":{"@id":"https:\/\/vosgesinfo.fr\/remiremontinfo\/?p=78742#primaryimage"},"thumbnailUrl":"https:\/\/vosgesinfo.fr\/app\/uploads\/sites\/5\/2025\/02\/refuge-de-grimlock010.jpg","keywords":["maltraitance animale"],"articleSection":["A la Une","Animaux","Epinal","Gerardmer","La plaine des vosges","Remiremont","Saint-di\u00e9"],"inLanguage":"fr-FR","potentialAction":[{"@type":"CommentAction","name":"Comment","target":["https:\/\/vosgesinfo.fr\/remiremontinfo\/?p=78742#respond"]}]},{"@type":"WebPage","@id":"https:\/\/vosgesinfo.fr\/remiremontinfo\/?p=78742","url":"https:\/\/vosgesinfo.fr\/remiremontinfo\/?p=78742","name":"Refuge de Grimlock : un passif similaire en Haute-Sa\u00f4ne refait surface - Remiremont Info","isPartOf":{"@id":"https:\/\/vosgesinfo.fr\/remiremontinfo\/#website"},"primaryImageOfPage":{"@id":"https:\/\/vosgesinfo.fr\/remiremontinfo\/?p=78742#primaryimage"},"image":{"@id":"https:\/\/vosgesinfo.fr\/remiremontinfo\/?p=78742#primaryimage"},"thumbnailUrl":"https:\/\/vosgesinfo.fr\/app\/uploads\/sites\/5\/2025\/02\/refuge-de-grimlock010.jpg","datePublished":"2025-02-20T10:17:03+00:00","dateModified":"2025-02-20T10:17:03+00:00","breadcrumb":{"@id":"https:\/\/vosgesinfo.fr\/remiremontinfo\/?p=78742#breadcrumb"},"inLanguage":"fr-FR","potentialAction":[{"@type":"ReadAction","target":["https:\/\/vosgesinfo.fr\/remiremontinfo\/?p=78742"]}]},{"@type":"ImageObject","inLanguage":"fr-FR","@id":"https:\/\/vosgesinfo.fr\/remiremontinfo\/?p=78742#primaryimage","url":"https:\/\/vosgesinfo.fr\/app\/uploads\/sites\/5\/2025\/02\/refuge-de-grimlock010.jpg","contentUrl":"https:\/\/vosgesinfo.fr\/app\/uploads\/sites\/5\/2025\/02\/refuge-de-grimlock010.jpg","width":1079,"height":1351},{"@type":"BreadcrumbList","@id":"https:\/\/vosgesinfo.fr\/remiremontinfo\/?p=78742#breadcrumb","itemListElement":[{"@type":"ListItem","position":1,"name":"Home","item":"https:\/\/vosgesinfo.fr\/remiremontinfo\/"},{"@type":"ListItem","position":2,"name":"Refuge de Grimlock : un passif similaire en Haute-Sa\u00f4ne refait surface"}]},{"@type":"WebSite","@id":"https:\/\/vosgesinfo.fr\/remiremontinfo\/#website","url":"https:\/\/vosgesinfo.fr\/remiremontinfo\/","name":"Remiremont Info","description":"Toute l&#039;actualit\u00e9 de Remiremont","publisher":{"@id":"https:\/\/vosgesinfo.fr\/remiremontinfo\/#organization"},"alternateName":"Toute l'actualit\u00e9 de Remiremont","potentialAction":[{"@type":"SearchAction","target":{"@type":"EntryPoint","urlTemplate":"https:\/\/vosgesinfo.fr\/remiremontinfo\/?s={search_term_string}"},"query-input":"required name=search_term_string"}],"inLanguage":"fr-FR"},{"@type":"Organization","@id":"https:\/\/vosgesinfo.fr\/remiremontinfo\/#organization","name":"Remiremont Info","url":"https:\/\/vosgesinfo.fr\/remiremontinfo\/","logo":{"@type":"ImageObject","inLanguage":"fr-FR","@id":"https:\/\/vosgesinfo.fr\/remiremontinfo\/#\/schema\/logo\/image\/","url":"https:\/\/vosgesinfo.fr\/app\/uploads\/sites\/5\/2023\/08\/favicon-remiremontinfo.png","contentUrl":"https:\/\/vosgesinfo.fr\/app\/uploads\/sites\/5\/2023\/08\/favicon-remiremontinfo.png","width":512,"height":512,"caption":"Remiremont Info"},"image":{"@id":"https:\/\/vosgesinfo.fr\/remiremontinfo\/#\/schema\/logo\/image\/"},"sameAs":["https:\/\/www.facebook.com\/remiremontinfo","https:\/\/x.com\/VosgesInfo88","https:\/\/www.youtube.com\/@vosgesinfo"]},{"@type":"Person","@id":"https:\/\/vosgesinfo.fr\/remiremontinfo\/#\/schema\/person\/4f38cd3068e342935b7304695c797d08","name":"C.M","image":{"@type":"ImageObject","inLanguage":"fr-FR","@id":"https:\/\/vosgesinfo.fr\/remiremontinfo\/#\/schema\/person\/image\/","url":"https:\/\/secure.gravatar.com\/avatar\/fe9daaef0164d920717484172682f3c5c9bcf7d42aa8c7048c76c34f0eb6c8da?s=96&d=mm&r=g","contentUrl":"https:\/\/secure.gravatar.com\/avatar\/fe9daaef0164d920717484172682f3c5c9bcf7d42aa8c7048c76c34f0eb6c8da?s=96&d=mm&r=g","caption":"C.M"},"url":"https:\/\/vosgesinfo.fr\/remiremontinfo\/author\/cm88200\/"}]}},"_links":{"self":[{"href":"https:\/\/vosgesinfo.fr\/remiremontinfo\/wp-json\/wp\/v2\/posts\/78742","targetHints":{"allow":["GET"]}}],"collection":[{"href":"https:\/\/vosgesinfo.fr\/remiremontinfo\/wp-json\/wp\/v2\/posts"}],"about":[{"href":"https:\/\/vosgesinfo.fr\/remiremontinfo\/wp-json\/wp\/v2\/types\/post"}],"author":[{"embeddable":true,"href":"https:\/\/vosgesinfo.fr\/remiremontinfo\/wp-json\/wp\/v2\/users\/418"}],"replies":[{"embeddable":true,"href":"https:\/\/vosgesinfo.fr\/remiremontinfo\/wp-json\/wp\/v2\/comments?post=78742"}],"version-history":[{"count":1,"href":"https:\/\/vosgesinfo.fr\/remiremontinfo\/wp-json\/wp\/v2\/posts\/78742\/revisions"}],"predecessor-version":[{"id":78743,"href":"https:\/\/vosgesinfo.fr\/remiremontinfo\/wp-json\/wp\/v2\/posts\/78742\/revisions\/78743"}],"wp:featuredmedia":[{"embeddable":true,"href":"https:\/\/vosgesinfo.fr\/remiremontinfo\/wp-json\/wp\/v2\/media\/78716"}],"wp:attachment":[{"href":"https:\/\/vosgesinfo.fr\/remiremontinfo\/wp-json\/wp\/v2\/media?parent=78742"}],"wp:term":[{"taxonomy":"category","embeddable":true,"href":"https:\/\/vosgesinfo.fr\/remiremontinfo\/wp-json\/wp\/v2\/categories?post=78742"},{"taxonomy":"post_tag","embeddable":true,"href":"https:\/\/vosgesinfo.fr\/remiremontinfo\/wp-json\/wp\/v2\/tags?post=78742"}],"curies":[{"name":"wp","href":"https:\/\/api.w.org\/{rel}","templated":true}]}}