{"id":78745,"date":"2025-02-20T15:01:41","date_gmt":"2025-02-20T14:01:41","guid":{"rendered":"https:\/\/vosgesinfo.fr\/remiremontinfo\/?p=78745"},"modified":"2025-02-21T07:56:26","modified_gmt":"2025-02-21T06:56:26","slug":"la-ldh-de-remiremont-mobilisee-pour-la-journee-des-droits-des-femmes","status":"publish","type":"post","link":"https:\/\/vosgesinfo.fr\/remiremontinfo\/2025\/02\/la-ldh-de-remiremont-mobilisee-pour-la-journee-des-droits-des-femmes\/","title":{"rendered":"La LDH de Remiremont mobilis\u00e9e pour la Journ\u00e9e des droits des femmes"},"content":{"rendered":"<p><a href=\"https:\/\/vosgesinfo.fr\/app\/uploads\/sites\/5\/2025\/02\/section-remiremont.png\"><img decoding=\"async\" class=\"aligncenter size-full wp-image-78746\" src=\"https:\/\/vosgesinfo.fr\/app\/uploads\/sites\/5\/2025\/02\/section-remiremont.png\" alt=\"\" width=\"2269\" height=\"1407\" srcset=\"https:\/\/vosgesinfo.fr\/app\/uploads\/sites\/5\/2025\/02\/section-remiremont.png 2269w, https:\/\/vosgesinfo.fr\/app\/uploads\/sites\/5\/2025\/02\/section-remiremont-300x186.png 300w, https:\/\/vosgesinfo.fr\/app\/uploads\/sites\/5\/2025\/02\/section-remiremont-1024x635.png 1024w, https:\/\/vosgesinfo.fr\/app\/uploads\/sites\/5\/2025\/02\/section-remiremont-768x476.png 768w, https:\/\/vosgesinfo.fr\/app\/uploads\/sites\/5\/2025\/02\/section-remiremont-1536x952.png 1536w, https:\/\/vosgesinfo.fr\/app\/uploads\/sites\/5\/2025\/02\/section-remiremont-2048x1270.png 2048w\" sizes=\"(max-width: 2269px) 100vw, 2269px\" \/><\/a><\/p>\n<p style=\"text-align: center;\"><strong>Journ\u00e9e Internationale des Droits des Femmes le 8 mars.<\/strong><\/p>\n<p data-pm-slice=\"0 0 []\">C\u2019est arriv\u00e9 \u00e0 Dogneville.<\/p>\n<p>La Journ\u00e9e Internationale des Droits des Femmes approche \u00e0 grands pas. De nombreuses associations organisent chaque ann\u00e9e des manifestations, rencontres, cin\u00e9\/d\u00e9bats\u2026pour capter l\u2019attention de tout un chacun. Bien que l\u2019on parle de plus en plus des droits des femmes, des violences sous toutes les formes et des harc\u00e8lements en tout genre dont elles sont victimes, on pense bien souvent que cela n\u2019arrive qu\u2019aux autres, voire dans d\u2019autres pays. Et pour les victimes, la peur de ne pas \u00eatre crues, voire m\u00eame \u00e9cout\u00e9es, les dissuade de parler.<\/p>\n<p>ET BIEN NON\u00a0! Cela est encore arriv\u00e9 \u00e0 deux pas de chez nous tous. Et cela est condamnable\u00a0!\u00a0 La section de Remiremont de la Ligue des Droits de l\u2019Homme est tr\u00e8s sensible et engag\u00e9e \u00e0 ce sujet\u00a0; elle pr\u00e9vient\u00a0: \u00ab\u00a0\u00c0 Dogneville, Monsieur X. a \u00e9t\u00e9 condamn\u00e9 \u00e0 4 mois de prison avec sursis pour violences envers sa compagne devant ses enfants mineurs. Une condamnation qui a \u00e9t\u00e9 confirm\u00e9e en appel. La violence et le harc\u00e8lement sont condamnables et il faut une belle dose de courage pour les affronter, car nous savons toutes et tous que, bien souvent, ces harceleurs ou harceleuses sont des personnes si joviales et charmantes \u00e0 l\u2019ext\u00e9rieur que difficilement rep\u00e9rables. \u00bb<\/p>\n","protected":false},"excerpt":{"rendered":"<p>Journ\u00e9e Internationale des Droits des Femmes le 8 mars. C\u2019est arriv\u00e9 \u00e0 Dogneville. La Journ\u00e9e Internationale des Droits des Femmes [&hellip;]<\/p>\n","protected":false},"author":391,"featured_media":78746,"comment_status":"open","ping_status":"open","sticky":false,"template":"","format":"standard","meta":{"footnotes":""},"categories":[26,594,108,43,60],"tags":[7237,403],"class_list":["post-78745","post","type-post","status-publish","format-standard","has-post-thumbnail","hentry","category-a-la-une","category-agenda","category-epinal","category-remiremont-remiremont-son-canton","category-solidarite","tag-journee-internationale-des-droits-des-femmes","tag-ligue-des-droits-de-lhomme"],"acf":[],"yoast_head":"<!-- This site is optimized with the Yoast SEO plugin v22.5 - https:\/\/yoast.com\/wordpress\/plugins\/seo\/ -->\n<title>La LDH de Remiremont mobilis\u00e9e pour la Journ\u00e9e des droits des femmes - Remiremont Info<\/title>\n<meta name=\"robots\" content=\"index, follow, max-snippet:-1, max-image-preview:large, max-video-preview:-1\" \/>\n<link rel=\"canonical\" href=\"https:\/\/vosgesinfo.fr\/remiremontinfo\/2025\/02\/la-ldh-de-remiremont-mobilisee-pour-la-journee-des-droits-des-femmes\/\" \/>\n<meta name=\"twitter:card\" content=\"summary_large_image\" \/>\n<meta name=\"twitter:title\" content=\"La LDH de Remiremont mobilis\u00e9e pour la Journ\u00e9e des droits des femmes - Remiremont Info\" \/>\n<meta name=\"twitter:description\" content=\"Journ\u00e9e Internationale des Droits des Femmes le 8 mars. C\u2019est arriv\u00e9 \u00e0 Dogneville. La Journ\u00e9e Internationale des Droits des Femmes [&hellip;]\" \/>\n<meta name=\"twitter:image\" content=\"https:\/\/vosgesinfo.fr\/app\/uploads\/sites\/5\/2025\/02\/section-remiremont.png\" \/>\n<meta name=\"twitter:creator\" content=\"@VosgesInfo88\" \/>\n<meta name=\"twitter:site\" content=\"@VosgesInfo88\" \/>\n<meta name=\"twitter:label1\" content=\"\u00c9crit par\" \/>\n\t<meta name=\"twitter:data1\" content=\"La redaction\" \/>\n\t<meta name=\"twitter:label2\" content=\"Dur\u00e9e de lecture estim\u00e9e\" \/>\n\t<meta name=\"twitter:data2\" content=\"2 minutes\" \/>\n<script type=\"application\/ld+json\" class=\"yoast-schema-graph\">{\"@context\":\"https:\/\/schema.org\",\"@graph\":[{\"@type\":\"Article\",\"@id\":\"https:\/\/vosgesinfo.fr\/remiremontinfo\/2025\/02\/la-ldh-de-remiremont-mobilisee-pour-la-journee-des-droits-des-femmes\/#article\",\"isPartOf\":{\"@id\":\"https:\/\/vosgesinfo.fr\/remiremontinfo\/2025\/02\/la-ldh-de-remiremont-mobilisee-pour-la-journee-des-droits-des-femmes\/\"},\"author\":{\"name\":\"La redaction\",\"@id\":\"https:\/\/vosgesinfo.fr\/remiremontinfo\/#\/schema\/person\/27a3695b06db98895b354c0765cdfc31\"},\"headline\":\"La LDH de Remiremont mobilis\u00e9e pour la Journ\u00e9e des droits des femmes\",\"datePublished\":\"2025-02-20T14:01:41+00:00\",\"dateModified\":\"2025-02-21T06:56:26+00:00\",\"mainEntityOfPage\":{\"@id\":\"https:\/\/vosgesinfo.fr\/remiremontinfo\/2025\/02\/la-ldh-de-remiremont-mobilisee-pour-la-journee-des-droits-des-femmes\/\"},\"wordCount\":241,\"commentCount\":3,\"publisher\":{\"@id\":\"https:\/\/vosgesinfo.fr\/remiremontinfo\/#organization\"},\"image\":{\"@id\":\"https:\/\/vosgesinfo.fr\/remiremontinfo\/2025\/02\/la-ldh-de-remiremont-mobilisee-pour-la-journee-des-droits-des-femmes\/#primaryimage\"},\"thumbnailUrl\":\"https:\/\/vosgesinfo.fr\/app\/uploads\/sites\/5\/2025\/02\/section-remiremont.png\",\"keywords\":[\"Journ\u00e9e internationale des droits des femmes\",\"Ligue des droits de l'Homme\"],\"articleSection\":[\"A la Une\",\"Agenda\",\"Epinal\",\"Remiremont\",\"Solidarit\u00e9\"],\"inLanguage\":\"fr-FR\",\"potentialAction\":[{\"@type\":\"CommentAction\",\"name\":\"Comment\",\"target\":[\"https:\/\/vosgesinfo.fr\/remiremontinfo\/2025\/02\/la-ldh-de-remiremont-mobilisee-pour-la-journee-des-droits-des-femmes\/#respond\"]}]},{\"@type\":\"WebPage\",\"@id\":\"https:\/\/vosgesinfo.fr\/remiremontinfo\/2025\/02\/la-ldh-de-remiremont-mobilisee-pour-la-journee-des-droits-des-femmes\/\",\"url\":\"https:\/\/vosgesinfo.fr\/remiremontinfo\/2025\/02\/la-ldh-de-remiremont-mobilisee-pour-la-journee-des-droits-des-femmes\/\",\"name\":\"La LDH de Remiremont mobilis\u00e9e pour la Journ\u00e9e des droits des femmes - Remiremont Info\",\"isPartOf\":{\"@id\":\"https:\/\/vosgesinfo.fr\/remiremontinfo\/#website\"},\"primaryImageOfPage\":{\"@id\":\"https:\/\/vosgesinfo.fr\/remiremontinfo\/2025\/02\/la-ldh-de-remiremont-mobilisee-pour-la-journee-des-droits-des-femmes\/#primaryimage\"},\"image\":{\"@id\":\"https:\/\/vosgesinfo.fr\/remiremontinfo\/2025\/02\/la-ldh-de-remiremont-mobilisee-pour-la-journee-des-droits-des-femmes\/#primaryimage\"},\"thumbnailUrl\":\"https:\/\/vosgesinfo.fr\/app\/uploads\/sites\/5\/2025\/02\/section-remiremont.png\",\"datePublished\":\"2025-02-20T14:01:41+00:00\",\"dateModified\":\"2025-02-21T06:56:26+00:00\",\"breadcrumb\":{\"@id\":\"https:\/\/vosgesinfo.fr\/remiremontinfo\/2025\/02\/la-ldh-de-remiremont-mobilisee-pour-la-journee-des-droits-des-femmes\/#breadcrumb\"},\"inLanguage\":\"fr-FR\",\"potentialAction\":[{\"@type\":\"ReadAction\",\"target\":[\"https:\/\/vosgesinfo.fr\/remiremontinfo\/2025\/02\/la-ldh-de-remiremont-mobilisee-pour-la-journee-des-droits-des-femmes\/\"]}]},{\"@type\":\"ImageObject\",\"inLanguage\":\"fr-FR\",\"@id\":\"https:\/\/vosgesinfo.fr\/remiremontinfo\/2025\/02\/la-ldh-de-remiremont-mobilisee-pour-la-journee-des-droits-des-femmes\/#primaryimage\",\"url\":\"https:\/\/vosgesinfo.fr\/app\/uploads\/sites\/5\/2025\/02\/section-remiremont.png\",\"contentUrl\":\"https:\/\/vosgesinfo.fr\/app\/uploads\/sites\/5\/2025\/02\/section-remiremont.png\",\"width\":2269,\"height\":1407},{\"@type\":\"BreadcrumbList\",\"@id\":\"https:\/\/vosgesinfo.fr\/remiremontinfo\/2025\/02\/la-ldh-de-remiremont-mobilisee-pour-la-journee-des-droits-des-femmes\/#breadcrumb\",\"itemListElement\":[{\"@type\":\"ListItem\",\"position\":1,\"name\":\"Home\",\"item\":\"https:\/\/vosgesinfo.fr\/remiremontinfo\/\"},{\"@type\":\"ListItem\",\"position\":2,\"name\":\"La LDH de Remiremont mobilis\u00e9e pour la Journ\u00e9e des droits des femmes\"}]},{\"@type\":\"WebSite\",\"@id\":\"https:\/\/vosgesinfo.fr\/remiremontinfo\/#website\",\"url\":\"https:\/\/vosgesinfo.fr\/remiremontinfo\/\",\"name\":\"Remiremont Info\",\"description\":\"Toute l&#039;actualit\u00e9 de Remiremont\",\"publisher\":{\"@id\":\"https:\/\/vosgesinfo.fr\/remiremontinfo\/#organization\"},\"alternateName\":\"Toute l'actualit\u00e9 de Remiremont\",\"potentialAction\":[{\"@type\":\"SearchAction\",\"target\":{\"@type\":\"EntryPoint\",\"urlTemplate\":\"https:\/\/vosgesinfo.fr\/remiremontinfo\/?s={search_term_string}\"},\"query-input\":\"required name=search_term_string\"}],\"inLanguage\":\"fr-FR\"},{\"@type\":\"Organization\",\"@id\":\"https:\/\/vosgesinfo.fr\/remiremontinfo\/#organization\",\"name\":\"Remiremont Info\",\"url\":\"https:\/\/vosgesinfo.fr\/remiremontinfo\/\",\"logo\":{\"@type\":\"ImageObject\",\"inLanguage\":\"fr-FR\",\"@id\":\"https:\/\/vosgesinfo.fr\/remiremontinfo\/#\/schema\/logo\/image\/\",\"url\":\"https:\/\/vosgesinfo.fr\/app\/uploads\/sites\/5\/2023\/08\/favicon-remiremontinfo.png\",\"contentUrl\":\"https:\/\/vosgesinfo.fr\/app\/uploads\/sites\/5\/2023\/08\/favicon-remiremontinfo.png\",\"width\":512,\"height\":512,\"caption\":\"Remiremont Info\"},\"image\":{\"@id\":\"https:\/\/vosgesinfo.fr\/remiremontinfo\/#\/schema\/logo\/image\/\"},\"sameAs\":[\"https:\/\/www.facebook.com\/remiremontinfo\",\"https:\/\/x.com\/VosgesInfo88\",\"https:\/\/www.youtube.com\/@vosgesinfo\"]},{\"@type\":\"Person\",\"@id\":\"https:\/\/vosgesinfo.fr\/remiremontinfo\/#\/schema\/person\/27a3695b06db98895b354c0765cdfc31\",\"name\":\"La redaction\",\"image\":{\"@type\":\"ImageObject\",\"inLanguage\":\"fr-FR\",\"@id\":\"https:\/\/vosgesinfo.fr\/remiremontinfo\/#\/schema\/person\/image\/\",\"url\":\"https:\/\/secure.gravatar.com\/avatar\/64c76a78e501cedee55736f43f332df901e1896ae9cd8fad269ae2236dd0e8b6?s=96&d=mm&r=g\",\"contentUrl\":\"https:\/\/secure.gravatar.com\/avatar\/64c76a78e501cedee55736f43f332df901e1896ae9cd8fad269ae2236dd0e8b6?s=96&d=mm&r=g\",\"caption\":\"La redaction\"},\"url\":\"https:\/\/vosgesinfo.fr\/remiremontinfo\/author\/la-redaction\/\"}]}<\/script>\n<!-- \/ Yoast SEO plugin. -->","yoast_head_json":{"title":"La LDH de Remiremont mobilis\u00e9e pour la Journ\u00e9e des droits des femmes - Remiremont Info","robots":{"index":"index","follow":"follow","max-snippet":"max-snippet:-1","max-image-preview":"max-image-preview:large","max-video-preview":"max-video-preview:-1"},"canonical":"https:\/\/vosgesinfo.fr\/remiremontinfo\/2025\/02\/la-ldh-de-remiremont-mobilisee-pour-la-journee-des-droits-des-femmes\/","twitter_card":"summary_large_image","twitter_title":"La LDH de Remiremont mobilis\u00e9e pour la Journ\u00e9e des droits des femmes - Remiremont Info","twitter_description":"Journ\u00e9e Internationale des Droits des Femmes le 8 mars. C\u2019est arriv\u00e9 \u00e0 Dogneville. La Journ\u00e9e Internationale des Droits des Femmes [&hellip;]","twitter_image":"https:\/\/vosgesinfo.fr\/app\/uploads\/sites\/5\/2025\/02\/section-remiremont.png","twitter_creator":"@VosgesInfo88","twitter_site":"@VosgesInfo88","twitter_misc":{"\u00c9crit par":"La redaction","Dur\u00e9e de lecture estim\u00e9e":"2 minutes"},"schema":{"@context":"https:\/\/schema.org","@graph":[{"@type":"Article","@id":"https:\/\/vosgesinfo.fr\/remiremontinfo\/2025\/02\/la-ldh-de-remiremont-mobilisee-pour-la-journee-des-droits-des-femmes\/#article","isPartOf":{"@id":"https:\/\/vosgesinfo.fr\/remiremontinfo\/2025\/02\/la-ldh-de-remiremont-mobilisee-pour-la-journee-des-droits-des-femmes\/"},"author":{"name":"La redaction","@id":"https:\/\/vosgesinfo.fr\/remiremontinfo\/#\/schema\/person\/27a3695b06db98895b354c0765cdfc31"},"headline":"La LDH de Remiremont mobilis\u00e9e pour la Journ\u00e9e des droits des femmes","datePublished":"2025-02-20T14:01:41+00:00","dateModified":"2025-02-21T06:56:26+00:00","mainEntityOfPage":{"@id":"https:\/\/vosgesinfo.fr\/remiremontinfo\/2025\/02\/la-ldh-de-remiremont-mobilisee-pour-la-journee-des-droits-des-femmes\/"},"wordCount":241,"commentCount":3,"publisher":{"@id":"https:\/\/vosgesinfo.fr\/remiremontinfo\/#organization"},"image":{"@id":"https:\/\/vosgesinfo.fr\/remiremontinfo\/2025\/02\/la-ldh-de-remiremont-mobilisee-pour-la-journee-des-droits-des-femmes\/#primaryimage"},"thumbnailUrl":"https:\/\/vosgesinfo.fr\/app\/uploads\/sites\/5\/2025\/02\/section-remiremont.png","keywords":["Journ\u00e9e internationale des droits des femmes","Ligue des droits de l'Homme"],"articleSection":["A la Une","Agenda","Epinal","Remiremont","Solidarit\u00e9"],"inLanguage":"fr-FR","potentialAction":[{"@type":"CommentAction","name":"Comment","target":["https:\/\/vosgesinfo.fr\/remiremontinfo\/2025\/02\/la-ldh-de-remiremont-mobilisee-pour-la-journee-des-droits-des-femmes\/#respond"]}]},{"@type":"WebPage","@id":"https:\/\/vosgesinfo.fr\/remiremontinfo\/2025\/02\/la-ldh-de-remiremont-mobilisee-pour-la-journee-des-droits-des-femmes\/","url":"https:\/\/vosgesinfo.fr\/remiremontinfo\/2025\/02\/la-ldh-de-remiremont-mobilisee-pour-la-journee-des-droits-des-femmes\/","name":"La LDH de Remiremont mobilis\u00e9e pour la Journ\u00e9e des droits des femmes - Remiremont Info","isPartOf":{"@id":"https:\/\/vosgesinfo.fr\/remiremontinfo\/#website"},"primaryImageOfPage":{"@id":"https:\/\/vosgesinfo.fr\/remiremontinfo\/2025\/02\/la-ldh-de-remiremont-mobilisee-pour-la-journee-des-droits-des-femmes\/#primaryimage"},"image":{"@id":"https:\/\/vosgesinfo.fr\/remiremontinfo\/2025\/02\/la-ldh-de-remiremont-mobilisee-pour-la-journee-des-droits-des-femmes\/#primaryimage"},"thumbnailUrl":"https:\/\/vosgesinfo.fr\/app\/uploads\/sites\/5\/2025\/02\/section-remiremont.png","datePublished":"2025-02-20T14:01:41+00:00","dateModified":"2025-02-21T06:56:26+00:00","breadcrumb":{"@id":"https:\/\/vosgesinfo.fr\/remiremontinfo\/2025\/02\/la-ldh-de-remiremont-mobilisee-pour-la-journee-des-droits-des-femmes\/#breadcrumb"},"inLanguage":"fr-FR","potentialAction":[{"@type":"ReadAction","target":["https:\/\/vosgesinfo.fr\/remiremontinfo\/2025\/02\/la-ldh-de-remiremont-mobilisee-pour-la-journee-des-droits-des-femmes\/"]}]},{"@type":"ImageObject","inLanguage":"fr-FR","@id":"https:\/\/vosgesinfo.fr\/remiremontinfo\/2025\/02\/la-ldh-de-remiremont-mobilisee-pour-la-journee-des-droits-des-femmes\/#primaryimage","url":"https:\/\/vosgesinfo.fr\/app\/uploads\/sites\/5\/2025\/02\/section-remiremont.png","contentUrl":"https:\/\/vosgesinfo.fr\/app\/uploads\/sites\/5\/2025\/02\/section-remiremont.png","width":2269,"height":1407},{"@type":"BreadcrumbList","@id":"https:\/\/vosgesinfo.fr\/remiremontinfo\/2025\/02\/la-ldh-de-remiremont-mobilisee-pour-la-journee-des-droits-des-femmes\/#breadcrumb","itemListElement":[{"@type":"ListItem","position":1,"name":"Home","item":"https:\/\/vosgesinfo.fr\/remiremontinfo\/"},{"@type":"ListItem","position":2,"name":"La LDH de Remiremont mobilis\u00e9e pour la Journ\u00e9e des droits des femmes"}]},{"@type":"WebSite","@id":"https:\/\/vosgesinfo.fr\/remiremontinfo\/#website","url":"https:\/\/vosgesinfo.fr\/remiremontinfo\/","name":"Remiremont Info","description":"Toute l&#039;actualit\u00e9 de Remiremont","publisher":{"@id":"https:\/\/vosgesinfo.fr\/remiremontinfo\/#organization"},"alternateName":"Toute l'actualit\u00e9 de Remiremont","potentialAction":[{"@type":"SearchAction","target":{"@type":"EntryPoint","urlTemplate":"https:\/\/vosgesinfo.fr\/remiremontinfo\/?s={search_term_string}"},"query-input":"required name=search_term_string"}],"inLanguage":"fr-FR"},{"@type":"Organization","@id":"https:\/\/vosgesinfo.fr\/remiremontinfo\/#organization","name":"Remiremont Info","url":"https:\/\/vosgesinfo.fr\/remiremontinfo\/","logo":{"@type":"ImageObject","inLanguage":"fr-FR","@id":"https:\/\/vosgesinfo.fr\/remiremontinfo\/#\/schema\/logo\/image\/","url":"https:\/\/vosgesinfo.fr\/app\/uploads\/sites\/5\/2023\/08\/favicon-remiremontinfo.png","contentUrl":"https:\/\/vosgesinfo.fr\/app\/uploads\/sites\/5\/2023\/08\/favicon-remiremontinfo.png","width":512,"height":512,"caption":"Remiremont Info"},"image":{"@id":"https:\/\/vosgesinfo.fr\/remiremontinfo\/#\/schema\/logo\/image\/"},"sameAs":["https:\/\/www.facebook.com\/remiremontinfo","https:\/\/x.com\/VosgesInfo88","https:\/\/www.youtube.com\/@vosgesinfo"]},{"@type":"Person","@id":"https:\/\/vosgesinfo.fr\/remiremontinfo\/#\/schema\/person\/27a3695b06db98895b354c0765cdfc31","name":"La redaction","image":{"@type":"ImageObject","inLanguage":"fr-FR","@id":"https:\/\/vosgesinfo.fr\/remiremontinfo\/#\/schema\/person\/image\/","url":"https:\/\/secure.gravatar.com\/avatar\/64c76a78e501cedee55736f43f332df901e1896ae9cd8fad269ae2236dd0e8b6?s=96&d=mm&r=g","contentUrl":"https:\/\/secure.gravatar.com\/avatar\/64c76a78e501cedee55736f43f332df901e1896ae9cd8fad269ae2236dd0e8b6?s=96&d=mm&r=g","caption":"La redaction"},"url":"https:\/\/vosgesinfo.fr\/remiremontinfo\/author\/la-redaction\/"}]}},"_links":{"self":[{"href":"https:\/\/vosgesinfo.fr\/remiremontinfo\/wp-json\/wp\/v2\/posts\/78745","targetHints":{"allow":["GET"]}}],"collection":[{"href":"https:\/\/vosgesinfo.fr\/remiremontinfo\/wp-json\/wp\/v2\/posts"}],"about":[{"href":"https:\/\/vosgesinfo.fr\/remiremontinfo\/wp-json\/wp\/v2\/types\/post"}],"author":[{"embeddable":true,"href":"https:\/\/vosgesinfo.fr\/remiremontinfo\/wp-json\/wp\/v2\/users\/391"}],"replies":[{"embeddable":true,"href":"https:\/\/vosgesinfo.fr\/remiremontinfo\/wp-json\/wp\/v2\/comments?post=78745"}],"version-history":[{"count":1,"href":"https:\/\/vosgesinfo.fr\/remiremontinfo\/wp-json\/wp\/v2\/posts\/78745\/revisions"}],"predecessor-version":[{"id":78747,"href":"https:\/\/vosgesinfo.fr\/remiremontinfo\/wp-json\/wp\/v2\/posts\/78745\/revisions\/78747"}],"wp:featuredmedia":[{"embeddable":true,"href":"https:\/\/vosgesinfo.fr\/remiremontinfo\/wp-json\/wp\/v2\/media\/78746"}],"wp:attachment":[{"href":"https:\/\/vosgesinfo.fr\/remiremontinfo\/wp-json\/wp\/v2\/media?parent=78745"}],"wp:term":[{"taxonomy":"category","embeddable":true,"href":"https:\/\/vosgesinfo.fr\/remiremontinfo\/wp-json\/wp\/v2\/categories?post=78745"},{"taxonomy":"post_tag","embeddable":true,"href":"https:\/\/vosgesinfo.fr\/remiremontinfo\/wp-json\/wp\/v2\/tags?post=78745"}],"curies":[{"name":"wp","href":"https:\/\/api.w.org\/{rel}","templated":true}]}}