{"id":78748,"date":"2025-02-20T19:10:29","date_gmt":"2025-02-20T18:10:29","guid":{"rendered":"https:\/\/vosgesinfo.fr\/remiremontinfo\/?p=78748"},"modified":"2025-02-20T19:10:29","modified_gmt":"2025-02-20T18:10:29","slug":"polar-sur-meurthe-saint-die-des-vosges-fait-son-festival-du-livre-policier","status":"publish","type":"post","link":"https:\/\/vosgesinfo.fr\/remiremontinfo\/2025\/02\/polar-sur-meurthe-saint-die-des-vosges-fait-son-festival-du-livre-policier\/","title":{"rendered":"Polar sur Meurthe\u00a0: Saint-Di\u00e9-des-Vosges fait son festival du livre policier"},"content":{"rendered":"<h2>C&rsquo;est une information qui va int\u00e9resser les f\u00e9rus de <strong>romans policiers, ainsi que <\/strong><strong>d&rsquo;affaires criminelles et judiciaires<\/strong>. <strong>\u00ab Polar sur Meurthe \u00bb<\/strong>, le <strong>festival de polar de Saint-Di\u00e9-des-Vosges<\/strong>, fera sa <strong>premi\u00e8re \u00e9dition<\/strong> le <strong>samedi 14 juin prochain<\/strong>.<\/h2>\n<p><!--more--><\/p>\n<h3 class=\"western\"><strong>Un \u00e9v\u00e9nement initi\u00e9 par la Librairie Le Neuf<\/strong><\/h3>\n<p>Derri\u00e8re cette initiative, on retrouve la <strong>Librairie Le Neuf<\/strong>, qui s&rsquo;est <strong>associ\u00e9e<\/strong> pour l&rsquo;occasion avec la <strong>Ville<\/strong>, la <strong>Communaut\u00e9 d&rsquo;Agglom\u00e9ration<\/strong>, la <strong>R\u00e9gion Grand Est<\/strong>, l&rsquo;<strong>IUT d\u00e9odatien<\/strong> et la <strong>Cour des Arts<\/strong>.<\/p>\n<h3><strong>Pourquoi ? Pourquoi pas !<\/strong><\/h3>\n<p>La r\u00e9ponse de la <strong>Librairie Le Neuf<\/strong> au <strong>\u00ab pourquoi du comment ? \u00bb<\/strong> d&rsquo;un <strong>festival de polar d\u00e9odatien<\/strong> ?<br \/>\n\u00ab <strong>Pourquoi pas !<\/strong> Saint-Di\u00e9-des-Vosges a toujours \u00e9t\u00e9 active dans le <strong>domaine culturel et associatif<\/strong>. La ville, associ\u00e9e \u00e0 la librairie, au r\u00e9seau de biblioth\u00e8ques et aux associations culturelles, a su <strong>f\u00e9d\u00e9rer de nombreux passionn\u00e9s autour du livre<\/strong>. \u00bb<\/p>\n<h3 class=\"western\"><strong>Un festival \u00e0 travers la ville<\/strong><\/h3>\n<p><strong>\u00ab Polar sur Meurthe \u00bb<\/strong> se d\u00e9roulera \u00e0 <strong>plusieurs endroits<\/strong> de la ville : sur les <strong>quais de la Meurthe<\/strong>, mais aussi \u00e0 la <strong>Librairie Le Neuf<\/strong>, la <strong>Cour des Arts<\/strong>, <strong>La Boussole<\/strong>, la <strong>Tour de la Libert\u00e9<\/strong> et au <strong>mus\u00e9e Pierre-No\u00ebl<\/strong>.<\/p>\n<h3 class=\"western\"><strong>De nombreux invit\u00e9s&#8230;<\/strong><\/h3>\n<p>Parmi les invit\u00e9s, seront pr\u00e9sents <strong>Fr\u00e9d\u00e9ric Pottecher<\/strong>, c\u00e9l\u00e8bre <strong>chroniqueur judiciaire vosgien<\/strong> ; les \u00e9crivains <strong>Didier Daeninckx<\/strong> et <strong>Nicolas Mathieu<\/strong> ; <strong>Gilbert Thiel<\/strong>, ancien <strong>juge d&rsquo;instruction<\/strong> sp\u00e9cialis\u00e9 dans les <strong>faits divers et le terrorisme<\/strong> ; les auteurs <strong>Philippe Jaenada<\/strong> (sous r\u00e9serve) et <strong>Patricia Tourancheau<\/strong> ; <strong>Sylvie Dollet-Thieblemont<\/strong>, professeure des Universit\u00e9s \u00e9m\u00e9rite et enseignante-chercheuse ; les journalistes <strong>Vianney Huguenot<\/strong> et <strong>\u00c9lise L\u00e9pine<\/strong> (sous r\u00e9serve).<\/p>\n<h3 class=\"western\"><strong>&#8230;et de nombreuses animations<\/strong><\/h3>\n<p><strong>Portraits, tables rondes, interrogatoire litt\u00e9raire, bourse aux polars, jeux, escape games, murder party, ateliers d&rsquo;\u00e9criture et accueil de scolaires<\/strong> rythmeront le festival <strong>\u00ab Polar sur Meurthe \u00bb<\/strong>, dont le <strong>programme complet et d\u00e9taill\u00e9 fera l&rsquo;objet d&rsquo;un prochain article<\/strong>.<\/p>\n<h3 class=\"western\"><strong>En attendant le 14 juin<\/strong><\/h3>\n<p>Rendez-vous sur <strong><a href=\"https:\/\/www.polarsurmeurthe.fr\/\" target=\"_blank\" rel=\"noopener\">www.polarsurmeurthe.fr<\/a><\/strong> pour suivre les derni\u00e8res actualit\u00e9s du festival.<\/p>\n<p>J.J.<\/p>\n<p><a href=\"https:\/\/vosgesinfo.fr\/app\/uploads\/sites\/4\/2025\/02\/polar-sur-meurthe-1.jpg\"><img decoding=\"async\" class=\"alignnone size-large wp-image-74235\" src=\"https:\/\/vosgesinfo.fr\/app\/uploads\/sites\/4\/2025\/02\/polar-sur-meurthe-1-724x1024.jpg\" alt=\"\" width=\"724\" height=\"1024\" \/><\/a><\/p>\n","protected":false},"excerpt":{"rendered":"<p>C&rsquo;est une information qui va int\u00e9resser les f\u00e9rus de romans policiers, ainsi que d&rsquo;affaires criminelles et judiciaires. \u00ab Polar sur [&hellip;]<\/p>\n","protected":false},"author":46,"featured_media":78749,"comment_status":"open","ping_status":"open","sticky":false,"template":"","format":"standard","meta":{"footnotes":""},"categories":[26,108,62,845,400,43,883,18],"tags":[7238,7239,7240],"class_list":["post-78748","post","type-post","status-publish","format-standard","has-post-thumbnail","hentry","category-a-la-une","category-epinal","category-gerardmer","category-la-plaine-des-vosges","category-litterature","category-remiremont-remiremont-son-canton","category-saint-die-des-vosges","category-vosges","tag-festival-du-livre-policier-de-saint-die-des-vosges","tag-librairie-le-neuf","tag-polar-sur-meurthe"],"acf":[],"yoast_head":"<!-- This site is optimized with the Yoast SEO plugin v22.5 - https:\/\/yoast.com\/wordpress\/plugins\/seo\/ -->\n<title>Polar sur Meurthe\u00a0: Saint-Di\u00e9-des-Vosges fait son festival du livre policier - Remiremont Info<\/title>\n<meta name=\"robots\" content=\"index, follow, max-snippet:-1, max-image-preview:large, max-video-preview:-1\" \/>\n<link rel=\"canonical\" href=\"https:\/\/vosgesinfo.fr\/remiremontinfo\/2025\/02\/polar-sur-meurthe-saint-die-des-vosges-fait-son-festival-du-livre-policier\/\" \/>\n<meta name=\"twitter:card\" content=\"summary_large_image\" \/>\n<meta name=\"twitter:title\" content=\"Polar sur Meurthe\u00a0: Saint-Di\u00e9-des-Vosges fait son festival du livre policier - Remiremont Info\" \/>\n<meta name=\"twitter:description\" content=\"C&rsquo;est une information qui va int\u00e9resser les f\u00e9rus de romans policiers, ainsi que d&rsquo;affaires criminelles et judiciaires. \u00ab Polar sur [&hellip;]\" \/>\n<meta name=\"twitter:image\" content=\"https:\/\/vosgesinfo.fr\/app\/uploads\/sites\/5\/2025\/02\/polar-sur-meurthe-2.jpg\" \/>\n<meta name=\"twitter:creator\" content=\"@VosgesInfo88\" \/>\n<meta name=\"twitter:site\" content=\"@VosgesInfo88\" \/>\n<meta name=\"twitter:label1\" content=\"\u00c9crit par\" \/>\n\t<meta name=\"twitter:data1\" content=\"J.J.\" \/>\n\t<meta name=\"twitter:label2\" content=\"Dur\u00e9e de lecture estim\u00e9e\" \/>\n\t<meta name=\"twitter:data2\" content=\"2 minutes\" \/>\n<script type=\"application\/ld+json\" class=\"yoast-schema-graph\">{\"@context\":\"https:\/\/schema.org\",\"@graph\":[{\"@type\":\"Article\",\"@id\":\"https:\/\/vosgesinfo.fr\/remiremontinfo\/2025\/02\/polar-sur-meurthe-saint-die-des-vosges-fait-son-festival-du-livre-policier\/#article\",\"isPartOf\":{\"@id\":\"https:\/\/vosgesinfo.fr\/remiremontinfo\/2025\/02\/polar-sur-meurthe-saint-die-des-vosges-fait-son-festival-du-livre-policier\/\"},\"author\":{\"name\":\"J.J.\",\"@id\":\"https:\/\/vosgesinfo.fr\/remiremontinfo\/#\/schema\/person\/fa73e9f726d67bb88f46d5b7943cb572\"},\"headline\":\"Polar sur Meurthe\u00a0: Saint-Di\u00e9-des-Vosges fait son festival du livre policier\",\"datePublished\":\"2025-02-20T18:10:29+00:00\",\"dateModified\":\"2025-02-20T18:10:29+00:00\",\"mainEntityOfPage\":{\"@id\":\"https:\/\/vosgesinfo.fr\/remiremontinfo\/2025\/02\/polar-sur-meurthe-saint-die-des-vosges-fait-son-festival-du-livre-policier\/\"},\"wordCount\":348,\"commentCount\":0,\"publisher\":{\"@id\":\"https:\/\/vosgesinfo.fr\/remiremontinfo\/#organization\"},\"image\":{\"@id\":\"https:\/\/vosgesinfo.fr\/remiremontinfo\/2025\/02\/polar-sur-meurthe-saint-die-des-vosges-fait-son-festival-du-livre-policier\/#primaryimage\"},\"thumbnailUrl\":\"https:\/\/vosgesinfo.fr\/app\/uploads\/sites\/5\/2025\/02\/polar-sur-meurthe-2.jpg\",\"keywords\":[\"Festival du livre policier de Saint-Di\u00e9-des-Vosges\",\"Librairie Le Neuf\",\"Polar sur Meurthe\"],\"articleSection\":[\"A la Une\",\"Epinal\",\"G\u00e9rardmer\",\"La plaine des vosges\",\"Litt\u00e9rature\",\"Remiremont\",\"Saint-Di\u00e9-des-Vosges\",\"Vosges\"],\"inLanguage\":\"fr-FR\",\"potentialAction\":[{\"@type\":\"CommentAction\",\"name\":\"Comment\",\"target\":[\"https:\/\/vosgesinfo.fr\/remiremontinfo\/2025\/02\/polar-sur-meurthe-saint-die-des-vosges-fait-son-festival-du-livre-policier\/#respond\"]}]},{\"@type\":\"WebPage\",\"@id\":\"https:\/\/vosgesinfo.fr\/remiremontinfo\/2025\/02\/polar-sur-meurthe-saint-die-des-vosges-fait-son-festival-du-livre-policier\/\",\"url\":\"https:\/\/vosgesinfo.fr\/remiremontinfo\/2025\/02\/polar-sur-meurthe-saint-die-des-vosges-fait-son-festival-du-livre-policier\/\",\"name\":\"Polar sur Meurthe\u00a0: Saint-Di\u00e9-des-Vosges fait son festival du livre policier - Remiremont Info\",\"isPartOf\":{\"@id\":\"https:\/\/vosgesinfo.fr\/remiremontinfo\/#website\"},\"primaryImageOfPage\":{\"@id\":\"https:\/\/vosgesinfo.fr\/remiremontinfo\/2025\/02\/polar-sur-meurthe-saint-die-des-vosges-fait-son-festival-du-livre-policier\/#primaryimage\"},\"image\":{\"@id\":\"https:\/\/vosgesinfo.fr\/remiremontinfo\/2025\/02\/polar-sur-meurthe-saint-die-des-vosges-fait-son-festival-du-livre-policier\/#primaryimage\"},\"thumbnailUrl\":\"https:\/\/vosgesinfo.fr\/app\/uploads\/sites\/5\/2025\/02\/polar-sur-meurthe-2.jpg\",\"datePublished\":\"2025-02-20T18:10:29+00:00\",\"dateModified\":\"2025-02-20T18:10:29+00:00\",\"breadcrumb\":{\"@id\":\"https:\/\/vosgesinfo.fr\/remiremontinfo\/2025\/02\/polar-sur-meurthe-saint-die-des-vosges-fait-son-festival-du-livre-policier\/#breadcrumb\"},\"inLanguage\":\"fr-FR\",\"potentialAction\":[{\"@type\":\"ReadAction\",\"target\":[\"https:\/\/vosgesinfo.fr\/remiremontinfo\/2025\/02\/polar-sur-meurthe-saint-die-des-vosges-fait-son-festival-du-livre-policier\/\"]}]},{\"@type\":\"ImageObject\",\"inLanguage\":\"fr-FR\",\"@id\":\"https:\/\/vosgesinfo.fr\/remiremontinfo\/2025\/02\/polar-sur-meurthe-saint-die-des-vosges-fait-son-festival-du-livre-policier\/#primaryimage\",\"url\":\"https:\/\/vosgesinfo.fr\/app\/uploads\/sites\/5\/2025\/02\/polar-sur-meurthe-2.jpg\",\"contentUrl\":\"https:\/\/vosgesinfo.fr\/app\/uploads\/sites\/5\/2025\/02\/polar-sur-meurthe-2.jpg\",\"width\":1384,\"height\":961},{\"@type\":\"BreadcrumbList\",\"@id\":\"https:\/\/vosgesinfo.fr\/remiremontinfo\/2025\/02\/polar-sur-meurthe-saint-die-des-vosges-fait-son-festival-du-livre-policier\/#breadcrumb\",\"itemListElement\":[{\"@type\":\"ListItem\",\"position\":1,\"name\":\"Home\",\"item\":\"https:\/\/vosgesinfo.fr\/remiremontinfo\/\"},{\"@type\":\"ListItem\",\"position\":2,\"name\":\"Polar sur Meurthe\u00a0: Saint-Di\u00e9-des-Vosges fait son festival du livre policier\"}]},{\"@type\":\"WebSite\",\"@id\":\"https:\/\/vosgesinfo.fr\/remiremontinfo\/#website\",\"url\":\"https:\/\/vosgesinfo.fr\/remiremontinfo\/\",\"name\":\"Remiremont Info\",\"description\":\"Toute l&#039;actualit\u00e9 de Remiremont\",\"publisher\":{\"@id\":\"https:\/\/vosgesinfo.fr\/remiremontinfo\/#organization\"},\"alternateName\":\"Toute l'actualit\u00e9 de Remiremont\",\"potentialAction\":[{\"@type\":\"SearchAction\",\"target\":{\"@type\":\"EntryPoint\",\"urlTemplate\":\"https:\/\/vosgesinfo.fr\/remiremontinfo\/?s={search_term_string}\"},\"query-input\":\"required name=search_term_string\"}],\"inLanguage\":\"fr-FR\"},{\"@type\":\"Organization\",\"@id\":\"https:\/\/vosgesinfo.fr\/remiremontinfo\/#organization\",\"name\":\"Remiremont Info\",\"url\":\"https:\/\/vosgesinfo.fr\/remiremontinfo\/\",\"logo\":{\"@type\":\"ImageObject\",\"inLanguage\":\"fr-FR\",\"@id\":\"https:\/\/vosgesinfo.fr\/remiremontinfo\/#\/schema\/logo\/image\/\",\"url\":\"https:\/\/vosgesinfo.fr\/app\/uploads\/sites\/5\/2023\/08\/favicon-remiremontinfo.png\",\"contentUrl\":\"https:\/\/vosgesinfo.fr\/app\/uploads\/sites\/5\/2023\/08\/favicon-remiremontinfo.png\",\"width\":512,\"height\":512,\"caption\":\"Remiremont Info\"},\"image\":{\"@id\":\"https:\/\/vosgesinfo.fr\/remiremontinfo\/#\/schema\/logo\/image\/\"},\"sameAs\":[\"https:\/\/www.facebook.com\/remiremontinfo\",\"https:\/\/x.com\/VosgesInfo88\",\"https:\/\/www.youtube.com\/@vosgesinfo\"]},{\"@type\":\"Person\",\"@id\":\"https:\/\/vosgesinfo.fr\/remiremontinfo\/#\/schema\/person\/fa73e9f726d67bb88f46d5b7943cb572\",\"name\":\"J.J.\",\"image\":{\"@type\":\"ImageObject\",\"inLanguage\":\"fr-FR\",\"@id\":\"https:\/\/vosgesinfo.fr\/remiremontinfo\/#\/schema\/person\/image\/\",\"url\":\"https:\/\/secure.gravatar.com\/avatar\/219e749e47ffbcca018a360ae4add7d4cdf1cdaaf8bc7676b27efade3fe65615?s=96&d=mm&r=g\",\"contentUrl\":\"https:\/\/secure.gravatar.com\/avatar\/219e749e47ffbcca018a360ae4add7d4cdf1cdaaf8bc7676b27efade3fe65615?s=96&d=mm&r=g\",\"caption\":\"J.J.\"},\"url\":\"https:\/\/vosgesinfo.fr\/remiremontinfo\/author\/j-j\/\"}]}<\/script>\n<!-- \/ Yoast SEO plugin. -->","yoast_head_json":{"title":"Polar sur Meurthe\u00a0: Saint-Di\u00e9-des-Vosges fait son festival du livre policier - Remiremont Info","robots":{"index":"index","follow":"follow","max-snippet":"max-snippet:-1","max-image-preview":"max-image-preview:large","max-video-preview":"max-video-preview:-1"},"canonical":"https:\/\/vosgesinfo.fr\/remiremontinfo\/2025\/02\/polar-sur-meurthe-saint-die-des-vosges-fait-son-festival-du-livre-policier\/","twitter_card":"summary_large_image","twitter_title":"Polar sur Meurthe\u00a0: Saint-Di\u00e9-des-Vosges fait son festival du livre policier - Remiremont Info","twitter_description":"C&rsquo;est une information qui va int\u00e9resser les f\u00e9rus de romans policiers, ainsi que d&rsquo;affaires criminelles et judiciaires. \u00ab Polar sur [&hellip;]","twitter_image":"https:\/\/vosgesinfo.fr\/app\/uploads\/sites\/5\/2025\/02\/polar-sur-meurthe-2.jpg","twitter_creator":"@VosgesInfo88","twitter_site":"@VosgesInfo88","twitter_misc":{"\u00c9crit par":"J.J.","Dur\u00e9e de lecture estim\u00e9e":"2 minutes"},"schema":{"@context":"https:\/\/schema.org","@graph":[{"@type":"Article","@id":"https:\/\/vosgesinfo.fr\/remiremontinfo\/2025\/02\/polar-sur-meurthe-saint-die-des-vosges-fait-son-festival-du-livre-policier\/#article","isPartOf":{"@id":"https:\/\/vosgesinfo.fr\/remiremontinfo\/2025\/02\/polar-sur-meurthe-saint-die-des-vosges-fait-son-festival-du-livre-policier\/"},"author":{"name":"J.J.","@id":"https:\/\/vosgesinfo.fr\/remiremontinfo\/#\/schema\/person\/fa73e9f726d67bb88f46d5b7943cb572"},"headline":"Polar sur Meurthe\u00a0: Saint-Di\u00e9-des-Vosges fait son festival du livre policier","datePublished":"2025-02-20T18:10:29+00:00","dateModified":"2025-02-20T18:10:29+00:00","mainEntityOfPage":{"@id":"https:\/\/vosgesinfo.fr\/remiremontinfo\/2025\/02\/polar-sur-meurthe-saint-die-des-vosges-fait-son-festival-du-livre-policier\/"},"wordCount":348,"commentCount":0,"publisher":{"@id":"https:\/\/vosgesinfo.fr\/remiremontinfo\/#organization"},"image":{"@id":"https:\/\/vosgesinfo.fr\/remiremontinfo\/2025\/02\/polar-sur-meurthe-saint-die-des-vosges-fait-son-festival-du-livre-policier\/#primaryimage"},"thumbnailUrl":"https:\/\/vosgesinfo.fr\/app\/uploads\/sites\/5\/2025\/02\/polar-sur-meurthe-2.jpg","keywords":["Festival du livre policier de Saint-Di\u00e9-des-Vosges","Librairie Le Neuf","Polar sur Meurthe"],"articleSection":["A la Une","Epinal","G\u00e9rardmer","La plaine des vosges","Litt\u00e9rature","Remiremont","Saint-Di\u00e9-des-Vosges","Vosges"],"inLanguage":"fr-FR","potentialAction":[{"@type":"CommentAction","name":"Comment","target":["https:\/\/vosgesinfo.fr\/remiremontinfo\/2025\/02\/polar-sur-meurthe-saint-die-des-vosges-fait-son-festival-du-livre-policier\/#respond"]}]},{"@type":"WebPage","@id":"https:\/\/vosgesinfo.fr\/remiremontinfo\/2025\/02\/polar-sur-meurthe-saint-die-des-vosges-fait-son-festival-du-livre-policier\/","url":"https:\/\/vosgesinfo.fr\/remiremontinfo\/2025\/02\/polar-sur-meurthe-saint-die-des-vosges-fait-son-festival-du-livre-policier\/","name":"Polar sur Meurthe\u00a0: Saint-Di\u00e9-des-Vosges fait son festival du livre policier - Remiremont Info","isPartOf":{"@id":"https:\/\/vosgesinfo.fr\/remiremontinfo\/#website"},"primaryImageOfPage":{"@id":"https:\/\/vosgesinfo.fr\/remiremontinfo\/2025\/02\/polar-sur-meurthe-saint-die-des-vosges-fait-son-festival-du-livre-policier\/#primaryimage"},"image":{"@id":"https:\/\/vosgesinfo.fr\/remiremontinfo\/2025\/02\/polar-sur-meurthe-saint-die-des-vosges-fait-son-festival-du-livre-policier\/#primaryimage"},"thumbnailUrl":"https:\/\/vosgesinfo.fr\/app\/uploads\/sites\/5\/2025\/02\/polar-sur-meurthe-2.jpg","datePublished":"2025-02-20T18:10:29+00:00","dateModified":"2025-02-20T18:10:29+00:00","breadcrumb":{"@id":"https:\/\/vosgesinfo.fr\/remiremontinfo\/2025\/02\/polar-sur-meurthe-saint-die-des-vosges-fait-son-festival-du-livre-policier\/#breadcrumb"},"inLanguage":"fr-FR","potentialAction":[{"@type":"ReadAction","target":["https:\/\/vosgesinfo.fr\/remiremontinfo\/2025\/02\/polar-sur-meurthe-saint-die-des-vosges-fait-son-festival-du-livre-policier\/"]}]},{"@type":"ImageObject","inLanguage":"fr-FR","@id":"https:\/\/vosgesinfo.fr\/remiremontinfo\/2025\/02\/polar-sur-meurthe-saint-die-des-vosges-fait-son-festival-du-livre-policier\/#primaryimage","url":"https:\/\/vosgesinfo.fr\/app\/uploads\/sites\/5\/2025\/02\/polar-sur-meurthe-2.jpg","contentUrl":"https:\/\/vosgesinfo.fr\/app\/uploads\/sites\/5\/2025\/02\/polar-sur-meurthe-2.jpg","width":1384,"height":961},{"@type":"BreadcrumbList","@id":"https:\/\/vosgesinfo.fr\/remiremontinfo\/2025\/02\/polar-sur-meurthe-saint-die-des-vosges-fait-son-festival-du-livre-policier\/#breadcrumb","itemListElement":[{"@type":"ListItem","position":1,"name":"Home","item":"https:\/\/vosgesinfo.fr\/remiremontinfo\/"},{"@type":"ListItem","position":2,"name":"Polar sur Meurthe\u00a0: Saint-Di\u00e9-des-Vosges fait son festival du livre policier"}]},{"@type":"WebSite","@id":"https:\/\/vosgesinfo.fr\/remiremontinfo\/#website","url":"https:\/\/vosgesinfo.fr\/remiremontinfo\/","name":"Remiremont Info","description":"Toute l&#039;actualit\u00e9 de Remiremont","publisher":{"@id":"https:\/\/vosgesinfo.fr\/remiremontinfo\/#organization"},"alternateName":"Toute l'actualit\u00e9 de Remiremont","potentialAction":[{"@type":"SearchAction","target":{"@type":"EntryPoint","urlTemplate":"https:\/\/vosgesinfo.fr\/remiremontinfo\/?s={search_term_string}"},"query-input":"required name=search_term_string"}],"inLanguage":"fr-FR"},{"@type":"Organization","@id":"https:\/\/vosgesinfo.fr\/remiremontinfo\/#organization","name":"Remiremont Info","url":"https:\/\/vosgesinfo.fr\/remiremontinfo\/","logo":{"@type":"ImageObject","inLanguage":"fr-FR","@id":"https:\/\/vosgesinfo.fr\/remiremontinfo\/#\/schema\/logo\/image\/","url":"https:\/\/vosgesinfo.fr\/app\/uploads\/sites\/5\/2023\/08\/favicon-remiremontinfo.png","contentUrl":"https:\/\/vosgesinfo.fr\/app\/uploads\/sites\/5\/2023\/08\/favicon-remiremontinfo.png","width":512,"height":512,"caption":"Remiremont Info"},"image":{"@id":"https:\/\/vosgesinfo.fr\/remiremontinfo\/#\/schema\/logo\/image\/"},"sameAs":["https:\/\/www.facebook.com\/remiremontinfo","https:\/\/x.com\/VosgesInfo88","https:\/\/www.youtube.com\/@vosgesinfo"]},{"@type":"Person","@id":"https:\/\/vosgesinfo.fr\/remiremontinfo\/#\/schema\/person\/fa73e9f726d67bb88f46d5b7943cb572","name":"J.J.","image":{"@type":"ImageObject","inLanguage":"fr-FR","@id":"https:\/\/vosgesinfo.fr\/remiremontinfo\/#\/schema\/person\/image\/","url":"https:\/\/secure.gravatar.com\/avatar\/219e749e47ffbcca018a360ae4add7d4cdf1cdaaf8bc7676b27efade3fe65615?s=96&d=mm&r=g","contentUrl":"https:\/\/secure.gravatar.com\/avatar\/219e749e47ffbcca018a360ae4add7d4cdf1cdaaf8bc7676b27efade3fe65615?s=96&d=mm&r=g","caption":"J.J."},"url":"https:\/\/vosgesinfo.fr\/remiremontinfo\/author\/j-j\/"}]}},"_links":{"self":[{"href":"https:\/\/vosgesinfo.fr\/remiremontinfo\/wp-json\/wp\/v2\/posts\/78748","targetHints":{"allow":["GET"]}}],"collection":[{"href":"https:\/\/vosgesinfo.fr\/remiremontinfo\/wp-json\/wp\/v2\/posts"}],"about":[{"href":"https:\/\/vosgesinfo.fr\/remiremontinfo\/wp-json\/wp\/v2\/types\/post"}],"author":[{"embeddable":true,"href":"https:\/\/vosgesinfo.fr\/remiremontinfo\/wp-json\/wp\/v2\/users\/46"}],"replies":[{"embeddable":true,"href":"https:\/\/vosgesinfo.fr\/remiremontinfo\/wp-json\/wp\/v2\/comments?post=78748"}],"version-history":[{"count":0,"href":"https:\/\/vosgesinfo.fr\/remiremontinfo\/wp-json\/wp\/v2\/posts\/78748\/revisions"}],"wp:featuredmedia":[{"embeddable":true,"href":"https:\/\/vosgesinfo.fr\/remiremontinfo\/wp-json\/wp\/v2\/media\/78749"}],"wp:attachment":[{"href":"https:\/\/vosgesinfo.fr\/remiremontinfo\/wp-json\/wp\/v2\/media?parent=78748"}],"wp:term":[{"taxonomy":"category","embeddable":true,"href":"https:\/\/vosgesinfo.fr\/remiremontinfo\/wp-json\/wp\/v2\/categories?post=78748"},{"taxonomy":"post_tag","embeddable":true,"href":"https:\/\/vosgesinfo.fr\/remiremontinfo\/wp-json\/wp\/v2\/tags?post=78748"}],"curies":[{"name":"wp","href":"https:\/\/api.w.org\/{rel}","templated":true}]}}