{"id":78804,"date":"2025-03-01T09:13:41","date_gmt":"2025-03-01T08:13:41","guid":{"rendered":"https:\/\/vosgesinfo.fr\/remiremontinfo\/?p=78804"},"modified":"2025-03-01T09:12:26","modified_gmt":"2025-03-01T08:12:26","slug":"salon-de-la-voiture-de-course-retro-au-palais-des-congres-les-12-et-13-avril","status":"publish","type":"post","link":"https:\/\/vosgesinfo.fr\/remiremontinfo\/2025\/03\/salon-de-la-voiture-de-course-retro-au-palais-des-congres-les-12-et-13-avril\/","title":{"rendered":"Salon de la voiture de course r\u00e9tro au Palais des Congr\u00e8s les 12 et 13 avril"},"content":{"rendered":"<p><strong>SALON DE LA VOITURE DE COURSE RETRO REMIREMONT 2025<\/strong><br \/>\nLes 12 et 13 Avril prochains aura lieu au Palais des Congr\u00e8s de Remiremont (88), la 23\u00e8me \u00e9dition du Salon de la Voiture de Course R\u00e9tro.<br \/>\nNous y f\u00eaterons le 40eme anniversaire de la victoire de la Maxi5 Renault en championnat du Monde, au Tour de Corse<br \/>\nPour la premi\u00e8re fois en Europe , six Maxi5 seront r\u00e9unies dont la gagnante de l\u2019\u00e9preuve.<br \/>\nNous pr\u00e9senterons \u00e9galement un superbe plateau de Groupes B, ses adversaires de l\u2019\u00e9poque, avec Audi, Peugeot, Ford, Austin, Lancia et bien d\u2019autres encore.<br \/>\nDe nombreuses personnalit\u00e9s, acteurs de l\u2019\u00e9poque, seront \u00e9galement pr\u00e9sentes tout au long du week-end pour t\u00e9moigner de cette belle aventure.<br \/>\nNous vous les pr\u00e9senterons le mois prochain\u2026<\/p>\n<p>&nbsp;<\/p>\n<p><a href=\"https:\/\/vosgesinfo.fr\/app\/uploads\/sites\/5\/2025\/02\/23eme-salon-page-0001.jpg\"><img decoding=\"async\" class=\"aligncenter size-full wp-image-78805\" src=\"https:\/\/vosgesinfo.fr\/app\/uploads\/sites\/5\/2025\/02\/23eme-salon-page-0001.jpg\" alt=\"\" width=\"1241\" height=\"1754\" srcset=\"https:\/\/vosgesinfo.fr\/app\/uploads\/sites\/5\/2025\/02\/23eme-salon-page-0001.jpg 1241w, https:\/\/vosgesinfo.fr\/app\/uploads\/sites\/5\/2025\/02\/23eme-salon-page-0001-212x300.jpg 212w, https:\/\/vosgesinfo.fr\/app\/uploads\/sites\/5\/2025\/02\/23eme-salon-page-0001-725x1024.jpg 725w, https:\/\/vosgesinfo.fr\/app\/uploads\/sites\/5\/2025\/02\/23eme-salon-page-0001-768x1085.jpg 768w, https:\/\/vosgesinfo.fr\/app\/uploads\/sites\/5\/2025\/02\/23eme-salon-page-0001-1087x1536.jpg 1087w\" sizes=\"(max-width: 1241px) 100vw, 1241px\" \/><\/a><\/p>\n","protected":false},"excerpt":{"rendered":"<p>SALON DE LA VOITURE DE COURSE RETRO REMIREMONT 2025 Les 12 et 13 Avril prochains aura lieu au Palais des [&hellip;]<\/p>\n","protected":false},"author":391,"featured_media":78805,"comment_status":"open","ping_status":"open","sticky":false,"template":"","format":"standard","meta":{"footnotes":""},"categories":[26,594,43],"tags":[4923,7190],"class_list":["post-78804","post","type-post","status-publish","format-standard","has-post-thumbnail","hentry","category-a-la-une","category-agenda","category-remiremont-remiremont-son-canton","tag-palais-des-congres-de-remiremont","tag-salon-de-la-voiture-de-course-retro"],"acf":[],"yoast_head":"<!-- This site is optimized with the Yoast SEO plugin v22.5 - https:\/\/yoast.com\/wordpress\/plugins\/seo\/ -->\n<title>Salon de la voiture de course r\u00e9tro au Palais des Congr\u00e8s les 12 et 13 avril - Remiremont Info<\/title>\n<meta name=\"robots\" content=\"index, follow, max-snippet:-1, max-image-preview:large, max-video-preview:-1\" \/>\n<link rel=\"canonical\" href=\"https:\/\/vosgesinfo.fr\/remiremontinfo\/2025\/03\/salon-de-la-voiture-de-course-retro-au-palais-des-congres-les-12-et-13-avril\/\" \/>\n<meta name=\"twitter:card\" content=\"summary_large_image\" \/>\n<meta name=\"twitter:title\" content=\"Salon de la voiture de course r\u00e9tro au Palais des Congr\u00e8s les 12 et 13 avril - Remiremont Info\" \/>\n<meta name=\"twitter:description\" content=\"SALON DE LA VOITURE DE COURSE RETRO REMIREMONT 2025 Les 12 et 13 Avril prochains aura lieu au Palais des [&hellip;]\" \/>\n<meta name=\"twitter:image\" content=\"https:\/\/vosgesinfo.fr\/app\/uploads\/sites\/5\/2025\/02\/23eme-salon-page-0001.jpg\" \/>\n<meta name=\"twitter:creator\" content=\"@VosgesInfo88\" \/>\n<meta name=\"twitter:site\" content=\"@VosgesInfo88\" \/>\n<meta name=\"twitter:label1\" content=\"\u00c9crit par\" \/>\n\t<meta name=\"twitter:data1\" content=\"La redaction\" \/>\n\t<meta name=\"twitter:label2\" content=\"Dur\u00e9e de lecture estim\u00e9e\" \/>\n\t<meta name=\"twitter:data2\" content=\"2 minutes\" \/>\n<script type=\"application\/ld+json\" class=\"yoast-schema-graph\">{\"@context\":\"https:\/\/schema.org\",\"@graph\":[{\"@type\":\"Article\",\"@id\":\"https:\/\/vosgesinfo.fr\/remiremontinfo\/2025\/03\/salon-de-la-voiture-de-course-retro-au-palais-des-congres-les-12-et-13-avril\/#article\",\"isPartOf\":{\"@id\":\"https:\/\/vosgesinfo.fr\/remiremontinfo\/2025\/03\/salon-de-la-voiture-de-course-retro-au-palais-des-congres-les-12-et-13-avril\/\"},\"author\":{\"name\":\"La redaction\",\"@id\":\"https:\/\/vosgesinfo.fr\/remiremontinfo\/#\/schema\/person\/27a3695b06db98895b354c0765cdfc31\"},\"headline\":\"Salon de la voiture de course r\u00e9tro au Palais des Congr\u00e8s les 12 et 13 avril\",\"datePublished\":\"2025-03-01T08:13:41+00:00\",\"dateModified\":\"2025-03-01T08:12:26+00:00\",\"mainEntityOfPage\":{\"@id\":\"https:\/\/vosgesinfo.fr\/remiremontinfo\/2025\/03\/salon-de-la-voiture-de-course-retro-au-palais-des-congres-les-12-et-13-avril\/\"},\"wordCount\":148,\"commentCount\":0,\"publisher\":{\"@id\":\"https:\/\/vosgesinfo.fr\/remiremontinfo\/#organization\"},\"image\":{\"@id\":\"https:\/\/vosgesinfo.fr\/remiremontinfo\/2025\/03\/salon-de-la-voiture-de-course-retro-au-palais-des-congres-les-12-et-13-avril\/#primaryimage\"},\"thumbnailUrl\":\"https:\/\/vosgesinfo.fr\/app\/uploads\/sites\/5\/2025\/02\/23eme-salon-page-0001.jpg\",\"keywords\":[\"palais des congr\u00e8s de remiremont\",\"Salon de la voiture de course r\u00e9tro\"],\"articleSection\":[\"A la Une\",\"Agenda\",\"Remiremont\"],\"inLanguage\":\"fr-FR\",\"potentialAction\":[{\"@type\":\"CommentAction\",\"name\":\"Comment\",\"target\":[\"https:\/\/vosgesinfo.fr\/remiremontinfo\/2025\/03\/salon-de-la-voiture-de-course-retro-au-palais-des-congres-les-12-et-13-avril\/#respond\"]}]},{\"@type\":\"WebPage\",\"@id\":\"https:\/\/vosgesinfo.fr\/remiremontinfo\/2025\/03\/salon-de-la-voiture-de-course-retro-au-palais-des-congres-les-12-et-13-avril\/\",\"url\":\"https:\/\/vosgesinfo.fr\/remiremontinfo\/2025\/03\/salon-de-la-voiture-de-course-retro-au-palais-des-congres-les-12-et-13-avril\/\",\"name\":\"Salon de la voiture de course r\u00e9tro au Palais des Congr\u00e8s les 12 et 13 avril - Remiremont Info\",\"isPartOf\":{\"@id\":\"https:\/\/vosgesinfo.fr\/remiremontinfo\/#website\"},\"primaryImageOfPage\":{\"@id\":\"https:\/\/vosgesinfo.fr\/remiremontinfo\/2025\/03\/salon-de-la-voiture-de-course-retro-au-palais-des-congres-les-12-et-13-avril\/#primaryimage\"},\"image\":{\"@id\":\"https:\/\/vosgesinfo.fr\/remiremontinfo\/2025\/03\/salon-de-la-voiture-de-course-retro-au-palais-des-congres-les-12-et-13-avril\/#primaryimage\"},\"thumbnailUrl\":\"https:\/\/vosgesinfo.fr\/app\/uploads\/sites\/5\/2025\/02\/23eme-salon-page-0001.jpg\",\"datePublished\":\"2025-03-01T08:13:41+00:00\",\"dateModified\":\"2025-03-01T08:12:26+00:00\",\"breadcrumb\":{\"@id\":\"https:\/\/vosgesinfo.fr\/remiremontinfo\/2025\/03\/salon-de-la-voiture-de-course-retro-au-palais-des-congres-les-12-et-13-avril\/#breadcrumb\"},\"inLanguage\":\"fr-FR\",\"potentialAction\":[{\"@type\":\"ReadAction\",\"target\":[\"https:\/\/vosgesinfo.fr\/remiremontinfo\/2025\/03\/salon-de-la-voiture-de-course-retro-au-palais-des-congres-les-12-et-13-avril\/\"]}]},{\"@type\":\"ImageObject\",\"inLanguage\":\"fr-FR\",\"@id\":\"https:\/\/vosgesinfo.fr\/remiremontinfo\/2025\/03\/salon-de-la-voiture-de-course-retro-au-palais-des-congres-les-12-et-13-avril\/#primaryimage\",\"url\":\"https:\/\/vosgesinfo.fr\/app\/uploads\/sites\/5\/2025\/02\/23eme-salon-page-0001.jpg\",\"contentUrl\":\"https:\/\/vosgesinfo.fr\/app\/uploads\/sites\/5\/2025\/02\/23eme-salon-page-0001.jpg\",\"width\":1241,\"height\":1754},{\"@type\":\"BreadcrumbList\",\"@id\":\"https:\/\/vosgesinfo.fr\/remiremontinfo\/2025\/03\/salon-de-la-voiture-de-course-retro-au-palais-des-congres-les-12-et-13-avril\/#breadcrumb\",\"itemListElement\":[{\"@type\":\"ListItem\",\"position\":1,\"name\":\"Home\",\"item\":\"https:\/\/vosgesinfo.fr\/remiremontinfo\/\"},{\"@type\":\"ListItem\",\"position\":2,\"name\":\"Salon de la voiture de course r\u00e9tro au Palais des Congr\u00e8s les 12 et 13 avril\"}]},{\"@type\":\"WebSite\",\"@id\":\"https:\/\/vosgesinfo.fr\/remiremontinfo\/#website\",\"url\":\"https:\/\/vosgesinfo.fr\/remiremontinfo\/\",\"name\":\"Remiremont Info\",\"description\":\"Toute l&#039;actualit\u00e9 de Remiremont\",\"publisher\":{\"@id\":\"https:\/\/vosgesinfo.fr\/remiremontinfo\/#organization\"},\"alternateName\":\"Toute l'actualit\u00e9 de Remiremont\",\"potentialAction\":[{\"@type\":\"SearchAction\",\"target\":{\"@type\":\"EntryPoint\",\"urlTemplate\":\"https:\/\/vosgesinfo.fr\/remiremontinfo\/?s={search_term_string}\"},\"query-input\":\"required name=search_term_string\"}],\"inLanguage\":\"fr-FR\"},{\"@type\":\"Organization\",\"@id\":\"https:\/\/vosgesinfo.fr\/remiremontinfo\/#organization\",\"name\":\"Remiremont Info\",\"url\":\"https:\/\/vosgesinfo.fr\/remiremontinfo\/\",\"logo\":{\"@type\":\"ImageObject\",\"inLanguage\":\"fr-FR\",\"@id\":\"https:\/\/vosgesinfo.fr\/remiremontinfo\/#\/schema\/logo\/image\/\",\"url\":\"https:\/\/vosgesinfo.fr\/app\/uploads\/sites\/5\/2023\/08\/favicon-remiremontinfo.png\",\"contentUrl\":\"https:\/\/vosgesinfo.fr\/app\/uploads\/sites\/5\/2023\/08\/favicon-remiremontinfo.png\",\"width\":512,\"height\":512,\"caption\":\"Remiremont Info\"},\"image\":{\"@id\":\"https:\/\/vosgesinfo.fr\/remiremontinfo\/#\/schema\/logo\/image\/\"},\"sameAs\":[\"https:\/\/www.facebook.com\/remiremontinfo\",\"https:\/\/x.com\/VosgesInfo88\",\"https:\/\/www.youtube.com\/@vosgesinfo\"]},{\"@type\":\"Person\",\"@id\":\"https:\/\/vosgesinfo.fr\/remiremontinfo\/#\/schema\/person\/27a3695b06db98895b354c0765cdfc31\",\"name\":\"La redaction\",\"image\":{\"@type\":\"ImageObject\",\"inLanguage\":\"fr-FR\",\"@id\":\"https:\/\/vosgesinfo.fr\/remiremontinfo\/#\/schema\/person\/image\/\",\"url\":\"https:\/\/secure.gravatar.com\/avatar\/64c76a78e501cedee55736f43f332df901e1896ae9cd8fad269ae2236dd0e8b6?s=96&d=mm&r=g\",\"contentUrl\":\"https:\/\/secure.gravatar.com\/avatar\/64c76a78e501cedee55736f43f332df901e1896ae9cd8fad269ae2236dd0e8b6?s=96&d=mm&r=g\",\"caption\":\"La redaction\"},\"url\":\"https:\/\/vosgesinfo.fr\/remiremontinfo\/author\/la-redaction\/\"}]}<\/script>\n<!-- \/ Yoast SEO plugin. -->","yoast_head_json":{"title":"Salon de la voiture de course r\u00e9tro au Palais des Congr\u00e8s les 12 et 13 avril - Remiremont Info","robots":{"index":"index","follow":"follow","max-snippet":"max-snippet:-1","max-image-preview":"max-image-preview:large","max-video-preview":"max-video-preview:-1"},"canonical":"https:\/\/vosgesinfo.fr\/remiremontinfo\/2025\/03\/salon-de-la-voiture-de-course-retro-au-palais-des-congres-les-12-et-13-avril\/","twitter_card":"summary_large_image","twitter_title":"Salon de la voiture de course r\u00e9tro au Palais des Congr\u00e8s les 12 et 13 avril - Remiremont Info","twitter_description":"SALON DE LA VOITURE DE COURSE RETRO REMIREMONT 2025 Les 12 et 13 Avril prochains aura lieu au Palais des [&hellip;]","twitter_image":"https:\/\/vosgesinfo.fr\/app\/uploads\/sites\/5\/2025\/02\/23eme-salon-page-0001.jpg","twitter_creator":"@VosgesInfo88","twitter_site":"@VosgesInfo88","twitter_misc":{"\u00c9crit par":"La redaction","Dur\u00e9e de lecture estim\u00e9e":"2 minutes"},"schema":{"@context":"https:\/\/schema.org","@graph":[{"@type":"Article","@id":"https:\/\/vosgesinfo.fr\/remiremontinfo\/2025\/03\/salon-de-la-voiture-de-course-retro-au-palais-des-congres-les-12-et-13-avril\/#article","isPartOf":{"@id":"https:\/\/vosgesinfo.fr\/remiremontinfo\/2025\/03\/salon-de-la-voiture-de-course-retro-au-palais-des-congres-les-12-et-13-avril\/"},"author":{"name":"La redaction","@id":"https:\/\/vosgesinfo.fr\/remiremontinfo\/#\/schema\/person\/27a3695b06db98895b354c0765cdfc31"},"headline":"Salon de la voiture de course r\u00e9tro au Palais des Congr\u00e8s les 12 et 13 avril","datePublished":"2025-03-01T08:13:41+00:00","dateModified":"2025-03-01T08:12:26+00:00","mainEntityOfPage":{"@id":"https:\/\/vosgesinfo.fr\/remiremontinfo\/2025\/03\/salon-de-la-voiture-de-course-retro-au-palais-des-congres-les-12-et-13-avril\/"},"wordCount":148,"commentCount":0,"publisher":{"@id":"https:\/\/vosgesinfo.fr\/remiremontinfo\/#organization"},"image":{"@id":"https:\/\/vosgesinfo.fr\/remiremontinfo\/2025\/03\/salon-de-la-voiture-de-course-retro-au-palais-des-congres-les-12-et-13-avril\/#primaryimage"},"thumbnailUrl":"https:\/\/vosgesinfo.fr\/app\/uploads\/sites\/5\/2025\/02\/23eme-salon-page-0001.jpg","keywords":["palais des congr\u00e8s de remiremont","Salon de la voiture de course r\u00e9tro"],"articleSection":["A la Une","Agenda","Remiremont"],"inLanguage":"fr-FR","potentialAction":[{"@type":"CommentAction","name":"Comment","target":["https:\/\/vosgesinfo.fr\/remiremontinfo\/2025\/03\/salon-de-la-voiture-de-course-retro-au-palais-des-congres-les-12-et-13-avril\/#respond"]}]},{"@type":"WebPage","@id":"https:\/\/vosgesinfo.fr\/remiremontinfo\/2025\/03\/salon-de-la-voiture-de-course-retro-au-palais-des-congres-les-12-et-13-avril\/","url":"https:\/\/vosgesinfo.fr\/remiremontinfo\/2025\/03\/salon-de-la-voiture-de-course-retro-au-palais-des-congres-les-12-et-13-avril\/","name":"Salon de la voiture de course r\u00e9tro au Palais des Congr\u00e8s les 12 et 13 avril - Remiremont Info","isPartOf":{"@id":"https:\/\/vosgesinfo.fr\/remiremontinfo\/#website"},"primaryImageOfPage":{"@id":"https:\/\/vosgesinfo.fr\/remiremontinfo\/2025\/03\/salon-de-la-voiture-de-course-retro-au-palais-des-congres-les-12-et-13-avril\/#primaryimage"},"image":{"@id":"https:\/\/vosgesinfo.fr\/remiremontinfo\/2025\/03\/salon-de-la-voiture-de-course-retro-au-palais-des-congres-les-12-et-13-avril\/#primaryimage"},"thumbnailUrl":"https:\/\/vosgesinfo.fr\/app\/uploads\/sites\/5\/2025\/02\/23eme-salon-page-0001.jpg","datePublished":"2025-03-01T08:13:41+00:00","dateModified":"2025-03-01T08:12:26+00:00","breadcrumb":{"@id":"https:\/\/vosgesinfo.fr\/remiremontinfo\/2025\/03\/salon-de-la-voiture-de-course-retro-au-palais-des-congres-les-12-et-13-avril\/#breadcrumb"},"inLanguage":"fr-FR","potentialAction":[{"@type":"ReadAction","target":["https:\/\/vosgesinfo.fr\/remiremontinfo\/2025\/03\/salon-de-la-voiture-de-course-retro-au-palais-des-congres-les-12-et-13-avril\/"]}]},{"@type":"ImageObject","inLanguage":"fr-FR","@id":"https:\/\/vosgesinfo.fr\/remiremontinfo\/2025\/03\/salon-de-la-voiture-de-course-retro-au-palais-des-congres-les-12-et-13-avril\/#primaryimage","url":"https:\/\/vosgesinfo.fr\/app\/uploads\/sites\/5\/2025\/02\/23eme-salon-page-0001.jpg","contentUrl":"https:\/\/vosgesinfo.fr\/app\/uploads\/sites\/5\/2025\/02\/23eme-salon-page-0001.jpg","width":1241,"height":1754},{"@type":"BreadcrumbList","@id":"https:\/\/vosgesinfo.fr\/remiremontinfo\/2025\/03\/salon-de-la-voiture-de-course-retro-au-palais-des-congres-les-12-et-13-avril\/#breadcrumb","itemListElement":[{"@type":"ListItem","position":1,"name":"Home","item":"https:\/\/vosgesinfo.fr\/remiremontinfo\/"},{"@type":"ListItem","position":2,"name":"Salon de la voiture de course r\u00e9tro au Palais des Congr\u00e8s les 12 et 13 avril"}]},{"@type":"WebSite","@id":"https:\/\/vosgesinfo.fr\/remiremontinfo\/#website","url":"https:\/\/vosgesinfo.fr\/remiremontinfo\/","name":"Remiremont Info","description":"Toute l&#039;actualit\u00e9 de Remiremont","publisher":{"@id":"https:\/\/vosgesinfo.fr\/remiremontinfo\/#organization"},"alternateName":"Toute l'actualit\u00e9 de Remiremont","potentialAction":[{"@type":"SearchAction","target":{"@type":"EntryPoint","urlTemplate":"https:\/\/vosgesinfo.fr\/remiremontinfo\/?s={search_term_string}"},"query-input":"required name=search_term_string"}],"inLanguage":"fr-FR"},{"@type":"Organization","@id":"https:\/\/vosgesinfo.fr\/remiremontinfo\/#organization","name":"Remiremont Info","url":"https:\/\/vosgesinfo.fr\/remiremontinfo\/","logo":{"@type":"ImageObject","inLanguage":"fr-FR","@id":"https:\/\/vosgesinfo.fr\/remiremontinfo\/#\/schema\/logo\/image\/","url":"https:\/\/vosgesinfo.fr\/app\/uploads\/sites\/5\/2023\/08\/favicon-remiremontinfo.png","contentUrl":"https:\/\/vosgesinfo.fr\/app\/uploads\/sites\/5\/2023\/08\/favicon-remiremontinfo.png","width":512,"height":512,"caption":"Remiremont Info"},"image":{"@id":"https:\/\/vosgesinfo.fr\/remiremontinfo\/#\/schema\/logo\/image\/"},"sameAs":["https:\/\/www.facebook.com\/remiremontinfo","https:\/\/x.com\/VosgesInfo88","https:\/\/www.youtube.com\/@vosgesinfo"]},{"@type":"Person","@id":"https:\/\/vosgesinfo.fr\/remiremontinfo\/#\/schema\/person\/27a3695b06db98895b354c0765cdfc31","name":"La redaction","image":{"@type":"ImageObject","inLanguage":"fr-FR","@id":"https:\/\/vosgesinfo.fr\/remiremontinfo\/#\/schema\/person\/image\/","url":"https:\/\/secure.gravatar.com\/avatar\/64c76a78e501cedee55736f43f332df901e1896ae9cd8fad269ae2236dd0e8b6?s=96&d=mm&r=g","contentUrl":"https:\/\/secure.gravatar.com\/avatar\/64c76a78e501cedee55736f43f332df901e1896ae9cd8fad269ae2236dd0e8b6?s=96&d=mm&r=g","caption":"La redaction"},"url":"https:\/\/vosgesinfo.fr\/remiremontinfo\/author\/la-redaction\/"}]}},"_links":{"self":[{"href":"https:\/\/vosgesinfo.fr\/remiremontinfo\/wp-json\/wp\/v2\/posts\/78804","targetHints":{"allow":["GET"]}}],"collection":[{"href":"https:\/\/vosgesinfo.fr\/remiremontinfo\/wp-json\/wp\/v2\/posts"}],"about":[{"href":"https:\/\/vosgesinfo.fr\/remiremontinfo\/wp-json\/wp\/v2\/types\/post"}],"author":[{"embeddable":true,"href":"https:\/\/vosgesinfo.fr\/remiremontinfo\/wp-json\/wp\/v2\/users\/391"}],"replies":[{"embeddable":true,"href":"https:\/\/vosgesinfo.fr\/remiremontinfo\/wp-json\/wp\/v2\/comments?post=78804"}],"version-history":[{"count":1,"href":"https:\/\/vosgesinfo.fr\/remiremontinfo\/wp-json\/wp\/v2\/posts\/78804\/revisions"}],"predecessor-version":[{"id":78806,"href":"https:\/\/vosgesinfo.fr\/remiremontinfo\/wp-json\/wp\/v2\/posts\/78804\/revisions\/78806"}],"wp:featuredmedia":[{"embeddable":true,"href":"https:\/\/vosgesinfo.fr\/remiremontinfo\/wp-json\/wp\/v2\/media\/78805"}],"wp:attachment":[{"href":"https:\/\/vosgesinfo.fr\/remiremontinfo\/wp-json\/wp\/v2\/media?parent=78804"}],"wp:term":[{"taxonomy":"category","embeddable":true,"href":"https:\/\/vosgesinfo.fr\/remiremontinfo\/wp-json\/wp\/v2\/categories?post=78804"},{"taxonomy":"post_tag","embeddable":true,"href":"https:\/\/vosgesinfo.fr\/remiremontinfo\/wp-json\/wp\/v2\/tags?post=78804"}],"curies":[{"name":"wp","href":"https:\/\/api.w.org\/{rel}","templated":true}]}}