{"id":78881,"date":"2025-02-25T10:12:19","date_gmt":"2025-02-25T09:12:19","guid":{"rendered":"https:\/\/vosgesinfo.fr\/remiremontinfo\/?p=78881"},"modified":"2025-02-25T10:12:19","modified_gmt":"2025-02-25T09:12:19","slug":"le-jambon-du-palais-de-landouille-du-val-dajol-decroche-une-medaille-dor-au-salon-de-lagriculture","status":"publish","type":"post","link":"https:\/\/vosgesinfo.fr\/remiremontinfo\/2025\/02\/le-jambon-du-palais-de-landouille-du-val-dajol-decroche-une-medaille-dor-au-salon-de-lagriculture\/","title":{"rendered":"Le jambon du Palais de l&rsquo;Andouille du Val d&rsquo;Ajol d\u00e9croche une m\u00e9daille d&rsquo;or au Salon de l&rsquo;Agriculture"},"content":{"rendered":"<div id=\"attachment_78882\" style=\"width: 2048px\" class=\"wp-caption aligncenter\"><a href=\"https:\/\/vosgesinfo.fr\/app\/uploads\/sites\/5\/2025\/02\/boucherie-daval-.png\"><img decoding=\"async\" aria-describedby=\"caption-attachment-78882\" class=\"size-full wp-image-78882\" src=\"https:\/\/vosgesinfo.fr\/app\/uploads\/sites\/5\/2025\/02\/boucherie-daval-.png\" alt=\"\" width=\"2038\" height=\"1226\" srcset=\"https:\/\/vosgesinfo.fr\/app\/uploads\/sites\/5\/2025\/02\/boucherie-daval-.png 2038w, https:\/\/vosgesinfo.fr\/app\/uploads\/sites\/5\/2025\/02\/boucherie-daval--300x180.png 300w, https:\/\/vosgesinfo.fr\/app\/uploads\/sites\/5\/2025\/02\/boucherie-daval--1024x616.png 1024w, https:\/\/vosgesinfo.fr\/app\/uploads\/sites\/5\/2025\/02\/boucherie-daval--768x462.png 768w, https:\/\/vosgesinfo.fr\/app\/uploads\/sites\/5\/2025\/02\/boucherie-daval--1536x924.png 1536w\" sizes=\"(max-width: 2038px) 100vw, 2038px\" \/><\/a><p id=\"caption-attachment-78882\" class=\"wp-caption-text\">La boucherie Daval situ\u00e9e au Val d&rsquo;Ajol. Photo : Google Maps.<\/p><\/div>\n<p data-pm-slice=\"0 0 []\"><strong>Ce dimanche 23 f\u00e9vrier 2025, la finale de la cat\u00e9gorie \u00ab Charcuterie \u00bb s&rsquo;est tenue au Salon de l&rsquo;Agriculture. Des jur\u00e9s venus de toute la France ont \u00e9valu\u00e9 les meilleurs produits du terroir, r\u00e9compensant savoir-faire et excellence gastronomique.<\/strong><\/p>\n<p>Parmi les laur\u00e9ats, Le Palais de l\u2019Andouille de la Boucherie Daval, situ\u00e9 au Val d\u2019Ajol, s\u2019est distingu\u00e9 en d\u00e9crochant une m\u00e9daille d\u2019Or pour son jambon sec sup\u00e9rieur fum\u00e9 de Luxeuil. Ce prix prestigieux inscrit l\u2019\u00e9tablissement au palmar\u00e8s vosgien et vient couronner un produit d\u2019exception, qui portera fi\u00e8rement la c\u00e9l\u00e8bre \u00ab feuille de ch\u00eane 2025 \u00bb, t\u00e9moin de sa qualit\u00e9 reconnue au concours.<\/p>\n<p>Cette distinction confirme le r\u00f4le du Val-d&rsquo;Ajol comme terre d\u2019excellence charcuti\u00e8re et une fiert\u00e9 pour les producteurs locaux qui perp\u00e9tuent les traditions culinaires du terroir vosgien.<\/p>\n","protected":false},"excerpt":{"rendered":"<p>Ce dimanche 23 f\u00e9vrier 2025, la finale de la cat\u00e9gorie \u00ab Charcuterie \u00bb s&rsquo;est tenue au Salon de l&rsquo;Agriculture. Des [&hellip;]<\/p>\n","protected":false},"author":418,"featured_media":78882,"comment_status":"open","ping_status":"open","sticky":false,"template":"","format":"standard","meta":{"footnotes":""},"categories":[26,121],"tags":[1345,7276,832],"class_list":["post-78881","post","type-post","status-publish","format-standard","has-post-thumbnail","hentry","category-a-la-une","category-le-val-dajol-le-val-dajol-son-canton","tag-medaille-dor","tag-palais-de-landouille","tag-salon-de-lagriculture"],"acf":[],"yoast_head":"<!-- This site is optimized with the Yoast SEO plugin v22.5 - https:\/\/yoast.com\/wordpress\/plugins\/seo\/ -->\n<title>Le jambon du Palais de l&#039;Andouille du Val d&#039;Ajol d\u00e9croche une m\u00e9daille d&#039;or au Salon de l&#039;Agriculture - Remiremont Info<\/title>\n<meta name=\"robots\" content=\"index, follow, max-snippet:-1, max-image-preview:large, max-video-preview:-1\" \/>\n<link rel=\"canonical\" href=\"https:\/\/vosgesinfo.fr\/remiremontinfo\/?p=78881\" \/>\n<meta name=\"twitter:card\" content=\"summary_large_image\" \/>\n<meta name=\"twitter:title\" content=\"Le jambon du Palais de l&#039;Andouille du Val d&#039;Ajol d\u00e9croche une m\u00e9daille d&#039;or au Salon de l&#039;Agriculture - Remiremont Info\" \/>\n<meta name=\"twitter:description\" content=\"Ce dimanche 23 f\u00e9vrier 2025, la finale de la cat\u00e9gorie \u00ab Charcuterie \u00bb s&rsquo;est tenue au Salon de l&rsquo;Agriculture. Des [&hellip;]\" \/>\n<meta name=\"twitter:image\" content=\"https:\/\/vosgesinfo.fr\/app\/uploads\/sites\/5\/2025\/02\/boucherie-daval-.png\" \/>\n<meta name=\"twitter:creator\" content=\"@VosgesInfo88\" \/>\n<meta name=\"twitter:site\" content=\"@VosgesInfo88\" \/>\n<meta name=\"twitter:label1\" content=\"\u00c9crit par\" \/>\n\t<meta name=\"twitter:data1\" content=\"C.M\" \/>\n\t<meta name=\"twitter:label2\" content=\"Dur\u00e9e de lecture estim\u00e9e\" \/>\n\t<meta name=\"twitter:data2\" content=\"1 minute\" \/>\n<script type=\"application\/ld+json\" class=\"yoast-schema-graph\">{\"@context\":\"https:\/\/schema.org\",\"@graph\":[{\"@type\":\"Article\",\"@id\":\"https:\/\/vosgesinfo.fr\/remiremontinfo\/?p=78881#article\",\"isPartOf\":{\"@id\":\"https:\/\/vosgesinfo.fr\/remiremontinfo\/?p=78881\"},\"author\":{\"name\":\"C.M\",\"@id\":\"https:\/\/vosgesinfo.fr\/remiremontinfo\/#\/schema\/person\/4f38cd3068e342935b7304695c797d08\"},\"headline\":\"Le jambon du Palais de l&rsquo;Andouille du Val d&rsquo;Ajol d\u00e9croche une m\u00e9daille d&rsquo;or au Salon de l&rsquo;Agriculture\",\"datePublished\":\"2025-02-25T09:12:19+00:00\",\"dateModified\":\"2025-02-25T09:12:19+00:00\",\"mainEntityOfPage\":{\"@id\":\"https:\/\/vosgesinfo.fr\/remiremontinfo\/?p=78881\"},\"wordCount\":188,\"commentCount\":1,\"publisher\":{\"@id\":\"https:\/\/vosgesinfo.fr\/remiremontinfo\/#organization\"},\"image\":{\"@id\":\"https:\/\/vosgesinfo.fr\/remiremontinfo\/?p=78881#primaryimage\"},\"thumbnailUrl\":\"https:\/\/vosgesinfo.fr\/app\/uploads\/sites\/5\/2025\/02\/boucherie-daval-.png\",\"keywords\":[\"M\u00e9daille d'or\",\"Palais de l'Andouille\",\"Salon de l'agriculture\"],\"articleSection\":[\"A la Une\",\"Le Val d'Ajol\"],\"inLanguage\":\"fr-FR\",\"potentialAction\":[{\"@type\":\"CommentAction\",\"name\":\"Comment\",\"target\":[\"https:\/\/vosgesinfo.fr\/remiremontinfo\/?p=78881#respond\"]}]},{\"@type\":\"WebPage\",\"@id\":\"https:\/\/vosgesinfo.fr\/remiremontinfo\/?p=78881\",\"url\":\"https:\/\/vosgesinfo.fr\/remiremontinfo\/?p=78881\",\"name\":\"Le jambon du Palais de l'Andouille du Val d'Ajol d\u00e9croche une m\u00e9daille d'or au Salon de l'Agriculture - Remiremont Info\",\"isPartOf\":{\"@id\":\"https:\/\/vosgesinfo.fr\/remiremontinfo\/#website\"},\"primaryImageOfPage\":{\"@id\":\"https:\/\/vosgesinfo.fr\/remiremontinfo\/?p=78881#primaryimage\"},\"image\":{\"@id\":\"https:\/\/vosgesinfo.fr\/remiremontinfo\/?p=78881#primaryimage\"},\"thumbnailUrl\":\"https:\/\/vosgesinfo.fr\/app\/uploads\/sites\/5\/2025\/02\/boucherie-daval-.png\",\"datePublished\":\"2025-02-25T09:12:19+00:00\",\"dateModified\":\"2025-02-25T09:12:19+00:00\",\"breadcrumb\":{\"@id\":\"https:\/\/vosgesinfo.fr\/remiremontinfo\/?p=78881#breadcrumb\"},\"inLanguage\":\"fr-FR\",\"potentialAction\":[{\"@type\":\"ReadAction\",\"target\":[\"https:\/\/vosgesinfo.fr\/remiremontinfo\/?p=78881\"]}]},{\"@type\":\"ImageObject\",\"inLanguage\":\"fr-FR\",\"@id\":\"https:\/\/vosgesinfo.fr\/remiremontinfo\/?p=78881#primaryimage\",\"url\":\"https:\/\/vosgesinfo.fr\/app\/uploads\/sites\/5\/2025\/02\/boucherie-daval-.png\",\"contentUrl\":\"https:\/\/vosgesinfo.fr\/app\/uploads\/sites\/5\/2025\/02\/boucherie-daval-.png\",\"width\":2038,\"height\":1226,\"caption\":\"La boucherie Daval situ\u00e9e au Val d'Ajol. Photo : Google Maps.\"},{\"@type\":\"BreadcrumbList\",\"@id\":\"https:\/\/vosgesinfo.fr\/remiremontinfo\/?p=78881#breadcrumb\",\"itemListElement\":[{\"@type\":\"ListItem\",\"position\":1,\"name\":\"Home\",\"item\":\"https:\/\/vosgesinfo.fr\/remiremontinfo\/\"},{\"@type\":\"ListItem\",\"position\":2,\"name\":\"Le jambon du Palais de l&#8217;Andouille du Val d&#8217;Ajol d\u00e9croche une m\u00e9daille d&#8217;or au Salon de l&#8217;Agriculture\"}]},{\"@type\":\"WebSite\",\"@id\":\"https:\/\/vosgesinfo.fr\/remiremontinfo\/#website\",\"url\":\"https:\/\/vosgesinfo.fr\/remiremontinfo\/\",\"name\":\"Remiremont Info\",\"description\":\"Toute l&#039;actualit\u00e9 de Remiremont\",\"publisher\":{\"@id\":\"https:\/\/vosgesinfo.fr\/remiremontinfo\/#organization\"},\"alternateName\":\"Toute l'actualit\u00e9 de Remiremont\",\"potentialAction\":[{\"@type\":\"SearchAction\",\"target\":{\"@type\":\"EntryPoint\",\"urlTemplate\":\"https:\/\/vosgesinfo.fr\/remiremontinfo\/?s={search_term_string}\"},\"query-input\":\"required name=search_term_string\"}],\"inLanguage\":\"fr-FR\"},{\"@type\":\"Organization\",\"@id\":\"https:\/\/vosgesinfo.fr\/remiremontinfo\/#organization\",\"name\":\"Remiremont Info\",\"url\":\"https:\/\/vosgesinfo.fr\/remiremontinfo\/\",\"logo\":{\"@type\":\"ImageObject\",\"inLanguage\":\"fr-FR\",\"@id\":\"https:\/\/vosgesinfo.fr\/remiremontinfo\/#\/schema\/logo\/image\/\",\"url\":\"https:\/\/vosgesinfo.fr\/app\/uploads\/sites\/5\/2023\/08\/favicon-remiremontinfo.png\",\"contentUrl\":\"https:\/\/vosgesinfo.fr\/app\/uploads\/sites\/5\/2023\/08\/favicon-remiremontinfo.png\",\"width\":512,\"height\":512,\"caption\":\"Remiremont Info\"},\"image\":{\"@id\":\"https:\/\/vosgesinfo.fr\/remiremontinfo\/#\/schema\/logo\/image\/\"},\"sameAs\":[\"https:\/\/www.facebook.com\/remiremontinfo\",\"https:\/\/x.com\/VosgesInfo88\",\"https:\/\/www.youtube.com\/@vosgesinfo\"]},{\"@type\":\"Person\",\"@id\":\"https:\/\/vosgesinfo.fr\/remiremontinfo\/#\/schema\/person\/4f38cd3068e342935b7304695c797d08\",\"name\":\"C.M\",\"image\":{\"@type\":\"ImageObject\",\"inLanguage\":\"fr-FR\",\"@id\":\"https:\/\/vosgesinfo.fr\/remiremontinfo\/#\/schema\/person\/image\/\",\"url\":\"https:\/\/secure.gravatar.com\/avatar\/fe9daaef0164d920717484172682f3c5c9bcf7d42aa8c7048c76c34f0eb6c8da?s=96&d=mm&r=g\",\"contentUrl\":\"https:\/\/secure.gravatar.com\/avatar\/fe9daaef0164d920717484172682f3c5c9bcf7d42aa8c7048c76c34f0eb6c8da?s=96&d=mm&r=g\",\"caption\":\"C.M\"},\"url\":\"https:\/\/vosgesinfo.fr\/remiremontinfo\/author\/cm88200\/\"}]}<\/script>\n<!-- \/ Yoast SEO plugin. -->","yoast_head_json":{"title":"Le jambon du Palais de l'Andouille du Val d'Ajol d\u00e9croche une m\u00e9daille d'or au Salon de l'Agriculture - Remiremont Info","robots":{"index":"index","follow":"follow","max-snippet":"max-snippet:-1","max-image-preview":"max-image-preview:large","max-video-preview":"max-video-preview:-1"},"canonical":"https:\/\/vosgesinfo.fr\/remiremontinfo\/?p=78881","twitter_card":"summary_large_image","twitter_title":"Le jambon du Palais de l'Andouille du Val d'Ajol d\u00e9croche une m\u00e9daille d'or au Salon de l'Agriculture - Remiremont Info","twitter_description":"Ce dimanche 23 f\u00e9vrier 2025, la finale de la cat\u00e9gorie \u00ab Charcuterie \u00bb s&rsquo;est tenue au Salon de l&rsquo;Agriculture. Des [&hellip;]","twitter_image":"https:\/\/vosgesinfo.fr\/app\/uploads\/sites\/5\/2025\/02\/boucherie-daval-.png","twitter_creator":"@VosgesInfo88","twitter_site":"@VosgesInfo88","twitter_misc":{"\u00c9crit par":"C.M","Dur\u00e9e de lecture estim\u00e9e":"1 minute"},"schema":{"@context":"https:\/\/schema.org","@graph":[{"@type":"Article","@id":"https:\/\/vosgesinfo.fr\/remiremontinfo\/?p=78881#article","isPartOf":{"@id":"https:\/\/vosgesinfo.fr\/remiremontinfo\/?p=78881"},"author":{"name":"C.M","@id":"https:\/\/vosgesinfo.fr\/remiremontinfo\/#\/schema\/person\/4f38cd3068e342935b7304695c797d08"},"headline":"Le jambon du Palais de l&rsquo;Andouille du Val d&rsquo;Ajol d\u00e9croche une m\u00e9daille d&rsquo;or au Salon de l&rsquo;Agriculture","datePublished":"2025-02-25T09:12:19+00:00","dateModified":"2025-02-25T09:12:19+00:00","mainEntityOfPage":{"@id":"https:\/\/vosgesinfo.fr\/remiremontinfo\/?p=78881"},"wordCount":188,"commentCount":1,"publisher":{"@id":"https:\/\/vosgesinfo.fr\/remiremontinfo\/#organization"},"image":{"@id":"https:\/\/vosgesinfo.fr\/remiremontinfo\/?p=78881#primaryimage"},"thumbnailUrl":"https:\/\/vosgesinfo.fr\/app\/uploads\/sites\/5\/2025\/02\/boucherie-daval-.png","keywords":["M\u00e9daille d'or","Palais de l'Andouille","Salon de l'agriculture"],"articleSection":["A la Une","Le Val d'Ajol"],"inLanguage":"fr-FR","potentialAction":[{"@type":"CommentAction","name":"Comment","target":["https:\/\/vosgesinfo.fr\/remiremontinfo\/?p=78881#respond"]}]},{"@type":"WebPage","@id":"https:\/\/vosgesinfo.fr\/remiremontinfo\/?p=78881","url":"https:\/\/vosgesinfo.fr\/remiremontinfo\/?p=78881","name":"Le jambon du Palais de l'Andouille du Val d'Ajol d\u00e9croche une m\u00e9daille d'or au Salon de l'Agriculture - Remiremont Info","isPartOf":{"@id":"https:\/\/vosgesinfo.fr\/remiremontinfo\/#website"},"primaryImageOfPage":{"@id":"https:\/\/vosgesinfo.fr\/remiremontinfo\/?p=78881#primaryimage"},"image":{"@id":"https:\/\/vosgesinfo.fr\/remiremontinfo\/?p=78881#primaryimage"},"thumbnailUrl":"https:\/\/vosgesinfo.fr\/app\/uploads\/sites\/5\/2025\/02\/boucherie-daval-.png","datePublished":"2025-02-25T09:12:19+00:00","dateModified":"2025-02-25T09:12:19+00:00","breadcrumb":{"@id":"https:\/\/vosgesinfo.fr\/remiremontinfo\/?p=78881#breadcrumb"},"inLanguage":"fr-FR","potentialAction":[{"@type":"ReadAction","target":["https:\/\/vosgesinfo.fr\/remiremontinfo\/?p=78881"]}]},{"@type":"ImageObject","inLanguage":"fr-FR","@id":"https:\/\/vosgesinfo.fr\/remiremontinfo\/?p=78881#primaryimage","url":"https:\/\/vosgesinfo.fr\/app\/uploads\/sites\/5\/2025\/02\/boucherie-daval-.png","contentUrl":"https:\/\/vosgesinfo.fr\/app\/uploads\/sites\/5\/2025\/02\/boucherie-daval-.png","width":2038,"height":1226,"caption":"La boucherie Daval situ\u00e9e au Val d'Ajol. Photo : Google Maps."},{"@type":"BreadcrumbList","@id":"https:\/\/vosgesinfo.fr\/remiremontinfo\/?p=78881#breadcrumb","itemListElement":[{"@type":"ListItem","position":1,"name":"Home","item":"https:\/\/vosgesinfo.fr\/remiremontinfo\/"},{"@type":"ListItem","position":2,"name":"Le jambon du Palais de l&#8217;Andouille du Val d&#8217;Ajol d\u00e9croche une m\u00e9daille d&#8217;or au Salon de l&#8217;Agriculture"}]},{"@type":"WebSite","@id":"https:\/\/vosgesinfo.fr\/remiremontinfo\/#website","url":"https:\/\/vosgesinfo.fr\/remiremontinfo\/","name":"Remiremont Info","description":"Toute l&#039;actualit\u00e9 de Remiremont","publisher":{"@id":"https:\/\/vosgesinfo.fr\/remiremontinfo\/#organization"},"alternateName":"Toute l'actualit\u00e9 de Remiremont","potentialAction":[{"@type":"SearchAction","target":{"@type":"EntryPoint","urlTemplate":"https:\/\/vosgesinfo.fr\/remiremontinfo\/?s={search_term_string}"},"query-input":"required name=search_term_string"}],"inLanguage":"fr-FR"},{"@type":"Organization","@id":"https:\/\/vosgesinfo.fr\/remiremontinfo\/#organization","name":"Remiremont Info","url":"https:\/\/vosgesinfo.fr\/remiremontinfo\/","logo":{"@type":"ImageObject","inLanguage":"fr-FR","@id":"https:\/\/vosgesinfo.fr\/remiremontinfo\/#\/schema\/logo\/image\/","url":"https:\/\/vosgesinfo.fr\/app\/uploads\/sites\/5\/2023\/08\/favicon-remiremontinfo.png","contentUrl":"https:\/\/vosgesinfo.fr\/app\/uploads\/sites\/5\/2023\/08\/favicon-remiremontinfo.png","width":512,"height":512,"caption":"Remiremont Info"},"image":{"@id":"https:\/\/vosgesinfo.fr\/remiremontinfo\/#\/schema\/logo\/image\/"},"sameAs":["https:\/\/www.facebook.com\/remiremontinfo","https:\/\/x.com\/VosgesInfo88","https:\/\/www.youtube.com\/@vosgesinfo"]},{"@type":"Person","@id":"https:\/\/vosgesinfo.fr\/remiremontinfo\/#\/schema\/person\/4f38cd3068e342935b7304695c797d08","name":"C.M","image":{"@type":"ImageObject","inLanguage":"fr-FR","@id":"https:\/\/vosgesinfo.fr\/remiremontinfo\/#\/schema\/person\/image\/","url":"https:\/\/secure.gravatar.com\/avatar\/fe9daaef0164d920717484172682f3c5c9bcf7d42aa8c7048c76c34f0eb6c8da?s=96&d=mm&r=g","contentUrl":"https:\/\/secure.gravatar.com\/avatar\/fe9daaef0164d920717484172682f3c5c9bcf7d42aa8c7048c76c34f0eb6c8da?s=96&d=mm&r=g","caption":"C.M"},"url":"https:\/\/vosgesinfo.fr\/remiremontinfo\/author\/cm88200\/"}]}},"_links":{"self":[{"href":"https:\/\/vosgesinfo.fr\/remiremontinfo\/wp-json\/wp\/v2\/posts\/78881","targetHints":{"allow":["GET"]}}],"collection":[{"href":"https:\/\/vosgesinfo.fr\/remiremontinfo\/wp-json\/wp\/v2\/posts"}],"about":[{"href":"https:\/\/vosgesinfo.fr\/remiremontinfo\/wp-json\/wp\/v2\/types\/post"}],"author":[{"embeddable":true,"href":"https:\/\/vosgesinfo.fr\/remiremontinfo\/wp-json\/wp\/v2\/users\/418"}],"replies":[{"embeddable":true,"href":"https:\/\/vosgesinfo.fr\/remiremontinfo\/wp-json\/wp\/v2\/comments?post=78881"}],"version-history":[{"count":1,"href":"https:\/\/vosgesinfo.fr\/remiremontinfo\/wp-json\/wp\/v2\/posts\/78881\/revisions"}],"predecessor-version":[{"id":78883,"href":"https:\/\/vosgesinfo.fr\/remiremontinfo\/wp-json\/wp\/v2\/posts\/78881\/revisions\/78883"}],"wp:featuredmedia":[{"embeddable":true,"href":"https:\/\/vosgesinfo.fr\/remiremontinfo\/wp-json\/wp\/v2\/media\/78882"}],"wp:attachment":[{"href":"https:\/\/vosgesinfo.fr\/remiremontinfo\/wp-json\/wp\/v2\/media?parent=78881"}],"wp:term":[{"taxonomy":"category","embeddable":true,"href":"https:\/\/vosgesinfo.fr\/remiremontinfo\/wp-json\/wp\/v2\/categories?post=78881"},{"taxonomy":"post_tag","embeddable":true,"href":"https:\/\/vosgesinfo.fr\/remiremontinfo\/wp-json\/wp\/v2\/tags?post=78881"}],"curies":[{"name":"wp","href":"https:\/\/api.w.org\/{rel}","templated":true}]}}