{"id":79065,"date":"2025-03-01T10:25:16","date_gmt":"2025-03-01T09:25:16","guid":{"rendered":"https:\/\/vosgesinfo.fr\/remiremontinfo\/?p=79065"},"modified":"2025-03-01T10:25:16","modified_gmt":"2025-03-01T09:25:16","slug":"le-club-affaires-de-remiremont-cadre-reunit-plus-de-100-entrepreneurs-lors-dun-afterwork","status":"publish","type":"post","link":"https:\/\/vosgesinfo.fr\/remiremontinfo\/2025\/03\/le-club-affaires-de-remiremont-cadre-reunit-plus-de-100-entrepreneurs-lors-dun-afterwork\/","title":{"rendered":"Le Club Affaires de Remiremont (CADRE) r\u00e9unit plus de 100 entrepreneurs lors d\u2019un afterwork"},"content":{"rendered":"<div id=\"attachment_79066\" style=\"width: 1610px\" class=\"wp-caption aligncenter\"><a href=\"https:\/\/vosgesinfo.fr\/app\/uploads\/sites\/5\/2025\/03\/cadre-remiremont-2.jpg\"><img decoding=\"async\" aria-describedby=\"caption-attachment-79066\" class=\"size-full wp-image-79066\" src=\"https:\/\/vosgesinfo.fr\/app\/uploads\/sites\/5\/2025\/03\/cadre-remiremont-2.jpg\" alt=\"\" width=\"1600\" height=\"1066\" srcset=\"https:\/\/vosgesinfo.fr\/app\/uploads\/sites\/5\/2025\/03\/cadre-remiremont-2.jpg 1600w, https:\/\/vosgesinfo.fr\/app\/uploads\/sites\/5\/2025\/03\/cadre-remiremont-2-300x200.jpg 300w, https:\/\/vosgesinfo.fr\/app\/uploads\/sites\/5\/2025\/03\/cadre-remiremont-2-1024x682.jpg 1024w, https:\/\/vosgesinfo.fr\/app\/uploads\/sites\/5\/2025\/03\/cadre-remiremont-2-768x512.jpg 768w, https:\/\/vosgesinfo.fr\/app\/uploads\/sites\/5\/2025\/03\/cadre-remiremont-2-1536x1023.jpg 1536w\" sizes=\"(max-width: 1600px) 100vw, 1600px\" \/><\/a><p id=\"caption-attachment-79066\" class=\"wp-caption-text\">Photographie : Aur\u00e9lien Villemin.<\/p><\/div>\n<p data-start=\"99\" data-end=\"463\"><strong>Le Club Affaires de Remiremont et Environs (CADRE) a organis\u00e9 un afterwork dynamique au sein de la concession Grands Moulins Auto, rassemblant plus de 100 entrepreneurs locaux. L\u2019\u00e9v\u00e9nement a \u00e9t\u00e9 une belle opportunit\u00e9 pour les professionnels de la r\u00e9gion de renforcer leur r\u00e9seau, d\u2019\u00e9changer sur leurs activit\u00e9s et de partager des exp\u00e9riences.<\/strong><\/p>\n<p data-start=\"465\" data-end=\"702\">En plus du moment de convivialit\u00e9, les \u00e9quipes du garage ont anim\u00e9 une conf\u00e9rence enrichissante sur les nouveaut\u00e9s \u00e0 venir dans le secteur automobile, offrant aux participants un \u00e9clairage sur les \u00e9volutions et d\u00e9fis du march\u00e9.<\/p>\n<p data-start=\"704\" data-end=\"1241\">Cr\u00e9\u00e9 il y a deux ans, le CADRE a pour ambition de favoriser le d\u00e9veloppement des entreprises locales en facilitant les rencontres et les recommandations entre professionnels. Le club se r\u00e9unit tous les jeudis matin au restaurant Le Petit St\u00e9phanois, offrant ainsi un espace d\u2019\u00e9change r\u00e9gulier aux entrepreneurs d\u00e9sireux de cr\u00e9er des opportunit\u00e9s d\u2019affaires. L\u2019acc\u00e8s est ouvert \u00e0 tous sur inscription, permettant \u00e0 de nouveaux membres de rejoindre ce r\u00e9seau fond\u00e9 sur la confiance et l\u2019entraide mutuelle.<\/p>\n\n\t\t<style type=\"text\/css\">\n\t\t\t#gallery-1 {\n\t\t\t\tmargin: auto;\n\t\t\t}\n\t\t\t#gallery-1 .gallery-item {\n\t\t\t\tfloat: left;\n\t\t\t\tmargin-top: 10px;\n\t\t\t\ttext-align: center;\n\t\t\t\twidth: 50%;\n\t\t\t}\n\t\t\t#gallery-1 img {\n\t\t\t\tborder: 2px solid #cfcfcf;\n\t\t\t}\n\t\t\t#gallery-1 .gallery-caption {\n\t\t\t\tmargin-left: 0;\n\t\t\t}\n\t\t\t\/* see gallery_shortcode() in wp-includes\/media.php *\/\n\t\t<\/style>\n\t\t<div id='gallery-1' class='gallery galleryid-79065 gallery-columns-2 gallery-size-full'><dl class='gallery-item'>\n\t\t\t<dt class='gallery-icon landscape'>\n\t\t\t\t<a href='https:\/\/vosgesinfo.fr\/remiremontinfo\/2025\/03\/le-club-affaires-de-remiremont-cadre-reunit-plus-de-100-entrepreneurs-lors-dun-afterwork\/cadre-remiremont\/'><img decoding=\"async\" width=\"1600\" height=\"1066\" src=\"https:\/\/vosgesinfo.fr\/app\/uploads\/sites\/5\/2025\/03\/cadre-remiremont.jpg\" class=\"attachment-full size-full\" alt=\"\" aria-describedby=\"gallery-1-79068\" srcset=\"https:\/\/vosgesinfo.fr\/app\/uploads\/sites\/5\/2025\/03\/cadre-remiremont.jpg 1600w, https:\/\/vosgesinfo.fr\/app\/uploads\/sites\/5\/2025\/03\/cadre-remiremont-300x200.jpg 300w, https:\/\/vosgesinfo.fr\/app\/uploads\/sites\/5\/2025\/03\/cadre-remiremont-1024x682.jpg 1024w, https:\/\/vosgesinfo.fr\/app\/uploads\/sites\/5\/2025\/03\/cadre-remiremont-768x512.jpg 768w, https:\/\/vosgesinfo.fr\/app\/uploads\/sites\/5\/2025\/03\/cadre-remiremont-1536x1023.jpg 1536w\" sizes=\"(max-width: 1600px) 100vw, 1600px\" \/><\/a>\n\t\t\t<\/dt>\n\t\t\t\t<dd class='wp-caption-text gallery-caption' id='gallery-1-79068'>\n\t\t\t\tPhotographie : Aur\u00e9lien Villemin. \n\t\t\t\t<\/dd><\/dl><dl class='gallery-item'>\n\t\t\t<dt class='gallery-icon landscape'>\n\t\t\t\t<a href='https:\/\/vosgesinfo.fr\/remiremontinfo\/2025\/03\/le-club-affaires-de-remiremont-cadre-reunit-plus-de-100-entrepreneurs-lors-dun-afterwork\/cadre-remiremont-1\/'><img decoding=\"async\" width=\"1600\" height=\"1066\" src=\"https:\/\/vosgesinfo.fr\/app\/uploads\/sites\/5\/2025\/03\/cadre-remiremont-1.jpg\" class=\"attachment-full size-full\" alt=\"\" aria-describedby=\"gallery-1-79067\" srcset=\"https:\/\/vosgesinfo.fr\/app\/uploads\/sites\/5\/2025\/03\/cadre-remiremont-1.jpg 1600w, https:\/\/vosgesinfo.fr\/app\/uploads\/sites\/5\/2025\/03\/cadre-remiremont-1-300x200.jpg 300w, https:\/\/vosgesinfo.fr\/app\/uploads\/sites\/5\/2025\/03\/cadre-remiremont-1-1024x682.jpg 1024w, https:\/\/vosgesinfo.fr\/app\/uploads\/sites\/5\/2025\/03\/cadre-remiremont-1-768x512.jpg 768w, https:\/\/vosgesinfo.fr\/app\/uploads\/sites\/5\/2025\/03\/cadre-remiremont-1-1536x1023.jpg 1536w\" sizes=\"(max-width: 1600px) 100vw, 1600px\" \/><\/a>\n\t\t\t<\/dt>\n\t\t\t\t<dd class='wp-caption-text gallery-caption' id='gallery-1-79067'>\n\t\t\t\tPhotographie : Aur\u00e9lien Villemin. \n\t\t\t\t<\/dd><\/dl><br style=\"clear: both\" \/>\n\t\t<\/div>\n\n","protected":false},"excerpt":{"rendered":"<p>Le Club Affaires de Remiremont et Environs (CADRE) a organis\u00e9 un afterwork dynamique au sein de la concession Grands Moulins [&hellip;]<\/p>\n","protected":false},"author":418,"featured_media":79066,"comment_status":"open","ping_status":"open","sticky":false,"template":"","format":"standard","meta":{"footnotes":""},"categories":[26,144,43],"tags":[6128,7341,44],"class_list":["post-79065","post","type-post","status-publish","format-standard","has-post-thumbnail","hentry","category-a-la-une","category-entreprise","category-remiremont-remiremont-son-canton","tag-afterwork","tag-cadre","tag-remiremont"],"acf":[],"yoast_head":"<!-- This site is optimized with the Yoast SEO plugin v22.5 - https:\/\/yoast.com\/wordpress\/plugins\/seo\/ -->\n<title>Le Club Affaires de Remiremont (CADRE) r\u00e9unit plus de 100 entrepreneurs lors d\u2019un afterwork - Remiremont Info<\/title>\n<meta name=\"robots\" content=\"index, follow, max-snippet:-1, max-image-preview:large, max-video-preview:-1\" \/>\n<link rel=\"canonical\" href=\"https:\/\/vosgesinfo.fr\/remiremontinfo\/?p=79065\" \/>\n<meta name=\"twitter:card\" content=\"summary_large_image\" \/>\n<meta name=\"twitter:title\" content=\"Le Club Affaires de Remiremont (CADRE) r\u00e9unit plus de 100 entrepreneurs lors d\u2019un afterwork - Remiremont Info\" \/>\n<meta name=\"twitter:description\" content=\"Le Club Affaires de Remiremont et Environs (CADRE) a organis\u00e9 un afterwork dynamique au sein de la concession Grands Moulins [&hellip;]\" \/>\n<meta name=\"twitter:image\" content=\"https:\/\/vosgesinfo.fr\/app\/uploads\/sites\/5\/2025\/03\/cadre-remiremont-2.jpg\" \/>\n<meta name=\"twitter:creator\" content=\"@VosgesInfo88\" \/>\n<meta name=\"twitter:site\" content=\"@VosgesInfo88\" \/>\n<meta name=\"twitter:label1\" content=\"\u00c9crit par\" \/>\n\t<meta name=\"twitter:data1\" content=\"C.M\" \/>\n\t<meta name=\"twitter:label2\" content=\"Dur\u00e9e de lecture estim\u00e9e\" \/>\n\t<meta name=\"twitter:data2\" content=\"1 minute\" \/>\n<script type=\"application\/ld+json\" class=\"yoast-schema-graph\">{\"@context\":\"https:\/\/schema.org\",\"@graph\":[{\"@type\":\"Article\",\"@id\":\"https:\/\/vosgesinfo.fr\/remiremontinfo\/?p=79065#article\",\"isPartOf\":{\"@id\":\"https:\/\/vosgesinfo.fr\/remiremontinfo\/?p=79065\"},\"author\":{\"name\":\"C.M\",\"@id\":\"https:\/\/vosgesinfo.fr\/remiremontinfo\/#\/schema\/person\/4f38cd3068e342935b7304695c797d08\"},\"headline\":\"Le Club Affaires de Remiremont (CADRE) r\u00e9unit plus de 100 entrepreneurs lors d\u2019un afterwork\",\"datePublished\":\"2025-03-01T09:25:16+00:00\",\"dateModified\":\"2025-03-01T09:25:16+00:00\",\"mainEntityOfPage\":{\"@id\":\"https:\/\/vosgesinfo.fr\/remiremontinfo\/?p=79065\"},\"wordCount\":215,\"commentCount\":0,\"publisher\":{\"@id\":\"https:\/\/vosgesinfo.fr\/remiremontinfo\/#organization\"},\"image\":{\"@id\":\"https:\/\/vosgesinfo.fr\/remiremontinfo\/?p=79065#primaryimage\"},\"thumbnailUrl\":\"https:\/\/vosgesinfo.fr\/app\/uploads\/sites\/5\/2025\/03\/cadre-remiremont-2.jpg\",\"keywords\":[\"Afterwork\",\"CADRE\",\"remiremont\"],\"articleSection\":[\"A la Une\",\"Entreprise\",\"Remiremont\"],\"inLanguage\":\"fr-FR\",\"potentialAction\":[{\"@type\":\"CommentAction\",\"name\":\"Comment\",\"target\":[\"https:\/\/vosgesinfo.fr\/remiremontinfo\/?p=79065#respond\"]}]},{\"@type\":\"WebPage\",\"@id\":\"https:\/\/vosgesinfo.fr\/remiremontinfo\/?p=79065\",\"url\":\"https:\/\/vosgesinfo.fr\/remiremontinfo\/?p=79065\",\"name\":\"Le Club Affaires de Remiremont (CADRE) r\u00e9unit plus de 100 entrepreneurs lors d\u2019un afterwork - Remiremont Info\",\"isPartOf\":{\"@id\":\"https:\/\/vosgesinfo.fr\/remiremontinfo\/#website\"},\"primaryImageOfPage\":{\"@id\":\"https:\/\/vosgesinfo.fr\/remiremontinfo\/?p=79065#primaryimage\"},\"image\":{\"@id\":\"https:\/\/vosgesinfo.fr\/remiremontinfo\/?p=79065#primaryimage\"},\"thumbnailUrl\":\"https:\/\/vosgesinfo.fr\/app\/uploads\/sites\/5\/2025\/03\/cadre-remiremont-2.jpg\",\"datePublished\":\"2025-03-01T09:25:16+00:00\",\"dateModified\":\"2025-03-01T09:25:16+00:00\",\"breadcrumb\":{\"@id\":\"https:\/\/vosgesinfo.fr\/remiremontinfo\/?p=79065#breadcrumb\"},\"inLanguage\":\"fr-FR\",\"potentialAction\":[{\"@type\":\"ReadAction\",\"target\":[\"https:\/\/vosgesinfo.fr\/remiremontinfo\/?p=79065\"]}]},{\"@type\":\"ImageObject\",\"inLanguage\":\"fr-FR\",\"@id\":\"https:\/\/vosgesinfo.fr\/remiremontinfo\/?p=79065#primaryimage\",\"url\":\"https:\/\/vosgesinfo.fr\/app\/uploads\/sites\/5\/2025\/03\/cadre-remiremont-2.jpg\",\"contentUrl\":\"https:\/\/vosgesinfo.fr\/app\/uploads\/sites\/5\/2025\/03\/cadre-remiremont-2.jpg\",\"width\":1600,\"height\":1066,\"caption\":\"Photographie : Aur\u00e9lien Villemin.\"},{\"@type\":\"BreadcrumbList\",\"@id\":\"https:\/\/vosgesinfo.fr\/remiremontinfo\/?p=79065#breadcrumb\",\"itemListElement\":[{\"@type\":\"ListItem\",\"position\":1,\"name\":\"Home\",\"item\":\"https:\/\/vosgesinfo.fr\/remiremontinfo\/\"},{\"@type\":\"ListItem\",\"position\":2,\"name\":\"Le Club Affaires de Remiremont (CADRE) r\u00e9unit plus de 100 entrepreneurs lors d\u2019un afterwork\"}]},{\"@type\":\"WebSite\",\"@id\":\"https:\/\/vosgesinfo.fr\/remiremontinfo\/#website\",\"url\":\"https:\/\/vosgesinfo.fr\/remiremontinfo\/\",\"name\":\"Remiremont Info\",\"description\":\"Toute l&#039;actualit\u00e9 de Remiremont\",\"publisher\":{\"@id\":\"https:\/\/vosgesinfo.fr\/remiremontinfo\/#organization\"},\"alternateName\":\"Toute l'actualit\u00e9 de Remiremont\",\"potentialAction\":[{\"@type\":\"SearchAction\",\"target\":{\"@type\":\"EntryPoint\",\"urlTemplate\":\"https:\/\/vosgesinfo.fr\/remiremontinfo\/?s={search_term_string}\"},\"query-input\":\"required name=search_term_string\"}],\"inLanguage\":\"fr-FR\"},{\"@type\":\"Organization\",\"@id\":\"https:\/\/vosgesinfo.fr\/remiremontinfo\/#organization\",\"name\":\"Remiremont Info\",\"url\":\"https:\/\/vosgesinfo.fr\/remiremontinfo\/\",\"logo\":{\"@type\":\"ImageObject\",\"inLanguage\":\"fr-FR\",\"@id\":\"https:\/\/vosgesinfo.fr\/remiremontinfo\/#\/schema\/logo\/image\/\",\"url\":\"https:\/\/vosgesinfo.fr\/app\/uploads\/sites\/5\/2023\/08\/favicon-remiremontinfo.png\",\"contentUrl\":\"https:\/\/vosgesinfo.fr\/app\/uploads\/sites\/5\/2023\/08\/favicon-remiremontinfo.png\",\"width\":512,\"height\":512,\"caption\":\"Remiremont Info\"},\"image\":{\"@id\":\"https:\/\/vosgesinfo.fr\/remiremontinfo\/#\/schema\/logo\/image\/\"},\"sameAs\":[\"https:\/\/www.facebook.com\/remiremontinfo\",\"https:\/\/x.com\/VosgesInfo88\",\"https:\/\/www.youtube.com\/@vosgesinfo\"]},{\"@type\":\"Person\",\"@id\":\"https:\/\/vosgesinfo.fr\/remiremontinfo\/#\/schema\/person\/4f38cd3068e342935b7304695c797d08\",\"name\":\"C.M\",\"image\":{\"@type\":\"ImageObject\",\"inLanguage\":\"fr-FR\",\"@id\":\"https:\/\/vosgesinfo.fr\/remiremontinfo\/#\/schema\/person\/image\/\",\"url\":\"https:\/\/secure.gravatar.com\/avatar\/fe9daaef0164d920717484172682f3c5c9bcf7d42aa8c7048c76c34f0eb6c8da?s=96&d=mm&r=g\",\"contentUrl\":\"https:\/\/secure.gravatar.com\/avatar\/fe9daaef0164d920717484172682f3c5c9bcf7d42aa8c7048c76c34f0eb6c8da?s=96&d=mm&r=g\",\"caption\":\"C.M\"},\"url\":\"https:\/\/vosgesinfo.fr\/remiremontinfo\/author\/cm88200\/\"}]}<\/script>\n<!-- \/ Yoast SEO plugin. -->","yoast_head_json":{"title":"Le Club Affaires de Remiremont (CADRE) r\u00e9unit plus de 100 entrepreneurs lors d\u2019un afterwork - Remiremont Info","robots":{"index":"index","follow":"follow","max-snippet":"max-snippet:-1","max-image-preview":"max-image-preview:large","max-video-preview":"max-video-preview:-1"},"canonical":"https:\/\/vosgesinfo.fr\/remiremontinfo\/?p=79065","twitter_card":"summary_large_image","twitter_title":"Le Club Affaires de Remiremont (CADRE) r\u00e9unit plus de 100 entrepreneurs lors d\u2019un afterwork - Remiremont Info","twitter_description":"Le Club Affaires de Remiremont et Environs (CADRE) a organis\u00e9 un afterwork dynamique au sein de la concession Grands Moulins [&hellip;]","twitter_image":"https:\/\/vosgesinfo.fr\/app\/uploads\/sites\/5\/2025\/03\/cadre-remiremont-2.jpg","twitter_creator":"@VosgesInfo88","twitter_site":"@VosgesInfo88","twitter_misc":{"\u00c9crit par":"C.M","Dur\u00e9e de lecture estim\u00e9e":"1 minute"},"schema":{"@context":"https:\/\/schema.org","@graph":[{"@type":"Article","@id":"https:\/\/vosgesinfo.fr\/remiremontinfo\/?p=79065#article","isPartOf":{"@id":"https:\/\/vosgesinfo.fr\/remiremontinfo\/?p=79065"},"author":{"name":"C.M","@id":"https:\/\/vosgesinfo.fr\/remiremontinfo\/#\/schema\/person\/4f38cd3068e342935b7304695c797d08"},"headline":"Le Club Affaires de Remiremont (CADRE) r\u00e9unit plus de 100 entrepreneurs lors d\u2019un afterwork","datePublished":"2025-03-01T09:25:16+00:00","dateModified":"2025-03-01T09:25:16+00:00","mainEntityOfPage":{"@id":"https:\/\/vosgesinfo.fr\/remiremontinfo\/?p=79065"},"wordCount":215,"commentCount":0,"publisher":{"@id":"https:\/\/vosgesinfo.fr\/remiremontinfo\/#organization"},"image":{"@id":"https:\/\/vosgesinfo.fr\/remiremontinfo\/?p=79065#primaryimage"},"thumbnailUrl":"https:\/\/vosgesinfo.fr\/app\/uploads\/sites\/5\/2025\/03\/cadre-remiremont-2.jpg","keywords":["Afterwork","CADRE","remiremont"],"articleSection":["A la Une","Entreprise","Remiremont"],"inLanguage":"fr-FR","potentialAction":[{"@type":"CommentAction","name":"Comment","target":["https:\/\/vosgesinfo.fr\/remiremontinfo\/?p=79065#respond"]}]},{"@type":"WebPage","@id":"https:\/\/vosgesinfo.fr\/remiremontinfo\/?p=79065","url":"https:\/\/vosgesinfo.fr\/remiremontinfo\/?p=79065","name":"Le Club Affaires de Remiremont (CADRE) r\u00e9unit plus de 100 entrepreneurs lors d\u2019un afterwork - Remiremont Info","isPartOf":{"@id":"https:\/\/vosgesinfo.fr\/remiremontinfo\/#website"},"primaryImageOfPage":{"@id":"https:\/\/vosgesinfo.fr\/remiremontinfo\/?p=79065#primaryimage"},"image":{"@id":"https:\/\/vosgesinfo.fr\/remiremontinfo\/?p=79065#primaryimage"},"thumbnailUrl":"https:\/\/vosgesinfo.fr\/app\/uploads\/sites\/5\/2025\/03\/cadre-remiremont-2.jpg","datePublished":"2025-03-01T09:25:16+00:00","dateModified":"2025-03-01T09:25:16+00:00","breadcrumb":{"@id":"https:\/\/vosgesinfo.fr\/remiremontinfo\/?p=79065#breadcrumb"},"inLanguage":"fr-FR","potentialAction":[{"@type":"ReadAction","target":["https:\/\/vosgesinfo.fr\/remiremontinfo\/?p=79065"]}]},{"@type":"ImageObject","inLanguage":"fr-FR","@id":"https:\/\/vosgesinfo.fr\/remiremontinfo\/?p=79065#primaryimage","url":"https:\/\/vosgesinfo.fr\/app\/uploads\/sites\/5\/2025\/03\/cadre-remiremont-2.jpg","contentUrl":"https:\/\/vosgesinfo.fr\/app\/uploads\/sites\/5\/2025\/03\/cadre-remiremont-2.jpg","width":1600,"height":1066,"caption":"Photographie : Aur\u00e9lien Villemin."},{"@type":"BreadcrumbList","@id":"https:\/\/vosgesinfo.fr\/remiremontinfo\/?p=79065#breadcrumb","itemListElement":[{"@type":"ListItem","position":1,"name":"Home","item":"https:\/\/vosgesinfo.fr\/remiremontinfo\/"},{"@type":"ListItem","position":2,"name":"Le Club Affaires de Remiremont (CADRE) r\u00e9unit plus de 100 entrepreneurs lors d\u2019un afterwork"}]},{"@type":"WebSite","@id":"https:\/\/vosgesinfo.fr\/remiremontinfo\/#website","url":"https:\/\/vosgesinfo.fr\/remiremontinfo\/","name":"Remiremont Info","description":"Toute l&#039;actualit\u00e9 de Remiremont","publisher":{"@id":"https:\/\/vosgesinfo.fr\/remiremontinfo\/#organization"},"alternateName":"Toute l'actualit\u00e9 de Remiremont","potentialAction":[{"@type":"SearchAction","target":{"@type":"EntryPoint","urlTemplate":"https:\/\/vosgesinfo.fr\/remiremontinfo\/?s={search_term_string}"},"query-input":"required name=search_term_string"}],"inLanguage":"fr-FR"},{"@type":"Organization","@id":"https:\/\/vosgesinfo.fr\/remiremontinfo\/#organization","name":"Remiremont Info","url":"https:\/\/vosgesinfo.fr\/remiremontinfo\/","logo":{"@type":"ImageObject","inLanguage":"fr-FR","@id":"https:\/\/vosgesinfo.fr\/remiremontinfo\/#\/schema\/logo\/image\/","url":"https:\/\/vosgesinfo.fr\/app\/uploads\/sites\/5\/2023\/08\/favicon-remiremontinfo.png","contentUrl":"https:\/\/vosgesinfo.fr\/app\/uploads\/sites\/5\/2023\/08\/favicon-remiremontinfo.png","width":512,"height":512,"caption":"Remiremont Info"},"image":{"@id":"https:\/\/vosgesinfo.fr\/remiremontinfo\/#\/schema\/logo\/image\/"},"sameAs":["https:\/\/www.facebook.com\/remiremontinfo","https:\/\/x.com\/VosgesInfo88","https:\/\/www.youtube.com\/@vosgesinfo"]},{"@type":"Person","@id":"https:\/\/vosgesinfo.fr\/remiremontinfo\/#\/schema\/person\/4f38cd3068e342935b7304695c797d08","name":"C.M","image":{"@type":"ImageObject","inLanguage":"fr-FR","@id":"https:\/\/vosgesinfo.fr\/remiremontinfo\/#\/schema\/person\/image\/","url":"https:\/\/secure.gravatar.com\/avatar\/fe9daaef0164d920717484172682f3c5c9bcf7d42aa8c7048c76c34f0eb6c8da?s=96&d=mm&r=g","contentUrl":"https:\/\/secure.gravatar.com\/avatar\/fe9daaef0164d920717484172682f3c5c9bcf7d42aa8c7048c76c34f0eb6c8da?s=96&d=mm&r=g","caption":"C.M"},"url":"https:\/\/vosgesinfo.fr\/remiremontinfo\/author\/cm88200\/"}]}},"_links":{"self":[{"href":"https:\/\/vosgesinfo.fr\/remiremontinfo\/wp-json\/wp\/v2\/posts\/79065","targetHints":{"allow":["GET"]}}],"collection":[{"href":"https:\/\/vosgesinfo.fr\/remiremontinfo\/wp-json\/wp\/v2\/posts"}],"about":[{"href":"https:\/\/vosgesinfo.fr\/remiremontinfo\/wp-json\/wp\/v2\/types\/post"}],"author":[{"embeddable":true,"href":"https:\/\/vosgesinfo.fr\/remiremontinfo\/wp-json\/wp\/v2\/users\/418"}],"replies":[{"embeddable":true,"href":"https:\/\/vosgesinfo.fr\/remiremontinfo\/wp-json\/wp\/v2\/comments?post=79065"}],"version-history":[{"count":1,"href":"https:\/\/vosgesinfo.fr\/remiremontinfo\/wp-json\/wp\/v2\/posts\/79065\/revisions"}],"predecessor-version":[{"id":79069,"href":"https:\/\/vosgesinfo.fr\/remiremontinfo\/wp-json\/wp\/v2\/posts\/79065\/revisions\/79069"}],"wp:featuredmedia":[{"embeddable":true,"href":"https:\/\/vosgesinfo.fr\/remiremontinfo\/wp-json\/wp\/v2\/media\/79066"}],"wp:attachment":[{"href":"https:\/\/vosgesinfo.fr\/remiremontinfo\/wp-json\/wp\/v2\/media?parent=79065"}],"wp:term":[{"taxonomy":"category","embeddable":true,"href":"https:\/\/vosgesinfo.fr\/remiremontinfo\/wp-json\/wp\/v2\/categories?post=79065"},{"taxonomy":"post_tag","embeddable":true,"href":"https:\/\/vosgesinfo.fr\/remiremontinfo\/wp-json\/wp\/v2\/tags?post=79065"}],"curies":[{"name":"wp","href":"https:\/\/api.w.org\/{rel}","templated":true}]}}