{"id":79273,"date":"2025-03-07T09:33:59","date_gmt":"2025-03-07T08:33:59","guid":{"rendered":"https:\/\/vosgesinfo.fr\/remiremontinfo\/?p=79273"},"modified":"2025-03-07T09:33:59","modified_gmt":"2025-03-07T08:33:59","slug":"cornimont-informations-de-circulation-lors-du-defile-de-carnaval","status":"publish","type":"post","link":"https:\/\/vosgesinfo.fr\/remiremontinfo\/2025\/03\/cornimont-informations-de-circulation-lors-du-defile-de-carnaval\/","title":{"rendered":"Cornimont : Informations de circulation lors du d\u00e9fil\u00e9 de Carnaval"},"content":{"rendered":"<p class=\"s4\"><strong><span class=\"s2\">Le dimanche <\/span><span class=\"s2\">9<\/span><span class=\"s2\"> mars 202<\/span><span class=\"s2\">5<\/span><span class=\"s2\">,<\/span><span class=\"s3\"> la circulation sera interdite sur les secteurs et horaires suivants \u00e0 l\u2019occasion du d\u00e9fil\u00e9 du Carnaval : <\/span><\/strong><\/p>\n<p class=\"s4\"><strong><span class=\"s5\">De 14<\/span><span class=\"s5\">h<\/span><span class=\"s5\"> \u00e0 15h30\u00a0:<\/span><\/strong><\/p>\n<p class=\"s7\"><span class=\"s3\">&#8211;<\/span><span class=\"s6\">\u00a0\u00a0\u00a0\u00a0\u00a0\u00a0 <\/span><span class=\"s2\">Secteur <\/span><span class=\"s2\">p<\/span><span class=\"s2\">assage P<\/span><span class=\"s2\">errin<\/span><span class=\"s2\">\u00a0:<\/span> <span class=\"s3\">d<\/span><span class=\"s3\">e l\u2019intersection Passage Perrin\/Rue du <\/span><span class=\"s3\">Daval<\/span><span class=\"s3\"> jusqu\u2019\u00e0 l\u2019intersection Passage Perrin\/Rue de la Gare<\/span><\/p>\n<p class=\"s7\"><span class=\"s3\">&#8211;<\/span><span class=\"s6\">\u00a0\u00a0\u00a0\u00a0\u00a0\u00a0 <\/span><span class=\"s2\">Secteur D\u00e9partementale 486\u00a0:<\/span> <span class=\"s3\">d<\/span><span class=\"s3\">e l\u2019intersection Rue de la Gare\/Avenue de la Gare jusqu\u2019<\/span><span class=\"s3\">au carrefour <\/span><span class=\"s3\">aux<\/span><span class=\"s3\"> feux tricolores Rue de la 3<\/span><span class=\"s9\">\u00e8me<\/span><span class=\"s3\"> DIA\/Rue de la Sportive.<\/span><\/p>\n<p class=\"s7\"><span class=\"s3\">&#8211;<\/span><span class=\"s6\">\u00a0\u00a0\u00a0\u00a0 <\/span><span class=\"s2\">Secteur <\/span><span class=\"s2\">p<\/span><span class=\"s2\">lace de la <\/span><span class=\"s2\">Pranzi\u00e8re<\/span><span class=\"s2\"> et D43C\u00a0:<\/span> <span class=\"s3\">s<\/span><span class=\"s3\">ur l\u2019ensemble de la place de la <\/span><span class=\"s3\">Pranzi\u00e8re<\/span><span class=\"s3\"> et sur l<\/span><span class=\"s3\">a<\/span><span class=\"s3\"> D43C de l\u2019intersection rue de la 3<\/span><span class=\"s9\">\u00e8me<\/span><span class=\"s3\"> DIA\/<\/span><span class=\"s3\">R<\/span><span class=\"s3\">ue des Grands Meix et jusqu\u2019<\/span><span class=\"s3\">\u00e0 l\u2019intersection Route de <\/span><span class=\"s3\">Xoulces<\/span><span class=\"s3\">\/Rue des T\u00eates<\/span><span class=\"s3\">. Avant la coupure de la circulation, les v\u00e9hicules venant de la rue des Grands Meix auront l\u2019obligation de tourner \u00e0 droite pour rejoindre la d\u00e9viation ou circuler en direction de la commune de La B<\/span><span class=\"s3\">resse<\/span><span class=\"s3\">.<\/span><\/p>\n<p class=\"s7\">\n<p class=\"s4\"><span class=\"s2\">Les <\/span><span class=\"s2\">s<\/span><span class=\"s2\">tationnements seront interdits <\/span><span class=\"s2\">de 13h \u00e0 15h30<\/span><span class=\"s3\">, <\/span><span class=\"s3\">p<\/span><span class=\"s3\">assage P<\/span><span class=\"s3\">errin<\/span><span class=\"s3\">, <\/span><span class=\"s3\">R<\/span><span class=\"s3\">ue de la 3<\/span><span class=\"s9\">\u00e8me<\/span><span class=\"s3\"> DIA (du garage CITR<\/span><span class=\"s3\">O\u00cb<\/span><span class=\"s3\">N jusqu\u2019\u00e0 l\u2019\u00e9glise), sur l\u2019ensemble de la <\/span><span class=\"s3\">p<\/span><span class=\"s3\">lace de la <\/span><span class=\"s3\">Pranzi\u00e8re<\/span><span class=\"s3\"> et sur les acc<\/span><span class=\"s3\">o<\/span><span class=\"s3\">tements de la <\/span><span class=\"s3\">R<\/span><span class=\"s3\">ue des Grands Meix. <\/span><\/p>\n<p class=\"s4\"><span class=\"s3\">Une d\u00e9viation sera positionn\u00e9e \u00e0 l\u2019intersection <\/span><span class=\"s3\">R<\/span><span class=\"s3\">ue du <\/span><span class=\"s3\">Daval<\/span><span class=\"s3\">\/<\/span><span class=\"s3\">R<\/span><span class=\"s3\">ue de la 3<\/span><span class=\"s9\">\u00e8me<\/span><span class=\"s3\">DIA et \u00e0 l\u2019intersection <\/span><span class=\"s3\">R<\/span><span class=\"s3\">ue de la Gare\/Avenue de la Gare afin de contourner le d\u00e9fil<\/span><span class=\"s3\">\u00e9<\/span><span class=\"s3\"> du Carnaval.<\/span><\/p>\n","protected":false},"excerpt":{"rendered":"<p>Le dimanche 9 mars 2025, la circulation sera interdite sur les secteurs et horaires suivants \u00e0 l\u2019occasion du d\u00e9fil\u00e9 du [&hellip;]<\/p>\n","protected":false},"author":391,"featured_media":78236,"comment_status":"open","ping_status":"open","sticky":false,"template":"","format":"standard","meta":{"footnotes":""},"categories":[26,594,34],"tags":[79,7288,7378],"class_list":["post-79273","post","type-post","status-publish","format-standard","has-post-thumbnail","hentry","category-a-la-une","category-agenda","category-cornimont","tag-cornimont","tag-defile-de-carnaval","tag-informations-circulation"],"acf":[],"yoast_head":"<!-- This site is optimized with the Yoast SEO plugin v22.5 - https:\/\/yoast.com\/wordpress\/plugins\/seo\/ -->\n<title>Cornimont : Informations de circulation lors du d\u00e9fil\u00e9 de Carnaval - Remiremont Info<\/title>\n<meta name=\"robots\" content=\"index, follow, max-snippet:-1, max-image-preview:large, max-video-preview:-1\" \/>\n<link rel=\"canonical\" href=\"https:\/\/vosgesinfo.fr\/remiremontinfo\/?p=79273\" \/>\n<meta name=\"twitter:card\" content=\"summary_large_image\" \/>\n<meta name=\"twitter:title\" content=\"Cornimont : Informations de circulation lors du d\u00e9fil\u00e9 de Carnaval - Remiremont Info\" \/>\n<meta name=\"twitter:description\" content=\"Le dimanche 9 mars 2025, la circulation sera interdite sur les secteurs et horaires suivants \u00e0 l\u2019occasion du d\u00e9fil\u00e9 du [&hellip;]\" \/>\n<meta name=\"twitter:creator\" content=\"@VosgesInfo88\" \/>\n<meta name=\"twitter:site\" content=\"@VosgesInfo88\" \/>\n<meta name=\"twitter:label1\" content=\"\u00c9crit par\" \/>\n\t<meta name=\"twitter:data1\" content=\"La redaction\" \/>\n\t<meta name=\"twitter:label2\" content=\"Dur\u00e9e de lecture estim\u00e9e\" \/>\n\t<meta name=\"twitter:data2\" content=\"1 minute\" \/>\n<script type=\"application\/ld+json\" class=\"yoast-schema-graph\">{\"@context\":\"https:\/\/schema.org\",\"@graph\":[{\"@type\":\"Article\",\"@id\":\"https:\/\/vosgesinfo.fr\/remiremontinfo\/?p=79273#article\",\"isPartOf\":{\"@id\":\"https:\/\/vosgesinfo.fr\/remiremontinfo\/?p=79273\"},\"author\":{\"name\":\"La redaction\",\"@id\":\"https:\/\/vosgesinfo.fr\/remiremontinfo\/#\/schema\/person\/27a3695b06db98895b354c0765cdfc31\"},\"headline\":\"Cornimont : Informations de circulation lors du d\u00e9fil\u00e9 de Carnaval\",\"datePublished\":\"2025-03-07T08:33:59+00:00\",\"dateModified\":\"2025-03-07T08:33:59+00:00\",\"mainEntityOfPage\":{\"@id\":\"https:\/\/vosgesinfo.fr\/remiremontinfo\/?p=79273\"},\"wordCount\":266,\"commentCount\":0,\"publisher\":{\"@id\":\"https:\/\/vosgesinfo.fr\/remiremontinfo\/#organization\"},\"image\":{\"@id\":\"https:\/\/vosgesinfo.fr\/remiremontinfo\/?p=79273#primaryimage\"},\"thumbnailUrl\":\"https:\/\/vosgesinfo.fr\/app\/uploads\/sites\/5\/2025\/02\/mairie-de-cornimont-1-scaled.jpg\",\"keywords\":[\"cornimont\",\"D\u00e9fil\u00e9 de Carnaval\",\"Informations circulation\"],\"articleSection\":[\"A la Une\",\"Agenda\",\"Cornimont\"],\"inLanguage\":\"fr-FR\",\"potentialAction\":[{\"@type\":\"CommentAction\",\"name\":\"Comment\",\"target\":[\"https:\/\/vosgesinfo.fr\/remiremontinfo\/?p=79273#respond\"]}]},{\"@type\":\"WebPage\",\"@id\":\"https:\/\/vosgesinfo.fr\/remiremontinfo\/?p=79273\",\"url\":\"https:\/\/vosgesinfo.fr\/remiremontinfo\/?p=79273\",\"name\":\"Cornimont : Informations de circulation lors du d\u00e9fil\u00e9 de Carnaval - Remiremont Info\",\"isPartOf\":{\"@id\":\"https:\/\/vosgesinfo.fr\/remiremontinfo\/#website\"},\"primaryImageOfPage\":{\"@id\":\"https:\/\/vosgesinfo.fr\/remiremontinfo\/?p=79273#primaryimage\"},\"image\":{\"@id\":\"https:\/\/vosgesinfo.fr\/remiremontinfo\/?p=79273#primaryimage\"},\"thumbnailUrl\":\"https:\/\/vosgesinfo.fr\/app\/uploads\/sites\/5\/2025\/02\/mairie-de-cornimont-1-scaled.jpg\",\"datePublished\":\"2025-03-07T08:33:59+00:00\",\"dateModified\":\"2025-03-07T08:33:59+00:00\",\"breadcrumb\":{\"@id\":\"https:\/\/vosgesinfo.fr\/remiremontinfo\/?p=79273#breadcrumb\"},\"inLanguage\":\"fr-FR\",\"potentialAction\":[{\"@type\":\"ReadAction\",\"target\":[\"https:\/\/vosgesinfo.fr\/remiremontinfo\/?p=79273\"]}]},{\"@type\":\"ImageObject\",\"inLanguage\":\"fr-FR\",\"@id\":\"https:\/\/vosgesinfo.fr\/remiremontinfo\/?p=79273#primaryimage\",\"url\":\"https:\/\/vosgesinfo.fr\/app\/uploads\/sites\/5\/2025\/02\/mairie-de-cornimont-1-scaled.jpg\",\"contentUrl\":\"https:\/\/vosgesinfo.fr\/app\/uploads\/sites\/5\/2025\/02\/mairie-de-cornimont-1-scaled.jpg\",\"width\":2560,\"height\":1152},{\"@type\":\"BreadcrumbList\",\"@id\":\"https:\/\/vosgesinfo.fr\/remiremontinfo\/?p=79273#breadcrumb\",\"itemListElement\":[{\"@type\":\"ListItem\",\"position\":1,\"name\":\"Home\",\"item\":\"https:\/\/vosgesinfo.fr\/remiremontinfo\/\"},{\"@type\":\"ListItem\",\"position\":2,\"name\":\"Cornimont : Informations de circulation lors du d\u00e9fil\u00e9 de Carnaval\"}]},{\"@type\":\"WebSite\",\"@id\":\"https:\/\/vosgesinfo.fr\/remiremontinfo\/#website\",\"url\":\"https:\/\/vosgesinfo.fr\/remiremontinfo\/\",\"name\":\"Remiremont Info\",\"description\":\"Toute l&#039;actualit\u00e9 de Remiremont\",\"publisher\":{\"@id\":\"https:\/\/vosgesinfo.fr\/remiremontinfo\/#organization\"},\"alternateName\":\"Toute l'actualit\u00e9 de Remiremont\",\"potentialAction\":[{\"@type\":\"SearchAction\",\"target\":{\"@type\":\"EntryPoint\",\"urlTemplate\":\"https:\/\/vosgesinfo.fr\/remiremontinfo\/?s={search_term_string}\"},\"query-input\":\"required name=search_term_string\"}],\"inLanguage\":\"fr-FR\"},{\"@type\":\"Organization\",\"@id\":\"https:\/\/vosgesinfo.fr\/remiremontinfo\/#organization\",\"name\":\"Remiremont Info\",\"url\":\"https:\/\/vosgesinfo.fr\/remiremontinfo\/\",\"logo\":{\"@type\":\"ImageObject\",\"inLanguage\":\"fr-FR\",\"@id\":\"https:\/\/vosgesinfo.fr\/remiremontinfo\/#\/schema\/logo\/image\/\",\"url\":\"https:\/\/vosgesinfo.fr\/app\/uploads\/sites\/5\/2023\/08\/favicon-remiremontinfo.png\",\"contentUrl\":\"https:\/\/vosgesinfo.fr\/app\/uploads\/sites\/5\/2023\/08\/favicon-remiremontinfo.png\",\"width\":512,\"height\":512,\"caption\":\"Remiremont Info\"},\"image\":{\"@id\":\"https:\/\/vosgesinfo.fr\/remiremontinfo\/#\/schema\/logo\/image\/\"},\"sameAs\":[\"https:\/\/www.facebook.com\/remiremontinfo\",\"https:\/\/x.com\/VosgesInfo88\",\"https:\/\/www.youtube.com\/@vosgesinfo\"]},{\"@type\":\"Person\",\"@id\":\"https:\/\/vosgesinfo.fr\/remiremontinfo\/#\/schema\/person\/27a3695b06db98895b354c0765cdfc31\",\"name\":\"La redaction\",\"image\":{\"@type\":\"ImageObject\",\"inLanguage\":\"fr-FR\",\"@id\":\"https:\/\/vosgesinfo.fr\/remiremontinfo\/#\/schema\/person\/image\/\",\"url\":\"https:\/\/secure.gravatar.com\/avatar\/64c76a78e501cedee55736f43f332df901e1896ae9cd8fad269ae2236dd0e8b6?s=96&d=mm&r=g\",\"contentUrl\":\"https:\/\/secure.gravatar.com\/avatar\/64c76a78e501cedee55736f43f332df901e1896ae9cd8fad269ae2236dd0e8b6?s=96&d=mm&r=g\",\"caption\":\"La redaction\"},\"url\":\"https:\/\/vosgesinfo.fr\/remiremontinfo\/author\/la-redaction\/\"}]}<\/script>\n<!-- \/ Yoast SEO plugin. -->","yoast_head_json":{"title":"Cornimont : Informations de circulation lors du d\u00e9fil\u00e9 de Carnaval - Remiremont Info","robots":{"index":"index","follow":"follow","max-snippet":"max-snippet:-1","max-image-preview":"max-image-preview:large","max-video-preview":"max-video-preview:-1"},"canonical":"https:\/\/vosgesinfo.fr\/remiremontinfo\/?p=79273","twitter_card":"summary_large_image","twitter_title":"Cornimont : Informations de circulation lors du d\u00e9fil\u00e9 de Carnaval - Remiremont Info","twitter_description":"Le dimanche 9 mars 2025, la circulation sera interdite sur les secteurs et horaires suivants \u00e0 l\u2019occasion du d\u00e9fil\u00e9 du [&hellip;]","twitter_creator":"@VosgesInfo88","twitter_site":"@VosgesInfo88","twitter_misc":{"\u00c9crit par":"La redaction","Dur\u00e9e de lecture estim\u00e9e":"1 minute"},"schema":{"@context":"https:\/\/schema.org","@graph":[{"@type":"Article","@id":"https:\/\/vosgesinfo.fr\/remiremontinfo\/?p=79273#article","isPartOf":{"@id":"https:\/\/vosgesinfo.fr\/remiremontinfo\/?p=79273"},"author":{"name":"La redaction","@id":"https:\/\/vosgesinfo.fr\/remiremontinfo\/#\/schema\/person\/27a3695b06db98895b354c0765cdfc31"},"headline":"Cornimont : Informations de circulation lors du d\u00e9fil\u00e9 de Carnaval","datePublished":"2025-03-07T08:33:59+00:00","dateModified":"2025-03-07T08:33:59+00:00","mainEntityOfPage":{"@id":"https:\/\/vosgesinfo.fr\/remiremontinfo\/?p=79273"},"wordCount":266,"commentCount":0,"publisher":{"@id":"https:\/\/vosgesinfo.fr\/remiremontinfo\/#organization"},"image":{"@id":"https:\/\/vosgesinfo.fr\/remiremontinfo\/?p=79273#primaryimage"},"thumbnailUrl":"https:\/\/vosgesinfo.fr\/app\/uploads\/sites\/5\/2025\/02\/mairie-de-cornimont-1-scaled.jpg","keywords":["cornimont","D\u00e9fil\u00e9 de Carnaval","Informations circulation"],"articleSection":["A la Une","Agenda","Cornimont"],"inLanguage":"fr-FR","potentialAction":[{"@type":"CommentAction","name":"Comment","target":["https:\/\/vosgesinfo.fr\/remiremontinfo\/?p=79273#respond"]}]},{"@type":"WebPage","@id":"https:\/\/vosgesinfo.fr\/remiremontinfo\/?p=79273","url":"https:\/\/vosgesinfo.fr\/remiremontinfo\/?p=79273","name":"Cornimont : Informations de circulation lors du d\u00e9fil\u00e9 de Carnaval - Remiremont Info","isPartOf":{"@id":"https:\/\/vosgesinfo.fr\/remiremontinfo\/#website"},"primaryImageOfPage":{"@id":"https:\/\/vosgesinfo.fr\/remiremontinfo\/?p=79273#primaryimage"},"image":{"@id":"https:\/\/vosgesinfo.fr\/remiremontinfo\/?p=79273#primaryimage"},"thumbnailUrl":"https:\/\/vosgesinfo.fr\/app\/uploads\/sites\/5\/2025\/02\/mairie-de-cornimont-1-scaled.jpg","datePublished":"2025-03-07T08:33:59+00:00","dateModified":"2025-03-07T08:33:59+00:00","breadcrumb":{"@id":"https:\/\/vosgesinfo.fr\/remiremontinfo\/?p=79273#breadcrumb"},"inLanguage":"fr-FR","potentialAction":[{"@type":"ReadAction","target":["https:\/\/vosgesinfo.fr\/remiremontinfo\/?p=79273"]}]},{"@type":"ImageObject","inLanguage":"fr-FR","@id":"https:\/\/vosgesinfo.fr\/remiremontinfo\/?p=79273#primaryimage","url":"https:\/\/vosgesinfo.fr\/app\/uploads\/sites\/5\/2025\/02\/mairie-de-cornimont-1-scaled.jpg","contentUrl":"https:\/\/vosgesinfo.fr\/app\/uploads\/sites\/5\/2025\/02\/mairie-de-cornimont-1-scaled.jpg","width":2560,"height":1152},{"@type":"BreadcrumbList","@id":"https:\/\/vosgesinfo.fr\/remiremontinfo\/?p=79273#breadcrumb","itemListElement":[{"@type":"ListItem","position":1,"name":"Home","item":"https:\/\/vosgesinfo.fr\/remiremontinfo\/"},{"@type":"ListItem","position":2,"name":"Cornimont : Informations de circulation lors du d\u00e9fil\u00e9 de Carnaval"}]},{"@type":"WebSite","@id":"https:\/\/vosgesinfo.fr\/remiremontinfo\/#website","url":"https:\/\/vosgesinfo.fr\/remiremontinfo\/","name":"Remiremont Info","description":"Toute l&#039;actualit\u00e9 de Remiremont","publisher":{"@id":"https:\/\/vosgesinfo.fr\/remiremontinfo\/#organization"},"alternateName":"Toute l'actualit\u00e9 de Remiremont","potentialAction":[{"@type":"SearchAction","target":{"@type":"EntryPoint","urlTemplate":"https:\/\/vosgesinfo.fr\/remiremontinfo\/?s={search_term_string}"},"query-input":"required name=search_term_string"}],"inLanguage":"fr-FR"},{"@type":"Organization","@id":"https:\/\/vosgesinfo.fr\/remiremontinfo\/#organization","name":"Remiremont Info","url":"https:\/\/vosgesinfo.fr\/remiremontinfo\/","logo":{"@type":"ImageObject","inLanguage":"fr-FR","@id":"https:\/\/vosgesinfo.fr\/remiremontinfo\/#\/schema\/logo\/image\/","url":"https:\/\/vosgesinfo.fr\/app\/uploads\/sites\/5\/2023\/08\/favicon-remiremontinfo.png","contentUrl":"https:\/\/vosgesinfo.fr\/app\/uploads\/sites\/5\/2023\/08\/favicon-remiremontinfo.png","width":512,"height":512,"caption":"Remiremont Info"},"image":{"@id":"https:\/\/vosgesinfo.fr\/remiremontinfo\/#\/schema\/logo\/image\/"},"sameAs":["https:\/\/www.facebook.com\/remiremontinfo","https:\/\/x.com\/VosgesInfo88","https:\/\/www.youtube.com\/@vosgesinfo"]},{"@type":"Person","@id":"https:\/\/vosgesinfo.fr\/remiremontinfo\/#\/schema\/person\/27a3695b06db98895b354c0765cdfc31","name":"La redaction","image":{"@type":"ImageObject","inLanguage":"fr-FR","@id":"https:\/\/vosgesinfo.fr\/remiremontinfo\/#\/schema\/person\/image\/","url":"https:\/\/secure.gravatar.com\/avatar\/64c76a78e501cedee55736f43f332df901e1896ae9cd8fad269ae2236dd0e8b6?s=96&d=mm&r=g","contentUrl":"https:\/\/secure.gravatar.com\/avatar\/64c76a78e501cedee55736f43f332df901e1896ae9cd8fad269ae2236dd0e8b6?s=96&d=mm&r=g","caption":"La redaction"},"url":"https:\/\/vosgesinfo.fr\/remiremontinfo\/author\/la-redaction\/"}]}},"_links":{"self":[{"href":"https:\/\/vosgesinfo.fr\/remiremontinfo\/wp-json\/wp\/v2\/posts\/79273","targetHints":{"allow":["GET"]}}],"collection":[{"href":"https:\/\/vosgesinfo.fr\/remiremontinfo\/wp-json\/wp\/v2\/posts"}],"about":[{"href":"https:\/\/vosgesinfo.fr\/remiremontinfo\/wp-json\/wp\/v2\/types\/post"}],"author":[{"embeddable":true,"href":"https:\/\/vosgesinfo.fr\/remiremontinfo\/wp-json\/wp\/v2\/users\/391"}],"replies":[{"embeddable":true,"href":"https:\/\/vosgesinfo.fr\/remiremontinfo\/wp-json\/wp\/v2\/comments?post=79273"}],"version-history":[{"count":1,"href":"https:\/\/vosgesinfo.fr\/remiremontinfo\/wp-json\/wp\/v2\/posts\/79273\/revisions"}],"predecessor-version":[{"id":79274,"href":"https:\/\/vosgesinfo.fr\/remiremontinfo\/wp-json\/wp\/v2\/posts\/79273\/revisions\/79274"}],"wp:featuredmedia":[{"embeddable":true,"href":"https:\/\/vosgesinfo.fr\/remiremontinfo\/wp-json\/wp\/v2\/media\/78236"}],"wp:attachment":[{"href":"https:\/\/vosgesinfo.fr\/remiremontinfo\/wp-json\/wp\/v2\/media?parent=79273"}],"wp:term":[{"taxonomy":"category","embeddable":true,"href":"https:\/\/vosgesinfo.fr\/remiremontinfo\/wp-json\/wp\/v2\/categories?post=79273"},{"taxonomy":"post_tag","embeddable":true,"href":"https:\/\/vosgesinfo.fr\/remiremontinfo\/wp-json\/wp\/v2\/tags?post=79273"}],"curies":[{"name":"wp","href":"https:\/\/api.w.org\/{rel}","templated":true}]}}