{"id":79275,"date":"2025-03-07T10:06:53","date_gmt":"2025-03-07T09:06:53","guid":{"rendered":"https:\/\/vosgesinfo.fr\/remiremontinfo\/?p=79275"},"modified":"2025-03-07T10:06:53","modified_gmt":"2025-03-07T09:06:53","slug":"le-syndicat-des-decisions-majeures-pour-lenergie-et-lurbanisme","status":"publish","type":"post","link":"https:\/\/vosgesinfo.fr\/remiremontinfo\/2025\/03\/le-syndicat-des-decisions-majeures-pour-lenergie-et-lurbanisme\/","title":{"rendered":"Le Syndicat : des d\u00e9cisions majeures pour l\u2019\u00e9nergie et l\u2019urbanisme"},"content":{"rendered":"<p data-pm-slice=\"0 0 []\"><a href=\"https:\/\/vosgesinfo.fr\/app\/uploads\/sites\/5\/2024\/09\/201802le-syndicat-mairie-le-syndicat-15-1.jpg\"><img decoding=\"async\" class=\"aligncenter size-full wp-image-15940\" src=\"https:\/\/vosgesinfo.fr\/app\/uploads\/sites\/5\/2024\/09\/201802le-syndicat-mairie-le-syndicat-15-1.jpg\" alt=\"\" width=\"1290\" height=\"860\" srcset=\"https:\/\/vosgesinfo.fr\/app\/uploads\/sites\/5\/2024\/09\/201802le-syndicat-mairie-le-syndicat-15-1.jpg 1290w, https:\/\/vosgesinfo.fr\/app\/uploads\/sites\/5\/2024\/09\/201802le-syndicat-mairie-le-syndicat-15-1-300x200.jpg 300w, https:\/\/vosgesinfo.fr\/app\/uploads\/sites\/5\/2024\/09\/201802le-syndicat-mairie-le-syndicat-15-1-1024x683.jpg 1024w, https:\/\/vosgesinfo.fr\/app\/uploads\/sites\/5\/2024\/09\/201802le-syndicat-mairie-le-syndicat-15-1-768x512.jpg 768w\" sizes=\"(max-width: 1290px) 100vw, 1290px\" \/><\/a><\/p>\n<p data-pm-slice=\"0 0 []\"><strong>Lors du dernier conseil municipal de Le Syndicat, plusieurs d\u00e9cisions importantes ont \u00e9t\u00e9 prises \u00e0 l\u2019unanimit\u00e9. Entre engagement pour les \u00e9nergies renouvelables, r\u00e9organisation des demandes d\u2019urbanisme et gestion de la distribution \u00e9lectrique, la commune poursuit sa dynamique d\u2019optimisation et de d\u00e9veloppement durable.<\/strong><\/p>\n<h3>Un engagement en faveur de la transition \u00e9nerg\u00e9tique<\/h3>\n<p>La commune a officialis\u00e9 son adh\u00e9sion \u00e0 l\u2019association \u00ab\u00a0La Verte Pierre\u00a0\u00bb, une structure d\u00e9di\u00e9e \u00e0 la mise en place d\u2019un projet d\u2019autoconsommation collective sur le territoire du PETR de Remiremont et ses Vall\u00e9es. L\u2019objectif est clair : favoriser l\u2019utilisation des \u00e9nergies renouvelables, r\u00e9duire les \u00e9missions de gaz \u00e0 effet de serre et promouvoir des solutions \u00e9nerg\u00e9tiques plus durables.<\/p>\n<p>Pour marquer son soutien \u00e0 cette initiative, le conseil municipal a vot\u00e9 un cr\u00e9dit de 500 euros, correspondant \u00e0 la cotisation de la commune \u00e0 l\u2019association.<\/p>\n<h3>Une nouvelle organisation pour les demandes d\u2019urbanisme<\/h3>\n<p>Le conseil municipal a \u00e9galement d\u00e9cid\u00e9 de d\u00e9noncer\u00a0l\u2019instruction des dossiers d\u2019urbanisme. Jusqu\u2019\u00e0 pr\u00e9sent, cette t\u00e2che \u00e9tait assur\u00e9e par l\u2019Agence Technique D\u00e9partementale (ATD), un service externe facturant 150 \u20ac par dossier instruit, repr\u00e9sentant une d\u00e9pense de plus de 8 500 \u20ac en 2024.<\/p>\n<p>Dans une volont\u00e9 de r\u00e9duction des co\u00fbts et de mont\u00e9e en comp\u00e9tences internes, la commune a choisi de d\u00e9noncer cette convention, afin d\u2019assurer l\u2019instruction des demandes d\u2019urbanisme en interne. Cette r\u00e9organisation permettrait de r\u00e9aliser des \u00e9conomies tout en garantissant un service de proximit\u00e9 plus r\u00e9actif et efficace.<\/p>\n<h3>Des r\u00e9ductions de consommation \u00e9lectrique<\/h3>\n<p>Lors des points divers, Pascal Claude, maire de Le Syndicat, a indiqu\u00e9 que la consommation \u00e9lectrique des b\u00e2timents communaux et de l&rsquo;\u00e9clairage public a diminu\u00e9 consid\u00e9rablement entre 2022 et 2023. La consommation de l&rsquo;\u00e9clairage public a diminu\u00e9 de 50 %.<\/p>\n","protected":false},"excerpt":{"rendered":"<p>Lors du dernier conseil municipal de Le Syndicat, plusieurs d\u00e9cisions importantes ont \u00e9t\u00e9 prises \u00e0 l\u2019unanimit\u00e9. Entre engagement pour les [&hellip;]<\/p>\n","protected":false},"author":418,"featured_media":12750,"comment_status":"open","ping_status":"open","sticky":false,"template":"","format":"standard","meta":{"footnotes":""},"categories":[26,2,1579],"tags":[581,1205],"class_list":["post-79275","post","type-post","status-publish","format-standard","has-post-thumbnail","hentry","category-a-la-une","category-annonces-legales","category-le-syndicat-la-bresse-son-canton","tag-conseil-municipal","tag-le-syndicat"],"acf":[],"yoast_head":"<!-- This site is optimized with the Yoast SEO plugin v22.5 - https:\/\/yoast.com\/wordpress\/plugins\/seo\/ -->\n<title>Le Syndicat : des d\u00e9cisions majeures pour l\u2019\u00e9nergie et l\u2019urbanisme - Remiremont Info<\/title>\n<meta name=\"robots\" content=\"index, follow, max-snippet:-1, max-image-preview:large, max-video-preview:-1\" \/>\n<link rel=\"canonical\" href=\"https:\/\/vosgesinfo.fr\/remiremontinfo\/?p=79275\" \/>\n<meta name=\"twitter:card\" content=\"summary_large_image\" \/>\n<meta name=\"twitter:title\" content=\"Le Syndicat : des d\u00e9cisions majeures pour l\u2019\u00e9nergie et l\u2019urbanisme - Remiremont Info\" \/>\n<meta name=\"twitter:description\" content=\"Lors du dernier conseil municipal de Le Syndicat, plusieurs d\u00e9cisions importantes ont \u00e9t\u00e9 prises \u00e0 l\u2019unanimit\u00e9. Entre engagement pour les [&hellip;]\" \/>\n<meta name=\"twitter:image\" content=\"https:\/\/vosgesinfo.fr\/app\/uploads\/sites\/5\/2024\/09\/201802le-syndicat-mairie-le-syndicat-15-1.jpg\" \/>\n<meta name=\"twitter:creator\" content=\"@VosgesInfo88\" \/>\n<meta name=\"twitter:site\" content=\"@VosgesInfo88\" \/>\n<meta name=\"twitter:label1\" content=\"\u00c9crit par\" \/>\n\t<meta name=\"twitter:data1\" content=\"C.M\" \/>\n\t<meta name=\"twitter:label2\" content=\"Dur\u00e9e de lecture estim\u00e9e\" \/>\n\t<meta name=\"twitter:data2\" content=\"2 minutes\" \/>\n<script type=\"application\/ld+json\" class=\"yoast-schema-graph\">{\"@context\":\"https:\/\/schema.org\",\"@graph\":[{\"@type\":\"Article\",\"@id\":\"https:\/\/vosgesinfo.fr\/remiremontinfo\/?p=79275#article\",\"isPartOf\":{\"@id\":\"https:\/\/vosgesinfo.fr\/remiremontinfo\/?p=79275\"},\"author\":{\"name\":\"C.M\",\"@id\":\"https:\/\/vosgesinfo.fr\/remiremontinfo\/#\/schema\/person\/4f38cd3068e342935b7304695c797d08\"},\"headline\":\"Le Syndicat : des d\u00e9cisions majeures pour l\u2019\u00e9nergie et l\u2019urbanisme\",\"datePublished\":\"2025-03-07T09:06:53+00:00\",\"dateModified\":\"2025-03-07T09:06:53+00:00\",\"mainEntityOfPage\":{\"@id\":\"https:\/\/vosgesinfo.fr\/remiremontinfo\/?p=79275\"},\"wordCount\":317,\"commentCount\":0,\"publisher\":{\"@id\":\"https:\/\/vosgesinfo.fr\/remiremontinfo\/#organization\"},\"image\":{\"@id\":\"https:\/\/vosgesinfo.fr\/remiremontinfo\/?p=79275#primaryimage\"},\"thumbnailUrl\":\"https:\/\/vosgesinfo.fr\/app\/uploads\/sites\/5\/2024\/09\/201802le-syndicat-mairie-le-syndicat-15.jpg\",\"keywords\":[\"conseil municipal\",\"Le Syndicat\"],\"articleSection\":[\"A la Une\",\"Annonces L\u00e9gales\",\"Le Syndicat\"],\"inLanguage\":\"fr-FR\",\"potentialAction\":[{\"@type\":\"CommentAction\",\"name\":\"Comment\",\"target\":[\"https:\/\/vosgesinfo.fr\/remiremontinfo\/?p=79275#respond\"]}]},{\"@type\":\"WebPage\",\"@id\":\"https:\/\/vosgesinfo.fr\/remiremontinfo\/?p=79275\",\"url\":\"https:\/\/vosgesinfo.fr\/remiremontinfo\/?p=79275\",\"name\":\"Le Syndicat : des d\u00e9cisions majeures pour l\u2019\u00e9nergie et l\u2019urbanisme - Remiremont Info\",\"isPartOf\":{\"@id\":\"https:\/\/vosgesinfo.fr\/remiremontinfo\/#website\"},\"primaryImageOfPage\":{\"@id\":\"https:\/\/vosgesinfo.fr\/remiremontinfo\/?p=79275#primaryimage\"},\"image\":{\"@id\":\"https:\/\/vosgesinfo.fr\/remiremontinfo\/?p=79275#primaryimage\"},\"thumbnailUrl\":\"https:\/\/vosgesinfo.fr\/app\/uploads\/sites\/5\/2024\/09\/201802le-syndicat-mairie-le-syndicat-15.jpg\",\"datePublished\":\"2025-03-07T09:06:53+00:00\",\"dateModified\":\"2025-03-07T09:06:53+00:00\",\"breadcrumb\":{\"@id\":\"https:\/\/vosgesinfo.fr\/remiremontinfo\/?p=79275#breadcrumb\"},\"inLanguage\":\"fr-FR\",\"potentialAction\":[{\"@type\":\"ReadAction\",\"target\":[\"https:\/\/vosgesinfo.fr\/remiremontinfo\/?p=79275\"]}]},{\"@type\":\"ImageObject\",\"inLanguage\":\"fr-FR\",\"@id\":\"https:\/\/vosgesinfo.fr\/remiremontinfo\/?p=79275#primaryimage\",\"url\":\"https:\/\/vosgesinfo.fr\/app\/uploads\/sites\/5\/2024\/09\/201802le-syndicat-mairie-le-syndicat-15.jpg\",\"contentUrl\":\"https:\/\/vosgesinfo.fr\/app\/uploads\/sites\/5\/2024\/09\/201802le-syndicat-mairie-le-syndicat-15.jpg\",\"width\":1290,\"height\":860},{\"@type\":\"BreadcrumbList\",\"@id\":\"https:\/\/vosgesinfo.fr\/remiremontinfo\/?p=79275#breadcrumb\",\"itemListElement\":[{\"@type\":\"ListItem\",\"position\":1,\"name\":\"Home\",\"item\":\"https:\/\/vosgesinfo.fr\/remiremontinfo\/\"},{\"@type\":\"ListItem\",\"position\":2,\"name\":\"Le Syndicat : des d\u00e9cisions majeures pour l\u2019\u00e9nergie et l\u2019urbanisme\"}]},{\"@type\":\"WebSite\",\"@id\":\"https:\/\/vosgesinfo.fr\/remiremontinfo\/#website\",\"url\":\"https:\/\/vosgesinfo.fr\/remiremontinfo\/\",\"name\":\"Remiremont Info\",\"description\":\"Toute l&#039;actualit\u00e9 de Remiremont\",\"publisher\":{\"@id\":\"https:\/\/vosgesinfo.fr\/remiremontinfo\/#organization\"},\"alternateName\":\"Toute l'actualit\u00e9 de Remiremont\",\"potentialAction\":[{\"@type\":\"SearchAction\",\"target\":{\"@type\":\"EntryPoint\",\"urlTemplate\":\"https:\/\/vosgesinfo.fr\/remiremontinfo\/?s={search_term_string}\"},\"query-input\":\"required name=search_term_string\"}],\"inLanguage\":\"fr-FR\"},{\"@type\":\"Organization\",\"@id\":\"https:\/\/vosgesinfo.fr\/remiremontinfo\/#organization\",\"name\":\"Remiremont Info\",\"url\":\"https:\/\/vosgesinfo.fr\/remiremontinfo\/\",\"logo\":{\"@type\":\"ImageObject\",\"inLanguage\":\"fr-FR\",\"@id\":\"https:\/\/vosgesinfo.fr\/remiremontinfo\/#\/schema\/logo\/image\/\",\"url\":\"https:\/\/vosgesinfo.fr\/app\/uploads\/sites\/5\/2023\/08\/favicon-remiremontinfo.png\",\"contentUrl\":\"https:\/\/vosgesinfo.fr\/app\/uploads\/sites\/5\/2023\/08\/favicon-remiremontinfo.png\",\"width\":512,\"height\":512,\"caption\":\"Remiremont Info\"},\"image\":{\"@id\":\"https:\/\/vosgesinfo.fr\/remiremontinfo\/#\/schema\/logo\/image\/\"},\"sameAs\":[\"https:\/\/www.facebook.com\/remiremontinfo\",\"https:\/\/x.com\/VosgesInfo88\",\"https:\/\/www.youtube.com\/@vosgesinfo\"]},{\"@type\":\"Person\",\"@id\":\"https:\/\/vosgesinfo.fr\/remiremontinfo\/#\/schema\/person\/4f38cd3068e342935b7304695c797d08\",\"name\":\"C.M\",\"image\":{\"@type\":\"ImageObject\",\"inLanguage\":\"fr-FR\",\"@id\":\"https:\/\/vosgesinfo.fr\/remiremontinfo\/#\/schema\/person\/image\/\",\"url\":\"https:\/\/secure.gravatar.com\/avatar\/fe9daaef0164d920717484172682f3c5c9bcf7d42aa8c7048c76c34f0eb6c8da?s=96&d=mm&r=g\",\"contentUrl\":\"https:\/\/secure.gravatar.com\/avatar\/fe9daaef0164d920717484172682f3c5c9bcf7d42aa8c7048c76c34f0eb6c8da?s=96&d=mm&r=g\",\"caption\":\"C.M\"},\"url\":\"https:\/\/vosgesinfo.fr\/remiremontinfo\/author\/cm88200\/\"}]}<\/script>\n<!-- \/ Yoast SEO plugin. -->","yoast_head_json":{"title":"Le Syndicat : des d\u00e9cisions majeures pour l\u2019\u00e9nergie et l\u2019urbanisme - Remiremont Info","robots":{"index":"index","follow":"follow","max-snippet":"max-snippet:-1","max-image-preview":"max-image-preview:large","max-video-preview":"max-video-preview:-1"},"canonical":"https:\/\/vosgesinfo.fr\/remiremontinfo\/?p=79275","twitter_card":"summary_large_image","twitter_title":"Le Syndicat : des d\u00e9cisions majeures pour l\u2019\u00e9nergie et l\u2019urbanisme - Remiremont Info","twitter_description":"Lors du dernier conseil municipal de Le Syndicat, plusieurs d\u00e9cisions importantes ont \u00e9t\u00e9 prises \u00e0 l\u2019unanimit\u00e9. Entre engagement pour les [&hellip;]","twitter_image":"https:\/\/vosgesinfo.fr\/app\/uploads\/sites\/5\/2024\/09\/201802le-syndicat-mairie-le-syndicat-15-1.jpg","twitter_creator":"@VosgesInfo88","twitter_site":"@VosgesInfo88","twitter_misc":{"\u00c9crit par":"C.M","Dur\u00e9e de lecture estim\u00e9e":"2 minutes"},"schema":{"@context":"https:\/\/schema.org","@graph":[{"@type":"Article","@id":"https:\/\/vosgesinfo.fr\/remiremontinfo\/?p=79275#article","isPartOf":{"@id":"https:\/\/vosgesinfo.fr\/remiremontinfo\/?p=79275"},"author":{"name":"C.M","@id":"https:\/\/vosgesinfo.fr\/remiremontinfo\/#\/schema\/person\/4f38cd3068e342935b7304695c797d08"},"headline":"Le Syndicat : des d\u00e9cisions majeures pour l\u2019\u00e9nergie et l\u2019urbanisme","datePublished":"2025-03-07T09:06:53+00:00","dateModified":"2025-03-07T09:06:53+00:00","mainEntityOfPage":{"@id":"https:\/\/vosgesinfo.fr\/remiremontinfo\/?p=79275"},"wordCount":317,"commentCount":0,"publisher":{"@id":"https:\/\/vosgesinfo.fr\/remiremontinfo\/#organization"},"image":{"@id":"https:\/\/vosgesinfo.fr\/remiremontinfo\/?p=79275#primaryimage"},"thumbnailUrl":"https:\/\/vosgesinfo.fr\/app\/uploads\/sites\/5\/2024\/09\/201802le-syndicat-mairie-le-syndicat-15.jpg","keywords":["conseil municipal","Le Syndicat"],"articleSection":["A la Une","Annonces L\u00e9gales","Le Syndicat"],"inLanguage":"fr-FR","potentialAction":[{"@type":"CommentAction","name":"Comment","target":["https:\/\/vosgesinfo.fr\/remiremontinfo\/?p=79275#respond"]}]},{"@type":"WebPage","@id":"https:\/\/vosgesinfo.fr\/remiremontinfo\/?p=79275","url":"https:\/\/vosgesinfo.fr\/remiremontinfo\/?p=79275","name":"Le Syndicat : des d\u00e9cisions majeures pour l\u2019\u00e9nergie et l\u2019urbanisme - Remiremont Info","isPartOf":{"@id":"https:\/\/vosgesinfo.fr\/remiremontinfo\/#website"},"primaryImageOfPage":{"@id":"https:\/\/vosgesinfo.fr\/remiremontinfo\/?p=79275#primaryimage"},"image":{"@id":"https:\/\/vosgesinfo.fr\/remiremontinfo\/?p=79275#primaryimage"},"thumbnailUrl":"https:\/\/vosgesinfo.fr\/app\/uploads\/sites\/5\/2024\/09\/201802le-syndicat-mairie-le-syndicat-15.jpg","datePublished":"2025-03-07T09:06:53+00:00","dateModified":"2025-03-07T09:06:53+00:00","breadcrumb":{"@id":"https:\/\/vosgesinfo.fr\/remiremontinfo\/?p=79275#breadcrumb"},"inLanguage":"fr-FR","potentialAction":[{"@type":"ReadAction","target":["https:\/\/vosgesinfo.fr\/remiremontinfo\/?p=79275"]}]},{"@type":"ImageObject","inLanguage":"fr-FR","@id":"https:\/\/vosgesinfo.fr\/remiremontinfo\/?p=79275#primaryimage","url":"https:\/\/vosgesinfo.fr\/app\/uploads\/sites\/5\/2024\/09\/201802le-syndicat-mairie-le-syndicat-15.jpg","contentUrl":"https:\/\/vosgesinfo.fr\/app\/uploads\/sites\/5\/2024\/09\/201802le-syndicat-mairie-le-syndicat-15.jpg","width":1290,"height":860},{"@type":"BreadcrumbList","@id":"https:\/\/vosgesinfo.fr\/remiremontinfo\/?p=79275#breadcrumb","itemListElement":[{"@type":"ListItem","position":1,"name":"Home","item":"https:\/\/vosgesinfo.fr\/remiremontinfo\/"},{"@type":"ListItem","position":2,"name":"Le Syndicat : des d\u00e9cisions majeures pour l\u2019\u00e9nergie et l\u2019urbanisme"}]},{"@type":"WebSite","@id":"https:\/\/vosgesinfo.fr\/remiremontinfo\/#website","url":"https:\/\/vosgesinfo.fr\/remiremontinfo\/","name":"Remiremont Info","description":"Toute l&#039;actualit\u00e9 de Remiremont","publisher":{"@id":"https:\/\/vosgesinfo.fr\/remiremontinfo\/#organization"},"alternateName":"Toute l'actualit\u00e9 de Remiremont","potentialAction":[{"@type":"SearchAction","target":{"@type":"EntryPoint","urlTemplate":"https:\/\/vosgesinfo.fr\/remiremontinfo\/?s={search_term_string}"},"query-input":"required name=search_term_string"}],"inLanguage":"fr-FR"},{"@type":"Organization","@id":"https:\/\/vosgesinfo.fr\/remiremontinfo\/#organization","name":"Remiremont Info","url":"https:\/\/vosgesinfo.fr\/remiremontinfo\/","logo":{"@type":"ImageObject","inLanguage":"fr-FR","@id":"https:\/\/vosgesinfo.fr\/remiremontinfo\/#\/schema\/logo\/image\/","url":"https:\/\/vosgesinfo.fr\/app\/uploads\/sites\/5\/2023\/08\/favicon-remiremontinfo.png","contentUrl":"https:\/\/vosgesinfo.fr\/app\/uploads\/sites\/5\/2023\/08\/favicon-remiremontinfo.png","width":512,"height":512,"caption":"Remiremont Info"},"image":{"@id":"https:\/\/vosgesinfo.fr\/remiremontinfo\/#\/schema\/logo\/image\/"},"sameAs":["https:\/\/www.facebook.com\/remiremontinfo","https:\/\/x.com\/VosgesInfo88","https:\/\/www.youtube.com\/@vosgesinfo"]},{"@type":"Person","@id":"https:\/\/vosgesinfo.fr\/remiremontinfo\/#\/schema\/person\/4f38cd3068e342935b7304695c797d08","name":"C.M","image":{"@type":"ImageObject","inLanguage":"fr-FR","@id":"https:\/\/vosgesinfo.fr\/remiremontinfo\/#\/schema\/person\/image\/","url":"https:\/\/secure.gravatar.com\/avatar\/fe9daaef0164d920717484172682f3c5c9bcf7d42aa8c7048c76c34f0eb6c8da?s=96&d=mm&r=g","contentUrl":"https:\/\/secure.gravatar.com\/avatar\/fe9daaef0164d920717484172682f3c5c9bcf7d42aa8c7048c76c34f0eb6c8da?s=96&d=mm&r=g","caption":"C.M"},"url":"https:\/\/vosgesinfo.fr\/remiremontinfo\/author\/cm88200\/"}]}},"_links":{"self":[{"href":"https:\/\/vosgesinfo.fr\/remiremontinfo\/wp-json\/wp\/v2\/posts\/79275","targetHints":{"allow":["GET"]}}],"collection":[{"href":"https:\/\/vosgesinfo.fr\/remiremontinfo\/wp-json\/wp\/v2\/posts"}],"about":[{"href":"https:\/\/vosgesinfo.fr\/remiremontinfo\/wp-json\/wp\/v2\/types\/post"}],"author":[{"embeddable":true,"href":"https:\/\/vosgesinfo.fr\/remiremontinfo\/wp-json\/wp\/v2\/users\/418"}],"replies":[{"embeddable":true,"href":"https:\/\/vosgesinfo.fr\/remiremontinfo\/wp-json\/wp\/v2\/comments?post=79275"}],"version-history":[{"count":1,"href":"https:\/\/vosgesinfo.fr\/remiremontinfo\/wp-json\/wp\/v2\/posts\/79275\/revisions"}],"predecessor-version":[{"id":79276,"href":"https:\/\/vosgesinfo.fr\/remiremontinfo\/wp-json\/wp\/v2\/posts\/79275\/revisions\/79276"}],"wp:featuredmedia":[{"embeddable":true,"href":"https:\/\/vosgesinfo.fr\/remiremontinfo\/wp-json\/wp\/v2\/media\/12750"}],"wp:attachment":[{"href":"https:\/\/vosgesinfo.fr\/remiremontinfo\/wp-json\/wp\/v2\/media?parent=79275"}],"wp:term":[{"taxonomy":"category","embeddable":true,"href":"https:\/\/vosgesinfo.fr\/remiremontinfo\/wp-json\/wp\/v2\/categories?post=79275"},{"taxonomy":"post_tag","embeddable":true,"href":"https:\/\/vosgesinfo.fr\/remiremontinfo\/wp-json\/wp\/v2\/tags?post=79275"}],"curies":[{"name":"wp","href":"https:\/\/api.w.org\/{rel}","templated":true}]}}