{"id":79277,"date":"2025-03-07T10:23:09","date_gmt":"2025-03-07T09:23:09","guid":{"rendered":"https:\/\/vosgesinfo.fr\/remiremontinfo\/?p=79277"},"modified":"2025-03-07T10:23:09","modified_gmt":"2025-03-07T09:23:09","slug":"solidarite-a-saint-maurice-sur-moselle-le-concert-prevu-par-le-calice-maintenu-malgre-lincendie","status":"publish","type":"post","link":"https:\/\/vosgesinfo.fr\/remiremontinfo\/2025\/03\/solidarite-a-saint-maurice-sur-moselle-le-concert-prevu-par-le-calice-maintenu-malgre-lincendie\/","title":{"rendered":"Solidarit\u00e9 \u00e0 Saint-Maurice-sur-Moselle : le concert pr\u00e9vu par Le Calice maintenu malgr\u00e9 l\u2019incendie"},"content":{"rendered":"<div id=\"attachment_79278\" style=\"width: 2058px\" class=\"wp-caption aligncenter\"><a href=\"https:\/\/vosgesinfo.fr\/app\/uploads\/sites\/5\/2025\/03\/le-calice-.jpg\"><img decoding=\"async\" aria-describedby=\"caption-attachment-79278\" class=\"size-full wp-image-79278\" src=\"https:\/\/vosgesinfo.fr\/app\/uploads\/sites\/5\/2025\/03\/le-calice-.jpg\" alt=\"\" width=\"2048\" height=\"2048\" srcset=\"https:\/\/vosgesinfo.fr\/app\/uploads\/sites\/5\/2025\/03\/le-calice-.jpg 2048w, https:\/\/vosgesinfo.fr\/app\/uploads\/sites\/5\/2025\/03\/le-calice--300x300.jpg 300w, https:\/\/vosgesinfo.fr\/app\/uploads\/sites\/5\/2025\/03\/le-calice--1024x1024.jpg 1024w, https:\/\/vosgesinfo.fr\/app\/uploads\/sites\/5\/2025\/03\/le-calice--150x150.jpg 150w, https:\/\/vosgesinfo.fr\/app\/uploads\/sites\/5\/2025\/03\/le-calice--768x768.jpg 768w, https:\/\/vosgesinfo.fr\/app\/uploads\/sites\/5\/2025\/03\/le-calice--1536x1536.jpg 1536w\" sizes=\"(max-width: 2048px) 100vw, 2048px\" \/><\/a><p id=\"caption-attachment-79278\" class=\"wp-caption-text\">Photographie : Mairie de Saint-Maurice-sur-Moselle.<\/p><\/div>\n<p data-start=\"96\" data-end=\"423\"><strong>Un bel \u00e9lan de solidarit\u00e9 s\u2019est rapidement mis en place apr\u00e8s l\u2019incendie du Bar Le Calice, survenu dans la nuit de lundi \u00e0 mardi. Malgr\u00e9 ce drame, le concert pr\u00e9vu ce vendredi soir aura bien lieu, gr\u00e2ce \u00e0 la mobilisation du comit\u00e9 des f\u00eates La Fourmili\u00e8re et au soutien de la Mairie de Saint-Maurice-sur-Moselle.<\/strong><\/p>\n<h3 data-start=\"425\" data-end=\"475\">Un concert maintenu en soutien au Calice<\/h3>\n<p data-start=\"476\" data-end=\"879\">Initialement programm\u00e9 dans l\u2019\u00e9tablissement sinistr\u00e9, le concert r\u00e9unissant Hyst\u00e9rie Collective et FIASKRO se d\u00e9roulera finalement dans la salle multi-activit\u00e9s de la commune, d\u00e8s 19 h ce vendredi. Une d\u00e9cision forte, port\u00e9e par La Fourmili\u00e8re, qui a tenu \u00e0 soutenir les propri\u00e9taires, leur \u00e9quipe et les habitu\u00e9s du bar en maintenant cet \u00e9v\u00e9nement festif malgr\u00e9 les circonstances.<\/p>\n<p data-start=\"881\" data-end=\"1180\">Sur ses r\u00e9seaux sociaux, l\u2019association a exprim\u00e9 sa motivation : <em data-start=\"948\" data-end=\"1178\">\u00ab\u00a0Cela nous tient \u00e0 c\u0153ur d\u2019offrir ce moment \u00e0 nos tenanciers pr\u00e9f\u00e9r\u00e9s Thibaut, B\u00e9n\u00e9, sa team Calice et \u00e0 tous les habitu\u00e9s ! Un grand merci \u00e0 la Mairie de Saint-Maurice-sur-Moselle pour sa r\u00e9activit\u00e9 et son soutien sans faille !\u00a0\u00bb<\/em><\/p>\n<h3 data-start=\"1182\" data-end=\"1219\">Un geste fort de solidarit\u00e9<\/h3>\n<p data-start=\"1220\" data-end=\"1533\">Alors que le Calice repr\u00e9sentait un lieu de convivialit\u00e9 incontournable, cet incendie a profond\u00e9ment touch\u00e9 la communaut\u00e9 locale. Le maintien du concert t\u00e9moigne d\u2019un v\u00e9ritable soutien collectif, montrant que l\u2019esprit festif et solidaire de l\u2019\u00e9tablissement continue de vivre, m\u00eame en dehors de ses murs.<\/p>\n<p data-start=\"1535\" data-end=\"1690\" data-is-last-node=\"\" data-is-only-node=\"\">Le rendez-vous est donc pris pour vendredi soir \u00e0 19 h, afin de partager un moment de musique et de solidarit\u00e9 en hommage \u00e0 ce lieu cher aux habitants.<\/p>\n<div id=\"attachment_79279\" style=\"width: 1458px\" class=\"wp-caption aligncenter\"><a href=\"https:\/\/vosgesinfo.fr\/app\/uploads\/sites\/5\/2025\/03\/481663325-1181846353950818-2811730117067290253-n.jpg\"><img decoding=\"async\" aria-describedby=\"caption-attachment-79279\" class=\"size-full wp-image-79279\" src=\"https:\/\/vosgesinfo.fr\/app\/uploads\/sites\/5\/2025\/03\/481663325-1181846353950818-2811730117067290253-n.jpg\" alt=\"\" width=\"1448\" height=\"2048\" srcset=\"https:\/\/vosgesinfo.fr\/app\/uploads\/sites\/5\/2025\/03\/481663325-1181846353950818-2811730117067290253-n.jpg 1448w, https:\/\/vosgesinfo.fr\/app\/uploads\/sites\/5\/2025\/03\/481663325-1181846353950818-2811730117067290253-n-212x300.jpg 212w, https:\/\/vosgesinfo.fr\/app\/uploads\/sites\/5\/2025\/03\/481663325-1181846353950818-2811730117067290253-n-724x1024.jpg 724w, https:\/\/vosgesinfo.fr\/app\/uploads\/sites\/5\/2025\/03\/481663325-1181846353950818-2811730117067290253-n-768x1086.jpg 768w, https:\/\/vosgesinfo.fr\/app\/uploads\/sites\/5\/2025\/03\/481663325-1181846353950818-2811730117067290253-n-1086x1536.jpg 1086w\" sizes=\"(max-width: 1448px) 100vw, 1448px\" \/><\/a><p id=\"caption-attachment-79279\" class=\"wp-caption-text\">L&rsquo;affiche initiale de l&rsquo;\u00e9v\u00e8nement, d\u00e9plac\u00e9 \u00e0 la salle multi-activit\u00e9s.<\/p><\/div>\n","protected":false},"excerpt":{"rendered":"<p>Un bel \u00e9lan de solidarit\u00e9 s\u2019est rapidement mis en place apr\u00e8s l\u2019incendie du Bar Le Calice, survenu dans la nuit [&hellip;]<\/p>\n","protected":false},"author":418,"featured_media":79278,"comment_status":"open","ping_status":"open","sticky":false,"template":"","format":"standard","meta":{"footnotes":""},"categories":[26,594,39,60],"tags":[6310,7379,354],"class_list":["post-79277","post","type-post","status-publish","format-standard","has-post-thumbnail","hentry","category-a-la-une","category-agenda","category-saint-maurice-moselle","category-solidarite","tag-comite-des-fetes-la-fourmiliere","tag-le-calice","tag-saint-maurice-sur-moselle"],"acf":[],"yoast_head":"<!-- This site is optimized with the Yoast SEO plugin v22.5 - https:\/\/yoast.com\/wordpress\/plugins\/seo\/ -->\n<title>Solidarit\u00e9 \u00e0 Saint-Maurice-sur-Moselle : le concert pr\u00e9vu par Le Calice maintenu malgr\u00e9 l\u2019incendie - Remiremont Info<\/title>\n<meta name=\"robots\" content=\"index, follow, max-snippet:-1, max-image-preview:large, max-video-preview:-1\" \/>\n<link rel=\"canonical\" href=\"https:\/\/vosgesinfo.fr\/remiremontinfo\/?p=79277\" \/>\n<meta name=\"twitter:card\" content=\"summary_large_image\" \/>\n<meta name=\"twitter:title\" content=\"Solidarit\u00e9 \u00e0 Saint-Maurice-sur-Moselle : le concert pr\u00e9vu par Le Calice maintenu malgr\u00e9 l\u2019incendie - Remiremont Info\" \/>\n<meta name=\"twitter:description\" content=\"Un bel \u00e9lan de solidarit\u00e9 s\u2019est rapidement mis en place apr\u00e8s l\u2019incendie du Bar Le Calice, survenu dans la nuit [&hellip;]\" \/>\n<meta name=\"twitter:image\" content=\"https:\/\/vosgesinfo.fr\/app\/uploads\/sites\/5\/2025\/03\/le-calice-.jpg\" \/>\n<meta name=\"twitter:creator\" content=\"@VosgesInfo88\" \/>\n<meta name=\"twitter:site\" content=\"@VosgesInfo88\" \/>\n<meta name=\"twitter:label1\" content=\"\u00c9crit par\" \/>\n\t<meta name=\"twitter:data1\" content=\"C.M\" \/>\n\t<meta name=\"twitter:label2\" content=\"Dur\u00e9e de lecture estim\u00e9e\" \/>\n\t<meta name=\"twitter:data2\" content=\"1 minute\" \/>\n<script type=\"application\/ld+json\" class=\"yoast-schema-graph\">{\"@context\":\"https:\/\/schema.org\",\"@graph\":[{\"@type\":\"Article\",\"@id\":\"https:\/\/vosgesinfo.fr\/remiremontinfo\/?p=79277#article\",\"isPartOf\":{\"@id\":\"https:\/\/vosgesinfo.fr\/remiremontinfo\/?p=79277\"},\"author\":{\"name\":\"C.M\",\"@id\":\"https:\/\/vosgesinfo.fr\/remiremontinfo\/#\/schema\/person\/4f38cd3068e342935b7304695c797d08\"},\"headline\":\"Solidarit\u00e9 \u00e0 Saint-Maurice-sur-Moselle : le concert pr\u00e9vu par Le Calice maintenu malgr\u00e9 l\u2019incendie\",\"datePublished\":\"2025-03-07T09:23:09+00:00\",\"dateModified\":\"2025-03-07T09:23:09+00:00\",\"mainEntityOfPage\":{\"@id\":\"https:\/\/vosgesinfo.fr\/remiremontinfo\/?p=79277\"},\"wordCount\":312,\"commentCount\":0,\"publisher\":{\"@id\":\"https:\/\/vosgesinfo.fr\/remiremontinfo\/#organization\"},\"image\":{\"@id\":\"https:\/\/vosgesinfo.fr\/remiremontinfo\/?p=79277#primaryimage\"},\"thumbnailUrl\":\"https:\/\/vosgesinfo.fr\/app\/uploads\/sites\/5\/2025\/03\/le-calice-.jpg\",\"keywords\":[\"Comit\u00e9 des f\u00eates La Fourmili\u00e8re\",\"Le Calice\",\"saint-maurice-sur-moselle\"],\"articleSection\":[\"A la Une\",\"Agenda\",\"Saint-Maurice\/Moselle\",\"Solidarit\u00e9\"],\"inLanguage\":\"fr-FR\",\"potentialAction\":[{\"@type\":\"CommentAction\",\"name\":\"Comment\",\"target\":[\"https:\/\/vosgesinfo.fr\/remiremontinfo\/?p=79277#respond\"]}]},{\"@type\":\"WebPage\",\"@id\":\"https:\/\/vosgesinfo.fr\/remiremontinfo\/?p=79277\",\"url\":\"https:\/\/vosgesinfo.fr\/remiremontinfo\/?p=79277\",\"name\":\"Solidarit\u00e9 \u00e0 Saint-Maurice-sur-Moselle : le concert pr\u00e9vu par Le Calice maintenu malgr\u00e9 l\u2019incendie - Remiremont Info\",\"isPartOf\":{\"@id\":\"https:\/\/vosgesinfo.fr\/remiremontinfo\/#website\"},\"primaryImageOfPage\":{\"@id\":\"https:\/\/vosgesinfo.fr\/remiremontinfo\/?p=79277#primaryimage\"},\"image\":{\"@id\":\"https:\/\/vosgesinfo.fr\/remiremontinfo\/?p=79277#primaryimage\"},\"thumbnailUrl\":\"https:\/\/vosgesinfo.fr\/app\/uploads\/sites\/5\/2025\/03\/le-calice-.jpg\",\"datePublished\":\"2025-03-07T09:23:09+00:00\",\"dateModified\":\"2025-03-07T09:23:09+00:00\",\"breadcrumb\":{\"@id\":\"https:\/\/vosgesinfo.fr\/remiremontinfo\/?p=79277#breadcrumb\"},\"inLanguage\":\"fr-FR\",\"potentialAction\":[{\"@type\":\"ReadAction\",\"target\":[\"https:\/\/vosgesinfo.fr\/remiremontinfo\/?p=79277\"]}]},{\"@type\":\"ImageObject\",\"inLanguage\":\"fr-FR\",\"@id\":\"https:\/\/vosgesinfo.fr\/remiremontinfo\/?p=79277#primaryimage\",\"url\":\"https:\/\/vosgesinfo.fr\/app\/uploads\/sites\/5\/2025\/03\/le-calice-.jpg\",\"contentUrl\":\"https:\/\/vosgesinfo.fr\/app\/uploads\/sites\/5\/2025\/03\/le-calice-.jpg\",\"width\":2048,\"height\":2048,\"caption\":\"Photographie : Mairie de Saint-Maurice-sur-Moselle.\"},{\"@type\":\"BreadcrumbList\",\"@id\":\"https:\/\/vosgesinfo.fr\/remiremontinfo\/?p=79277#breadcrumb\",\"itemListElement\":[{\"@type\":\"ListItem\",\"position\":1,\"name\":\"Home\",\"item\":\"https:\/\/vosgesinfo.fr\/remiremontinfo\/\"},{\"@type\":\"ListItem\",\"position\":2,\"name\":\"Solidarit\u00e9 \u00e0 Saint-Maurice-sur-Moselle : le concert pr\u00e9vu par Le Calice maintenu malgr\u00e9 l\u2019incendie\"}]},{\"@type\":\"WebSite\",\"@id\":\"https:\/\/vosgesinfo.fr\/remiremontinfo\/#website\",\"url\":\"https:\/\/vosgesinfo.fr\/remiremontinfo\/\",\"name\":\"Remiremont Info\",\"description\":\"Toute l&#039;actualit\u00e9 de Remiremont\",\"publisher\":{\"@id\":\"https:\/\/vosgesinfo.fr\/remiremontinfo\/#organization\"},\"alternateName\":\"Toute l'actualit\u00e9 de Remiremont\",\"potentialAction\":[{\"@type\":\"SearchAction\",\"target\":{\"@type\":\"EntryPoint\",\"urlTemplate\":\"https:\/\/vosgesinfo.fr\/remiremontinfo\/?s={search_term_string}\"},\"query-input\":\"required name=search_term_string\"}],\"inLanguage\":\"fr-FR\"},{\"@type\":\"Organization\",\"@id\":\"https:\/\/vosgesinfo.fr\/remiremontinfo\/#organization\",\"name\":\"Remiremont Info\",\"url\":\"https:\/\/vosgesinfo.fr\/remiremontinfo\/\",\"logo\":{\"@type\":\"ImageObject\",\"inLanguage\":\"fr-FR\",\"@id\":\"https:\/\/vosgesinfo.fr\/remiremontinfo\/#\/schema\/logo\/image\/\",\"url\":\"https:\/\/vosgesinfo.fr\/app\/uploads\/sites\/5\/2023\/08\/favicon-remiremontinfo.png\",\"contentUrl\":\"https:\/\/vosgesinfo.fr\/app\/uploads\/sites\/5\/2023\/08\/favicon-remiremontinfo.png\",\"width\":512,\"height\":512,\"caption\":\"Remiremont Info\"},\"image\":{\"@id\":\"https:\/\/vosgesinfo.fr\/remiremontinfo\/#\/schema\/logo\/image\/\"},\"sameAs\":[\"https:\/\/www.facebook.com\/remiremontinfo\",\"https:\/\/x.com\/VosgesInfo88\",\"https:\/\/www.youtube.com\/@vosgesinfo\"]},{\"@type\":\"Person\",\"@id\":\"https:\/\/vosgesinfo.fr\/remiremontinfo\/#\/schema\/person\/4f38cd3068e342935b7304695c797d08\",\"name\":\"C.M\",\"image\":{\"@type\":\"ImageObject\",\"inLanguage\":\"fr-FR\",\"@id\":\"https:\/\/vosgesinfo.fr\/remiremontinfo\/#\/schema\/person\/image\/\",\"url\":\"https:\/\/secure.gravatar.com\/avatar\/fe9daaef0164d920717484172682f3c5c9bcf7d42aa8c7048c76c34f0eb6c8da?s=96&d=mm&r=g\",\"contentUrl\":\"https:\/\/secure.gravatar.com\/avatar\/fe9daaef0164d920717484172682f3c5c9bcf7d42aa8c7048c76c34f0eb6c8da?s=96&d=mm&r=g\",\"caption\":\"C.M\"},\"url\":\"https:\/\/vosgesinfo.fr\/remiremontinfo\/author\/cm88200\/\"}]}<\/script>\n<!-- \/ Yoast SEO plugin. -->","yoast_head_json":{"title":"Solidarit\u00e9 \u00e0 Saint-Maurice-sur-Moselle : le concert pr\u00e9vu par Le Calice maintenu malgr\u00e9 l\u2019incendie - Remiremont Info","robots":{"index":"index","follow":"follow","max-snippet":"max-snippet:-1","max-image-preview":"max-image-preview:large","max-video-preview":"max-video-preview:-1"},"canonical":"https:\/\/vosgesinfo.fr\/remiremontinfo\/?p=79277","twitter_card":"summary_large_image","twitter_title":"Solidarit\u00e9 \u00e0 Saint-Maurice-sur-Moselle : le concert pr\u00e9vu par Le Calice maintenu malgr\u00e9 l\u2019incendie - Remiremont Info","twitter_description":"Un bel \u00e9lan de solidarit\u00e9 s\u2019est rapidement mis en place apr\u00e8s l\u2019incendie du Bar Le Calice, survenu dans la nuit [&hellip;]","twitter_image":"https:\/\/vosgesinfo.fr\/app\/uploads\/sites\/5\/2025\/03\/le-calice-.jpg","twitter_creator":"@VosgesInfo88","twitter_site":"@VosgesInfo88","twitter_misc":{"\u00c9crit par":"C.M","Dur\u00e9e de lecture estim\u00e9e":"1 minute"},"schema":{"@context":"https:\/\/schema.org","@graph":[{"@type":"Article","@id":"https:\/\/vosgesinfo.fr\/remiremontinfo\/?p=79277#article","isPartOf":{"@id":"https:\/\/vosgesinfo.fr\/remiremontinfo\/?p=79277"},"author":{"name":"C.M","@id":"https:\/\/vosgesinfo.fr\/remiremontinfo\/#\/schema\/person\/4f38cd3068e342935b7304695c797d08"},"headline":"Solidarit\u00e9 \u00e0 Saint-Maurice-sur-Moselle : le concert pr\u00e9vu par Le Calice maintenu malgr\u00e9 l\u2019incendie","datePublished":"2025-03-07T09:23:09+00:00","dateModified":"2025-03-07T09:23:09+00:00","mainEntityOfPage":{"@id":"https:\/\/vosgesinfo.fr\/remiremontinfo\/?p=79277"},"wordCount":312,"commentCount":0,"publisher":{"@id":"https:\/\/vosgesinfo.fr\/remiremontinfo\/#organization"},"image":{"@id":"https:\/\/vosgesinfo.fr\/remiremontinfo\/?p=79277#primaryimage"},"thumbnailUrl":"https:\/\/vosgesinfo.fr\/app\/uploads\/sites\/5\/2025\/03\/le-calice-.jpg","keywords":["Comit\u00e9 des f\u00eates La Fourmili\u00e8re","Le Calice","saint-maurice-sur-moselle"],"articleSection":["A la Une","Agenda","Saint-Maurice\/Moselle","Solidarit\u00e9"],"inLanguage":"fr-FR","potentialAction":[{"@type":"CommentAction","name":"Comment","target":["https:\/\/vosgesinfo.fr\/remiremontinfo\/?p=79277#respond"]}]},{"@type":"WebPage","@id":"https:\/\/vosgesinfo.fr\/remiremontinfo\/?p=79277","url":"https:\/\/vosgesinfo.fr\/remiremontinfo\/?p=79277","name":"Solidarit\u00e9 \u00e0 Saint-Maurice-sur-Moselle : le concert pr\u00e9vu par Le Calice maintenu malgr\u00e9 l\u2019incendie - Remiremont Info","isPartOf":{"@id":"https:\/\/vosgesinfo.fr\/remiremontinfo\/#website"},"primaryImageOfPage":{"@id":"https:\/\/vosgesinfo.fr\/remiremontinfo\/?p=79277#primaryimage"},"image":{"@id":"https:\/\/vosgesinfo.fr\/remiremontinfo\/?p=79277#primaryimage"},"thumbnailUrl":"https:\/\/vosgesinfo.fr\/app\/uploads\/sites\/5\/2025\/03\/le-calice-.jpg","datePublished":"2025-03-07T09:23:09+00:00","dateModified":"2025-03-07T09:23:09+00:00","breadcrumb":{"@id":"https:\/\/vosgesinfo.fr\/remiremontinfo\/?p=79277#breadcrumb"},"inLanguage":"fr-FR","potentialAction":[{"@type":"ReadAction","target":["https:\/\/vosgesinfo.fr\/remiremontinfo\/?p=79277"]}]},{"@type":"ImageObject","inLanguage":"fr-FR","@id":"https:\/\/vosgesinfo.fr\/remiremontinfo\/?p=79277#primaryimage","url":"https:\/\/vosgesinfo.fr\/app\/uploads\/sites\/5\/2025\/03\/le-calice-.jpg","contentUrl":"https:\/\/vosgesinfo.fr\/app\/uploads\/sites\/5\/2025\/03\/le-calice-.jpg","width":2048,"height":2048,"caption":"Photographie : Mairie de Saint-Maurice-sur-Moselle."},{"@type":"BreadcrumbList","@id":"https:\/\/vosgesinfo.fr\/remiremontinfo\/?p=79277#breadcrumb","itemListElement":[{"@type":"ListItem","position":1,"name":"Home","item":"https:\/\/vosgesinfo.fr\/remiremontinfo\/"},{"@type":"ListItem","position":2,"name":"Solidarit\u00e9 \u00e0 Saint-Maurice-sur-Moselle : le concert pr\u00e9vu par Le Calice maintenu malgr\u00e9 l\u2019incendie"}]},{"@type":"WebSite","@id":"https:\/\/vosgesinfo.fr\/remiremontinfo\/#website","url":"https:\/\/vosgesinfo.fr\/remiremontinfo\/","name":"Remiremont Info","description":"Toute l&#039;actualit\u00e9 de Remiremont","publisher":{"@id":"https:\/\/vosgesinfo.fr\/remiremontinfo\/#organization"},"alternateName":"Toute l'actualit\u00e9 de Remiremont","potentialAction":[{"@type":"SearchAction","target":{"@type":"EntryPoint","urlTemplate":"https:\/\/vosgesinfo.fr\/remiremontinfo\/?s={search_term_string}"},"query-input":"required name=search_term_string"}],"inLanguage":"fr-FR"},{"@type":"Organization","@id":"https:\/\/vosgesinfo.fr\/remiremontinfo\/#organization","name":"Remiremont Info","url":"https:\/\/vosgesinfo.fr\/remiremontinfo\/","logo":{"@type":"ImageObject","inLanguage":"fr-FR","@id":"https:\/\/vosgesinfo.fr\/remiremontinfo\/#\/schema\/logo\/image\/","url":"https:\/\/vosgesinfo.fr\/app\/uploads\/sites\/5\/2023\/08\/favicon-remiremontinfo.png","contentUrl":"https:\/\/vosgesinfo.fr\/app\/uploads\/sites\/5\/2023\/08\/favicon-remiremontinfo.png","width":512,"height":512,"caption":"Remiremont Info"},"image":{"@id":"https:\/\/vosgesinfo.fr\/remiremontinfo\/#\/schema\/logo\/image\/"},"sameAs":["https:\/\/www.facebook.com\/remiremontinfo","https:\/\/x.com\/VosgesInfo88","https:\/\/www.youtube.com\/@vosgesinfo"]},{"@type":"Person","@id":"https:\/\/vosgesinfo.fr\/remiremontinfo\/#\/schema\/person\/4f38cd3068e342935b7304695c797d08","name":"C.M","image":{"@type":"ImageObject","inLanguage":"fr-FR","@id":"https:\/\/vosgesinfo.fr\/remiremontinfo\/#\/schema\/person\/image\/","url":"https:\/\/secure.gravatar.com\/avatar\/fe9daaef0164d920717484172682f3c5c9bcf7d42aa8c7048c76c34f0eb6c8da?s=96&d=mm&r=g","contentUrl":"https:\/\/secure.gravatar.com\/avatar\/fe9daaef0164d920717484172682f3c5c9bcf7d42aa8c7048c76c34f0eb6c8da?s=96&d=mm&r=g","caption":"C.M"},"url":"https:\/\/vosgesinfo.fr\/remiremontinfo\/author\/cm88200\/"}]}},"_links":{"self":[{"href":"https:\/\/vosgesinfo.fr\/remiremontinfo\/wp-json\/wp\/v2\/posts\/79277","targetHints":{"allow":["GET"]}}],"collection":[{"href":"https:\/\/vosgesinfo.fr\/remiremontinfo\/wp-json\/wp\/v2\/posts"}],"about":[{"href":"https:\/\/vosgesinfo.fr\/remiremontinfo\/wp-json\/wp\/v2\/types\/post"}],"author":[{"embeddable":true,"href":"https:\/\/vosgesinfo.fr\/remiremontinfo\/wp-json\/wp\/v2\/users\/418"}],"replies":[{"embeddable":true,"href":"https:\/\/vosgesinfo.fr\/remiremontinfo\/wp-json\/wp\/v2\/comments?post=79277"}],"version-history":[{"count":1,"href":"https:\/\/vosgesinfo.fr\/remiremontinfo\/wp-json\/wp\/v2\/posts\/79277\/revisions"}],"predecessor-version":[{"id":79280,"href":"https:\/\/vosgesinfo.fr\/remiremontinfo\/wp-json\/wp\/v2\/posts\/79277\/revisions\/79280"}],"wp:featuredmedia":[{"embeddable":true,"href":"https:\/\/vosgesinfo.fr\/remiremontinfo\/wp-json\/wp\/v2\/media\/79278"}],"wp:attachment":[{"href":"https:\/\/vosgesinfo.fr\/remiremontinfo\/wp-json\/wp\/v2\/media?parent=79277"}],"wp:term":[{"taxonomy":"category","embeddable":true,"href":"https:\/\/vosgesinfo.fr\/remiremontinfo\/wp-json\/wp\/v2\/categories?post=79277"},{"taxonomy":"post_tag","embeddable":true,"href":"https:\/\/vosgesinfo.fr\/remiremontinfo\/wp-json\/wp\/v2\/tags?post=79277"}],"curies":[{"name":"wp","href":"https:\/\/api.w.org\/{rel}","templated":true}]}}